{"id":20006,"date":"2024-08-13T01:28:29","date_gmt":"2024-08-13T01:28:29","guid":{"rendered":"https:\/\/www.valparaisocreativo.cl\/?p=20006"},"modified":"2024-08-13T01:28:50","modified_gmt":"2024-08-13T01:28:50","slug":"fondos-expo-sercotec-2024-region-de-valparaiso","status":"publish","type":"post","link":"https:\/\/dev.antudigital.cl\/sites\/vc\/fondos-expo-sercotec-2024-region-de-valparaiso\/","title":{"rendered":"Fondos: Expo Sercotec 2024 Regi\u00f3n de Valpara\u00edso"},"content":{"rendered":"\n<h3 class=\"wp-block-heading\">\u00bfQu\u00e9 es?<\/h3>\n\n\n\n<p>Esta actividad est\u00e1 orientada a micro y peque\u00f1as empresas (Mipes) que ya tienen productos que ofrecer, publicitar y vender. Su objetivo es estimular la competitividad de las Mipes a trav\u00e9s del acceso a un evento relevante de promoci\u00f3n y desarrollo comercial que se desarrollar\u00e1 en la comuna de Casablanca entre los d\u00edas 17 y 19 de septiembre de 2024.<\/p>\n\n\n\n<h3 class=\"wp-block-heading\">\u00bfQu\u00e9 apoyo entrega?<\/h3>\n\n\n\n<p>Se trata de un evento de exposici\u00f3n y comercializaci\u00f3n, que pone a disposici\u00f3n de los beneficiarios del programa, una vitrina que contribuye a la promoci\u00f3n y comercializaci\u00f3n de sus productos y\/o servicios, y a la generaci\u00f3n de relaciones de negocio. Se considera tambi\u00e9n un taller de vitrinismo y venta tendiente a aumentar la cartera de clientes de los expositores .<\/p>\n\n\n\n<h3 class=\"wp-block-heading\">\u00bfQui\u00e9nes pueden acceder?<\/h3>\n\n\n\n<p>Ser micro o peque\u00f1a empresa (Mipe), persona natural o jur\u00eddica, con inicio de actividades ante el SII (Servicio de Impuestos Internos) como contribuyente en primera categor\u00eda, y con ventas demostrables durante el per\u00edodo julio 2023 \u2013 junio 2024 iguales o superiores a 25 UF que est\u00e9n interesados en participar en actividad de comercializaci\u00f3n. Adem\u00e1s deben adjuntar a su postulaci\u00f3n todos los permisos asociados a su actividad, que tengan domicilio comercial y ejecuten su actividad empresarial en la Regi\u00f3n de Valpara\u00edso, que cuenten con giro comercial perteneciente o complementario al sector de la industria alimentaria, agroalimentaria, textil, artesan\u00eda, cosm\u00e9tica, entre otros. Quedan excluidas de esta convocatoria aquellas empresas que sean comercializadoras (reventa de productos).<\/p>\n\n\n\n<p><a href=\"https:\/\/www.sercotec.cl\/expo-sercotec-2024-region-de-valparaiso\/\"><strong>Revisa las bases y detalles aqu\u00ed<\/strong><\/a><\/p>\n","protected":false},"excerpt":{"rendered":"<p>\u00bfQu\u00e9 es? Esta actividad est\u00e1 orientada a micro y peque\u00f1as empresas (Mipes) que ya tienen productos que ofrecer, publicitar y vender. Su objetivo es estimular la competitividad de las Mipes a trav\u00e9s del acceso a un evento relevante de promoci\u00f3n y desarrollo comercial que se desarrollar\u00e1 en la comuna de Casablanca entre los d\u00edas 17 [&hellip;]<\/p>\n","protected":false},"author":1,"featured_media":20007,"comment_status":"closed","ping_status":"closed","sticky":false,"template":"","format":"standard","meta":{"_acf_changed":false,"footnotes":""},"categories":[8],"tags":[],"class_list":["post-20006","post","type-post","status-publish","format-standard","has-post-thumbnail","hentry","category-noticia"],"acf":[],"yoast_head":"<!-- This site is optimized with the Yoast SEO plugin v27.1.1 - https:\/\/yoast.com\/product\/yoast-seo-wordpress\/ -->\n<title>Fondos: Expo Sercotec 2024 Regi\u00f3n de Valpara\u00edso - Valpara\u00ed\u00adso Creativo<\/title>\n<meta name=\"robots\" content=\"index, follow, max-snippet:-1, max-image-preview:large, max-video-preview:-1\" \/>\n<link rel=\"canonical\" href=\"https:\/\/dev.antudigital.cl\/sites\/vc\/fondos-expo-sercotec-2024-region-de-valparaiso\/\" \/>\n<meta property=\"og:locale\" content=\"es_ES\" \/>\n<meta property=\"og:type\" content=\"article\" \/>\n<meta property=\"og:title\" content=\"Fondos: Expo Sercotec 2024 Regi\u00f3n de Valpara\u00edso - Valpara\u00ed\u00adso Creativo\" \/>\n<meta property=\"og:description\" content=\"\u00bfQu\u00e9 es? Esta actividad est\u00e1 orientada a micro y peque\u00f1as empresas (Mipes) que ya tienen productos que ofrecer, publicitar y vender. Su objetivo es estimular la competitividad de las Mipes a trav\u00e9s del acceso a un evento relevante de promoci\u00f3n y desarrollo comercial que se desarrollar\u00e1 en la comuna de Casablanca entre los d\u00edas 17 [&hellip;]\" \/>\n<meta property=\"og:url\" content=\"https:\/\/dev.antudigital.cl\/sites\/vc\/fondos-expo-sercotec-2024-region-de-valparaiso\/\" \/>\n<meta property=\"og:site_name\" content=\"Valpara\u00ed\u00adso Creativo\" \/>\n<meta property=\"article:published_time\" content=\"2024-08-13T01:28:29+00:00\" \/>\n<meta property=\"article:modified_time\" content=\"2024-08-13T01:28:50+00:00\" \/>\n<meta property=\"og:image\" content=\"https:\/\/dev.antudigital.cl\/sites\/vc\/wp-content\/uploads\/2024\/08\/Captura-de-Pantalla-2024-08-12-a-las-21.25.29.png\" \/>\n\t<meta property=\"og:image:width\" content=\"1071\" \/>\n\t<meta property=\"og:image:height\" content=\"142\" \/>\n\t<meta property=\"og:image:type\" content=\"image\/png\" \/>\n<meta name=\"author\" content=\"Valpara\u00edso Creativo\" \/>\n<meta name=\"twitter:card\" content=\"summary_large_image\" \/>\n<meta name=\"twitter:label1\" content=\"Escrito por\" \/>\n\t<meta name=\"twitter:data1\" content=\"Valpara\u00edso Creativo\" \/>\n\t<meta name=\"twitter:label2\" content=\"Tiempo de lectura\" \/>\n\t<meta name=\"twitter:data2\" content=\"2 minutos\" \/>\n<script type=\"application\/ld+json\" class=\"yoast-schema-graph\">{\"@context\":\"https:\/\/schema.org\",\"@graph\":[{\"@type\":\"Article\",\"@id\":\"https:\/\/dev.antudigital.cl\/sites\/vc\/fondos-expo-sercotec-2024-region-de-valparaiso\/#article\",\"isPartOf\":{\"@id\":\"https:\/\/dev.antudigital.cl\/sites\/vc\/fondos-expo-sercotec-2024-region-de-valparaiso\/\"},\"author\":{\"name\":\"Valpara\u00edso Creativo\",\"@id\":\"https:\/\/dev.antudigital.cl\/sites\/vc\/#\/schema\/person\/c2b9da8dd545e27166fc5ab232837318\"},\"headline\":\"Fondos: Expo Sercotec 2024 Regi\u00f3n de Valpara\u00edso\",\"datePublished\":\"2024-08-13T01:28:29+00:00\",\"dateModified\":\"2024-08-13T01:28:50+00:00\",\"mainEntityOfPage\":{\"@id\":\"https:\/\/dev.antudigital.cl\/sites\/vc\/fondos-expo-sercotec-2024-region-de-valparaiso\/\"},\"wordCount\":271,\"image\":{\"@id\":\"https:\/\/dev.antudigital.cl\/sites\/vc\/fondos-expo-sercotec-2024-region-de-valparaiso\/#primaryimage\"},\"thumbnailUrl\":\"https:\/\/dev.antudigital.cl\/sites\/vc\/wp-content\/uploads\/2024\/08\/Captura-de-Pantalla-2024-08-12-a-las-21.25.29.png\",\"articleSection\":[\"Noticia\"],\"inLanguage\":\"es\"},{\"@type\":\"WebPage\",\"@id\":\"https:\/\/dev.antudigital.cl\/sites\/vc\/fondos-expo-sercotec-2024-region-de-valparaiso\/\",\"url\":\"https:\/\/dev.antudigital.cl\/sites\/vc\/fondos-expo-sercotec-2024-region-de-valparaiso\/\",\"name\":\"Fondos: Expo Sercotec 2024 Regi\u00f3n de Valpara\u00edso - Valpara\u00ed\u00adso Creativo\",\"isPartOf\":{\"@id\":\"https:\/\/dev.antudigital.cl\/sites\/vc\/#website\"},\"primaryImageOfPage\":{\"@id\":\"https:\/\/dev.antudigital.cl\/sites\/vc\/fondos-expo-sercotec-2024-region-de-valparaiso\/#primaryimage\"},\"image\":{\"@id\":\"https:\/\/dev.antudigital.cl\/sites\/vc\/fondos-expo-sercotec-2024-region-de-valparaiso\/#primaryimage\"},\"thumbnailUrl\":\"https:\/\/dev.antudigital.cl\/sites\/vc\/wp-content\/uploads\/2024\/08\/Captura-de-Pantalla-2024-08-12-a-las-21.25.29.png\",\"datePublished\":\"2024-08-13T01:28:29+00:00\",\"dateModified\":\"2024-08-13T01:28:50+00:00\",\"author\":{\"@id\":\"https:\/\/dev.antudigital.cl\/sites\/vc\/#\/schema\/person\/c2b9da8dd545e27166fc5ab232837318\"},\"breadcrumb\":{\"@id\":\"https:\/\/dev.antudigital.cl\/sites\/vc\/fondos-expo-sercotec-2024-region-de-valparaiso\/#breadcrumb\"},\"inLanguage\":\"es\",\"potentialAction\":[{\"@type\":\"ReadAction\",\"target\":[\"https:\/\/dev.antudigital.cl\/sites\/vc\/fondos-expo-sercotec-2024-region-de-valparaiso\/\"]}]},{\"@type\":\"ImageObject\",\"inLanguage\":\"es\",\"@id\":\"https:\/\/dev.antudigital.cl\/sites\/vc\/fondos-expo-sercotec-2024-region-de-valparaiso\/#primaryimage\",\"url\":\"https:\/\/dev.antudigital.cl\/sites\/vc\/wp-content\/uploads\/2024\/08\/Captura-de-Pantalla-2024-08-12-a-las-21.25.29.png\",\"contentUrl\":\"https:\/\/dev.antudigital.cl\/sites\/vc\/wp-content\/uploads\/2024\/08\/Captura-de-Pantalla-2024-08-12-a-las-21.25.29.png\",\"width\":1071,\"height\":142},{\"@type\":\"BreadcrumbList\",\"@id\":\"https:\/\/dev.antudigital.cl\/sites\/vc\/fondos-expo-sercotec-2024-region-de-valparaiso\/#breadcrumb\",\"itemListElement\":[{\"@type\":\"ListItem\",\"position\":1,\"name\":\"Home\",\"item\":\"https:\/\/dev.antudigital.cl\/sites\/vc\/\"},{\"@type\":\"ListItem\",\"position\":2,\"name\":\"Fondos: Expo Sercotec 2024 Regi\u00f3n de Valpara\u00edso\"}]},{\"@type\":\"WebSite\",\"@id\":\"https:\/\/dev.antudigital.cl\/sites\/vc\/#website\",\"url\":\"https:\/\/dev.antudigital.cl\/sites\/vc\/\",\"name\":\"Valpara\u00ed\u00adso Creativo\",\"description\":\"\",\"potentialAction\":[{\"@type\":\"SearchAction\",\"target\":{\"@type\":\"EntryPoint\",\"urlTemplate\":\"https:\/\/dev.antudigital.cl\/sites\/vc\/?s={search_term_string}\"},\"query-input\":{\"@type\":\"PropertyValueSpecification\",\"valueRequired\":true,\"valueName\":\"search_term_string\"}}],\"inLanguage\":\"es\"},{\"@type\":\"Person\",\"@id\":\"https:\/\/dev.antudigital.cl\/sites\/vc\/#\/schema\/person\/c2b9da8dd545e27166fc5ab232837318\",\"name\":\"Valpara\u00edso Creativo\",\"description\":\"Periodista de cultura en la Regi\u00f3n de Valpara\u00edso.\",\"url\":\"https:\/\/dev.antudigital.cl\/sites\/vc\/author\/valpoadmin\/\"}]}<\/script>\n<!-- \/ Yoast SEO plugin. -->","yoast_head_json":{"title":"Fondos: Expo Sercotec 2024 Regi\u00f3n de Valpara\u00edso - Valpara\u00ed\u00adso Creativo","robots":{"index":"index","follow":"follow","max-snippet":"max-snippet:-1","max-image-preview":"max-image-preview:large","max-video-preview":"max-video-preview:-1"},"canonical":"https:\/\/dev.antudigital.cl\/sites\/vc\/fondos-expo-sercotec-2024-region-de-valparaiso\/","og_locale":"es_ES","og_type":"article","og_title":"Fondos: Expo Sercotec 2024 Regi\u00f3n de Valpara\u00edso - Valpara\u00ed\u00adso Creativo","og_description":"\u00bfQu\u00e9 es? Esta actividad est\u00e1 orientada a micro y peque\u00f1as empresas (Mipes) que ya tienen productos que ofrecer, publicitar y vender. Su objetivo es estimular la competitividad de las Mipes a trav\u00e9s del acceso a un evento relevante de promoci\u00f3n y desarrollo comercial que se desarrollar\u00e1 en la comuna de Casablanca entre los d\u00edas 17 [&hellip;]","og_url":"https:\/\/dev.antudigital.cl\/sites\/vc\/fondos-expo-sercotec-2024-region-de-valparaiso\/","og_site_name":"Valpara\u00ed\u00adso Creativo","article_published_time":"2024-08-13T01:28:29+00:00","article_modified_time":"2024-08-13T01:28:50+00:00","og_image":[{"width":1071,"height":142,"url":"https:\/\/dev.antudigital.cl\/sites\/vc\/wp-content\/uploads\/2024\/08\/Captura-de-Pantalla-2024-08-12-a-las-21.25.29.png","type":"image\/png"}],"author":"Valpara\u00edso Creativo","twitter_card":"summary_large_image","twitter_misc":{"Escrito por":"Valpara\u00edso Creativo","Tiempo de lectura":"2 minutos"},"schema":{"@context":"https:\/\/schema.org","@graph":[{"@type":"Article","@id":"https:\/\/dev.antudigital.cl\/sites\/vc\/fondos-expo-sercotec-2024-region-de-valparaiso\/#article","isPartOf":{"@id":"https:\/\/dev.antudigital.cl\/sites\/vc\/fondos-expo-sercotec-2024-region-de-valparaiso\/"},"author":{"name":"Valpara\u00edso Creativo","@id":"https:\/\/dev.antudigital.cl\/sites\/vc\/#\/schema\/person\/c2b9da8dd545e27166fc5ab232837318"},"headline":"Fondos: Expo Sercotec 2024 Regi\u00f3n de Valpara\u00edso","datePublished":"2024-08-13T01:28:29+00:00","dateModified":"2024-08-13T01:28:50+00:00","mainEntityOfPage":{"@id":"https:\/\/dev.antudigital.cl\/sites\/vc\/fondos-expo-sercotec-2024-region-de-valparaiso\/"},"wordCount":271,"image":{"@id":"https:\/\/dev.antudigital.cl\/sites\/vc\/fondos-expo-sercotec-2024-region-de-valparaiso\/#primaryimage"},"thumbnailUrl":"https:\/\/dev.antudigital.cl\/sites\/vc\/wp-content\/uploads\/2024\/08\/Captura-de-Pantalla-2024-08-12-a-las-21.25.29.png","articleSection":["Noticia"],"inLanguage":"es"},{"@type":"WebPage","@id":"https:\/\/dev.antudigital.cl\/sites\/vc\/fondos-expo-sercotec-2024-region-de-valparaiso\/","url":"https:\/\/dev.antudigital.cl\/sites\/vc\/fondos-expo-sercotec-2024-region-de-valparaiso\/","name":"Fondos: Expo Sercotec 2024 Regi\u00f3n de Valpara\u00edso - Valpara\u00ed\u00adso Creativo","isPartOf":{"@id":"https:\/\/dev.antudigital.cl\/sites\/vc\/#website"},"primaryImageOfPage":{"@id":"https:\/\/dev.antudigital.cl\/sites\/vc\/fondos-expo-sercotec-2024-region-de-valparaiso\/#primaryimage"},"image":{"@id":"https:\/\/dev.antudigital.cl\/sites\/vc\/fondos-expo-sercotec-2024-region-de-valparaiso\/#primaryimage"},"thumbnailUrl":"https:\/\/dev.antudigital.cl\/sites\/vc\/wp-content\/uploads\/2024\/08\/Captura-de-Pantalla-2024-08-12-a-las-21.25.29.png","datePublished":"2024-08-13T01:28:29+00:00","dateModified":"2024-08-13T01:28:50+00:00","author":{"@id":"https:\/\/dev.antudigital.cl\/sites\/vc\/#\/schema\/person\/c2b9da8dd545e27166fc5ab232837318"},"breadcrumb":{"@id":"https:\/\/dev.antudigital.cl\/sites\/vc\/fondos-expo-sercotec-2024-region-de-valparaiso\/#breadcrumb"},"inLanguage":"es","potentialAction":[{"@type":"ReadAction","target":["https:\/\/dev.antudigital.cl\/sites\/vc\/fondos-expo-sercotec-2024-region-de-valparaiso\/"]}]},{"@type":"ImageObject","inLanguage":"es","@id":"https:\/\/dev.antudigital.cl\/sites\/vc\/fondos-expo-sercotec-2024-region-de-valparaiso\/#primaryimage","url":"https:\/\/dev.antudigital.cl\/sites\/vc\/wp-content\/uploads\/2024\/08\/Captura-de-Pantalla-2024-08-12-a-las-21.25.29.png","contentUrl":"https:\/\/dev.antudigital.cl\/sites\/vc\/wp-content\/uploads\/2024\/08\/Captura-de-Pantalla-2024-08-12-a-las-21.25.29.png","width":1071,"height":142},{"@type":"BreadcrumbList","@id":"https:\/\/dev.antudigital.cl\/sites\/vc\/fondos-expo-sercotec-2024-region-de-valparaiso\/#breadcrumb","itemListElement":[{"@type":"ListItem","position":1,"name":"Home","item":"https:\/\/dev.antudigital.cl\/sites\/vc\/"},{"@type":"ListItem","position":2,"name":"Fondos: Expo Sercotec 2024 Regi\u00f3n de Valpara\u00edso"}]},{"@type":"WebSite","@id":"https:\/\/dev.antudigital.cl\/sites\/vc\/#website","url":"https:\/\/dev.antudigital.cl\/sites\/vc\/","name":"Valpara\u00ed\u00adso Creativo","description":"","potentialAction":[{"@type":"SearchAction","target":{"@type":"EntryPoint","urlTemplate":"https:\/\/dev.antudigital.cl\/sites\/vc\/?s={search_term_string}"},"query-input":{"@type":"PropertyValueSpecification","valueRequired":true,"valueName":"search_term_string"}}],"inLanguage":"es"},{"@type":"Person","@id":"https:\/\/dev.antudigital.cl\/sites\/vc\/#\/schema\/person\/c2b9da8dd545e27166fc5ab232837318","name":"Valpara\u00edso Creativo","description":"Periodista de cultura en la Regi\u00f3n de Valpara\u00edso.","url":"https:\/\/dev.antudigital.cl\/sites\/vc\/author\/valpoadmin\/"}]}},"_links":{"self":[{"href":"https:\/\/dev.antudigital.cl\/sites\/vc\/wp-json\/wp\/v2\/posts\/20006","targetHints":{"allow":["GET"]}}],"collection":[{"href":"https:\/\/dev.antudigital.cl\/sites\/vc\/wp-json\/wp\/v2\/posts"}],"about":[{"href":"https:\/\/dev.antudigital.cl\/sites\/vc\/wp-json\/wp\/v2\/types\/post"}],"author":[{"embeddable":true,"href":"https:\/\/dev.antudigital.cl\/sites\/vc\/wp-json\/wp\/v2\/users\/1"}],"replies":[{"embeddable":true,"href":"https:\/\/dev.antudigital.cl\/sites\/vc\/wp-json\/wp\/v2\/comments?post=20006"}],"version-history":[{"count":1,"href":"https:\/\/dev.antudigital.cl\/sites\/vc\/wp-json\/wp\/v2\/posts\/20006\/revisions"}],"predecessor-version":[{"id":20008,"href":"https:\/\/dev.antudigital.cl\/sites\/vc\/wp-json\/wp\/v2\/posts\/20006\/revisions\/20008"}],"wp:featuredmedia":[{"embeddable":true,"href":"https:\/\/dev.antudigital.cl\/sites\/vc\/wp-json\/wp\/v2\/media\/20007"}],"wp:attachment":[{"href":"https:\/\/dev.antudigital.cl\/sites\/vc\/wp-json\/wp\/v2\/media?parent=20006"}],"wp:term":[{"taxonomy":"category","embeddable":true,"href":"https:\/\/dev.antudigital.cl\/sites\/vc\/wp-json\/wp\/v2\/categories?post=20006"},{"taxonomy":"post_tag","embeddable":true,"href":"https:\/\/dev.antudigital.cl\/sites\/vc\/wp-json\/wp\/v2\/tags?post=20006"}],"curies":[{"name":"wp","href":"https:\/\/api.w.org\/{rel}","templated":true}]}}