{"id":20009,"date":"2024-08-13T01:35:13","date_gmt":"2024-08-13T01:35:13","guid":{"rendered":"https:\/\/www.valparaisocreativo.cl\/?p=20009"},"modified":"2024-08-13T15:55:37","modified_gmt":"2024-08-13T15:55:37","slug":"tres-decadas-de-musica-sin-pausa-llegan-a-valparaiso","status":"publish","type":"post","link":"https:\/\/dev.antudigital.cl\/sites\/vc\/tres-decadas-de-musica-sin-pausa-llegan-a-valparaiso\/","title":{"rendered":"Tres d\u00e9cadas de m\u00fasica sin pausa llegan a Valpara\u00edso"},"content":{"rendered":"\n<p>30 a\u00f1os lleva Lucybell haciendo m\u00fasica, siendo una de las bandas contempor\u00e1neas m\u00e1s emblem\u00e1ticas de Chile. En el marco de esa celebraci\u00f3n, crearon \u201cSesi\u00f3n 3000\u201d, una propuesta de gira en algunas ciudades del pa\u00eds que generan un hito en su carrera. Llevan unas semanas en este ruedo, que los trae por Valpara\u00edso el pr\u00f3ximo 24 y 25 de agosto al Teatro del Parque Cultural de Valpara\u00edso a presentarse con lo mejor de su repertorio y algunos temas nuevos que descubriremos en el evento.<\/p>\n\n\n\n<p>Conversamos con su bajista, Eduardo Caces, sobre las peripecias que les ha brindado la vida y c\u00f3mo se proyecta este show en nuestra ciudad:<\/p>\n\n\n\n<ul class=\"wp-block-list\">\n<li><strong>Primero quer\u00eda saber un poco sobre la relaci\u00f3n de la banda con Valpara\u00edso y las veces que han venido a tocar. Ahora, m\u00e1s encima, se sum\u00f3 una nueva fecha. Entonces, \u00bfqu\u00e9 piensan de eso y de la ciudad puerto?&nbsp;<\/strong><\/li>\n<\/ul>\n\n\n\n<p>&#8211; Haciendo un recorrido r\u00e1pido, en alg\u00fan tiempo ve\u00edamos mucho, ten\u00edamos en unos a\u00f1os el h\u00e1bito peri\u00f3dico de venir a tocar a Valpara\u00edso. Con la cercan\u00eda con Santiago parecer\u00eda que no hay tanta diferencia en la experiencia, pero s\u00ed la hay, lo que queda claro con este nuevo show que se agreg\u00f3 el 24 de agosto.&nbsp;<\/p>\n\n\n\n<p>Hay muchos fan\u00e1ticos, con quienes hacemos presencia mutua y eso nos llena de orgullo. Nunca ha fallado ese p\u00fablico en la ciudad puerto. Entonces, estamos agradecidos. Esta sesi\u00f3n 3000 que se corona en Valpara\u00edso, de una manera in\u00e9dita tambi\u00e9n, por el hecho de que se suma una fecha m\u00e1s. La convocatoria nos sorprende, ya que eso habla muy bien de la salud de la banda.&nbsp;<\/p>\n\n\n\n<p>En esta Sesi\u00f3n 3000 estamos estrenando canciones nuevas, cuatro temas. Eso estamos haciendo con mucha energ\u00eda, con el power que tiene la banda, con una puesta en escena muy entretenida y vistosa para que la gente lo pase bien, y est\u00e9 sumergida en estos shows.<\/p>\n\n\n\n<ul class=\"wp-block-list\">\n<li><strong>Otra cosa, tomando esto de la gira, \u00bfc\u00f3mo se siente estar de gira tanto tiempo, quiero decir, todos estos a\u00f1os en las m\u00faltiples oportunidades que han tenido?. \u00bfC\u00f3mo es esa experiencia? Cu\u00e9ntame un poco m\u00e1s.&nbsp;<\/strong><\/li>\n<\/ul>\n\n\n\n<p>&#8211; Buena pregunta. La verdad es que es como un show continuo. Tenemos un calendario de trabajo, de conciertos, que usualmente son en el verano o a mitad de a\u00f1o. Esta gira tan extensa y en invierno, lo que baja un poco esa intensidad, a\u00fan teniendo una muy buena respuesta.<\/p>\n\n\n\n<p>Es una constante de estar tocando, pero al mismo tiempo cuando empiezas a levantar la vista, a ver los lugares, los espacios, le va dando un sabor, una cualidad \u00fanica, cada fecha es un momento \u00fanico. Estuvimos tocando un par de semanas atr\u00e1s en el Teatro Municipal de Santiago, lo que est\u00e1bamos preparando desde el a\u00f1o pasado en M\u00e9xico. Naci\u00f3 en una reuni\u00f3n de almuerzo, casi como una broma, y pas\u00f3. Supongo que lo vertiginoso que tiene esta vida es que te preparas an\u00edmicamente para poder estar bien, para tocar bien, verte bien, preparar todo.&nbsp;<\/p>\n\n\n\n<p>De alguna manera todo se envuelve en torno a la gira, es un espacio en el cual tienes que estar de lleno, en mi caso con el instrumento colgado, y darle con todo. Hay que estar preparado, dar entrevistas, aut\u00f3grafos, sacarse fotos, responder, ser amable, y saber que despu\u00e9s que esto termina hay que continuar, y prepararse de una forma r\u00e1pida para lo siguiente.<\/p>\n\n\n\n<figure class=\"wp-block-image size-large\"><img fetchpriority=\"high\" decoding=\"async\" width=\"1024\" height=\"1024\" src=\"https:\/\/www.valparaisocreativo.cl\/wp-content\/uploads\/2024\/08\/Lucybell-1024x1024.jpg\" alt=\"\" class=\"wp-image-20011\" srcset=\"https:\/\/dev.antudigital.cl\/sites\/vc\/wp-content\/uploads\/2024\/08\/Lucybell-1024x1024.jpg 1024w, https:\/\/dev.antudigital.cl\/sites\/vc\/wp-content\/uploads\/2024\/08\/Lucybell-300x300.jpg 300w, https:\/\/dev.antudigital.cl\/sites\/vc\/wp-content\/uploads\/2024\/08\/Lucybell-150x150.jpg 150w, https:\/\/dev.antudigital.cl\/sites\/vc\/wp-content\/uploads\/2024\/08\/Lucybell-768x768.jpg 768w, https:\/\/dev.antudigital.cl\/sites\/vc\/wp-content\/uploads\/2024\/08\/Lucybell-980x980.jpg 980w, https:\/\/dev.antudigital.cl\/sites\/vc\/wp-content\/uploads\/2024\/08\/Lucybell-480x480.jpg 480w, https:\/\/dev.antudigital.cl\/sites\/vc\/wp-content\/uploads\/2024\/08\/Lucybell-24x24.jpg 24w, https:\/\/dev.antudigital.cl\/sites\/vc\/wp-content\/uploads\/2024\/08\/Lucybell-36x36.jpg 36w, https:\/\/dev.antudigital.cl\/sites\/vc\/wp-content\/uploads\/2024\/08\/Lucybell-48x48.jpg 48w, https:\/\/dev.antudigital.cl\/sites\/vc\/wp-content\/uploads\/2024\/08\/Lucybell.jpg 1080w\" sizes=\"(max-width: 1024px) 100vw, 1024px\" \/><\/figure>\n\n\n\n<ul class=\"wp-block-list\">\n<li><strong>Sobre lo que est\u00e1s hablando, \u00bfCu\u00e1l es quiz\u00e1s, en tu experiencia personal, el mayor desaf\u00edo de todos estos a\u00f1os como banda haciendo m\u00fasica? Han tenido una gran carrera en verdad, pero es un sector que muchas veces es complicado. Entonces, \u00bfc\u00f3mo que es lo que ha sido m\u00e1s desafiante?&nbsp;<\/strong><\/li>\n<\/ul>\n\n\n\n<p>&#8211; Indudablemente, las relaciones humanas tienen que estar muy bien. Cada uno tiene su car\u00e1cter, su forma de ser, su educaci\u00f3n, somos distintos, pero siempre hay un punto en com\u00fan, y creo que eso de las relaciones humanas sin duda es lo m\u00e1s desafiante.&nbsp;<\/p>\n\n\n\n<p>En este sentido, nos conocemos hace muchos a\u00f1os, trabajando hace mucho tiempo juntos, y eso te hace tener la cabeza fr\u00eda. Hay momentos que son un poco m\u00e1s de poner a prueba el temple, creo que ah\u00ed es donde hay que tener esa sabidur\u00eda que nos ha dado los a\u00f1os. Todo lo que tenemos: amigos, equipo, Lucybell Crew es muy valioso, todo eso hay que ponderarlo en los momentos malos. Creo que, estando en una banda, hay que siempre perseguir el bien com\u00fan, y eso hay que mantenerlo. Eso es lo que le ha dado tambi\u00e9n a la banda en estos treinta y tantos a\u00f1os, permitiendo avanzar en las buenas y en las malas. Siempre es una apuesta, un desaf\u00edo, de alguna manera se encarga ese desaf\u00edo de mostrarte un camino para que le pongas algo nuevo que te lleva a nuevos resultados, y eso creo que se ve en esa presentaci\u00f3n en vivo.<\/p>\n\n\n\n<ul class=\"wp-block-list\">\n<li><strong>Lo \u00faltimo es, hemos hablado de qu\u00e9 significaba este momento en que est\u00e1n en gira, bueno, me dec\u00edas que estaban con su repertorio, con canciones nuevas, entonces quiero saber en qu\u00e9 momento se encuentran como banda, si est\u00e1n trabajando en algo futuro.<\/strong><\/li>\n<\/ul>\n\n\n\n<p>&#8211; Sobre las cuatro canciones que te mencionaba, nos reunimos a principios de abril y pretend\u00edamos con mucha suerte tener una, pero estuvimos muy concentrados, con mucha energ\u00eda acumulada y resultaron diez canciones que quedaron hechas. De esas elegimos cuatro que nos representan en este minuto, que nos hicieron m\u00e1s sentido, y las presentamos en esta excusa de sesi\u00f3n 3000, como lo hemos hecho en anteriores sesiones, donde nos gusta tener nuevo material en vivo.<\/p>\n\n\n\n<p>Eso alent\u00f3 mucho a la banda al momento en que estamos, de llenarse con una buena energ\u00eda en el sentido creativo. Sin lugar a dudas que ese respeto que existe de la fanaticada hacia la banda, gener\u00f3 una aceptaci\u00f3n espont\u00e1nea. Trataban de seguir las canciones para sentirse parte de lo que pasa<\/p>\n\n\n\n<p>Volviendo a tu pregunta, ahora el tiempo se siente de una manera diferente. Miras para atr\u00e1s y no es que tengas un disco o dos, sino que hay muchas historias, muchos conciertos, muchos viajes, y eso da una sensaci\u00f3n de la abundancia del paso del tiempo, y de que tambi\u00e9n &#8211; de alguna manera &#8211; las cosas se han hecho bien, hemos sido honestos con nuestra m\u00fasica, por ende le llega de esa forma a la gente que la escucha y que la sigue.&nbsp;<\/p>\n\n\n\n<p>Creo que el gran premio, si lo puedo ver as\u00ed, es que despu\u00e9s de la pandemia, hemos visto chicos, ni\u00f1itos de menos de 10 a\u00f1os o ni\u00f1itas que van a los conciertos con sus pap\u00e1s, y de alguna manera es la magia de la m\u00fasica. Es ese lenguaje que conecta. Esos mini fans que tenemos, ya con haber visto a la banda, pueden querer dedicarse a esto, como m\u00fasico, ingeniero, t\u00e9cnico, iluminador, trabajar en un teatro, trabajar en el entretenimiento, lo que es un gran logro. M\u00e1s de alguno tiene que haber quedado impresionado con la energ\u00eda de \u201clos t\u00edos\u201d. Eso es muy entretenido, creo que ese es el gran momento de la banda, el poder alzar la vista y ver al p\u00fablico diverso disfrutando de la m\u00fasica.<\/p>\n\n\n\n<p><a href=\"https:\/\/www.passline.com\/eventos-plano\/lucybell-sesion-3000-valparaiso-261481\">Consigue tus entradas para el 24 de agosto aqu\u00ed.<\/a><\/p>\n","protected":false},"excerpt":{"rendered":"<p>30 a\u00f1os lleva Lucybell haciendo m\u00fasica, siendo una de las bandas contempor\u00e1neas m\u00e1s emblem\u00e1ticas de Chile. En el marco de esa celebraci\u00f3n, crearon \u201cSesi\u00f3n 3000\u201d, una propuesta de gira en algunas ciudades del pa\u00eds que generan un hito en su carrera. Llevan unas semanas en este ruedo, que los trae por Valpara\u00edso el pr\u00f3ximo 24 [&hellip;]<\/p>\n","protected":false},"author":1,"featured_media":20010,"comment_status":"closed","ping_status":"closed","sticky":false,"template":"","format":"standard","meta":{"_acf_changed":false,"footnotes":""},"categories":[218],"tags":[],"class_list":["post-20009","post","type-post","status-publish","format-standard","has-post-thumbnail","hentry","category-blog"],"acf":[],"yoast_head":"<!-- This site is optimized with the Yoast SEO plugin v27.1.1 - https:\/\/yoast.com\/product\/yoast-seo-wordpress\/ -->\n<title>Tres d\u00e9cadas de m\u00fasica sin pausa llegan a Valpara\u00edso - Valpara\u00ed\u00adso Creativo<\/title>\n<meta name=\"robots\" content=\"index, follow, max-snippet:-1, max-image-preview:large, max-video-preview:-1\" \/>\n<link rel=\"canonical\" href=\"https:\/\/dev.antudigital.cl\/sites\/vc\/tres-decadas-de-musica-sin-pausa-llegan-a-valparaiso\/\" \/>\n<meta property=\"og:locale\" content=\"es_ES\" \/>\n<meta property=\"og:type\" content=\"article\" \/>\n<meta property=\"og:title\" content=\"Tres d\u00e9cadas de m\u00fasica sin pausa llegan a Valpara\u00edso - Valpara\u00ed\u00adso Creativo\" \/>\n<meta property=\"og:description\" content=\"30 a\u00f1os lleva Lucybell haciendo m\u00fasica, siendo una de las bandas contempor\u00e1neas m\u00e1s emblem\u00e1ticas de Chile. En el marco de esa celebraci\u00f3n, crearon \u201cSesi\u00f3n 3000\u201d, una propuesta de gira en algunas ciudades del pa\u00eds que generan un hito en su carrera. Llevan unas semanas en este ruedo, que los trae por Valpara\u00edso el pr\u00f3ximo 24 [&hellip;]\" \/>\n<meta property=\"og:url\" content=\"https:\/\/dev.antudigital.cl\/sites\/vc\/tres-decadas-de-musica-sin-pausa-llegan-a-valparaiso\/\" \/>\n<meta property=\"og:site_name\" content=\"Valpara\u00ed\u00adso Creativo\" \/>\n<meta property=\"article:published_time\" content=\"2024-08-13T01:35:13+00:00\" \/>\n<meta property=\"article:modified_time\" content=\"2024-08-13T15:55:37+00:00\" \/>\n<meta property=\"og:image\" content=\"https:\/\/dev.antudigital.cl\/sites\/vc\/wp-content\/uploads\/2024\/08\/unnamed-1024x682.png\" \/>\n\t<meta property=\"og:image:width\" content=\"1024\" \/>\n\t<meta property=\"og:image:height\" content=\"682\" \/>\n\t<meta property=\"og:image:type\" content=\"image\/png\" \/>\n<meta name=\"author\" content=\"Valpara\u00edso Creativo\" \/>\n<meta name=\"twitter:card\" content=\"summary_large_image\" \/>\n<meta name=\"twitter:label1\" content=\"Escrito por\" \/>\n\t<meta name=\"twitter:data1\" content=\"Valpara\u00edso Creativo\" \/>\n\t<meta name=\"twitter:label2\" content=\"Tiempo de lectura\" \/>\n\t<meta name=\"twitter:data2\" content=\"6 minutos\" \/>\n<script type=\"application\/ld+json\" class=\"yoast-schema-graph\">{\"@context\":\"https:\/\/schema.org\",\"@graph\":[{\"@type\":\"Article\",\"@id\":\"https:\/\/dev.antudigital.cl\/sites\/vc\/tres-decadas-de-musica-sin-pausa-llegan-a-valparaiso\/#article\",\"isPartOf\":{\"@id\":\"https:\/\/dev.antudigital.cl\/sites\/vc\/tres-decadas-de-musica-sin-pausa-llegan-a-valparaiso\/\"},\"author\":{\"name\":\"Valpara\u00edso Creativo\",\"@id\":\"https:\/\/dev.antudigital.cl\/sites\/vc\/#\/schema\/person\/c2b9da8dd545e27166fc5ab232837318\"},\"headline\":\"Tres d\u00e9cadas de m\u00fasica sin pausa llegan a Valpara\u00edso\",\"datePublished\":\"2024-08-13T01:35:13+00:00\",\"dateModified\":\"2024-08-13T15:55:37+00:00\",\"mainEntityOfPage\":{\"@id\":\"https:\/\/dev.antudigital.cl\/sites\/vc\/tres-decadas-de-musica-sin-pausa-llegan-a-valparaiso\/\"},\"wordCount\":1305,\"image\":{\"@id\":\"https:\/\/dev.antudigital.cl\/sites\/vc\/tres-decadas-de-musica-sin-pausa-llegan-a-valparaiso\/#primaryimage\"},\"thumbnailUrl\":\"https:\/\/dev.antudigital.cl\/sites\/vc\/wp-content\/uploads\/2024\/08\/unnamed.png\",\"articleSection\":[\"Blog\"],\"inLanguage\":\"es\"},{\"@type\":\"WebPage\",\"@id\":\"https:\/\/dev.antudigital.cl\/sites\/vc\/tres-decadas-de-musica-sin-pausa-llegan-a-valparaiso\/\",\"url\":\"https:\/\/dev.antudigital.cl\/sites\/vc\/tres-decadas-de-musica-sin-pausa-llegan-a-valparaiso\/\",\"name\":\"Tres d\u00e9cadas de m\u00fasica sin pausa llegan a Valpara\u00edso - Valpara\u00ed\u00adso Creativo\",\"isPartOf\":{\"@id\":\"https:\/\/dev.antudigital.cl\/sites\/vc\/#website\"},\"primaryImageOfPage\":{\"@id\":\"https:\/\/dev.antudigital.cl\/sites\/vc\/tres-decadas-de-musica-sin-pausa-llegan-a-valparaiso\/#primaryimage\"},\"image\":{\"@id\":\"https:\/\/dev.antudigital.cl\/sites\/vc\/tres-decadas-de-musica-sin-pausa-llegan-a-valparaiso\/#primaryimage\"},\"thumbnailUrl\":\"https:\/\/dev.antudigital.cl\/sites\/vc\/wp-content\/uploads\/2024\/08\/unnamed.png\",\"datePublished\":\"2024-08-13T01:35:13+00:00\",\"dateModified\":\"2024-08-13T15:55:37+00:00\",\"author\":{\"@id\":\"https:\/\/dev.antudigital.cl\/sites\/vc\/#\/schema\/person\/c2b9da8dd545e27166fc5ab232837318\"},\"breadcrumb\":{\"@id\":\"https:\/\/dev.antudigital.cl\/sites\/vc\/tres-decadas-de-musica-sin-pausa-llegan-a-valparaiso\/#breadcrumb\"},\"inLanguage\":\"es\",\"potentialAction\":[{\"@type\":\"ReadAction\",\"target\":[\"https:\/\/dev.antudigital.cl\/sites\/vc\/tres-decadas-de-musica-sin-pausa-llegan-a-valparaiso\/\"]}]},{\"@type\":\"ImageObject\",\"inLanguage\":\"es\",\"@id\":\"https:\/\/dev.antudigital.cl\/sites\/vc\/tres-decadas-de-musica-sin-pausa-llegan-a-valparaiso\/#primaryimage\",\"url\":\"https:\/\/dev.antudigital.cl\/sites\/vc\/wp-content\/uploads\/2024\/08\/unnamed.png\",\"contentUrl\":\"https:\/\/dev.antudigital.cl\/sites\/vc\/wp-content\/uploads\/2024\/08\/unnamed.png\",\"width\":2698,\"height\":1796},{\"@type\":\"BreadcrumbList\",\"@id\":\"https:\/\/dev.antudigital.cl\/sites\/vc\/tres-decadas-de-musica-sin-pausa-llegan-a-valparaiso\/#breadcrumb\",\"itemListElement\":[{\"@type\":\"ListItem\",\"position\":1,\"name\":\"Home\",\"item\":\"https:\/\/dev.antudigital.cl\/sites\/vc\/\"},{\"@type\":\"ListItem\",\"position\":2,\"name\":\"Tres d\u00e9cadas de m\u00fasica sin pausa llegan a Valpara\u00edso\"}]},{\"@type\":\"WebSite\",\"@id\":\"https:\/\/dev.antudigital.cl\/sites\/vc\/#website\",\"url\":\"https:\/\/dev.antudigital.cl\/sites\/vc\/\",\"name\":\"Valpara\u00ed\u00adso Creativo\",\"description\":\"\",\"potentialAction\":[{\"@type\":\"SearchAction\",\"target\":{\"@type\":\"EntryPoint\",\"urlTemplate\":\"https:\/\/dev.antudigital.cl\/sites\/vc\/?s={search_term_string}\"},\"query-input\":{\"@type\":\"PropertyValueSpecification\",\"valueRequired\":true,\"valueName\":\"search_term_string\"}}],\"inLanguage\":\"es\"},{\"@type\":\"Person\",\"@id\":\"https:\/\/dev.antudigital.cl\/sites\/vc\/#\/schema\/person\/c2b9da8dd545e27166fc5ab232837318\",\"name\":\"Valpara\u00edso Creativo\",\"description\":\"Periodista de cultura en la Regi\u00f3n de Valpara\u00edso.\",\"url\":\"https:\/\/dev.antudigital.cl\/sites\/vc\/author\/valpoadmin\/\"}]}<\/script>\n<!-- \/ Yoast SEO plugin. -->","yoast_head_json":{"title":"Tres d\u00e9cadas de m\u00fasica sin pausa llegan a Valpara\u00edso - Valpara\u00ed\u00adso Creativo","robots":{"index":"index","follow":"follow","max-snippet":"max-snippet:-1","max-image-preview":"max-image-preview:large","max-video-preview":"max-video-preview:-1"},"canonical":"https:\/\/dev.antudigital.cl\/sites\/vc\/tres-decadas-de-musica-sin-pausa-llegan-a-valparaiso\/","og_locale":"es_ES","og_type":"article","og_title":"Tres d\u00e9cadas de m\u00fasica sin pausa llegan a Valpara\u00edso - Valpara\u00ed\u00adso Creativo","og_description":"30 a\u00f1os lleva Lucybell haciendo m\u00fasica, siendo una de las bandas contempor\u00e1neas m\u00e1s emblem\u00e1ticas de Chile. En el marco de esa celebraci\u00f3n, crearon \u201cSesi\u00f3n 3000\u201d, una propuesta de gira en algunas ciudades del pa\u00eds que generan un hito en su carrera. Llevan unas semanas en este ruedo, que los trae por Valpara\u00edso el pr\u00f3ximo 24 [&hellip;]","og_url":"https:\/\/dev.antudigital.cl\/sites\/vc\/tres-decadas-de-musica-sin-pausa-llegan-a-valparaiso\/","og_site_name":"Valpara\u00ed\u00adso Creativo","article_published_time":"2024-08-13T01:35:13+00:00","article_modified_time":"2024-08-13T15:55:37+00:00","og_image":[{"width":1024,"height":682,"url":"https:\/\/dev.antudigital.cl\/sites\/vc\/wp-content\/uploads\/2024\/08\/unnamed-1024x682.png","type":"image\/png"}],"author":"Valpara\u00edso Creativo","twitter_card":"summary_large_image","twitter_misc":{"Escrito por":"Valpara\u00edso Creativo","Tiempo de lectura":"6 minutos"},"schema":{"@context":"https:\/\/schema.org","@graph":[{"@type":"Article","@id":"https:\/\/dev.antudigital.cl\/sites\/vc\/tres-decadas-de-musica-sin-pausa-llegan-a-valparaiso\/#article","isPartOf":{"@id":"https:\/\/dev.antudigital.cl\/sites\/vc\/tres-decadas-de-musica-sin-pausa-llegan-a-valparaiso\/"},"author":{"name":"Valpara\u00edso Creativo","@id":"https:\/\/dev.antudigital.cl\/sites\/vc\/#\/schema\/person\/c2b9da8dd545e27166fc5ab232837318"},"headline":"Tres d\u00e9cadas de m\u00fasica sin pausa llegan a Valpara\u00edso","datePublished":"2024-08-13T01:35:13+00:00","dateModified":"2024-08-13T15:55:37+00:00","mainEntityOfPage":{"@id":"https:\/\/dev.antudigital.cl\/sites\/vc\/tres-decadas-de-musica-sin-pausa-llegan-a-valparaiso\/"},"wordCount":1305,"image":{"@id":"https:\/\/dev.antudigital.cl\/sites\/vc\/tres-decadas-de-musica-sin-pausa-llegan-a-valparaiso\/#primaryimage"},"thumbnailUrl":"https:\/\/dev.antudigital.cl\/sites\/vc\/wp-content\/uploads\/2024\/08\/unnamed.png","articleSection":["Blog"],"inLanguage":"es"},{"@type":"WebPage","@id":"https:\/\/dev.antudigital.cl\/sites\/vc\/tres-decadas-de-musica-sin-pausa-llegan-a-valparaiso\/","url":"https:\/\/dev.antudigital.cl\/sites\/vc\/tres-decadas-de-musica-sin-pausa-llegan-a-valparaiso\/","name":"Tres d\u00e9cadas de m\u00fasica sin pausa llegan a Valpara\u00edso - Valpara\u00ed\u00adso Creativo","isPartOf":{"@id":"https:\/\/dev.antudigital.cl\/sites\/vc\/#website"},"primaryImageOfPage":{"@id":"https:\/\/dev.antudigital.cl\/sites\/vc\/tres-decadas-de-musica-sin-pausa-llegan-a-valparaiso\/#primaryimage"},"image":{"@id":"https:\/\/dev.antudigital.cl\/sites\/vc\/tres-decadas-de-musica-sin-pausa-llegan-a-valparaiso\/#primaryimage"},"thumbnailUrl":"https:\/\/dev.antudigital.cl\/sites\/vc\/wp-content\/uploads\/2024\/08\/unnamed.png","datePublished":"2024-08-13T01:35:13+00:00","dateModified":"2024-08-13T15:55:37+00:00","author":{"@id":"https:\/\/dev.antudigital.cl\/sites\/vc\/#\/schema\/person\/c2b9da8dd545e27166fc5ab232837318"},"breadcrumb":{"@id":"https:\/\/dev.antudigital.cl\/sites\/vc\/tres-decadas-de-musica-sin-pausa-llegan-a-valparaiso\/#breadcrumb"},"inLanguage":"es","potentialAction":[{"@type":"ReadAction","target":["https:\/\/dev.antudigital.cl\/sites\/vc\/tres-decadas-de-musica-sin-pausa-llegan-a-valparaiso\/"]}]},{"@type":"ImageObject","inLanguage":"es","@id":"https:\/\/dev.antudigital.cl\/sites\/vc\/tres-decadas-de-musica-sin-pausa-llegan-a-valparaiso\/#primaryimage","url":"https:\/\/dev.antudigital.cl\/sites\/vc\/wp-content\/uploads\/2024\/08\/unnamed.png","contentUrl":"https:\/\/dev.antudigital.cl\/sites\/vc\/wp-content\/uploads\/2024\/08\/unnamed.png","width":2698,"height":1796},{"@type":"BreadcrumbList","@id":"https:\/\/dev.antudigital.cl\/sites\/vc\/tres-decadas-de-musica-sin-pausa-llegan-a-valparaiso\/#breadcrumb","itemListElement":[{"@type":"ListItem","position":1,"name":"Home","item":"https:\/\/dev.antudigital.cl\/sites\/vc\/"},{"@type":"ListItem","position":2,"name":"Tres d\u00e9cadas de m\u00fasica sin pausa llegan a Valpara\u00edso"}]},{"@type":"WebSite","@id":"https:\/\/dev.antudigital.cl\/sites\/vc\/#website","url":"https:\/\/dev.antudigital.cl\/sites\/vc\/","name":"Valpara\u00ed\u00adso Creativo","description":"","potentialAction":[{"@type":"SearchAction","target":{"@type":"EntryPoint","urlTemplate":"https:\/\/dev.antudigital.cl\/sites\/vc\/?s={search_term_string}"},"query-input":{"@type":"PropertyValueSpecification","valueRequired":true,"valueName":"search_term_string"}}],"inLanguage":"es"},{"@type":"Person","@id":"https:\/\/dev.antudigital.cl\/sites\/vc\/#\/schema\/person\/c2b9da8dd545e27166fc5ab232837318","name":"Valpara\u00edso Creativo","description":"Periodista de cultura en la Regi\u00f3n de Valpara\u00edso.","url":"https:\/\/dev.antudigital.cl\/sites\/vc\/author\/valpoadmin\/"}]}},"_links":{"self":[{"href":"https:\/\/dev.antudigital.cl\/sites\/vc\/wp-json\/wp\/v2\/posts\/20009","targetHints":{"allow":["GET"]}}],"collection":[{"href":"https:\/\/dev.antudigital.cl\/sites\/vc\/wp-json\/wp\/v2\/posts"}],"about":[{"href":"https:\/\/dev.antudigital.cl\/sites\/vc\/wp-json\/wp\/v2\/types\/post"}],"author":[{"embeddable":true,"href":"https:\/\/dev.antudigital.cl\/sites\/vc\/wp-json\/wp\/v2\/users\/1"}],"replies":[{"embeddable":true,"href":"https:\/\/dev.antudigital.cl\/sites\/vc\/wp-json\/wp\/v2\/comments?post=20009"}],"version-history":[{"count":2,"href":"https:\/\/dev.antudigital.cl\/sites\/vc\/wp-json\/wp\/v2\/posts\/20009\/revisions"}],"predecessor-version":[{"id":20013,"href":"https:\/\/dev.antudigital.cl\/sites\/vc\/wp-json\/wp\/v2\/posts\/20009\/revisions\/20013"}],"wp:featuredmedia":[{"embeddable":true,"href":"https:\/\/dev.antudigital.cl\/sites\/vc\/wp-json\/wp\/v2\/media\/20010"}],"wp:attachment":[{"href":"https:\/\/dev.antudigital.cl\/sites\/vc\/wp-json\/wp\/v2\/media?parent=20009"}],"wp:term":[{"taxonomy":"category","embeddable":true,"href":"https:\/\/dev.antudigital.cl\/sites\/vc\/wp-json\/wp\/v2\/categories?post=20009"},{"taxonomy":"post_tag","embeddable":true,"href":"https:\/\/dev.antudigital.cl\/sites\/vc\/wp-json\/wp\/v2\/tags?post=20009"}],"curies":[{"name":"wp","href":"https:\/\/api.w.org\/{rel}","templated":true}]}}