{"id":20015,"date":"2024-08-14T17:03:31","date_gmt":"2024-08-14T17:03:31","guid":{"rendered":"https:\/\/www.valparaisocreativo.cl\/?p=20015"},"modified":"2024-08-14T17:03:48","modified_gmt":"2024-08-14T17:03:48","slug":"javiera-mena-nos-presenta-su-nuevo-single-volver-a-llorar-y-anuncia-gira","status":"publish","type":"post","link":"https:\/\/dev.antudigital.cl\/sites\/vc\/javiera-mena-nos-presenta-su-nuevo-single-volver-a-llorar-y-anuncia-gira\/","title":{"rendered":"Javiera Mena nos presenta\u00a0su nuevo single \u00abVolver a Llorar\u00bb y anuncia gira"},"content":{"rendered":"\n<p>Sorprendiendo en su nueva era, la artista chilena Javiera Mena present\u00f3&nbsp;este martes 13 de agosto, y desde todas las plataformas de streaming, su nuevo single&nbsp;<strong>\u00abVolver a Llorar\u00bb.<\/strong><\/p>\n\n\n\n<p>Entre una melancol\u00eda latente y una sensibilidad a flor de piel, Javiera se permite&nbsp;maridar sonidos ac\u00fasticos con electr\u00f3nicos, expresando una dualidad que pinta de cuerpo entero esta etapa de su m\u00fasica.<\/p>\n\n\n\n<p><em>\u00abEsta canci\u00f3n habla sobre atreverse a habitar las emociones, porque, por m\u00e1s que sean molestas, es lo que nos hace humanos. En el mundo en el que vivimos hoy, bloqueamos muchas emociones por el miedo a involucrarnos, por el miedo a sufrir, por el miedo a no rendir en el trabajo\u00bb<\/em>, explaya Javiera sobre el trasfondo de sus l\u00edricas.<\/p>\n\n\n\n<h2 class=\"wp-block-heading\"><a href=\"https:\/\/orcd.co\/volverallorar\">Escucha aqu\u00ed el single<\/a><\/h2>\n\n\n\n<p><strong>\u00abVolver a Llorar\u00bb&nbsp;<\/strong>fue compuesta en M\u00e9xico con Pablo Stipicic, cuyo trabajo fue&nbsp;agregando colaboradores en Chile, donde se grabaron las cuerdas; y en Espa\u00f1a, donde se termin\u00f3 de producir, conform\u00e1ndose&nbsp;como una canci\u00f3n transnacional muy emotiva, y&nbsp;que&nbsp;en resumen, habla sobre habitar la oscuridad.&nbsp;<\/p>\n\n\n\n<p>Asimismo,&nbsp;<strong>la artista nacional anunci\u00f3 su gira por teatros de Chile y Argentina<\/strong>, que incluir\u00e1 fechas en Rancagua, Valpara\u00edso,&nbsp;Buenos Aires, Concepci\u00f3n y Santiago&nbsp;durante octubre y noviembre, con otras fechas por anunciar.<\/p>\n\n\n\n<p>Esta instancia ser\u00e1 la oportunidad de vislumbrar un show in\u00e9dito y bajo el prop\u00f3sito de mostrarse en su nueva era, de cara a lanzar su pr\u00f3ximo disco y que la tendr\u00e1 mostrando su m\u00e1s reciente m\u00fasica, as\u00ed como sus cl\u00e1sicos m\u00e1s bailables.<\/p>\n\n\n\n<p>Javiera Mena es una de las cantautoras fundamentales de la regi\u00f3n, quien demuestra muchas de sus virtudes en esta canci\u00f3n tan emotiva como bailable.<\/p>\n\n\n\n<p><a href=\"https:\/\/www.passline.com\/eventos-plano\/javiera-mena-valparaiso\"><strong>Consigue tus entradas aqu\u00ed.<\/strong><\/a><\/p>\n\n\n\n<figure class=\"wp-block-image size-large\"><img fetchpriority=\"high\" decoding=\"async\" width=\"1024\" height=\"1024\" src=\"https:\/\/www.valparaisocreativo.cl\/wp-content\/uploads\/2024\/08\/Javi-Mena-1024x1024.jpg\" alt=\"\" class=\"wp-image-20016\" srcset=\"https:\/\/dev.antudigital.cl\/sites\/vc\/wp-content\/uploads\/2024\/08\/Javi-Mena-1024x1024.jpg 1024w, https:\/\/dev.antudigital.cl\/sites\/vc\/wp-content\/uploads\/2024\/08\/Javi-Mena-300x300.jpg 300w, https:\/\/dev.antudigital.cl\/sites\/vc\/wp-content\/uploads\/2024\/08\/Javi-Mena-150x150.jpg 150w, https:\/\/dev.antudigital.cl\/sites\/vc\/wp-content\/uploads\/2024\/08\/Javi-Mena-768x768.jpg 768w, https:\/\/dev.antudigital.cl\/sites\/vc\/wp-content\/uploads\/2024\/08\/Javi-Mena-980x980.jpg 980w, https:\/\/dev.antudigital.cl\/sites\/vc\/wp-content\/uploads\/2024\/08\/Javi-Mena-480x480.jpg 480w, https:\/\/dev.antudigital.cl\/sites\/vc\/wp-content\/uploads\/2024\/08\/Javi-Mena-24x24.jpg 24w, https:\/\/dev.antudigital.cl\/sites\/vc\/wp-content\/uploads\/2024\/08\/Javi-Mena-36x36.jpg 36w, https:\/\/dev.antudigital.cl\/sites\/vc\/wp-content\/uploads\/2024\/08\/Javi-Mena-48x48.jpg 48w, https:\/\/dev.antudigital.cl\/sites\/vc\/wp-content\/uploads\/2024\/08\/Javi-Mena.jpg 1080w\" sizes=\"(max-width: 1024px) 100vw, 1024px\" \/><\/figure>\n","protected":false},"excerpt":{"rendered":"<p>Sorprendiendo en su nueva era, la artista chilena Javiera Mena present\u00f3&nbsp;este martes 13 de agosto, y desde todas las plataformas de streaming, su nuevo single&nbsp;\u00abVolver a Llorar\u00bb. Entre una melancol\u00eda latente y una sensibilidad a flor de piel, Javiera se permite&nbsp;maridar sonidos ac\u00fasticos con electr\u00f3nicos, expresando una dualidad que pinta de cuerpo entero esta etapa [&hellip;]<\/p>\n","protected":false},"author":1,"featured_media":20017,"comment_status":"closed","ping_status":"closed","sticky":false,"template":"","format":"standard","meta":{"_acf_changed":false,"footnotes":""},"categories":[8],"tags":[],"class_list":["post-20015","post","type-post","status-publish","format-standard","has-post-thumbnail","hentry","category-noticia"],"acf":[],"yoast_head":"<!-- This site is optimized with the Yoast SEO plugin v27.1.1 - https:\/\/yoast.com\/product\/yoast-seo-wordpress\/ -->\n<title>Javiera Mena nos presenta\u00a0su nuevo single &quot;Volver a Llorar&quot; y anuncia gira - Valpara\u00ed\u00adso Creativo<\/title>\n<meta name=\"robots\" content=\"index, follow, max-snippet:-1, max-image-preview:large, max-video-preview:-1\" \/>\n<link rel=\"canonical\" href=\"https:\/\/dev.antudigital.cl\/sites\/vc\/javiera-mena-nos-presenta-su-nuevo-single-volver-a-llorar-y-anuncia-gira\/\" \/>\n<meta property=\"og:locale\" content=\"es_ES\" \/>\n<meta property=\"og:type\" content=\"article\" \/>\n<meta property=\"og:title\" content=\"Javiera Mena nos presenta\u00a0su nuevo single &quot;Volver a Llorar&quot; y anuncia gira - Valpara\u00ed\u00adso Creativo\" \/>\n<meta property=\"og:description\" content=\"Sorprendiendo en su nueva era, la artista chilena Javiera Mena present\u00f3&nbsp;este martes 13 de agosto, y desde todas las plataformas de streaming, su nuevo single&nbsp;\u00abVolver a Llorar\u00bb. Entre una melancol\u00eda latente y una sensibilidad a flor de piel, Javiera se permite&nbsp;maridar sonidos ac\u00fasticos con electr\u00f3nicos, expresando una dualidad que pinta de cuerpo entero esta etapa [&hellip;]\" \/>\n<meta property=\"og:url\" content=\"https:\/\/dev.antudigital.cl\/sites\/vc\/javiera-mena-nos-presenta-su-nuevo-single-volver-a-llorar-y-anuncia-gira\/\" \/>\n<meta property=\"og:site_name\" content=\"Valpara\u00ed\u00adso Creativo\" \/>\n<meta property=\"article:published_time\" content=\"2024-08-14T17:03:31+00:00\" \/>\n<meta property=\"article:modified_time\" content=\"2024-08-14T17:03:48+00:00\" \/>\n<meta property=\"og:image\" content=\"https:\/\/dev.antudigital.cl\/sites\/vc\/wp-content\/uploads\/2024\/08\/Javiera-Mena-2.jpeg\" \/>\n\t<meta property=\"og:image:width\" content=\"305\" \/>\n\t<meta property=\"og:image:height\" content=\"165\" \/>\n\t<meta property=\"og:image:type\" content=\"image\/jpeg\" \/>\n<meta name=\"author\" content=\"Valpara\u00edso Creativo\" \/>\n<meta name=\"twitter:card\" content=\"summary_large_image\" \/>\n<meta name=\"twitter:label1\" content=\"Escrito por\" \/>\n\t<meta name=\"twitter:data1\" content=\"Valpara\u00edso Creativo\" \/>\n\t<meta name=\"twitter:label2\" content=\"Tiempo de lectura\" \/>\n\t<meta name=\"twitter:data2\" content=\"2 minutos\" \/>\n<script type=\"application\/ld+json\" class=\"yoast-schema-graph\">{\"@context\":\"https:\/\/schema.org\",\"@graph\":[{\"@type\":\"Article\",\"@id\":\"https:\/\/dev.antudigital.cl\/sites\/vc\/javiera-mena-nos-presenta-su-nuevo-single-volver-a-llorar-y-anuncia-gira\/#article\",\"isPartOf\":{\"@id\":\"https:\/\/dev.antudigital.cl\/sites\/vc\/javiera-mena-nos-presenta-su-nuevo-single-volver-a-llorar-y-anuncia-gira\/\"},\"author\":{\"name\":\"Valpara\u00edso Creativo\",\"@id\":\"https:\/\/dev.antudigital.cl\/sites\/vc\/#\/schema\/person\/c2b9da8dd545e27166fc5ab232837318\"},\"headline\":\"Javiera Mena nos presenta\u00a0su nuevo single \u00abVolver a Llorar\u00bb y anuncia gira\",\"datePublished\":\"2024-08-14T17:03:31+00:00\",\"dateModified\":\"2024-08-14T17:03:48+00:00\",\"mainEntityOfPage\":{\"@id\":\"https:\/\/dev.antudigital.cl\/sites\/vc\/javiera-mena-nos-presenta-su-nuevo-single-volver-a-llorar-y-anuncia-gira\/\"},\"wordCount\":319,\"image\":{\"@id\":\"https:\/\/dev.antudigital.cl\/sites\/vc\/javiera-mena-nos-presenta-su-nuevo-single-volver-a-llorar-y-anuncia-gira\/#primaryimage\"},\"thumbnailUrl\":\"https:\/\/dev.antudigital.cl\/sites\/vc\/wp-content\/uploads\/2024\/08\/Javiera-Mena-2.jpeg\",\"articleSection\":[\"Noticia\"],\"inLanguage\":\"es\"},{\"@type\":\"WebPage\",\"@id\":\"https:\/\/dev.antudigital.cl\/sites\/vc\/javiera-mena-nos-presenta-su-nuevo-single-volver-a-llorar-y-anuncia-gira\/\",\"url\":\"https:\/\/dev.antudigital.cl\/sites\/vc\/javiera-mena-nos-presenta-su-nuevo-single-volver-a-llorar-y-anuncia-gira\/\",\"name\":\"Javiera Mena nos presenta\u00a0su nuevo single \\\"Volver a Llorar\\\" y anuncia gira - Valpara\u00ed\u00adso Creativo\",\"isPartOf\":{\"@id\":\"https:\/\/dev.antudigital.cl\/sites\/vc\/#website\"},\"primaryImageOfPage\":{\"@id\":\"https:\/\/dev.antudigital.cl\/sites\/vc\/javiera-mena-nos-presenta-su-nuevo-single-volver-a-llorar-y-anuncia-gira\/#primaryimage\"},\"image\":{\"@id\":\"https:\/\/dev.antudigital.cl\/sites\/vc\/javiera-mena-nos-presenta-su-nuevo-single-volver-a-llorar-y-anuncia-gira\/#primaryimage\"},\"thumbnailUrl\":\"https:\/\/dev.antudigital.cl\/sites\/vc\/wp-content\/uploads\/2024\/08\/Javiera-Mena-2.jpeg\",\"datePublished\":\"2024-08-14T17:03:31+00:00\",\"dateModified\":\"2024-08-14T17:03:48+00:00\",\"author\":{\"@id\":\"https:\/\/dev.antudigital.cl\/sites\/vc\/#\/schema\/person\/c2b9da8dd545e27166fc5ab232837318\"},\"breadcrumb\":{\"@id\":\"https:\/\/dev.antudigital.cl\/sites\/vc\/javiera-mena-nos-presenta-su-nuevo-single-volver-a-llorar-y-anuncia-gira\/#breadcrumb\"},\"inLanguage\":\"es\",\"potentialAction\":[{\"@type\":\"ReadAction\",\"target\":[\"https:\/\/dev.antudigital.cl\/sites\/vc\/javiera-mena-nos-presenta-su-nuevo-single-volver-a-llorar-y-anuncia-gira\/\"]}]},{\"@type\":\"ImageObject\",\"inLanguage\":\"es\",\"@id\":\"https:\/\/dev.antudigital.cl\/sites\/vc\/javiera-mena-nos-presenta-su-nuevo-single-volver-a-llorar-y-anuncia-gira\/#primaryimage\",\"url\":\"https:\/\/dev.antudigital.cl\/sites\/vc\/wp-content\/uploads\/2024\/08\/Javiera-Mena-2.jpeg\",\"contentUrl\":\"https:\/\/dev.antudigital.cl\/sites\/vc\/wp-content\/uploads\/2024\/08\/Javiera-Mena-2.jpeg\",\"width\":305,\"height\":165},{\"@type\":\"BreadcrumbList\",\"@id\":\"https:\/\/dev.antudigital.cl\/sites\/vc\/javiera-mena-nos-presenta-su-nuevo-single-volver-a-llorar-y-anuncia-gira\/#breadcrumb\",\"itemListElement\":[{\"@type\":\"ListItem\",\"position\":1,\"name\":\"Home\",\"item\":\"https:\/\/dev.antudigital.cl\/sites\/vc\/\"},{\"@type\":\"ListItem\",\"position\":2,\"name\":\"Javiera Mena nos presenta\u00a0su nuevo single \u00abVolver a Llorar\u00bb y anuncia gira\"}]},{\"@type\":\"WebSite\",\"@id\":\"https:\/\/dev.antudigital.cl\/sites\/vc\/#website\",\"url\":\"https:\/\/dev.antudigital.cl\/sites\/vc\/\",\"name\":\"Valpara\u00ed\u00adso Creativo\",\"description\":\"\",\"potentialAction\":[{\"@type\":\"SearchAction\",\"target\":{\"@type\":\"EntryPoint\",\"urlTemplate\":\"https:\/\/dev.antudigital.cl\/sites\/vc\/?s={search_term_string}\"},\"query-input\":{\"@type\":\"PropertyValueSpecification\",\"valueRequired\":true,\"valueName\":\"search_term_string\"}}],\"inLanguage\":\"es\"},{\"@type\":\"Person\",\"@id\":\"https:\/\/dev.antudigital.cl\/sites\/vc\/#\/schema\/person\/c2b9da8dd545e27166fc5ab232837318\",\"name\":\"Valpara\u00edso Creativo\",\"description\":\"Periodista de cultura en la Regi\u00f3n de Valpara\u00edso.\",\"url\":\"https:\/\/dev.antudigital.cl\/sites\/vc\/author\/valpoadmin\/\"}]}<\/script>\n<!-- \/ Yoast SEO plugin. -->","yoast_head_json":{"title":"Javiera Mena nos presenta\u00a0su nuevo single \"Volver a Llorar\" y anuncia gira - Valpara\u00ed\u00adso Creativo","robots":{"index":"index","follow":"follow","max-snippet":"max-snippet:-1","max-image-preview":"max-image-preview:large","max-video-preview":"max-video-preview:-1"},"canonical":"https:\/\/dev.antudigital.cl\/sites\/vc\/javiera-mena-nos-presenta-su-nuevo-single-volver-a-llorar-y-anuncia-gira\/","og_locale":"es_ES","og_type":"article","og_title":"Javiera Mena nos presenta\u00a0su nuevo single \"Volver a Llorar\" y anuncia gira - Valpara\u00ed\u00adso Creativo","og_description":"Sorprendiendo en su nueva era, la artista chilena Javiera Mena present\u00f3&nbsp;este martes 13 de agosto, y desde todas las plataformas de streaming, su nuevo single&nbsp;\u00abVolver a Llorar\u00bb. Entre una melancol\u00eda latente y una sensibilidad a flor de piel, Javiera se permite&nbsp;maridar sonidos ac\u00fasticos con electr\u00f3nicos, expresando una dualidad que pinta de cuerpo entero esta etapa [&hellip;]","og_url":"https:\/\/dev.antudigital.cl\/sites\/vc\/javiera-mena-nos-presenta-su-nuevo-single-volver-a-llorar-y-anuncia-gira\/","og_site_name":"Valpara\u00ed\u00adso Creativo","article_published_time":"2024-08-14T17:03:31+00:00","article_modified_time":"2024-08-14T17:03:48+00:00","og_image":[{"width":305,"height":165,"url":"https:\/\/dev.antudigital.cl\/sites\/vc\/wp-content\/uploads\/2024\/08\/Javiera-Mena-2.jpeg","type":"image\/jpeg"}],"author":"Valpara\u00edso Creativo","twitter_card":"summary_large_image","twitter_misc":{"Escrito por":"Valpara\u00edso Creativo","Tiempo de lectura":"2 minutos"},"schema":{"@context":"https:\/\/schema.org","@graph":[{"@type":"Article","@id":"https:\/\/dev.antudigital.cl\/sites\/vc\/javiera-mena-nos-presenta-su-nuevo-single-volver-a-llorar-y-anuncia-gira\/#article","isPartOf":{"@id":"https:\/\/dev.antudigital.cl\/sites\/vc\/javiera-mena-nos-presenta-su-nuevo-single-volver-a-llorar-y-anuncia-gira\/"},"author":{"name":"Valpara\u00edso Creativo","@id":"https:\/\/dev.antudigital.cl\/sites\/vc\/#\/schema\/person\/c2b9da8dd545e27166fc5ab232837318"},"headline":"Javiera Mena nos presenta\u00a0su nuevo single \u00abVolver a Llorar\u00bb y anuncia gira","datePublished":"2024-08-14T17:03:31+00:00","dateModified":"2024-08-14T17:03:48+00:00","mainEntityOfPage":{"@id":"https:\/\/dev.antudigital.cl\/sites\/vc\/javiera-mena-nos-presenta-su-nuevo-single-volver-a-llorar-y-anuncia-gira\/"},"wordCount":319,"image":{"@id":"https:\/\/dev.antudigital.cl\/sites\/vc\/javiera-mena-nos-presenta-su-nuevo-single-volver-a-llorar-y-anuncia-gira\/#primaryimage"},"thumbnailUrl":"https:\/\/dev.antudigital.cl\/sites\/vc\/wp-content\/uploads\/2024\/08\/Javiera-Mena-2.jpeg","articleSection":["Noticia"],"inLanguage":"es"},{"@type":"WebPage","@id":"https:\/\/dev.antudigital.cl\/sites\/vc\/javiera-mena-nos-presenta-su-nuevo-single-volver-a-llorar-y-anuncia-gira\/","url":"https:\/\/dev.antudigital.cl\/sites\/vc\/javiera-mena-nos-presenta-su-nuevo-single-volver-a-llorar-y-anuncia-gira\/","name":"Javiera Mena nos presenta\u00a0su nuevo single \"Volver a Llorar\" y anuncia gira - Valpara\u00ed\u00adso Creativo","isPartOf":{"@id":"https:\/\/dev.antudigital.cl\/sites\/vc\/#website"},"primaryImageOfPage":{"@id":"https:\/\/dev.antudigital.cl\/sites\/vc\/javiera-mena-nos-presenta-su-nuevo-single-volver-a-llorar-y-anuncia-gira\/#primaryimage"},"image":{"@id":"https:\/\/dev.antudigital.cl\/sites\/vc\/javiera-mena-nos-presenta-su-nuevo-single-volver-a-llorar-y-anuncia-gira\/#primaryimage"},"thumbnailUrl":"https:\/\/dev.antudigital.cl\/sites\/vc\/wp-content\/uploads\/2024\/08\/Javiera-Mena-2.jpeg","datePublished":"2024-08-14T17:03:31+00:00","dateModified":"2024-08-14T17:03:48+00:00","author":{"@id":"https:\/\/dev.antudigital.cl\/sites\/vc\/#\/schema\/person\/c2b9da8dd545e27166fc5ab232837318"},"breadcrumb":{"@id":"https:\/\/dev.antudigital.cl\/sites\/vc\/javiera-mena-nos-presenta-su-nuevo-single-volver-a-llorar-y-anuncia-gira\/#breadcrumb"},"inLanguage":"es","potentialAction":[{"@type":"ReadAction","target":["https:\/\/dev.antudigital.cl\/sites\/vc\/javiera-mena-nos-presenta-su-nuevo-single-volver-a-llorar-y-anuncia-gira\/"]}]},{"@type":"ImageObject","inLanguage":"es","@id":"https:\/\/dev.antudigital.cl\/sites\/vc\/javiera-mena-nos-presenta-su-nuevo-single-volver-a-llorar-y-anuncia-gira\/#primaryimage","url":"https:\/\/dev.antudigital.cl\/sites\/vc\/wp-content\/uploads\/2024\/08\/Javiera-Mena-2.jpeg","contentUrl":"https:\/\/dev.antudigital.cl\/sites\/vc\/wp-content\/uploads\/2024\/08\/Javiera-Mena-2.jpeg","width":305,"height":165},{"@type":"BreadcrumbList","@id":"https:\/\/dev.antudigital.cl\/sites\/vc\/javiera-mena-nos-presenta-su-nuevo-single-volver-a-llorar-y-anuncia-gira\/#breadcrumb","itemListElement":[{"@type":"ListItem","position":1,"name":"Home","item":"https:\/\/dev.antudigital.cl\/sites\/vc\/"},{"@type":"ListItem","position":2,"name":"Javiera Mena nos presenta\u00a0su nuevo single \u00abVolver a Llorar\u00bb y anuncia gira"}]},{"@type":"WebSite","@id":"https:\/\/dev.antudigital.cl\/sites\/vc\/#website","url":"https:\/\/dev.antudigital.cl\/sites\/vc\/","name":"Valpara\u00ed\u00adso Creativo","description":"","potentialAction":[{"@type":"SearchAction","target":{"@type":"EntryPoint","urlTemplate":"https:\/\/dev.antudigital.cl\/sites\/vc\/?s={search_term_string}"},"query-input":{"@type":"PropertyValueSpecification","valueRequired":true,"valueName":"search_term_string"}}],"inLanguage":"es"},{"@type":"Person","@id":"https:\/\/dev.antudigital.cl\/sites\/vc\/#\/schema\/person\/c2b9da8dd545e27166fc5ab232837318","name":"Valpara\u00edso Creativo","description":"Periodista de cultura en la Regi\u00f3n de Valpara\u00edso.","url":"https:\/\/dev.antudigital.cl\/sites\/vc\/author\/valpoadmin\/"}]}},"_links":{"self":[{"href":"https:\/\/dev.antudigital.cl\/sites\/vc\/wp-json\/wp\/v2\/posts\/20015","targetHints":{"allow":["GET"]}}],"collection":[{"href":"https:\/\/dev.antudigital.cl\/sites\/vc\/wp-json\/wp\/v2\/posts"}],"about":[{"href":"https:\/\/dev.antudigital.cl\/sites\/vc\/wp-json\/wp\/v2\/types\/post"}],"author":[{"embeddable":true,"href":"https:\/\/dev.antudigital.cl\/sites\/vc\/wp-json\/wp\/v2\/users\/1"}],"replies":[{"embeddable":true,"href":"https:\/\/dev.antudigital.cl\/sites\/vc\/wp-json\/wp\/v2\/comments?post=20015"}],"version-history":[{"count":1,"href":"https:\/\/dev.antudigital.cl\/sites\/vc\/wp-json\/wp\/v2\/posts\/20015\/revisions"}],"predecessor-version":[{"id":20018,"href":"https:\/\/dev.antudigital.cl\/sites\/vc\/wp-json\/wp\/v2\/posts\/20015\/revisions\/20018"}],"wp:featuredmedia":[{"embeddable":true,"href":"https:\/\/dev.antudigital.cl\/sites\/vc\/wp-json\/wp\/v2\/media\/20017"}],"wp:attachment":[{"href":"https:\/\/dev.antudigital.cl\/sites\/vc\/wp-json\/wp\/v2\/media?parent=20015"}],"wp:term":[{"taxonomy":"category","embeddable":true,"href":"https:\/\/dev.antudigital.cl\/sites\/vc\/wp-json\/wp\/v2\/categories?post=20015"},{"taxonomy":"post_tag","embeddable":true,"href":"https:\/\/dev.antudigital.cl\/sites\/vc\/wp-json\/wp\/v2\/tags?post=20015"}],"curies":[{"name":"wp","href":"https:\/\/api.w.org\/{rel}","templated":true}]}}