{"id":20019,"date":"2024-08-14T17:20:33","date_gmt":"2024-08-14T17:20:33","guid":{"rendered":"https:\/\/www.valparaisocreativo.cl\/?p=20019"},"modified":"2024-08-14T17:20:50","modified_gmt":"2024-08-14T17:20:50","slug":"ultima-semana-para-postular-a-las-residencias-en-artes-escenicas-del-parque-cultural-de-valparaiso","status":"publish","type":"post","link":"https:\/\/dev.antudigital.cl\/sites\/vc\/ultima-semana-para-postular-a-las-residencias-en-artes-escenicas-del-parque-cultural-de-valparaiso\/","title":{"rendered":"\u00daltima semana para postular a las residencias en artes esc\u00e9nicas del Parque Cultural de Valpara\u00edso\u00a0"},"content":{"rendered":"\n<p>A partir del 2021 el Parque Cultural de Valpara\u00edso (PCdV) ha impulsado la creaci\u00f3n local y regional en artes esc\u00e9nicas (<a href=\"http:\/\/aa.ee\/\" target=\"_blank\" rel=\"noreferrer noopener\">AA.EE<\/a>.) a trav\u00e9s de su \u00c1rea de Creaci\u00f3n e Investigaci\u00f3n con un total de 8 montajes en tres a\u00f1os. En su nuevo ciclo el programa vuelve a convocar a artistas de&nbsp;<a href=\"http:\/\/aa.ee\/\" target=\"_blank\" rel=\"noreferrer noopener\">AA.EE<\/a>. de la Regi\u00f3n de Valpara\u00edso con experiencia en direcci\u00f3n, para que desplieguen una residencia creativa en las instalaciones de la ex c\u00e1rcel porte\u00f1a, ejecutando un proceso abierto, cruzado y expandido.<\/p>\n\n\n\n<p>En este 2024 las residencias se iniciar\u00e1n en septiembre para culminar con el estreno de un montaje en diciembre. Como ha sucedido las veces anteriores, desde la direcci\u00f3n art\u00edstica del programa, encabezada por Danilo Llanos, se propone un texto curatorial que dota de sentido el quehacer art\u00edstico de las residencias. Para esta ocasi\u00f3n, el llamado es a considerar las&nbsp;<strong><em>posibilidades multitudinarias<\/em><\/strong>.&nbsp;<\/p>\n\n\n\n<p><em>\u00abEstamos entrando al cuarto a\u00f1o como programa ya como un dispositivo instalado, validado y reconocido como un espacio necesario para la escena local y regional; una instancia que en su dise\u00f1o, es in\u00e9dita en Chile y se pone al servicio de la profundizaci\u00f3n de las pr\u00e1cticas esc\u00e9nicas de la regi\u00f3n. Esta vez, estableciendo una convocatoria abierta para directores esc\u00e9nicos proponiendo una mirada curatorial movilizadora y provocadora, poner el acento en lo que podamos identificar como fen\u00f3menos multitudinarios haci\u00e9ndolos aparecer como una escena posible\u00bb declar\u00f3 Danilo Llanos.<\/em><\/p>\n\n\n\n<figure class=\"wp-block-image size-large\"><img fetchpriority=\"high\" decoding=\"async\" width=\"1024\" height=\"683\" src=\"https:\/\/www.valparaisocreativo.cl\/wp-content\/uploads\/2024\/08\/Convocatoria_a_residencias_en_AAEE_PCdV_2024_03-1024x683.jpg\" alt=\"\" class=\"wp-image-20021\" srcset=\"https:\/\/dev.antudigital.cl\/sites\/vc\/wp-content\/uploads\/2024\/08\/Convocatoria_a_residencias_en_AAEE_PCdV_2024_03-1024x683.jpg 1024w, https:\/\/dev.antudigital.cl\/sites\/vc\/wp-content\/uploads\/2024\/08\/Convocatoria_a_residencias_en_AAEE_PCdV_2024_03-300x200.jpg 300w, https:\/\/dev.antudigital.cl\/sites\/vc\/wp-content\/uploads\/2024\/08\/Convocatoria_a_residencias_en_AAEE_PCdV_2024_03-768x512.jpg 768w, https:\/\/dev.antudigital.cl\/sites\/vc\/wp-content\/uploads\/2024\/08\/Convocatoria_a_residencias_en_AAEE_PCdV_2024_03-1536x1024.jpg 1536w, https:\/\/dev.antudigital.cl\/sites\/vc\/wp-content\/uploads\/2024\/08\/Convocatoria_a_residencias_en_AAEE_PCdV_2024_03-2048x1365.jpg 2048w, https:\/\/dev.antudigital.cl\/sites\/vc\/wp-content\/uploads\/2024\/08\/Convocatoria_a_residencias_en_AAEE_PCdV_2024_03-1080x720.jpg 1080w, https:\/\/dev.antudigital.cl\/sites\/vc\/wp-content\/uploads\/2024\/08\/Convocatoria_a_residencias_en_AAEE_PCdV_2024_03-1280x854.jpg 1280w, https:\/\/dev.antudigital.cl\/sites\/vc\/wp-content\/uploads\/2024\/08\/Convocatoria_a_residencias_en_AAEE_PCdV_2024_03-980x653.jpg 980w, https:\/\/dev.antudigital.cl\/sites\/vc\/wp-content\/uploads\/2024\/08\/Convocatoria_a_residencias_en_AAEE_PCdV_2024_03-480x320.jpg 480w, https:\/\/dev.antudigital.cl\/sites\/vc\/wp-content\/uploads\/2024\/08\/Convocatoria_a_residencias_en_AAEE_PCdV_2024_03-24x16.jpg 24w, https:\/\/dev.antudigital.cl\/sites\/vc\/wp-content\/uploads\/2024\/08\/Convocatoria_a_residencias_en_AAEE_PCdV_2024_03-36x24.jpg 36w, https:\/\/dev.antudigital.cl\/sites\/vc\/wp-content\/uploads\/2024\/08\/Convocatoria_a_residencias_en_AAEE_PCdV_2024_03-48x32.jpg 48w\" sizes=\"(max-width: 1024px) 100vw, 1024px\" \/><\/figure>\n\n\n\n<p>La convocatoria est\u00e1 dirigida a personas y no a compa\u00f1\u00edas. Al mismo tiempo, es para crear un montaje y no para insertar en su dise\u00f1o procesos creativos que ya est\u00e9n iniciados o que est\u00e9n en carpeta como idea.&nbsp;<\/p>\n\n\n\n<p>El plazo de postulaci\u00f3n cierra este domingo 18 de agosto a las 23:59 hrs. Luego, en la semana del 19 al 25 del mismo mes, un jurado compuesto por una de las artistas de residencias anteriores m\u00e1s dos profesionales de las&nbsp;<a href=\"http:\/\/aa.ee\/\" target=\"_blank\" rel=\"noreferrer noopener\">AA.EE<\/a>. de la ciudad, se encargar\u00e1 de evaluar y seleccionar las postulaciones recepcionadas. Las propuestas que sean aceptadas para participar en las residencias 2024 se dar\u00e1n a conocer durante la jornada del viernes 30 de agosto.<\/p>\n\n\n\n<p>Las artes esc\u00e9nicas que se incluyen en esta convocatoria son: teatro, circo, danza, t\u00edteres, narraci\u00f3n oral y performance. Las bases de la convocatoria y el texto curatorial se encuentran en el sitio web del Parque Cultural de Valpara\u00edso. Para mayor informaci\u00f3n y\/o consultas escribir a&nbsp;<a href=\"mailto:areadecreacion@pcdv.cl\" target=\"_blank\" rel=\"noreferrer noopener\">areadecreacion@pcdv.cl<\/a>.<\/p>\n","protected":false},"excerpt":{"rendered":"<p>A partir del 2021 el Parque Cultural de Valpara\u00edso (PCdV) ha impulsado la creaci\u00f3n local y regional en artes esc\u00e9nicas (AA.EE.) a trav\u00e9s de su \u00c1rea de Creaci\u00f3n e Investigaci\u00f3n con un total de 8 montajes en tres a\u00f1os. En su nuevo ciclo el programa vuelve a convocar a artistas de&nbsp;AA.EE. de la Regi\u00f3n de [&hellip;]<\/p>\n","protected":false},"author":1,"featured_media":20020,"comment_status":"closed","ping_status":"closed","sticky":false,"template":"","format":"standard","meta":{"_acf_changed":false,"footnotes":""},"categories":[8],"tags":[],"class_list":["post-20019","post","type-post","status-publish","format-standard","has-post-thumbnail","hentry","category-noticia"],"acf":[],"yoast_head":"<!-- This site is optimized with the Yoast SEO plugin v27.1.1 - https:\/\/yoast.com\/product\/yoast-seo-wordpress\/ -->\n<title>\u00daltima semana para postular a las residencias en artes esc\u00e9nicas del Parque Cultural de Valpara\u00edso\u00a0 - Valpara\u00ed\u00adso Creativo<\/title>\n<meta name=\"robots\" content=\"index, follow, max-snippet:-1, max-image-preview:large, max-video-preview:-1\" \/>\n<link rel=\"canonical\" href=\"https:\/\/dev.antudigital.cl\/sites\/vc\/ultima-semana-para-postular-a-las-residencias-en-artes-escenicas-del-parque-cultural-de-valparaiso\/\" \/>\n<meta property=\"og:locale\" content=\"es_ES\" \/>\n<meta property=\"og:type\" content=\"article\" \/>\n<meta property=\"og:title\" content=\"\u00daltima semana para postular a las residencias en artes esc\u00e9nicas del Parque Cultural de Valpara\u00edso\u00a0 - Valpara\u00ed\u00adso Creativo\" \/>\n<meta property=\"og:description\" content=\"A partir del 2021 el Parque Cultural de Valpara\u00edso (PCdV) ha impulsado la creaci\u00f3n local y regional en artes esc\u00e9nicas (AA.EE.) a trav\u00e9s de su \u00c1rea de Creaci\u00f3n e Investigaci\u00f3n con un total de 8 montajes en tres a\u00f1os. En su nuevo ciclo el programa vuelve a convocar a artistas de&nbsp;AA.EE. de la Regi\u00f3n de [&hellip;]\" \/>\n<meta property=\"og:url\" content=\"https:\/\/dev.antudigital.cl\/sites\/vc\/ultima-semana-para-postular-a-las-residencias-en-artes-escenicas-del-parque-cultural-de-valparaiso\/\" \/>\n<meta property=\"og:site_name\" content=\"Valpara\u00ed\u00adso Creativo\" \/>\n<meta property=\"article:published_time\" content=\"2024-08-14T17:20:33+00:00\" \/>\n<meta property=\"article:modified_time\" content=\"2024-08-14T17:20:50+00:00\" \/>\n<meta property=\"og:image\" content=\"https:\/\/dev.antudigital.cl\/sites\/vc\/wp-content\/uploads\/2024\/08\/Convocatoria_a_residencias_en_AAEE_PCdV_2024_02-scaled.jpg\" \/>\n\t<meta property=\"og:image:width\" content=\"2560\" \/>\n\t<meta property=\"og:image:height\" content=\"1707\" \/>\n\t<meta property=\"og:image:type\" content=\"image\/jpeg\" \/>\n<meta name=\"author\" content=\"Valpara\u00edso Creativo\" \/>\n<meta name=\"twitter:card\" content=\"summary_large_image\" \/>\n<meta name=\"twitter:label1\" content=\"Escrito por\" \/>\n\t<meta name=\"twitter:data1\" content=\"Valpara\u00edso Creativo\" \/>\n\t<meta name=\"twitter:label2\" content=\"Tiempo de lectura\" \/>\n\t<meta name=\"twitter:data2\" content=\"3 minutos\" \/>\n<script type=\"application\/ld+json\" class=\"yoast-schema-graph\">{\"@context\":\"https:\/\/schema.org\",\"@graph\":[{\"@type\":\"Article\",\"@id\":\"https:\/\/dev.antudigital.cl\/sites\/vc\/ultima-semana-para-postular-a-las-residencias-en-artes-escenicas-del-parque-cultural-de-valparaiso\/#article\",\"isPartOf\":{\"@id\":\"https:\/\/dev.antudigital.cl\/sites\/vc\/ultima-semana-para-postular-a-las-residencias-en-artes-escenicas-del-parque-cultural-de-valparaiso\/\"},\"author\":{\"name\":\"Valpara\u00edso Creativo\",\"@id\":\"https:\/\/dev.antudigital.cl\/sites\/vc\/#\/schema\/person\/c2b9da8dd545e27166fc5ab232837318\"},\"headline\":\"\u00daltima semana para postular a las residencias en artes esc\u00e9nicas del Parque Cultural de Valpara\u00edso\u00a0\",\"datePublished\":\"2024-08-14T17:20:33+00:00\",\"dateModified\":\"2024-08-14T17:20:50+00:00\",\"mainEntityOfPage\":{\"@id\":\"https:\/\/dev.antudigital.cl\/sites\/vc\/ultima-semana-para-postular-a-las-residencias-en-artes-escenicas-del-parque-cultural-de-valparaiso\/\"},\"wordCount\":449,\"image\":{\"@id\":\"https:\/\/dev.antudigital.cl\/sites\/vc\/ultima-semana-para-postular-a-las-residencias-en-artes-escenicas-del-parque-cultural-de-valparaiso\/#primaryimage\"},\"thumbnailUrl\":\"https:\/\/dev.antudigital.cl\/sites\/vc\/wp-content\/uploads\/2024\/08\/Convocatoria_a_residencias_en_AAEE_PCdV_2024_02-scaled.jpg\",\"articleSection\":[\"Noticia\"],\"inLanguage\":\"es\"},{\"@type\":\"WebPage\",\"@id\":\"https:\/\/dev.antudigital.cl\/sites\/vc\/ultima-semana-para-postular-a-las-residencias-en-artes-escenicas-del-parque-cultural-de-valparaiso\/\",\"url\":\"https:\/\/dev.antudigital.cl\/sites\/vc\/ultima-semana-para-postular-a-las-residencias-en-artes-escenicas-del-parque-cultural-de-valparaiso\/\",\"name\":\"\u00daltima semana para postular a las residencias en artes esc\u00e9nicas del Parque Cultural de Valpara\u00edso\u00a0 - Valpara\u00ed\u00adso Creativo\",\"isPartOf\":{\"@id\":\"https:\/\/dev.antudigital.cl\/sites\/vc\/#website\"},\"primaryImageOfPage\":{\"@id\":\"https:\/\/dev.antudigital.cl\/sites\/vc\/ultima-semana-para-postular-a-las-residencias-en-artes-escenicas-del-parque-cultural-de-valparaiso\/#primaryimage\"},\"image\":{\"@id\":\"https:\/\/dev.antudigital.cl\/sites\/vc\/ultima-semana-para-postular-a-las-residencias-en-artes-escenicas-del-parque-cultural-de-valparaiso\/#primaryimage\"},\"thumbnailUrl\":\"https:\/\/dev.antudigital.cl\/sites\/vc\/wp-content\/uploads\/2024\/08\/Convocatoria_a_residencias_en_AAEE_PCdV_2024_02-scaled.jpg\",\"datePublished\":\"2024-08-14T17:20:33+00:00\",\"dateModified\":\"2024-08-14T17:20:50+00:00\",\"author\":{\"@id\":\"https:\/\/dev.antudigital.cl\/sites\/vc\/#\/schema\/person\/c2b9da8dd545e27166fc5ab232837318\"},\"breadcrumb\":{\"@id\":\"https:\/\/dev.antudigital.cl\/sites\/vc\/ultima-semana-para-postular-a-las-residencias-en-artes-escenicas-del-parque-cultural-de-valparaiso\/#breadcrumb\"},\"inLanguage\":\"es\",\"potentialAction\":[{\"@type\":\"ReadAction\",\"target\":[\"https:\/\/dev.antudigital.cl\/sites\/vc\/ultima-semana-para-postular-a-las-residencias-en-artes-escenicas-del-parque-cultural-de-valparaiso\/\"]}]},{\"@type\":\"ImageObject\",\"inLanguage\":\"es\",\"@id\":\"https:\/\/dev.antudigital.cl\/sites\/vc\/ultima-semana-para-postular-a-las-residencias-en-artes-escenicas-del-parque-cultural-de-valparaiso\/#primaryimage\",\"url\":\"https:\/\/dev.antudigital.cl\/sites\/vc\/wp-content\/uploads\/2024\/08\/Convocatoria_a_residencias_en_AAEE_PCdV_2024_02-scaled.jpg\",\"contentUrl\":\"https:\/\/dev.antudigital.cl\/sites\/vc\/wp-content\/uploads\/2024\/08\/Convocatoria_a_residencias_en_AAEE_PCdV_2024_02-scaled.jpg\",\"width\":2560,\"height\":1707},{\"@type\":\"BreadcrumbList\",\"@id\":\"https:\/\/dev.antudigital.cl\/sites\/vc\/ultima-semana-para-postular-a-las-residencias-en-artes-escenicas-del-parque-cultural-de-valparaiso\/#breadcrumb\",\"itemListElement\":[{\"@type\":\"ListItem\",\"position\":1,\"name\":\"Home\",\"item\":\"https:\/\/dev.antudigital.cl\/sites\/vc\/\"},{\"@type\":\"ListItem\",\"position\":2,\"name\":\"\u00daltima semana para postular a las residencias en artes esc\u00e9nicas del Parque Cultural de Valpara\u00edso\u00a0\"}]},{\"@type\":\"WebSite\",\"@id\":\"https:\/\/dev.antudigital.cl\/sites\/vc\/#website\",\"url\":\"https:\/\/dev.antudigital.cl\/sites\/vc\/\",\"name\":\"Valpara\u00ed\u00adso Creativo\",\"description\":\"\",\"potentialAction\":[{\"@type\":\"SearchAction\",\"target\":{\"@type\":\"EntryPoint\",\"urlTemplate\":\"https:\/\/dev.antudigital.cl\/sites\/vc\/?s={search_term_string}\"},\"query-input\":{\"@type\":\"PropertyValueSpecification\",\"valueRequired\":true,\"valueName\":\"search_term_string\"}}],\"inLanguage\":\"es\"},{\"@type\":\"Person\",\"@id\":\"https:\/\/dev.antudigital.cl\/sites\/vc\/#\/schema\/person\/c2b9da8dd545e27166fc5ab232837318\",\"name\":\"Valpara\u00edso Creativo\",\"description\":\"Periodista de cultura en la Regi\u00f3n de Valpara\u00edso.\",\"url\":\"https:\/\/dev.antudigital.cl\/sites\/vc\/author\/valpoadmin\/\"}]}<\/script>\n<!-- \/ Yoast SEO plugin. -->","yoast_head_json":{"title":"\u00daltima semana para postular a las residencias en artes esc\u00e9nicas del Parque Cultural de Valpara\u00edso\u00a0 - Valpara\u00ed\u00adso Creativo","robots":{"index":"index","follow":"follow","max-snippet":"max-snippet:-1","max-image-preview":"max-image-preview:large","max-video-preview":"max-video-preview:-1"},"canonical":"https:\/\/dev.antudigital.cl\/sites\/vc\/ultima-semana-para-postular-a-las-residencias-en-artes-escenicas-del-parque-cultural-de-valparaiso\/","og_locale":"es_ES","og_type":"article","og_title":"\u00daltima semana para postular a las residencias en artes esc\u00e9nicas del Parque Cultural de Valpara\u00edso\u00a0 - Valpara\u00ed\u00adso Creativo","og_description":"A partir del 2021 el Parque Cultural de Valpara\u00edso (PCdV) ha impulsado la creaci\u00f3n local y regional en artes esc\u00e9nicas (AA.EE.) a trav\u00e9s de su \u00c1rea de Creaci\u00f3n e Investigaci\u00f3n con un total de 8 montajes en tres a\u00f1os. En su nuevo ciclo el programa vuelve a convocar a artistas de&nbsp;AA.EE. de la Regi\u00f3n de [&hellip;]","og_url":"https:\/\/dev.antudigital.cl\/sites\/vc\/ultima-semana-para-postular-a-las-residencias-en-artes-escenicas-del-parque-cultural-de-valparaiso\/","og_site_name":"Valpara\u00ed\u00adso Creativo","article_published_time":"2024-08-14T17:20:33+00:00","article_modified_time":"2024-08-14T17:20:50+00:00","og_image":[{"width":2560,"height":1707,"url":"https:\/\/dev.antudigital.cl\/sites\/vc\/wp-content\/uploads\/2024\/08\/Convocatoria_a_residencias_en_AAEE_PCdV_2024_02-scaled.jpg","type":"image\/jpeg"}],"author":"Valpara\u00edso Creativo","twitter_card":"summary_large_image","twitter_misc":{"Escrito por":"Valpara\u00edso Creativo","Tiempo de lectura":"3 minutos"},"schema":{"@context":"https:\/\/schema.org","@graph":[{"@type":"Article","@id":"https:\/\/dev.antudigital.cl\/sites\/vc\/ultima-semana-para-postular-a-las-residencias-en-artes-escenicas-del-parque-cultural-de-valparaiso\/#article","isPartOf":{"@id":"https:\/\/dev.antudigital.cl\/sites\/vc\/ultima-semana-para-postular-a-las-residencias-en-artes-escenicas-del-parque-cultural-de-valparaiso\/"},"author":{"name":"Valpara\u00edso Creativo","@id":"https:\/\/dev.antudigital.cl\/sites\/vc\/#\/schema\/person\/c2b9da8dd545e27166fc5ab232837318"},"headline":"\u00daltima semana para postular a las residencias en artes esc\u00e9nicas del Parque Cultural de Valpara\u00edso\u00a0","datePublished":"2024-08-14T17:20:33+00:00","dateModified":"2024-08-14T17:20:50+00:00","mainEntityOfPage":{"@id":"https:\/\/dev.antudigital.cl\/sites\/vc\/ultima-semana-para-postular-a-las-residencias-en-artes-escenicas-del-parque-cultural-de-valparaiso\/"},"wordCount":449,"image":{"@id":"https:\/\/dev.antudigital.cl\/sites\/vc\/ultima-semana-para-postular-a-las-residencias-en-artes-escenicas-del-parque-cultural-de-valparaiso\/#primaryimage"},"thumbnailUrl":"https:\/\/dev.antudigital.cl\/sites\/vc\/wp-content\/uploads\/2024\/08\/Convocatoria_a_residencias_en_AAEE_PCdV_2024_02-scaled.jpg","articleSection":["Noticia"],"inLanguage":"es"},{"@type":"WebPage","@id":"https:\/\/dev.antudigital.cl\/sites\/vc\/ultima-semana-para-postular-a-las-residencias-en-artes-escenicas-del-parque-cultural-de-valparaiso\/","url":"https:\/\/dev.antudigital.cl\/sites\/vc\/ultima-semana-para-postular-a-las-residencias-en-artes-escenicas-del-parque-cultural-de-valparaiso\/","name":"\u00daltima semana para postular a las residencias en artes esc\u00e9nicas del Parque Cultural de Valpara\u00edso\u00a0 - Valpara\u00ed\u00adso Creativo","isPartOf":{"@id":"https:\/\/dev.antudigital.cl\/sites\/vc\/#website"},"primaryImageOfPage":{"@id":"https:\/\/dev.antudigital.cl\/sites\/vc\/ultima-semana-para-postular-a-las-residencias-en-artes-escenicas-del-parque-cultural-de-valparaiso\/#primaryimage"},"image":{"@id":"https:\/\/dev.antudigital.cl\/sites\/vc\/ultima-semana-para-postular-a-las-residencias-en-artes-escenicas-del-parque-cultural-de-valparaiso\/#primaryimage"},"thumbnailUrl":"https:\/\/dev.antudigital.cl\/sites\/vc\/wp-content\/uploads\/2024\/08\/Convocatoria_a_residencias_en_AAEE_PCdV_2024_02-scaled.jpg","datePublished":"2024-08-14T17:20:33+00:00","dateModified":"2024-08-14T17:20:50+00:00","author":{"@id":"https:\/\/dev.antudigital.cl\/sites\/vc\/#\/schema\/person\/c2b9da8dd545e27166fc5ab232837318"},"breadcrumb":{"@id":"https:\/\/dev.antudigital.cl\/sites\/vc\/ultima-semana-para-postular-a-las-residencias-en-artes-escenicas-del-parque-cultural-de-valparaiso\/#breadcrumb"},"inLanguage":"es","potentialAction":[{"@type":"ReadAction","target":["https:\/\/dev.antudigital.cl\/sites\/vc\/ultima-semana-para-postular-a-las-residencias-en-artes-escenicas-del-parque-cultural-de-valparaiso\/"]}]},{"@type":"ImageObject","inLanguage":"es","@id":"https:\/\/dev.antudigital.cl\/sites\/vc\/ultima-semana-para-postular-a-las-residencias-en-artes-escenicas-del-parque-cultural-de-valparaiso\/#primaryimage","url":"https:\/\/dev.antudigital.cl\/sites\/vc\/wp-content\/uploads\/2024\/08\/Convocatoria_a_residencias_en_AAEE_PCdV_2024_02-scaled.jpg","contentUrl":"https:\/\/dev.antudigital.cl\/sites\/vc\/wp-content\/uploads\/2024\/08\/Convocatoria_a_residencias_en_AAEE_PCdV_2024_02-scaled.jpg","width":2560,"height":1707},{"@type":"BreadcrumbList","@id":"https:\/\/dev.antudigital.cl\/sites\/vc\/ultima-semana-para-postular-a-las-residencias-en-artes-escenicas-del-parque-cultural-de-valparaiso\/#breadcrumb","itemListElement":[{"@type":"ListItem","position":1,"name":"Home","item":"https:\/\/dev.antudigital.cl\/sites\/vc\/"},{"@type":"ListItem","position":2,"name":"\u00daltima semana para postular a las residencias en artes esc\u00e9nicas del Parque Cultural de Valpara\u00edso\u00a0"}]},{"@type":"WebSite","@id":"https:\/\/dev.antudigital.cl\/sites\/vc\/#website","url":"https:\/\/dev.antudigital.cl\/sites\/vc\/","name":"Valpara\u00ed\u00adso Creativo","description":"","potentialAction":[{"@type":"SearchAction","target":{"@type":"EntryPoint","urlTemplate":"https:\/\/dev.antudigital.cl\/sites\/vc\/?s={search_term_string}"},"query-input":{"@type":"PropertyValueSpecification","valueRequired":true,"valueName":"search_term_string"}}],"inLanguage":"es"},{"@type":"Person","@id":"https:\/\/dev.antudigital.cl\/sites\/vc\/#\/schema\/person\/c2b9da8dd545e27166fc5ab232837318","name":"Valpara\u00edso Creativo","description":"Periodista de cultura en la Regi\u00f3n de Valpara\u00edso.","url":"https:\/\/dev.antudigital.cl\/sites\/vc\/author\/valpoadmin\/"}]}},"_links":{"self":[{"href":"https:\/\/dev.antudigital.cl\/sites\/vc\/wp-json\/wp\/v2\/posts\/20019","targetHints":{"allow":["GET"]}}],"collection":[{"href":"https:\/\/dev.antudigital.cl\/sites\/vc\/wp-json\/wp\/v2\/posts"}],"about":[{"href":"https:\/\/dev.antudigital.cl\/sites\/vc\/wp-json\/wp\/v2\/types\/post"}],"author":[{"embeddable":true,"href":"https:\/\/dev.antudigital.cl\/sites\/vc\/wp-json\/wp\/v2\/users\/1"}],"replies":[{"embeddable":true,"href":"https:\/\/dev.antudigital.cl\/sites\/vc\/wp-json\/wp\/v2\/comments?post=20019"}],"version-history":[{"count":1,"href":"https:\/\/dev.antudigital.cl\/sites\/vc\/wp-json\/wp\/v2\/posts\/20019\/revisions"}],"predecessor-version":[{"id":20022,"href":"https:\/\/dev.antudigital.cl\/sites\/vc\/wp-json\/wp\/v2\/posts\/20019\/revisions\/20022"}],"wp:featuredmedia":[{"embeddable":true,"href":"https:\/\/dev.antudigital.cl\/sites\/vc\/wp-json\/wp\/v2\/media\/20020"}],"wp:attachment":[{"href":"https:\/\/dev.antudigital.cl\/sites\/vc\/wp-json\/wp\/v2\/media?parent=20019"}],"wp:term":[{"taxonomy":"category","embeddable":true,"href":"https:\/\/dev.antudigital.cl\/sites\/vc\/wp-json\/wp\/v2\/categories?post=20019"},{"taxonomy":"post_tag","embeddable":true,"href":"https:\/\/dev.antudigital.cl\/sites\/vc\/wp-json\/wp\/v2\/tags?post=20019"}],"curies":[{"name":"wp","href":"https:\/\/api.w.org\/{rel}","templated":true}]}}