{"id":20023,"date":"2024-08-14T17:26:52","date_gmt":"2024-08-14T17:26:52","guid":{"rendered":"https:\/\/www.valparaisocreativo.cl\/?p=20023"},"modified":"2024-08-14T17:27:18","modified_gmt":"2024-08-14T17:27:18","slug":"50-anos-de-olave-ascensores-empresa-familiar-honra-la-memoria-de-sus-fundadores-y-celebra-el-presente","status":"publish","type":"post","link":"https:\/\/dev.antudigital.cl\/sites\/vc\/50-anos-de-olave-ascensores-empresa-familiar-honra-la-memoria-de-sus-fundadores-y-celebra-el-presente\/","title":{"rendered":"50 A\u00d1OS DE OLAVE ASCENSORES: Empresa familiar honra la memoria de sus fundadores y celebra el presente"},"content":{"rendered":"\n<p>El a\u00f1o 1974 se fund\u00f3 \u201cManuel Olave e Hijo Limitada\u201d, tambi\u00e9n conocida como Olave Ascensores, una empresa dedicada al mantenimiento, modernizaci\u00f3n y reparaci\u00f3n de ascensores y montacargas, atendiendo las necesidades de todo el Gran Valpara\u00edso. Esta es una empresa pionera en la regi\u00f3n, dedicada plenamente al transporte vertical.&nbsp;<\/p>\n\n\n\n<p>Hoy, tras cincuenta a\u00f1os desde su fundaci\u00f3n, se busca dar visibilidad y reconocimiento a la empresa, realizando una serie de hitos para celebrar la memoria y el presente de las y los trabajadores que cumplen tantos a\u00f1os de historia.<\/p>\n\n\n\n<p><strong>Gonzalo Olave, Gerente General<\/strong>, comparte: \u201cOlave Ascensores para m\u00ed es el legado de mi padre, Juvenal Eduardo Olave, y de mi abuelo, Manuel Olave. Por azar del destino se iniciaron en el mundo de la mec\u00e1nica y del arreglo de los ascensores. Creo que ellos no sab\u00edan que este iba a ser un negocio tan fruct\u00edfero, encontraron un lugar donde trabajar, donde se especializaron, aprendieron, vieron que hab\u00eda personas que necesitaban arreglar ascensores en los a\u00f1os \u201870. Acertaron en un rubro que iba a tener una gran expansi\u00f3n en los a\u00f1os siguientes, los \u201880 y \u201890, con el alza de la construcci\u00f3n de departamentos en altura\u201d.<\/p>\n\n\n\n<p>\u201cHa sido muy bello recibir este legado, la atenci\u00f3n directa con los clientes nos ha permitido seguir vigentes estos 50 a\u00f1os. La empresa cumple con todas las exigencias t\u00e9cnicas y de seguridad que dictan las normativas, generando as\u00ed confianza en sus clientes y colaboradores. Las personas siempre han referido un muy buen trato por parte de mi padre y de mi abuelo, lo que los convirti\u00f3 en expertos asesores para las comunidades en el tema de los ascensores. Somos una empresa con pol\u00edtica de puertas abiertas, solamente con dos llamados te puedes contactar con el gerente general, el encargado de operaciones o el encargado de facturaci\u00f3n, eso es algo que mi abuelo y mi padre hicieron con fervor, construyendo un servicio al cliente de excelencia\u201d.<\/p>\n\n\n\n<p><strong>Rodrigo Olave, Director General de Requerimientos y Atenci\u00f3n al Cliente<\/strong>, se\u00f1ala: \u201cLlegu\u00e9 a este cargo al fallecer mi padre. El equipo necesitaba ayuda y gracias a mi experiencia en tecnolog\u00eda y atenci\u00f3n al cliente he podido cumplir con las tareas requeridas. Hay un excelente flujo de trabajo. Cuando el equipo en terreno detecta una falla traspasa la informaci\u00f3n al equipo de operaciones y la transformamos en un presupuesto, una indicaci\u00f3n o una recomendaci\u00f3n. Eso se env\u00eda al cliente y se hacen las mejoras. Mientras mejor se trata a un ascensor, mejor va a funcionar\u201d.<\/p>\n\n\n\n<p>\u201cA trav\u00e9s de los ascensores buscamos beneficiar a las comunidades, por eso nuestra preocupaci\u00f3n es que los elevadores est\u00e9n funcionando siempre. Tenemos una pir\u00e1mide de prioridades ante las urgencias, un plan de acci\u00f3n si una persona queda atrapada en un ascensor. Siempre hay equipo disponible, eso nos ha permitido aportar en grandes sucesos, terremotos, por ejemplo, apagones por incendios, donde muchos ascensores dejan de funcionar, priorizando que queden disponibles lo antes posible\u201d.<\/p>\n\n\n\n<p><strong>Jeannette Carvallo, Secretaria Administrativa<\/strong>, trabaja desde hace 27 a\u00f1os en la empresa. Considera que \u201clo m\u00e1s relevante es el trato familiar. Es una empresa de atenci\u00f3n personalizada y de alta calidad humana. Adem\u00e1s, trabajamos para edificios emblem\u00e1ticos, como el Centex, Centro de Extensi\u00f3n del Ministerio de las Culturas, las Artes y el Patrimonio, tambi\u00e9n conocido como Ex Correos de Chile, o el Interoce\u00e1nica, que tiene muchas oficinas de agencias de aduanas. All\u00ed el ascensor sube y baja todo el d\u00eda, porque hay mucho flujo de personas. Aportamos a distintas comunidades en el sector del Gran Valpara\u00edso, poniendo a disposici\u00f3n los a\u00f1os de experiencia\u201d.<\/p>\n\n\n\n<p><strong>LOS 50 A\u00d1OS Y LOS QUE SIGUEN<\/strong><\/p>\n\n\n\n<p>Olave Ascensores se ve feliz cumpliendo los 50 a\u00f1os, no solo por el hecho de haber llegado a tan importante n\u00famero, sino tambi\u00e9n por las ganas de seguir mejorando su servicio, por lo mismo la empresa se encuentra no s\u00f3lo modernizando sus procesos internos de trabajo, sino tambi\u00e9n sus m\u00e9todos de atenci\u00f3n al cliente.&nbsp;<br>\u201cNos gusta que las comunidades sepan y conozcan c\u00f3mo funcionan sus ascensores, la importancia de ir actualiz\u00e1ndolos cuando es necesario para evitar fallas. No hay que olvidar que las comunidades, junto con nosotros, somos las responsables del buen funcionamiento de los ascensores y es un bien y servicio que debe estar siempre funcionando de forma correcta en pos de la comunidad y bienestar de todas las personas\u201d, a\u00f1ade&nbsp;<strong>Rodrigo Olave.<\/strong>&nbsp;\u201cTenemos muchas ganas de seguir creciendo con las personas y, porqu\u00e9 no, tambi\u00e9n con la regi\u00f3n y el pa\u00eds\u201d. Para m\u00e1s informaci\u00f3n visitar el sitio web&nbsp;<a href=\"http:\/\/www.olaveascensores.cl\/\" target=\"_blank\" rel=\"noreferrer noopener\">www.olaveascensores.cl<\/a>&nbsp;y seguir el Instagram&nbsp;<a href=\"https:\/\/www.instagram.com\/olaveascensores\/\" target=\"_blank\" rel=\"noreferrer noopener\">@olaveascensores<\/a>.<\/p>\n","protected":false},"excerpt":{"rendered":"<p>El a\u00f1o 1974 se fund\u00f3 \u201cManuel Olave e Hijo Limitada\u201d, tambi\u00e9n conocida como Olave Ascensores, una empresa dedicada al mantenimiento, modernizaci\u00f3n y reparaci\u00f3n de ascensores y montacargas, atendiendo las necesidades de todo el Gran Valpara\u00edso. Esta es una empresa pionera en la regi\u00f3n, dedicada plenamente al transporte vertical.&nbsp; Hoy, tras cincuenta a\u00f1os desde su fundaci\u00f3n, [&hellip;]<\/p>\n","protected":false},"author":1,"featured_media":20024,"comment_status":"closed","ping_status":"closed","sticky":false,"template":"","format":"standard","meta":{"_acf_changed":false,"footnotes":""},"categories":[8],"tags":[],"class_list":["post-20023","post","type-post","status-publish","format-standard","has-post-thumbnail","hentry","category-noticia"],"acf":[],"yoast_head":"<!-- This site is optimized with the Yoast SEO plugin v27.1.1 - https:\/\/yoast.com\/product\/yoast-seo-wordpress\/ -->\n<title>50 A\u00d1OS DE OLAVE ASCENSORES: Empresa familiar honra la memoria de sus fundadores y celebra el presente - Valpara\u00ed\u00adso Creativo<\/title>\n<meta name=\"robots\" content=\"index, follow, max-snippet:-1, max-image-preview:large, max-video-preview:-1\" \/>\n<link rel=\"canonical\" href=\"https:\/\/dev.antudigital.cl\/sites\/vc\/50-anos-de-olave-ascensores-empresa-familiar-honra-la-memoria-de-sus-fundadores-y-celebra-el-presente\/\" \/>\n<meta property=\"og:locale\" content=\"es_ES\" \/>\n<meta property=\"og:type\" content=\"article\" \/>\n<meta property=\"og:title\" content=\"50 A\u00d1OS DE OLAVE ASCENSORES: Empresa familiar honra la memoria de sus fundadores y celebra el presente - Valpara\u00ed\u00adso Creativo\" \/>\n<meta property=\"og:description\" content=\"El a\u00f1o 1974 se fund\u00f3 \u201cManuel Olave e Hijo Limitada\u201d, tambi\u00e9n conocida como Olave Ascensores, una empresa dedicada al mantenimiento, modernizaci\u00f3n y reparaci\u00f3n de ascensores y montacargas, atendiendo las necesidades de todo el Gran Valpara\u00edso. Esta es una empresa pionera en la regi\u00f3n, dedicada plenamente al transporte vertical.&nbsp; Hoy, tras cincuenta a\u00f1os desde su fundaci\u00f3n, [&hellip;]\" \/>\n<meta property=\"og:url\" content=\"https:\/\/dev.antudigital.cl\/sites\/vc\/50-anos-de-olave-ascensores-empresa-familiar-honra-la-memoria-de-sus-fundadores-y-celebra-el-presente\/\" \/>\n<meta property=\"og:site_name\" content=\"Valpara\u00ed\u00adso Creativo\" \/>\n<meta property=\"article:published_time\" content=\"2024-08-14T17:26:52+00:00\" \/>\n<meta property=\"article:modified_time\" content=\"2024-08-14T17:27:18+00:00\" \/>\n<meta property=\"og:image\" content=\"https:\/\/dev.antudigital.cl\/sites\/vc\/wp-content\/uploads\/2024\/08\/Manuel-Olave-y-Eduardo-Olave-OLAVE-ASCENSORES.jpeg\" \/>\n\t<meta property=\"og:image:width\" content=\"1324\" \/>\n\t<meta property=\"og:image:height\" content=\"992\" \/>\n\t<meta property=\"og:image:type\" content=\"image\/jpeg\" \/>\n<meta name=\"author\" content=\"Valpara\u00edso Creativo\" \/>\n<meta name=\"twitter:card\" content=\"summary_large_image\" \/>\n<meta name=\"twitter:label1\" content=\"Escrito por\" \/>\n\t<meta name=\"twitter:data1\" content=\"Valpara\u00edso Creativo\" \/>\n\t<meta name=\"twitter:label2\" content=\"Tiempo de lectura\" \/>\n\t<meta name=\"twitter:data2\" content=\"4 minutos\" \/>\n<script type=\"application\/ld+json\" class=\"yoast-schema-graph\">{\"@context\":\"https:\/\/schema.org\",\"@graph\":[{\"@type\":\"Article\",\"@id\":\"https:\/\/dev.antudigital.cl\/sites\/vc\/50-anos-de-olave-ascensores-empresa-familiar-honra-la-memoria-de-sus-fundadores-y-celebra-el-presente\/#article\",\"isPartOf\":{\"@id\":\"https:\/\/dev.antudigital.cl\/sites\/vc\/50-anos-de-olave-ascensores-empresa-familiar-honra-la-memoria-de-sus-fundadores-y-celebra-el-presente\/\"},\"author\":{\"name\":\"Valpara\u00edso Creativo\",\"@id\":\"https:\/\/dev.antudigital.cl\/sites\/vc\/#\/schema\/person\/c2b9da8dd545e27166fc5ab232837318\"},\"headline\":\"50 A\u00d1OS DE OLAVE ASCENSORES: Empresa familiar honra la memoria de sus fundadores y celebra el presente\",\"datePublished\":\"2024-08-14T17:26:52+00:00\",\"dateModified\":\"2024-08-14T17:27:18+00:00\",\"mainEntityOfPage\":{\"@id\":\"https:\/\/dev.antudigital.cl\/sites\/vc\/50-anos-de-olave-ascensores-empresa-familiar-honra-la-memoria-de-sus-fundadores-y-celebra-el-presente\/\"},\"wordCount\":831,\"image\":{\"@id\":\"https:\/\/dev.antudigital.cl\/sites\/vc\/50-anos-de-olave-ascensores-empresa-familiar-honra-la-memoria-de-sus-fundadores-y-celebra-el-presente\/#primaryimage\"},\"thumbnailUrl\":\"https:\/\/dev.antudigital.cl\/sites\/vc\/wp-content\/uploads\/2024\/08\/Manuel-Olave-y-Eduardo-Olave-OLAVE-ASCENSORES.jpeg\",\"articleSection\":[\"Noticia\"],\"inLanguage\":\"es\"},{\"@type\":\"WebPage\",\"@id\":\"https:\/\/dev.antudigital.cl\/sites\/vc\/50-anos-de-olave-ascensores-empresa-familiar-honra-la-memoria-de-sus-fundadores-y-celebra-el-presente\/\",\"url\":\"https:\/\/dev.antudigital.cl\/sites\/vc\/50-anos-de-olave-ascensores-empresa-familiar-honra-la-memoria-de-sus-fundadores-y-celebra-el-presente\/\",\"name\":\"50 A\u00d1OS DE OLAVE ASCENSORES: Empresa familiar honra la memoria de sus fundadores y celebra el presente - Valpara\u00ed\u00adso Creativo\",\"isPartOf\":{\"@id\":\"https:\/\/dev.antudigital.cl\/sites\/vc\/#website\"},\"primaryImageOfPage\":{\"@id\":\"https:\/\/dev.antudigital.cl\/sites\/vc\/50-anos-de-olave-ascensores-empresa-familiar-honra-la-memoria-de-sus-fundadores-y-celebra-el-presente\/#primaryimage\"},\"image\":{\"@id\":\"https:\/\/dev.antudigital.cl\/sites\/vc\/50-anos-de-olave-ascensores-empresa-familiar-honra-la-memoria-de-sus-fundadores-y-celebra-el-presente\/#primaryimage\"},\"thumbnailUrl\":\"https:\/\/dev.antudigital.cl\/sites\/vc\/wp-content\/uploads\/2024\/08\/Manuel-Olave-y-Eduardo-Olave-OLAVE-ASCENSORES.jpeg\",\"datePublished\":\"2024-08-14T17:26:52+00:00\",\"dateModified\":\"2024-08-14T17:27:18+00:00\",\"author\":{\"@id\":\"https:\/\/dev.antudigital.cl\/sites\/vc\/#\/schema\/person\/c2b9da8dd545e27166fc5ab232837318\"},\"breadcrumb\":{\"@id\":\"https:\/\/dev.antudigital.cl\/sites\/vc\/50-anos-de-olave-ascensores-empresa-familiar-honra-la-memoria-de-sus-fundadores-y-celebra-el-presente\/#breadcrumb\"},\"inLanguage\":\"es\",\"potentialAction\":[{\"@type\":\"ReadAction\",\"target\":[\"https:\/\/dev.antudigital.cl\/sites\/vc\/50-anos-de-olave-ascensores-empresa-familiar-honra-la-memoria-de-sus-fundadores-y-celebra-el-presente\/\"]}]},{\"@type\":\"ImageObject\",\"inLanguage\":\"es\",\"@id\":\"https:\/\/dev.antudigital.cl\/sites\/vc\/50-anos-de-olave-ascensores-empresa-familiar-honra-la-memoria-de-sus-fundadores-y-celebra-el-presente\/#primaryimage\",\"url\":\"https:\/\/dev.antudigital.cl\/sites\/vc\/wp-content\/uploads\/2024\/08\/Manuel-Olave-y-Eduardo-Olave-OLAVE-ASCENSORES.jpeg\",\"contentUrl\":\"https:\/\/dev.antudigital.cl\/sites\/vc\/wp-content\/uploads\/2024\/08\/Manuel-Olave-y-Eduardo-Olave-OLAVE-ASCENSORES.jpeg\",\"width\":1324,\"height\":992},{\"@type\":\"BreadcrumbList\",\"@id\":\"https:\/\/dev.antudigital.cl\/sites\/vc\/50-anos-de-olave-ascensores-empresa-familiar-honra-la-memoria-de-sus-fundadores-y-celebra-el-presente\/#breadcrumb\",\"itemListElement\":[{\"@type\":\"ListItem\",\"position\":1,\"name\":\"Home\",\"item\":\"https:\/\/dev.antudigital.cl\/sites\/vc\/\"},{\"@type\":\"ListItem\",\"position\":2,\"name\":\"50 A\u00d1OS DE OLAVE ASCENSORES: Empresa familiar honra la memoria de sus fundadores y celebra el presente\"}]},{\"@type\":\"WebSite\",\"@id\":\"https:\/\/dev.antudigital.cl\/sites\/vc\/#website\",\"url\":\"https:\/\/dev.antudigital.cl\/sites\/vc\/\",\"name\":\"Valpara\u00ed\u00adso Creativo\",\"description\":\"\",\"potentialAction\":[{\"@type\":\"SearchAction\",\"target\":{\"@type\":\"EntryPoint\",\"urlTemplate\":\"https:\/\/dev.antudigital.cl\/sites\/vc\/?s={search_term_string}\"},\"query-input\":{\"@type\":\"PropertyValueSpecification\",\"valueRequired\":true,\"valueName\":\"search_term_string\"}}],\"inLanguage\":\"es\"},{\"@type\":\"Person\",\"@id\":\"https:\/\/dev.antudigital.cl\/sites\/vc\/#\/schema\/person\/c2b9da8dd545e27166fc5ab232837318\",\"name\":\"Valpara\u00edso Creativo\",\"description\":\"Periodista de cultura en la Regi\u00f3n de Valpara\u00edso.\",\"url\":\"https:\/\/dev.antudigital.cl\/sites\/vc\/author\/valpoadmin\/\"}]}<\/script>\n<!-- \/ Yoast SEO plugin. -->","yoast_head_json":{"title":"50 A\u00d1OS DE OLAVE ASCENSORES: Empresa familiar honra la memoria de sus fundadores y celebra el presente - Valpara\u00ed\u00adso Creativo","robots":{"index":"index","follow":"follow","max-snippet":"max-snippet:-1","max-image-preview":"max-image-preview:large","max-video-preview":"max-video-preview:-1"},"canonical":"https:\/\/dev.antudigital.cl\/sites\/vc\/50-anos-de-olave-ascensores-empresa-familiar-honra-la-memoria-de-sus-fundadores-y-celebra-el-presente\/","og_locale":"es_ES","og_type":"article","og_title":"50 A\u00d1OS DE OLAVE ASCENSORES: Empresa familiar honra la memoria de sus fundadores y celebra el presente - Valpara\u00ed\u00adso Creativo","og_description":"El a\u00f1o 1974 se fund\u00f3 \u201cManuel Olave e Hijo Limitada\u201d, tambi\u00e9n conocida como Olave Ascensores, una empresa dedicada al mantenimiento, modernizaci\u00f3n y reparaci\u00f3n de ascensores y montacargas, atendiendo las necesidades de todo el Gran Valpara\u00edso. Esta es una empresa pionera en la regi\u00f3n, dedicada plenamente al transporte vertical.&nbsp; Hoy, tras cincuenta a\u00f1os desde su fundaci\u00f3n, [&hellip;]","og_url":"https:\/\/dev.antudigital.cl\/sites\/vc\/50-anos-de-olave-ascensores-empresa-familiar-honra-la-memoria-de-sus-fundadores-y-celebra-el-presente\/","og_site_name":"Valpara\u00ed\u00adso Creativo","article_published_time":"2024-08-14T17:26:52+00:00","article_modified_time":"2024-08-14T17:27:18+00:00","og_image":[{"width":1324,"height":992,"url":"https:\/\/dev.antudigital.cl\/sites\/vc\/wp-content\/uploads\/2024\/08\/Manuel-Olave-y-Eduardo-Olave-OLAVE-ASCENSORES.jpeg","type":"image\/jpeg"}],"author":"Valpara\u00edso Creativo","twitter_card":"summary_large_image","twitter_misc":{"Escrito por":"Valpara\u00edso Creativo","Tiempo de lectura":"4 minutos"},"schema":{"@context":"https:\/\/schema.org","@graph":[{"@type":"Article","@id":"https:\/\/dev.antudigital.cl\/sites\/vc\/50-anos-de-olave-ascensores-empresa-familiar-honra-la-memoria-de-sus-fundadores-y-celebra-el-presente\/#article","isPartOf":{"@id":"https:\/\/dev.antudigital.cl\/sites\/vc\/50-anos-de-olave-ascensores-empresa-familiar-honra-la-memoria-de-sus-fundadores-y-celebra-el-presente\/"},"author":{"name":"Valpara\u00edso Creativo","@id":"https:\/\/dev.antudigital.cl\/sites\/vc\/#\/schema\/person\/c2b9da8dd545e27166fc5ab232837318"},"headline":"50 A\u00d1OS DE OLAVE ASCENSORES: Empresa familiar honra la memoria de sus fundadores y celebra el presente","datePublished":"2024-08-14T17:26:52+00:00","dateModified":"2024-08-14T17:27:18+00:00","mainEntityOfPage":{"@id":"https:\/\/dev.antudigital.cl\/sites\/vc\/50-anos-de-olave-ascensores-empresa-familiar-honra-la-memoria-de-sus-fundadores-y-celebra-el-presente\/"},"wordCount":831,"image":{"@id":"https:\/\/dev.antudigital.cl\/sites\/vc\/50-anos-de-olave-ascensores-empresa-familiar-honra-la-memoria-de-sus-fundadores-y-celebra-el-presente\/#primaryimage"},"thumbnailUrl":"https:\/\/dev.antudigital.cl\/sites\/vc\/wp-content\/uploads\/2024\/08\/Manuel-Olave-y-Eduardo-Olave-OLAVE-ASCENSORES.jpeg","articleSection":["Noticia"],"inLanguage":"es"},{"@type":"WebPage","@id":"https:\/\/dev.antudigital.cl\/sites\/vc\/50-anos-de-olave-ascensores-empresa-familiar-honra-la-memoria-de-sus-fundadores-y-celebra-el-presente\/","url":"https:\/\/dev.antudigital.cl\/sites\/vc\/50-anos-de-olave-ascensores-empresa-familiar-honra-la-memoria-de-sus-fundadores-y-celebra-el-presente\/","name":"50 A\u00d1OS DE OLAVE ASCENSORES: Empresa familiar honra la memoria de sus fundadores y celebra el presente - Valpara\u00ed\u00adso Creativo","isPartOf":{"@id":"https:\/\/dev.antudigital.cl\/sites\/vc\/#website"},"primaryImageOfPage":{"@id":"https:\/\/dev.antudigital.cl\/sites\/vc\/50-anos-de-olave-ascensores-empresa-familiar-honra-la-memoria-de-sus-fundadores-y-celebra-el-presente\/#primaryimage"},"image":{"@id":"https:\/\/dev.antudigital.cl\/sites\/vc\/50-anos-de-olave-ascensores-empresa-familiar-honra-la-memoria-de-sus-fundadores-y-celebra-el-presente\/#primaryimage"},"thumbnailUrl":"https:\/\/dev.antudigital.cl\/sites\/vc\/wp-content\/uploads\/2024\/08\/Manuel-Olave-y-Eduardo-Olave-OLAVE-ASCENSORES.jpeg","datePublished":"2024-08-14T17:26:52+00:00","dateModified":"2024-08-14T17:27:18+00:00","author":{"@id":"https:\/\/dev.antudigital.cl\/sites\/vc\/#\/schema\/person\/c2b9da8dd545e27166fc5ab232837318"},"breadcrumb":{"@id":"https:\/\/dev.antudigital.cl\/sites\/vc\/50-anos-de-olave-ascensores-empresa-familiar-honra-la-memoria-de-sus-fundadores-y-celebra-el-presente\/#breadcrumb"},"inLanguage":"es","potentialAction":[{"@type":"ReadAction","target":["https:\/\/dev.antudigital.cl\/sites\/vc\/50-anos-de-olave-ascensores-empresa-familiar-honra-la-memoria-de-sus-fundadores-y-celebra-el-presente\/"]}]},{"@type":"ImageObject","inLanguage":"es","@id":"https:\/\/dev.antudigital.cl\/sites\/vc\/50-anos-de-olave-ascensores-empresa-familiar-honra-la-memoria-de-sus-fundadores-y-celebra-el-presente\/#primaryimage","url":"https:\/\/dev.antudigital.cl\/sites\/vc\/wp-content\/uploads\/2024\/08\/Manuel-Olave-y-Eduardo-Olave-OLAVE-ASCENSORES.jpeg","contentUrl":"https:\/\/dev.antudigital.cl\/sites\/vc\/wp-content\/uploads\/2024\/08\/Manuel-Olave-y-Eduardo-Olave-OLAVE-ASCENSORES.jpeg","width":1324,"height":992},{"@type":"BreadcrumbList","@id":"https:\/\/dev.antudigital.cl\/sites\/vc\/50-anos-de-olave-ascensores-empresa-familiar-honra-la-memoria-de-sus-fundadores-y-celebra-el-presente\/#breadcrumb","itemListElement":[{"@type":"ListItem","position":1,"name":"Home","item":"https:\/\/dev.antudigital.cl\/sites\/vc\/"},{"@type":"ListItem","position":2,"name":"50 A\u00d1OS DE OLAVE ASCENSORES: Empresa familiar honra la memoria de sus fundadores y celebra el presente"}]},{"@type":"WebSite","@id":"https:\/\/dev.antudigital.cl\/sites\/vc\/#website","url":"https:\/\/dev.antudigital.cl\/sites\/vc\/","name":"Valpara\u00ed\u00adso Creativo","description":"","potentialAction":[{"@type":"SearchAction","target":{"@type":"EntryPoint","urlTemplate":"https:\/\/dev.antudigital.cl\/sites\/vc\/?s={search_term_string}"},"query-input":{"@type":"PropertyValueSpecification","valueRequired":true,"valueName":"search_term_string"}}],"inLanguage":"es"},{"@type":"Person","@id":"https:\/\/dev.antudigital.cl\/sites\/vc\/#\/schema\/person\/c2b9da8dd545e27166fc5ab232837318","name":"Valpara\u00edso Creativo","description":"Periodista de cultura en la Regi\u00f3n de Valpara\u00edso.","url":"https:\/\/dev.antudigital.cl\/sites\/vc\/author\/valpoadmin\/"}]}},"_links":{"self":[{"href":"https:\/\/dev.antudigital.cl\/sites\/vc\/wp-json\/wp\/v2\/posts\/20023","targetHints":{"allow":["GET"]}}],"collection":[{"href":"https:\/\/dev.antudigital.cl\/sites\/vc\/wp-json\/wp\/v2\/posts"}],"about":[{"href":"https:\/\/dev.antudigital.cl\/sites\/vc\/wp-json\/wp\/v2\/types\/post"}],"author":[{"embeddable":true,"href":"https:\/\/dev.antudigital.cl\/sites\/vc\/wp-json\/wp\/v2\/users\/1"}],"replies":[{"embeddable":true,"href":"https:\/\/dev.antudigital.cl\/sites\/vc\/wp-json\/wp\/v2\/comments?post=20023"}],"version-history":[{"count":1,"href":"https:\/\/dev.antudigital.cl\/sites\/vc\/wp-json\/wp\/v2\/posts\/20023\/revisions"}],"predecessor-version":[{"id":20025,"href":"https:\/\/dev.antudigital.cl\/sites\/vc\/wp-json\/wp\/v2\/posts\/20023\/revisions\/20025"}],"wp:featuredmedia":[{"embeddable":true,"href":"https:\/\/dev.antudigital.cl\/sites\/vc\/wp-json\/wp\/v2\/media\/20024"}],"wp:attachment":[{"href":"https:\/\/dev.antudigital.cl\/sites\/vc\/wp-json\/wp\/v2\/media?parent=20023"}],"wp:term":[{"taxonomy":"category","embeddable":true,"href":"https:\/\/dev.antudigital.cl\/sites\/vc\/wp-json\/wp\/v2\/categories?post=20023"},{"taxonomy":"post_tag","embeddable":true,"href":"https:\/\/dev.antudigital.cl\/sites\/vc\/wp-json\/wp\/v2\/tags?post=20023"}],"curies":[{"name":"wp","href":"https:\/\/api.w.org\/{rel}","templated":true}]}}