{"id":20027,"date":"2024-08-14T17:32:31","date_gmt":"2024-08-14T17:32:31","guid":{"rendered":"https:\/\/www.valparaisocreativo.cl\/?p=20027"},"modified":"2024-08-14T17:32:50","modified_gmt":"2024-08-14T17:32:50","slug":"el-terror-sci-fi-llega-a-insomnia-con-el-estreno-de-alien-romulus-la-septima-pelicula-de-la-saga","status":"publish","type":"post","link":"https:\/\/dev.antudigital.cl\/sites\/vc\/el-terror-sci-fi-llega-a-insomnia-con-el-estreno-de-alien-romulus-la-septima-pelicula-de-la-saga\/","title":{"rendered":"El terror Sci-Fi llega a INSOMNIA con el estreno de \u201cAlien: Romulus\u201d la s\u00e9ptima pel\u00edcula de la saga"},"content":{"rendered":"\n<p>INSOMNIA Tetro Condell estrenar\u00e1 este jueves 15 de agosto a las 20:00 horas: \u201cAlien: Romulus\u201d pel\u00edcula de ciencia ficci\u00f3n y terror, dirigida y escrita por el uruguayo Fede \u00c1lvarez, director de las pel\u00edculas de terror \u201cNo respires\u201d y \u201cPosesi\u00f3n infernal\u201d y guionista de \u201cTexas Chainsaw Massacre\u201d y co escrita por Rodo Sayagues. Esta s\u00e9ptima entrega de la saga viene acompa\u00f1ada de las proyecciones \u201cAlien: el octavo pasajero\u201d del director Ridley Scott y Aliens, dirigida por James Cameron.<\/p>\n\n\n\n<p>\u201cAlien: Romulus\u201d es una historia que no sigue la cronolog\u00eda de Ellen Ripley. En esta oportunidad, un grupo de j\u00f3venes e inexpertos exploradores est\u00e1n en la b\u00fasqueda de un planeta con sol para poder colonizar. Mientras rebuscan en las profundidades de una estaci\u00f3n espacial abandonada, se encuentran cara a cara con la forma de vida m\u00e1s aterradora del universo.<\/p>\n\n\n\n<p>El thriller de ciencia ficci\u00f3n y terror de Alien: Romulus, nos muestra una pel\u00edcula que vuelve a las ra\u00edces de la exitosa franquicia&nbsp;<em>ALIEN.&nbsp;<\/em>La pel\u00edcula est\u00e1 protagonizada por Cailee Spaeny (<em>Priscilla<\/em>), David Jonsson (<em>Agatha Christie&#8217;s Murder is Easy<\/em>), Archie Renaux (<em>Sombra y hueso<\/em>), Isabela Merced (<em>The Last of Us<\/em>), Spike Fearn (<em>Aftersun<\/em>) y Aileen Wu.&nbsp;Fede \u00c1lvarez dirige a partir de un guion que escribi\u00f3 con su colaborador frecuente Rodo Sayagues (<em>No respires 2<\/em>) basado en personajes creados por Dan O&#8217;Bannon y Ronald Shusett.&nbsp;<\/p>\n\n\n\n<figure class=\"wp-block-image size-large\"><img fetchpriority=\"high\" decoding=\"async\" width=\"1024\" height=\"576\" src=\"https:\/\/www.valparaisocreativo.cl\/wp-content\/uploads\/2024\/08\/WhatsApp-Image-2024-08-12-at-12.51.18-PM-1024x576.jpeg\" alt=\"\" class=\"wp-image-20029\" srcset=\"https:\/\/dev.antudigital.cl\/sites\/vc\/wp-content\/uploads\/2024\/08\/WhatsApp-Image-2024-08-12-at-12.51.18-PM-1024x576.jpeg 1024w, https:\/\/dev.antudigital.cl\/sites\/vc\/wp-content\/uploads\/2024\/08\/WhatsApp-Image-2024-08-12-at-12.51.18-PM-300x169.jpeg 300w, https:\/\/dev.antudigital.cl\/sites\/vc\/wp-content\/uploads\/2024\/08\/WhatsApp-Image-2024-08-12-at-12.51.18-PM-768x432.jpeg 768w, https:\/\/dev.antudigital.cl\/sites\/vc\/wp-content\/uploads\/2024\/08\/WhatsApp-Image-2024-08-12-at-12.51.18-PM-1536x864.jpeg 1536w, https:\/\/dev.antudigital.cl\/sites\/vc\/wp-content\/uploads\/2024\/08\/WhatsApp-Image-2024-08-12-at-12.51.18-PM-1080x608.jpeg 1080w, https:\/\/dev.antudigital.cl\/sites\/vc\/wp-content\/uploads\/2024\/08\/WhatsApp-Image-2024-08-12-at-12.51.18-PM-1280x720.jpeg 1280w, https:\/\/dev.antudigital.cl\/sites\/vc\/wp-content\/uploads\/2024\/08\/WhatsApp-Image-2024-08-12-at-12.51.18-PM-980x551.jpeg 980w, https:\/\/dev.antudigital.cl\/sites\/vc\/wp-content\/uploads\/2024\/08\/WhatsApp-Image-2024-08-12-at-12.51.18-PM-480x270.jpeg 480w, https:\/\/dev.antudigital.cl\/sites\/vc\/wp-content\/uploads\/2024\/08\/WhatsApp-Image-2024-08-12-at-12.51.18-PM-24x14.jpeg 24w, https:\/\/dev.antudigital.cl\/sites\/vc\/wp-content\/uploads\/2024\/08\/WhatsApp-Image-2024-08-12-at-12.51.18-PM-36x20.jpeg 36w, https:\/\/dev.antudigital.cl\/sites\/vc\/wp-content\/uploads\/2024\/08\/WhatsApp-Image-2024-08-12-at-12.51.18-PM-48x27.jpeg 48w, https:\/\/dev.antudigital.cl\/sites\/vc\/wp-content\/uploads\/2024\/08\/WhatsApp-Image-2024-08-12-at-12.51.18-PM.jpeg 1600w\" sizes=\"(max-width: 1024px) 100vw, 1024px\" \/><\/figure>\n\n\n\n<p>Para Leonardo Torres, director de INSOMNIA, este estreno es imperdible: \u201cAlien de Ridley Scott es de aquellas pel\u00edculas que m\u00e1s me he repetido en la vida. Desde su estreno en el 79\u2019 el xenomorfo con sangre de \u00e1cido transform\u00f3 la industria del cine con su propuesta de experimentar el miedo b\u00e1sico, en una obra atemporal, una pel\u00edcula perfecta que no envejece. Fede \u00c1lvarez nos propone revivir ese temor tribal hacia la oscuridad, como continuaci\u00f3n y v\u00ednculo con Aliens de James Cameron, otra joya deslumbrante de la cinematograf\u00eda que goza de tener la mejor representante femenina y rompedora de esquemas del cine de ciencia ficci\u00f3n: la teniente Ellen Ripley\u201d.<\/p>\n\n\n\n<p>Cabe destacar que&nbsp;<strong><em>ALIEN: ROMULUS<\/em><\/strong>&nbsp;est\u00e1 producida por Ridley Scott (<em>Napole\u00f3n<\/em>), que dirigi\u00f3 la original&nbsp;<em>ALIEN<\/em>&nbsp;y que tambi\u00e9n produjo y dirigi\u00f3&nbsp;<em>PROMETEO<\/em>&nbsp;y&nbsp;<em>ALIEN: COVENANT<\/em>, ambas pel\u00edculas pertenecientes a la franquicia. Este film se proyectar\u00e1 los d\u00edas jueves 15 (20:00), viernes 16 (21:30), s\u00e1bado 17 (21:30), domingo 18 (20:00), martes 20 (18:00), mi\u00e9rcoles 21 (21:00), jueves 22 (15:00), s\u00e1bado 24 (19:00), domingo 25 (19:00), martes 27 (18:00) y jueves 29 (15:00).<\/p>\n\n\n\n<p><strong>Especial de Alien en INSOMNIA<\/strong><\/p>\n\n\n\n<p>En 1979 el mundo recibi\u00f3 el impacto de una pel\u00edcula que mezcl\u00f3 el arte, la ciencia ficci\u00f3n y el terror, con un ingrediente adicional: una protagonista mujer fuerte en un g\u00e9nero dominado por protagonistas masculinos. En \u201cAlien: el octavo pasajero\u201d Sigourney Weaver lleg\u00f3 al estrellato gracias al papel de Ellen Ripley, por el cual recibi\u00f3 un premio BAFTA como la \u201cprincipiante m\u00e1s prometedora en un rol protagonista en el cine\u201d.<\/p>\n\n\n\n<p>En t\u00e9rminos art\u00edsticos, la colaboraci\u00f3n del artista visual H. R. Giger fue fundamental. El sueco, conocido por sus pinturas surrealistas con aer\u00f3grafo, esculturas y tapas de discos, fue el creador de la est\u00e9tica de Alien, mezclando de manera magistral lo on\u00edrico, lo sexual, lo fant\u00e1stico y lo surreal.<\/p>\n\n\n\n<p>Por lo mismo, INSOMNIA No pod\u00eda dejar pasar la oportunidad de acompa\u00f1ar este estreno por sus pel\u00edculas favoritas de la saga: Alien, el octavo pasajero (Ridley Scott, 1979) los d\u00edas jueves 15 (17:30) y s\u00e1bado 17 (19:00) y Aliens del director James Cameron (1986), los d\u00edas domingo 18 (17:00) y martes 20 (20:30). Las entradas se adquieren presencialmente en boleter\u00eda en Condell 1585, Valpara\u00edso. Para m\u00e1s informaci\u00f3n visita&nbsp;<a href=\"http:\/\/www.insomniacine.cl\/\" target=\"_blank\" rel=\"noreferrer noopener\">www.insomniacine.cl<\/a>.<\/p>\n","protected":false},"excerpt":{"rendered":"<p>INSOMNIA Tetro Condell estrenar\u00e1 este jueves 15 de agosto a las 20:00 horas: \u201cAlien: Romulus\u201d pel\u00edcula de ciencia ficci\u00f3n y terror, dirigida y escrita por el uruguayo Fede \u00c1lvarez, director de las pel\u00edculas de terror \u201cNo respires\u201d y \u201cPosesi\u00f3n infernal\u201d y guionista de \u201cTexas Chainsaw Massacre\u201d y co escrita por Rodo Sayagues. Esta s\u00e9ptima entrega [&hellip;]<\/p>\n","protected":false},"author":1,"featured_media":20028,"comment_status":"closed","ping_status":"closed","sticky":false,"template":"","format":"standard","meta":{"_acf_changed":false,"footnotes":""},"categories":[8],"tags":[],"class_list":["post-20027","post","type-post","status-publish","format-standard","has-post-thumbnail","hentry","category-noticia"],"acf":[],"yoast_head":"<!-- This site is optimized with the Yoast SEO plugin v27.1.1 - https:\/\/yoast.com\/product\/yoast-seo-wordpress\/ -->\n<title>El terror Sci-Fi llega a INSOMNIA con el estreno de \u201cAlien: Romulus\u201d la s\u00e9ptima pel\u00edcula de la saga - Valpara\u00ed\u00adso Creativo<\/title>\n<meta name=\"robots\" content=\"index, follow, max-snippet:-1, max-image-preview:large, max-video-preview:-1\" \/>\n<link rel=\"canonical\" href=\"https:\/\/dev.antudigital.cl\/sites\/vc\/el-terror-sci-fi-llega-a-insomnia-con-el-estreno-de-alien-romulus-la-septima-pelicula-de-la-saga\/\" \/>\n<meta property=\"og:locale\" content=\"es_ES\" \/>\n<meta property=\"og:type\" content=\"article\" \/>\n<meta property=\"og:title\" content=\"El terror Sci-Fi llega a INSOMNIA con el estreno de \u201cAlien: Romulus\u201d la s\u00e9ptima pel\u00edcula de la saga - Valpara\u00ed\u00adso Creativo\" \/>\n<meta property=\"og:description\" content=\"INSOMNIA Tetro Condell estrenar\u00e1 este jueves 15 de agosto a las 20:00 horas: \u201cAlien: Romulus\u201d pel\u00edcula de ciencia ficci\u00f3n y terror, dirigida y escrita por el uruguayo Fede \u00c1lvarez, director de las pel\u00edculas de terror \u201cNo respires\u201d y \u201cPosesi\u00f3n infernal\u201d y guionista de \u201cTexas Chainsaw Massacre\u201d y co escrita por Rodo Sayagues. Esta s\u00e9ptima entrega [&hellip;]\" \/>\n<meta property=\"og:url\" content=\"https:\/\/dev.antudigital.cl\/sites\/vc\/el-terror-sci-fi-llega-a-insomnia-con-el-estreno-de-alien-romulus-la-septima-pelicula-de-la-saga\/\" \/>\n<meta property=\"og:site_name\" content=\"Valpara\u00ed\u00adso Creativo\" \/>\n<meta property=\"article:published_time\" content=\"2024-08-14T17:32:31+00:00\" \/>\n<meta property=\"article:modified_time\" content=\"2024-08-14T17:32:50+00:00\" \/>\n<meta property=\"og:image\" content=\"https:\/\/dev.antudigital.cl\/sites\/vc\/wp-content\/uploads\/2024\/08\/WhatsApp-Image-2024-08-12-at-12.51.17-PM.jpeg\" \/>\n\t<meta property=\"og:image:width\" content=\"1600\" \/>\n\t<meta property=\"og:image:height\" content=\"900\" \/>\n\t<meta property=\"og:image:type\" content=\"image\/jpeg\" \/>\n<meta name=\"author\" content=\"Valpara\u00edso Creativo\" \/>\n<meta name=\"twitter:card\" content=\"summary_large_image\" \/>\n<meta name=\"twitter:label1\" content=\"Escrito por\" \/>\n\t<meta name=\"twitter:data1\" content=\"Valpara\u00edso Creativo\" \/>\n\t<meta name=\"twitter:label2\" content=\"Tiempo de lectura\" \/>\n\t<meta name=\"twitter:data2\" content=\"4 minutos\" \/>\n<script type=\"application\/ld+json\" class=\"yoast-schema-graph\">{\"@context\":\"https:\/\/schema.org\",\"@graph\":[{\"@type\":\"Article\",\"@id\":\"https:\/\/dev.antudigital.cl\/sites\/vc\/el-terror-sci-fi-llega-a-insomnia-con-el-estreno-de-alien-romulus-la-septima-pelicula-de-la-saga\/#article\",\"isPartOf\":{\"@id\":\"https:\/\/dev.antudigital.cl\/sites\/vc\/el-terror-sci-fi-llega-a-insomnia-con-el-estreno-de-alien-romulus-la-septima-pelicula-de-la-saga\/\"},\"author\":{\"name\":\"Valpara\u00edso Creativo\",\"@id\":\"https:\/\/dev.antudigital.cl\/sites\/vc\/#\/schema\/person\/c2b9da8dd545e27166fc5ab232837318\"},\"headline\":\"El terror Sci-Fi llega a INSOMNIA con el estreno de \u201cAlien: Romulus\u201d la s\u00e9ptima pel\u00edcula de la saga\",\"datePublished\":\"2024-08-14T17:32:31+00:00\",\"dateModified\":\"2024-08-14T17:32:50+00:00\",\"mainEntityOfPage\":{\"@id\":\"https:\/\/dev.antudigital.cl\/sites\/vc\/el-terror-sci-fi-llega-a-insomnia-con-el-estreno-de-alien-romulus-la-septima-pelicula-de-la-saga\/\"},\"wordCount\":643,\"image\":{\"@id\":\"https:\/\/dev.antudigital.cl\/sites\/vc\/el-terror-sci-fi-llega-a-insomnia-con-el-estreno-de-alien-romulus-la-septima-pelicula-de-la-saga\/#primaryimage\"},\"thumbnailUrl\":\"https:\/\/dev.antudigital.cl\/sites\/vc\/wp-content\/uploads\/2024\/08\/WhatsApp-Image-2024-08-12-at-12.51.17-PM.jpeg\",\"articleSection\":[\"Noticia\"],\"inLanguage\":\"es\"},{\"@type\":\"WebPage\",\"@id\":\"https:\/\/dev.antudigital.cl\/sites\/vc\/el-terror-sci-fi-llega-a-insomnia-con-el-estreno-de-alien-romulus-la-septima-pelicula-de-la-saga\/\",\"url\":\"https:\/\/dev.antudigital.cl\/sites\/vc\/el-terror-sci-fi-llega-a-insomnia-con-el-estreno-de-alien-romulus-la-septima-pelicula-de-la-saga\/\",\"name\":\"El terror Sci-Fi llega a INSOMNIA con el estreno de \u201cAlien: Romulus\u201d la s\u00e9ptima pel\u00edcula de la saga - Valpara\u00ed\u00adso Creativo\",\"isPartOf\":{\"@id\":\"https:\/\/dev.antudigital.cl\/sites\/vc\/#website\"},\"primaryImageOfPage\":{\"@id\":\"https:\/\/dev.antudigital.cl\/sites\/vc\/el-terror-sci-fi-llega-a-insomnia-con-el-estreno-de-alien-romulus-la-septima-pelicula-de-la-saga\/#primaryimage\"},\"image\":{\"@id\":\"https:\/\/dev.antudigital.cl\/sites\/vc\/el-terror-sci-fi-llega-a-insomnia-con-el-estreno-de-alien-romulus-la-septima-pelicula-de-la-saga\/#primaryimage\"},\"thumbnailUrl\":\"https:\/\/dev.antudigital.cl\/sites\/vc\/wp-content\/uploads\/2024\/08\/WhatsApp-Image-2024-08-12-at-12.51.17-PM.jpeg\",\"datePublished\":\"2024-08-14T17:32:31+00:00\",\"dateModified\":\"2024-08-14T17:32:50+00:00\",\"author\":{\"@id\":\"https:\/\/dev.antudigital.cl\/sites\/vc\/#\/schema\/person\/c2b9da8dd545e27166fc5ab232837318\"},\"breadcrumb\":{\"@id\":\"https:\/\/dev.antudigital.cl\/sites\/vc\/el-terror-sci-fi-llega-a-insomnia-con-el-estreno-de-alien-romulus-la-septima-pelicula-de-la-saga\/#breadcrumb\"},\"inLanguage\":\"es\",\"potentialAction\":[{\"@type\":\"ReadAction\",\"target\":[\"https:\/\/dev.antudigital.cl\/sites\/vc\/el-terror-sci-fi-llega-a-insomnia-con-el-estreno-de-alien-romulus-la-septima-pelicula-de-la-saga\/\"]}]},{\"@type\":\"ImageObject\",\"inLanguage\":\"es\",\"@id\":\"https:\/\/dev.antudigital.cl\/sites\/vc\/el-terror-sci-fi-llega-a-insomnia-con-el-estreno-de-alien-romulus-la-septima-pelicula-de-la-saga\/#primaryimage\",\"url\":\"https:\/\/dev.antudigital.cl\/sites\/vc\/wp-content\/uploads\/2024\/08\/WhatsApp-Image-2024-08-12-at-12.51.17-PM.jpeg\",\"contentUrl\":\"https:\/\/dev.antudigital.cl\/sites\/vc\/wp-content\/uploads\/2024\/08\/WhatsApp-Image-2024-08-12-at-12.51.17-PM.jpeg\",\"width\":1600,\"height\":900},{\"@type\":\"BreadcrumbList\",\"@id\":\"https:\/\/dev.antudigital.cl\/sites\/vc\/el-terror-sci-fi-llega-a-insomnia-con-el-estreno-de-alien-romulus-la-septima-pelicula-de-la-saga\/#breadcrumb\",\"itemListElement\":[{\"@type\":\"ListItem\",\"position\":1,\"name\":\"Home\",\"item\":\"https:\/\/dev.antudigital.cl\/sites\/vc\/\"},{\"@type\":\"ListItem\",\"position\":2,\"name\":\"El terror Sci-Fi llega a INSOMNIA con el estreno de \u201cAlien: Romulus\u201d la s\u00e9ptima pel\u00edcula de la saga\"}]},{\"@type\":\"WebSite\",\"@id\":\"https:\/\/dev.antudigital.cl\/sites\/vc\/#website\",\"url\":\"https:\/\/dev.antudigital.cl\/sites\/vc\/\",\"name\":\"Valpara\u00ed\u00adso Creativo\",\"description\":\"\",\"potentialAction\":[{\"@type\":\"SearchAction\",\"target\":{\"@type\":\"EntryPoint\",\"urlTemplate\":\"https:\/\/dev.antudigital.cl\/sites\/vc\/?s={search_term_string}\"},\"query-input\":{\"@type\":\"PropertyValueSpecification\",\"valueRequired\":true,\"valueName\":\"search_term_string\"}}],\"inLanguage\":\"es\"},{\"@type\":\"Person\",\"@id\":\"https:\/\/dev.antudigital.cl\/sites\/vc\/#\/schema\/person\/c2b9da8dd545e27166fc5ab232837318\",\"name\":\"Valpara\u00edso Creativo\",\"description\":\"Periodista de cultura en la Regi\u00f3n de Valpara\u00edso.\",\"url\":\"https:\/\/dev.antudigital.cl\/sites\/vc\/author\/valpoadmin\/\"}]}<\/script>\n<!-- \/ Yoast SEO plugin. -->","yoast_head_json":{"title":"El terror Sci-Fi llega a INSOMNIA con el estreno de \u201cAlien: Romulus\u201d la s\u00e9ptima pel\u00edcula de la saga - Valpara\u00ed\u00adso Creativo","robots":{"index":"index","follow":"follow","max-snippet":"max-snippet:-1","max-image-preview":"max-image-preview:large","max-video-preview":"max-video-preview:-1"},"canonical":"https:\/\/dev.antudigital.cl\/sites\/vc\/el-terror-sci-fi-llega-a-insomnia-con-el-estreno-de-alien-romulus-la-septima-pelicula-de-la-saga\/","og_locale":"es_ES","og_type":"article","og_title":"El terror Sci-Fi llega a INSOMNIA con el estreno de \u201cAlien: Romulus\u201d la s\u00e9ptima pel\u00edcula de la saga - Valpara\u00ed\u00adso Creativo","og_description":"INSOMNIA Tetro Condell estrenar\u00e1 este jueves 15 de agosto a las 20:00 horas: \u201cAlien: Romulus\u201d pel\u00edcula de ciencia ficci\u00f3n y terror, dirigida y escrita por el uruguayo Fede \u00c1lvarez, director de las pel\u00edculas de terror \u201cNo respires\u201d y \u201cPosesi\u00f3n infernal\u201d y guionista de \u201cTexas Chainsaw Massacre\u201d y co escrita por Rodo Sayagues. Esta s\u00e9ptima entrega [&hellip;]","og_url":"https:\/\/dev.antudigital.cl\/sites\/vc\/el-terror-sci-fi-llega-a-insomnia-con-el-estreno-de-alien-romulus-la-septima-pelicula-de-la-saga\/","og_site_name":"Valpara\u00ed\u00adso Creativo","article_published_time":"2024-08-14T17:32:31+00:00","article_modified_time":"2024-08-14T17:32:50+00:00","og_image":[{"width":1600,"height":900,"url":"https:\/\/dev.antudigital.cl\/sites\/vc\/wp-content\/uploads\/2024\/08\/WhatsApp-Image-2024-08-12-at-12.51.17-PM.jpeg","type":"image\/jpeg"}],"author":"Valpara\u00edso Creativo","twitter_card":"summary_large_image","twitter_misc":{"Escrito por":"Valpara\u00edso Creativo","Tiempo de lectura":"4 minutos"},"schema":{"@context":"https:\/\/schema.org","@graph":[{"@type":"Article","@id":"https:\/\/dev.antudigital.cl\/sites\/vc\/el-terror-sci-fi-llega-a-insomnia-con-el-estreno-de-alien-romulus-la-septima-pelicula-de-la-saga\/#article","isPartOf":{"@id":"https:\/\/dev.antudigital.cl\/sites\/vc\/el-terror-sci-fi-llega-a-insomnia-con-el-estreno-de-alien-romulus-la-septima-pelicula-de-la-saga\/"},"author":{"name":"Valpara\u00edso Creativo","@id":"https:\/\/dev.antudigital.cl\/sites\/vc\/#\/schema\/person\/c2b9da8dd545e27166fc5ab232837318"},"headline":"El terror Sci-Fi llega a INSOMNIA con el estreno de \u201cAlien: Romulus\u201d la s\u00e9ptima pel\u00edcula de la saga","datePublished":"2024-08-14T17:32:31+00:00","dateModified":"2024-08-14T17:32:50+00:00","mainEntityOfPage":{"@id":"https:\/\/dev.antudigital.cl\/sites\/vc\/el-terror-sci-fi-llega-a-insomnia-con-el-estreno-de-alien-romulus-la-septima-pelicula-de-la-saga\/"},"wordCount":643,"image":{"@id":"https:\/\/dev.antudigital.cl\/sites\/vc\/el-terror-sci-fi-llega-a-insomnia-con-el-estreno-de-alien-romulus-la-septima-pelicula-de-la-saga\/#primaryimage"},"thumbnailUrl":"https:\/\/dev.antudigital.cl\/sites\/vc\/wp-content\/uploads\/2024\/08\/WhatsApp-Image-2024-08-12-at-12.51.17-PM.jpeg","articleSection":["Noticia"],"inLanguage":"es"},{"@type":"WebPage","@id":"https:\/\/dev.antudigital.cl\/sites\/vc\/el-terror-sci-fi-llega-a-insomnia-con-el-estreno-de-alien-romulus-la-septima-pelicula-de-la-saga\/","url":"https:\/\/dev.antudigital.cl\/sites\/vc\/el-terror-sci-fi-llega-a-insomnia-con-el-estreno-de-alien-romulus-la-septima-pelicula-de-la-saga\/","name":"El terror Sci-Fi llega a INSOMNIA con el estreno de \u201cAlien: Romulus\u201d la s\u00e9ptima pel\u00edcula de la saga - Valpara\u00ed\u00adso Creativo","isPartOf":{"@id":"https:\/\/dev.antudigital.cl\/sites\/vc\/#website"},"primaryImageOfPage":{"@id":"https:\/\/dev.antudigital.cl\/sites\/vc\/el-terror-sci-fi-llega-a-insomnia-con-el-estreno-de-alien-romulus-la-septima-pelicula-de-la-saga\/#primaryimage"},"image":{"@id":"https:\/\/dev.antudigital.cl\/sites\/vc\/el-terror-sci-fi-llega-a-insomnia-con-el-estreno-de-alien-romulus-la-septima-pelicula-de-la-saga\/#primaryimage"},"thumbnailUrl":"https:\/\/dev.antudigital.cl\/sites\/vc\/wp-content\/uploads\/2024\/08\/WhatsApp-Image-2024-08-12-at-12.51.17-PM.jpeg","datePublished":"2024-08-14T17:32:31+00:00","dateModified":"2024-08-14T17:32:50+00:00","author":{"@id":"https:\/\/dev.antudigital.cl\/sites\/vc\/#\/schema\/person\/c2b9da8dd545e27166fc5ab232837318"},"breadcrumb":{"@id":"https:\/\/dev.antudigital.cl\/sites\/vc\/el-terror-sci-fi-llega-a-insomnia-con-el-estreno-de-alien-romulus-la-septima-pelicula-de-la-saga\/#breadcrumb"},"inLanguage":"es","potentialAction":[{"@type":"ReadAction","target":["https:\/\/dev.antudigital.cl\/sites\/vc\/el-terror-sci-fi-llega-a-insomnia-con-el-estreno-de-alien-romulus-la-septima-pelicula-de-la-saga\/"]}]},{"@type":"ImageObject","inLanguage":"es","@id":"https:\/\/dev.antudigital.cl\/sites\/vc\/el-terror-sci-fi-llega-a-insomnia-con-el-estreno-de-alien-romulus-la-septima-pelicula-de-la-saga\/#primaryimage","url":"https:\/\/dev.antudigital.cl\/sites\/vc\/wp-content\/uploads\/2024\/08\/WhatsApp-Image-2024-08-12-at-12.51.17-PM.jpeg","contentUrl":"https:\/\/dev.antudigital.cl\/sites\/vc\/wp-content\/uploads\/2024\/08\/WhatsApp-Image-2024-08-12-at-12.51.17-PM.jpeg","width":1600,"height":900},{"@type":"BreadcrumbList","@id":"https:\/\/dev.antudigital.cl\/sites\/vc\/el-terror-sci-fi-llega-a-insomnia-con-el-estreno-de-alien-romulus-la-septima-pelicula-de-la-saga\/#breadcrumb","itemListElement":[{"@type":"ListItem","position":1,"name":"Home","item":"https:\/\/dev.antudigital.cl\/sites\/vc\/"},{"@type":"ListItem","position":2,"name":"El terror Sci-Fi llega a INSOMNIA con el estreno de \u201cAlien: Romulus\u201d la s\u00e9ptima pel\u00edcula de la saga"}]},{"@type":"WebSite","@id":"https:\/\/dev.antudigital.cl\/sites\/vc\/#website","url":"https:\/\/dev.antudigital.cl\/sites\/vc\/","name":"Valpara\u00ed\u00adso Creativo","description":"","potentialAction":[{"@type":"SearchAction","target":{"@type":"EntryPoint","urlTemplate":"https:\/\/dev.antudigital.cl\/sites\/vc\/?s={search_term_string}"},"query-input":{"@type":"PropertyValueSpecification","valueRequired":true,"valueName":"search_term_string"}}],"inLanguage":"es"},{"@type":"Person","@id":"https:\/\/dev.antudigital.cl\/sites\/vc\/#\/schema\/person\/c2b9da8dd545e27166fc5ab232837318","name":"Valpara\u00edso Creativo","description":"Periodista de cultura en la Regi\u00f3n de Valpara\u00edso.","url":"https:\/\/dev.antudigital.cl\/sites\/vc\/author\/valpoadmin\/"}]}},"_links":{"self":[{"href":"https:\/\/dev.antudigital.cl\/sites\/vc\/wp-json\/wp\/v2\/posts\/20027","targetHints":{"allow":["GET"]}}],"collection":[{"href":"https:\/\/dev.antudigital.cl\/sites\/vc\/wp-json\/wp\/v2\/posts"}],"about":[{"href":"https:\/\/dev.antudigital.cl\/sites\/vc\/wp-json\/wp\/v2\/types\/post"}],"author":[{"embeddable":true,"href":"https:\/\/dev.antudigital.cl\/sites\/vc\/wp-json\/wp\/v2\/users\/1"}],"replies":[{"embeddable":true,"href":"https:\/\/dev.antudigital.cl\/sites\/vc\/wp-json\/wp\/v2\/comments?post=20027"}],"version-history":[{"count":1,"href":"https:\/\/dev.antudigital.cl\/sites\/vc\/wp-json\/wp\/v2\/posts\/20027\/revisions"}],"predecessor-version":[{"id":20030,"href":"https:\/\/dev.antudigital.cl\/sites\/vc\/wp-json\/wp\/v2\/posts\/20027\/revisions\/20030"}],"wp:featuredmedia":[{"embeddable":true,"href":"https:\/\/dev.antudigital.cl\/sites\/vc\/wp-json\/wp\/v2\/media\/20028"}],"wp:attachment":[{"href":"https:\/\/dev.antudigital.cl\/sites\/vc\/wp-json\/wp\/v2\/media?parent=20027"}],"wp:term":[{"taxonomy":"category","embeddable":true,"href":"https:\/\/dev.antudigital.cl\/sites\/vc\/wp-json\/wp\/v2\/categories?post=20027"},{"taxonomy":"post_tag","embeddable":true,"href":"https:\/\/dev.antudigital.cl\/sites\/vc\/wp-json\/wp\/v2\/tags?post=20027"}],"curies":[{"name":"wp","href":"https:\/\/api.w.org\/{rel}","templated":true}]}}