{"id":20035,"date":"2024-08-16T12:26:49","date_gmt":"2024-08-16T12:26:49","guid":{"rendered":"https:\/\/www.valparaisocreativo.cl\/?p=20035"},"modified":"2024-08-16T12:27:07","modified_gmt":"2024-08-16T12:27:07","slug":"exposicion-de-pueblos-originarios-revisa-los-talleres-y-actividades-en-villa-alemana","status":"publish","type":"post","link":"https:\/\/dev.antudigital.cl\/sites\/vc\/exposicion-de-pueblos-originarios-revisa-los-talleres-y-actividades-en-villa-alemana\/","title":{"rendered":"Exposici\u00f3n de Pueblos Originarios: revisa los talleres y actividades en Villa Alemana"},"content":{"rendered":"\n<p>Para conmemorar el mes de la Pachamama con la divulgaci\u00f3n de pr\u00e1cticas y artes ancestrales, <strong>la Municipalidad de Villa Alemana, a trav\u00e9s de la Oficina de Asuntos Ind\u00edgenas en cogesti\u00f3n con organizaciones locales, organiz\u00f3 la Expo Cultural Pueblos Originarios.<\/strong> Evento que ocupar\u00e1 la Plaza Bel\u00e9n como espacio para ofrecer a la comunidad talleres, gastronom\u00eda, bailes y m\u00fasica mapuche, aymara y diaguita, <strong>el s\u00e1bado 17 de agosto, a partir de las 11:00 hasta las 18:00 horas.<\/strong><\/p>\n\n\n\n<p><strong>El principal p\u00fablico de los talleres ser\u00e1n los ni\u00f1os y ni\u00f1as, quienes podr\u00e1n aprender mapudungun, telar mapuche y cer\u00e1mica diaguita<\/strong> con inscripci\u00f3n en el lugar de forma completamente gratuita. Todo lo mencionado anteriormente ser\u00e1 impartido por organizaciones locales como Lik Ko, Adepo, Witrapuran y la Red de Emprendedoras Llallin \u00d1i Rupu.<\/p>\n\n\n\n<p><strong>La alcaldesa de Villa Alemana, Javiera Toledo,<\/strong> sostuvo a prop\u00f3sito del valor que tiene la expo, que la ciudad <strong>\u201cest\u00e1 compuesta por una riqueza multicultural importante, siendo los Pueblos Originarios, con sus m\u00e1s de 8.000 representantes, una parte fundamental de esta diversidad.<\/strong> Por tal raz\u00f3n, a trav\u00e9s de nuestra Oficina de Asuntos Ind\u00edgenas, constantemente estamos trabajando desde la cogesti\u00f3n con agrupaciones que d\u00eda a d\u00eda reivindican saberes y pr\u00e1cticas ancestrales.\u201d<\/p>\n\n\n\n<figure class=\"wp-block-image size-large\"><img fetchpriority=\"high\" decoding=\"async\" width=\"1024\" height=\"682\" src=\"https:\/\/www.valparaisocreativo.cl\/wp-content\/uploads\/2024\/08\/EXPO-1-1024x682.jpeg\" alt=\"\" class=\"wp-image-20036\" srcset=\"https:\/\/dev.antudigital.cl\/sites\/vc\/wp-content\/uploads\/2024\/08\/EXPO-1-1024x682.jpeg 1024w, https:\/\/dev.antudigital.cl\/sites\/vc\/wp-content\/uploads\/2024\/08\/EXPO-1-300x200.jpeg 300w, https:\/\/dev.antudigital.cl\/sites\/vc\/wp-content\/uploads\/2024\/08\/EXPO-1-768x512.jpeg 768w, https:\/\/dev.antudigital.cl\/sites\/vc\/wp-content\/uploads\/2024\/08\/EXPO-1-1080x720.jpeg 1080w, https:\/\/dev.antudigital.cl\/sites\/vc\/wp-content\/uploads\/2024\/08\/EXPO-1-980x653.jpeg 980w, https:\/\/dev.antudigital.cl\/sites\/vc\/wp-content\/uploads\/2024\/08\/EXPO-1-480x320.jpeg 480w, https:\/\/dev.antudigital.cl\/sites\/vc\/wp-content\/uploads\/2024\/08\/EXPO-1-24x16.jpeg 24w, https:\/\/dev.antudigital.cl\/sites\/vc\/wp-content\/uploads\/2024\/08\/EXPO-1-36x24.jpeg 36w, https:\/\/dev.antudigital.cl\/sites\/vc\/wp-content\/uploads\/2024\/08\/EXPO-1-48x32.jpeg 48w, https:\/\/dev.antudigital.cl\/sites\/vc\/wp-content\/uploads\/2024\/08\/EXPO-1.jpeg 1280w\" sizes=\"(max-width: 1024px) 100vw, 1024px\" \/><\/figure>\n\n\n\n<p><strong>\u201cLa Feria Expo Cultural de Pueblos Originarios es fruto tambi\u00e9n de esa gesti\u00f3n colaborativa que tiene el fin de acercar oficios y artes ind\u00edgenas a la comunidad.<\/strong> Est\u00e1n todos y todas invitadas para este hermoso evento que hemos preparado y que tendr\u00e1 bailes, talleres, m\u00fasica en vivo y mucho m\u00e1s\u201d, agreg\u00f3 la lideresa municipal.&nbsp;<\/p>\n\n\n\n<p>Distintas agrupaciones art\u00edsticas tambi\u00e9n se har\u00e1n presentes el d\u00eda de la actividad<strong>. El baile andino de la morenada ser\u00e1 representado por el grupo Inti Jalsu, mientras que los Jaguares de Quilpu\u00e9 dar\u00e1n vida al tobas. <\/strong>Finalmente, vecinos y vecinas tendr\u00e1n la oportunidad de escuchar a Machaq Mara y al cantante Neculman.&nbsp;<\/p>\n","protected":false},"excerpt":{"rendered":"<p>Para conmemorar el mes de la Pachamama con la divulgaci\u00f3n de pr\u00e1cticas y artes ancestrales, la Municipalidad de Villa Alemana, a trav\u00e9s de la Oficina de Asuntos Ind\u00edgenas en cogesti\u00f3n con organizaciones locales, organiz\u00f3 la Expo Cultural Pueblos Originarios. Evento que ocupar\u00e1 la Plaza Bel\u00e9n como espacio para ofrecer a la comunidad talleres, gastronom\u00eda, bailes [&hellip;]<\/p>\n","protected":false},"author":1,"featured_media":20037,"comment_status":"closed","ping_status":"closed","sticky":false,"template":"","format":"standard","meta":{"_acf_changed":false,"footnotes":""},"categories":[8],"tags":[],"class_list":["post-20035","post","type-post","status-publish","format-standard","has-post-thumbnail","hentry","category-noticia"],"acf":[],"yoast_head":"<!-- This site is optimized with the Yoast SEO plugin v27.1.1 - https:\/\/yoast.com\/product\/yoast-seo-wordpress\/ -->\n<title>Exposici\u00f3n de Pueblos Originarios: revisa los talleres y actividades en Villa Alemana - Valpara\u00ed\u00adso Creativo<\/title>\n<meta name=\"robots\" content=\"index, follow, max-snippet:-1, max-image-preview:large, max-video-preview:-1\" \/>\n<link rel=\"canonical\" href=\"https:\/\/dev.antudigital.cl\/sites\/vc\/exposicion-de-pueblos-originarios-revisa-los-talleres-y-actividades-en-villa-alemana\/\" \/>\n<meta property=\"og:locale\" content=\"es_ES\" \/>\n<meta property=\"og:type\" content=\"article\" \/>\n<meta property=\"og:title\" content=\"Exposici\u00f3n de Pueblos Originarios: revisa los talleres y actividades en Villa Alemana - Valpara\u00ed\u00adso Creativo\" \/>\n<meta property=\"og:description\" content=\"Para conmemorar el mes de la Pachamama con la divulgaci\u00f3n de pr\u00e1cticas y artes ancestrales, la Municipalidad de Villa Alemana, a trav\u00e9s de la Oficina de Asuntos Ind\u00edgenas en cogesti\u00f3n con organizaciones locales, organiz\u00f3 la Expo Cultural Pueblos Originarios. Evento que ocupar\u00e1 la Plaza Bel\u00e9n como espacio para ofrecer a la comunidad talleres, gastronom\u00eda, bailes [&hellip;]\" \/>\n<meta property=\"og:url\" content=\"https:\/\/dev.antudigital.cl\/sites\/vc\/exposicion-de-pueblos-originarios-revisa-los-talleres-y-actividades-en-villa-alemana\/\" \/>\n<meta property=\"og:site_name\" content=\"Valpara\u00ed\u00adso Creativo\" \/>\n<meta property=\"article:published_time\" content=\"2024-08-16T12:26:49+00:00\" \/>\n<meta property=\"article:modified_time\" content=\"2024-08-16T12:27:07+00:00\" \/>\n<meta property=\"og:image\" content=\"https:\/\/dev.antudigital.cl\/sites\/vc\/wp-content\/uploads\/2024\/08\/EXPO-2.jpeg\" \/>\n\t<meta property=\"og:image:width\" content=\"1080\" \/>\n\t<meta property=\"og:image:height\" content=\"696\" \/>\n\t<meta property=\"og:image:type\" content=\"image\/jpeg\" \/>\n<meta name=\"author\" content=\"Valpara\u00edso Creativo\" \/>\n<meta name=\"twitter:card\" content=\"summary_large_image\" \/>\n<meta name=\"twitter:label1\" content=\"Escrito por\" \/>\n\t<meta name=\"twitter:data1\" content=\"Valpara\u00edso Creativo\" \/>\n\t<meta name=\"twitter:label2\" content=\"Tiempo de lectura\" \/>\n\t<meta name=\"twitter:data2\" content=\"2 minutos\" \/>\n<script type=\"application\/ld+json\" class=\"yoast-schema-graph\">{\"@context\":\"https:\/\/schema.org\",\"@graph\":[{\"@type\":\"Article\",\"@id\":\"https:\/\/dev.antudigital.cl\/sites\/vc\/exposicion-de-pueblos-originarios-revisa-los-talleres-y-actividades-en-villa-alemana\/#article\",\"isPartOf\":{\"@id\":\"https:\/\/dev.antudigital.cl\/sites\/vc\/exposicion-de-pueblos-originarios-revisa-los-talleres-y-actividades-en-villa-alemana\/\"},\"author\":{\"name\":\"Valpara\u00edso Creativo\",\"@id\":\"https:\/\/dev.antudigital.cl\/sites\/vc\/#\/schema\/person\/c2b9da8dd545e27166fc5ab232837318\"},\"headline\":\"Exposici\u00f3n de Pueblos Originarios: revisa los talleres y actividades en Villa Alemana\",\"datePublished\":\"2024-08-16T12:26:49+00:00\",\"dateModified\":\"2024-08-16T12:27:07+00:00\",\"mainEntityOfPage\":{\"@id\":\"https:\/\/dev.antudigital.cl\/sites\/vc\/exposicion-de-pueblos-originarios-revisa-los-talleres-y-actividades-en-villa-alemana\/\"},\"wordCount\":349,\"image\":{\"@id\":\"https:\/\/dev.antudigital.cl\/sites\/vc\/exposicion-de-pueblos-originarios-revisa-los-talleres-y-actividades-en-villa-alemana\/#primaryimage\"},\"thumbnailUrl\":\"https:\/\/dev.antudigital.cl\/sites\/vc\/wp-content\/uploads\/2024\/08\/EXPO-2.jpeg\",\"articleSection\":[\"Noticia\"],\"inLanguage\":\"es\"},{\"@type\":\"WebPage\",\"@id\":\"https:\/\/dev.antudigital.cl\/sites\/vc\/exposicion-de-pueblos-originarios-revisa-los-talleres-y-actividades-en-villa-alemana\/\",\"url\":\"https:\/\/dev.antudigital.cl\/sites\/vc\/exposicion-de-pueblos-originarios-revisa-los-talleres-y-actividades-en-villa-alemana\/\",\"name\":\"Exposici\u00f3n de Pueblos Originarios: revisa los talleres y actividades en Villa Alemana - Valpara\u00ed\u00adso Creativo\",\"isPartOf\":{\"@id\":\"https:\/\/dev.antudigital.cl\/sites\/vc\/#website\"},\"primaryImageOfPage\":{\"@id\":\"https:\/\/dev.antudigital.cl\/sites\/vc\/exposicion-de-pueblos-originarios-revisa-los-talleres-y-actividades-en-villa-alemana\/#primaryimage\"},\"image\":{\"@id\":\"https:\/\/dev.antudigital.cl\/sites\/vc\/exposicion-de-pueblos-originarios-revisa-los-talleres-y-actividades-en-villa-alemana\/#primaryimage\"},\"thumbnailUrl\":\"https:\/\/dev.antudigital.cl\/sites\/vc\/wp-content\/uploads\/2024\/08\/EXPO-2.jpeg\",\"datePublished\":\"2024-08-16T12:26:49+00:00\",\"dateModified\":\"2024-08-16T12:27:07+00:00\",\"author\":{\"@id\":\"https:\/\/dev.antudigital.cl\/sites\/vc\/#\/schema\/person\/c2b9da8dd545e27166fc5ab232837318\"},\"breadcrumb\":{\"@id\":\"https:\/\/dev.antudigital.cl\/sites\/vc\/exposicion-de-pueblos-originarios-revisa-los-talleres-y-actividades-en-villa-alemana\/#breadcrumb\"},\"inLanguage\":\"es\",\"potentialAction\":[{\"@type\":\"ReadAction\",\"target\":[\"https:\/\/dev.antudigital.cl\/sites\/vc\/exposicion-de-pueblos-originarios-revisa-los-talleres-y-actividades-en-villa-alemana\/\"]}]},{\"@type\":\"ImageObject\",\"inLanguage\":\"es\",\"@id\":\"https:\/\/dev.antudigital.cl\/sites\/vc\/exposicion-de-pueblos-originarios-revisa-los-talleres-y-actividades-en-villa-alemana\/#primaryimage\",\"url\":\"https:\/\/dev.antudigital.cl\/sites\/vc\/wp-content\/uploads\/2024\/08\/EXPO-2.jpeg\",\"contentUrl\":\"https:\/\/dev.antudigital.cl\/sites\/vc\/wp-content\/uploads\/2024\/08\/EXPO-2.jpeg\",\"width\":1080,\"height\":696},{\"@type\":\"BreadcrumbList\",\"@id\":\"https:\/\/dev.antudigital.cl\/sites\/vc\/exposicion-de-pueblos-originarios-revisa-los-talleres-y-actividades-en-villa-alemana\/#breadcrumb\",\"itemListElement\":[{\"@type\":\"ListItem\",\"position\":1,\"name\":\"Home\",\"item\":\"https:\/\/dev.antudigital.cl\/sites\/vc\/\"},{\"@type\":\"ListItem\",\"position\":2,\"name\":\"Exposici\u00f3n de Pueblos Originarios: revisa los talleres y actividades en Villa Alemana\"}]},{\"@type\":\"WebSite\",\"@id\":\"https:\/\/dev.antudigital.cl\/sites\/vc\/#website\",\"url\":\"https:\/\/dev.antudigital.cl\/sites\/vc\/\",\"name\":\"Valpara\u00ed\u00adso Creativo\",\"description\":\"\",\"potentialAction\":[{\"@type\":\"SearchAction\",\"target\":{\"@type\":\"EntryPoint\",\"urlTemplate\":\"https:\/\/dev.antudigital.cl\/sites\/vc\/?s={search_term_string}\"},\"query-input\":{\"@type\":\"PropertyValueSpecification\",\"valueRequired\":true,\"valueName\":\"search_term_string\"}}],\"inLanguage\":\"es\"},{\"@type\":\"Person\",\"@id\":\"https:\/\/dev.antudigital.cl\/sites\/vc\/#\/schema\/person\/c2b9da8dd545e27166fc5ab232837318\",\"name\":\"Valpara\u00edso Creativo\",\"description\":\"Periodista de cultura en la Regi\u00f3n de Valpara\u00edso.\",\"url\":\"https:\/\/dev.antudigital.cl\/sites\/vc\/author\/valpoadmin\/\"}]}<\/script>\n<!-- \/ Yoast SEO plugin. -->","yoast_head_json":{"title":"Exposici\u00f3n de Pueblos Originarios: revisa los talleres y actividades en Villa Alemana - Valpara\u00ed\u00adso Creativo","robots":{"index":"index","follow":"follow","max-snippet":"max-snippet:-1","max-image-preview":"max-image-preview:large","max-video-preview":"max-video-preview:-1"},"canonical":"https:\/\/dev.antudigital.cl\/sites\/vc\/exposicion-de-pueblos-originarios-revisa-los-talleres-y-actividades-en-villa-alemana\/","og_locale":"es_ES","og_type":"article","og_title":"Exposici\u00f3n de Pueblos Originarios: revisa los talleres y actividades en Villa Alemana - Valpara\u00ed\u00adso Creativo","og_description":"Para conmemorar el mes de la Pachamama con la divulgaci\u00f3n de pr\u00e1cticas y artes ancestrales, la Municipalidad de Villa Alemana, a trav\u00e9s de la Oficina de Asuntos Ind\u00edgenas en cogesti\u00f3n con organizaciones locales, organiz\u00f3 la Expo Cultural Pueblos Originarios. Evento que ocupar\u00e1 la Plaza Bel\u00e9n como espacio para ofrecer a la comunidad talleres, gastronom\u00eda, bailes [&hellip;]","og_url":"https:\/\/dev.antudigital.cl\/sites\/vc\/exposicion-de-pueblos-originarios-revisa-los-talleres-y-actividades-en-villa-alemana\/","og_site_name":"Valpara\u00ed\u00adso Creativo","article_published_time":"2024-08-16T12:26:49+00:00","article_modified_time":"2024-08-16T12:27:07+00:00","og_image":[{"width":1080,"height":696,"url":"https:\/\/dev.antudigital.cl\/sites\/vc\/wp-content\/uploads\/2024\/08\/EXPO-2.jpeg","type":"image\/jpeg"}],"author":"Valpara\u00edso Creativo","twitter_card":"summary_large_image","twitter_misc":{"Escrito por":"Valpara\u00edso Creativo","Tiempo de lectura":"2 minutos"},"schema":{"@context":"https:\/\/schema.org","@graph":[{"@type":"Article","@id":"https:\/\/dev.antudigital.cl\/sites\/vc\/exposicion-de-pueblos-originarios-revisa-los-talleres-y-actividades-en-villa-alemana\/#article","isPartOf":{"@id":"https:\/\/dev.antudigital.cl\/sites\/vc\/exposicion-de-pueblos-originarios-revisa-los-talleres-y-actividades-en-villa-alemana\/"},"author":{"name":"Valpara\u00edso Creativo","@id":"https:\/\/dev.antudigital.cl\/sites\/vc\/#\/schema\/person\/c2b9da8dd545e27166fc5ab232837318"},"headline":"Exposici\u00f3n de Pueblos Originarios: revisa los talleres y actividades en Villa Alemana","datePublished":"2024-08-16T12:26:49+00:00","dateModified":"2024-08-16T12:27:07+00:00","mainEntityOfPage":{"@id":"https:\/\/dev.antudigital.cl\/sites\/vc\/exposicion-de-pueblos-originarios-revisa-los-talleres-y-actividades-en-villa-alemana\/"},"wordCount":349,"image":{"@id":"https:\/\/dev.antudigital.cl\/sites\/vc\/exposicion-de-pueblos-originarios-revisa-los-talleres-y-actividades-en-villa-alemana\/#primaryimage"},"thumbnailUrl":"https:\/\/dev.antudigital.cl\/sites\/vc\/wp-content\/uploads\/2024\/08\/EXPO-2.jpeg","articleSection":["Noticia"],"inLanguage":"es"},{"@type":"WebPage","@id":"https:\/\/dev.antudigital.cl\/sites\/vc\/exposicion-de-pueblos-originarios-revisa-los-talleres-y-actividades-en-villa-alemana\/","url":"https:\/\/dev.antudigital.cl\/sites\/vc\/exposicion-de-pueblos-originarios-revisa-los-talleres-y-actividades-en-villa-alemana\/","name":"Exposici\u00f3n de Pueblos Originarios: revisa los talleres y actividades en Villa Alemana - Valpara\u00ed\u00adso Creativo","isPartOf":{"@id":"https:\/\/dev.antudigital.cl\/sites\/vc\/#website"},"primaryImageOfPage":{"@id":"https:\/\/dev.antudigital.cl\/sites\/vc\/exposicion-de-pueblos-originarios-revisa-los-talleres-y-actividades-en-villa-alemana\/#primaryimage"},"image":{"@id":"https:\/\/dev.antudigital.cl\/sites\/vc\/exposicion-de-pueblos-originarios-revisa-los-talleres-y-actividades-en-villa-alemana\/#primaryimage"},"thumbnailUrl":"https:\/\/dev.antudigital.cl\/sites\/vc\/wp-content\/uploads\/2024\/08\/EXPO-2.jpeg","datePublished":"2024-08-16T12:26:49+00:00","dateModified":"2024-08-16T12:27:07+00:00","author":{"@id":"https:\/\/dev.antudigital.cl\/sites\/vc\/#\/schema\/person\/c2b9da8dd545e27166fc5ab232837318"},"breadcrumb":{"@id":"https:\/\/dev.antudigital.cl\/sites\/vc\/exposicion-de-pueblos-originarios-revisa-los-talleres-y-actividades-en-villa-alemana\/#breadcrumb"},"inLanguage":"es","potentialAction":[{"@type":"ReadAction","target":["https:\/\/dev.antudigital.cl\/sites\/vc\/exposicion-de-pueblos-originarios-revisa-los-talleres-y-actividades-en-villa-alemana\/"]}]},{"@type":"ImageObject","inLanguage":"es","@id":"https:\/\/dev.antudigital.cl\/sites\/vc\/exposicion-de-pueblos-originarios-revisa-los-talleres-y-actividades-en-villa-alemana\/#primaryimage","url":"https:\/\/dev.antudigital.cl\/sites\/vc\/wp-content\/uploads\/2024\/08\/EXPO-2.jpeg","contentUrl":"https:\/\/dev.antudigital.cl\/sites\/vc\/wp-content\/uploads\/2024\/08\/EXPO-2.jpeg","width":1080,"height":696},{"@type":"BreadcrumbList","@id":"https:\/\/dev.antudigital.cl\/sites\/vc\/exposicion-de-pueblos-originarios-revisa-los-talleres-y-actividades-en-villa-alemana\/#breadcrumb","itemListElement":[{"@type":"ListItem","position":1,"name":"Home","item":"https:\/\/dev.antudigital.cl\/sites\/vc\/"},{"@type":"ListItem","position":2,"name":"Exposici\u00f3n de Pueblos Originarios: revisa los talleres y actividades en Villa Alemana"}]},{"@type":"WebSite","@id":"https:\/\/dev.antudigital.cl\/sites\/vc\/#website","url":"https:\/\/dev.antudigital.cl\/sites\/vc\/","name":"Valpara\u00ed\u00adso Creativo","description":"","potentialAction":[{"@type":"SearchAction","target":{"@type":"EntryPoint","urlTemplate":"https:\/\/dev.antudigital.cl\/sites\/vc\/?s={search_term_string}"},"query-input":{"@type":"PropertyValueSpecification","valueRequired":true,"valueName":"search_term_string"}}],"inLanguage":"es"},{"@type":"Person","@id":"https:\/\/dev.antudigital.cl\/sites\/vc\/#\/schema\/person\/c2b9da8dd545e27166fc5ab232837318","name":"Valpara\u00edso Creativo","description":"Periodista de cultura en la Regi\u00f3n de Valpara\u00edso.","url":"https:\/\/dev.antudigital.cl\/sites\/vc\/author\/valpoadmin\/"}]}},"_links":{"self":[{"href":"https:\/\/dev.antudigital.cl\/sites\/vc\/wp-json\/wp\/v2\/posts\/20035","targetHints":{"allow":["GET"]}}],"collection":[{"href":"https:\/\/dev.antudigital.cl\/sites\/vc\/wp-json\/wp\/v2\/posts"}],"about":[{"href":"https:\/\/dev.antudigital.cl\/sites\/vc\/wp-json\/wp\/v2\/types\/post"}],"author":[{"embeddable":true,"href":"https:\/\/dev.antudigital.cl\/sites\/vc\/wp-json\/wp\/v2\/users\/1"}],"replies":[{"embeddable":true,"href":"https:\/\/dev.antudigital.cl\/sites\/vc\/wp-json\/wp\/v2\/comments?post=20035"}],"version-history":[{"count":1,"href":"https:\/\/dev.antudigital.cl\/sites\/vc\/wp-json\/wp\/v2\/posts\/20035\/revisions"}],"predecessor-version":[{"id":20038,"href":"https:\/\/dev.antudigital.cl\/sites\/vc\/wp-json\/wp\/v2\/posts\/20035\/revisions\/20038"}],"wp:featuredmedia":[{"embeddable":true,"href":"https:\/\/dev.antudigital.cl\/sites\/vc\/wp-json\/wp\/v2\/media\/20037"}],"wp:attachment":[{"href":"https:\/\/dev.antudigital.cl\/sites\/vc\/wp-json\/wp\/v2\/media?parent=20035"}],"wp:term":[{"taxonomy":"category","embeddable":true,"href":"https:\/\/dev.antudigital.cl\/sites\/vc\/wp-json\/wp\/v2\/categories?post=20035"},{"taxonomy":"post_tag","embeddable":true,"href":"https:\/\/dev.antudigital.cl\/sites\/vc\/wp-json\/wp\/v2\/tags?post=20035"}],"curies":[{"name":"wp","href":"https:\/\/api.w.org\/{rel}","templated":true}]}}