{"id":20046,"date":"2024-08-19T20:23:10","date_gmt":"2024-08-19T20:23:10","guid":{"rendered":"https:\/\/www.valparaisocreativo.cl\/?p=20046"},"modified":"2024-08-19T20:23:32","modified_gmt":"2024-08-19T20:23:32","slug":"celebracion-de-un-ano-de-musica-fuego-y-baile-en-la-quebrada","status":"publish","type":"post","link":"https:\/\/dev.antudigital.cl\/sites\/vc\/celebracion-de-un-ano-de-musica-fuego-y-baile-en-la-quebrada\/","title":{"rendered":"Celebraci\u00f3n de un A\u00f1o de M\u00fasica, Fuego y Baile en la Quebrada"},"content":{"rendered":"\n<p>Regi\u00f3n de Valpara\u00edso, Chile \u2014 La comunidad de la Quebrada se complace en anunciar un evento especial para conmemorar su primer aniversario. Esta sesi\u00f3n doble se llevar\u00e1 a cabo durante el fin de semana con d\u00edas llenos de sol, m\u00fasica, fuego y baile.<\/p>\n\n\n\n<p>Detalles del Evento: s\u00e1bado 24 y domingo 25 de agosto. con los dj\u00b4s : Diegors, Flacou, Mario Salazar, Lorelei, Mat\u00edas Rivera, Rodrigo \u00c1valos.<\/p>\n\n\n\n<p>Pre-venta: Del lunes 19 al jueves 22 de agosto.<br>Venta \u00fanica: Del viernes 23 al domingo 25 de agosto.<br>Horario: s\u00e1bado desde las 19 hrs. hasta endomingo a las 21 hrs., con la libertad para los asistentes de disfrutar en ambos horarios.<br>Precios:<br>Pre-venta: $12.500 (Del 19 al 22 de agosto)<br>Venta \u00fanica: $15.000 (Del 23 al 25 de agosto)<br>Entradas Limitadas:<br>Debido a la capacidad limitada, se recomienda a los interesados asegurar sus entradas con anticipaci\u00f3n para no perderse esta experiencia \u00fanica.<\/p>\n\n\n\n<p>Actividades:<br>Este evento promete ser una celebraci\u00f3n memorable, con dos d\u00edas llenos de m\u00fasica, luces y la energ\u00eda del fuego. Seis DJ\u2019s estar\u00e1n a cargo de la m\u00fasica, garantizando una variedad de sonidos que mantendr\u00e1n a todos bailando durante 48 horas. Adem\u00e1s, los asistentes podr\u00e1n disfrutar de una amplia oferta gastron\u00f3mica, que incluye deliciosos s\u00e1ndwiches, pizzas y dulces para el baj\u00f3n, gracias a @delbordealmar. Y la cocteler\u00eda de la Quebrada Barra bbb<\/p>\n\n\n\n<p>Un A\u00f1o de Encuentros:<br>La celebraci\u00f3n marca un a\u00f1o desde que la Quebrada comenz\u00f3 a reunir a la comunidad en torno a la m\u00fasica y el baile, creando un espacio donde la energ\u00eda positiva y la conexi\u00f3n humana son el centro. Este evento no solo celebra ese primer a\u00f1o, sino que tambi\u00e9n refuerza el compromiso de seguir creando momentos inolvidables para todos los asistentes.<\/p>\n\n\n\n<p>Ubicaci\u00f3n:<br>El evento se llevar\u00e1 a cabo en Quebrada Alvarado, Olmu\u00e9, en la misma locaci\u00f3n donde se han realizado los encuentros anteriores. Una vez pagada la entrada te revelan la ubicaci\u00f3n exacta.<\/p>\n\n\n\n<p>Para m\u00e1s informaci\u00f3n y compra de entradas, comun\u00edcate a trav\u00e9s de WhatsApp [+56994304747] o visita las redes sociales en [@quebrada_club]. Y asegura tu lugar en la pista de baile. puedes asistir uno o los dos d\u00edas. <\/p>\n\n\n\n<figure class=\"wp-block-image size-large\"><img fetchpriority=\"high\" decoding=\"async\" width=\"826\" height=\"1024\" src=\"https:\/\/www.valparaisocreativo.cl\/wp-content\/uploads\/2024\/08\/WhatsApp-Image-2024-08-19-at-3.16.08-PM-826x1024.jpeg\" alt=\"\" class=\"wp-image-20048\" srcset=\"https:\/\/dev.antudigital.cl\/sites\/vc\/wp-content\/uploads\/2024\/08\/WhatsApp-Image-2024-08-19-at-3.16.08-PM-826x1024.jpeg 826w, https:\/\/dev.antudigital.cl\/sites\/vc\/wp-content\/uploads\/2024\/08\/WhatsApp-Image-2024-08-19-at-3.16.08-PM-242x300.jpeg 242w, https:\/\/dev.antudigital.cl\/sites\/vc\/wp-content\/uploads\/2024\/08\/WhatsApp-Image-2024-08-19-at-3.16.08-PM-768x952.jpeg 768w, https:\/\/dev.antudigital.cl\/sites\/vc\/wp-content\/uploads\/2024\/08\/WhatsApp-Image-2024-08-19-at-3.16.08-PM-1080x1339.jpeg 1080w, https:\/\/dev.antudigital.cl\/sites\/vc\/wp-content\/uploads\/2024\/08\/WhatsApp-Image-2024-08-19-at-3.16.08-PM-980x1215.jpeg 980w, https:\/\/dev.antudigital.cl\/sites\/vc\/wp-content\/uploads\/2024\/08\/WhatsApp-Image-2024-08-19-at-3.16.08-PM-480x595.jpeg 480w, https:\/\/dev.antudigital.cl\/sites\/vc\/wp-content\/uploads\/2024\/08\/WhatsApp-Image-2024-08-19-at-3.16.08-PM-19x24.jpeg 19w, https:\/\/dev.antudigital.cl\/sites\/vc\/wp-content\/uploads\/2024\/08\/WhatsApp-Image-2024-08-19-at-3.16.08-PM-29x36.jpeg 29w, https:\/\/dev.antudigital.cl\/sites\/vc\/wp-content\/uploads\/2024\/08\/WhatsApp-Image-2024-08-19-at-3.16.08-PM-39x48.jpeg 39w, https:\/\/dev.antudigital.cl\/sites\/vc\/wp-content\/uploads\/2024\/08\/WhatsApp-Image-2024-08-19-at-3.16.08-PM.jpeg 1170w\" sizes=\"(max-width: 826px) 100vw, 826px\" \/><\/figure>\n","protected":false},"excerpt":{"rendered":"<p>Regi\u00f3n de Valpara\u00edso, Chile \u2014 La comunidad de la Quebrada se complace en anunciar un evento especial para conmemorar su primer aniversario. Esta sesi\u00f3n doble se llevar\u00e1 a cabo durante el fin de semana con d\u00edas llenos de sol, m\u00fasica, fuego y baile. Detalles del Evento: s\u00e1bado 24 y domingo 25 de agosto. con los [&hellip;]<\/p>\n","protected":false},"author":1,"featured_media":20047,"comment_status":"closed","ping_status":"closed","sticky":false,"template":"","format":"standard","meta":{"_acf_changed":false,"footnotes":""},"categories":[1],"tags":[],"class_list":["post-20046","post","type-post","status-publish","format-standard","has-post-thumbnail","hentry","category-uncategorized"],"acf":[],"yoast_head":"<!-- This site is optimized with the Yoast SEO plugin v27.1.1 - https:\/\/yoast.com\/product\/yoast-seo-wordpress\/ -->\n<title>Celebraci\u00f3n de un A\u00f1o de M\u00fasica, Fuego y Baile en la Quebrada - Valpara\u00ed\u00adso Creativo<\/title>\n<meta name=\"robots\" content=\"index, follow, max-snippet:-1, max-image-preview:large, max-video-preview:-1\" \/>\n<link rel=\"canonical\" href=\"https:\/\/dev.antudigital.cl\/sites\/vc\/celebracion-de-un-ano-de-musica-fuego-y-baile-en-la-quebrada\/\" \/>\n<meta property=\"og:locale\" content=\"es_ES\" \/>\n<meta property=\"og:type\" content=\"article\" \/>\n<meta property=\"og:title\" content=\"Celebraci\u00f3n de un A\u00f1o de M\u00fasica, Fuego y Baile en la Quebrada - Valpara\u00ed\u00adso Creativo\" \/>\n<meta property=\"og:description\" content=\"Regi\u00f3n de Valpara\u00edso, Chile \u2014 La comunidad de la Quebrada se complace en anunciar un evento especial para conmemorar su primer aniversario. Esta sesi\u00f3n doble se llevar\u00e1 a cabo durante el fin de semana con d\u00edas llenos de sol, m\u00fasica, fuego y baile. Detalles del Evento: s\u00e1bado 24 y domingo 25 de agosto. con los [&hellip;]\" \/>\n<meta property=\"og:url\" content=\"https:\/\/dev.antudigital.cl\/sites\/vc\/celebracion-de-un-ano-de-musica-fuego-y-baile-en-la-quebrada\/\" \/>\n<meta property=\"og:site_name\" content=\"Valpara\u00ed\u00adso Creativo\" \/>\n<meta property=\"article:published_time\" content=\"2024-08-19T20:23:10+00:00\" \/>\n<meta property=\"article:modified_time\" content=\"2024-08-19T20:23:32+00:00\" \/>\n<meta property=\"og:image\" content=\"https:\/\/dev.antudigital.cl\/sites\/vc\/wp-content\/uploads\/2024\/08\/WhatsApp-Image-2024-08-19-at-4.13.45-PM.jpeg\" \/>\n\t<meta property=\"og:image:width\" content=\"1600\" \/>\n\t<meta property=\"og:image:height\" content=\"900\" \/>\n\t<meta property=\"og:image:type\" content=\"image\/jpeg\" \/>\n<meta name=\"author\" content=\"Valpara\u00edso Creativo\" \/>\n<meta name=\"twitter:card\" content=\"summary_large_image\" \/>\n<meta name=\"twitter:label1\" content=\"Escrito por\" \/>\n\t<meta name=\"twitter:data1\" content=\"Valpara\u00edso Creativo\" \/>\n\t<meta name=\"twitter:label2\" content=\"Tiempo de lectura\" \/>\n\t<meta name=\"twitter:data2\" content=\"3 minutos\" \/>\n<script type=\"application\/ld+json\" class=\"yoast-schema-graph\">{\"@context\":\"https:\/\/schema.org\",\"@graph\":[{\"@type\":\"Article\",\"@id\":\"https:\/\/dev.antudigital.cl\/sites\/vc\/celebracion-de-un-ano-de-musica-fuego-y-baile-en-la-quebrada\/#article\",\"isPartOf\":{\"@id\":\"https:\/\/dev.antudigital.cl\/sites\/vc\/celebracion-de-un-ano-de-musica-fuego-y-baile-en-la-quebrada\/\"},\"author\":{\"name\":\"Valpara\u00edso Creativo\",\"@id\":\"https:\/\/dev.antudigital.cl\/sites\/vc\/#\/schema\/person\/c2b9da8dd545e27166fc5ab232837318\"},\"headline\":\"Celebraci\u00f3n de un A\u00f1o de M\u00fasica, Fuego y Baile en la Quebrada\",\"datePublished\":\"2024-08-19T20:23:10+00:00\",\"dateModified\":\"2024-08-19T20:23:32+00:00\",\"mainEntityOfPage\":{\"@id\":\"https:\/\/dev.antudigital.cl\/sites\/vc\/celebracion-de-un-ano-de-musica-fuego-y-baile-en-la-quebrada\/\"},\"wordCount\":391,\"image\":{\"@id\":\"https:\/\/dev.antudigital.cl\/sites\/vc\/celebracion-de-un-ano-de-musica-fuego-y-baile-en-la-quebrada\/#primaryimage\"},\"thumbnailUrl\":\"https:\/\/dev.antudigital.cl\/sites\/vc\/wp-content\/uploads\/2024\/08\/WhatsApp-Image-2024-08-19-at-4.13.45-PM.jpeg\",\"articleSection\":[\"Uncategorized\"],\"inLanguage\":\"es\"},{\"@type\":\"WebPage\",\"@id\":\"https:\/\/dev.antudigital.cl\/sites\/vc\/celebracion-de-un-ano-de-musica-fuego-y-baile-en-la-quebrada\/\",\"url\":\"https:\/\/dev.antudigital.cl\/sites\/vc\/celebracion-de-un-ano-de-musica-fuego-y-baile-en-la-quebrada\/\",\"name\":\"Celebraci\u00f3n de un A\u00f1o de M\u00fasica, Fuego y Baile en la Quebrada - Valpara\u00ed\u00adso Creativo\",\"isPartOf\":{\"@id\":\"https:\/\/dev.antudigital.cl\/sites\/vc\/#website\"},\"primaryImageOfPage\":{\"@id\":\"https:\/\/dev.antudigital.cl\/sites\/vc\/celebracion-de-un-ano-de-musica-fuego-y-baile-en-la-quebrada\/#primaryimage\"},\"image\":{\"@id\":\"https:\/\/dev.antudigital.cl\/sites\/vc\/celebracion-de-un-ano-de-musica-fuego-y-baile-en-la-quebrada\/#primaryimage\"},\"thumbnailUrl\":\"https:\/\/dev.antudigital.cl\/sites\/vc\/wp-content\/uploads\/2024\/08\/WhatsApp-Image-2024-08-19-at-4.13.45-PM.jpeg\",\"datePublished\":\"2024-08-19T20:23:10+00:00\",\"dateModified\":\"2024-08-19T20:23:32+00:00\",\"author\":{\"@id\":\"https:\/\/dev.antudigital.cl\/sites\/vc\/#\/schema\/person\/c2b9da8dd545e27166fc5ab232837318\"},\"breadcrumb\":{\"@id\":\"https:\/\/dev.antudigital.cl\/sites\/vc\/celebracion-de-un-ano-de-musica-fuego-y-baile-en-la-quebrada\/#breadcrumb\"},\"inLanguage\":\"es\",\"potentialAction\":[{\"@type\":\"ReadAction\",\"target\":[\"https:\/\/dev.antudigital.cl\/sites\/vc\/celebracion-de-un-ano-de-musica-fuego-y-baile-en-la-quebrada\/\"]}]},{\"@type\":\"ImageObject\",\"inLanguage\":\"es\",\"@id\":\"https:\/\/dev.antudigital.cl\/sites\/vc\/celebracion-de-un-ano-de-musica-fuego-y-baile-en-la-quebrada\/#primaryimage\",\"url\":\"https:\/\/dev.antudigital.cl\/sites\/vc\/wp-content\/uploads\/2024\/08\/WhatsApp-Image-2024-08-19-at-4.13.45-PM.jpeg\",\"contentUrl\":\"https:\/\/dev.antudigital.cl\/sites\/vc\/wp-content\/uploads\/2024\/08\/WhatsApp-Image-2024-08-19-at-4.13.45-PM.jpeg\",\"width\":1600,\"height\":900},{\"@type\":\"BreadcrumbList\",\"@id\":\"https:\/\/dev.antudigital.cl\/sites\/vc\/celebracion-de-un-ano-de-musica-fuego-y-baile-en-la-quebrada\/#breadcrumb\",\"itemListElement\":[{\"@type\":\"ListItem\",\"position\":1,\"name\":\"Home\",\"item\":\"https:\/\/dev.antudigital.cl\/sites\/vc\/\"},{\"@type\":\"ListItem\",\"position\":2,\"name\":\"Celebraci\u00f3n de un A\u00f1o de M\u00fasica, Fuego y Baile en la Quebrada\"}]},{\"@type\":\"WebSite\",\"@id\":\"https:\/\/dev.antudigital.cl\/sites\/vc\/#website\",\"url\":\"https:\/\/dev.antudigital.cl\/sites\/vc\/\",\"name\":\"Valpara\u00ed\u00adso Creativo\",\"description\":\"\",\"potentialAction\":[{\"@type\":\"SearchAction\",\"target\":{\"@type\":\"EntryPoint\",\"urlTemplate\":\"https:\/\/dev.antudigital.cl\/sites\/vc\/?s={search_term_string}\"},\"query-input\":{\"@type\":\"PropertyValueSpecification\",\"valueRequired\":true,\"valueName\":\"search_term_string\"}}],\"inLanguage\":\"es\"},{\"@type\":\"Person\",\"@id\":\"https:\/\/dev.antudigital.cl\/sites\/vc\/#\/schema\/person\/c2b9da8dd545e27166fc5ab232837318\",\"name\":\"Valpara\u00edso Creativo\",\"description\":\"Periodista de cultura en la Regi\u00f3n de Valpara\u00edso.\",\"url\":\"https:\/\/dev.antudigital.cl\/sites\/vc\/author\/valpoadmin\/\"}]}<\/script>\n<!-- \/ Yoast SEO plugin. -->","yoast_head_json":{"title":"Celebraci\u00f3n de un A\u00f1o de M\u00fasica, Fuego y Baile en la Quebrada - Valpara\u00ed\u00adso Creativo","robots":{"index":"index","follow":"follow","max-snippet":"max-snippet:-1","max-image-preview":"max-image-preview:large","max-video-preview":"max-video-preview:-1"},"canonical":"https:\/\/dev.antudigital.cl\/sites\/vc\/celebracion-de-un-ano-de-musica-fuego-y-baile-en-la-quebrada\/","og_locale":"es_ES","og_type":"article","og_title":"Celebraci\u00f3n de un A\u00f1o de M\u00fasica, Fuego y Baile en la Quebrada - Valpara\u00ed\u00adso Creativo","og_description":"Regi\u00f3n de Valpara\u00edso, Chile \u2014 La comunidad de la Quebrada se complace en anunciar un evento especial para conmemorar su primer aniversario. Esta sesi\u00f3n doble se llevar\u00e1 a cabo durante el fin de semana con d\u00edas llenos de sol, m\u00fasica, fuego y baile. Detalles del Evento: s\u00e1bado 24 y domingo 25 de agosto. con los [&hellip;]","og_url":"https:\/\/dev.antudigital.cl\/sites\/vc\/celebracion-de-un-ano-de-musica-fuego-y-baile-en-la-quebrada\/","og_site_name":"Valpara\u00ed\u00adso Creativo","article_published_time":"2024-08-19T20:23:10+00:00","article_modified_time":"2024-08-19T20:23:32+00:00","og_image":[{"width":1600,"height":900,"url":"https:\/\/dev.antudigital.cl\/sites\/vc\/wp-content\/uploads\/2024\/08\/WhatsApp-Image-2024-08-19-at-4.13.45-PM.jpeg","type":"image\/jpeg"}],"author":"Valpara\u00edso Creativo","twitter_card":"summary_large_image","twitter_misc":{"Escrito por":"Valpara\u00edso Creativo","Tiempo de lectura":"3 minutos"},"schema":{"@context":"https:\/\/schema.org","@graph":[{"@type":"Article","@id":"https:\/\/dev.antudigital.cl\/sites\/vc\/celebracion-de-un-ano-de-musica-fuego-y-baile-en-la-quebrada\/#article","isPartOf":{"@id":"https:\/\/dev.antudigital.cl\/sites\/vc\/celebracion-de-un-ano-de-musica-fuego-y-baile-en-la-quebrada\/"},"author":{"name":"Valpara\u00edso Creativo","@id":"https:\/\/dev.antudigital.cl\/sites\/vc\/#\/schema\/person\/c2b9da8dd545e27166fc5ab232837318"},"headline":"Celebraci\u00f3n de un A\u00f1o de M\u00fasica, Fuego y Baile en la Quebrada","datePublished":"2024-08-19T20:23:10+00:00","dateModified":"2024-08-19T20:23:32+00:00","mainEntityOfPage":{"@id":"https:\/\/dev.antudigital.cl\/sites\/vc\/celebracion-de-un-ano-de-musica-fuego-y-baile-en-la-quebrada\/"},"wordCount":391,"image":{"@id":"https:\/\/dev.antudigital.cl\/sites\/vc\/celebracion-de-un-ano-de-musica-fuego-y-baile-en-la-quebrada\/#primaryimage"},"thumbnailUrl":"https:\/\/dev.antudigital.cl\/sites\/vc\/wp-content\/uploads\/2024\/08\/WhatsApp-Image-2024-08-19-at-4.13.45-PM.jpeg","articleSection":["Uncategorized"],"inLanguage":"es"},{"@type":"WebPage","@id":"https:\/\/dev.antudigital.cl\/sites\/vc\/celebracion-de-un-ano-de-musica-fuego-y-baile-en-la-quebrada\/","url":"https:\/\/dev.antudigital.cl\/sites\/vc\/celebracion-de-un-ano-de-musica-fuego-y-baile-en-la-quebrada\/","name":"Celebraci\u00f3n de un A\u00f1o de M\u00fasica, Fuego y Baile en la Quebrada - Valpara\u00ed\u00adso Creativo","isPartOf":{"@id":"https:\/\/dev.antudigital.cl\/sites\/vc\/#website"},"primaryImageOfPage":{"@id":"https:\/\/dev.antudigital.cl\/sites\/vc\/celebracion-de-un-ano-de-musica-fuego-y-baile-en-la-quebrada\/#primaryimage"},"image":{"@id":"https:\/\/dev.antudigital.cl\/sites\/vc\/celebracion-de-un-ano-de-musica-fuego-y-baile-en-la-quebrada\/#primaryimage"},"thumbnailUrl":"https:\/\/dev.antudigital.cl\/sites\/vc\/wp-content\/uploads\/2024\/08\/WhatsApp-Image-2024-08-19-at-4.13.45-PM.jpeg","datePublished":"2024-08-19T20:23:10+00:00","dateModified":"2024-08-19T20:23:32+00:00","author":{"@id":"https:\/\/dev.antudigital.cl\/sites\/vc\/#\/schema\/person\/c2b9da8dd545e27166fc5ab232837318"},"breadcrumb":{"@id":"https:\/\/dev.antudigital.cl\/sites\/vc\/celebracion-de-un-ano-de-musica-fuego-y-baile-en-la-quebrada\/#breadcrumb"},"inLanguage":"es","potentialAction":[{"@type":"ReadAction","target":["https:\/\/dev.antudigital.cl\/sites\/vc\/celebracion-de-un-ano-de-musica-fuego-y-baile-en-la-quebrada\/"]}]},{"@type":"ImageObject","inLanguage":"es","@id":"https:\/\/dev.antudigital.cl\/sites\/vc\/celebracion-de-un-ano-de-musica-fuego-y-baile-en-la-quebrada\/#primaryimage","url":"https:\/\/dev.antudigital.cl\/sites\/vc\/wp-content\/uploads\/2024\/08\/WhatsApp-Image-2024-08-19-at-4.13.45-PM.jpeg","contentUrl":"https:\/\/dev.antudigital.cl\/sites\/vc\/wp-content\/uploads\/2024\/08\/WhatsApp-Image-2024-08-19-at-4.13.45-PM.jpeg","width":1600,"height":900},{"@type":"BreadcrumbList","@id":"https:\/\/dev.antudigital.cl\/sites\/vc\/celebracion-de-un-ano-de-musica-fuego-y-baile-en-la-quebrada\/#breadcrumb","itemListElement":[{"@type":"ListItem","position":1,"name":"Home","item":"https:\/\/dev.antudigital.cl\/sites\/vc\/"},{"@type":"ListItem","position":2,"name":"Celebraci\u00f3n de un A\u00f1o de M\u00fasica, Fuego y Baile en la Quebrada"}]},{"@type":"WebSite","@id":"https:\/\/dev.antudigital.cl\/sites\/vc\/#website","url":"https:\/\/dev.antudigital.cl\/sites\/vc\/","name":"Valpara\u00ed\u00adso Creativo","description":"","potentialAction":[{"@type":"SearchAction","target":{"@type":"EntryPoint","urlTemplate":"https:\/\/dev.antudigital.cl\/sites\/vc\/?s={search_term_string}"},"query-input":{"@type":"PropertyValueSpecification","valueRequired":true,"valueName":"search_term_string"}}],"inLanguage":"es"},{"@type":"Person","@id":"https:\/\/dev.antudigital.cl\/sites\/vc\/#\/schema\/person\/c2b9da8dd545e27166fc5ab232837318","name":"Valpara\u00edso Creativo","description":"Periodista de cultura en la Regi\u00f3n de Valpara\u00edso.","url":"https:\/\/dev.antudigital.cl\/sites\/vc\/author\/valpoadmin\/"}]}},"_links":{"self":[{"href":"https:\/\/dev.antudigital.cl\/sites\/vc\/wp-json\/wp\/v2\/posts\/20046","targetHints":{"allow":["GET"]}}],"collection":[{"href":"https:\/\/dev.antudigital.cl\/sites\/vc\/wp-json\/wp\/v2\/posts"}],"about":[{"href":"https:\/\/dev.antudigital.cl\/sites\/vc\/wp-json\/wp\/v2\/types\/post"}],"author":[{"embeddable":true,"href":"https:\/\/dev.antudigital.cl\/sites\/vc\/wp-json\/wp\/v2\/users\/1"}],"replies":[{"embeddable":true,"href":"https:\/\/dev.antudigital.cl\/sites\/vc\/wp-json\/wp\/v2\/comments?post=20046"}],"version-history":[{"count":1,"href":"https:\/\/dev.antudigital.cl\/sites\/vc\/wp-json\/wp\/v2\/posts\/20046\/revisions"}],"predecessor-version":[{"id":20049,"href":"https:\/\/dev.antudigital.cl\/sites\/vc\/wp-json\/wp\/v2\/posts\/20046\/revisions\/20049"}],"wp:featuredmedia":[{"embeddable":true,"href":"https:\/\/dev.antudigital.cl\/sites\/vc\/wp-json\/wp\/v2\/media\/20047"}],"wp:attachment":[{"href":"https:\/\/dev.antudigital.cl\/sites\/vc\/wp-json\/wp\/v2\/media?parent=20046"}],"wp:term":[{"taxonomy":"category","embeddable":true,"href":"https:\/\/dev.antudigital.cl\/sites\/vc\/wp-json\/wp\/v2\/categories?post=20046"},{"taxonomy":"post_tag","embeddable":true,"href":"https:\/\/dev.antudigital.cl\/sites\/vc\/wp-json\/wp\/v2\/tags?post=20046"}],"curies":[{"name":"wp","href":"https:\/\/api.w.org\/{rel}","templated":true}]}}