{"id":20060,"date":"2024-08-19T20:42:49","date_gmt":"2024-08-19T20:42:49","guid":{"rendered":"https:\/\/www.valparaisocreativo.cl\/?p=20060"},"modified":"2024-08-19T20:43:08","modified_gmt":"2024-08-19T20:43:08","slug":"sala-teatro-ipa-anuncia-alianza-con-teleton-en-torno-a-las-artes-escenicas","status":"publish","type":"post","link":"https:\/\/dev.antudigital.cl\/sites\/vc\/sala-teatro-ipa-anuncia-alianza-con-teleton-en-torno-a-las-artes-escenicas\/","title":{"rendered":"Sala Teatro Ipa anuncia alianza con Telet\u00f3n en torno a las artes esc\u00e9nicas"},"content":{"rendered":"\n<p><em>Esta iniciativa cuenta con el financiamiento del Ministerio de las Culturas, las Artes y el Patrimonio a trav\u00e9s de su Programa de Apoyo a Organizaciones Culturales Colaboradoras<\/em><\/p>\n\n\n\n<p>El viernes 16 de agosto se present\u00f3 la obra \u201cAnku, un ni\u00f1o Aymara\u201d en el Instituto Telet\u00f3n de Valpara\u00edso, siendo un hito de vinculaci\u00f3n entre Telet\u00f3n y el Centro Cultural IPA. La obra se enmarca en el contexto del Mes de la Ni\u00f1ez y cuenta la historia de Anku, un ni\u00f1o cuyo nombre significa \u201cindomable\u201d, quien vive diversas aventuras con sus amigos en el pueblo de Ayquina.&nbsp;<\/p>\n\n\n\n<p>Esta funci\u00f3n es parte del Proyecto \u00abCONTINUIDAD DE LA PROGRAMACI\u00d3N DE LA SALA DE TEATRO DEL CENTRO CULTURAL IPA: 95 a\u00f1os de arte y cultura local\u00bb, iniciativa que cuenta con el financiamiento del Ministerio de las Culturas, las Artes y el Patrimonio a trav\u00e9s de su Programa de Apoyo a Organizaciones Culturales Colaboradoras.&nbsp;<\/p>\n\n\n\n<p><strong>Jessica Isasmendi D\u00edaz es Jefa de Gesti\u00f3n del Voluntariado Telet\u00f3n en Valpara\u00edso<\/strong>, se\u00f1ala: \u201cEntiendo el arte como parte del proceso de rehabilitaci\u00f3n. La rehabilitaci\u00f3n tiene que ser complementaria con otras \u00e1reas, porque si solo es cl\u00ednica el usuario puede obtener funcionalidad motora, por ejemplo, pero no necesariamente cultiva amistades o sabe a d\u00f3nde ir despu\u00e9s del alta. A m\u00ed me encantar\u00eda que el v\u00ednculo con IPA se pueda fortalecer m\u00e1s, en la Unidad de Voluntariado realizamos varias actividades l\u00fadicas, por lo que creemos necesario proyectar los v\u00ednculos\u201d.&nbsp;<\/p>\n\n\n\n<p>\u201cEn este momento hay 125 voluntarios que participan de manera activa. Los voluntarios postulan dos veces al a\u00f1o, en febrero y en agosto, y el \u00fanico requisito es ser mayor de 18 a\u00f1os. No es necesario tener una carrera af\u00edn al \u00e1rea de la salud. Tengo el orgullo de trabajar con una voluntaria de 78 a\u00f1os. Para m\u00ed es importante que si alguien tiene la inquietud de hacer voluntariado, lo haga, independiente de la edad\u201d.<\/p>\n\n\n\n<p><strong>Claudio Vidal, director del Centro Cultural IPA<\/strong>, comenta: \u201cLa Compa\u00f1\u00eda de Teatro IluCi\u00f3n ha realizado funciones para Telet\u00f3n desde 1995. Es una alegr\u00eda volver, esta vez a trav\u00e9s del Centro Cultural IPA. Recordamos nuestro trabajo con Mayra Meneses, quien mont\u00f3 la exposici\u00f3n fotogr\u00e1fica \u2018Cabeza, Tronco y Extremidades\u2019, y pusimos en escena la obra \u2018VIDAS PASADAS, VIDAS PRESENTES\u2019, escrita e interpretada por ella, que vive con tetraplejia. El arte, la cultura, no deben generar brechas bajo ning\u00fan contexto. Es importante poder acercar las artes esc\u00e9nicas a quienes tambi\u00e9n tienen el derecho fundamental de presenciar un espect\u00e1culo teatral\u201d.<\/p>\n\n\n\n<p>El proyecto \u201cCONTINUIDAD DE LA PROGRAMACI\u00d3N DE LA SALA DE TEATRO DEL CENTRO CULTURAL IPA: 95 a\u00f1os de arte y cultura local\u201d forma parte del Programa de Apoyo a Organizaciones Culturales Colaboradoras del Ministerio de las Culturas, las Artes y el Patrimonio, que busca fortalecer y dar continuidad a instituciones y organizaciones culturales de derecho privado y sin fines de lucro.&nbsp;<\/p>\n\n\n\n<p>Este programa adem\u00e1s es parte del Sistema de Financiamiento a Organizaciones e Infraestructura Cultural del Ministerio de las Culturas, las Artes y el Patrimonio que integra, articula y coordina de forma transversal los planes, programas y fondos orientados al fomento y apoyo de las organizaciones, de la infraestructura cultural, y de la mediaci\u00f3n art\u00edstica. Todo esto con una vocaci\u00f3n descentralizada, mecanismos participativos, y la promoci\u00f3n de la creaci\u00f3n de redes y asociaciones.<\/p>\n","protected":false},"excerpt":{"rendered":"<p>Esta iniciativa cuenta con el financiamiento del Ministerio de las Culturas, las Artes y el Patrimonio a trav\u00e9s de su Programa de Apoyo a Organizaciones Culturales Colaboradoras El viernes 16 de agosto se present\u00f3 la obra \u201cAnku, un ni\u00f1o Aymara\u201d en el Instituto Telet\u00f3n de Valpara\u00edso, siendo un hito de vinculaci\u00f3n entre Telet\u00f3n y el [&hellip;]<\/p>\n","protected":false},"author":1,"featured_media":20061,"comment_status":"closed","ping_status":"closed","sticky":false,"template":"","format":"standard","meta":{"_acf_changed":false,"footnotes":""},"categories":[8],"tags":[],"class_list":["post-20060","post","type-post","status-publish","format-standard","has-post-thumbnail","hentry","category-noticia"],"acf":[],"yoast_head":"<!-- This site is optimized with the Yoast SEO plugin v27.1.1 - https:\/\/yoast.com\/product\/yoast-seo-wordpress\/ -->\n<title>Sala Teatro Ipa anuncia alianza con Telet\u00f3n en torno a las artes esc\u00e9nicas - Valpara\u00ed\u00adso Creativo<\/title>\n<meta name=\"robots\" content=\"index, follow, max-snippet:-1, max-image-preview:large, max-video-preview:-1\" \/>\n<link rel=\"canonical\" href=\"https:\/\/dev.antudigital.cl\/sites\/vc\/sala-teatro-ipa-anuncia-alianza-con-teleton-en-torno-a-las-artes-escenicas\/\" \/>\n<meta property=\"og:locale\" content=\"es_ES\" \/>\n<meta property=\"og:type\" content=\"article\" \/>\n<meta property=\"og:title\" content=\"Sala Teatro Ipa anuncia alianza con Telet\u00f3n en torno a las artes esc\u00e9nicas - Valpara\u00ed\u00adso Creativo\" \/>\n<meta property=\"og:description\" content=\"Esta iniciativa cuenta con el financiamiento del Ministerio de las Culturas, las Artes y el Patrimonio a trav\u00e9s de su Programa de Apoyo a Organizaciones Culturales Colaboradoras El viernes 16 de agosto se present\u00f3 la obra \u201cAnku, un ni\u00f1o Aymara\u201d en el Instituto Telet\u00f3n de Valpara\u00edso, siendo un hito de vinculaci\u00f3n entre Telet\u00f3n y el [&hellip;]\" \/>\n<meta property=\"og:url\" content=\"https:\/\/dev.antudigital.cl\/sites\/vc\/sala-teatro-ipa-anuncia-alianza-con-teleton-en-torno-a-las-artes-escenicas\/\" \/>\n<meta property=\"og:site_name\" content=\"Valpara\u00ed\u00adso Creativo\" \/>\n<meta property=\"article:published_time\" content=\"2024-08-19T20:42:49+00:00\" \/>\n<meta property=\"article:modified_time\" content=\"2024-08-19T20:43:08+00:00\" \/>\n<meta property=\"og:image\" content=\"https:\/\/dev.antudigital.cl\/sites\/vc\/wp-content\/uploads\/2024\/08\/TELETON-IPA-01.jpg\" \/>\n\t<meta property=\"og:image:width\" content=\"1599\" \/>\n\t<meta property=\"og:image:height\" content=\"1200\" \/>\n\t<meta property=\"og:image:type\" content=\"image\/jpeg\" \/>\n<meta name=\"author\" content=\"Valpara\u00edso Creativo\" \/>\n<meta name=\"twitter:card\" content=\"summary_large_image\" \/>\n<meta name=\"twitter:label1\" content=\"Escrito por\" \/>\n\t<meta name=\"twitter:data1\" content=\"Valpara\u00edso Creativo\" \/>\n\t<meta name=\"twitter:label2\" content=\"Tiempo de lectura\" \/>\n\t<meta name=\"twitter:data2\" content=\"3 minutos\" \/>\n<script type=\"application\/ld+json\" class=\"yoast-schema-graph\">{\"@context\":\"https:\/\/schema.org\",\"@graph\":[{\"@type\":\"Article\",\"@id\":\"https:\/\/dev.antudigital.cl\/sites\/vc\/sala-teatro-ipa-anuncia-alianza-con-teleton-en-torno-a-las-artes-escenicas\/#article\",\"isPartOf\":{\"@id\":\"https:\/\/dev.antudigital.cl\/sites\/vc\/sala-teatro-ipa-anuncia-alianza-con-teleton-en-torno-a-las-artes-escenicas\/\"},\"author\":{\"name\":\"Valpara\u00edso Creativo\",\"@id\":\"https:\/\/dev.antudigital.cl\/sites\/vc\/#\/schema\/person\/c2b9da8dd545e27166fc5ab232837318\"},\"headline\":\"Sala Teatro Ipa anuncia alianza con Telet\u00f3n en torno a las artes esc\u00e9nicas\",\"datePublished\":\"2024-08-19T20:42:49+00:00\",\"dateModified\":\"2024-08-19T20:43:08+00:00\",\"mainEntityOfPage\":{\"@id\":\"https:\/\/dev.antudigital.cl\/sites\/vc\/sala-teatro-ipa-anuncia-alianza-con-teleton-en-torno-a-las-artes-escenicas\/\"},\"wordCount\":600,\"image\":{\"@id\":\"https:\/\/dev.antudigital.cl\/sites\/vc\/sala-teatro-ipa-anuncia-alianza-con-teleton-en-torno-a-las-artes-escenicas\/#primaryimage\"},\"thumbnailUrl\":\"https:\/\/dev.antudigital.cl\/sites\/vc\/wp-content\/uploads\/2024\/08\/TELETON-IPA-01.jpg\",\"articleSection\":[\"Noticia\"],\"inLanguage\":\"es\"},{\"@type\":\"WebPage\",\"@id\":\"https:\/\/dev.antudigital.cl\/sites\/vc\/sala-teatro-ipa-anuncia-alianza-con-teleton-en-torno-a-las-artes-escenicas\/\",\"url\":\"https:\/\/dev.antudigital.cl\/sites\/vc\/sala-teatro-ipa-anuncia-alianza-con-teleton-en-torno-a-las-artes-escenicas\/\",\"name\":\"Sala Teatro Ipa anuncia alianza con Telet\u00f3n en torno a las artes esc\u00e9nicas - Valpara\u00ed\u00adso Creativo\",\"isPartOf\":{\"@id\":\"https:\/\/dev.antudigital.cl\/sites\/vc\/#website\"},\"primaryImageOfPage\":{\"@id\":\"https:\/\/dev.antudigital.cl\/sites\/vc\/sala-teatro-ipa-anuncia-alianza-con-teleton-en-torno-a-las-artes-escenicas\/#primaryimage\"},\"image\":{\"@id\":\"https:\/\/dev.antudigital.cl\/sites\/vc\/sala-teatro-ipa-anuncia-alianza-con-teleton-en-torno-a-las-artes-escenicas\/#primaryimage\"},\"thumbnailUrl\":\"https:\/\/dev.antudigital.cl\/sites\/vc\/wp-content\/uploads\/2024\/08\/TELETON-IPA-01.jpg\",\"datePublished\":\"2024-08-19T20:42:49+00:00\",\"dateModified\":\"2024-08-19T20:43:08+00:00\",\"author\":{\"@id\":\"https:\/\/dev.antudigital.cl\/sites\/vc\/#\/schema\/person\/c2b9da8dd545e27166fc5ab232837318\"},\"breadcrumb\":{\"@id\":\"https:\/\/dev.antudigital.cl\/sites\/vc\/sala-teatro-ipa-anuncia-alianza-con-teleton-en-torno-a-las-artes-escenicas\/#breadcrumb\"},\"inLanguage\":\"es\",\"potentialAction\":[{\"@type\":\"ReadAction\",\"target\":[\"https:\/\/dev.antudigital.cl\/sites\/vc\/sala-teatro-ipa-anuncia-alianza-con-teleton-en-torno-a-las-artes-escenicas\/\"]}]},{\"@type\":\"ImageObject\",\"inLanguage\":\"es\",\"@id\":\"https:\/\/dev.antudigital.cl\/sites\/vc\/sala-teatro-ipa-anuncia-alianza-con-teleton-en-torno-a-las-artes-escenicas\/#primaryimage\",\"url\":\"https:\/\/dev.antudigital.cl\/sites\/vc\/wp-content\/uploads\/2024\/08\/TELETON-IPA-01.jpg\",\"contentUrl\":\"https:\/\/dev.antudigital.cl\/sites\/vc\/wp-content\/uploads\/2024\/08\/TELETON-IPA-01.jpg\",\"width\":1599,\"height\":1200},{\"@type\":\"BreadcrumbList\",\"@id\":\"https:\/\/dev.antudigital.cl\/sites\/vc\/sala-teatro-ipa-anuncia-alianza-con-teleton-en-torno-a-las-artes-escenicas\/#breadcrumb\",\"itemListElement\":[{\"@type\":\"ListItem\",\"position\":1,\"name\":\"Home\",\"item\":\"https:\/\/dev.antudigital.cl\/sites\/vc\/\"},{\"@type\":\"ListItem\",\"position\":2,\"name\":\"Sala Teatro Ipa anuncia alianza con Telet\u00f3n en torno a las artes esc\u00e9nicas\"}]},{\"@type\":\"WebSite\",\"@id\":\"https:\/\/dev.antudigital.cl\/sites\/vc\/#website\",\"url\":\"https:\/\/dev.antudigital.cl\/sites\/vc\/\",\"name\":\"Valpara\u00ed\u00adso Creativo\",\"description\":\"\",\"potentialAction\":[{\"@type\":\"SearchAction\",\"target\":{\"@type\":\"EntryPoint\",\"urlTemplate\":\"https:\/\/dev.antudigital.cl\/sites\/vc\/?s={search_term_string}\"},\"query-input\":{\"@type\":\"PropertyValueSpecification\",\"valueRequired\":true,\"valueName\":\"search_term_string\"}}],\"inLanguage\":\"es\"},{\"@type\":\"Person\",\"@id\":\"https:\/\/dev.antudigital.cl\/sites\/vc\/#\/schema\/person\/c2b9da8dd545e27166fc5ab232837318\",\"name\":\"Valpara\u00edso Creativo\",\"description\":\"Periodista de cultura en la Regi\u00f3n de Valpara\u00edso.\",\"url\":\"https:\/\/dev.antudigital.cl\/sites\/vc\/author\/valpoadmin\/\"}]}<\/script>\n<!-- \/ Yoast SEO plugin. -->","yoast_head_json":{"title":"Sala Teatro Ipa anuncia alianza con Telet\u00f3n en torno a las artes esc\u00e9nicas - Valpara\u00ed\u00adso Creativo","robots":{"index":"index","follow":"follow","max-snippet":"max-snippet:-1","max-image-preview":"max-image-preview:large","max-video-preview":"max-video-preview:-1"},"canonical":"https:\/\/dev.antudigital.cl\/sites\/vc\/sala-teatro-ipa-anuncia-alianza-con-teleton-en-torno-a-las-artes-escenicas\/","og_locale":"es_ES","og_type":"article","og_title":"Sala Teatro Ipa anuncia alianza con Telet\u00f3n en torno a las artes esc\u00e9nicas - Valpara\u00ed\u00adso Creativo","og_description":"Esta iniciativa cuenta con el financiamiento del Ministerio de las Culturas, las Artes y el Patrimonio a trav\u00e9s de su Programa de Apoyo a Organizaciones Culturales Colaboradoras El viernes 16 de agosto se present\u00f3 la obra \u201cAnku, un ni\u00f1o Aymara\u201d en el Instituto Telet\u00f3n de Valpara\u00edso, siendo un hito de vinculaci\u00f3n entre Telet\u00f3n y el [&hellip;]","og_url":"https:\/\/dev.antudigital.cl\/sites\/vc\/sala-teatro-ipa-anuncia-alianza-con-teleton-en-torno-a-las-artes-escenicas\/","og_site_name":"Valpara\u00ed\u00adso Creativo","article_published_time":"2024-08-19T20:42:49+00:00","article_modified_time":"2024-08-19T20:43:08+00:00","og_image":[{"width":1599,"height":1200,"url":"https:\/\/dev.antudigital.cl\/sites\/vc\/wp-content\/uploads\/2024\/08\/TELETON-IPA-01.jpg","type":"image\/jpeg"}],"author":"Valpara\u00edso Creativo","twitter_card":"summary_large_image","twitter_misc":{"Escrito por":"Valpara\u00edso Creativo","Tiempo de lectura":"3 minutos"},"schema":{"@context":"https:\/\/schema.org","@graph":[{"@type":"Article","@id":"https:\/\/dev.antudigital.cl\/sites\/vc\/sala-teatro-ipa-anuncia-alianza-con-teleton-en-torno-a-las-artes-escenicas\/#article","isPartOf":{"@id":"https:\/\/dev.antudigital.cl\/sites\/vc\/sala-teatro-ipa-anuncia-alianza-con-teleton-en-torno-a-las-artes-escenicas\/"},"author":{"name":"Valpara\u00edso Creativo","@id":"https:\/\/dev.antudigital.cl\/sites\/vc\/#\/schema\/person\/c2b9da8dd545e27166fc5ab232837318"},"headline":"Sala Teatro Ipa anuncia alianza con Telet\u00f3n en torno a las artes esc\u00e9nicas","datePublished":"2024-08-19T20:42:49+00:00","dateModified":"2024-08-19T20:43:08+00:00","mainEntityOfPage":{"@id":"https:\/\/dev.antudigital.cl\/sites\/vc\/sala-teatro-ipa-anuncia-alianza-con-teleton-en-torno-a-las-artes-escenicas\/"},"wordCount":600,"image":{"@id":"https:\/\/dev.antudigital.cl\/sites\/vc\/sala-teatro-ipa-anuncia-alianza-con-teleton-en-torno-a-las-artes-escenicas\/#primaryimage"},"thumbnailUrl":"https:\/\/dev.antudigital.cl\/sites\/vc\/wp-content\/uploads\/2024\/08\/TELETON-IPA-01.jpg","articleSection":["Noticia"],"inLanguage":"es"},{"@type":"WebPage","@id":"https:\/\/dev.antudigital.cl\/sites\/vc\/sala-teatro-ipa-anuncia-alianza-con-teleton-en-torno-a-las-artes-escenicas\/","url":"https:\/\/dev.antudigital.cl\/sites\/vc\/sala-teatro-ipa-anuncia-alianza-con-teleton-en-torno-a-las-artes-escenicas\/","name":"Sala Teatro Ipa anuncia alianza con Telet\u00f3n en torno a las artes esc\u00e9nicas - Valpara\u00ed\u00adso Creativo","isPartOf":{"@id":"https:\/\/dev.antudigital.cl\/sites\/vc\/#website"},"primaryImageOfPage":{"@id":"https:\/\/dev.antudigital.cl\/sites\/vc\/sala-teatro-ipa-anuncia-alianza-con-teleton-en-torno-a-las-artes-escenicas\/#primaryimage"},"image":{"@id":"https:\/\/dev.antudigital.cl\/sites\/vc\/sala-teatro-ipa-anuncia-alianza-con-teleton-en-torno-a-las-artes-escenicas\/#primaryimage"},"thumbnailUrl":"https:\/\/dev.antudigital.cl\/sites\/vc\/wp-content\/uploads\/2024\/08\/TELETON-IPA-01.jpg","datePublished":"2024-08-19T20:42:49+00:00","dateModified":"2024-08-19T20:43:08+00:00","author":{"@id":"https:\/\/dev.antudigital.cl\/sites\/vc\/#\/schema\/person\/c2b9da8dd545e27166fc5ab232837318"},"breadcrumb":{"@id":"https:\/\/dev.antudigital.cl\/sites\/vc\/sala-teatro-ipa-anuncia-alianza-con-teleton-en-torno-a-las-artes-escenicas\/#breadcrumb"},"inLanguage":"es","potentialAction":[{"@type":"ReadAction","target":["https:\/\/dev.antudigital.cl\/sites\/vc\/sala-teatro-ipa-anuncia-alianza-con-teleton-en-torno-a-las-artes-escenicas\/"]}]},{"@type":"ImageObject","inLanguage":"es","@id":"https:\/\/dev.antudigital.cl\/sites\/vc\/sala-teatro-ipa-anuncia-alianza-con-teleton-en-torno-a-las-artes-escenicas\/#primaryimage","url":"https:\/\/dev.antudigital.cl\/sites\/vc\/wp-content\/uploads\/2024\/08\/TELETON-IPA-01.jpg","contentUrl":"https:\/\/dev.antudigital.cl\/sites\/vc\/wp-content\/uploads\/2024\/08\/TELETON-IPA-01.jpg","width":1599,"height":1200},{"@type":"BreadcrumbList","@id":"https:\/\/dev.antudigital.cl\/sites\/vc\/sala-teatro-ipa-anuncia-alianza-con-teleton-en-torno-a-las-artes-escenicas\/#breadcrumb","itemListElement":[{"@type":"ListItem","position":1,"name":"Home","item":"https:\/\/dev.antudigital.cl\/sites\/vc\/"},{"@type":"ListItem","position":2,"name":"Sala Teatro Ipa anuncia alianza con Telet\u00f3n en torno a las artes esc\u00e9nicas"}]},{"@type":"WebSite","@id":"https:\/\/dev.antudigital.cl\/sites\/vc\/#website","url":"https:\/\/dev.antudigital.cl\/sites\/vc\/","name":"Valpara\u00ed\u00adso Creativo","description":"","potentialAction":[{"@type":"SearchAction","target":{"@type":"EntryPoint","urlTemplate":"https:\/\/dev.antudigital.cl\/sites\/vc\/?s={search_term_string}"},"query-input":{"@type":"PropertyValueSpecification","valueRequired":true,"valueName":"search_term_string"}}],"inLanguage":"es"},{"@type":"Person","@id":"https:\/\/dev.antudigital.cl\/sites\/vc\/#\/schema\/person\/c2b9da8dd545e27166fc5ab232837318","name":"Valpara\u00edso Creativo","description":"Periodista de cultura en la Regi\u00f3n de Valpara\u00edso.","url":"https:\/\/dev.antudigital.cl\/sites\/vc\/author\/valpoadmin\/"}]}},"_links":{"self":[{"href":"https:\/\/dev.antudigital.cl\/sites\/vc\/wp-json\/wp\/v2\/posts\/20060","targetHints":{"allow":["GET"]}}],"collection":[{"href":"https:\/\/dev.antudigital.cl\/sites\/vc\/wp-json\/wp\/v2\/posts"}],"about":[{"href":"https:\/\/dev.antudigital.cl\/sites\/vc\/wp-json\/wp\/v2\/types\/post"}],"author":[{"embeddable":true,"href":"https:\/\/dev.antudigital.cl\/sites\/vc\/wp-json\/wp\/v2\/users\/1"}],"replies":[{"embeddable":true,"href":"https:\/\/dev.antudigital.cl\/sites\/vc\/wp-json\/wp\/v2\/comments?post=20060"}],"version-history":[{"count":1,"href":"https:\/\/dev.antudigital.cl\/sites\/vc\/wp-json\/wp\/v2\/posts\/20060\/revisions"}],"predecessor-version":[{"id":20062,"href":"https:\/\/dev.antudigital.cl\/sites\/vc\/wp-json\/wp\/v2\/posts\/20060\/revisions\/20062"}],"wp:featuredmedia":[{"embeddable":true,"href":"https:\/\/dev.antudigital.cl\/sites\/vc\/wp-json\/wp\/v2\/media\/20061"}],"wp:attachment":[{"href":"https:\/\/dev.antudigital.cl\/sites\/vc\/wp-json\/wp\/v2\/media?parent=20060"}],"wp:term":[{"taxonomy":"category","embeddable":true,"href":"https:\/\/dev.antudigital.cl\/sites\/vc\/wp-json\/wp\/v2\/categories?post=20060"},{"taxonomy":"post_tag","embeddable":true,"href":"https:\/\/dev.antudigital.cl\/sites\/vc\/wp-json\/wp\/v2\/tags?post=20060"}],"curies":[{"name":"wp","href":"https:\/\/api.w.org\/{rel}","templated":true}]}}