{"id":20064,"date":"2024-08-19T21:29:11","date_gmt":"2024-08-19T21:29:11","guid":{"rendered":"https:\/\/www.valparaisocreativo.cl\/?p=20064"},"modified":"2024-08-19T21:29:34","modified_gmt":"2024-08-19T21:29:34","slug":"centro-de-arte-invita-a-su-encuentro-mekanica-a-traves-de-valparaiso-creativo-e-instituto-arcos","status":"publish","type":"post","link":"https:\/\/dev.antudigital.cl\/sites\/vc\/centro-de-arte-invita-a-su-encuentro-mekanica-a-traves-de-valparaiso-creativo-e-instituto-arcos\/","title":{"rendered":"Centro de Arte invita a su encuentro \u00abMek\u00e1nica\u00bb a trav\u00e9s de Valpara\u00edso Creativo e Instituto ARCOS"},"content":{"rendered":"\n<p><strong><em>El pr\u00f3ximo s\u00e1bado 24 y domingo 25 de agosto, en el marco del Mes de la Fotograf\u00eda, no solo se llevar\u00e1 a cabo el tradicional certamen de<\/em><\/strong><a href=\"https:\/\/www.arcos.cl\/concurso-de-fotografia-urbana-mas-masivo-del-pais-de-arcos-abre-sus-inscripciones\/\"><strong><em> <\/em><\/strong><strong><em>FOTOMARAT\u00d3N<\/em><\/strong><\/a><strong><em>, sino que tambi\u00e9n se realizar\u00e1 la primera edici\u00f3n de Mek\u00e1nica: Encuentro de Fotolibros y Fotograf\u00eda Impresa de Valpara\u00edso, en Centex, de <\/em><\/strong><strong><em>Sotomayor 233.<\/em><\/strong><\/p>\n\n\n\n<p><a href=\"http:\/\/instagram.com\/mekanicaferia\">Mek\u00e1nica<\/a> busca generar un punto de encuentro entre creadores, autores y editoriales en torno a la fotograf\u00eda y ver lo que pasa en la regi\u00f3n, haciendo cruces tambi\u00e9n con iniciativas de Santiago y apostando por visibilizar la labor editorial del rubro.<\/p>\n\n\n\n<p>La gesti\u00f3n es del colectivo<a href=\"https:\/\/www.instagram.com\/centrodearte_\"> Centro de Arte<\/a> liderado por dos docentes de I.P. ARCOS Paula L\u00f3pez Droguett y Rodolfo Mu\u00f1oz quienes, con la intenci\u00f3n de convertirse en una cooperativa, se han incorporado al Comit\u00e9 Gestor de Servicios Creativos de Valpara\u00edso Creativo.<\/p>\n\n\n\n<p>I.P. ARCOS y Valpara\u00edso Creativo quisieron conversar con Paula y Rodolfo sobre el presente y las expectativas del colectivo.<\/p>\n\n\n\n<p><strong>::: \u00bfQu\u00e9 inquietud les hizo fundar Centro de Arte y por qu\u00e9 desean convertirlo en una cooperativa?&nbsp;<\/strong><\/p>\n\n\n\n<p>&#8211; Centro de Arte nace como una iniciativa que busca la visibilizaci\u00f3n de las artes visuales en Valpara\u00edso y que, poco a poco, fue gestionando proyectos afines, adem\u00e1s de ir sumando otras iniciativas que tienen que ver con la gesti\u00f3n y la difusi\u00f3n, que es la creaci\u00f3n de proyectos art\u00edsticos.&nbsp;<\/p>\n\n\n\n<p>Esto surge el 2018 y en 2023 sentimos que deb\u00edamos ampliarlo, donde surge la idea de conformarnos como cooperativa. Ah\u00ed sumamos a artistas y oficios que complementan este tipo de proyectos, generando ideas conjuntas, mediadas y construidas por todos y todas, armando un grupo mucho m\u00e1s interdisciplinario.<\/p>\n\n\n\n<p>Creemos que uno de los objetivos de muchos de los artistas que trabajamos ac\u00e1 en Valpara\u00edso es salir de la precarizaci\u00f3n del arte visual y la construcci\u00f3n de redes para nosotros tambi\u00e9n es un inicio importante. Trabajar a nivel territorial con la regi\u00f3n y empezar a construir redes de difusi\u00f3n y de conocimiento entre artistas que no necesariamente llevan las mismas pr\u00e1cticas.&nbsp;<\/p>\n\n\n\n<figure class=\"wp-block-image size-large\"><img fetchpriority=\"high\" decoding=\"async\" width=\"1024\" height=\"683\" src=\"https:\/\/www.valparaisocreativo.cl\/wp-content\/uploads\/2024\/08\/FOTOMARATON-15-scaled-1-1024x683.jpg\" alt=\"\" class=\"wp-image-20066\" srcset=\"https:\/\/dev.antudigital.cl\/sites\/vc\/wp-content\/uploads\/2024\/08\/FOTOMARATON-15-scaled-1-1024x683.jpg 1024w, https:\/\/dev.antudigital.cl\/sites\/vc\/wp-content\/uploads\/2024\/08\/FOTOMARATON-15-scaled-1-300x200.jpg 300w, https:\/\/dev.antudigital.cl\/sites\/vc\/wp-content\/uploads\/2024\/08\/FOTOMARATON-15-scaled-1-768x512.jpg 768w, https:\/\/dev.antudigital.cl\/sites\/vc\/wp-content\/uploads\/2024\/08\/FOTOMARATON-15-scaled-1-1536x1024.jpg 1536w, https:\/\/dev.antudigital.cl\/sites\/vc\/wp-content\/uploads\/2024\/08\/FOTOMARATON-15-scaled-1-2048x1366.jpg 2048w, https:\/\/dev.antudigital.cl\/sites\/vc\/wp-content\/uploads\/2024\/08\/FOTOMARATON-15-scaled-1-1080x720.jpg 1080w, https:\/\/dev.antudigital.cl\/sites\/vc\/wp-content\/uploads\/2024\/08\/FOTOMARATON-15-scaled-1-1280x854.jpg 1280w, https:\/\/dev.antudigital.cl\/sites\/vc\/wp-content\/uploads\/2024\/08\/FOTOMARATON-15-scaled-1-980x653.jpg 980w, https:\/\/dev.antudigital.cl\/sites\/vc\/wp-content\/uploads\/2024\/08\/FOTOMARATON-15-scaled-1-480x320.jpg 480w, https:\/\/dev.antudigital.cl\/sites\/vc\/wp-content\/uploads\/2024\/08\/FOTOMARATON-15-scaled-1-24x16.jpg 24w, https:\/\/dev.antudigital.cl\/sites\/vc\/wp-content\/uploads\/2024\/08\/FOTOMARATON-15-scaled-1-36x24.jpg 36w, https:\/\/dev.antudigital.cl\/sites\/vc\/wp-content\/uploads\/2024\/08\/FOTOMARATON-15-scaled-1-48x32.jpg 48w\" sizes=\"(max-width: 1024px) 100vw, 1024px\" \/><\/figure>\n\n\n\n<p><strong>::: Ustedes participaron en una postulaci\u00f3n al Fondo de Cooperativas de Sercotec, luego de una asesor\u00eda brindada por Tramadas Cultura, a trav\u00e9s de Valpara\u00edso Creativo. \u00bfDe qu\u00e9 manera les fueron \u00fatiles las herramientas entregadas?<\/strong><\/p>\n\n\n\n<p>&#8211; Para nosotros fue buen\u00edsimo, porque de partida pudimos incorporar a la gente de la cooperativa. No ten\u00edamos idea de nada. Hace mucho tiempo los dos quer\u00edamos tener una personalidad jur\u00eddica, pero no sab\u00edamos cu\u00e1l era la m\u00e1s indicada. Entendimos que la cooperativa era la mejor opci\u00f3n, desde los principios a la entrega de servicios que nosotros quer\u00edamos hacer. La verdad fue s\u00faper \u00fatil y eso fue lo que nos dio tambi\u00e9n el puntapi\u00e9 a decir que ya es el momento y que podemos hacerlo. B\u00e1sicamente, nos ampl\u00eda la idea que nosotros ten\u00edamos. En verdad, es un elemento que nos permite ampliar a\u00fan de mejor manera lo que ven\u00edamos pensando, como nuestra misi\u00f3n-visi\u00f3n de lo que quer\u00edamos hacer.&nbsp;<\/p>\n\n\n\n<p><strong>::: Tomando estos elementos, \u00bfqu\u00e9 les lleva a tomar la decisi\u00f3n de vincularse al Comit\u00e9 Gestor de Valpara\u00edso Creativo y qu\u00e9 buscan impulsar desde ah\u00ed?&nbsp;<\/strong><\/p>\n\n\n\n<p>&#8211; Tiene mucho que ver con la pregunta anterior, de entender que los comit\u00e9s gestores son instancias de la generaci\u00f3n de redes y de colaboraciones fuertes que se pueden hacer. Nosotros, por ejemplo, nos hemos vinculado con el<a href=\"https:\/\/fifv.cl\/\"> FIFV<\/a> desde hace mucho tiempo, que tambi\u00e9n est\u00e1 impulsado por los comit\u00e9s gestores y nos hace sentido en cuanto a estar en un lugar donde las redes se pueden ampliar. Buscamos tener el espacio de poder impulsar proyectos desde una institucionalidad m\u00e1s fuerte. Creo que es una instancia s\u00faper positiva como para ir entendiendo c\u00f3mo se est\u00e1 pensando de manera creativa la regi\u00f3n, y de c\u00f3mo se est\u00e1 produciendo desde otros lugares.&nbsp;<\/p>\n\n\n\n<p><strong>::: En la misma l\u00f3gica de asociatividad y del trabajo colaborativo, si me pudieran comentar un poco m\u00e1s sobre el trabajo en particular con Centex e Instituto Profesional ARCOS para ahora para Mek\u00e1nica, la feria. \u00bfC\u00f3mo se da y c\u00f3mo mantener estos v\u00ednculos?<\/strong><\/p>\n\n\n\n<p>&#8211; Centex siempre fue una de las primeras instituciones que confi\u00f3 en Centro de Arte y nos abri\u00f3 las puertas para poder empezar a generar proyectos. Primero con Roc\u00edo Douglas y ahora con Manuel Guerra, con quienes hemos tenido buenas relaciones y eso se ha podido mantener en el tiempo.&nbsp;<\/p>\n\n\n\n<p>Adem\u00e1s, Centex tiene una pol\u00edtica bastante de apertura y de mediaci\u00f3n de p\u00fablicos y eso es super valioso para nosotros, ya que es interesante que se tenga esa mirada de ampliar a\u00fan m\u00e1s a p\u00fablicos que no son del \u00e1mbito art\u00edstico. Es un lugar amable, grande, con convocatoria.&nbsp;<\/p>\n\n\n\n<p>En relaci\u00f3n a ARCOS, nuestro nicho principal son las artes visuales y la fotograf\u00eda. Adem\u00e1s, ambos somos docentes de la Escuela de Fotograf\u00eda y hasta hemos trabajado paralelamente en ARCOS con Centex en algunas exposiciones de estudiantes. Entonces, ARCOS viene hace tiempo generando y potenciando la proyecci\u00f3n de sus alumnos y alumnas. En verdad, para nosotros es una instituci\u00f3n relevante y que conocemos de cerca.<\/p>\n\n\n\n<figure class=\"wp-block-image size-large\"><img decoding=\"async\" width=\"1024\" height=\"682\" src=\"https:\/\/www.valparaisocreativo.cl\/wp-content\/uploads\/2024\/08\/LIBRO-3-1024x682.jpg\" alt=\"\" class=\"wp-image-20067\" srcset=\"https:\/\/dev.antudigital.cl\/sites\/vc\/wp-content\/uploads\/2024\/08\/LIBRO-3-1024x682.jpg 1024w, https:\/\/dev.antudigital.cl\/sites\/vc\/wp-content\/uploads\/2024\/08\/LIBRO-3-300x200.jpg 300w, https:\/\/dev.antudigital.cl\/sites\/vc\/wp-content\/uploads\/2024\/08\/LIBRO-3-768x512.jpg 768w, https:\/\/dev.antudigital.cl\/sites\/vc\/wp-content\/uploads\/2024\/08\/LIBRO-3-1536x1023.jpg 1536w, https:\/\/dev.antudigital.cl\/sites\/vc\/wp-content\/uploads\/2024\/08\/LIBRO-3-1080x720.jpg 1080w, https:\/\/dev.antudigital.cl\/sites\/vc\/wp-content\/uploads\/2024\/08\/LIBRO-3-1280x853.jpg 1280w, https:\/\/dev.antudigital.cl\/sites\/vc\/wp-content\/uploads\/2024\/08\/LIBRO-3-980x653.jpg 980w, https:\/\/dev.antudigital.cl\/sites\/vc\/wp-content\/uploads\/2024\/08\/LIBRO-3-480x320.jpg 480w, https:\/\/dev.antudigital.cl\/sites\/vc\/wp-content\/uploads\/2024\/08\/LIBRO-3-24x16.jpg 24w, https:\/\/dev.antudigital.cl\/sites\/vc\/wp-content\/uploads\/2024\/08\/LIBRO-3-36x24.jpg 36w, https:\/\/dev.antudigital.cl\/sites\/vc\/wp-content\/uploads\/2024\/08\/LIBRO-3-48x32.jpg 48w, https:\/\/dev.antudigital.cl\/sites\/vc\/wp-content\/uploads\/2024\/08\/LIBRO-3.jpg 1654w\" sizes=\"(max-width: 1024px) 100vw, 1024px\" \/><\/figure>\n\n\n\n<p><strong>::: \u00bfY c\u00f3mo nace Mek\u00e1nica? <\/strong>&nbsp;<\/p>\n\n\n\n<p>&#8211; Como Centro de Arte se nos ocurri\u00f3 impulsar un evento, un encuentro de fotograf\u00eda dirigido casi exclusivamente al \u00e1mbito editorial, al fotolibro y a la fotograf\u00eda impresa. Creemos que es super importante dar cabida a espacios, lugares e iniciativas editoriales de fotolibros, porque son un producto que es de car\u00e1cter art\u00edstico, y la creaci\u00f3n de fotolibros en Chile es constante.&nbsp;<\/p>\n\n\n\n<p>Mek\u00e1nica aporta espec\u00edficamente a ese lugar para poder generar redes, para conocernos en la regi\u00f3n, vernos. Con miras, tambi\u00e9n, a poder potenciar la circulaci\u00f3n de estos libros, fotozines y fotograf\u00eda impresa.<\/p>\n\n\n\n<p>Buscamos potenciar ese \u00e1nimo creador que reside en el soporte del libro. El fotolibro es un objeto \u00fanico, muy importante a nivel fotogr\u00e1fico, y creemos que por eso se ha mantenido a lo largo del tiempo, ya que tiene la capacidad de tener una reflexi\u00f3n personal con cada lector y es como la obra maestra que un fot\u00f3grafo puede hacer en relaci\u00f3n a su lenguaje fotogr\u00e1fico. No necesita una mediaci\u00f3n, eso es interesante.&nbsp;<\/p>\n\n\n\n<p><strong>::: Mencionaron el vincularse con la regi\u00f3n. \u00bfC\u00f3mo lo hacen con el territorio desde el evento?&nbsp;<\/strong><\/p>\n\n\n\n<p>&#8211; Una de las preguntas que nos surge es \u00bfqu\u00e9 tiene que decir el fotolibro porte\u00f1o que no dice el santiaguino, que no dice el de Concepci\u00f3n ni del norte? Si podemos aunar esas visiones regionales ac\u00e1 es interesante y sacamos ese tipo de identidades que, a veces, no nos gustan tanto, pero que est\u00e1n ah\u00ed, siendo catalizadores de nuestro impulso creativo. Aportamos territorialmente eso, una iniciativa desde la regi\u00f3n. Creemos que eso tiene una doble potencia. Es interesante pensar en la historia de Valpara\u00edso con respecto a la fotograf\u00eda. La primera fotograf\u00eda que llega, la primera c\u00e1mara, el daguerrotipo, llega ac\u00e1 unos pocos a\u00f1os despu\u00e9s del descubrimiento de la fotograf\u00eda.&nbsp;<\/p>\n\n\n\n<p>Es aqu\u00ed, en Valpara\u00edso, donde se hace el primer Festival de Fotograf\u00eda Internacional a nivel nacional, que por ahora sigue siendo el m\u00e1s grande de Chile. Por tanto, creemos que es importante hacer este tipo de actividades y aportar desde la regionalidad, lo que es un ejercicio s\u00faper profesionalizante. Hay personas que van a poder tener la instancia de mostrar su libro o sus maquetas al p\u00fablico, dar conferencias, poder hablar de sus procesos, vincularse tambi\u00e9n con gente que tiene a\u00fan m\u00e1s experiencia en el medio. Nos importa mucho abrir este espacio.&nbsp;<\/p>\n\n\n\n<p>Agregar que es un momento para compartir, un lugar donde se pueden hacer redes, para ir a curiosear, para ir a preguntar a la gente que nunca ha preguntado, para encontrarnos a conversar de eso que nos gusta, que es la fotograf\u00eda.&nbsp;<\/p>\n\n\n\n<p><\/p>\n\n\n\n<p><a href=\"http:\/\/instagram.com\/mekanicaferia_\">No olvides revisar el <strong>p<\/strong>rograma de actividades en: @mekanicaferia_<\/a><\/p>\n","protected":false},"excerpt":{"rendered":"<p>El pr\u00f3ximo s\u00e1bado 24 y domingo 25 de agosto, en el marco del Mes de la Fotograf\u00eda, no solo se llevar\u00e1 a cabo el tradicional certamen de FOTOMARAT\u00d3N, sino que tambi\u00e9n se realizar\u00e1 la primera edici\u00f3n de Mek\u00e1nica: Encuentro de Fotolibros y Fotograf\u00eda Impresa de Valpara\u00edso, en Centex, de Sotomayor 233. Mek\u00e1nica busca generar un [&hellip;]<\/p>\n","protected":false},"author":1,"featured_media":20065,"comment_status":"closed","ping_status":"closed","sticky":false,"template":"","format":"standard","meta":{"_acf_changed":false,"footnotes":""},"categories":[218],"tags":[],"class_list":["post-20064","post","type-post","status-publish","format-standard","has-post-thumbnail","hentry","category-blog"],"acf":[],"yoast_head":"<!-- This site is optimized with the Yoast SEO plugin v27.1.1 - https:\/\/yoast.com\/product\/yoast-seo-wordpress\/ -->\n<title>Centro de Arte invita a su encuentro &quot;Mek\u00e1nica&quot; a trav\u00e9s de Valpara\u00edso Creativo e Instituto ARCOS - Valpara\u00ed\u00adso Creativo<\/title>\n<meta name=\"robots\" content=\"index, follow, max-snippet:-1, max-image-preview:large, max-video-preview:-1\" \/>\n<link rel=\"canonical\" href=\"https:\/\/dev.antudigital.cl\/sites\/vc\/centro-de-arte-invita-a-su-encuentro-mekanica-a-traves-de-valparaiso-creativo-e-instituto-arcos\/\" \/>\n<meta property=\"og:locale\" content=\"es_ES\" \/>\n<meta property=\"og:type\" content=\"article\" \/>\n<meta property=\"og:title\" content=\"Centro de Arte invita a su encuentro &quot;Mek\u00e1nica&quot; a trav\u00e9s de Valpara\u00edso Creativo e Instituto ARCOS - Valpara\u00ed\u00adso Creativo\" \/>\n<meta property=\"og:description\" content=\"El pr\u00f3ximo s\u00e1bado 24 y domingo 25 de agosto, en el marco del Mes de la Fotograf\u00eda, no solo se llevar\u00e1 a cabo el tradicional certamen de FOTOMARAT\u00d3N, sino que tambi\u00e9n se realizar\u00e1 la primera edici\u00f3n de Mek\u00e1nica: Encuentro de Fotolibros y Fotograf\u00eda Impresa de Valpara\u00edso, en Centex, de Sotomayor 233. Mek\u00e1nica busca generar un [&hellip;]\" \/>\n<meta property=\"og:url\" content=\"https:\/\/dev.antudigital.cl\/sites\/vc\/centro-de-arte-invita-a-su-encuentro-mekanica-a-traves-de-valparaiso-creativo-e-instituto-arcos\/\" \/>\n<meta property=\"og:site_name\" content=\"Valpara\u00ed\u00adso Creativo\" \/>\n<meta property=\"article:published_time\" content=\"2024-08-19T21:29:11+00:00\" \/>\n<meta property=\"article:modified_time\" content=\"2024-08-19T21:29:34+00:00\" \/>\n<meta property=\"og:image\" content=\"https:\/\/dev.antudigital.cl\/sites\/vc\/wp-content\/uploads\/2024\/08\/321929089_1517082292049735_392143884431289883_n.jpg\" \/>\n\t<meta property=\"og:image:width\" content=\"1024\" \/>\n\t<meta property=\"og:image:height\" content=\"819\" \/>\n\t<meta property=\"og:image:type\" content=\"image\/jpeg\" \/>\n<meta name=\"author\" content=\"Valpara\u00edso Creativo\" \/>\n<meta name=\"twitter:card\" content=\"summary_large_image\" \/>\n<meta name=\"twitter:label1\" content=\"Escrito por\" \/>\n\t<meta name=\"twitter:data1\" content=\"Valpara\u00edso Creativo\" \/>\n\t<meta name=\"twitter:label2\" content=\"Tiempo de lectura\" \/>\n\t<meta name=\"twitter:data2\" content=\"7 minutos\" \/>\n<script type=\"application\/ld+json\" class=\"yoast-schema-graph\">{\"@context\":\"https:\/\/schema.org\",\"@graph\":[{\"@type\":\"Article\",\"@id\":\"https:\/\/dev.antudigital.cl\/sites\/vc\/centro-de-arte-invita-a-su-encuentro-mekanica-a-traves-de-valparaiso-creativo-e-instituto-arcos\/#article\",\"isPartOf\":{\"@id\":\"https:\/\/dev.antudigital.cl\/sites\/vc\/centro-de-arte-invita-a-su-encuentro-mekanica-a-traves-de-valparaiso-creativo-e-instituto-arcos\/\"},\"author\":{\"name\":\"Valpara\u00edso Creativo\",\"@id\":\"https:\/\/dev.antudigital.cl\/sites\/vc\/#\/schema\/person\/c2b9da8dd545e27166fc5ab232837318\"},\"headline\":\"Centro de Arte invita a su encuentro \u00abMek\u00e1nica\u00bb a trav\u00e9s de Valpara\u00edso Creativo e Instituto ARCOS\",\"datePublished\":\"2024-08-19T21:29:11+00:00\",\"dateModified\":\"2024-08-19T21:29:34+00:00\",\"mainEntityOfPage\":{\"@id\":\"https:\/\/dev.antudigital.cl\/sites\/vc\/centro-de-arte-invita-a-su-encuentro-mekanica-a-traves-de-valparaiso-creativo-e-instituto-arcos\/\"},\"wordCount\":1418,\"image\":{\"@id\":\"https:\/\/dev.antudigital.cl\/sites\/vc\/centro-de-arte-invita-a-su-encuentro-mekanica-a-traves-de-valparaiso-creativo-e-instituto-arcos\/#primaryimage\"},\"thumbnailUrl\":\"https:\/\/dev.antudigital.cl\/sites\/vc\/wp-content\/uploads\/2024\/08\/321929089_1517082292049735_392143884431289883_n.jpg\",\"articleSection\":[\"Blog\"],\"inLanguage\":\"es\"},{\"@type\":\"WebPage\",\"@id\":\"https:\/\/dev.antudigital.cl\/sites\/vc\/centro-de-arte-invita-a-su-encuentro-mekanica-a-traves-de-valparaiso-creativo-e-instituto-arcos\/\",\"url\":\"https:\/\/dev.antudigital.cl\/sites\/vc\/centro-de-arte-invita-a-su-encuentro-mekanica-a-traves-de-valparaiso-creativo-e-instituto-arcos\/\",\"name\":\"Centro de Arte invita a su encuentro \\\"Mek\u00e1nica\\\" a trav\u00e9s de Valpara\u00edso Creativo e Instituto ARCOS - Valpara\u00ed\u00adso Creativo\",\"isPartOf\":{\"@id\":\"https:\/\/dev.antudigital.cl\/sites\/vc\/#website\"},\"primaryImageOfPage\":{\"@id\":\"https:\/\/dev.antudigital.cl\/sites\/vc\/centro-de-arte-invita-a-su-encuentro-mekanica-a-traves-de-valparaiso-creativo-e-instituto-arcos\/#primaryimage\"},\"image\":{\"@id\":\"https:\/\/dev.antudigital.cl\/sites\/vc\/centro-de-arte-invita-a-su-encuentro-mekanica-a-traves-de-valparaiso-creativo-e-instituto-arcos\/#primaryimage\"},\"thumbnailUrl\":\"https:\/\/dev.antudigital.cl\/sites\/vc\/wp-content\/uploads\/2024\/08\/321929089_1517082292049735_392143884431289883_n.jpg\",\"datePublished\":\"2024-08-19T21:29:11+00:00\",\"dateModified\":\"2024-08-19T21:29:34+00:00\",\"author\":{\"@id\":\"https:\/\/dev.antudigital.cl\/sites\/vc\/#\/schema\/person\/c2b9da8dd545e27166fc5ab232837318\"},\"breadcrumb\":{\"@id\":\"https:\/\/dev.antudigital.cl\/sites\/vc\/centro-de-arte-invita-a-su-encuentro-mekanica-a-traves-de-valparaiso-creativo-e-instituto-arcos\/#breadcrumb\"},\"inLanguage\":\"es\",\"potentialAction\":[{\"@type\":\"ReadAction\",\"target\":[\"https:\/\/dev.antudigital.cl\/sites\/vc\/centro-de-arte-invita-a-su-encuentro-mekanica-a-traves-de-valparaiso-creativo-e-instituto-arcos\/\"]}]},{\"@type\":\"ImageObject\",\"inLanguage\":\"es\",\"@id\":\"https:\/\/dev.antudigital.cl\/sites\/vc\/centro-de-arte-invita-a-su-encuentro-mekanica-a-traves-de-valparaiso-creativo-e-instituto-arcos\/#primaryimage\",\"url\":\"https:\/\/dev.antudigital.cl\/sites\/vc\/wp-content\/uploads\/2024\/08\/321929089_1517082292049735_392143884431289883_n.jpg\",\"contentUrl\":\"https:\/\/dev.antudigital.cl\/sites\/vc\/wp-content\/uploads\/2024\/08\/321929089_1517082292049735_392143884431289883_n.jpg\",\"width\":1024,\"height\":819},{\"@type\":\"BreadcrumbList\",\"@id\":\"https:\/\/dev.antudigital.cl\/sites\/vc\/centro-de-arte-invita-a-su-encuentro-mekanica-a-traves-de-valparaiso-creativo-e-instituto-arcos\/#breadcrumb\",\"itemListElement\":[{\"@type\":\"ListItem\",\"position\":1,\"name\":\"Home\",\"item\":\"https:\/\/dev.antudigital.cl\/sites\/vc\/\"},{\"@type\":\"ListItem\",\"position\":2,\"name\":\"Centro de Arte invita a su encuentro \u00abMek\u00e1nica\u00bb a trav\u00e9s de Valpara\u00edso Creativo e Instituto ARCOS\"}]},{\"@type\":\"WebSite\",\"@id\":\"https:\/\/dev.antudigital.cl\/sites\/vc\/#website\",\"url\":\"https:\/\/dev.antudigital.cl\/sites\/vc\/\",\"name\":\"Valpara\u00ed\u00adso Creativo\",\"description\":\"\",\"potentialAction\":[{\"@type\":\"SearchAction\",\"target\":{\"@type\":\"EntryPoint\",\"urlTemplate\":\"https:\/\/dev.antudigital.cl\/sites\/vc\/?s={search_term_string}\"},\"query-input\":{\"@type\":\"PropertyValueSpecification\",\"valueRequired\":true,\"valueName\":\"search_term_string\"}}],\"inLanguage\":\"es\"},{\"@type\":\"Person\",\"@id\":\"https:\/\/dev.antudigital.cl\/sites\/vc\/#\/schema\/person\/c2b9da8dd545e27166fc5ab232837318\",\"name\":\"Valpara\u00edso Creativo\",\"description\":\"Periodista de cultura en la Regi\u00f3n de Valpara\u00edso.\",\"url\":\"https:\/\/dev.antudigital.cl\/sites\/vc\/author\/valpoadmin\/\"}]}<\/script>\n<!-- \/ Yoast SEO plugin. -->","yoast_head_json":{"title":"Centro de Arte invita a su encuentro \"Mek\u00e1nica\" a trav\u00e9s de Valpara\u00edso Creativo e Instituto ARCOS - Valpara\u00ed\u00adso Creativo","robots":{"index":"index","follow":"follow","max-snippet":"max-snippet:-1","max-image-preview":"max-image-preview:large","max-video-preview":"max-video-preview:-1"},"canonical":"https:\/\/dev.antudigital.cl\/sites\/vc\/centro-de-arte-invita-a-su-encuentro-mekanica-a-traves-de-valparaiso-creativo-e-instituto-arcos\/","og_locale":"es_ES","og_type":"article","og_title":"Centro de Arte invita a su encuentro \"Mek\u00e1nica\" a trav\u00e9s de Valpara\u00edso Creativo e Instituto ARCOS - Valpara\u00ed\u00adso Creativo","og_description":"El pr\u00f3ximo s\u00e1bado 24 y domingo 25 de agosto, en el marco del Mes de la Fotograf\u00eda, no solo se llevar\u00e1 a cabo el tradicional certamen de FOTOMARAT\u00d3N, sino que tambi\u00e9n se realizar\u00e1 la primera edici\u00f3n de Mek\u00e1nica: Encuentro de Fotolibros y Fotograf\u00eda Impresa de Valpara\u00edso, en Centex, de Sotomayor 233. Mek\u00e1nica busca generar un [&hellip;]","og_url":"https:\/\/dev.antudigital.cl\/sites\/vc\/centro-de-arte-invita-a-su-encuentro-mekanica-a-traves-de-valparaiso-creativo-e-instituto-arcos\/","og_site_name":"Valpara\u00ed\u00adso Creativo","article_published_time":"2024-08-19T21:29:11+00:00","article_modified_time":"2024-08-19T21:29:34+00:00","og_image":[{"width":1024,"height":819,"url":"https:\/\/dev.antudigital.cl\/sites\/vc\/wp-content\/uploads\/2024\/08\/321929089_1517082292049735_392143884431289883_n.jpg","type":"image\/jpeg"}],"author":"Valpara\u00edso Creativo","twitter_card":"summary_large_image","twitter_misc":{"Escrito por":"Valpara\u00edso Creativo","Tiempo de lectura":"7 minutos"},"schema":{"@context":"https:\/\/schema.org","@graph":[{"@type":"Article","@id":"https:\/\/dev.antudigital.cl\/sites\/vc\/centro-de-arte-invita-a-su-encuentro-mekanica-a-traves-de-valparaiso-creativo-e-instituto-arcos\/#article","isPartOf":{"@id":"https:\/\/dev.antudigital.cl\/sites\/vc\/centro-de-arte-invita-a-su-encuentro-mekanica-a-traves-de-valparaiso-creativo-e-instituto-arcos\/"},"author":{"name":"Valpara\u00edso Creativo","@id":"https:\/\/dev.antudigital.cl\/sites\/vc\/#\/schema\/person\/c2b9da8dd545e27166fc5ab232837318"},"headline":"Centro de Arte invita a su encuentro \u00abMek\u00e1nica\u00bb a trav\u00e9s de Valpara\u00edso Creativo e Instituto ARCOS","datePublished":"2024-08-19T21:29:11+00:00","dateModified":"2024-08-19T21:29:34+00:00","mainEntityOfPage":{"@id":"https:\/\/dev.antudigital.cl\/sites\/vc\/centro-de-arte-invita-a-su-encuentro-mekanica-a-traves-de-valparaiso-creativo-e-instituto-arcos\/"},"wordCount":1418,"image":{"@id":"https:\/\/dev.antudigital.cl\/sites\/vc\/centro-de-arte-invita-a-su-encuentro-mekanica-a-traves-de-valparaiso-creativo-e-instituto-arcos\/#primaryimage"},"thumbnailUrl":"https:\/\/dev.antudigital.cl\/sites\/vc\/wp-content\/uploads\/2024\/08\/321929089_1517082292049735_392143884431289883_n.jpg","articleSection":["Blog"],"inLanguage":"es"},{"@type":"WebPage","@id":"https:\/\/dev.antudigital.cl\/sites\/vc\/centro-de-arte-invita-a-su-encuentro-mekanica-a-traves-de-valparaiso-creativo-e-instituto-arcos\/","url":"https:\/\/dev.antudigital.cl\/sites\/vc\/centro-de-arte-invita-a-su-encuentro-mekanica-a-traves-de-valparaiso-creativo-e-instituto-arcos\/","name":"Centro de Arte invita a su encuentro \"Mek\u00e1nica\" a trav\u00e9s de Valpara\u00edso Creativo e Instituto ARCOS - Valpara\u00ed\u00adso Creativo","isPartOf":{"@id":"https:\/\/dev.antudigital.cl\/sites\/vc\/#website"},"primaryImageOfPage":{"@id":"https:\/\/dev.antudigital.cl\/sites\/vc\/centro-de-arte-invita-a-su-encuentro-mekanica-a-traves-de-valparaiso-creativo-e-instituto-arcos\/#primaryimage"},"image":{"@id":"https:\/\/dev.antudigital.cl\/sites\/vc\/centro-de-arte-invita-a-su-encuentro-mekanica-a-traves-de-valparaiso-creativo-e-instituto-arcos\/#primaryimage"},"thumbnailUrl":"https:\/\/dev.antudigital.cl\/sites\/vc\/wp-content\/uploads\/2024\/08\/321929089_1517082292049735_392143884431289883_n.jpg","datePublished":"2024-08-19T21:29:11+00:00","dateModified":"2024-08-19T21:29:34+00:00","author":{"@id":"https:\/\/dev.antudigital.cl\/sites\/vc\/#\/schema\/person\/c2b9da8dd545e27166fc5ab232837318"},"breadcrumb":{"@id":"https:\/\/dev.antudigital.cl\/sites\/vc\/centro-de-arte-invita-a-su-encuentro-mekanica-a-traves-de-valparaiso-creativo-e-instituto-arcos\/#breadcrumb"},"inLanguage":"es","potentialAction":[{"@type":"ReadAction","target":["https:\/\/dev.antudigital.cl\/sites\/vc\/centro-de-arte-invita-a-su-encuentro-mekanica-a-traves-de-valparaiso-creativo-e-instituto-arcos\/"]}]},{"@type":"ImageObject","inLanguage":"es","@id":"https:\/\/dev.antudigital.cl\/sites\/vc\/centro-de-arte-invita-a-su-encuentro-mekanica-a-traves-de-valparaiso-creativo-e-instituto-arcos\/#primaryimage","url":"https:\/\/dev.antudigital.cl\/sites\/vc\/wp-content\/uploads\/2024\/08\/321929089_1517082292049735_392143884431289883_n.jpg","contentUrl":"https:\/\/dev.antudigital.cl\/sites\/vc\/wp-content\/uploads\/2024\/08\/321929089_1517082292049735_392143884431289883_n.jpg","width":1024,"height":819},{"@type":"BreadcrumbList","@id":"https:\/\/dev.antudigital.cl\/sites\/vc\/centro-de-arte-invita-a-su-encuentro-mekanica-a-traves-de-valparaiso-creativo-e-instituto-arcos\/#breadcrumb","itemListElement":[{"@type":"ListItem","position":1,"name":"Home","item":"https:\/\/dev.antudigital.cl\/sites\/vc\/"},{"@type":"ListItem","position":2,"name":"Centro de Arte invita a su encuentro \u00abMek\u00e1nica\u00bb a trav\u00e9s de Valpara\u00edso Creativo e Instituto ARCOS"}]},{"@type":"WebSite","@id":"https:\/\/dev.antudigital.cl\/sites\/vc\/#website","url":"https:\/\/dev.antudigital.cl\/sites\/vc\/","name":"Valpara\u00ed\u00adso Creativo","description":"","potentialAction":[{"@type":"SearchAction","target":{"@type":"EntryPoint","urlTemplate":"https:\/\/dev.antudigital.cl\/sites\/vc\/?s={search_term_string}"},"query-input":{"@type":"PropertyValueSpecification","valueRequired":true,"valueName":"search_term_string"}}],"inLanguage":"es"},{"@type":"Person","@id":"https:\/\/dev.antudigital.cl\/sites\/vc\/#\/schema\/person\/c2b9da8dd545e27166fc5ab232837318","name":"Valpara\u00edso Creativo","description":"Periodista de cultura en la Regi\u00f3n de Valpara\u00edso.","url":"https:\/\/dev.antudigital.cl\/sites\/vc\/author\/valpoadmin\/"}]}},"_links":{"self":[{"href":"https:\/\/dev.antudigital.cl\/sites\/vc\/wp-json\/wp\/v2\/posts\/20064","targetHints":{"allow":["GET"]}}],"collection":[{"href":"https:\/\/dev.antudigital.cl\/sites\/vc\/wp-json\/wp\/v2\/posts"}],"about":[{"href":"https:\/\/dev.antudigital.cl\/sites\/vc\/wp-json\/wp\/v2\/types\/post"}],"author":[{"embeddable":true,"href":"https:\/\/dev.antudigital.cl\/sites\/vc\/wp-json\/wp\/v2\/users\/1"}],"replies":[{"embeddable":true,"href":"https:\/\/dev.antudigital.cl\/sites\/vc\/wp-json\/wp\/v2\/comments?post=20064"}],"version-history":[{"count":1,"href":"https:\/\/dev.antudigital.cl\/sites\/vc\/wp-json\/wp\/v2\/posts\/20064\/revisions"}],"predecessor-version":[{"id":20068,"href":"https:\/\/dev.antudigital.cl\/sites\/vc\/wp-json\/wp\/v2\/posts\/20064\/revisions\/20068"}],"wp:featuredmedia":[{"embeddable":true,"href":"https:\/\/dev.antudigital.cl\/sites\/vc\/wp-json\/wp\/v2\/media\/20065"}],"wp:attachment":[{"href":"https:\/\/dev.antudigital.cl\/sites\/vc\/wp-json\/wp\/v2\/media?parent=20064"}],"wp:term":[{"taxonomy":"category","embeddable":true,"href":"https:\/\/dev.antudigital.cl\/sites\/vc\/wp-json\/wp\/v2\/categories?post=20064"},{"taxonomy":"post_tag","embeddable":true,"href":"https:\/\/dev.antudigital.cl\/sites\/vc\/wp-json\/wp\/v2\/tags?post=20064"}],"curies":[{"name":"wp","href":"https:\/\/api.w.org\/{rel}","templated":true}]}}