{"id":20071,"date":"2024-08-19T22:23:04","date_gmt":"2024-08-19T22:23:04","guid":{"rendered":"https:\/\/www.valparaisocreativo.cl\/?p=20071"},"modified":"2024-08-22T20:48:23","modified_gmt":"2024-08-22T20:48:23","slug":"estreno-en-sanfic-2024-diario-de-un-hombre-a-la-deriva","status":"publish","type":"post","link":"https:\/\/dev.antudigital.cl\/sites\/vc\/estreno-en-sanfic-2024-diario-de-un-hombre-a-la-deriva\/","title":{"rendered":"Estreno en Sanfic 2024: Diario de un hombre a la deriva"},"content":{"rendered":"\n<p><strong>Sinopsis<\/strong><\/p>\n\n\n\n<p>Este documental \u00edntimo, grabado a lo largo de ocho a\u00f1os por Jos\u00e9, un estudiante de cine chileno, ofrece una visi\u00f3n \u00fanica y personal de acontecimientos hist\u00f3ricos significativos. Desde el sur del mundo, Jos\u00e9 observa de lejos la revoluci\u00f3n de Maidan en Ucrania (2014-2015). Su conexi\u00f3n con una blogger ucraniana lo impulsa a viajar a Europa con la esperanza de conocerla en persona y documentar la revuelta. Sin embargo, al llegar a Kiev, descubre que la blogger ha dejado de responder y el conflicto se ha desplazado hacia la frontera con Rusia. Desorientado y sin un prop\u00f3sito claro, decide probar suerte en Berl\u00edn.<\/p>\n\n\n\n<p>En 2019, Jos\u00e9 presencia a distancia otra revoluci\u00f3n, esta vez en su Chile natal, y decide registrar los eventos desde el extranjero, capturando la reacci\u00f3n de la comunidad chilena en Berl\u00edn. En 2022, la invasi\u00f3n rusa de Ucrania lo lleva a reflexionar sobre las personas que conoci\u00f3 durante su viaje. Se pregunta si seguir\u00e1 siendo un espectador distante de la historia o si tomar\u00e1 un papel m\u00e1s activo en la narrativa que se desarrolla ante sus ojos.<\/p>\n\n\n\n<figure class=\"wp-block-image size-large\"><img fetchpriority=\"high\" decoding=\"async\" width=\"1024\" height=\"576\" src=\"https:\/\/www.valparaisocreativo.cl\/wp-content\/uploads\/2024\/08\/DHD-sub.00_02_25_09.Imagen-fija002-1024x576.png\" alt=\"\" class=\"wp-image-20072\" srcset=\"https:\/\/dev.antudigital.cl\/sites\/vc\/wp-content\/uploads\/2024\/08\/DHD-sub.00_02_25_09.Imagen-fija002-1024x576.png 1024w, https:\/\/dev.antudigital.cl\/sites\/vc\/wp-content\/uploads\/2024\/08\/DHD-sub.00_02_25_09.Imagen-fija002-300x169.png 300w, https:\/\/dev.antudigital.cl\/sites\/vc\/wp-content\/uploads\/2024\/08\/DHD-sub.00_02_25_09.Imagen-fija002-768x432.png 768w, https:\/\/dev.antudigital.cl\/sites\/vc\/wp-content\/uploads\/2024\/08\/DHD-sub.00_02_25_09.Imagen-fija002-1536x864.png 1536w, https:\/\/dev.antudigital.cl\/sites\/vc\/wp-content\/uploads\/2024\/08\/DHD-sub.00_02_25_09.Imagen-fija002-1080x608.png 1080w, https:\/\/dev.antudigital.cl\/sites\/vc\/wp-content\/uploads\/2024\/08\/DHD-sub.00_02_25_09.Imagen-fija002-1280x720.png 1280w, https:\/\/dev.antudigital.cl\/sites\/vc\/wp-content\/uploads\/2024\/08\/DHD-sub.00_02_25_09.Imagen-fija002-980x551.png 980w, https:\/\/dev.antudigital.cl\/sites\/vc\/wp-content\/uploads\/2024\/08\/DHD-sub.00_02_25_09.Imagen-fija002-480x270.png 480w, https:\/\/dev.antudigital.cl\/sites\/vc\/wp-content\/uploads\/2024\/08\/DHD-sub.00_02_25_09.Imagen-fija002-24x14.png 24w, https:\/\/dev.antudigital.cl\/sites\/vc\/wp-content\/uploads\/2024\/08\/DHD-sub.00_02_25_09.Imagen-fija002-36x20.png 36w, https:\/\/dev.antudigital.cl\/sites\/vc\/wp-content\/uploads\/2024\/08\/DHD-sub.00_02_25_09.Imagen-fija002-48x27.png 48w, https:\/\/dev.antudigital.cl\/sites\/vc\/wp-content\/uploads\/2024\/08\/DHD-sub.00_02_25_09.Imagen-fija002.png 1920w\" sizes=\"(max-width: 1024px) 100vw, 1024px\" \/><\/figure>\n\n\n\n<p><strong>Inicio proceso<\/strong><\/p>\n\n\n\n<p>El proyecto surgi\u00f3 de manera espont\u00e1nea a mediados de 2015, mientras cursaba una clase como estudiante de cine en Buenos Aires. En esa clase, est\u00e1bamos explorando el formato de diario audiovisual, una especie de bit\u00e1cora visual. En ese momento, los disturbios en Kiev estaban en su punto m\u00e1s \u00e1lgido, y yo me encontraba fascinado, casi obsesionado, con las im\u00e1genes que ve\u00eda en los noticieros: las barricadas, los enfrentamientos, el fuego. Trabajaba con archivos de noticieros sobre el conflicto y voz en off con mis observaciones.<\/p>\n\n\n\n<p>Una noche, decid\u00ed grabar frente a la embajada de Ucrania, que se encontraba en el mismo barrio donde yo viv\u00eda. Justifiqu\u00e9 esta acci\u00f3n con la idea de estar filmando \u00abterritorio ucraniano\u00bb, es decir, territorio en conflicto, aunque fuese de manera simb\u00f3lica y un tanto ingenua. Quer\u00eda jugar con la noci\u00f3n de la distancia, de ese anhelo por captar y presenciar algo que ocurr\u00eda tan lejos de m\u00ed.<\/p>\n\n\n\n<p>Al regresar, a solo unas casas de la embajada, not\u00e9 una gran cantidad de humo, y luego, llamas. Al doblar la esquina, me encontr\u00e9 con un incendio considerable. La prensa lleg\u00f3 r\u00e1pidamente, pero yo fui el primero en grabar el incidente, lo que me llev\u00f3 a ser invitado al noticiero central de un importante canal argentino. La situaci\u00f3n era surrealista: lo que hab\u00eda comenzado con mi inter\u00e9s por los noticieros hab\u00eda terminado llev\u00e1ndome a formar parte de uno.<\/p>\n\n\n\n<p>Este juego entre ser un observador externo de las im\u00e1genes y, al mismo tiempo, convertirse en imagen, fue lo que inicialmente me impuls\u00f3 a seguir experimentando.<\/p>\n\n\n\n<p><strong>Motivaci\u00f3n<\/strong><\/p>\n\n\n\n<p>Al inicio del proyecto, no ten\u00eda una idea clara de hacia d\u00f3nde iba, pero poco a poco me di cuenta de que lo que realmente estaba explorando era la distancia. Una distancia con los eventos hist\u00f3ricos. Sent\u00eda que lo que ve\u00eda en las noticias era la historia desarroll\u00e1ndose ante mis ojos, pero al mismo tiempo, me parec\u00eda que estaba demasiado lejos de ella. Con el tiempo, se entrelaz\u00f3 otro tipo de distancia en el proyecto, una distancia hist\u00f3rica m\u00e1s \u00edntima, relacionada con mi familia. Mis padres me contaron c\u00f3mo fue su vida durante la dictadura, pero, por m\u00e1s que intenten transmitirlo, existe una distancia insalvable entre sus vivencias y mi comprensi\u00f3n de ellas.<\/p>\n\n\n\n<p>Un ucraniano con el que converso en la pel\u00edcula me dijo: \u201cno sentir\u00e1s el sabor de la carne hasta que la comas\u201d. Esa frase encapsula perfectamente la idea que me motiv\u00f3 a seguir adelante con esta pel\u00edcula: la tensi\u00f3n entre experimentar algo en el lugar y en el momento versus observarlo o escucharlo desde la distancia. Esa lucha por entender y acercarme a lo que est\u00e1 tan lejos, tanto en t\u00e9rminos f\u00edsicos como emocionales, es lo que impuls\u00f3 este proyecto.<\/p>\n\n\n\n<figure class=\"wp-block-image size-large\"><img decoding=\"async\" width=\"717\" height=\"1024\" src=\"https:\/\/www.valparaisocreativo.cl\/wp-content\/uploads\/2024\/08\/DHD-Afiche--717x1024.jpg\" alt=\"\" class=\"wp-image-20074\" srcset=\"https:\/\/dev.antudigital.cl\/sites\/vc\/wp-content\/uploads\/2024\/08\/DHD-Afiche--717x1024.jpg 717w, https:\/\/dev.antudigital.cl\/sites\/vc\/wp-content\/uploads\/2024\/08\/DHD-Afiche--210x300.jpg 210w, https:\/\/dev.antudigital.cl\/sites\/vc\/wp-content\/uploads\/2024\/08\/DHD-Afiche--768x1097.jpg 768w, https:\/\/dev.antudigital.cl\/sites\/vc\/wp-content\/uploads\/2024\/08\/DHD-Afiche--1075x1536.jpg 1075w, https:\/\/dev.antudigital.cl\/sites\/vc\/wp-content\/uploads\/2024\/08\/DHD-Afiche--1434x2048.jpg 1434w, https:\/\/dev.antudigital.cl\/sites\/vc\/wp-content\/uploads\/2024\/08\/DHD-Afiche--1080x1543.jpg 1080w, https:\/\/dev.antudigital.cl\/sites\/vc\/wp-content\/uploads\/2024\/08\/DHD-Afiche--1280x1829.jpg 1280w, https:\/\/dev.antudigital.cl\/sites\/vc\/wp-content\/uploads\/2024\/08\/DHD-Afiche--980x1400.jpg 980w, https:\/\/dev.antudigital.cl\/sites\/vc\/wp-content\/uploads\/2024\/08\/DHD-Afiche--480x686.jpg 480w, https:\/\/dev.antudigital.cl\/sites\/vc\/wp-content\/uploads\/2024\/08\/DHD-Afiche--17x24.jpg 17w, https:\/\/dev.antudigital.cl\/sites\/vc\/wp-content\/uploads\/2024\/08\/DHD-Afiche--25x36.jpg 25w, https:\/\/dev.antudigital.cl\/sites\/vc\/wp-content\/uploads\/2024\/08\/DHD-Afiche--34x48.jpg 34w, https:\/\/dev.antudigital.cl\/sites\/vc\/wp-content\/uploads\/2024\/08\/DHD-Afiche--scaled.jpg 1792w\" sizes=\"(max-width: 717px) 100vw, 717px\" \/><\/figure>\n\n\n\n<p><strong>Relaci\u00f3n entre Chile y Ucrania<\/strong><\/p>\n\n\n\n<p>Al principio, la relaci\u00f3n entre Chile y Ucrania surgi\u00f3 \u00fanicamente en el montaje. Despu\u00e9s de filmar la embajada de Ucrania en Buenos Aires, decid\u00ed grabar tambi\u00e9n la embajada de Chile, ubicada a pocas cuadras de donde fue asesinado Carlos Prats. Esto me conect\u00f3 con otra \u00e9poca de violencia pol\u00edtica, pero esta vez la distancia no era geogr\u00e1fica, sino temporal. Lo que inicialmente comenz\u00f3 como un juego formal de montaje, relacionando dos pueblos distantes, fue revelando poco a poco una especie de espejo entre Ucrania y Chile.<\/p>\n\n\n\n<p>Ambos pa\u00edses fueron duramente intervenidos durante la Guerra Fr\u00eda, aunque desde polos opuestos: Ucrania bajo el control de la Uni\u00f3n Sovi\u00e9tica y Chile bajo la influencia de Estados Unidos a trav\u00e9s de una dictadura. M\u00e1s de 30 a\u00f1os despu\u00e9s, las r\u00e9plicas de esas intervenciones segu\u00edan latentes. Los disturbios en Kiev y en Santiago me parec\u00edan ecos de la historia, resonando a trav\u00e9s del tiempo.<\/p>\n\n\n\n<p>Todo esto lo trabaj\u00e9 desde Berl\u00edn, una ciudad que, en s\u00ed misma, es un espejo de Occidente y Oriente, habitada por ambas mitades del mundo. Berl\u00edn se convirti\u00f3 en el escenario perfecto para explorar estas conexiones, reflejando la dualidad y las cicatrices de ambos pa\u00edses.<\/p>\n\n\n\n<p><strong>D\u00f3nde verla<\/strong><\/p>\n\n\n\n<p>23 de agosto, 18.00, Cineteca Nacional.<\/p>\n\n\n\n<p>25 de agosto, 20.00, Cin\u00e9polis La Reina.<\/p>\n\n\n\n<p>Entradas disponibles en <a href=\"https:\/\/www.cclm.cl\/cineteca-nacional-de-chile\/\">https:\/\/www.cclm.cl\/cineteca-nacional-de-chile\/<\/a> y en <a href=\"http:\/\/www.cinepolis.cl\">http:\/\/www.cinepolischile.cl<\/a>&nbsp;<\/p>\n\n\n\n<p><strong>Ficha t\u00e9cnica<\/strong><\/p>\n\n\n\n<p>Direcci\u00f3n: Jos\u00e9 Ib\u00e1\u00f1ez<\/p>\n\n\n\n<p>Producci\u00f3n: Michel Toledo (T\u00f3tem producciones)<\/p>\n\n\n\n<p>Duraci\u00f3n: 65 minutos<\/p>\n\n\n\n<p>Presentado por: Ministerio de las Culturas, las Artes y el Patrimonio&nbsp;<\/p>\n\n\n\n<p>Apoyado por: Universidad del Cine, Buenos Aires; Escuela de Cine de la Universidad de Vi\u00f1a del Mar; Corporaci\u00f3n Chilena del Documental; Santiago Festival Internacional de Cine.<\/p>\n\n\n\n<p>Colabora: Queltehue Films, Lemuntu, Al Diablo Dise\u00f1o. Y en colaboraci\u00f3n con el R90 LAB de la Universidad Vi\u00f1a del Mar<\/p>\n\n\n\n<p><a href=\"https:\/\/sanfic.com\/movies\/diario-de-un-hombre-a-la-deriva\/\"><strong>Descubre m\u00e1s aqu\u00ed<\/strong><\/a><\/p>\n","protected":false},"excerpt":{"rendered":"<p>Sinopsis Este documental \u00edntimo, grabado a lo largo de ocho a\u00f1os por Jos\u00e9, un estudiante de cine chileno, ofrece una visi\u00f3n \u00fanica y personal de acontecimientos hist\u00f3ricos significativos. Desde el sur del mundo, Jos\u00e9 observa de lejos la revoluci\u00f3n de Maidan en Ucrania (2014-2015). Su conexi\u00f3n con una blogger ucraniana lo impulsa a viajar a [&hellip;]<\/p>\n","protected":false},"author":1,"featured_media":20073,"comment_status":"closed","ping_status":"closed","sticky":false,"template":"","format":"standard","meta":{"_acf_changed":false,"footnotes":""},"categories":[8],"tags":[],"class_list":["post-20071","post","type-post","status-publish","format-standard","has-post-thumbnail","hentry","category-noticia"],"acf":[],"yoast_head":"<!-- This site is optimized with the Yoast SEO plugin v27.1.1 - https:\/\/yoast.com\/product\/yoast-seo-wordpress\/ -->\n<title>Estreno en Sanfic 2024: Diario de un hombre a la deriva - Valpara\u00ed\u00adso Creativo<\/title>\n<meta name=\"robots\" content=\"index, follow, max-snippet:-1, max-image-preview:large, max-video-preview:-1\" \/>\n<link rel=\"canonical\" href=\"https:\/\/dev.antudigital.cl\/sites\/vc\/estreno-en-sanfic-2024-diario-de-un-hombre-a-la-deriva\/\" \/>\n<meta property=\"og:locale\" content=\"es_ES\" \/>\n<meta property=\"og:type\" content=\"article\" \/>\n<meta property=\"og:title\" content=\"Estreno en Sanfic 2024: Diario de un hombre a la deriva - Valpara\u00ed\u00adso Creativo\" \/>\n<meta property=\"og:description\" content=\"Sinopsis Este documental \u00edntimo, grabado a lo largo de ocho a\u00f1os por Jos\u00e9, un estudiante de cine chileno, ofrece una visi\u00f3n \u00fanica y personal de acontecimientos hist\u00f3ricos significativos. Desde el sur del mundo, Jos\u00e9 observa de lejos la revoluci\u00f3n de Maidan en Ucrania (2014-2015). Su conexi\u00f3n con una blogger ucraniana lo impulsa a viajar a [&hellip;]\" \/>\n<meta property=\"og:url\" content=\"https:\/\/dev.antudigital.cl\/sites\/vc\/estreno-en-sanfic-2024-diario-de-un-hombre-a-la-deriva\/\" \/>\n<meta property=\"og:site_name\" content=\"Valpara\u00ed\u00adso Creativo\" \/>\n<meta property=\"article:published_time\" content=\"2024-08-19T22:23:04+00:00\" \/>\n<meta property=\"article:modified_time\" content=\"2024-08-22T20:48:23+00:00\" \/>\n<meta property=\"og:image\" content=\"https:\/\/dev.antudigital.cl\/sites\/vc\/wp-content\/uploads\/2024\/08\/DHD-sub.00_30_33_09.Imagen-fija016-1024x576.png\" \/>\n\t<meta property=\"og:image:width\" content=\"1024\" \/>\n\t<meta property=\"og:image:height\" content=\"576\" \/>\n\t<meta property=\"og:image:type\" content=\"image\/png\" \/>\n<meta name=\"author\" content=\"Valpara\u00edso Creativo\" \/>\n<meta name=\"twitter:card\" content=\"summary_large_image\" \/>\n<meta name=\"twitter:label1\" content=\"Escrito por\" \/>\n\t<meta name=\"twitter:data1\" content=\"Valpara\u00edso Creativo\" \/>\n\t<meta name=\"twitter:label2\" content=\"Tiempo de lectura\" \/>\n\t<meta name=\"twitter:data2\" content=\"5 minutos\" \/>\n<script type=\"application\/ld+json\" class=\"yoast-schema-graph\">{\"@context\":\"https:\/\/schema.org\",\"@graph\":[{\"@type\":\"Article\",\"@id\":\"https:\/\/dev.antudigital.cl\/sites\/vc\/estreno-en-sanfic-2024-diario-de-un-hombre-a-la-deriva\/#article\",\"isPartOf\":{\"@id\":\"https:\/\/dev.antudigital.cl\/sites\/vc\/estreno-en-sanfic-2024-diario-de-un-hombre-a-la-deriva\/\"},\"author\":{\"name\":\"Valpara\u00edso Creativo\",\"@id\":\"https:\/\/dev.antudigital.cl\/sites\/vc\/#\/schema\/person\/c2b9da8dd545e27166fc5ab232837318\"},\"headline\":\"Estreno en Sanfic 2024: Diario de un hombre a la deriva\",\"datePublished\":\"2024-08-19T22:23:04+00:00\",\"dateModified\":\"2024-08-22T20:48:23+00:00\",\"mainEntityOfPage\":{\"@id\":\"https:\/\/dev.antudigital.cl\/sites\/vc\/estreno-en-sanfic-2024-diario-de-un-hombre-a-la-deriva\/\"},\"wordCount\":1022,\"image\":{\"@id\":\"https:\/\/dev.antudigital.cl\/sites\/vc\/estreno-en-sanfic-2024-diario-de-un-hombre-a-la-deriva\/#primaryimage\"},\"thumbnailUrl\":\"https:\/\/dev.antudigital.cl\/sites\/vc\/wp-content\/uploads\/2024\/08\/DHD-sub.00_30_33_09.Imagen-fija016.png\",\"articleSection\":[\"Noticia\"],\"inLanguage\":\"es\"},{\"@type\":\"WebPage\",\"@id\":\"https:\/\/dev.antudigital.cl\/sites\/vc\/estreno-en-sanfic-2024-diario-de-un-hombre-a-la-deriva\/\",\"url\":\"https:\/\/dev.antudigital.cl\/sites\/vc\/estreno-en-sanfic-2024-diario-de-un-hombre-a-la-deriva\/\",\"name\":\"Estreno en Sanfic 2024: Diario de un hombre a la deriva - Valpara\u00ed\u00adso Creativo\",\"isPartOf\":{\"@id\":\"https:\/\/dev.antudigital.cl\/sites\/vc\/#website\"},\"primaryImageOfPage\":{\"@id\":\"https:\/\/dev.antudigital.cl\/sites\/vc\/estreno-en-sanfic-2024-diario-de-un-hombre-a-la-deriva\/#primaryimage\"},\"image\":{\"@id\":\"https:\/\/dev.antudigital.cl\/sites\/vc\/estreno-en-sanfic-2024-diario-de-un-hombre-a-la-deriva\/#primaryimage\"},\"thumbnailUrl\":\"https:\/\/dev.antudigital.cl\/sites\/vc\/wp-content\/uploads\/2024\/08\/DHD-sub.00_30_33_09.Imagen-fija016.png\",\"datePublished\":\"2024-08-19T22:23:04+00:00\",\"dateModified\":\"2024-08-22T20:48:23+00:00\",\"author\":{\"@id\":\"https:\/\/dev.antudigital.cl\/sites\/vc\/#\/schema\/person\/c2b9da8dd545e27166fc5ab232837318\"},\"breadcrumb\":{\"@id\":\"https:\/\/dev.antudigital.cl\/sites\/vc\/estreno-en-sanfic-2024-diario-de-un-hombre-a-la-deriva\/#breadcrumb\"},\"inLanguage\":\"es\",\"potentialAction\":[{\"@type\":\"ReadAction\",\"target\":[\"https:\/\/dev.antudigital.cl\/sites\/vc\/estreno-en-sanfic-2024-diario-de-un-hombre-a-la-deriva\/\"]}]},{\"@type\":\"ImageObject\",\"inLanguage\":\"es\",\"@id\":\"https:\/\/dev.antudigital.cl\/sites\/vc\/estreno-en-sanfic-2024-diario-de-un-hombre-a-la-deriva\/#primaryimage\",\"url\":\"https:\/\/dev.antudigital.cl\/sites\/vc\/wp-content\/uploads\/2024\/08\/DHD-sub.00_30_33_09.Imagen-fija016.png\",\"contentUrl\":\"https:\/\/dev.antudigital.cl\/sites\/vc\/wp-content\/uploads\/2024\/08\/DHD-sub.00_30_33_09.Imagen-fija016.png\",\"width\":1920,\"height\":1080},{\"@type\":\"BreadcrumbList\",\"@id\":\"https:\/\/dev.antudigital.cl\/sites\/vc\/estreno-en-sanfic-2024-diario-de-un-hombre-a-la-deriva\/#breadcrumb\",\"itemListElement\":[{\"@type\":\"ListItem\",\"position\":1,\"name\":\"Home\",\"item\":\"https:\/\/dev.antudigital.cl\/sites\/vc\/\"},{\"@type\":\"ListItem\",\"position\":2,\"name\":\"Estreno en Sanfic 2024: Diario de un hombre a la deriva\"}]},{\"@type\":\"WebSite\",\"@id\":\"https:\/\/dev.antudigital.cl\/sites\/vc\/#website\",\"url\":\"https:\/\/dev.antudigital.cl\/sites\/vc\/\",\"name\":\"Valpara\u00ed\u00adso Creativo\",\"description\":\"\",\"potentialAction\":[{\"@type\":\"SearchAction\",\"target\":{\"@type\":\"EntryPoint\",\"urlTemplate\":\"https:\/\/dev.antudigital.cl\/sites\/vc\/?s={search_term_string}\"},\"query-input\":{\"@type\":\"PropertyValueSpecification\",\"valueRequired\":true,\"valueName\":\"search_term_string\"}}],\"inLanguage\":\"es\"},{\"@type\":\"Person\",\"@id\":\"https:\/\/dev.antudigital.cl\/sites\/vc\/#\/schema\/person\/c2b9da8dd545e27166fc5ab232837318\",\"name\":\"Valpara\u00edso Creativo\",\"description\":\"Periodista de cultura en la Regi\u00f3n de Valpara\u00edso.\",\"url\":\"https:\/\/dev.antudigital.cl\/sites\/vc\/author\/valpoadmin\/\"}]}<\/script>\n<!-- \/ Yoast SEO plugin. -->","yoast_head_json":{"title":"Estreno en Sanfic 2024: Diario de un hombre a la deriva - Valpara\u00ed\u00adso Creativo","robots":{"index":"index","follow":"follow","max-snippet":"max-snippet:-1","max-image-preview":"max-image-preview:large","max-video-preview":"max-video-preview:-1"},"canonical":"https:\/\/dev.antudigital.cl\/sites\/vc\/estreno-en-sanfic-2024-diario-de-un-hombre-a-la-deriva\/","og_locale":"es_ES","og_type":"article","og_title":"Estreno en Sanfic 2024: Diario de un hombre a la deriva - Valpara\u00ed\u00adso Creativo","og_description":"Sinopsis Este documental \u00edntimo, grabado a lo largo de ocho a\u00f1os por Jos\u00e9, un estudiante de cine chileno, ofrece una visi\u00f3n \u00fanica y personal de acontecimientos hist\u00f3ricos significativos. Desde el sur del mundo, Jos\u00e9 observa de lejos la revoluci\u00f3n de Maidan en Ucrania (2014-2015). Su conexi\u00f3n con una blogger ucraniana lo impulsa a viajar a [&hellip;]","og_url":"https:\/\/dev.antudigital.cl\/sites\/vc\/estreno-en-sanfic-2024-diario-de-un-hombre-a-la-deriva\/","og_site_name":"Valpara\u00ed\u00adso Creativo","article_published_time":"2024-08-19T22:23:04+00:00","article_modified_time":"2024-08-22T20:48:23+00:00","og_image":[{"width":1024,"height":576,"url":"https:\/\/dev.antudigital.cl\/sites\/vc\/wp-content\/uploads\/2024\/08\/DHD-sub.00_30_33_09.Imagen-fija016-1024x576.png","type":"image\/png"}],"author":"Valpara\u00edso Creativo","twitter_card":"summary_large_image","twitter_misc":{"Escrito por":"Valpara\u00edso Creativo","Tiempo de lectura":"5 minutos"},"schema":{"@context":"https:\/\/schema.org","@graph":[{"@type":"Article","@id":"https:\/\/dev.antudigital.cl\/sites\/vc\/estreno-en-sanfic-2024-diario-de-un-hombre-a-la-deriva\/#article","isPartOf":{"@id":"https:\/\/dev.antudigital.cl\/sites\/vc\/estreno-en-sanfic-2024-diario-de-un-hombre-a-la-deriva\/"},"author":{"name":"Valpara\u00edso Creativo","@id":"https:\/\/dev.antudigital.cl\/sites\/vc\/#\/schema\/person\/c2b9da8dd545e27166fc5ab232837318"},"headline":"Estreno en Sanfic 2024: Diario de un hombre a la deriva","datePublished":"2024-08-19T22:23:04+00:00","dateModified":"2024-08-22T20:48:23+00:00","mainEntityOfPage":{"@id":"https:\/\/dev.antudigital.cl\/sites\/vc\/estreno-en-sanfic-2024-diario-de-un-hombre-a-la-deriva\/"},"wordCount":1022,"image":{"@id":"https:\/\/dev.antudigital.cl\/sites\/vc\/estreno-en-sanfic-2024-diario-de-un-hombre-a-la-deriva\/#primaryimage"},"thumbnailUrl":"https:\/\/dev.antudigital.cl\/sites\/vc\/wp-content\/uploads\/2024\/08\/DHD-sub.00_30_33_09.Imagen-fija016.png","articleSection":["Noticia"],"inLanguage":"es"},{"@type":"WebPage","@id":"https:\/\/dev.antudigital.cl\/sites\/vc\/estreno-en-sanfic-2024-diario-de-un-hombre-a-la-deriva\/","url":"https:\/\/dev.antudigital.cl\/sites\/vc\/estreno-en-sanfic-2024-diario-de-un-hombre-a-la-deriva\/","name":"Estreno en Sanfic 2024: Diario de un hombre a la deriva - Valpara\u00ed\u00adso Creativo","isPartOf":{"@id":"https:\/\/dev.antudigital.cl\/sites\/vc\/#website"},"primaryImageOfPage":{"@id":"https:\/\/dev.antudigital.cl\/sites\/vc\/estreno-en-sanfic-2024-diario-de-un-hombre-a-la-deriva\/#primaryimage"},"image":{"@id":"https:\/\/dev.antudigital.cl\/sites\/vc\/estreno-en-sanfic-2024-diario-de-un-hombre-a-la-deriva\/#primaryimage"},"thumbnailUrl":"https:\/\/dev.antudigital.cl\/sites\/vc\/wp-content\/uploads\/2024\/08\/DHD-sub.00_30_33_09.Imagen-fija016.png","datePublished":"2024-08-19T22:23:04+00:00","dateModified":"2024-08-22T20:48:23+00:00","author":{"@id":"https:\/\/dev.antudigital.cl\/sites\/vc\/#\/schema\/person\/c2b9da8dd545e27166fc5ab232837318"},"breadcrumb":{"@id":"https:\/\/dev.antudigital.cl\/sites\/vc\/estreno-en-sanfic-2024-diario-de-un-hombre-a-la-deriva\/#breadcrumb"},"inLanguage":"es","potentialAction":[{"@type":"ReadAction","target":["https:\/\/dev.antudigital.cl\/sites\/vc\/estreno-en-sanfic-2024-diario-de-un-hombre-a-la-deriva\/"]}]},{"@type":"ImageObject","inLanguage":"es","@id":"https:\/\/dev.antudigital.cl\/sites\/vc\/estreno-en-sanfic-2024-diario-de-un-hombre-a-la-deriva\/#primaryimage","url":"https:\/\/dev.antudigital.cl\/sites\/vc\/wp-content\/uploads\/2024\/08\/DHD-sub.00_30_33_09.Imagen-fija016.png","contentUrl":"https:\/\/dev.antudigital.cl\/sites\/vc\/wp-content\/uploads\/2024\/08\/DHD-sub.00_30_33_09.Imagen-fija016.png","width":1920,"height":1080},{"@type":"BreadcrumbList","@id":"https:\/\/dev.antudigital.cl\/sites\/vc\/estreno-en-sanfic-2024-diario-de-un-hombre-a-la-deriva\/#breadcrumb","itemListElement":[{"@type":"ListItem","position":1,"name":"Home","item":"https:\/\/dev.antudigital.cl\/sites\/vc\/"},{"@type":"ListItem","position":2,"name":"Estreno en Sanfic 2024: Diario de un hombre a la deriva"}]},{"@type":"WebSite","@id":"https:\/\/dev.antudigital.cl\/sites\/vc\/#website","url":"https:\/\/dev.antudigital.cl\/sites\/vc\/","name":"Valpara\u00ed\u00adso Creativo","description":"","potentialAction":[{"@type":"SearchAction","target":{"@type":"EntryPoint","urlTemplate":"https:\/\/dev.antudigital.cl\/sites\/vc\/?s={search_term_string}"},"query-input":{"@type":"PropertyValueSpecification","valueRequired":true,"valueName":"search_term_string"}}],"inLanguage":"es"},{"@type":"Person","@id":"https:\/\/dev.antudigital.cl\/sites\/vc\/#\/schema\/person\/c2b9da8dd545e27166fc5ab232837318","name":"Valpara\u00edso Creativo","description":"Periodista de cultura en la Regi\u00f3n de Valpara\u00edso.","url":"https:\/\/dev.antudigital.cl\/sites\/vc\/author\/valpoadmin\/"}]}},"_links":{"self":[{"href":"https:\/\/dev.antudigital.cl\/sites\/vc\/wp-json\/wp\/v2\/posts\/20071","targetHints":{"allow":["GET"]}}],"collection":[{"href":"https:\/\/dev.antudigital.cl\/sites\/vc\/wp-json\/wp\/v2\/posts"}],"about":[{"href":"https:\/\/dev.antudigital.cl\/sites\/vc\/wp-json\/wp\/v2\/types\/post"}],"author":[{"embeddable":true,"href":"https:\/\/dev.antudigital.cl\/sites\/vc\/wp-json\/wp\/v2\/users\/1"}],"replies":[{"embeddable":true,"href":"https:\/\/dev.antudigital.cl\/sites\/vc\/wp-json\/wp\/v2\/comments?post=20071"}],"version-history":[{"count":2,"href":"https:\/\/dev.antudigital.cl\/sites\/vc\/wp-json\/wp\/v2\/posts\/20071\/revisions"}],"predecessor-version":[{"id":20106,"href":"https:\/\/dev.antudigital.cl\/sites\/vc\/wp-json\/wp\/v2\/posts\/20071\/revisions\/20106"}],"wp:featuredmedia":[{"embeddable":true,"href":"https:\/\/dev.antudigital.cl\/sites\/vc\/wp-json\/wp\/v2\/media\/20073"}],"wp:attachment":[{"href":"https:\/\/dev.antudigital.cl\/sites\/vc\/wp-json\/wp\/v2\/media?parent=20071"}],"wp:term":[{"taxonomy":"category","embeddable":true,"href":"https:\/\/dev.antudigital.cl\/sites\/vc\/wp-json\/wp\/v2\/categories?post=20071"},{"taxonomy":"post_tag","embeddable":true,"href":"https:\/\/dev.antudigital.cl\/sites\/vc\/wp-json\/wp\/v2\/tags?post=20071"}],"curies":[{"name":"wp","href":"https:\/\/api.w.org\/{rel}","templated":true}]}}