{"id":20093,"date":"2024-08-22T20:08:01","date_gmt":"2024-08-22T20:08:01","guid":{"rendered":"https:\/\/www.valparaisocreativo.cl\/?p=20093"},"modified":"2024-08-22T20:08:18","modified_gmt":"2024-08-22T20:08:18","slug":"pancho-molina-trio-se-presentara-en-puente-alto-quilpue-y-valparaiso-mostrando-su-nuevo-ep-de-nuevo","status":"publish","type":"post","link":"https:\/\/dev.antudigital.cl\/sites\/vc\/pancho-molina-trio-se-presentara-en-puente-alto-quilpue-y-valparaiso-mostrando-su-nuevo-ep-de-nuevo\/","title":{"rendered":"\u00abPancho Molina Tr\u00edo\u00bb se presentar\u00e1 en Puente Alto, Quilpu\u00e9 y Valpara\u00edso, mostrando su nuevo EP \u00abDe Nuevo\u00bb"},"content":{"rendered":"\n<p>Puente Alto, Quilpu\u00e9 y Valpara\u00edso recibir\u00e1n todo el groove y el jazz del tr\u00edo penquista, liderado por el reconocido baterista nacional Francisco Molina.<\/p>\n\n\n\n<p>El reconocido m\u00fasico chileno, considerado uno de los mejores bateristas del pa\u00eds, realizar\u00e1 una breve gira por Santiago y la V Regi\u00f3n. Las actividades incluyen conciertos, clases magistrales y encuentros con la comunidad.<\/p>\n\n\n\n<p><strong>Francisco Molina<\/strong> ha tenido meses ajetreados tras su esperado regreso como percusionista de la banda <strong>Los Tres<\/strong>, de la cual fue uno de los fundadores en los a\u00f1os 90.<\/p>\n\n\n\n<p>Desde 2018, se ha radicado en Concepci\u00f3n, donde instal\u00f3 un estudio de grabaci\u00f3n llamado \u00abLa Madre\u00bb. En este espacio, colabora con m\u00fasicos locales y se enfoca en su proyecto solista, Pancho Molina Tr\u00edo.<\/p>\n\n\n\n<p>En la formaci\u00f3n actual del tr\u00edo, lo acompa\u00f1an <strong>Christian Luna<\/strong>, un virtuoso guitarrista que tambi\u00e9n forma parte de la banda Julius Popper, y el bajista <strong>Rodrigo \u00c1lvarez<\/strong>, una figura clave en la escena musical de la ciudad del Biob\u00edo.<\/p>\n\n\n\n<p><strong>Actualmente, el tr\u00edo est\u00e1 presentando su reciente EP, titulado \u00abDe Nuevo\u00bb.<\/strong><\/p>\n\n\n\n<figure class=\"wp-block-image size-large\"><img fetchpriority=\"high\" decoding=\"async\" width=\"1024\" height=\"1024\" src=\"https:\/\/www.valparaisocreativo.cl\/wp-content\/uploads\/2024\/08\/IG-PANCHO-MOLINA-TRIO-TROTAMUNDOS-1024x1024.png\" alt=\"\" class=\"wp-image-20094\" srcset=\"https:\/\/dev.antudigital.cl\/sites\/vc\/wp-content\/uploads\/2024\/08\/IG-PANCHO-MOLINA-TRIO-TROTAMUNDOS-1024x1024.png 1024w, https:\/\/dev.antudigital.cl\/sites\/vc\/wp-content\/uploads\/2024\/08\/IG-PANCHO-MOLINA-TRIO-TROTAMUNDOS-300x300.png 300w, https:\/\/dev.antudigital.cl\/sites\/vc\/wp-content\/uploads\/2024\/08\/IG-PANCHO-MOLINA-TRIO-TROTAMUNDOS-150x150.png 150w, https:\/\/dev.antudigital.cl\/sites\/vc\/wp-content\/uploads\/2024\/08\/IG-PANCHO-MOLINA-TRIO-TROTAMUNDOS-768x768.png 768w, https:\/\/dev.antudigital.cl\/sites\/vc\/wp-content\/uploads\/2024\/08\/IG-PANCHO-MOLINA-TRIO-TROTAMUNDOS-980x980.png 980w, https:\/\/dev.antudigital.cl\/sites\/vc\/wp-content\/uploads\/2024\/08\/IG-PANCHO-MOLINA-TRIO-TROTAMUNDOS-480x480.png 480w, https:\/\/dev.antudigital.cl\/sites\/vc\/wp-content\/uploads\/2024\/08\/IG-PANCHO-MOLINA-TRIO-TROTAMUNDOS-24x24.png 24w, https:\/\/dev.antudigital.cl\/sites\/vc\/wp-content\/uploads\/2024\/08\/IG-PANCHO-MOLINA-TRIO-TROTAMUNDOS-36x36.png 36w, https:\/\/dev.antudigital.cl\/sites\/vc\/wp-content\/uploads\/2024\/08\/IG-PANCHO-MOLINA-TRIO-TROTAMUNDOS-48x48.png 48w, https:\/\/dev.antudigital.cl\/sites\/vc\/wp-content\/uploads\/2024\/08\/IG-PANCHO-MOLINA-TRIO-TROTAMUNDOS.png 1080w\" sizes=\"(max-width: 1024px) 100vw, 1024px\" \/><\/figure>\n\n\n\n<p>Francisco comenta: <em>\u00abSiempre existi\u00f3 el inter\u00e9s de grabar en Concepci\u00f3n con m\u00fasicos penquistas. Despu\u00e9s de siete a\u00f1os de haber regresado a la ciudad, el proceso inspirador de m\u00e1s de dos a\u00f1os de trabajo con esta formaci\u00f3n y de tocar constantemente en los bares locales ha consolidado el sonido del tr\u00edo.\u00bb<\/em><\/p>\n\n\n\n<p>Sobre el EP, explica: <em>\u00abCuenta con dos temas. El primero es &#8216;Oraci\u00f3n&#8217;, que compuse en Nueva York en 2012, momento un tanto ca\u00f3tico<\/em><em>, <\/em><em>en el que entr\u00e9 en un estado meditativo, y apareci\u00f3 la idea. Ahora, lo hemos reversionado con una nueva interpretaci\u00f3n. El segundo tema es &#8216;IF&#8217;, de Larry Young, una melod\u00eda muy rockera camuflada con jazz. Son dos temas que expresan experiencias de vida particulares, por eso van juntos.\u00bb<\/em><\/p>\n\n\n\n<p><em>El nombre del EP, \u00abDe Nuevo\u00bb, tiene un significado especial para \u00e9l: \u00abSe refiere a regresar a la ciudad y reversionar temas al sonido que me une a ella. Adem\u00e1s, es un momento de retomar, especialmente al volver a tocar con Los Tres. Es fundamental por las cosas que estoy viviendo en este presente\u00bb, agrega.<\/em><\/p>\n\n\n\n<p><br>Grabado y mezclado en Concepci\u00f3n por David Hern\u00e1ndez en el estudio La Madre, y con la masterizaci\u00f3n de Gonzalo Gonz\u00e1lez, \u201c<em>De Nuevo\u201d<\/em> presenta las primeras grabaciones del Pancho Molina Tr\u00edo tras inaugurar 2024 con el tema \u00abLa Elegante\u00bb. Estas tomas fueron capturadas en medio de su constante agenda de presentaciones en clubes de la regi\u00f3n y la capital, adelantando de alg\u00fan modo su pr\u00f3ximo larga duraci\u00f3n previsto para el fines del 2024.<\/p>\n\n\n\n<p>Estas son las primeras ediciones del talentoso baterista, compositor y productor tras reestablecerse en Concepci\u00f3n en 2018, despu\u00e9s de m\u00e1s de una d\u00e9cada en Boston y Nueva York. En esa \u00e9poca, Molina desarroll\u00f3 \u00e1lbumes notables junto a luminarias como Joe Lovano y Dave Liebman, sumando experiencia a su destacada carrera con Los Tres, \u00c1ngel Parra Tr\u00edo y Los Titulares, un grupo clave que fund\u00f3 y dirigi\u00f3 hacia 1995, donde comparti\u00f3 escenario con talentosos colegas como Cristi\u00e1n Cuturrufo y Rodrigo Galarce.<\/p>\n\n\n\n<p>\u00abLos discos que grab\u00e9 en Nueva York reflejan la escena y el sonido neoyorquino\u00bb, puntualiza Molina. \u00abAhora quer\u00eda que estos registros en Concepci\u00f3n capturaran el sonido penquista, y lo he logrado, quedando satisfecho\u00bb.<\/p>\n\n\n\n<p>En la portada del EP, aparece una fotograf\u00eda de la fot\u00f3grafa penquista Keca Paredes, que muestra las ruinas del Mercado de Concepci\u00f3n. Se espera que este mercado sea reconstruido pronto, lo que da sentido al nombre del EP.<\/p>\n\n\n\n<p>\u00abPara m\u00ed\u00bb, se\u00f1ala Francisco, \u00abha sido espectacular trabajar con Christian y Rodrigo. Ambos tienen una manera muy especial de tocar. Rodrigo es un m\u00fasico de la regi\u00f3n del Biob\u00edo, acad\u00e9mico de la Universidad de Concepci\u00f3n, cuyas composiciones son \u00fanicas y hermosas.&nbsp;<\/p>\n\n\n\n<p>Christian, por su parte, proviene m\u00e1s del mundo del rock, y su frescura e interpretaci\u00f3n facilitan la comunicaci\u00f3n y el sonido. Hay mucha improvisaci\u00f3n, lo cual es definitivamente inspirador.\u00bb<\/p>\n\n\n\n<p>Respecto a Los Tres, despu\u00e9s de los conciertos que ofrecieron en distintas ciudades del pa\u00eds y tras la esperada reuni\u00f3n de la banda, se vienen fechas en M\u00e9xico y la posibilidad de crear nueva m\u00fasica. Despu\u00e9s de 23 a\u00f1os de estar fuera del grupo, Pancho Molina se siente contento, especialmente por el gran cari\u00f1o que ha recibido de los seguidores de la hist\u00f3rica banda.<\/p>\n\n\n\n<p><strong>Jueves 29 de agosto, en Quilpu\u00e9 Bar Trotamundos a partir de las 21:00 hrs.&nbsp; Las entradas est\u00e1n a la venta por el sistema Passline.<\/strong><\/p>\n\n\n\n<p><strong>Viernes 30, en Valpara\u00edso, en Casa de la Cultura (Err\u00e1zuriz 1054) 21:00 hrs. Las entradas est\u00e1n disponibles por el sistema Ticketnet.<\/strong><\/p>\n","protected":false},"excerpt":{"rendered":"<p>Puente Alto, Quilpu\u00e9 y Valpara\u00edso recibir\u00e1n todo el groove y el jazz del tr\u00edo penquista, liderado por el reconocido baterista nacional Francisco Molina. El reconocido m\u00fasico chileno, considerado uno de los mejores bateristas del pa\u00eds, realizar\u00e1 una breve gira por Santiago y la V Regi\u00f3n. Las actividades incluyen conciertos, clases magistrales y encuentros con la [&hellip;]<\/p>\n","protected":false},"author":1,"featured_media":20095,"comment_status":"closed","ping_status":"closed","sticky":false,"template":"","format":"standard","meta":{"_acf_changed":false,"footnotes":""},"categories":[8],"tags":[],"class_list":["post-20093","post","type-post","status-publish","format-standard","has-post-thumbnail","hentry","category-noticia"],"acf":[],"yoast_head":"<!-- This site is optimized with the Yoast SEO plugin v27.1.1 - https:\/\/yoast.com\/product\/yoast-seo-wordpress\/ -->\n<title>&quot;Pancho Molina Tr\u00edo&quot; se presentar\u00e1 en Puente Alto, Quilpu\u00e9 y Valpara\u00edso, mostrando su nuevo EP &quot;De Nuevo&quot; - Valpara\u00ed\u00adso Creativo<\/title>\n<meta name=\"robots\" content=\"index, follow, max-snippet:-1, max-image-preview:large, max-video-preview:-1\" \/>\n<link rel=\"canonical\" href=\"https:\/\/dev.antudigital.cl\/sites\/vc\/pancho-molina-trio-se-presentara-en-puente-alto-quilpue-y-valparaiso-mostrando-su-nuevo-ep-de-nuevo\/\" \/>\n<meta property=\"og:locale\" content=\"es_ES\" \/>\n<meta property=\"og:type\" content=\"article\" \/>\n<meta property=\"og:title\" content=\"&quot;Pancho Molina Tr\u00edo&quot; se presentar\u00e1 en Puente Alto, Quilpu\u00e9 y Valpara\u00edso, mostrando su nuevo EP &quot;De Nuevo&quot; - Valpara\u00ed\u00adso Creativo\" \/>\n<meta property=\"og:description\" content=\"Puente Alto, Quilpu\u00e9 y Valpara\u00edso recibir\u00e1n todo el groove y el jazz del tr\u00edo penquista, liderado por el reconocido baterista nacional Francisco Molina. El reconocido m\u00fasico chileno, considerado uno de los mejores bateristas del pa\u00eds, realizar\u00e1 una breve gira por Santiago y la V Regi\u00f3n. Las actividades incluyen conciertos, clases magistrales y encuentros con la [&hellip;]\" \/>\n<meta property=\"og:url\" content=\"https:\/\/dev.antudigital.cl\/sites\/vc\/pancho-molina-trio-se-presentara-en-puente-alto-quilpue-y-valparaiso-mostrando-su-nuevo-ep-de-nuevo\/\" \/>\n<meta property=\"og:site_name\" content=\"Valpara\u00ed\u00adso Creativo\" \/>\n<meta property=\"article:published_time\" content=\"2024-08-22T20:08:01+00:00\" \/>\n<meta property=\"article:modified_time\" content=\"2024-08-22T20:08:18+00:00\" \/>\n<meta property=\"og:image\" content=\"https:\/\/dev.antudigital.cl\/sites\/vc\/wp-content\/uploads\/2024\/08\/Pancho-Molina-trio-scaled.jpg\" \/>\n\t<meta property=\"og:image:width\" content=\"2560\" \/>\n\t<meta property=\"og:image:height\" content=\"1707\" \/>\n\t<meta property=\"og:image:type\" content=\"image\/jpeg\" \/>\n<meta name=\"author\" content=\"Valpara\u00edso Creativo\" \/>\n<meta name=\"twitter:card\" content=\"summary_large_image\" \/>\n<meta name=\"twitter:label1\" content=\"Escrito por\" \/>\n\t<meta name=\"twitter:data1\" content=\"Valpara\u00edso Creativo\" \/>\n\t<meta name=\"twitter:label2\" content=\"Tiempo de lectura\" \/>\n\t<meta name=\"twitter:data2\" content=\"4 minutos\" \/>\n<script type=\"application\/ld+json\" class=\"yoast-schema-graph\">{\"@context\":\"https:\/\/schema.org\",\"@graph\":[{\"@type\":\"Article\",\"@id\":\"https:\/\/dev.antudigital.cl\/sites\/vc\/pancho-molina-trio-se-presentara-en-puente-alto-quilpue-y-valparaiso-mostrando-su-nuevo-ep-de-nuevo\/#article\",\"isPartOf\":{\"@id\":\"https:\/\/dev.antudigital.cl\/sites\/vc\/pancho-molina-trio-se-presentara-en-puente-alto-quilpue-y-valparaiso-mostrando-su-nuevo-ep-de-nuevo\/\"},\"author\":{\"name\":\"Valpara\u00edso Creativo\",\"@id\":\"https:\/\/dev.antudigital.cl\/sites\/vc\/#\/schema\/person\/c2b9da8dd545e27166fc5ab232837318\"},\"headline\":\"\u00abPancho Molina Tr\u00edo\u00bb se presentar\u00e1 en Puente Alto, Quilpu\u00e9 y Valpara\u00edso, mostrando su nuevo EP \u00abDe Nuevo\u00bb\",\"datePublished\":\"2024-08-22T20:08:01+00:00\",\"dateModified\":\"2024-08-22T20:08:18+00:00\",\"mainEntityOfPage\":{\"@id\":\"https:\/\/dev.antudigital.cl\/sites\/vc\/pancho-molina-trio-se-presentara-en-puente-alto-quilpue-y-valparaiso-mostrando-su-nuevo-ep-de-nuevo\/\"},\"wordCount\":828,\"image\":{\"@id\":\"https:\/\/dev.antudigital.cl\/sites\/vc\/pancho-molina-trio-se-presentara-en-puente-alto-quilpue-y-valparaiso-mostrando-su-nuevo-ep-de-nuevo\/#primaryimage\"},\"thumbnailUrl\":\"https:\/\/dev.antudigital.cl\/sites\/vc\/wp-content\/uploads\/2024\/08\/Pancho-Molina-trio-scaled.jpg\",\"articleSection\":[\"Noticia\"],\"inLanguage\":\"es\"},{\"@type\":\"WebPage\",\"@id\":\"https:\/\/dev.antudigital.cl\/sites\/vc\/pancho-molina-trio-se-presentara-en-puente-alto-quilpue-y-valparaiso-mostrando-su-nuevo-ep-de-nuevo\/\",\"url\":\"https:\/\/dev.antudigital.cl\/sites\/vc\/pancho-molina-trio-se-presentara-en-puente-alto-quilpue-y-valparaiso-mostrando-su-nuevo-ep-de-nuevo\/\",\"name\":\"\\\"Pancho Molina Tr\u00edo\\\" se presentar\u00e1 en Puente Alto, Quilpu\u00e9 y Valpara\u00edso, mostrando su nuevo EP \\\"De Nuevo\\\" - Valpara\u00ed\u00adso Creativo\",\"isPartOf\":{\"@id\":\"https:\/\/dev.antudigital.cl\/sites\/vc\/#website\"},\"primaryImageOfPage\":{\"@id\":\"https:\/\/dev.antudigital.cl\/sites\/vc\/pancho-molina-trio-se-presentara-en-puente-alto-quilpue-y-valparaiso-mostrando-su-nuevo-ep-de-nuevo\/#primaryimage\"},\"image\":{\"@id\":\"https:\/\/dev.antudigital.cl\/sites\/vc\/pancho-molina-trio-se-presentara-en-puente-alto-quilpue-y-valparaiso-mostrando-su-nuevo-ep-de-nuevo\/#primaryimage\"},\"thumbnailUrl\":\"https:\/\/dev.antudigital.cl\/sites\/vc\/wp-content\/uploads\/2024\/08\/Pancho-Molina-trio-scaled.jpg\",\"datePublished\":\"2024-08-22T20:08:01+00:00\",\"dateModified\":\"2024-08-22T20:08:18+00:00\",\"author\":{\"@id\":\"https:\/\/dev.antudigital.cl\/sites\/vc\/#\/schema\/person\/c2b9da8dd545e27166fc5ab232837318\"},\"breadcrumb\":{\"@id\":\"https:\/\/dev.antudigital.cl\/sites\/vc\/pancho-molina-trio-se-presentara-en-puente-alto-quilpue-y-valparaiso-mostrando-su-nuevo-ep-de-nuevo\/#breadcrumb\"},\"inLanguage\":\"es\",\"potentialAction\":[{\"@type\":\"ReadAction\",\"target\":[\"https:\/\/dev.antudigital.cl\/sites\/vc\/pancho-molina-trio-se-presentara-en-puente-alto-quilpue-y-valparaiso-mostrando-su-nuevo-ep-de-nuevo\/\"]}]},{\"@type\":\"ImageObject\",\"inLanguage\":\"es\",\"@id\":\"https:\/\/dev.antudigital.cl\/sites\/vc\/pancho-molina-trio-se-presentara-en-puente-alto-quilpue-y-valparaiso-mostrando-su-nuevo-ep-de-nuevo\/#primaryimage\",\"url\":\"https:\/\/dev.antudigital.cl\/sites\/vc\/wp-content\/uploads\/2024\/08\/Pancho-Molina-trio-scaled.jpg\",\"contentUrl\":\"https:\/\/dev.antudigital.cl\/sites\/vc\/wp-content\/uploads\/2024\/08\/Pancho-Molina-trio-scaled.jpg\",\"width\":2560,\"height\":1707},{\"@type\":\"BreadcrumbList\",\"@id\":\"https:\/\/dev.antudigital.cl\/sites\/vc\/pancho-molina-trio-se-presentara-en-puente-alto-quilpue-y-valparaiso-mostrando-su-nuevo-ep-de-nuevo\/#breadcrumb\",\"itemListElement\":[{\"@type\":\"ListItem\",\"position\":1,\"name\":\"Home\",\"item\":\"https:\/\/dev.antudigital.cl\/sites\/vc\/\"},{\"@type\":\"ListItem\",\"position\":2,\"name\":\"\u00abPancho Molina Tr\u00edo\u00bb se presentar\u00e1 en Puente Alto, Quilpu\u00e9 y Valpara\u00edso, mostrando su nuevo EP \u00abDe Nuevo\u00bb\"}]},{\"@type\":\"WebSite\",\"@id\":\"https:\/\/dev.antudigital.cl\/sites\/vc\/#website\",\"url\":\"https:\/\/dev.antudigital.cl\/sites\/vc\/\",\"name\":\"Valpara\u00ed\u00adso Creativo\",\"description\":\"\",\"potentialAction\":[{\"@type\":\"SearchAction\",\"target\":{\"@type\":\"EntryPoint\",\"urlTemplate\":\"https:\/\/dev.antudigital.cl\/sites\/vc\/?s={search_term_string}\"},\"query-input\":{\"@type\":\"PropertyValueSpecification\",\"valueRequired\":true,\"valueName\":\"search_term_string\"}}],\"inLanguage\":\"es\"},{\"@type\":\"Person\",\"@id\":\"https:\/\/dev.antudigital.cl\/sites\/vc\/#\/schema\/person\/c2b9da8dd545e27166fc5ab232837318\",\"name\":\"Valpara\u00edso Creativo\",\"description\":\"Periodista de cultura en la Regi\u00f3n de Valpara\u00edso.\",\"url\":\"https:\/\/dev.antudigital.cl\/sites\/vc\/author\/valpoadmin\/\"}]}<\/script>\n<!-- \/ Yoast SEO plugin. -->","yoast_head_json":{"title":"\"Pancho Molina Tr\u00edo\" se presentar\u00e1 en Puente Alto, Quilpu\u00e9 y Valpara\u00edso, mostrando su nuevo EP \"De Nuevo\" - Valpara\u00ed\u00adso Creativo","robots":{"index":"index","follow":"follow","max-snippet":"max-snippet:-1","max-image-preview":"max-image-preview:large","max-video-preview":"max-video-preview:-1"},"canonical":"https:\/\/dev.antudigital.cl\/sites\/vc\/pancho-molina-trio-se-presentara-en-puente-alto-quilpue-y-valparaiso-mostrando-su-nuevo-ep-de-nuevo\/","og_locale":"es_ES","og_type":"article","og_title":"\"Pancho Molina Tr\u00edo\" se presentar\u00e1 en Puente Alto, Quilpu\u00e9 y Valpara\u00edso, mostrando su nuevo EP \"De Nuevo\" - Valpara\u00ed\u00adso Creativo","og_description":"Puente Alto, Quilpu\u00e9 y Valpara\u00edso recibir\u00e1n todo el groove y el jazz del tr\u00edo penquista, liderado por el reconocido baterista nacional Francisco Molina. El reconocido m\u00fasico chileno, considerado uno de los mejores bateristas del pa\u00eds, realizar\u00e1 una breve gira por Santiago y la V Regi\u00f3n. Las actividades incluyen conciertos, clases magistrales y encuentros con la [&hellip;]","og_url":"https:\/\/dev.antudigital.cl\/sites\/vc\/pancho-molina-trio-se-presentara-en-puente-alto-quilpue-y-valparaiso-mostrando-su-nuevo-ep-de-nuevo\/","og_site_name":"Valpara\u00ed\u00adso Creativo","article_published_time":"2024-08-22T20:08:01+00:00","article_modified_time":"2024-08-22T20:08:18+00:00","og_image":[{"width":2560,"height":1707,"url":"https:\/\/dev.antudigital.cl\/sites\/vc\/wp-content\/uploads\/2024\/08\/Pancho-Molina-trio-scaled.jpg","type":"image\/jpeg"}],"author":"Valpara\u00edso Creativo","twitter_card":"summary_large_image","twitter_misc":{"Escrito por":"Valpara\u00edso Creativo","Tiempo de lectura":"4 minutos"},"schema":{"@context":"https:\/\/schema.org","@graph":[{"@type":"Article","@id":"https:\/\/dev.antudigital.cl\/sites\/vc\/pancho-molina-trio-se-presentara-en-puente-alto-quilpue-y-valparaiso-mostrando-su-nuevo-ep-de-nuevo\/#article","isPartOf":{"@id":"https:\/\/dev.antudigital.cl\/sites\/vc\/pancho-molina-trio-se-presentara-en-puente-alto-quilpue-y-valparaiso-mostrando-su-nuevo-ep-de-nuevo\/"},"author":{"name":"Valpara\u00edso Creativo","@id":"https:\/\/dev.antudigital.cl\/sites\/vc\/#\/schema\/person\/c2b9da8dd545e27166fc5ab232837318"},"headline":"\u00abPancho Molina Tr\u00edo\u00bb se presentar\u00e1 en Puente Alto, Quilpu\u00e9 y Valpara\u00edso, mostrando su nuevo EP \u00abDe Nuevo\u00bb","datePublished":"2024-08-22T20:08:01+00:00","dateModified":"2024-08-22T20:08:18+00:00","mainEntityOfPage":{"@id":"https:\/\/dev.antudigital.cl\/sites\/vc\/pancho-molina-trio-se-presentara-en-puente-alto-quilpue-y-valparaiso-mostrando-su-nuevo-ep-de-nuevo\/"},"wordCount":828,"image":{"@id":"https:\/\/dev.antudigital.cl\/sites\/vc\/pancho-molina-trio-se-presentara-en-puente-alto-quilpue-y-valparaiso-mostrando-su-nuevo-ep-de-nuevo\/#primaryimage"},"thumbnailUrl":"https:\/\/dev.antudigital.cl\/sites\/vc\/wp-content\/uploads\/2024\/08\/Pancho-Molina-trio-scaled.jpg","articleSection":["Noticia"],"inLanguage":"es"},{"@type":"WebPage","@id":"https:\/\/dev.antudigital.cl\/sites\/vc\/pancho-molina-trio-se-presentara-en-puente-alto-quilpue-y-valparaiso-mostrando-su-nuevo-ep-de-nuevo\/","url":"https:\/\/dev.antudigital.cl\/sites\/vc\/pancho-molina-trio-se-presentara-en-puente-alto-quilpue-y-valparaiso-mostrando-su-nuevo-ep-de-nuevo\/","name":"\"Pancho Molina Tr\u00edo\" se presentar\u00e1 en Puente Alto, Quilpu\u00e9 y Valpara\u00edso, mostrando su nuevo EP \"De Nuevo\" - Valpara\u00ed\u00adso Creativo","isPartOf":{"@id":"https:\/\/dev.antudigital.cl\/sites\/vc\/#website"},"primaryImageOfPage":{"@id":"https:\/\/dev.antudigital.cl\/sites\/vc\/pancho-molina-trio-se-presentara-en-puente-alto-quilpue-y-valparaiso-mostrando-su-nuevo-ep-de-nuevo\/#primaryimage"},"image":{"@id":"https:\/\/dev.antudigital.cl\/sites\/vc\/pancho-molina-trio-se-presentara-en-puente-alto-quilpue-y-valparaiso-mostrando-su-nuevo-ep-de-nuevo\/#primaryimage"},"thumbnailUrl":"https:\/\/dev.antudigital.cl\/sites\/vc\/wp-content\/uploads\/2024\/08\/Pancho-Molina-trio-scaled.jpg","datePublished":"2024-08-22T20:08:01+00:00","dateModified":"2024-08-22T20:08:18+00:00","author":{"@id":"https:\/\/dev.antudigital.cl\/sites\/vc\/#\/schema\/person\/c2b9da8dd545e27166fc5ab232837318"},"breadcrumb":{"@id":"https:\/\/dev.antudigital.cl\/sites\/vc\/pancho-molina-trio-se-presentara-en-puente-alto-quilpue-y-valparaiso-mostrando-su-nuevo-ep-de-nuevo\/#breadcrumb"},"inLanguage":"es","potentialAction":[{"@type":"ReadAction","target":["https:\/\/dev.antudigital.cl\/sites\/vc\/pancho-molina-trio-se-presentara-en-puente-alto-quilpue-y-valparaiso-mostrando-su-nuevo-ep-de-nuevo\/"]}]},{"@type":"ImageObject","inLanguage":"es","@id":"https:\/\/dev.antudigital.cl\/sites\/vc\/pancho-molina-trio-se-presentara-en-puente-alto-quilpue-y-valparaiso-mostrando-su-nuevo-ep-de-nuevo\/#primaryimage","url":"https:\/\/dev.antudigital.cl\/sites\/vc\/wp-content\/uploads\/2024\/08\/Pancho-Molina-trio-scaled.jpg","contentUrl":"https:\/\/dev.antudigital.cl\/sites\/vc\/wp-content\/uploads\/2024\/08\/Pancho-Molina-trio-scaled.jpg","width":2560,"height":1707},{"@type":"BreadcrumbList","@id":"https:\/\/dev.antudigital.cl\/sites\/vc\/pancho-molina-trio-se-presentara-en-puente-alto-quilpue-y-valparaiso-mostrando-su-nuevo-ep-de-nuevo\/#breadcrumb","itemListElement":[{"@type":"ListItem","position":1,"name":"Home","item":"https:\/\/dev.antudigital.cl\/sites\/vc\/"},{"@type":"ListItem","position":2,"name":"\u00abPancho Molina Tr\u00edo\u00bb se presentar\u00e1 en Puente Alto, Quilpu\u00e9 y Valpara\u00edso, mostrando su nuevo EP \u00abDe Nuevo\u00bb"}]},{"@type":"WebSite","@id":"https:\/\/dev.antudigital.cl\/sites\/vc\/#website","url":"https:\/\/dev.antudigital.cl\/sites\/vc\/","name":"Valpara\u00ed\u00adso Creativo","description":"","potentialAction":[{"@type":"SearchAction","target":{"@type":"EntryPoint","urlTemplate":"https:\/\/dev.antudigital.cl\/sites\/vc\/?s={search_term_string}"},"query-input":{"@type":"PropertyValueSpecification","valueRequired":true,"valueName":"search_term_string"}}],"inLanguage":"es"},{"@type":"Person","@id":"https:\/\/dev.antudigital.cl\/sites\/vc\/#\/schema\/person\/c2b9da8dd545e27166fc5ab232837318","name":"Valpara\u00edso Creativo","description":"Periodista de cultura en la Regi\u00f3n de Valpara\u00edso.","url":"https:\/\/dev.antudigital.cl\/sites\/vc\/author\/valpoadmin\/"}]}},"_links":{"self":[{"href":"https:\/\/dev.antudigital.cl\/sites\/vc\/wp-json\/wp\/v2\/posts\/20093","targetHints":{"allow":["GET"]}}],"collection":[{"href":"https:\/\/dev.antudigital.cl\/sites\/vc\/wp-json\/wp\/v2\/posts"}],"about":[{"href":"https:\/\/dev.antudigital.cl\/sites\/vc\/wp-json\/wp\/v2\/types\/post"}],"author":[{"embeddable":true,"href":"https:\/\/dev.antudigital.cl\/sites\/vc\/wp-json\/wp\/v2\/users\/1"}],"replies":[{"embeddable":true,"href":"https:\/\/dev.antudigital.cl\/sites\/vc\/wp-json\/wp\/v2\/comments?post=20093"}],"version-history":[{"count":1,"href":"https:\/\/dev.antudigital.cl\/sites\/vc\/wp-json\/wp\/v2\/posts\/20093\/revisions"}],"predecessor-version":[{"id":20096,"href":"https:\/\/dev.antudigital.cl\/sites\/vc\/wp-json\/wp\/v2\/posts\/20093\/revisions\/20096"}],"wp:featuredmedia":[{"embeddable":true,"href":"https:\/\/dev.antudigital.cl\/sites\/vc\/wp-json\/wp\/v2\/media\/20095"}],"wp:attachment":[{"href":"https:\/\/dev.antudigital.cl\/sites\/vc\/wp-json\/wp\/v2\/media?parent=20093"}],"wp:term":[{"taxonomy":"category","embeddable":true,"href":"https:\/\/dev.antudigital.cl\/sites\/vc\/wp-json\/wp\/v2\/categories?post=20093"},{"taxonomy":"post_tag","embeddable":true,"href":"https:\/\/dev.antudigital.cl\/sites\/vc\/wp-json\/wp\/v2\/tags?post=20093"}],"curies":[{"name":"wp","href":"https:\/\/api.w.org\/{rel}","templated":true}]}}