{"id":20101,"date":"2024-08-22T20:44:33","date_gmt":"2024-08-22T20:44:33","guid":{"rendered":"https:\/\/www.valparaisocreativo.cl\/?p=20101"},"modified":"2024-08-22T20:44:52","modified_gmt":"2024-08-22T20:44:52","slug":"invitacion-a-las-actividades-de-cine-y-al-taller-de-proyectos-culturales-en-patio-socrates","status":"publish","type":"post","link":"https:\/\/dev.antudigital.cl\/sites\/vc\/invitacion-a-las-actividades-de-cine-y-al-taller-de-proyectos-culturales-en-patio-socrates\/","title":{"rendered":"Invitaci\u00f3n a las Actividades de Cine y al Taller de Proyectos Culturales en Patio S\u00f3crates"},"content":{"rendered":"\n<p>Nos complace invitarles a participar en las actividades que hemos organizado en \u00abPatio S\u00f3crates\u00bb, un centro cultural ubicado en Cerro Cordillera, Valpara\u00edso. Este proyecto nace de la reconstrucci\u00f3n de una casa que, hace algunos a\u00f1os, sufri\u00f3 un incendio que destruy\u00f3 el 80% de su estructura. Anteriormente, este lugar fue hogar para j\u00f3venes que llegaban al barrio Cordillera, pero ahora estamos trabajando para convertirlo en un espacio cultural vibrante que involucre a toda la comunidad.<\/p>\n\n\n\n<p><strong>Actividades de Cine en Patio S\u00f3crates<\/strong><\/p>\n\n\n\n<p>Estamos emocionados de anunciar nuestro ciclo de cine, que se llevar\u00e1 a cabo en nuestro renovado espacio. Las proyecciones incluir\u00e1n pel\u00edculas seleccionadas para disfrutar en un entorno acogedor y comunitario.&nbsp; Este ciclo tiene como foco las im\u00e1genes de Valpara\u00edso a trav\u00e9s del tiempo, siendo una oportunidad para reunirnos, compartir y reflexionar sobre diversas tem\u00e1ticas a trav\u00e9s del s\u00e9ptimo arte.<\/p>\n\n\n\n<ul class=\"wp-block-list\">\n<li><strong>Fechas y Horarios<\/strong>:\u00a0Sesi\u00f3n 1 (22.08.24): Paseo a playa ancha (Massonnier, 1903) &#8211; \u00a0Valpara\u00edso mi amor (Francia, 1969)Sesi\u00f3n 2 (29.08-24): Revista naval en Valpara\u00edso (1910) &#8211; El \u00faltimo grumete (L\u00f3pez, 1983)<br>Sesi\u00f3n 3 (05.09.24): La escala (Francia, 1964) &#8211; Valpara\u00edso (Andrade, 1994)<br>Sesi\u00f3n 4 (12.09.24): Coronaci\u00f3n\u00a0(Caiozzi,\u00a02000)<\/li>\n\n\n\n<li><strong>Lugar<\/strong>: Patio S\u00f3crates, Cerro Cordillera, Valpara\u00edso (Socrates con Villagran, a pasos del ascensor cordillera)<\/li>\n\n\n\n<li><strong>Entrada<\/strong>: Aporte voluntario<\/li>\n<\/ul>\n\n\n\n<p><strong>Taller de Proyectos Culturales<\/strong><\/p>\n\n\n\n<p>Adem\u00e1s, les extendemos una invitaci\u00f3n especial al taller de proyectos culturales que impartir\u00e1 nuestra tesorera, Jenni. Este taller, basado en el curso que realiz\u00f3 en Balmaceda Arte Joven de Valpara\u00edso, se replicar\u00e1 en nuestro centro cultural. Es una excelente oportunidad para adquirir herramientas valiosas en la gesti\u00f3n y desarrollo de proyectos culturales.<\/p>\n\n\n\n<ul class=\"wp-block-list\">\n<li><strong>Duraci\u00f3n<\/strong>: 3 sesiones<\/li>\n\n\n\n<li><strong>Fechas y Horarios<\/strong>: Todos los s\u00e1bados, desde S\u00e1bado 24, de 11:00 a 14:00 hrs.<\/li>\n\n\n\n<li><strong>Lugar<\/strong>: Patio S\u00f3crates, Cerro Cordillera, Valpara\u00edso. (Socrates con Villagran, a pasos del ascensor cordillera)<\/li>\n\n\n\n<li><strong>Costo<\/strong>:\u00a0 $20.000, con una promoci\u00f3n de dos inscripciones por $30.000.<\/li>\n<\/ul>\n\n\n\n<p>Esperamos contar con su presencia y que puedan unirse a estas actividades, contribuyendo as\u00ed a la revitalizaci\u00f3n de nuestro querido espacio. Sus ideas y participaci\u00f3n son fundamentales para que \u00abPatio S\u00f3crates\u00bb se convierta en un verdadero punto de encuentro cultural en la comunidad.<\/p>\n\n\n\n<p><strong>Para inscripciones y m\u00e1s informaci\u00f3n, por favor cont\u00e1ctenos a trav\u00e9s de: socratespatio@gmail.com<\/strong><\/p>\n\n\n\n<figure class=\"wp-block-image size-full\"><img fetchpriority=\"high\" decoding=\"async\" width=\"4499\" height=\"4501\" src=\"https:\/\/www.valparaisocreativo.cl\/wp-content\/uploads\/2024\/08\/Afiche-Ciclo-de-Cine.png\" alt=\"\" class=\"wp-image-20103\" srcset=\"https:\/\/dev.antudigital.cl\/sites\/vc\/wp-content\/uploads\/2024\/08\/Afiche-Ciclo-de-Cine.png 4499w, https:\/\/dev.antudigital.cl\/sites\/vc\/wp-content\/uploads\/2024\/08\/Afiche-Ciclo-de-Cine-300x300.png 300w, https:\/\/dev.antudigital.cl\/sites\/vc\/wp-content\/uploads\/2024\/08\/Afiche-Ciclo-de-Cine-1024x1024.png 1024w, https:\/\/dev.antudigital.cl\/sites\/vc\/wp-content\/uploads\/2024\/08\/Afiche-Ciclo-de-Cine-150x150.png 150w, https:\/\/dev.antudigital.cl\/sites\/vc\/wp-content\/uploads\/2024\/08\/Afiche-Ciclo-de-Cine-768x768.png 768w, https:\/\/dev.antudigital.cl\/sites\/vc\/wp-content\/uploads\/2024\/08\/Afiche-Ciclo-de-Cine-1536x1536.png 1536w, https:\/\/dev.antudigital.cl\/sites\/vc\/wp-content\/uploads\/2024\/08\/Afiche-Ciclo-de-Cine-2048x2048.png 2048w, https:\/\/dev.antudigital.cl\/sites\/vc\/wp-content\/uploads\/2024\/08\/Afiche-Ciclo-de-Cine-1080x1080.png 1080w, https:\/\/dev.antudigital.cl\/sites\/vc\/wp-content\/uploads\/2024\/08\/Afiche-Ciclo-de-Cine-1280x1281.png 1280w, https:\/\/dev.antudigital.cl\/sites\/vc\/wp-content\/uploads\/2024\/08\/Afiche-Ciclo-de-Cine-980x980.png 980w, https:\/\/dev.antudigital.cl\/sites\/vc\/wp-content\/uploads\/2024\/08\/Afiche-Ciclo-de-Cine-480x480.png 480w, https:\/\/dev.antudigital.cl\/sites\/vc\/wp-content\/uploads\/2024\/08\/Afiche-Ciclo-de-Cine-24x24.png 24w, https:\/\/dev.antudigital.cl\/sites\/vc\/wp-content\/uploads\/2024\/08\/Afiche-Ciclo-de-Cine-36x36.png 36w, https:\/\/dev.antudigital.cl\/sites\/vc\/wp-content\/uploads\/2024\/08\/Afiche-Ciclo-de-Cine-48x48.png 48w\" sizes=\"(max-width: 4499px) 100vw, 4499px\" \/><\/figure>\n","protected":false},"excerpt":{"rendered":"<p>Nos complace invitarles a participar en las actividades que hemos organizado en \u00abPatio S\u00f3crates\u00bb, un centro cultural ubicado en Cerro Cordillera, Valpara\u00edso. Este proyecto nace de la reconstrucci\u00f3n de una casa que, hace algunos a\u00f1os, sufri\u00f3 un incendio que destruy\u00f3 el 80% de su estructura. Anteriormente, este lugar fue hogar para j\u00f3venes que llegaban al [&hellip;]<\/p>\n","protected":false},"author":1,"featured_media":20102,"comment_status":"closed","ping_status":"closed","sticky":false,"template":"","format":"standard","meta":{"_acf_changed":false,"footnotes":""},"categories":[8],"tags":[],"class_list":["post-20101","post","type-post","status-publish","format-standard","has-post-thumbnail","hentry","category-noticia"],"acf":[],"yoast_head":"<!-- This site is optimized with the Yoast SEO plugin v27.1.1 - https:\/\/yoast.com\/product\/yoast-seo-wordpress\/ -->\n<title>Invitaci\u00f3n a las Actividades de Cine y al Taller de Proyectos Culturales en Patio S\u00f3crates - Valpara\u00ed\u00adso Creativo<\/title>\n<meta name=\"robots\" content=\"index, follow, max-snippet:-1, max-image-preview:large, max-video-preview:-1\" \/>\n<link rel=\"canonical\" href=\"https:\/\/dev.antudigital.cl\/sites\/vc\/invitacion-a-las-actividades-de-cine-y-al-taller-de-proyectos-culturales-en-patio-socrates\/\" \/>\n<meta property=\"og:locale\" content=\"es_ES\" \/>\n<meta property=\"og:type\" content=\"article\" \/>\n<meta property=\"og:title\" content=\"Invitaci\u00f3n a las Actividades de Cine y al Taller de Proyectos Culturales en Patio S\u00f3crates - Valpara\u00ed\u00adso Creativo\" \/>\n<meta property=\"og:description\" content=\"Nos complace invitarles a participar en las actividades que hemos organizado en \u00abPatio S\u00f3crates\u00bb, un centro cultural ubicado en Cerro Cordillera, Valpara\u00edso. Este proyecto nace de la reconstrucci\u00f3n de una casa que, hace algunos a\u00f1os, sufri\u00f3 un incendio que destruy\u00f3 el 80% de su estructura. Anteriormente, este lugar fue hogar para j\u00f3venes que llegaban al [&hellip;]\" \/>\n<meta property=\"og:url\" content=\"https:\/\/dev.antudigital.cl\/sites\/vc\/invitacion-a-las-actividades-de-cine-y-al-taller-de-proyectos-culturales-en-patio-socrates\/\" \/>\n<meta property=\"og:site_name\" content=\"Valpara\u00ed\u00adso Creativo\" \/>\n<meta property=\"article:published_time\" content=\"2024-08-22T20:44:33+00:00\" \/>\n<meta property=\"article:modified_time\" content=\"2024-08-22T20:44:52+00:00\" \/>\n<meta property=\"og:image\" content=\"https:\/\/dev.antudigital.cl\/sites\/vc\/wp-content\/uploads\/2024\/08\/Captura-de-Pantalla-2024-08-22-a-las-16.43.30.png\" \/>\n\t<meta property=\"og:image:width\" content=\"666\" \/>\n\t<meta property=\"og:image:height\" content=\"471\" \/>\n\t<meta property=\"og:image:type\" content=\"image\/png\" \/>\n<meta name=\"author\" content=\"Valpara\u00edso Creativo\" \/>\n<meta name=\"twitter:card\" content=\"summary_large_image\" \/>\n<meta name=\"twitter:label1\" content=\"Escrito por\" \/>\n\t<meta name=\"twitter:data1\" content=\"Valpara\u00edso Creativo\" \/>\n\t<meta name=\"twitter:label2\" content=\"Tiempo de lectura\" \/>\n\t<meta name=\"twitter:data2\" content=\"3 minutos\" \/>\n<script type=\"application\/ld+json\" class=\"yoast-schema-graph\">{\"@context\":\"https:\/\/schema.org\",\"@graph\":[{\"@type\":\"Article\",\"@id\":\"https:\/\/dev.antudigital.cl\/sites\/vc\/invitacion-a-las-actividades-de-cine-y-al-taller-de-proyectos-culturales-en-patio-socrates\/#article\",\"isPartOf\":{\"@id\":\"https:\/\/dev.antudigital.cl\/sites\/vc\/invitacion-a-las-actividades-de-cine-y-al-taller-de-proyectos-culturales-en-patio-socrates\/\"},\"author\":{\"name\":\"Valpara\u00edso Creativo\",\"@id\":\"https:\/\/dev.antudigital.cl\/sites\/vc\/#\/schema\/person\/c2b9da8dd545e27166fc5ab232837318\"},\"headline\":\"Invitaci\u00f3n a las Actividades de Cine y al Taller de Proyectos Culturales en Patio S\u00f3crates\",\"datePublished\":\"2024-08-22T20:44:33+00:00\",\"dateModified\":\"2024-08-22T20:44:52+00:00\",\"mainEntityOfPage\":{\"@id\":\"https:\/\/dev.antudigital.cl\/sites\/vc\/invitacion-a-las-actividades-de-cine-y-al-taller-de-proyectos-culturales-en-patio-socrates\/\"},\"wordCount\":398,\"image\":{\"@id\":\"https:\/\/dev.antudigital.cl\/sites\/vc\/invitacion-a-las-actividades-de-cine-y-al-taller-de-proyectos-culturales-en-patio-socrates\/#primaryimage\"},\"thumbnailUrl\":\"https:\/\/dev.antudigital.cl\/sites\/vc\/wp-content\/uploads\/2024\/08\/Captura-de-Pantalla-2024-08-22-a-las-16.43.30.png\",\"articleSection\":[\"Noticia\"],\"inLanguage\":\"es\"},{\"@type\":\"WebPage\",\"@id\":\"https:\/\/dev.antudigital.cl\/sites\/vc\/invitacion-a-las-actividades-de-cine-y-al-taller-de-proyectos-culturales-en-patio-socrates\/\",\"url\":\"https:\/\/dev.antudigital.cl\/sites\/vc\/invitacion-a-las-actividades-de-cine-y-al-taller-de-proyectos-culturales-en-patio-socrates\/\",\"name\":\"Invitaci\u00f3n a las Actividades de Cine y al Taller de Proyectos Culturales en Patio S\u00f3crates - Valpara\u00ed\u00adso Creativo\",\"isPartOf\":{\"@id\":\"https:\/\/dev.antudigital.cl\/sites\/vc\/#website\"},\"primaryImageOfPage\":{\"@id\":\"https:\/\/dev.antudigital.cl\/sites\/vc\/invitacion-a-las-actividades-de-cine-y-al-taller-de-proyectos-culturales-en-patio-socrates\/#primaryimage\"},\"image\":{\"@id\":\"https:\/\/dev.antudigital.cl\/sites\/vc\/invitacion-a-las-actividades-de-cine-y-al-taller-de-proyectos-culturales-en-patio-socrates\/#primaryimage\"},\"thumbnailUrl\":\"https:\/\/dev.antudigital.cl\/sites\/vc\/wp-content\/uploads\/2024\/08\/Captura-de-Pantalla-2024-08-22-a-las-16.43.30.png\",\"datePublished\":\"2024-08-22T20:44:33+00:00\",\"dateModified\":\"2024-08-22T20:44:52+00:00\",\"author\":{\"@id\":\"https:\/\/dev.antudigital.cl\/sites\/vc\/#\/schema\/person\/c2b9da8dd545e27166fc5ab232837318\"},\"breadcrumb\":{\"@id\":\"https:\/\/dev.antudigital.cl\/sites\/vc\/invitacion-a-las-actividades-de-cine-y-al-taller-de-proyectos-culturales-en-patio-socrates\/#breadcrumb\"},\"inLanguage\":\"es\",\"potentialAction\":[{\"@type\":\"ReadAction\",\"target\":[\"https:\/\/dev.antudigital.cl\/sites\/vc\/invitacion-a-las-actividades-de-cine-y-al-taller-de-proyectos-culturales-en-patio-socrates\/\"]}]},{\"@type\":\"ImageObject\",\"inLanguage\":\"es\",\"@id\":\"https:\/\/dev.antudigital.cl\/sites\/vc\/invitacion-a-las-actividades-de-cine-y-al-taller-de-proyectos-culturales-en-patio-socrates\/#primaryimage\",\"url\":\"https:\/\/dev.antudigital.cl\/sites\/vc\/wp-content\/uploads\/2024\/08\/Captura-de-Pantalla-2024-08-22-a-las-16.43.30.png\",\"contentUrl\":\"https:\/\/dev.antudigital.cl\/sites\/vc\/wp-content\/uploads\/2024\/08\/Captura-de-Pantalla-2024-08-22-a-las-16.43.30.png\",\"width\":666,\"height\":471},{\"@type\":\"BreadcrumbList\",\"@id\":\"https:\/\/dev.antudigital.cl\/sites\/vc\/invitacion-a-las-actividades-de-cine-y-al-taller-de-proyectos-culturales-en-patio-socrates\/#breadcrumb\",\"itemListElement\":[{\"@type\":\"ListItem\",\"position\":1,\"name\":\"Home\",\"item\":\"https:\/\/dev.antudigital.cl\/sites\/vc\/\"},{\"@type\":\"ListItem\",\"position\":2,\"name\":\"Invitaci\u00f3n a las Actividades de Cine y al Taller de Proyectos Culturales en Patio S\u00f3crates\"}]},{\"@type\":\"WebSite\",\"@id\":\"https:\/\/dev.antudigital.cl\/sites\/vc\/#website\",\"url\":\"https:\/\/dev.antudigital.cl\/sites\/vc\/\",\"name\":\"Valpara\u00ed\u00adso Creativo\",\"description\":\"\",\"potentialAction\":[{\"@type\":\"SearchAction\",\"target\":{\"@type\":\"EntryPoint\",\"urlTemplate\":\"https:\/\/dev.antudigital.cl\/sites\/vc\/?s={search_term_string}\"},\"query-input\":{\"@type\":\"PropertyValueSpecification\",\"valueRequired\":true,\"valueName\":\"search_term_string\"}}],\"inLanguage\":\"es\"},{\"@type\":\"Person\",\"@id\":\"https:\/\/dev.antudigital.cl\/sites\/vc\/#\/schema\/person\/c2b9da8dd545e27166fc5ab232837318\",\"name\":\"Valpara\u00edso Creativo\",\"description\":\"Periodista de cultura en la Regi\u00f3n de Valpara\u00edso.\",\"url\":\"https:\/\/dev.antudigital.cl\/sites\/vc\/author\/valpoadmin\/\"}]}<\/script>\n<!-- \/ Yoast SEO plugin. -->","yoast_head_json":{"title":"Invitaci\u00f3n a las Actividades de Cine y al Taller de Proyectos Culturales en Patio S\u00f3crates - Valpara\u00ed\u00adso Creativo","robots":{"index":"index","follow":"follow","max-snippet":"max-snippet:-1","max-image-preview":"max-image-preview:large","max-video-preview":"max-video-preview:-1"},"canonical":"https:\/\/dev.antudigital.cl\/sites\/vc\/invitacion-a-las-actividades-de-cine-y-al-taller-de-proyectos-culturales-en-patio-socrates\/","og_locale":"es_ES","og_type":"article","og_title":"Invitaci\u00f3n a las Actividades de Cine y al Taller de Proyectos Culturales en Patio S\u00f3crates - Valpara\u00ed\u00adso Creativo","og_description":"Nos complace invitarles a participar en las actividades que hemos organizado en \u00abPatio S\u00f3crates\u00bb, un centro cultural ubicado en Cerro Cordillera, Valpara\u00edso. Este proyecto nace de la reconstrucci\u00f3n de una casa que, hace algunos a\u00f1os, sufri\u00f3 un incendio que destruy\u00f3 el 80% de su estructura. Anteriormente, este lugar fue hogar para j\u00f3venes que llegaban al [&hellip;]","og_url":"https:\/\/dev.antudigital.cl\/sites\/vc\/invitacion-a-las-actividades-de-cine-y-al-taller-de-proyectos-culturales-en-patio-socrates\/","og_site_name":"Valpara\u00ed\u00adso Creativo","article_published_time":"2024-08-22T20:44:33+00:00","article_modified_time":"2024-08-22T20:44:52+00:00","og_image":[{"width":666,"height":471,"url":"https:\/\/dev.antudigital.cl\/sites\/vc\/wp-content\/uploads\/2024\/08\/Captura-de-Pantalla-2024-08-22-a-las-16.43.30.png","type":"image\/png"}],"author":"Valpara\u00edso Creativo","twitter_card":"summary_large_image","twitter_misc":{"Escrito por":"Valpara\u00edso Creativo","Tiempo de lectura":"3 minutos"},"schema":{"@context":"https:\/\/schema.org","@graph":[{"@type":"Article","@id":"https:\/\/dev.antudigital.cl\/sites\/vc\/invitacion-a-las-actividades-de-cine-y-al-taller-de-proyectos-culturales-en-patio-socrates\/#article","isPartOf":{"@id":"https:\/\/dev.antudigital.cl\/sites\/vc\/invitacion-a-las-actividades-de-cine-y-al-taller-de-proyectos-culturales-en-patio-socrates\/"},"author":{"name":"Valpara\u00edso Creativo","@id":"https:\/\/dev.antudigital.cl\/sites\/vc\/#\/schema\/person\/c2b9da8dd545e27166fc5ab232837318"},"headline":"Invitaci\u00f3n a las Actividades de Cine y al Taller de Proyectos Culturales en Patio S\u00f3crates","datePublished":"2024-08-22T20:44:33+00:00","dateModified":"2024-08-22T20:44:52+00:00","mainEntityOfPage":{"@id":"https:\/\/dev.antudigital.cl\/sites\/vc\/invitacion-a-las-actividades-de-cine-y-al-taller-de-proyectos-culturales-en-patio-socrates\/"},"wordCount":398,"image":{"@id":"https:\/\/dev.antudigital.cl\/sites\/vc\/invitacion-a-las-actividades-de-cine-y-al-taller-de-proyectos-culturales-en-patio-socrates\/#primaryimage"},"thumbnailUrl":"https:\/\/dev.antudigital.cl\/sites\/vc\/wp-content\/uploads\/2024\/08\/Captura-de-Pantalla-2024-08-22-a-las-16.43.30.png","articleSection":["Noticia"],"inLanguage":"es"},{"@type":"WebPage","@id":"https:\/\/dev.antudigital.cl\/sites\/vc\/invitacion-a-las-actividades-de-cine-y-al-taller-de-proyectos-culturales-en-patio-socrates\/","url":"https:\/\/dev.antudigital.cl\/sites\/vc\/invitacion-a-las-actividades-de-cine-y-al-taller-de-proyectos-culturales-en-patio-socrates\/","name":"Invitaci\u00f3n a las Actividades de Cine y al Taller de Proyectos Culturales en Patio S\u00f3crates - Valpara\u00ed\u00adso Creativo","isPartOf":{"@id":"https:\/\/dev.antudigital.cl\/sites\/vc\/#website"},"primaryImageOfPage":{"@id":"https:\/\/dev.antudigital.cl\/sites\/vc\/invitacion-a-las-actividades-de-cine-y-al-taller-de-proyectos-culturales-en-patio-socrates\/#primaryimage"},"image":{"@id":"https:\/\/dev.antudigital.cl\/sites\/vc\/invitacion-a-las-actividades-de-cine-y-al-taller-de-proyectos-culturales-en-patio-socrates\/#primaryimage"},"thumbnailUrl":"https:\/\/dev.antudigital.cl\/sites\/vc\/wp-content\/uploads\/2024\/08\/Captura-de-Pantalla-2024-08-22-a-las-16.43.30.png","datePublished":"2024-08-22T20:44:33+00:00","dateModified":"2024-08-22T20:44:52+00:00","author":{"@id":"https:\/\/dev.antudigital.cl\/sites\/vc\/#\/schema\/person\/c2b9da8dd545e27166fc5ab232837318"},"breadcrumb":{"@id":"https:\/\/dev.antudigital.cl\/sites\/vc\/invitacion-a-las-actividades-de-cine-y-al-taller-de-proyectos-culturales-en-patio-socrates\/#breadcrumb"},"inLanguage":"es","potentialAction":[{"@type":"ReadAction","target":["https:\/\/dev.antudigital.cl\/sites\/vc\/invitacion-a-las-actividades-de-cine-y-al-taller-de-proyectos-culturales-en-patio-socrates\/"]}]},{"@type":"ImageObject","inLanguage":"es","@id":"https:\/\/dev.antudigital.cl\/sites\/vc\/invitacion-a-las-actividades-de-cine-y-al-taller-de-proyectos-culturales-en-patio-socrates\/#primaryimage","url":"https:\/\/dev.antudigital.cl\/sites\/vc\/wp-content\/uploads\/2024\/08\/Captura-de-Pantalla-2024-08-22-a-las-16.43.30.png","contentUrl":"https:\/\/dev.antudigital.cl\/sites\/vc\/wp-content\/uploads\/2024\/08\/Captura-de-Pantalla-2024-08-22-a-las-16.43.30.png","width":666,"height":471},{"@type":"BreadcrumbList","@id":"https:\/\/dev.antudigital.cl\/sites\/vc\/invitacion-a-las-actividades-de-cine-y-al-taller-de-proyectos-culturales-en-patio-socrates\/#breadcrumb","itemListElement":[{"@type":"ListItem","position":1,"name":"Home","item":"https:\/\/dev.antudigital.cl\/sites\/vc\/"},{"@type":"ListItem","position":2,"name":"Invitaci\u00f3n a las Actividades de Cine y al Taller de Proyectos Culturales en Patio S\u00f3crates"}]},{"@type":"WebSite","@id":"https:\/\/dev.antudigital.cl\/sites\/vc\/#website","url":"https:\/\/dev.antudigital.cl\/sites\/vc\/","name":"Valpara\u00ed\u00adso Creativo","description":"","potentialAction":[{"@type":"SearchAction","target":{"@type":"EntryPoint","urlTemplate":"https:\/\/dev.antudigital.cl\/sites\/vc\/?s={search_term_string}"},"query-input":{"@type":"PropertyValueSpecification","valueRequired":true,"valueName":"search_term_string"}}],"inLanguage":"es"},{"@type":"Person","@id":"https:\/\/dev.antudigital.cl\/sites\/vc\/#\/schema\/person\/c2b9da8dd545e27166fc5ab232837318","name":"Valpara\u00edso Creativo","description":"Periodista de cultura en la Regi\u00f3n de Valpara\u00edso.","url":"https:\/\/dev.antudigital.cl\/sites\/vc\/author\/valpoadmin\/"}]}},"_links":{"self":[{"href":"https:\/\/dev.antudigital.cl\/sites\/vc\/wp-json\/wp\/v2\/posts\/20101","targetHints":{"allow":["GET"]}}],"collection":[{"href":"https:\/\/dev.antudigital.cl\/sites\/vc\/wp-json\/wp\/v2\/posts"}],"about":[{"href":"https:\/\/dev.antudigital.cl\/sites\/vc\/wp-json\/wp\/v2\/types\/post"}],"author":[{"embeddable":true,"href":"https:\/\/dev.antudigital.cl\/sites\/vc\/wp-json\/wp\/v2\/users\/1"}],"replies":[{"embeddable":true,"href":"https:\/\/dev.antudigital.cl\/sites\/vc\/wp-json\/wp\/v2\/comments?post=20101"}],"version-history":[{"count":1,"href":"https:\/\/dev.antudigital.cl\/sites\/vc\/wp-json\/wp\/v2\/posts\/20101\/revisions"}],"predecessor-version":[{"id":20104,"href":"https:\/\/dev.antudigital.cl\/sites\/vc\/wp-json\/wp\/v2\/posts\/20101\/revisions\/20104"}],"wp:featuredmedia":[{"embeddable":true,"href":"https:\/\/dev.antudigital.cl\/sites\/vc\/wp-json\/wp\/v2\/media\/20102"}],"wp:attachment":[{"href":"https:\/\/dev.antudigital.cl\/sites\/vc\/wp-json\/wp\/v2\/media?parent=20101"}],"wp:term":[{"taxonomy":"category","embeddable":true,"href":"https:\/\/dev.antudigital.cl\/sites\/vc\/wp-json\/wp\/v2\/categories?post=20101"},{"taxonomy":"post_tag","embeddable":true,"href":"https:\/\/dev.antudigital.cl\/sites\/vc\/wp-json\/wp\/v2\/tags?post=20101"}],"curies":[{"name":"wp","href":"https:\/\/api.w.org\/{rel}","templated":true}]}}