{"id":20105,"date":"2024-08-22T21:22:54","date_gmt":"2024-08-22T21:22:54","guid":{"rendered":"https:\/\/www.valparaisocreativo.cl\/?p=20105"},"modified":"2024-08-22T21:23:15","modified_gmt":"2024-08-22T21:23:15","slug":"en-agosto-el-cine-chileno-sigue-siendo-parte-de-la-cartelera-cultural-en-villa-alemana-y-quilpue","status":"publish","type":"post","link":"https:\/\/dev.antudigital.cl\/sites\/vc\/en-agosto-el-cine-chileno-sigue-siendo-parte-de-la-cartelera-cultural-en-villa-alemana-y-quilpue\/","title":{"rendered":"En agosto el cine chileno sigue siendo parte de la cartelera cultural en Villa Alemana y Quilpu\u00e9"},"content":{"rendered":"\n<p><em>\u201cMuertes y Maravillas\u201d, \u201cLas hijas\u201d, \u201cMachuca\u201d, \u201cLa fiebre del loco\u201d son algunas de las pel\u00edculas que dan vida a la programaci\u00f3n.<\/em><strong><\/strong><\/p>\n\n\n\n<p>Con el fin de seguir difundiendo el cine chileno, el&nbsp;<strong>Centro Cultural Quilpu\u00e9 Audiovisual<\/strong>&nbsp;contin\u00faa en agosto con funcionestodos los<strong>&nbsp;martes&nbsp;<\/strong>a las<strong>&nbsp;18:30 horas en el Teatro Pompeya de Villa Alemana<\/strong>&nbsp;y los&nbsp;<strong>mi\u00e9rcoles&nbsp;<\/strong>a las&nbsp;<strong>19:00 horas<\/strong>&nbsp;en el&nbsp;<strong>Centro Cultural Daniel de la Vega de Quilpu\u00e9.<\/strong><\/p>\n\n\n\n<p><strong>Esta iniciativa cuenta con el financiamiento del Ministerio de las Culturas, las Artes y el Patrimonio<\/strong>&nbsp;a trav\u00e9s de su Programa de Apoyo a Organizaciones Culturales Colaboradoras, cuenta con el auspicio de la&nbsp;<strong>Municipalidad de Quilpu\u00e9<\/strong>&nbsp;y&nbsp;la colaboraci\u00f3n de la&nbsp;<strong>Municipalidad de Villa Alemana y EFE Trenes Valpara\u00edso.<\/strong><\/p>\n\n\n\n<p>Las funciones son con entrada liberada y posterior a cada exhibici\u00f3n, hay conversatorios con directores\/as y diferentes personas del mundo cinematogr\u00e1fico nacional.<strong><\/strong><\/p>\n\n\n\n<figure class=\"wp-block-image size-full\"><img fetchpriority=\"high\" decoding=\"async\" width=\"1000\" height=\"541\" src=\"https:\/\/www.valparaisocreativo.cl\/wp-content\/uploads\/2024\/08\/Las-Hijas.jpg\" alt=\"\" class=\"wp-image-20110\" srcset=\"https:\/\/dev.antudigital.cl\/sites\/vc\/wp-content\/uploads\/2024\/08\/Las-Hijas.jpg 1000w, https:\/\/dev.antudigital.cl\/sites\/vc\/wp-content\/uploads\/2024\/08\/Las-Hijas-300x162.jpg 300w, https:\/\/dev.antudigital.cl\/sites\/vc\/wp-content\/uploads\/2024\/08\/Las-Hijas-768x415.jpg 768w, https:\/\/dev.antudigital.cl\/sites\/vc\/wp-content\/uploads\/2024\/08\/Las-Hijas-980x530.jpg 980w, https:\/\/dev.antudigital.cl\/sites\/vc\/wp-content\/uploads\/2024\/08\/Las-Hijas-480x260.jpg 480w, https:\/\/dev.antudigital.cl\/sites\/vc\/wp-content\/uploads\/2024\/08\/Las-Hijas-24x13.jpg 24w, https:\/\/dev.antudigital.cl\/sites\/vc\/wp-content\/uploads\/2024\/08\/Las-Hijas-36x19.jpg 36w, https:\/\/dev.antudigital.cl\/sites\/vc\/wp-content\/uploads\/2024\/08\/Las-Hijas-48x26.jpg 48w\" sizes=\"(max-width: 1000px) 100vw, 1000px\" \/><\/figure>\n\n\n\n<p><strong>Programaci\u00f3n Villa Alemana<\/strong><\/p>\n\n\n\n<p>Hoy&nbsp;<strong>martes 13 de agosto<\/strong>&nbsp;se exhibir\u00e1&nbsp;<strong>\u201cMis hermanos sue\u00f1an despiertos\u201d<\/strong>&nbsp;de la directora Claudia Huaiquimilla. Con esta cinta se invita a generar un espacio de sensibilizaci\u00f3n, reflexi\u00f3n y di\u00e1logo respecto del ejercicio de derechos de adolescentes vinculados a circuitos de riesgo.<\/p>\n\n\n\n<p>Luego el&nbsp;<strong>martes 20<\/strong>&nbsp;es el turno de&nbsp;<strong>\u201cArdiente paciencia\u201d<\/strong>, dirigida por Rodrigo Sep\u00falveda, narra la historia de Mario, un joven pescador que sue\u00f1a con convertirse en poeta. Consigue un trabajo como cartero de Pablo Neruda cuando el legendario escritor se muda all\u00ed tras su exilio de Chile.<\/p>\n\n\n\n<p>Y el&nbsp;<strong>martes 27<\/strong>&nbsp;cierra el ciclo&nbsp;<strong>\u201cMachuca\u201d<\/strong>, pel\u00edcula dirigida por Andr\u00e9s Wood, que cumple 20 a\u00f1os de aniversario y que cuenta c\u00f3mo dos ni\u00f1os chilenos de 12 a\u00f1os de diferentes clases sociales se hacen amigos en 1973. Ambos descubren el mundo del otro mientras aumentan las tensiones pol\u00edticas en su pa\u00eds.<\/p>\n\n\n\n<p><strong>Programaci\u00f3n Quilpu\u00e9<\/strong><\/p>\n\n\n\n<p>El&nbsp;<strong>mi\u00e9rcoles 14<\/strong>&nbsp;se proyectar\u00e1&nbsp;<strong>\u201cMuertes y Maravillas<\/strong>\u201d, pel\u00edcula dirigida por Diego Soto, quien gr\u00e1fica c\u00f3mo un grupo de adolescentes lidia con la muerte de un amigo el primer verano despu\u00e9s de salir del colegio. En medio de la tristeza y de extra\u00f1os acontecimientos, uno de ellos, Juan Pablo, comienza a escribir poemas.<\/p>\n\n\n\n<p>Ya el&nbsp;<strong>mi\u00e9rcoles 21<\/strong>&nbsp;se mostrar\u00e1<strong>&nbsp;\u201cLas hijas\u201d<\/strong>&nbsp;de la directora Kattia G. Z\u00fa\u00f1iga y que aborda la adolescencia desde una perspectiva \u00edntima<\/p>\n\n\n\n<p>Y el&nbsp;<strong>mi\u00e9rcoles 28<\/strong>&nbsp;finaliza la programaci\u00f3n con&nbsp;<strong>\u201cQuiz\u00e1s es cierto lo que dicen de nosotras\u201d<\/strong>, dirigida por Sof\u00eda Paloma G\u00f3mez y Camilo Becerra. La pel\u00edcula est\u00e1 inspirada en la secta de Colliguay de \u2018Antares de la Luz\u2019 y es protagonizada por Aline Kuppenheim, Camila Roeschmann y Julia L\u00fcbbert.<\/p>\n\n\n\n<p><strong>Funciones Personas Mayores<\/strong><\/p>\n\n\n\n<p>Y para las funciones dirigidas a&nbsp;<strong>personas mayores<\/strong>&nbsp;con horario de las&nbsp;<strong>16:00 horas<\/strong>, el&nbsp;<strong>martes 27&nbsp;<\/strong>en Villa Alemana se proyectar\u00e1&nbsp;<strong>\u201cLa Nana\u201d<\/strong>, pel\u00edcula cumple 15 a\u00f1os desde su estreno y ya es un cl\u00e1sico de nuestro cine, protagonizada por Catalina Saavedra, Anita Reeves y Mariana Loyola.<\/p>\n\n\n\n<p>Y el&nbsp;<strong>mi\u00e9rcoles 28<\/strong>&nbsp;en Quilpu\u00e9, se mostrar\u00e1&nbsp;<strong>\u201cLa fiebre del loco\u201d&nbsp;<\/strong>del director Andr\u00e9s Wood. La cinta se sit\u00faa en Puerto Gala, Regi\u00f3n de Ays\u00e9n, a fines del siglo XX, donde con motivo de la efervescencia que provoca el levantamiento de la veda del molusco, puede verse una forma de vida t\u00edpicamente sure\u00f1a que se ve trastocada por la fiebre de la avaricia.<\/p>\n\n\n\n<p>El Centro Cultural Quilpu\u00e9 Audiovisual forma parte del Programa de Apoyo a Organizaciones Culturales Colaboradoras del Ministerio de las Culturas, las Artes y el Patrimonio, que busca fortalecer y dar continuidad a instituciones y organizaciones culturales de derecho privado y sin fines de lucro. Este programa adem\u00e1s es parte del Sistema de Financiamiento a Organizaciones e Infraestructura Cultural del Ministerio de las Culturas, las Artes y el Patrimonio que integra, articula y coordina de forma transversal los planes, programas y fondos orientados al fomento y apoyo de las organizaciones, de la infraestructura cultural, y de la mediaci\u00f3n art\u00edstica. Todo esto con una vocaci\u00f3n descentralizada, mecanismos participativos, y la promoci\u00f3n de la creaci\u00f3n de redes y asociaciones.<\/p>\n\n\n\n<p>Para m\u00e1s detalles sobre la cartelera mensual revisar&nbsp;<a href=\"http:\/\/www.quilpueaudiovisual.cl\/\" target=\"_blank\" rel=\"noreferrer noopener\">www.quilpueaudiovisual.cl<\/a><\/p>\n\n\n\n<p><strong>Redes sociales: @ccquilpueaudiovisual<\/strong><\/p>\n\n\n\n<figure class=\"wp-block-image size-large\"><img decoding=\"async\" width=\"1024\" height=\"683\" src=\"https:\/\/www.valparaisocreativo.cl\/wp-content\/uploads\/2024\/08\/Foto-VA-CCQA-agosto-1024x683.jpg\" alt=\"\" class=\"wp-image-20109\" srcset=\"https:\/\/dev.antudigital.cl\/sites\/vc\/wp-content\/uploads\/2024\/08\/Foto-VA-CCQA-agosto-1024x683.jpg 1024w, https:\/\/dev.antudigital.cl\/sites\/vc\/wp-content\/uploads\/2024\/08\/Foto-VA-CCQA-agosto-300x200.jpg 300w, https:\/\/dev.antudigital.cl\/sites\/vc\/wp-content\/uploads\/2024\/08\/Foto-VA-CCQA-agosto-768x512.jpg 768w, https:\/\/dev.antudigital.cl\/sites\/vc\/wp-content\/uploads\/2024\/08\/Foto-VA-CCQA-agosto-1536x1024.jpg 1536w, https:\/\/dev.antudigital.cl\/sites\/vc\/wp-content\/uploads\/2024\/08\/Foto-VA-CCQA-agosto-1080x720.jpg 1080w, https:\/\/dev.antudigital.cl\/sites\/vc\/wp-content\/uploads\/2024\/08\/Foto-VA-CCQA-agosto-1280x853.jpg 1280w, https:\/\/dev.antudigital.cl\/sites\/vc\/wp-content\/uploads\/2024\/08\/Foto-VA-CCQA-agosto-980x653.jpg 980w, https:\/\/dev.antudigital.cl\/sites\/vc\/wp-content\/uploads\/2024\/08\/Foto-VA-CCQA-agosto-480x320.jpg 480w, https:\/\/dev.antudigital.cl\/sites\/vc\/wp-content\/uploads\/2024\/08\/Foto-VA-CCQA-agosto-24x16.jpg 24w, https:\/\/dev.antudigital.cl\/sites\/vc\/wp-content\/uploads\/2024\/08\/Foto-VA-CCQA-agosto-36x24.jpg 36w, https:\/\/dev.antudigital.cl\/sites\/vc\/wp-content\/uploads\/2024\/08\/Foto-VA-CCQA-agosto-48x32.jpg 48w, https:\/\/dev.antudigital.cl\/sites\/vc\/wp-content\/uploads\/2024\/08\/Foto-VA-CCQA-agosto.jpg 2048w\" sizes=\"(max-width: 1024px) 100vw, 1024px\" \/><\/figure>\n","protected":false},"excerpt":{"rendered":"<p>\u201cMuertes y Maravillas\u201d, \u201cLas hijas\u201d, \u201cMachuca\u201d, \u201cLa fiebre del loco\u201d son algunas de las pel\u00edculas que dan vida a la programaci\u00f3n. Con el fin de seguir difundiendo el cine chileno, el&nbsp;Centro Cultural Quilpu\u00e9 Audiovisual&nbsp;contin\u00faa en agosto con funcionestodos los&nbsp;martes&nbsp;a las&nbsp;18:30 horas en el Teatro Pompeya de Villa Alemana&nbsp;y los&nbsp;mi\u00e9rcoles&nbsp;a las&nbsp;19:00 horas&nbsp;en el&nbsp;Centro Cultural Daniel de [&hellip;]<\/p>\n","protected":false},"author":1,"featured_media":20108,"comment_status":"closed","ping_status":"closed","sticky":false,"template":"","format":"standard","meta":{"_acf_changed":false,"footnotes":""},"categories":[8],"tags":[],"class_list":["post-20105","post","type-post","status-publish","format-standard","has-post-thumbnail","hentry","category-noticia"],"acf":[],"yoast_head":"<!-- This site is optimized with the Yoast SEO plugin v27.1.1 - https:\/\/yoast.com\/product\/yoast-seo-wordpress\/ -->\n<title>En agosto el cine chileno sigue siendo parte de la cartelera cultural en Villa Alemana y Quilpu\u00e9 - Valpara\u00ed\u00adso Creativo<\/title>\n<meta name=\"robots\" content=\"index, follow, max-snippet:-1, max-image-preview:large, max-video-preview:-1\" \/>\n<link rel=\"canonical\" href=\"https:\/\/dev.antudigital.cl\/sites\/vc\/en-agosto-el-cine-chileno-sigue-siendo-parte-de-la-cartelera-cultural-en-villa-alemana-y-quilpue\/\" \/>\n<meta property=\"og:locale\" content=\"es_ES\" \/>\n<meta property=\"og:type\" content=\"article\" \/>\n<meta property=\"og:title\" content=\"En agosto el cine chileno sigue siendo parte de la cartelera cultural en Villa Alemana y Quilpu\u00e9 - Valpara\u00ed\u00adso Creativo\" \/>\n<meta property=\"og:description\" content=\"\u201cMuertes y Maravillas\u201d, \u201cLas hijas\u201d, \u201cMachuca\u201d, \u201cLa fiebre del loco\u201d son algunas de las pel\u00edculas que dan vida a la programaci\u00f3n. Con el fin de seguir difundiendo el cine chileno, el&nbsp;Centro Cultural Quilpu\u00e9 Audiovisual&nbsp;contin\u00faa en agosto con funcionestodos los&nbsp;martes&nbsp;a las&nbsp;18:30 horas en el Teatro Pompeya de Villa Alemana&nbsp;y los&nbsp;mi\u00e9rcoles&nbsp;a las&nbsp;19:00 horas&nbsp;en el&nbsp;Centro Cultural Daniel de [&hellip;]\" \/>\n<meta property=\"og:url\" content=\"https:\/\/dev.antudigital.cl\/sites\/vc\/en-agosto-el-cine-chileno-sigue-siendo-parte-de-la-cartelera-cultural-en-villa-alemana-y-quilpue\/\" \/>\n<meta property=\"og:site_name\" content=\"Valpara\u00ed\u00adso Creativo\" \/>\n<meta property=\"article:published_time\" content=\"2024-08-22T21:22:54+00:00\" \/>\n<meta property=\"article:modified_time\" content=\"2024-08-22T21:23:15+00:00\" \/>\n<meta property=\"og:image\" content=\"https:\/\/dev.antudigital.cl\/sites\/vc\/wp-content\/uploads\/2024\/08\/La-fiebre-del-loco-1.jpg\" \/>\n\t<meta property=\"og:image:width\" content=\"600\" \/>\n\t<meta property=\"og:image:height\" content=\"408\" \/>\n\t<meta property=\"og:image:type\" content=\"image\/jpeg\" \/>\n<meta name=\"author\" content=\"Valpara\u00edso Creativo\" \/>\n<meta name=\"twitter:card\" content=\"summary_large_image\" \/>\n<meta name=\"twitter:label1\" content=\"Escrito por\" \/>\n\t<meta name=\"twitter:data1\" content=\"Valpara\u00edso Creativo\" \/>\n\t<meta name=\"twitter:label2\" content=\"Tiempo de lectura\" \/>\n\t<meta name=\"twitter:data2\" content=\"4 minutos\" \/>\n<script type=\"application\/ld+json\" class=\"yoast-schema-graph\">{\"@context\":\"https:\/\/schema.org\",\"@graph\":[{\"@type\":\"Article\",\"@id\":\"https:\/\/dev.antudigital.cl\/sites\/vc\/en-agosto-el-cine-chileno-sigue-siendo-parte-de-la-cartelera-cultural-en-villa-alemana-y-quilpue\/#article\",\"isPartOf\":{\"@id\":\"https:\/\/dev.antudigital.cl\/sites\/vc\/en-agosto-el-cine-chileno-sigue-siendo-parte-de-la-cartelera-cultural-en-villa-alemana-y-quilpue\/\"},\"author\":{\"name\":\"Valpara\u00edso Creativo\",\"@id\":\"https:\/\/dev.antudigital.cl\/sites\/vc\/#\/schema\/person\/c2b9da8dd545e27166fc5ab232837318\"},\"headline\":\"En agosto el cine chileno sigue siendo parte de la cartelera cultural en Villa Alemana y Quilpu\u00e9\",\"datePublished\":\"2024-08-22T21:22:54+00:00\",\"dateModified\":\"2024-08-22T21:23:15+00:00\",\"mainEntityOfPage\":{\"@id\":\"https:\/\/dev.antudigital.cl\/sites\/vc\/en-agosto-el-cine-chileno-sigue-siendo-parte-de-la-cartelera-cultural-en-villa-alemana-y-quilpue\/\"},\"wordCount\":765,\"image\":{\"@id\":\"https:\/\/dev.antudigital.cl\/sites\/vc\/en-agosto-el-cine-chileno-sigue-siendo-parte-de-la-cartelera-cultural-en-villa-alemana-y-quilpue\/#primaryimage\"},\"thumbnailUrl\":\"https:\/\/dev.antudigital.cl\/sites\/vc\/wp-content\/uploads\/2024\/08\/La-fiebre-del-loco-1.jpg\",\"articleSection\":[\"Noticia\"],\"inLanguage\":\"es\"},{\"@type\":\"WebPage\",\"@id\":\"https:\/\/dev.antudigital.cl\/sites\/vc\/en-agosto-el-cine-chileno-sigue-siendo-parte-de-la-cartelera-cultural-en-villa-alemana-y-quilpue\/\",\"url\":\"https:\/\/dev.antudigital.cl\/sites\/vc\/en-agosto-el-cine-chileno-sigue-siendo-parte-de-la-cartelera-cultural-en-villa-alemana-y-quilpue\/\",\"name\":\"En agosto el cine chileno sigue siendo parte de la cartelera cultural en Villa Alemana y Quilpu\u00e9 - Valpara\u00ed\u00adso Creativo\",\"isPartOf\":{\"@id\":\"https:\/\/dev.antudigital.cl\/sites\/vc\/#website\"},\"primaryImageOfPage\":{\"@id\":\"https:\/\/dev.antudigital.cl\/sites\/vc\/en-agosto-el-cine-chileno-sigue-siendo-parte-de-la-cartelera-cultural-en-villa-alemana-y-quilpue\/#primaryimage\"},\"image\":{\"@id\":\"https:\/\/dev.antudigital.cl\/sites\/vc\/en-agosto-el-cine-chileno-sigue-siendo-parte-de-la-cartelera-cultural-en-villa-alemana-y-quilpue\/#primaryimage\"},\"thumbnailUrl\":\"https:\/\/dev.antudigital.cl\/sites\/vc\/wp-content\/uploads\/2024\/08\/La-fiebre-del-loco-1.jpg\",\"datePublished\":\"2024-08-22T21:22:54+00:00\",\"dateModified\":\"2024-08-22T21:23:15+00:00\",\"author\":{\"@id\":\"https:\/\/dev.antudigital.cl\/sites\/vc\/#\/schema\/person\/c2b9da8dd545e27166fc5ab232837318\"},\"breadcrumb\":{\"@id\":\"https:\/\/dev.antudigital.cl\/sites\/vc\/en-agosto-el-cine-chileno-sigue-siendo-parte-de-la-cartelera-cultural-en-villa-alemana-y-quilpue\/#breadcrumb\"},\"inLanguage\":\"es\",\"potentialAction\":[{\"@type\":\"ReadAction\",\"target\":[\"https:\/\/dev.antudigital.cl\/sites\/vc\/en-agosto-el-cine-chileno-sigue-siendo-parte-de-la-cartelera-cultural-en-villa-alemana-y-quilpue\/\"]}]},{\"@type\":\"ImageObject\",\"inLanguage\":\"es\",\"@id\":\"https:\/\/dev.antudigital.cl\/sites\/vc\/en-agosto-el-cine-chileno-sigue-siendo-parte-de-la-cartelera-cultural-en-villa-alemana-y-quilpue\/#primaryimage\",\"url\":\"https:\/\/dev.antudigital.cl\/sites\/vc\/wp-content\/uploads\/2024\/08\/La-fiebre-del-loco-1.jpg\",\"contentUrl\":\"https:\/\/dev.antudigital.cl\/sites\/vc\/wp-content\/uploads\/2024\/08\/La-fiebre-del-loco-1.jpg\",\"width\":600,\"height\":408},{\"@type\":\"BreadcrumbList\",\"@id\":\"https:\/\/dev.antudigital.cl\/sites\/vc\/en-agosto-el-cine-chileno-sigue-siendo-parte-de-la-cartelera-cultural-en-villa-alemana-y-quilpue\/#breadcrumb\",\"itemListElement\":[{\"@type\":\"ListItem\",\"position\":1,\"name\":\"Home\",\"item\":\"https:\/\/dev.antudigital.cl\/sites\/vc\/\"},{\"@type\":\"ListItem\",\"position\":2,\"name\":\"En agosto el cine chileno sigue siendo parte de la cartelera cultural en Villa Alemana y Quilpu\u00e9\"}]},{\"@type\":\"WebSite\",\"@id\":\"https:\/\/dev.antudigital.cl\/sites\/vc\/#website\",\"url\":\"https:\/\/dev.antudigital.cl\/sites\/vc\/\",\"name\":\"Valpara\u00ed\u00adso Creativo\",\"description\":\"\",\"potentialAction\":[{\"@type\":\"SearchAction\",\"target\":{\"@type\":\"EntryPoint\",\"urlTemplate\":\"https:\/\/dev.antudigital.cl\/sites\/vc\/?s={search_term_string}\"},\"query-input\":{\"@type\":\"PropertyValueSpecification\",\"valueRequired\":true,\"valueName\":\"search_term_string\"}}],\"inLanguage\":\"es\"},{\"@type\":\"Person\",\"@id\":\"https:\/\/dev.antudigital.cl\/sites\/vc\/#\/schema\/person\/c2b9da8dd545e27166fc5ab232837318\",\"name\":\"Valpara\u00edso Creativo\",\"description\":\"Periodista de cultura en la Regi\u00f3n de Valpara\u00edso.\",\"url\":\"https:\/\/dev.antudigital.cl\/sites\/vc\/author\/valpoadmin\/\"}]}<\/script>\n<!-- \/ Yoast SEO plugin. -->","yoast_head_json":{"title":"En agosto el cine chileno sigue siendo parte de la cartelera cultural en Villa Alemana y Quilpu\u00e9 - Valpara\u00ed\u00adso Creativo","robots":{"index":"index","follow":"follow","max-snippet":"max-snippet:-1","max-image-preview":"max-image-preview:large","max-video-preview":"max-video-preview:-1"},"canonical":"https:\/\/dev.antudigital.cl\/sites\/vc\/en-agosto-el-cine-chileno-sigue-siendo-parte-de-la-cartelera-cultural-en-villa-alemana-y-quilpue\/","og_locale":"es_ES","og_type":"article","og_title":"En agosto el cine chileno sigue siendo parte de la cartelera cultural en Villa Alemana y Quilpu\u00e9 - Valpara\u00ed\u00adso Creativo","og_description":"\u201cMuertes y Maravillas\u201d, \u201cLas hijas\u201d, \u201cMachuca\u201d, \u201cLa fiebre del loco\u201d son algunas de las pel\u00edculas que dan vida a la programaci\u00f3n. Con el fin de seguir difundiendo el cine chileno, el&nbsp;Centro Cultural Quilpu\u00e9 Audiovisual&nbsp;contin\u00faa en agosto con funcionestodos los&nbsp;martes&nbsp;a las&nbsp;18:30 horas en el Teatro Pompeya de Villa Alemana&nbsp;y los&nbsp;mi\u00e9rcoles&nbsp;a las&nbsp;19:00 horas&nbsp;en el&nbsp;Centro Cultural Daniel de [&hellip;]","og_url":"https:\/\/dev.antudigital.cl\/sites\/vc\/en-agosto-el-cine-chileno-sigue-siendo-parte-de-la-cartelera-cultural-en-villa-alemana-y-quilpue\/","og_site_name":"Valpara\u00ed\u00adso Creativo","article_published_time":"2024-08-22T21:22:54+00:00","article_modified_time":"2024-08-22T21:23:15+00:00","og_image":[{"width":600,"height":408,"url":"https:\/\/dev.antudigital.cl\/sites\/vc\/wp-content\/uploads\/2024\/08\/La-fiebre-del-loco-1.jpg","type":"image\/jpeg"}],"author":"Valpara\u00edso Creativo","twitter_card":"summary_large_image","twitter_misc":{"Escrito por":"Valpara\u00edso Creativo","Tiempo de lectura":"4 minutos"},"schema":{"@context":"https:\/\/schema.org","@graph":[{"@type":"Article","@id":"https:\/\/dev.antudigital.cl\/sites\/vc\/en-agosto-el-cine-chileno-sigue-siendo-parte-de-la-cartelera-cultural-en-villa-alemana-y-quilpue\/#article","isPartOf":{"@id":"https:\/\/dev.antudigital.cl\/sites\/vc\/en-agosto-el-cine-chileno-sigue-siendo-parte-de-la-cartelera-cultural-en-villa-alemana-y-quilpue\/"},"author":{"name":"Valpara\u00edso Creativo","@id":"https:\/\/dev.antudigital.cl\/sites\/vc\/#\/schema\/person\/c2b9da8dd545e27166fc5ab232837318"},"headline":"En agosto el cine chileno sigue siendo parte de la cartelera cultural en Villa Alemana y Quilpu\u00e9","datePublished":"2024-08-22T21:22:54+00:00","dateModified":"2024-08-22T21:23:15+00:00","mainEntityOfPage":{"@id":"https:\/\/dev.antudigital.cl\/sites\/vc\/en-agosto-el-cine-chileno-sigue-siendo-parte-de-la-cartelera-cultural-en-villa-alemana-y-quilpue\/"},"wordCount":765,"image":{"@id":"https:\/\/dev.antudigital.cl\/sites\/vc\/en-agosto-el-cine-chileno-sigue-siendo-parte-de-la-cartelera-cultural-en-villa-alemana-y-quilpue\/#primaryimage"},"thumbnailUrl":"https:\/\/dev.antudigital.cl\/sites\/vc\/wp-content\/uploads\/2024\/08\/La-fiebre-del-loco-1.jpg","articleSection":["Noticia"],"inLanguage":"es"},{"@type":"WebPage","@id":"https:\/\/dev.antudigital.cl\/sites\/vc\/en-agosto-el-cine-chileno-sigue-siendo-parte-de-la-cartelera-cultural-en-villa-alemana-y-quilpue\/","url":"https:\/\/dev.antudigital.cl\/sites\/vc\/en-agosto-el-cine-chileno-sigue-siendo-parte-de-la-cartelera-cultural-en-villa-alemana-y-quilpue\/","name":"En agosto el cine chileno sigue siendo parte de la cartelera cultural en Villa Alemana y Quilpu\u00e9 - Valpara\u00ed\u00adso Creativo","isPartOf":{"@id":"https:\/\/dev.antudigital.cl\/sites\/vc\/#website"},"primaryImageOfPage":{"@id":"https:\/\/dev.antudigital.cl\/sites\/vc\/en-agosto-el-cine-chileno-sigue-siendo-parte-de-la-cartelera-cultural-en-villa-alemana-y-quilpue\/#primaryimage"},"image":{"@id":"https:\/\/dev.antudigital.cl\/sites\/vc\/en-agosto-el-cine-chileno-sigue-siendo-parte-de-la-cartelera-cultural-en-villa-alemana-y-quilpue\/#primaryimage"},"thumbnailUrl":"https:\/\/dev.antudigital.cl\/sites\/vc\/wp-content\/uploads\/2024\/08\/La-fiebre-del-loco-1.jpg","datePublished":"2024-08-22T21:22:54+00:00","dateModified":"2024-08-22T21:23:15+00:00","author":{"@id":"https:\/\/dev.antudigital.cl\/sites\/vc\/#\/schema\/person\/c2b9da8dd545e27166fc5ab232837318"},"breadcrumb":{"@id":"https:\/\/dev.antudigital.cl\/sites\/vc\/en-agosto-el-cine-chileno-sigue-siendo-parte-de-la-cartelera-cultural-en-villa-alemana-y-quilpue\/#breadcrumb"},"inLanguage":"es","potentialAction":[{"@type":"ReadAction","target":["https:\/\/dev.antudigital.cl\/sites\/vc\/en-agosto-el-cine-chileno-sigue-siendo-parte-de-la-cartelera-cultural-en-villa-alemana-y-quilpue\/"]}]},{"@type":"ImageObject","inLanguage":"es","@id":"https:\/\/dev.antudigital.cl\/sites\/vc\/en-agosto-el-cine-chileno-sigue-siendo-parte-de-la-cartelera-cultural-en-villa-alemana-y-quilpue\/#primaryimage","url":"https:\/\/dev.antudigital.cl\/sites\/vc\/wp-content\/uploads\/2024\/08\/La-fiebre-del-loco-1.jpg","contentUrl":"https:\/\/dev.antudigital.cl\/sites\/vc\/wp-content\/uploads\/2024\/08\/La-fiebre-del-loco-1.jpg","width":600,"height":408},{"@type":"BreadcrumbList","@id":"https:\/\/dev.antudigital.cl\/sites\/vc\/en-agosto-el-cine-chileno-sigue-siendo-parte-de-la-cartelera-cultural-en-villa-alemana-y-quilpue\/#breadcrumb","itemListElement":[{"@type":"ListItem","position":1,"name":"Home","item":"https:\/\/dev.antudigital.cl\/sites\/vc\/"},{"@type":"ListItem","position":2,"name":"En agosto el cine chileno sigue siendo parte de la cartelera cultural en Villa Alemana y Quilpu\u00e9"}]},{"@type":"WebSite","@id":"https:\/\/dev.antudigital.cl\/sites\/vc\/#website","url":"https:\/\/dev.antudigital.cl\/sites\/vc\/","name":"Valpara\u00ed\u00adso Creativo","description":"","potentialAction":[{"@type":"SearchAction","target":{"@type":"EntryPoint","urlTemplate":"https:\/\/dev.antudigital.cl\/sites\/vc\/?s={search_term_string}"},"query-input":{"@type":"PropertyValueSpecification","valueRequired":true,"valueName":"search_term_string"}}],"inLanguage":"es"},{"@type":"Person","@id":"https:\/\/dev.antudigital.cl\/sites\/vc\/#\/schema\/person\/c2b9da8dd545e27166fc5ab232837318","name":"Valpara\u00edso Creativo","description":"Periodista de cultura en la Regi\u00f3n de Valpara\u00edso.","url":"https:\/\/dev.antudigital.cl\/sites\/vc\/author\/valpoadmin\/"}]}},"_links":{"self":[{"href":"https:\/\/dev.antudigital.cl\/sites\/vc\/wp-json\/wp\/v2\/posts\/20105","targetHints":{"allow":["GET"]}}],"collection":[{"href":"https:\/\/dev.antudigital.cl\/sites\/vc\/wp-json\/wp\/v2\/posts"}],"about":[{"href":"https:\/\/dev.antudigital.cl\/sites\/vc\/wp-json\/wp\/v2\/types\/post"}],"author":[{"embeddable":true,"href":"https:\/\/dev.antudigital.cl\/sites\/vc\/wp-json\/wp\/v2\/users\/1"}],"replies":[{"embeddable":true,"href":"https:\/\/dev.antudigital.cl\/sites\/vc\/wp-json\/wp\/v2\/comments?post=20105"}],"version-history":[{"count":2,"href":"https:\/\/dev.antudigital.cl\/sites\/vc\/wp-json\/wp\/v2\/posts\/20105\/revisions"}],"predecessor-version":[{"id":20111,"href":"https:\/\/dev.antudigital.cl\/sites\/vc\/wp-json\/wp\/v2\/posts\/20105\/revisions\/20111"}],"wp:featuredmedia":[{"embeddable":true,"href":"https:\/\/dev.antudigital.cl\/sites\/vc\/wp-json\/wp\/v2\/media\/20108"}],"wp:attachment":[{"href":"https:\/\/dev.antudigital.cl\/sites\/vc\/wp-json\/wp\/v2\/media?parent=20105"}],"wp:term":[{"taxonomy":"category","embeddable":true,"href":"https:\/\/dev.antudigital.cl\/sites\/vc\/wp-json\/wp\/v2\/categories?post=20105"},{"taxonomy":"post_tag","embeddable":true,"href":"https:\/\/dev.antudigital.cl\/sites\/vc\/wp-json\/wp\/v2\/tags?post=20105"}],"curies":[{"name":"wp","href":"https:\/\/api.w.org\/{rel}","templated":true}]}}