{"id":20121,"date":"2024-08-26T23:33:58","date_gmt":"2024-08-26T23:33:58","guid":{"rendered":"https:\/\/www.valparaisocreativo.cl\/?p=20121"},"modified":"2024-08-26T23:34:19","modified_gmt":"2024-08-26T23:34:19","slug":"2da-version-festival-ritmos-del-mundo-busca-sensibilizar-la-interculturalidad-a-traves-de-las-artes-en-establecimientos-educacionales-publicos-de-la-region","status":"publish","type":"post","link":"https:\/\/dev.antudigital.cl\/sites\/vc\/2da-version-festival-ritmos-del-mundo-busca-sensibilizar-la-interculturalidad-a-traves-de-las-artes-en-establecimientos-educacionales-publicos-de-la-region\/","title":{"rendered":"2da versi\u00f3n Festival \u201cRitmos del mundo\u201d busca sensibilizar la interculturalidad a trav\u00e9s de las artes en establecimientos educacionales p\u00fablicos de la regi\u00f3n"},"content":{"rendered":"\n<p>En el a\u00f1o 2023, se realiz\u00f3 el&nbsp; primer Festival: \u00abRitmos del Mundo. Entre m\u00fasica, letras y saz\u00f3n\u00bb dise\u00f1ado, producido y ejecutado por Mujeres Migrantes, con el financiamiento y apoyo de la SEREMI de las Culturas, el Arte y el Patrimonio y la Municipalidad de Valpara\u00edso. La instancia fortaleci\u00f3 el trabajo art\u00edstico y cultural de las organizaciones migrantes y pro migrantes en Valpara\u00edso mediante la visibilizaci\u00f3n de artistas migrantes y la construcci\u00f3n de redes.&nbsp;<\/p>\n\n\n\n<p>Este a\u00f1o, se realizar\u00e1 la segunda edici\u00f3n del festival denominado: \u00abRitmos del Mundo:&nbsp; \u00abArte, Educaci\u00f3n e Interculturalidad\u00bb enfocado en la interculturalidad, promovida a trav\u00e9s de diversas expresiones art\u00edsticas en 4 establecimientos Educativos P\u00fablicos de Valpara\u00edso, beneficiando al menos a toda la poblaci\u00f3n estudiantil de estos.<\/p>\n\n\n\n<p>La iniciativa busca tambi\u00e9n abordar la creciente violencia en los liceos y escuelas tras la pandemia, relacionada con factores como la desigualdad social y el clima escolar negativo. El festival se propone como una herramienta para fomentar el respeto, la empat\u00eda y la cooperaci\u00f3n, especialmente hacia los estudiantes migrantes.&nbsp;<\/p>\n\n\n\n<figure class=\"wp-block-image size-large\"><img fetchpriority=\"high\" decoding=\"async\" width=\"1024\" height=\"683\" src=\"https:\/\/www.valparaisocreativo.cl\/wp-content\/uploads\/2024\/08\/VINO-PLZA-ESMERALDA-107-1024x683.jpg\" alt=\"\" class=\"wp-image-20123\" srcset=\"https:\/\/dev.antudigital.cl\/sites\/vc\/wp-content\/uploads\/2024\/08\/VINO-PLZA-ESMERALDA-107-1024x683.jpg 1024w, https:\/\/dev.antudigital.cl\/sites\/vc\/wp-content\/uploads\/2024\/08\/VINO-PLZA-ESMERALDA-107-300x200.jpg 300w, https:\/\/dev.antudigital.cl\/sites\/vc\/wp-content\/uploads\/2024\/08\/VINO-PLZA-ESMERALDA-107-768x512.jpg 768w, https:\/\/dev.antudigital.cl\/sites\/vc\/wp-content\/uploads\/2024\/08\/VINO-PLZA-ESMERALDA-107-1536x1024.jpg 1536w, https:\/\/dev.antudigital.cl\/sites\/vc\/wp-content\/uploads\/2024\/08\/VINO-PLZA-ESMERALDA-107-2048x1365.jpg 2048w, https:\/\/dev.antudigital.cl\/sites\/vc\/wp-content\/uploads\/2024\/08\/VINO-PLZA-ESMERALDA-107-1080x720.jpg 1080w, https:\/\/dev.antudigital.cl\/sites\/vc\/wp-content\/uploads\/2024\/08\/VINO-PLZA-ESMERALDA-107-1280x854.jpg 1280w, https:\/\/dev.antudigital.cl\/sites\/vc\/wp-content\/uploads\/2024\/08\/VINO-PLZA-ESMERALDA-107-980x653.jpg 980w, https:\/\/dev.antudigital.cl\/sites\/vc\/wp-content\/uploads\/2024\/08\/VINO-PLZA-ESMERALDA-107-480x320.jpg 480w, https:\/\/dev.antudigital.cl\/sites\/vc\/wp-content\/uploads\/2024\/08\/VINO-PLZA-ESMERALDA-107-24x16.jpg 24w, https:\/\/dev.antudigital.cl\/sites\/vc\/wp-content\/uploads\/2024\/08\/VINO-PLZA-ESMERALDA-107-36x24.jpg 36w, https:\/\/dev.antudigital.cl\/sites\/vc\/wp-content\/uploads\/2024\/08\/VINO-PLZA-ESMERALDA-107-48x32.jpg 48w\" sizes=\"(max-width: 1024px) 100vw, 1024px\" \/><\/figure>\n\n\n\n<p>Para esta oportunidad la coordinaci\u00f3n general del festival le corresponde&nbsp; a la ONG Brazos Migrantes y las productoras son las gestoras interculturales: Gabriela Fern\u00e1ndez Chang (Per\u00fa); Daniela Cari (Per\u00fa) y Larissa Chac\u00edn (Venezuela). En la oportunidad se presentar\u00e1n m\u00e1s de 23 artistas migrantes de: Per\u00fa, Bolivia, Hait\u00ed, Colombia y Venezuela. El festival comenzar\u00e1 el martes 27 de agosto, y que se desarrollar\u00e1 durante 4 meses, comenzando en la Escuela Rep\u00fablica De Uruguay con la presentaci\u00f3n de Vientos de Cuenta con Gabriela Fern\u00e1ndez &#8211; GabyCuenta y luego; se realizar\u00e1n presentaciones en la Escuela Ram\u00f3n Barros Luco el mi\u00e9rcoles 28 de agosto; Liceo Bicentenario Mar\u00edtimo el 10 de octubre (semana de la interculturalidad) y el Liceo Matilde Brandau en el mes de noviembre en el marco del d\u00eda internacional del migrante.<\/p>\n\n\n\n<p>Para Larissa Chac\u00edn, gestora del festival es muy importante la realizaci\u00f3n de ritmos del mundo puesto que ella misma vivi\u00f3 la discriminaci\u00f3n y maltrato hacia su hijo en el establecimiento educacional en el cual estaba matriculado, al respecto de esta situaci\u00f3n se\u00f1ala que: \u201cContinuar visibilizando el trabajo art\u00edstico y cultural de las Organizaciones migrantes a trav\u00e9s de la construcci\u00f3n que hemos generado entre los artistas y gestoras. Promover la cultura migrante en los centros educativos de la comuna, enfocados en los adolescentes que tiene como finalidad disminuir la xenofobia, racismo y bullying en los establecimientos\u201d&nbsp;<\/p>\n\n\n\n<p>Por otra parte el SEREMI de las artes, cultura y patrimonio, Javier Esnaola, se\u00f1ala que: \u201cDesde la Seremi de las Culturas a trav\u00e9s de Ritmos del Mundo estamos dando continuidad a un trabajo muy importante que hemos desarrollado con diferentes organizaciones migrantes de la Regi\u00f3n de Valpara\u00edso para relevar sus expresiones art\u00edsticas y culturales, fortaleciendo adem\u00e1s la gesti\u00f3n de estas organizaciones en seis comunas, y estamos convencidos que desde Cultura podemos asumir este desaf\u00edo de integraci\u00f3n que tendr\u00e1 un mayor significado con la labor que se realizar\u00e1 este a\u00f1o en establecimientos educacionales\u201d.&nbsp;<\/p>\n","protected":false},"excerpt":{"rendered":"<p>En el a\u00f1o 2023, se realiz\u00f3 el&nbsp; primer Festival: \u00abRitmos del Mundo. Entre m\u00fasica, letras y saz\u00f3n\u00bb dise\u00f1ado, producido y ejecutado por Mujeres Migrantes, con el financiamiento y apoyo de la SEREMI de las Culturas, el Arte y el Patrimonio y la Municipalidad de Valpara\u00edso. La instancia fortaleci\u00f3 el trabajo art\u00edstico y cultural de las [&hellip;]<\/p>\n","protected":false},"author":1,"featured_media":20122,"comment_status":"closed","ping_status":"closed","sticky":false,"template":"","format":"standard","meta":{"_acf_changed":false,"footnotes":""},"categories":[8],"tags":[],"class_list":["post-20121","post","type-post","status-publish","format-standard","has-post-thumbnail","hentry","category-noticia"],"acf":[],"yoast_head":"<!-- This site is optimized with the Yoast SEO plugin v27.1.1 - https:\/\/yoast.com\/product\/yoast-seo-wordpress\/ -->\n<title>2da versi\u00f3n Festival \u201cRitmos del mundo\u201d busca sensibilizar la interculturalidad a trav\u00e9s de las artes en establecimientos educacionales p\u00fablicos de la regi\u00f3n - Valpara\u00ed\u00adso Creativo<\/title>\n<meta name=\"robots\" content=\"index, follow, max-snippet:-1, max-image-preview:large, max-video-preview:-1\" \/>\n<link rel=\"canonical\" href=\"https:\/\/dev.antudigital.cl\/sites\/vc\/2da-version-festival-ritmos-del-mundo-busca-sensibilizar-la-interculturalidad-a-traves-de-las-artes-en-establecimientos-educacionales-publicos-de-la-region\/\" \/>\n<meta property=\"og:locale\" content=\"es_ES\" \/>\n<meta property=\"og:type\" content=\"article\" \/>\n<meta property=\"og:title\" content=\"2da versi\u00f3n Festival \u201cRitmos del mundo\u201d busca sensibilizar la interculturalidad a trav\u00e9s de las artes en establecimientos educacionales p\u00fablicos de la regi\u00f3n - Valpara\u00ed\u00adso Creativo\" \/>\n<meta property=\"og:description\" content=\"En el a\u00f1o 2023, se realiz\u00f3 el&nbsp; primer Festival: \u00abRitmos del Mundo. Entre m\u00fasica, letras y saz\u00f3n\u00bb dise\u00f1ado, producido y ejecutado por Mujeres Migrantes, con el financiamiento y apoyo de la SEREMI de las Culturas, el Arte y el Patrimonio y la Municipalidad de Valpara\u00edso. La instancia fortaleci\u00f3 el trabajo art\u00edstico y cultural de las [&hellip;]\" \/>\n<meta property=\"og:url\" content=\"https:\/\/dev.antudigital.cl\/sites\/vc\/2da-version-festival-ritmos-del-mundo-busca-sensibilizar-la-interculturalidad-a-traves-de-las-artes-en-establecimientos-educacionales-publicos-de-la-region\/\" \/>\n<meta property=\"og:site_name\" content=\"Valpara\u00ed\u00adso Creativo\" \/>\n<meta property=\"article:published_time\" content=\"2024-08-26T23:33:58+00:00\" \/>\n<meta property=\"article:modified_time\" content=\"2024-08-26T23:34:19+00:00\" \/>\n<meta property=\"og:image\" content=\"https:\/\/dev.antudigital.cl\/sites\/vc\/wp-content\/uploads\/2024\/08\/Ritmos-del-mundo-foto-3.jpg\" \/>\n\t<meta property=\"og:image:width\" content=\"720\" \/>\n\t<meta property=\"og:image:height\" content=\"626\" \/>\n\t<meta property=\"og:image:type\" content=\"image\/jpeg\" \/>\n<meta name=\"author\" content=\"Valpara\u00edso Creativo\" \/>\n<meta name=\"twitter:card\" content=\"summary_large_image\" \/>\n<meta name=\"twitter:label1\" content=\"Escrito por\" \/>\n\t<meta name=\"twitter:data1\" content=\"Valpara\u00edso Creativo\" \/>\n\t<meta name=\"twitter:label2\" content=\"Tiempo de lectura\" \/>\n\t<meta name=\"twitter:data2\" content=\"3 minutos\" \/>\n<script type=\"application\/ld+json\" class=\"yoast-schema-graph\">{\"@context\":\"https:\/\/schema.org\",\"@graph\":[{\"@type\":\"Article\",\"@id\":\"https:\/\/dev.antudigital.cl\/sites\/vc\/2da-version-festival-ritmos-del-mundo-busca-sensibilizar-la-interculturalidad-a-traves-de-las-artes-en-establecimientos-educacionales-publicos-de-la-region\/#article\",\"isPartOf\":{\"@id\":\"https:\/\/dev.antudigital.cl\/sites\/vc\/2da-version-festival-ritmos-del-mundo-busca-sensibilizar-la-interculturalidad-a-traves-de-las-artes-en-establecimientos-educacionales-publicos-de-la-region\/\"},\"author\":{\"name\":\"Valpara\u00edso Creativo\",\"@id\":\"https:\/\/dev.antudigital.cl\/sites\/vc\/#\/schema\/person\/c2b9da8dd545e27166fc5ab232837318\"},\"headline\":\"2da versi\u00f3n Festival \u201cRitmos del mundo\u201d busca sensibilizar la interculturalidad a trav\u00e9s de las artes en establecimientos educacionales p\u00fablicos de la regi\u00f3n\",\"datePublished\":\"2024-08-26T23:33:58+00:00\",\"dateModified\":\"2024-08-26T23:34:19+00:00\",\"mainEntityOfPage\":{\"@id\":\"https:\/\/dev.antudigital.cl\/sites\/vc\/2da-version-festival-ritmos-del-mundo-busca-sensibilizar-la-interculturalidad-a-traves-de-las-artes-en-establecimientos-educacionales-publicos-de-la-region\/\"},\"wordCount\":560,\"image\":{\"@id\":\"https:\/\/dev.antudigital.cl\/sites\/vc\/2da-version-festival-ritmos-del-mundo-busca-sensibilizar-la-interculturalidad-a-traves-de-las-artes-en-establecimientos-educacionales-publicos-de-la-region\/#primaryimage\"},\"thumbnailUrl\":\"https:\/\/dev.antudigital.cl\/sites\/vc\/wp-content\/uploads\/2024\/08\/Ritmos-del-mundo-foto-3.jpg\",\"articleSection\":[\"Noticia\"],\"inLanguage\":\"es\"},{\"@type\":\"WebPage\",\"@id\":\"https:\/\/dev.antudigital.cl\/sites\/vc\/2da-version-festival-ritmos-del-mundo-busca-sensibilizar-la-interculturalidad-a-traves-de-las-artes-en-establecimientos-educacionales-publicos-de-la-region\/\",\"url\":\"https:\/\/dev.antudigital.cl\/sites\/vc\/2da-version-festival-ritmos-del-mundo-busca-sensibilizar-la-interculturalidad-a-traves-de-las-artes-en-establecimientos-educacionales-publicos-de-la-region\/\",\"name\":\"2da versi\u00f3n Festival \u201cRitmos del mundo\u201d busca sensibilizar la interculturalidad a trav\u00e9s de las artes en establecimientos educacionales p\u00fablicos de la regi\u00f3n - Valpara\u00ed\u00adso Creativo\",\"isPartOf\":{\"@id\":\"https:\/\/dev.antudigital.cl\/sites\/vc\/#website\"},\"primaryImageOfPage\":{\"@id\":\"https:\/\/dev.antudigital.cl\/sites\/vc\/2da-version-festival-ritmos-del-mundo-busca-sensibilizar-la-interculturalidad-a-traves-de-las-artes-en-establecimientos-educacionales-publicos-de-la-region\/#primaryimage\"},\"image\":{\"@id\":\"https:\/\/dev.antudigital.cl\/sites\/vc\/2da-version-festival-ritmos-del-mundo-busca-sensibilizar-la-interculturalidad-a-traves-de-las-artes-en-establecimientos-educacionales-publicos-de-la-region\/#primaryimage\"},\"thumbnailUrl\":\"https:\/\/dev.antudigital.cl\/sites\/vc\/wp-content\/uploads\/2024\/08\/Ritmos-del-mundo-foto-3.jpg\",\"datePublished\":\"2024-08-26T23:33:58+00:00\",\"dateModified\":\"2024-08-26T23:34:19+00:00\",\"author\":{\"@id\":\"https:\/\/dev.antudigital.cl\/sites\/vc\/#\/schema\/person\/c2b9da8dd545e27166fc5ab232837318\"},\"breadcrumb\":{\"@id\":\"https:\/\/dev.antudigital.cl\/sites\/vc\/2da-version-festival-ritmos-del-mundo-busca-sensibilizar-la-interculturalidad-a-traves-de-las-artes-en-establecimientos-educacionales-publicos-de-la-region\/#breadcrumb\"},\"inLanguage\":\"es\",\"potentialAction\":[{\"@type\":\"ReadAction\",\"target\":[\"https:\/\/dev.antudigital.cl\/sites\/vc\/2da-version-festival-ritmos-del-mundo-busca-sensibilizar-la-interculturalidad-a-traves-de-las-artes-en-establecimientos-educacionales-publicos-de-la-region\/\"]}]},{\"@type\":\"ImageObject\",\"inLanguage\":\"es\",\"@id\":\"https:\/\/dev.antudigital.cl\/sites\/vc\/2da-version-festival-ritmos-del-mundo-busca-sensibilizar-la-interculturalidad-a-traves-de-las-artes-en-establecimientos-educacionales-publicos-de-la-region\/#primaryimage\",\"url\":\"https:\/\/dev.antudigital.cl\/sites\/vc\/wp-content\/uploads\/2024\/08\/Ritmos-del-mundo-foto-3.jpg\",\"contentUrl\":\"https:\/\/dev.antudigital.cl\/sites\/vc\/wp-content\/uploads\/2024\/08\/Ritmos-del-mundo-foto-3.jpg\",\"width\":720,\"height\":626},{\"@type\":\"BreadcrumbList\",\"@id\":\"https:\/\/dev.antudigital.cl\/sites\/vc\/2da-version-festival-ritmos-del-mundo-busca-sensibilizar-la-interculturalidad-a-traves-de-las-artes-en-establecimientos-educacionales-publicos-de-la-region\/#breadcrumb\",\"itemListElement\":[{\"@type\":\"ListItem\",\"position\":1,\"name\":\"Home\",\"item\":\"https:\/\/dev.antudigital.cl\/sites\/vc\/\"},{\"@type\":\"ListItem\",\"position\":2,\"name\":\"2da versi\u00f3n Festival \u201cRitmos del mundo\u201d busca sensibilizar la interculturalidad a trav\u00e9s de las artes en establecimientos educacionales p\u00fablicos de la regi\u00f3n\"}]},{\"@type\":\"WebSite\",\"@id\":\"https:\/\/dev.antudigital.cl\/sites\/vc\/#website\",\"url\":\"https:\/\/dev.antudigital.cl\/sites\/vc\/\",\"name\":\"Valpara\u00ed\u00adso Creativo\",\"description\":\"\",\"potentialAction\":[{\"@type\":\"SearchAction\",\"target\":{\"@type\":\"EntryPoint\",\"urlTemplate\":\"https:\/\/dev.antudigital.cl\/sites\/vc\/?s={search_term_string}\"},\"query-input\":{\"@type\":\"PropertyValueSpecification\",\"valueRequired\":true,\"valueName\":\"search_term_string\"}}],\"inLanguage\":\"es\"},{\"@type\":\"Person\",\"@id\":\"https:\/\/dev.antudigital.cl\/sites\/vc\/#\/schema\/person\/c2b9da8dd545e27166fc5ab232837318\",\"name\":\"Valpara\u00edso Creativo\",\"description\":\"Periodista de cultura en la Regi\u00f3n de Valpara\u00edso.\",\"url\":\"https:\/\/dev.antudigital.cl\/sites\/vc\/author\/valpoadmin\/\"}]}<\/script>\n<!-- \/ Yoast SEO plugin. -->","yoast_head_json":{"title":"2da versi\u00f3n Festival \u201cRitmos del mundo\u201d busca sensibilizar la interculturalidad a trav\u00e9s de las artes en establecimientos educacionales p\u00fablicos de la regi\u00f3n - Valpara\u00ed\u00adso Creativo","robots":{"index":"index","follow":"follow","max-snippet":"max-snippet:-1","max-image-preview":"max-image-preview:large","max-video-preview":"max-video-preview:-1"},"canonical":"https:\/\/dev.antudigital.cl\/sites\/vc\/2da-version-festival-ritmos-del-mundo-busca-sensibilizar-la-interculturalidad-a-traves-de-las-artes-en-establecimientos-educacionales-publicos-de-la-region\/","og_locale":"es_ES","og_type":"article","og_title":"2da versi\u00f3n Festival \u201cRitmos del mundo\u201d busca sensibilizar la interculturalidad a trav\u00e9s de las artes en establecimientos educacionales p\u00fablicos de la regi\u00f3n - Valpara\u00ed\u00adso Creativo","og_description":"En el a\u00f1o 2023, se realiz\u00f3 el&nbsp; primer Festival: \u00abRitmos del Mundo. Entre m\u00fasica, letras y saz\u00f3n\u00bb dise\u00f1ado, producido y ejecutado por Mujeres Migrantes, con el financiamiento y apoyo de la SEREMI de las Culturas, el Arte y el Patrimonio y la Municipalidad de Valpara\u00edso. La instancia fortaleci\u00f3 el trabajo art\u00edstico y cultural de las [&hellip;]","og_url":"https:\/\/dev.antudigital.cl\/sites\/vc\/2da-version-festival-ritmos-del-mundo-busca-sensibilizar-la-interculturalidad-a-traves-de-las-artes-en-establecimientos-educacionales-publicos-de-la-region\/","og_site_name":"Valpara\u00ed\u00adso Creativo","article_published_time":"2024-08-26T23:33:58+00:00","article_modified_time":"2024-08-26T23:34:19+00:00","og_image":[{"width":720,"height":626,"url":"https:\/\/dev.antudigital.cl\/sites\/vc\/wp-content\/uploads\/2024\/08\/Ritmos-del-mundo-foto-3.jpg","type":"image\/jpeg"}],"author":"Valpara\u00edso Creativo","twitter_card":"summary_large_image","twitter_misc":{"Escrito por":"Valpara\u00edso Creativo","Tiempo de lectura":"3 minutos"},"schema":{"@context":"https:\/\/schema.org","@graph":[{"@type":"Article","@id":"https:\/\/dev.antudigital.cl\/sites\/vc\/2da-version-festival-ritmos-del-mundo-busca-sensibilizar-la-interculturalidad-a-traves-de-las-artes-en-establecimientos-educacionales-publicos-de-la-region\/#article","isPartOf":{"@id":"https:\/\/dev.antudigital.cl\/sites\/vc\/2da-version-festival-ritmos-del-mundo-busca-sensibilizar-la-interculturalidad-a-traves-de-las-artes-en-establecimientos-educacionales-publicos-de-la-region\/"},"author":{"name":"Valpara\u00edso Creativo","@id":"https:\/\/dev.antudigital.cl\/sites\/vc\/#\/schema\/person\/c2b9da8dd545e27166fc5ab232837318"},"headline":"2da versi\u00f3n Festival \u201cRitmos del mundo\u201d busca sensibilizar la interculturalidad a trav\u00e9s de las artes en establecimientos educacionales p\u00fablicos de la regi\u00f3n","datePublished":"2024-08-26T23:33:58+00:00","dateModified":"2024-08-26T23:34:19+00:00","mainEntityOfPage":{"@id":"https:\/\/dev.antudigital.cl\/sites\/vc\/2da-version-festival-ritmos-del-mundo-busca-sensibilizar-la-interculturalidad-a-traves-de-las-artes-en-establecimientos-educacionales-publicos-de-la-region\/"},"wordCount":560,"image":{"@id":"https:\/\/dev.antudigital.cl\/sites\/vc\/2da-version-festival-ritmos-del-mundo-busca-sensibilizar-la-interculturalidad-a-traves-de-las-artes-en-establecimientos-educacionales-publicos-de-la-region\/#primaryimage"},"thumbnailUrl":"https:\/\/dev.antudigital.cl\/sites\/vc\/wp-content\/uploads\/2024\/08\/Ritmos-del-mundo-foto-3.jpg","articleSection":["Noticia"],"inLanguage":"es"},{"@type":"WebPage","@id":"https:\/\/dev.antudigital.cl\/sites\/vc\/2da-version-festival-ritmos-del-mundo-busca-sensibilizar-la-interculturalidad-a-traves-de-las-artes-en-establecimientos-educacionales-publicos-de-la-region\/","url":"https:\/\/dev.antudigital.cl\/sites\/vc\/2da-version-festival-ritmos-del-mundo-busca-sensibilizar-la-interculturalidad-a-traves-de-las-artes-en-establecimientos-educacionales-publicos-de-la-region\/","name":"2da versi\u00f3n Festival \u201cRitmos del mundo\u201d busca sensibilizar la interculturalidad a trav\u00e9s de las artes en establecimientos educacionales p\u00fablicos de la regi\u00f3n - Valpara\u00ed\u00adso Creativo","isPartOf":{"@id":"https:\/\/dev.antudigital.cl\/sites\/vc\/#website"},"primaryImageOfPage":{"@id":"https:\/\/dev.antudigital.cl\/sites\/vc\/2da-version-festival-ritmos-del-mundo-busca-sensibilizar-la-interculturalidad-a-traves-de-las-artes-en-establecimientos-educacionales-publicos-de-la-region\/#primaryimage"},"image":{"@id":"https:\/\/dev.antudigital.cl\/sites\/vc\/2da-version-festival-ritmos-del-mundo-busca-sensibilizar-la-interculturalidad-a-traves-de-las-artes-en-establecimientos-educacionales-publicos-de-la-region\/#primaryimage"},"thumbnailUrl":"https:\/\/dev.antudigital.cl\/sites\/vc\/wp-content\/uploads\/2024\/08\/Ritmos-del-mundo-foto-3.jpg","datePublished":"2024-08-26T23:33:58+00:00","dateModified":"2024-08-26T23:34:19+00:00","author":{"@id":"https:\/\/dev.antudigital.cl\/sites\/vc\/#\/schema\/person\/c2b9da8dd545e27166fc5ab232837318"},"breadcrumb":{"@id":"https:\/\/dev.antudigital.cl\/sites\/vc\/2da-version-festival-ritmos-del-mundo-busca-sensibilizar-la-interculturalidad-a-traves-de-las-artes-en-establecimientos-educacionales-publicos-de-la-region\/#breadcrumb"},"inLanguage":"es","potentialAction":[{"@type":"ReadAction","target":["https:\/\/dev.antudigital.cl\/sites\/vc\/2da-version-festival-ritmos-del-mundo-busca-sensibilizar-la-interculturalidad-a-traves-de-las-artes-en-establecimientos-educacionales-publicos-de-la-region\/"]}]},{"@type":"ImageObject","inLanguage":"es","@id":"https:\/\/dev.antudigital.cl\/sites\/vc\/2da-version-festival-ritmos-del-mundo-busca-sensibilizar-la-interculturalidad-a-traves-de-las-artes-en-establecimientos-educacionales-publicos-de-la-region\/#primaryimage","url":"https:\/\/dev.antudigital.cl\/sites\/vc\/wp-content\/uploads\/2024\/08\/Ritmos-del-mundo-foto-3.jpg","contentUrl":"https:\/\/dev.antudigital.cl\/sites\/vc\/wp-content\/uploads\/2024\/08\/Ritmos-del-mundo-foto-3.jpg","width":720,"height":626},{"@type":"BreadcrumbList","@id":"https:\/\/dev.antudigital.cl\/sites\/vc\/2da-version-festival-ritmos-del-mundo-busca-sensibilizar-la-interculturalidad-a-traves-de-las-artes-en-establecimientos-educacionales-publicos-de-la-region\/#breadcrumb","itemListElement":[{"@type":"ListItem","position":1,"name":"Home","item":"https:\/\/dev.antudigital.cl\/sites\/vc\/"},{"@type":"ListItem","position":2,"name":"2da versi\u00f3n Festival \u201cRitmos del mundo\u201d busca sensibilizar la interculturalidad a trav\u00e9s de las artes en establecimientos educacionales p\u00fablicos de la regi\u00f3n"}]},{"@type":"WebSite","@id":"https:\/\/dev.antudigital.cl\/sites\/vc\/#website","url":"https:\/\/dev.antudigital.cl\/sites\/vc\/","name":"Valpara\u00ed\u00adso Creativo","description":"","potentialAction":[{"@type":"SearchAction","target":{"@type":"EntryPoint","urlTemplate":"https:\/\/dev.antudigital.cl\/sites\/vc\/?s={search_term_string}"},"query-input":{"@type":"PropertyValueSpecification","valueRequired":true,"valueName":"search_term_string"}}],"inLanguage":"es"},{"@type":"Person","@id":"https:\/\/dev.antudigital.cl\/sites\/vc\/#\/schema\/person\/c2b9da8dd545e27166fc5ab232837318","name":"Valpara\u00edso Creativo","description":"Periodista de cultura en la Regi\u00f3n de Valpara\u00edso.","url":"https:\/\/dev.antudigital.cl\/sites\/vc\/author\/valpoadmin\/"}]}},"_links":{"self":[{"href":"https:\/\/dev.antudigital.cl\/sites\/vc\/wp-json\/wp\/v2\/posts\/20121","targetHints":{"allow":["GET"]}}],"collection":[{"href":"https:\/\/dev.antudigital.cl\/sites\/vc\/wp-json\/wp\/v2\/posts"}],"about":[{"href":"https:\/\/dev.antudigital.cl\/sites\/vc\/wp-json\/wp\/v2\/types\/post"}],"author":[{"embeddable":true,"href":"https:\/\/dev.antudigital.cl\/sites\/vc\/wp-json\/wp\/v2\/users\/1"}],"replies":[{"embeddable":true,"href":"https:\/\/dev.antudigital.cl\/sites\/vc\/wp-json\/wp\/v2\/comments?post=20121"}],"version-history":[{"count":1,"href":"https:\/\/dev.antudigital.cl\/sites\/vc\/wp-json\/wp\/v2\/posts\/20121\/revisions"}],"predecessor-version":[{"id":20124,"href":"https:\/\/dev.antudigital.cl\/sites\/vc\/wp-json\/wp\/v2\/posts\/20121\/revisions\/20124"}],"wp:featuredmedia":[{"embeddable":true,"href":"https:\/\/dev.antudigital.cl\/sites\/vc\/wp-json\/wp\/v2\/media\/20122"}],"wp:attachment":[{"href":"https:\/\/dev.antudigital.cl\/sites\/vc\/wp-json\/wp\/v2\/media?parent=20121"}],"wp:term":[{"taxonomy":"category","embeddable":true,"href":"https:\/\/dev.antudigital.cl\/sites\/vc\/wp-json\/wp\/v2\/categories?post=20121"},{"taxonomy":"post_tag","embeddable":true,"href":"https:\/\/dev.antudigital.cl\/sites\/vc\/wp-json\/wp\/v2\/tags?post=20121"}],"curies":[{"name":"wp","href":"https:\/\/api.w.org\/{rel}","templated":true}]}}