{"id":20125,"date":"2024-08-26T23:37:01","date_gmt":"2024-08-26T23:37:01","guid":{"rendered":"https:\/\/www.valparaisocreativo.cl\/?p=20125"},"modified":"2024-08-26T23:37:23","modified_gmt":"2024-08-26T23:37:23","slug":"vejez-mundos-imaginarios-y-circo-nos-trae-septiembre-en-el-centro-cultural-ipa","status":"publish","type":"post","link":"https:\/\/dev.antudigital.cl\/sites\/vc\/vejez-mundos-imaginarios-y-circo-nos-trae-septiembre-en-el-centro-cultural-ipa\/","title":{"rendered":"Vejez, mundos imaginarios y circo nos trae septiembre en el Centro Cultural IPA"},"content":{"rendered":"\n<p>El jueves 5 de septiembre a las 19:00 horas se presenta la obra \u00abAMAPOLA\u00bb de La Compagine Th\u00e9\u00e2tre Merk\u00e9n, una actividad de mediaci\u00f3n con la artista chilena radicada en Francia, Karla Gorigoitia. El viernes 6 de septiembre, en la ma\u00f1ana, habr\u00e1 funci\u00f3n de \u00abIMAGINARIA\u00bb para jardines infantiles JUNJI, de Compa\u00f1\u00eda La Coraje, y a las 19:00 se presenta el \u00abGRAN CIRCO INFLABLE\u00bb de Pepe Pistacho, para todo p\u00fablico.<\/p>\n\n\n\n<p>Las funciones son parte del Proyecto&nbsp;\u201cCONTINUIDAD DE LA PROGRAMACI\u00d3N DE LA SALA DE TEATRO DEL CENTRO CULTURAL IPA: 95 a\u00f1os de arte y cultura local\u201d, que cuenta con el financiamiento del Programa de Apoyo a Organizaciones Culturales Colaboradoras del Ministerio de las Culturas, las Artes y el Patrimonio.<\/p>\n\n\n\n<p>Amapola pasa horas junto a su ventana observando a su hijo, Kersen, que est\u00e1 acostumbrado a contemplar el mar cada tarde, cuando el crep\u00fasculo pinta el cielo de tonos rosados. Sin embargo, no entiende por qu\u00e9 su hijo no puede verla o escucharla.<\/p>\n\n\n\n<p><strong>Karla Gorigoitia, creadora de AMAPOLA<\/strong>, comenta que la obra \u201cnace de las ganas de explorar la fusi\u00f3n de disciplinas, entre m\u00fasica y marioneta, construir una experiencia inmersiva para el p\u00fablico, transport\u00e1ndolo a un viaje musical, emocional y po\u00e9tico. \u2018Amapola\u2019 aborda&nbsp; los temas universales de la muerte interior, la soledad, pero tambi\u00e9n del amor. Es un espect\u00e1culo que te invita a explorar las profundidades de la existencia y a abrazar la belleza conmovedora de cada instante\u201d.<\/p>\n\n\n\n<p>\u00abImaginaria\u00bb es una experiencia esc\u00e9nica para la primera infancia, nos permite entrar en la imaginaci\u00f3n de la ni\u00f1ez a trav\u00e9s de un viaje con su amigo imaginario. \u00bfQui\u00e9n no tuvo ese amigo con el que realiz\u00f3 las m\u00e1s incre\u00edbles aventuras? Esta obra nos recuerda lo importante de creer que todo puede ser posible.<\/p>\n\n\n\n<figure class=\"wp-block-image size-large\"><img fetchpriority=\"high\" decoding=\"async\" width=\"1024\" height=\"683\" src=\"https:\/\/www.valparaisocreativo.cl\/wp-content\/uploads\/2024\/08\/IMAGINARIA-1-1024x683.jpg\" alt=\"\" class=\"wp-image-20127\" srcset=\"https:\/\/dev.antudigital.cl\/sites\/vc\/wp-content\/uploads\/2024\/08\/IMAGINARIA-1-1024x683.jpg 1024w, https:\/\/dev.antudigital.cl\/sites\/vc\/wp-content\/uploads\/2024\/08\/IMAGINARIA-1-300x200.jpg 300w, https:\/\/dev.antudigital.cl\/sites\/vc\/wp-content\/uploads\/2024\/08\/IMAGINARIA-1-768x512.jpg 768w, https:\/\/dev.antudigital.cl\/sites\/vc\/wp-content\/uploads\/2024\/08\/IMAGINARIA-1-1536x1024.jpg 1536w, https:\/\/dev.antudigital.cl\/sites\/vc\/wp-content\/uploads\/2024\/08\/IMAGINARIA-1-1080x720.jpg 1080w, https:\/\/dev.antudigital.cl\/sites\/vc\/wp-content\/uploads\/2024\/08\/IMAGINARIA-1-1280x853.jpg 1280w, https:\/\/dev.antudigital.cl\/sites\/vc\/wp-content\/uploads\/2024\/08\/IMAGINARIA-1-980x653.jpg 980w, https:\/\/dev.antudigital.cl\/sites\/vc\/wp-content\/uploads\/2024\/08\/IMAGINARIA-1-480x320.jpg 480w, https:\/\/dev.antudigital.cl\/sites\/vc\/wp-content\/uploads\/2024\/08\/IMAGINARIA-1-24x16.jpg 24w, https:\/\/dev.antudigital.cl\/sites\/vc\/wp-content\/uploads\/2024\/08\/IMAGINARIA-1-36x24.jpg 36w, https:\/\/dev.antudigital.cl\/sites\/vc\/wp-content\/uploads\/2024\/08\/IMAGINARIA-1-48x32.jpg 48w, https:\/\/dev.antudigital.cl\/sites\/vc\/wp-content\/uploads\/2024\/08\/IMAGINARIA-1.jpg 1641w\" sizes=\"(max-width: 1024px) 100vw, 1024px\" \/><\/figure>\n\n\n\n<p><strong>Estefan\u00eda Aedo, directora de IMAGINARIA<\/strong>, se\u00f1ala que \u201cla Compa\u00f1\u00eda La Coraje comienza el a\u00f1o 2012 en Valpara\u00edso, compuesta por tres actrices de la Universidad de Playa Ancha; Melisa Torrealba, Fabiola D\u00edaz y Estefan\u00eda Aedo. Creamos esta propuesta con una dramaturgia corporal, sacando el texto como sustento esc\u00e9nico. Nace desde la necesidad de involucrarnos con la primera infancia, un p\u00fablico objetivo que no estaba cubierto por nuestros otros montajes\u201d.<\/p>\n\n\n\n<p>El circo alegrar\u00e1 y divertir\u00e1 al p\u00fablico con un espect\u00e1culo musical, que incluye actos&nbsp;tradicionales de circo y un aporte educacional. Su objetivo es generar una experiencia de asombro, alegr\u00eda y diversi\u00f3n a los espectadores.<\/p>\n\n\n\n<p><strong>Gabriel Jim\u00e9nez, tambi\u00e9n conocido como Pepe Pistacho, convoca a&nbsp;<\/strong><strong>EL GRAN CIRCO INFLABLE&nbsp;<\/strong>a \u201cpresenciar el ballet, la payaser\u00eda, la arlequina, un gran show. Para m\u00ed, en particular, es sumamente importante presentarnos en el Centro Cultural IPA, ya que es el primer escenario donde trabaj\u00e9 en una obra de teatro, donde todo inici\u00f3, y me gustar\u00eda invitar a que todas las personas que tengan la posibilidad vengan a disfrutar la magia del circo, como dice el dicho, \u00a1que todos los d\u00edas sean de circo!\u201d.<\/p>\n\n\n\n<p>El proyecto \u201cCONTINUIDAD DE LA PROGRAMACI\u00d3N DE LA SALA DE TEATRO DEL CENTRO CULTURAL IPA: 95 a\u00f1os de arte y cultura local\u201d forma parte del Programa de Apoyo a Organizaciones Culturales Colaboradoras del Ministerio de las Culturas, las Artes y el Patrimonio, que busca fortalecer y dar continuidad a instituciones y organizaciones culturales de derecho privado y sin fines de lucro.&nbsp;<\/p>\n\n\n\n<p>Este programa adem\u00e1s es parte del Sistema de Financiamiento a Organizaciones e Infraestructura Cultural del Ministerio de las Culturas, las Artes y el Patrimonio que integra, articula y coordina de forma transversal los planes, programas y fondos orientados al fomento y apoyo de las organizaciones, de la infraestructura cultural, y de la mediaci\u00f3n art\u00edstica. Todo esto con una vocaci\u00f3n descentralizada, mecanismos participativos, y la promoci\u00f3n de la creaci\u00f3n de redes y asociaciones.<\/p>\n","protected":false},"excerpt":{"rendered":"<p>El jueves 5 de septiembre a las 19:00 horas se presenta la obra \u00abAMAPOLA\u00bb de La Compagine Th\u00e9\u00e2tre Merk\u00e9n, una actividad de mediaci\u00f3n con la artista chilena radicada en Francia, Karla Gorigoitia. El viernes 6 de septiembre, en la ma\u00f1ana, habr\u00e1 funci\u00f3n de \u00abIMAGINARIA\u00bb para jardines infantiles JUNJI, de Compa\u00f1\u00eda La Coraje, y a las [&hellip;]<\/p>\n","protected":false},"author":1,"featured_media":20126,"comment_status":"closed","ping_status":"closed","sticky":false,"template":"","format":"standard","meta":{"_acf_changed":false,"footnotes":""},"categories":[8],"tags":[],"class_list":["post-20125","post","type-post","status-publish","format-standard","has-post-thumbnail","hentry","category-noticia"],"acf":[],"yoast_head":"<!-- This site is optimized with the Yoast SEO plugin v27.1.1 - https:\/\/yoast.com\/product\/yoast-seo-wordpress\/ -->\n<title>Vejez, mundos imaginarios y circo nos trae septiembre en el Centro Cultural IPA - Valpara\u00ed\u00adso Creativo<\/title>\n<meta name=\"robots\" content=\"index, follow, max-snippet:-1, max-image-preview:large, max-video-preview:-1\" \/>\n<link rel=\"canonical\" href=\"https:\/\/dev.antudigital.cl\/sites\/vc\/vejez-mundos-imaginarios-y-circo-nos-trae-septiembre-en-el-centro-cultural-ipa\/\" \/>\n<meta property=\"og:locale\" content=\"es_ES\" \/>\n<meta property=\"og:type\" content=\"article\" \/>\n<meta property=\"og:title\" content=\"Vejez, mundos imaginarios y circo nos trae septiembre en el Centro Cultural IPA - Valpara\u00ed\u00adso Creativo\" \/>\n<meta property=\"og:description\" content=\"El jueves 5 de septiembre a las 19:00 horas se presenta la obra \u00abAMAPOLA\u00bb de La Compagine Th\u00e9\u00e2tre Merk\u00e9n, una actividad de mediaci\u00f3n con la artista chilena radicada en Francia, Karla Gorigoitia. El viernes 6 de septiembre, en la ma\u00f1ana, habr\u00e1 funci\u00f3n de \u00abIMAGINARIA\u00bb para jardines infantiles JUNJI, de Compa\u00f1\u00eda La Coraje, y a las [&hellip;]\" \/>\n<meta property=\"og:url\" content=\"https:\/\/dev.antudigital.cl\/sites\/vc\/vejez-mundos-imaginarios-y-circo-nos-trae-septiembre-en-el-centro-cultural-ipa\/\" \/>\n<meta property=\"og:site_name\" content=\"Valpara\u00ed\u00adso Creativo\" \/>\n<meta property=\"article:published_time\" content=\"2024-08-26T23:37:01+00:00\" \/>\n<meta property=\"article:modified_time\" content=\"2024-08-26T23:37:23+00:00\" \/>\n<meta property=\"og:image\" content=\"https:\/\/dev.antudigital.cl\/sites\/vc\/wp-content\/uploads\/2024\/08\/EL-GRAN-CIRCO-INFLABLE-1.jpg\" \/>\n\t<meta property=\"og:image:width\" content=\"1528\" \/>\n\t<meta property=\"og:image:height\" content=\"1115\" \/>\n\t<meta property=\"og:image:type\" content=\"image\/jpeg\" \/>\n<meta name=\"author\" content=\"Valpara\u00edso Creativo\" \/>\n<meta name=\"twitter:card\" content=\"summary_large_image\" \/>\n<meta name=\"twitter:label1\" content=\"Escrito por\" \/>\n\t<meta name=\"twitter:data1\" content=\"Valpara\u00edso Creativo\" \/>\n\t<meta name=\"twitter:label2\" content=\"Tiempo de lectura\" \/>\n\t<meta name=\"twitter:data2\" content=\"4 minutos\" \/>\n<script type=\"application\/ld+json\" class=\"yoast-schema-graph\">{\"@context\":\"https:\/\/schema.org\",\"@graph\":[{\"@type\":\"Article\",\"@id\":\"https:\/\/dev.antudigital.cl\/sites\/vc\/vejez-mundos-imaginarios-y-circo-nos-trae-septiembre-en-el-centro-cultural-ipa\/#article\",\"isPartOf\":{\"@id\":\"https:\/\/dev.antudigital.cl\/sites\/vc\/vejez-mundos-imaginarios-y-circo-nos-trae-septiembre-en-el-centro-cultural-ipa\/\"},\"author\":{\"name\":\"Valpara\u00edso Creativo\",\"@id\":\"https:\/\/dev.antudigital.cl\/sites\/vc\/#\/schema\/person\/c2b9da8dd545e27166fc5ab232837318\"},\"headline\":\"Vejez, mundos imaginarios y circo nos trae septiembre en el Centro Cultural IPA\",\"datePublished\":\"2024-08-26T23:37:01+00:00\",\"dateModified\":\"2024-08-26T23:37:23+00:00\",\"mainEntityOfPage\":{\"@id\":\"https:\/\/dev.antudigital.cl\/sites\/vc\/vejez-mundos-imaginarios-y-circo-nos-trae-septiembre-en-el-centro-cultural-ipa\/\"},\"wordCount\":670,\"image\":{\"@id\":\"https:\/\/dev.antudigital.cl\/sites\/vc\/vejez-mundos-imaginarios-y-circo-nos-trae-septiembre-en-el-centro-cultural-ipa\/#primaryimage\"},\"thumbnailUrl\":\"https:\/\/dev.antudigital.cl\/sites\/vc\/wp-content\/uploads\/2024\/08\/EL-GRAN-CIRCO-INFLABLE-1.jpg\",\"articleSection\":[\"Noticia\"],\"inLanguage\":\"es\"},{\"@type\":\"WebPage\",\"@id\":\"https:\/\/dev.antudigital.cl\/sites\/vc\/vejez-mundos-imaginarios-y-circo-nos-trae-septiembre-en-el-centro-cultural-ipa\/\",\"url\":\"https:\/\/dev.antudigital.cl\/sites\/vc\/vejez-mundos-imaginarios-y-circo-nos-trae-septiembre-en-el-centro-cultural-ipa\/\",\"name\":\"Vejez, mundos imaginarios y circo nos trae septiembre en el Centro Cultural IPA - Valpara\u00ed\u00adso Creativo\",\"isPartOf\":{\"@id\":\"https:\/\/dev.antudigital.cl\/sites\/vc\/#website\"},\"primaryImageOfPage\":{\"@id\":\"https:\/\/dev.antudigital.cl\/sites\/vc\/vejez-mundos-imaginarios-y-circo-nos-trae-septiembre-en-el-centro-cultural-ipa\/#primaryimage\"},\"image\":{\"@id\":\"https:\/\/dev.antudigital.cl\/sites\/vc\/vejez-mundos-imaginarios-y-circo-nos-trae-septiembre-en-el-centro-cultural-ipa\/#primaryimage\"},\"thumbnailUrl\":\"https:\/\/dev.antudigital.cl\/sites\/vc\/wp-content\/uploads\/2024\/08\/EL-GRAN-CIRCO-INFLABLE-1.jpg\",\"datePublished\":\"2024-08-26T23:37:01+00:00\",\"dateModified\":\"2024-08-26T23:37:23+00:00\",\"author\":{\"@id\":\"https:\/\/dev.antudigital.cl\/sites\/vc\/#\/schema\/person\/c2b9da8dd545e27166fc5ab232837318\"},\"breadcrumb\":{\"@id\":\"https:\/\/dev.antudigital.cl\/sites\/vc\/vejez-mundos-imaginarios-y-circo-nos-trae-septiembre-en-el-centro-cultural-ipa\/#breadcrumb\"},\"inLanguage\":\"es\",\"potentialAction\":[{\"@type\":\"ReadAction\",\"target\":[\"https:\/\/dev.antudigital.cl\/sites\/vc\/vejez-mundos-imaginarios-y-circo-nos-trae-septiembre-en-el-centro-cultural-ipa\/\"]}]},{\"@type\":\"ImageObject\",\"inLanguage\":\"es\",\"@id\":\"https:\/\/dev.antudigital.cl\/sites\/vc\/vejez-mundos-imaginarios-y-circo-nos-trae-septiembre-en-el-centro-cultural-ipa\/#primaryimage\",\"url\":\"https:\/\/dev.antudigital.cl\/sites\/vc\/wp-content\/uploads\/2024\/08\/EL-GRAN-CIRCO-INFLABLE-1.jpg\",\"contentUrl\":\"https:\/\/dev.antudigital.cl\/sites\/vc\/wp-content\/uploads\/2024\/08\/EL-GRAN-CIRCO-INFLABLE-1.jpg\",\"width\":1528,\"height\":1115},{\"@type\":\"BreadcrumbList\",\"@id\":\"https:\/\/dev.antudigital.cl\/sites\/vc\/vejez-mundos-imaginarios-y-circo-nos-trae-septiembre-en-el-centro-cultural-ipa\/#breadcrumb\",\"itemListElement\":[{\"@type\":\"ListItem\",\"position\":1,\"name\":\"Home\",\"item\":\"https:\/\/dev.antudigital.cl\/sites\/vc\/\"},{\"@type\":\"ListItem\",\"position\":2,\"name\":\"Vejez, mundos imaginarios y circo nos trae septiembre en el Centro Cultural IPA\"}]},{\"@type\":\"WebSite\",\"@id\":\"https:\/\/dev.antudigital.cl\/sites\/vc\/#website\",\"url\":\"https:\/\/dev.antudigital.cl\/sites\/vc\/\",\"name\":\"Valpara\u00ed\u00adso Creativo\",\"description\":\"\",\"potentialAction\":[{\"@type\":\"SearchAction\",\"target\":{\"@type\":\"EntryPoint\",\"urlTemplate\":\"https:\/\/dev.antudigital.cl\/sites\/vc\/?s={search_term_string}\"},\"query-input\":{\"@type\":\"PropertyValueSpecification\",\"valueRequired\":true,\"valueName\":\"search_term_string\"}}],\"inLanguage\":\"es\"},{\"@type\":\"Person\",\"@id\":\"https:\/\/dev.antudigital.cl\/sites\/vc\/#\/schema\/person\/c2b9da8dd545e27166fc5ab232837318\",\"name\":\"Valpara\u00edso Creativo\",\"description\":\"Periodista de cultura en la Regi\u00f3n de Valpara\u00edso.\",\"url\":\"https:\/\/dev.antudigital.cl\/sites\/vc\/author\/valpoadmin\/\"}]}<\/script>\n<!-- \/ Yoast SEO plugin. -->","yoast_head_json":{"title":"Vejez, mundos imaginarios y circo nos trae septiembre en el Centro Cultural IPA - Valpara\u00ed\u00adso Creativo","robots":{"index":"index","follow":"follow","max-snippet":"max-snippet:-1","max-image-preview":"max-image-preview:large","max-video-preview":"max-video-preview:-1"},"canonical":"https:\/\/dev.antudigital.cl\/sites\/vc\/vejez-mundos-imaginarios-y-circo-nos-trae-septiembre-en-el-centro-cultural-ipa\/","og_locale":"es_ES","og_type":"article","og_title":"Vejez, mundos imaginarios y circo nos trae septiembre en el Centro Cultural IPA - Valpara\u00ed\u00adso Creativo","og_description":"El jueves 5 de septiembre a las 19:00 horas se presenta la obra \u00abAMAPOLA\u00bb de La Compagine Th\u00e9\u00e2tre Merk\u00e9n, una actividad de mediaci\u00f3n con la artista chilena radicada en Francia, Karla Gorigoitia. El viernes 6 de septiembre, en la ma\u00f1ana, habr\u00e1 funci\u00f3n de \u00abIMAGINARIA\u00bb para jardines infantiles JUNJI, de Compa\u00f1\u00eda La Coraje, y a las [&hellip;]","og_url":"https:\/\/dev.antudigital.cl\/sites\/vc\/vejez-mundos-imaginarios-y-circo-nos-trae-septiembre-en-el-centro-cultural-ipa\/","og_site_name":"Valpara\u00ed\u00adso Creativo","article_published_time":"2024-08-26T23:37:01+00:00","article_modified_time":"2024-08-26T23:37:23+00:00","og_image":[{"width":1528,"height":1115,"url":"https:\/\/dev.antudigital.cl\/sites\/vc\/wp-content\/uploads\/2024\/08\/EL-GRAN-CIRCO-INFLABLE-1.jpg","type":"image\/jpeg"}],"author":"Valpara\u00edso Creativo","twitter_card":"summary_large_image","twitter_misc":{"Escrito por":"Valpara\u00edso Creativo","Tiempo de lectura":"4 minutos"},"schema":{"@context":"https:\/\/schema.org","@graph":[{"@type":"Article","@id":"https:\/\/dev.antudigital.cl\/sites\/vc\/vejez-mundos-imaginarios-y-circo-nos-trae-septiembre-en-el-centro-cultural-ipa\/#article","isPartOf":{"@id":"https:\/\/dev.antudigital.cl\/sites\/vc\/vejez-mundos-imaginarios-y-circo-nos-trae-septiembre-en-el-centro-cultural-ipa\/"},"author":{"name":"Valpara\u00edso Creativo","@id":"https:\/\/dev.antudigital.cl\/sites\/vc\/#\/schema\/person\/c2b9da8dd545e27166fc5ab232837318"},"headline":"Vejez, mundos imaginarios y circo nos trae septiembre en el Centro Cultural IPA","datePublished":"2024-08-26T23:37:01+00:00","dateModified":"2024-08-26T23:37:23+00:00","mainEntityOfPage":{"@id":"https:\/\/dev.antudigital.cl\/sites\/vc\/vejez-mundos-imaginarios-y-circo-nos-trae-septiembre-en-el-centro-cultural-ipa\/"},"wordCount":670,"image":{"@id":"https:\/\/dev.antudigital.cl\/sites\/vc\/vejez-mundos-imaginarios-y-circo-nos-trae-septiembre-en-el-centro-cultural-ipa\/#primaryimage"},"thumbnailUrl":"https:\/\/dev.antudigital.cl\/sites\/vc\/wp-content\/uploads\/2024\/08\/EL-GRAN-CIRCO-INFLABLE-1.jpg","articleSection":["Noticia"],"inLanguage":"es"},{"@type":"WebPage","@id":"https:\/\/dev.antudigital.cl\/sites\/vc\/vejez-mundos-imaginarios-y-circo-nos-trae-septiembre-en-el-centro-cultural-ipa\/","url":"https:\/\/dev.antudigital.cl\/sites\/vc\/vejez-mundos-imaginarios-y-circo-nos-trae-septiembre-en-el-centro-cultural-ipa\/","name":"Vejez, mundos imaginarios y circo nos trae septiembre en el Centro Cultural IPA - Valpara\u00ed\u00adso Creativo","isPartOf":{"@id":"https:\/\/dev.antudigital.cl\/sites\/vc\/#website"},"primaryImageOfPage":{"@id":"https:\/\/dev.antudigital.cl\/sites\/vc\/vejez-mundos-imaginarios-y-circo-nos-trae-septiembre-en-el-centro-cultural-ipa\/#primaryimage"},"image":{"@id":"https:\/\/dev.antudigital.cl\/sites\/vc\/vejez-mundos-imaginarios-y-circo-nos-trae-septiembre-en-el-centro-cultural-ipa\/#primaryimage"},"thumbnailUrl":"https:\/\/dev.antudigital.cl\/sites\/vc\/wp-content\/uploads\/2024\/08\/EL-GRAN-CIRCO-INFLABLE-1.jpg","datePublished":"2024-08-26T23:37:01+00:00","dateModified":"2024-08-26T23:37:23+00:00","author":{"@id":"https:\/\/dev.antudigital.cl\/sites\/vc\/#\/schema\/person\/c2b9da8dd545e27166fc5ab232837318"},"breadcrumb":{"@id":"https:\/\/dev.antudigital.cl\/sites\/vc\/vejez-mundos-imaginarios-y-circo-nos-trae-septiembre-en-el-centro-cultural-ipa\/#breadcrumb"},"inLanguage":"es","potentialAction":[{"@type":"ReadAction","target":["https:\/\/dev.antudigital.cl\/sites\/vc\/vejez-mundos-imaginarios-y-circo-nos-trae-septiembre-en-el-centro-cultural-ipa\/"]}]},{"@type":"ImageObject","inLanguage":"es","@id":"https:\/\/dev.antudigital.cl\/sites\/vc\/vejez-mundos-imaginarios-y-circo-nos-trae-septiembre-en-el-centro-cultural-ipa\/#primaryimage","url":"https:\/\/dev.antudigital.cl\/sites\/vc\/wp-content\/uploads\/2024\/08\/EL-GRAN-CIRCO-INFLABLE-1.jpg","contentUrl":"https:\/\/dev.antudigital.cl\/sites\/vc\/wp-content\/uploads\/2024\/08\/EL-GRAN-CIRCO-INFLABLE-1.jpg","width":1528,"height":1115},{"@type":"BreadcrumbList","@id":"https:\/\/dev.antudigital.cl\/sites\/vc\/vejez-mundos-imaginarios-y-circo-nos-trae-septiembre-en-el-centro-cultural-ipa\/#breadcrumb","itemListElement":[{"@type":"ListItem","position":1,"name":"Home","item":"https:\/\/dev.antudigital.cl\/sites\/vc\/"},{"@type":"ListItem","position":2,"name":"Vejez, mundos imaginarios y circo nos trae septiembre en el Centro Cultural IPA"}]},{"@type":"WebSite","@id":"https:\/\/dev.antudigital.cl\/sites\/vc\/#website","url":"https:\/\/dev.antudigital.cl\/sites\/vc\/","name":"Valpara\u00ed\u00adso Creativo","description":"","potentialAction":[{"@type":"SearchAction","target":{"@type":"EntryPoint","urlTemplate":"https:\/\/dev.antudigital.cl\/sites\/vc\/?s={search_term_string}"},"query-input":{"@type":"PropertyValueSpecification","valueRequired":true,"valueName":"search_term_string"}}],"inLanguage":"es"},{"@type":"Person","@id":"https:\/\/dev.antudigital.cl\/sites\/vc\/#\/schema\/person\/c2b9da8dd545e27166fc5ab232837318","name":"Valpara\u00edso Creativo","description":"Periodista de cultura en la Regi\u00f3n de Valpara\u00edso.","url":"https:\/\/dev.antudigital.cl\/sites\/vc\/author\/valpoadmin\/"}]}},"_links":{"self":[{"href":"https:\/\/dev.antudigital.cl\/sites\/vc\/wp-json\/wp\/v2\/posts\/20125","targetHints":{"allow":["GET"]}}],"collection":[{"href":"https:\/\/dev.antudigital.cl\/sites\/vc\/wp-json\/wp\/v2\/posts"}],"about":[{"href":"https:\/\/dev.antudigital.cl\/sites\/vc\/wp-json\/wp\/v2\/types\/post"}],"author":[{"embeddable":true,"href":"https:\/\/dev.antudigital.cl\/sites\/vc\/wp-json\/wp\/v2\/users\/1"}],"replies":[{"embeddable":true,"href":"https:\/\/dev.antudigital.cl\/sites\/vc\/wp-json\/wp\/v2\/comments?post=20125"}],"version-history":[{"count":1,"href":"https:\/\/dev.antudigital.cl\/sites\/vc\/wp-json\/wp\/v2\/posts\/20125\/revisions"}],"predecessor-version":[{"id":20128,"href":"https:\/\/dev.antudigital.cl\/sites\/vc\/wp-json\/wp\/v2\/posts\/20125\/revisions\/20128"}],"wp:featuredmedia":[{"embeddable":true,"href":"https:\/\/dev.antudigital.cl\/sites\/vc\/wp-json\/wp\/v2\/media\/20126"}],"wp:attachment":[{"href":"https:\/\/dev.antudigital.cl\/sites\/vc\/wp-json\/wp\/v2\/media?parent=20125"}],"wp:term":[{"taxonomy":"category","embeddable":true,"href":"https:\/\/dev.antudigital.cl\/sites\/vc\/wp-json\/wp\/v2\/categories?post=20125"},{"taxonomy":"post_tag","embeddable":true,"href":"https:\/\/dev.antudigital.cl\/sites\/vc\/wp-json\/wp\/v2\/tags?post=20125"}],"curies":[{"name":"wp","href":"https:\/\/api.w.org\/{rel}","templated":true}]}}