{"id":20129,"date":"2024-08-26T23:43:35","date_gmt":"2024-08-26T23:43:35","guid":{"rendered":"https:\/\/www.valparaisocreativo.cl\/?p=20129"},"modified":"2024-08-26T23:43:52","modified_gmt":"2024-08-26T23:43:52","slug":"el-cine-chileno-regresa-a-insomnia-con-los-estrenos-el-ladron-de-perros-y-las-cosas-indefinidas","status":"publish","type":"post","link":"https:\/\/dev.antudigital.cl\/sites\/vc\/el-cine-chileno-regresa-a-insomnia-con-los-estrenos-el-ladron-de-perros-y-las-cosas-indefinidas\/","title":{"rendered":"El Cine Chileno regresa a INSOMNIA con los estrenos: \u00abEl Ladr\u00f3n de Perros\u00bb y \u201cLas cosas indefinidas\u201d"},"content":{"rendered":"\n<p>Relatos sensibles y profundos se toman la pantalla de INSOMNIA Teatro Condell con los estrenos de \u201cEl ladr\u00f3n de perros\u201d y \u201cLas cosas indefinidas\u201d. \u00abEl ladr\u00f3n de perros\u00bb es una pel\u00edcula escrita y dirigida por Vinko Tomi\u010di\u0107 Salinas. Filmada en La Paz, la pel\u00edcula fue ganadora del premio principal WIP Latino Los \u00c1ngeles 2021, obtuvo 7 galardones WIP en FIC Guadalajara 2021. Las cosas indefinidas es el tercer largometraje de la directora cordobesa Mar\u00eda Aparicio, protagonizado por la destacada actriz Eva Bianco que se estrenar\u00e1 con cine foro este viernes 30 de agosto a las 19:00 hrs. como parte de los Estrenos en RED 2024.<\/p>\n\n\n\n<p>El ladr\u00f3n de perros es un relato conmovedor que re\u00fane a un destacado elenco que incluye a Alfredo Castro, Teresa Ruiz y Franklin Aro. La pel\u00edcula narra la historia Mart\u00edn (15), un lustrabotas que trabaja en las calles de La Paz, Bolivia, quien decide robar&nbsp;el&nbsp;perro de su mejor cliente, un solitario sastre (Alfredo Castro) al que ha empezado a imaginar como su padre. El ladr\u00f3n de perros se estrena con cine foro este jueves 29 de agosto a las 18:00 hrs. con la participaci\u00f3n de su director Vinko Tomi\u010di\u0107 Salinas. Adem\u00e1s del estreno, se proyectar\u00e1 el s\u00e1bado 31 de agosto (19:00), mi\u00e9rcoles 4 de septiembre (18:30) y martes 10 de septiembre (18:00).<\/p>\n\n\n\n<p>Las cosas indefinidas es un \u00edntimo retrato de la amistad y el duelo que sigue a una montajista cuya vida se ve profundamente afectada tras la p\u00e9rdida de un amigo y colega. Dirigido por Mar\u00eda Aparicio y producido por Rodrigo Guerrero y Ana Apontes, es el tercer largometraje de la cineasta cordobesa, quien ya se ha transformado en una promesa del cine latinoamericano luego de Las calles (2016) y Sobre las nubes (2022), este \u00faltimo, ganador en la Competencia Largometraje del Festival de Cine de Valdivia en 2022.<\/p>\n\n\n\n<p>\u00abEsta nueva pel\u00edcula confirma a Mar\u00eda Aparicio como una de las cineastas contempor\u00e1neas m\u00e1s interesantes de Latinoam\u00e9rica en general y Argentina en particular. La directora de solo 32 a\u00f1os ha recibido numerosos reconocimientos internacionales con sus tres pel\u00edculas, las que tambi\u00e9n han sido ampliamente elogiadas en Chile\u201d, comenta Cynthia Garc\u00eda Calvo, encargada de programaci\u00f3n de la Red de Salas de Cine.&nbsp;<\/p>\n\n\n\n<p>Tras ser premiada en los festivales de Marsella, Gij\u00f3n, Valdivia y Mar del Plata, y una aplaudida presentaci\u00f3n en la \u00faltima versi\u00f3n de SANFIC, Las cosas indefinidas llega a INSOMNIA Teatro Condell gracias a la gesti\u00f3n de la Red de Salas de Cine, en el marco de Estrenos en RED, iniciativa que cuenta con el financiamiento del Ministerio de las Culturas, las Artes y el Patrimonio a trav\u00e9s de su Programa de Apoyo a Organizaciones Culturales Colaboradoras.<\/p>\n\n\n\n<p>Las cosas indefinidas es una sutil reflexi\u00f3n sobre la creaci\u00f3n y la p\u00e9rdida que retrata a Eva, una mujer de cincuenta a\u00f1os que se dedica a editar pel\u00edculas. Mientras trabaja junto a su asistente Rami en un largometraje sobre personas con ceguera, parece haber perdido el entusiasmo por el cine. A esto se suma la reciente muerte de su amigo Juan, un director de cine cuyas pel\u00edculas ella editaba, que la ha marcado profundamente.<\/p>\n\n\n\n<p>\u201cMar\u00eda demuestra su madurez como creadora para narrar una historia que reflexiona sobre el proceso creativo, las im\u00e1genes y el cine, pero tambi\u00e9n sobre el duelo, la memoria y el tiempo. Es tambi\u00e9n interesante que la obra se genera desde la provincia de C\u00f3rdoba, de donde ella es oriunda, lo que permite al espectador acercarse a otros escenarios, colores y acentos, que escapan a la hegemon\u00eda de la producci\u00f3n cinematogr\u00e1fica de la gran capital\u201d, explica Garc\u00eda Calvo.<\/p>\n\n\n\n<p>La pel\u00edcula ser\u00e1 estrenada en INSOMNIA este viernes 30 de agosto a las 19:00 horas con la participaci\u00f3n de su directora, Mar\u00eda Aparicio y tendr\u00e1 m\u00e1s funciones en septiembre los d\u00edas martes 3 (18:30) y viernes 13 (17:00). Para m\u00e1s informaci\u00f3n visita&nbsp;<a href=\"http:\/\/www.insomniacine.cl\/\" target=\"_blank\" rel=\"noreferrer noopener\">www.insomniacine.cl<\/a>.<\/p>\n","protected":false},"excerpt":{"rendered":"<p>Relatos sensibles y profundos se toman la pantalla de INSOMNIA Teatro Condell con los estrenos de \u201cEl ladr\u00f3n de perros\u201d y \u201cLas cosas indefinidas\u201d. \u00abEl ladr\u00f3n de perros\u00bb es una pel\u00edcula escrita y dirigida por Vinko Tomi\u010di\u0107 Salinas. Filmada en La Paz, la pel\u00edcula fue ganadora del premio principal WIP Latino Los \u00c1ngeles 2021, obtuvo [&hellip;]<\/p>\n","protected":false},"author":1,"featured_media":20130,"comment_status":"closed","ping_status":"closed","sticky":false,"template":"","format":"standard","meta":{"_acf_changed":false,"footnotes":""},"categories":[8],"tags":[],"class_list":["post-20129","post","type-post","status-publish","format-standard","has-post-thumbnail","hentry","category-noticia"],"acf":[],"yoast_head":"<!-- This site is optimized with the Yoast SEO plugin v27.1.1 - https:\/\/yoast.com\/product\/yoast-seo-wordpress\/ -->\n<title>El Cine Chileno regresa a INSOMNIA con los estrenos: &quot;El Ladr\u00f3n de Perros&quot; y \u201cLas cosas indefinidas\u201d - Valpara\u00ed\u00adso Creativo<\/title>\n<meta name=\"robots\" content=\"index, follow, max-snippet:-1, max-image-preview:large, max-video-preview:-1\" \/>\n<link rel=\"canonical\" href=\"https:\/\/dev.antudigital.cl\/sites\/vc\/el-cine-chileno-regresa-a-insomnia-con-los-estrenos-el-ladron-de-perros-y-las-cosas-indefinidas\/\" \/>\n<meta property=\"og:locale\" content=\"es_ES\" \/>\n<meta property=\"og:type\" content=\"article\" \/>\n<meta property=\"og:title\" content=\"El Cine Chileno regresa a INSOMNIA con los estrenos: &quot;El Ladr\u00f3n de Perros&quot; y \u201cLas cosas indefinidas\u201d - Valpara\u00ed\u00adso Creativo\" \/>\n<meta property=\"og:description\" content=\"Relatos sensibles y profundos se toman la pantalla de INSOMNIA Teatro Condell con los estrenos de \u201cEl ladr\u00f3n de perros\u201d y \u201cLas cosas indefinidas\u201d. \u00abEl ladr\u00f3n de perros\u00bb es una pel\u00edcula escrita y dirigida por Vinko Tomi\u010di\u0107 Salinas. Filmada en La Paz, la pel\u00edcula fue ganadora del premio principal WIP Latino Los \u00c1ngeles 2021, obtuvo [&hellip;]\" \/>\n<meta property=\"og:url\" content=\"https:\/\/dev.antudigital.cl\/sites\/vc\/el-cine-chileno-regresa-a-insomnia-con-los-estrenos-el-ladron-de-perros-y-las-cosas-indefinidas\/\" \/>\n<meta property=\"og:site_name\" content=\"Valpara\u00ed\u00adso Creativo\" \/>\n<meta property=\"article:published_time\" content=\"2024-08-26T23:43:35+00:00\" \/>\n<meta property=\"article:modified_time\" content=\"2024-08-26T23:43:52+00:00\" \/>\n<meta property=\"og:image\" content=\"https:\/\/dev.antudigital.cl\/sites\/vc\/wp-content\/uploads\/2024\/08\/IMG_4731.jpg\" \/>\n\t<meta property=\"og:image:width\" content=\"2362\" \/>\n\t<meta property=\"og:image:height\" content=\"1575\" \/>\n\t<meta property=\"og:image:type\" content=\"image\/jpeg\" \/>\n<meta name=\"author\" content=\"Valpara\u00edso Creativo\" \/>\n<meta name=\"twitter:card\" content=\"summary_large_image\" \/>\n<meta name=\"twitter:label1\" content=\"Escrito por\" \/>\n\t<meta name=\"twitter:data1\" content=\"Valpara\u00edso Creativo\" \/>\n\t<meta name=\"twitter:label2\" content=\"Tiempo de lectura\" \/>\n\t<meta name=\"twitter:data2\" content=\"4 minutos\" \/>\n<script type=\"application\/ld+json\" class=\"yoast-schema-graph\">{\"@context\":\"https:\/\/schema.org\",\"@graph\":[{\"@type\":\"Article\",\"@id\":\"https:\/\/dev.antudigital.cl\/sites\/vc\/el-cine-chileno-regresa-a-insomnia-con-los-estrenos-el-ladron-de-perros-y-las-cosas-indefinidas\/#article\",\"isPartOf\":{\"@id\":\"https:\/\/dev.antudigital.cl\/sites\/vc\/el-cine-chileno-regresa-a-insomnia-con-los-estrenos-el-ladron-de-perros-y-las-cosas-indefinidas\/\"},\"author\":{\"name\":\"Valpara\u00edso Creativo\",\"@id\":\"https:\/\/dev.antudigital.cl\/sites\/vc\/#\/schema\/person\/c2b9da8dd545e27166fc5ab232837318\"},\"headline\":\"El Cine Chileno regresa a INSOMNIA con los estrenos: \u00abEl Ladr\u00f3n de Perros\u00bb y \u201cLas cosas indefinidas\u201d\",\"datePublished\":\"2024-08-26T23:43:35+00:00\",\"dateModified\":\"2024-08-26T23:43:52+00:00\",\"mainEntityOfPage\":{\"@id\":\"https:\/\/dev.antudigital.cl\/sites\/vc\/el-cine-chileno-regresa-a-insomnia-con-los-estrenos-el-ladron-de-perros-y-las-cosas-indefinidas\/\"},\"wordCount\":693,\"image\":{\"@id\":\"https:\/\/dev.antudigital.cl\/sites\/vc\/el-cine-chileno-regresa-a-insomnia-con-los-estrenos-el-ladron-de-perros-y-las-cosas-indefinidas\/#primaryimage\"},\"thumbnailUrl\":\"https:\/\/dev.antudigital.cl\/sites\/vc\/wp-content\/uploads\/2024\/08\/IMG_4731.jpg\",\"articleSection\":[\"Noticia\"],\"inLanguage\":\"es\"},{\"@type\":\"WebPage\",\"@id\":\"https:\/\/dev.antudigital.cl\/sites\/vc\/el-cine-chileno-regresa-a-insomnia-con-los-estrenos-el-ladron-de-perros-y-las-cosas-indefinidas\/\",\"url\":\"https:\/\/dev.antudigital.cl\/sites\/vc\/el-cine-chileno-regresa-a-insomnia-con-los-estrenos-el-ladron-de-perros-y-las-cosas-indefinidas\/\",\"name\":\"El Cine Chileno regresa a INSOMNIA con los estrenos: \\\"El Ladr\u00f3n de Perros\\\" y \u201cLas cosas indefinidas\u201d - Valpara\u00ed\u00adso Creativo\",\"isPartOf\":{\"@id\":\"https:\/\/dev.antudigital.cl\/sites\/vc\/#website\"},\"primaryImageOfPage\":{\"@id\":\"https:\/\/dev.antudigital.cl\/sites\/vc\/el-cine-chileno-regresa-a-insomnia-con-los-estrenos-el-ladron-de-perros-y-las-cosas-indefinidas\/#primaryimage\"},\"image\":{\"@id\":\"https:\/\/dev.antudigital.cl\/sites\/vc\/el-cine-chileno-regresa-a-insomnia-con-los-estrenos-el-ladron-de-perros-y-las-cosas-indefinidas\/#primaryimage\"},\"thumbnailUrl\":\"https:\/\/dev.antudigital.cl\/sites\/vc\/wp-content\/uploads\/2024\/08\/IMG_4731.jpg\",\"datePublished\":\"2024-08-26T23:43:35+00:00\",\"dateModified\":\"2024-08-26T23:43:52+00:00\",\"author\":{\"@id\":\"https:\/\/dev.antudigital.cl\/sites\/vc\/#\/schema\/person\/c2b9da8dd545e27166fc5ab232837318\"},\"breadcrumb\":{\"@id\":\"https:\/\/dev.antudigital.cl\/sites\/vc\/el-cine-chileno-regresa-a-insomnia-con-los-estrenos-el-ladron-de-perros-y-las-cosas-indefinidas\/#breadcrumb\"},\"inLanguage\":\"es\",\"potentialAction\":[{\"@type\":\"ReadAction\",\"target\":[\"https:\/\/dev.antudigital.cl\/sites\/vc\/el-cine-chileno-regresa-a-insomnia-con-los-estrenos-el-ladron-de-perros-y-las-cosas-indefinidas\/\"]}]},{\"@type\":\"ImageObject\",\"inLanguage\":\"es\",\"@id\":\"https:\/\/dev.antudigital.cl\/sites\/vc\/el-cine-chileno-regresa-a-insomnia-con-los-estrenos-el-ladron-de-perros-y-las-cosas-indefinidas\/#primaryimage\",\"url\":\"https:\/\/dev.antudigital.cl\/sites\/vc\/wp-content\/uploads\/2024\/08\/IMG_4731.jpg\",\"contentUrl\":\"https:\/\/dev.antudigital.cl\/sites\/vc\/wp-content\/uploads\/2024\/08\/IMG_4731.jpg\",\"width\":2362,\"height\":1575},{\"@type\":\"BreadcrumbList\",\"@id\":\"https:\/\/dev.antudigital.cl\/sites\/vc\/el-cine-chileno-regresa-a-insomnia-con-los-estrenos-el-ladron-de-perros-y-las-cosas-indefinidas\/#breadcrumb\",\"itemListElement\":[{\"@type\":\"ListItem\",\"position\":1,\"name\":\"Home\",\"item\":\"https:\/\/dev.antudigital.cl\/sites\/vc\/\"},{\"@type\":\"ListItem\",\"position\":2,\"name\":\"El Cine Chileno regresa a INSOMNIA con los estrenos: \u00abEl Ladr\u00f3n de Perros\u00bb y \u201cLas cosas indefinidas\u201d\"}]},{\"@type\":\"WebSite\",\"@id\":\"https:\/\/dev.antudigital.cl\/sites\/vc\/#website\",\"url\":\"https:\/\/dev.antudigital.cl\/sites\/vc\/\",\"name\":\"Valpara\u00ed\u00adso Creativo\",\"description\":\"\",\"potentialAction\":[{\"@type\":\"SearchAction\",\"target\":{\"@type\":\"EntryPoint\",\"urlTemplate\":\"https:\/\/dev.antudigital.cl\/sites\/vc\/?s={search_term_string}\"},\"query-input\":{\"@type\":\"PropertyValueSpecification\",\"valueRequired\":true,\"valueName\":\"search_term_string\"}}],\"inLanguage\":\"es\"},{\"@type\":\"Person\",\"@id\":\"https:\/\/dev.antudigital.cl\/sites\/vc\/#\/schema\/person\/c2b9da8dd545e27166fc5ab232837318\",\"name\":\"Valpara\u00edso Creativo\",\"description\":\"Periodista de cultura en la Regi\u00f3n de Valpara\u00edso.\",\"url\":\"https:\/\/dev.antudigital.cl\/sites\/vc\/author\/valpoadmin\/\"}]}<\/script>\n<!-- \/ Yoast SEO plugin. -->","yoast_head_json":{"title":"El Cine Chileno regresa a INSOMNIA con los estrenos: \"El Ladr\u00f3n de Perros\" y \u201cLas cosas indefinidas\u201d - Valpara\u00ed\u00adso Creativo","robots":{"index":"index","follow":"follow","max-snippet":"max-snippet:-1","max-image-preview":"max-image-preview:large","max-video-preview":"max-video-preview:-1"},"canonical":"https:\/\/dev.antudigital.cl\/sites\/vc\/el-cine-chileno-regresa-a-insomnia-con-los-estrenos-el-ladron-de-perros-y-las-cosas-indefinidas\/","og_locale":"es_ES","og_type":"article","og_title":"El Cine Chileno regresa a INSOMNIA con los estrenos: \"El Ladr\u00f3n de Perros\" y \u201cLas cosas indefinidas\u201d - Valpara\u00ed\u00adso Creativo","og_description":"Relatos sensibles y profundos se toman la pantalla de INSOMNIA Teatro Condell con los estrenos de \u201cEl ladr\u00f3n de perros\u201d y \u201cLas cosas indefinidas\u201d. \u00abEl ladr\u00f3n de perros\u00bb es una pel\u00edcula escrita y dirigida por Vinko Tomi\u010di\u0107 Salinas. Filmada en La Paz, la pel\u00edcula fue ganadora del premio principal WIP Latino Los \u00c1ngeles 2021, obtuvo [&hellip;]","og_url":"https:\/\/dev.antudigital.cl\/sites\/vc\/el-cine-chileno-regresa-a-insomnia-con-los-estrenos-el-ladron-de-perros-y-las-cosas-indefinidas\/","og_site_name":"Valpara\u00ed\u00adso Creativo","article_published_time":"2024-08-26T23:43:35+00:00","article_modified_time":"2024-08-26T23:43:52+00:00","og_image":[{"width":2362,"height":1575,"url":"https:\/\/dev.antudigital.cl\/sites\/vc\/wp-content\/uploads\/2024\/08\/IMG_4731.jpg","type":"image\/jpeg"}],"author":"Valpara\u00edso Creativo","twitter_card":"summary_large_image","twitter_misc":{"Escrito por":"Valpara\u00edso Creativo","Tiempo de lectura":"4 minutos"},"schema":{"@context":"https:\/\/schema.org","@graph":[{"@type":"Article","@id":"https:\/\/dev.antudigital.cl\/sites\/vc\/el-cine-chileno-regresa-a-insomnia-con-los-estrenos-el-ladron-de-perros-y-las-cosas-indefinidas\/#article","isPartOf":{"@id":"https:\/\/dev.antudigital.cl\/sites\/vc\/el-cine-chileno-regresa-a-insomnia-con-los-estrenos-el-ladron-de-perros-y-las-cosas-indefinidas\/"},"author":{"name":"Valpara\u00edso Creativo","@id":"https:\/\/dev.antudigital.cl\/sites\/vc\/#\/schema\/person\/c2b9da8dd545e27166fc5ab232837318"},"headline":"El Cine Chileno regresa a INSOMNIA con los estrenos: \u00abEl Ladr\u00f3n de Perros\u00bb y \u201cLas cosas indefinidas\u201d","datePublished":"2024-08-26T23:43:35+00:00","dateModified":"2024-08-26T23:43:52+00:00","mainEntityOfPage":{"@id":"https:\/\/dev.antudigital.cl\/sites\/vc\/el-cine-chileno-regresa-a-insomnia-con-los-estrenos-el-ladron-de-perros-y-las-cosas-indefinidas\/"},"wordCount":693,"image":{"@id":"https:\/\/dev.antudigital.cl\/sites\/vc\/el-cine-chileno-regresa-a-insomnia-con-los-estrenos-el-ladron-de-perros-y-las-cosas-indefinidas\/#primaryimage"},"thumbnailUrl":"https:\/\/dev.antudigital.cl\/sites\/vc\/wp-content\/uploads\/2024\/08\/IMG_4731.jpg","articleSection":["Noticia"],"inLanguage":"es"},{"@type":"WebPage","@id":"https:\/\/dev.antudigital.cl\/sites\/vc\/el-cine-chileno-regresa-a-insomnia-con-los-estrenos-el-ladron-de-perros-y-las-cosas-indefinidas\/","url":"https:\/\/dev.antudigital.cl\/sites\/vc\/el-cine-chileno-regresa-a-insomnia-con-los-estrenos-el-ladron-de-perros-y-las-cosas-indefinidas\/","name":"El Cine Chileno regresa a INSOMNIA con los estrenos: \"El Ladr\u00f3n de Perros\" y \u201cLas cosas indefinidas\u201d - Valpara\u00ed\u00adso Creativo","isPartOf":{"@id":"https:\/\/dev.antudigital.cl\/sites\/vc\/#website"},"primaryImageOfPage":{"@id":"https:\/\/dev.antudigital.cl\/sites\/vc\/el-cine-chileno-regresa-a-insomnia-con-los-estrenos-el-ladron-de-perros-y-las-cosas-indefinidas\/#primaryimage"},"image":{"@id":"https:\/\/dev.antudigital.cl\/sites\/vc\/el-cine-chileno-regresa-a-insomnia-con-los-estrenos-el-ladron-de-perros-y-las-cosas-indefinidas\/#primaryimage"},"thumbnailUrl":"https:\/\/dev.antudigital.cl\/sites\/vc\/wp-content\/uploads\/2024\/08\/IMG_4731.jpg","datePublished":"2024-08-26T23:43:35+00:00","dateModified":"2024-08-26T23:43:52+00:00","author":{"@id":"https:\/\/dev.antudigital.cl\/sites\/vc\/#\/schema\/person\/c2b9da8dd545e27166fc5ab232837318"},"breadcrumb":{"@id":"https:\/\/dev.antudigital.cl\/sites\/vc\/el-cine-chileno-regresa-a-insomnia-con-los-estrenos-el-ladron-de-perros-y-las-cosas-indefinidas\/#breadcrumb"},"inLanguage":"es","potentialAction":[{"@type":"ReadAction","target":["https:\/\/dev.antudigital.cl\/sites\/vc\/el-cine-chileno-regresa-a-insomnia-con-los-estrenos-el-ladron-de-perros-y-las-cosas-indefinidas\/"]}]},{"@type":"ImageObject","inLanguage":"es","@id":"https:\/\/dev.antudigital.cl\/sites\/vc\/el-cine-chileno-regresa-a-insomnia-con-los-estrenos-el-ladron-de-perros-y-las-cosas-indefinidas\/#primaryimage","url":"https:\/\/dev.antudigital.cl\/sites\/vc\/wp-content\/uploads\/2024\/08\/IMG_4731.jpg","contentUrl":"https:\/\/dev.antudigital.cl\/sites\/vc\/wp-content\/uploads\/2024\/08\/IMG_4731.jpg","width":2362,"height":1575},{"@type":"BreadcrumbList","@id":"https:\/\/dev.antudigital.cl\/sites\/vc\/el-cine-chileno-regresa-a-insomnia-con-los-estrenos-el-ladron-de-perros-y-las-cosas-indefinidas\/#breadcrumb","itemListElement":[{"@type":"ListItem","position":1,"name":"Home","item":"https:\/\/dev.antudigital.cl\/sites\/vc\/"},{"@type":"ListItem","position":2,"name":"El Cine Chileno regresa a INSOMNIA con los estrenos: \u00abEl Ladr\u00f3n de Perros\u00bb y \u201cLas cosas indefinidas\u201d"}]},{"@type":"WebSite","@id":"https:\/\/dev.antudigital.cl\/sites\/vc\/#website","url":"https:\/\/dev.antudigital.cl\/sites\/vc\/","name":"Valpara\u00ed\u00adso Creativo","description":"","potentialAction":[{"@type":"SearchAction","target":{"@type":"EntryPoint","urlTemplate":"https:\/\/dev.antudigital.cl\/sites\/vc\/?s={search_term_string}"},"query-input":{"@type":"PropertyValueSpecification","valueRequired":true,"valueName":"search_term_string"}}],"inLanguage":"es"},{"@type":"Person","@id":"https:\/\/dev.antudigital.cl\/sites\/vc\/#\/schema\/person\/c2b9da8dd545e27166fc5ab232837318","name":"Valpara\u00edso Creativo","description":"Periodista de cultura en la Regi\u00f3n de Valpara\u00edso.","url":"https:\/\/dev.antudigital.cl\/sites\/vc\/author\/valpoadmin\/"}]}},"_links":{"self":[{"href":"https:\/\/dev.antudigital.cl\/sites\/vc\/wp-json\/wp\/v2\/posts\/20129","targetHints":{"allow":["GET"]}}],"collection":[{"href":"https:\/\/dev.antudigital.cl\/sites\/vc\/wp-json\/wp\/v2\/posts"}],"about":[{"href":"https:\/\/dev.antudigital.cl\/sites\/vc\/wp-json\/wp\/v2\/types\/post"}],"author":[{"embeddable":true,"href":"https:\/\/dev.antudigital.cl\/sites\/vc\/wp-json\/wp\/v2\/users\/1"}],"replies":[{"embeddable":true,"href":"https:\/\/dev.antudigital.cl\/sites\/vc\/wp-json\/wp\/v2\/comments?post=20129"}],"version-history":[{"count":1,"href":"https:\/\/dev.antudigital.cl\/sites\/vc\/wp-json\/wp\/v2\/posts\/20129\/revisions"}],"predecessor-version":[{"id":20131,"href":"https:\/\/dev.antudigital.cl\/sites\/vc\/wp-json\/wp\/v2\/posts\/20129\/revisions\/20131"}],"wp:featuredmedia":[{"embeddable":true,"href":"https:\/\/dev.antudigital.cl\/sites\/vc\/wp-json\/wp\/v2\/media\/20130"}],"wp:attachment":[{"href":"https:\/\/dev.antudigital.cl\/sites\/vc\/wp-json\/wp\/v2\/media?parent=20129"}],"wp:term":[{"taxonomy":"category","embeddable":true,"href":"https:\/\/dev.antudigital.cl\/sites\/vc\/wp-json\/wp\/v2\/categories?post=20129"},{"taxonomy":"post_tag","embeddable":true,"href":"https:\/\/dev.antudigital.cl\/sites\/vc\/wp-json\/wp\/v2\/tags?post=20129"}],"curies":[{"name":"wp","href":"https:\/\/api.w.org\/{rel}","templated":true}]}}