{"id":20132,"date":"2024-08-26T23:56:59","date_gmt":"2024-08-26T23:56:59","guid":{"rendered":"https:\/\/www.valparaisocreativo.cl\/?p=20132"},"modified":"2024-08-26T23:57:16","modified_gmt":"2024-08-26T23:57:16","slug":"el-valor-de-las-artes-circenses-y-exploracion-corporal","status":"publish","type":"post","link":"https:\/\/dev.antudigital.cl\/sites\/vc\/el-valor-de-las-artes-circenses-y-exploracion-corporal\/","title":{"rendered":"El valor de las artes circenses y exploraci\u00f3n corporal"},"content":{"rendered":"\n<p>Daniela Schuster es artista circense, gestora y co-fundadora de la Compa\u00f1\u00eda Enaires, que este a\u00f1o se integr\u00f3 a los comit\u00e9s gestores de Valpara\u00edso Creativo. Su trabajo tiene que ver con disciplinas a\u00e9reas y elementos que llevan a la exploraci\u00f3n corporal, en esta entrevista nos cont\u00f3 de su trabajo.<\/p>\n\n\n\n<p>Te invitamos a conocer m\u00e1s de lo que hacen Enaires, ubicados en la Ex Maestranza Bar\u00f3n, en Valpara\u00edso:<\/p>\n\n\n\n<p><strong>Primero, si me puedes contar un poquito m\u00e1s de ti, \u00bfqu\u00e9 haces y cu\u00e1les son tus \u00e1reas de inter\u00e9s?&nbsp;<\/strong><\/p>\n\n\n\n<p>&#8211; Soy Daniela Schuster, estudi\u00e9 licenciatura en artes y me he dedicado hace muchos a\u00f1os a la investigaci\u00f3n corporal, principalmente de acrobacias a\u00e9reas y performance. Este ha sido mi campo de profundizaci\u00f3n, y desde ah\u00ed el desarrollo de la compa\u00f1\u00eda Enaires, vinculada con el circo, el arte sonoro y las artes integradas.&nbsp;<\/p>\n\n\n\n<p>No era solamente el circo lo que me interesaba, entonces quise relacionarlo con otras \u00e1reas. He participado con muchos colectivos, tambi\u00e9n estuve muchos a\u00f1os trabajando en Carpa Azul, como gestora y de a poco me independice y comenzamos a darle m\u00e1s potencia a la compa\u00f1\u00eda Enaires.<\/p>\n\n\n\n<p><strong>Hoy se ubican en la Ex Maestranza Bar\u00f3n, \u00bfc\u00f3mo llegaron a instalarse en este lugar?<\/strong><\/p>\n\n\n\n<p>&#8211; Hemos participado en muchos lugares, impulsamos que se hiciera el espacio de circo en la Ex-C\u00e1rcel, en el Parque Cultural. Luego de ese proceso, nos fuimos al Cerro Bar\u00f3n y estuvimos seis a\u00f1os trabajando en la Carpa Azul. Buscando autonom\u00eda, bajamos al plan y estuvimos en el antiguo Centro Cultural Traf\u00f3n. Volvimos a la Ex-C\u00e1rcel y trabajamos ah\u00ed hasta que lleg\u00f3 la oportunidad el a\u00f1o 2019, de utilizar uno de los galpones de la Ex Maestranza.&nbsp;<\/p>\n\n\n\n<p>En ese proceso intermedio nosotros empezamos a formalizarnos y armamos la personalidad jur\u00eddica del Centro Cultural. Todo nos sirvi\u00f3 para fortalecernos y empezar a desarrollar una programaci\u00f3n a largo plazo y pensar c\u00f3mo pod\u00edamos aportar, no solamente desde el \u00e1rea esc\u00e9nica, sino m\u00e1s comunitaria o con un foco en la formaci\u00f3n e interacci\u00f3n con otras personas.&nbsp;<\/p>\n\n\n\n<figure class=\"wp-block-image size-large\"><img fetchpriority=\"high\" decoding=\"async\" width=\"768\" height=\"1024\" src=\"https:\/\/www.valparaisocreativo.cl\/wp-content\/uploads\/2024\/08\/WhatsApp-Image-2024-08-26-at-12.02.06-PM-768x1024.jpeg\" alt=\"\" class=\"wp-image-20134\" srcset=\"https:\/\/dev.antudigital.cl\/sites\/vc\/wp-content\/uploads\/2024\/08\/WhatsApp-Image-2024-08-26-at-12.02.06-PM-768x1024.jpeg 768w, https:\/\/dev.antudigital.cl\/sites\/vc\/wp-content\/uploads\/2024\/08\/WhatsApp-Image-2024-08-26-at-12.02.06-PM-225x300.jpeg 225w, https:\/\/dev.antudigital.cl\/sites\/vc\/wp-content\/uploads\/2024\/08\/WhatsApp-Image-2024-08-26-at-12.02.06-PM-1152x1536.jpeg 1152w, https:\/\/dev.antudigital.cl\/sites\/vc\/wp-content\/uploads\/2024\/08\/WhatsApp-Image-2024-08-26-at-12.02.06-PM-1080x1440.jpeg 1080w, https:\/\/dev.antudigital.cl\/sites\/vc\/wp-content\/uploads\/2024\/08\/WhatsApp-Image-2024-08-26-at-12.02.06-PM-980x1307.jpeg 980w, https:\/\/dev.antudigital.cl\/sites\/vc\/wp-content\/uploads\/2024\/08\/WhatsApp-Image-2024-08-26-at-12.02.06-PM-480x640.jpeg 480w, https:\/\/dev.antudigital.cl\/sites\/vc\/wp-content\/uploads\/2024\/08\/WhatsApp-Image-2024-08-26-at-12.02.06-PM-18x24.jpeg 18w, https:\/\/dev.antudigital.cl\/sites\/vc\/wp-content\/uploads\/2024\/08\/WhatsApp-Image-2024-08-26-at-12.02.06-PM-27x36.jpeg 27w, https:\/\/dev.antudigital.cl\/sites\/vc\/wp-content\/uploads\/2024\/08\/WhatsApp-Image-2024-08-26-at-12.02.06-PM-36x48.jpeg 36w, https:\/\/dev.antudigital.cl\/sites\/vc\/wp-content\/uploads\/2024\/08\/WhatsApp-Image-2024-08-26-at-12.02.06-PM.jpeg 1200w\" sizes=\"(max-width: 768px) 100vw, 768px\" \/><\/figure>\n\n\n\n<p><strong>Cu\u00e9ntame un poco m\u00e1s de esto, de trabajar con otras organizaciones en Tornamesa, en su historia, si puedes describir lo importante que ha sido la colaboraci\u00f3n en sus distintas etapas.&nbsp;<\/strong><\/p>\n\n\n\n<p>&#8211; Nosotros siempre hemos trabajado de forma articulada. Siento que en Valpara\u00edso se da mucho, sobre todo en las artes, donde siempre ha existido una manera de sobrevivir a trav\u00e9s de la articulaci\u00f3n, de hacer redes. Hemos trabajado con muchos colectivos y agrupaciones, entre ellas Taller El Litre, que es un espacio de arte y oficios. Tambi\u00e9n con el colectivo Urgente Delirio.<\/p>\n\n\n\n<p>Ahora trabajamos en articulaci\u00f3n con un centro cultural que est\u00e1 al lado de la Carpa Azul,, un espacio comunitario, y con una fundaci\u00f3n de Rancagua. Es parte de la naturaleza de las organizaciones poder articularse, para generar redes y trabajar colaborativamente, es la manera en que podemos perdurar en el tiempo.<\/p>\n\n\n\n<p>Hoy, en asociatividad con la fundaci\u00f3n de Rancagua, hacemos trabajo comunitario y circo. Desarrollamos el \u00e1rea de formaci\u00f3n y nos gustar\u00eda proyectarlo a largo plazo ac\u00e1 en Valpara\u00edso, un espacio que sea m\u00e1s institucional de formaci\u00f3n en artes circenses. Yo pienso, y tambi\u00e9n lo comparto con mis compa\u00f1eros, que Valpara\u00edso tiene todas las caracter\u00edsticas para ser un polo cultural con una escuela federada de artes circenses. De verdad tenemos muy buenos profesionales y nos interesa darle continuidad en el tiempo, en colaboraci\u00f3n con otros estamentos.&nbsp;<\/p>\n\n\n\n<p><strong>Ustedes tienen talleres constantes y tambi\u00e9n presentaciones de programaci\u00f3n calendarizada, cu\u00e9ntanos un poco m\u00e1s de eso.<\/strong><\/p>\n\n\n\n<p>&#8211; La compa\u00f1\u00eda tiene un elenco estable de siete personas y estamos con tres montajes, para distintos p\u00fablicos. Una es <em>Entrelazados<\/em>, una experimentaci\u00f3n desde las artes visuales. Otra es infantil, <em>Reciclando Ando, dijo el gato<\/em>, para toda la familia y finalmente tenemos una que se llama S<em>ue\u00f1o de Voces a la Libertad<\/em>.<\/p>\n\n\n\n<figure class=\"wp-block-image size-large\"><img decoding=\"async\" width=\"768\" height=\"1024\" src=\"https:\/\/www.valparaisocreativo.cl\/wp-content\/uploads\/2024\/08\/WhatsApp-Image-2024-08-26-at-11.56.45-AM-768x1024.jpeg\" alt=\"\" class=\"wp-image-20135\" srcset=\"https:\/\/dev.antudigital.cl\/sites\/vc\/wp-content\/uploads\/2024\/08\/WhatsApp-Image-2024-08-26-at-11.56.45-AM-768x1024.jpeg 768w, https:\/\/dev.antudigital.cl\/sites\/vc\/wp-content\/uploads\/2024\/08\/WhatsApp-Image-2024-08-26-at-11.56.45-AM-225x300.jpeg 225w, https:\/\/dev.antudigital.cl\/sites\/vc\/wp-content\/uploads\/2024\/08\/WhatsApp-Image-2024-08-26-at-11.56.45-AM-1152x1536.jpeg 1152w, https:\/\/dev.antudigital.cl\/sites\/vc\/wp-content\/uploads\/2024\/08\/WhatsApp-Image-2024-08-26-at-11.56.45-AM-1080x1440.jpeg 1080w, https:\/\/dev.antudigital.cl\/sites\/vc\/wp-content\/uploads\/2024\/08\/WhatsApp-Image-2024-08-26-at-11.56.45-AM-980x1307.jpeg 980w, https:\/\/dev.antudigital.cl\/sites\/vc\/wp-content\/uploads\/2024\/08\/WhatsApp-Image-2024-08-26-at-11.56.45-AM-480x640.jpeg 480w, https:\/\/dev.antudigital.cl\/sites\/vc\/wp-content\/uploads\/2024\/08\/WhatsApp-Image-2024-08-26-at-11.56.45-AM-18x24.jpeg 18w, https:\/\/dev.antudigital.cl\/sites\/vc\/wp-content\/uploads\/2024\/08\/WhatsApp-Image-2024-08-26-at-11.56.45-AM-27x36.jpeg 27w, https:\/\/dev.antudigital.cl\/sites\/vc\/wp-content\/uploads\/2024\/08\/WhatsApp-Image-2024-08-26-at-11.56.45-AM-36x48.jpeg 36w, https:\/\/dev.antudigital.cl\/sites\/vc\/wp-content\/uploads\/2024\/08\/WhatsApp-Image-2024-08-26-at-11.56.45-AM.jpeg 1200w\" sizes=\"(max-width: 768px) 100vw, 768px\" \/><\/figure>\n\n\n\n<p><strong>\u00bfC\u00f3mo es su relaci\u00f3n con la comunidad?&nbsp;<\/strong><\/p>\n\n\n\n<p>&#8211; un hito importante que logramos sostener desde que llegamos a la Tornamesa el 2019, son los Encuentros integrales de circo y se suma el Encuentro de Artes A\u00e9reas. Hicimos una invitaci\u00f3n a artistas de la zona para desarrollar un laboratorio de creaci\u00f3n donde se armaron dos obras.<\/p>\n\n\n\n<p>Adem\u00e1s empezamos con talleres gratuitos a la comunidad, hemos ido lento, primero abri\u00e9ndonos un espacio. Con los encuentros hemos podido extendernos a otras localidades como La Calera o La Ligua.&nbsp;<\/p>\n\n\n\n<p>De alguna forma siento que estar en Tornamesa nos ha permitido esta visibilizaci\u00f3n y un v\u00ednculo regional.<\/p>\n\n\n\n<p><strong>Quer\u00eda saber un poco m\u00e1s sobre qu\u00e9 es la investigaci\u00f3n corporal enfocada en lo a\u00e9reo.<\/strong><\/p>\n\n\n\n<p>&#8211; las disciplinas a\u00e9reas son muy amplias, y hay diversos elementos a\u00e9reos con los que puedes trabajar. Lo m\u00e1s com\u00fan es el trapecio o la tela, pero a partir de ah\u00ed, cuando empiezas a desarrollar tu corporalidad, tu expresi\u00f3n y la fuerza f\u00edsica, se abre un mundo de posibilidades donde puedes expresarte con otros objetos.&nbsp;<\/p>\n\n\n\n<p>En mi investigaci\u00f3n, he ido probando con diversos elementos, lo que me ha permitido entender c\u00f3mo es mi cuerpo al interactuar con estos elementos y c\u00f3mo va cambiando, cu\u00e1les son las formas necesarias para tener un contrapeso, un punto de apoyo, o c\u00f3mo puedo expresar pl\u00e1sticamente. Desde ah\u00ed se van construyendo varias capas. Es un descubrimiento constante de posibilidades en la corporalidad extendida con un elemento suspendido. Es m\u00e1s que solamente hacer tela o trapecio, creo que es una experiencia individual muy interesante y \u00fanica.<\/p>\n\n\n\n<figure class=\"wp-block-image size-large\"><img decoding=\"async\" width=\"768\" height=\"1024\" src=\"https:\/\/www.valparaisocreativo.cl\/wp-content\/uploads\/2024\/08\/WhatsApp-Image-2024-08-26-at-12.01.06-PM-768x1024.jpeg\" alt=\"\" class=\"wp-image-20136\" srcset=\"https:\/\/dev.antudigital.cl\/sites\/vc\/wp-content\/uploads\/2024\/08\/WhatsApp-Image-2024-08-26-at-12.01.06-PM-768x1024.jpeg 768w, https:\/\/dev.antudigital.cl\/sites\/vc\/wp-content\/uploads\/2024\/08\/WhatsApp-Image-2024-08-26-at-12.01.06-PM-225x300.jpeg 225w, https:\/\/dev.antudigital.cl\/sites\/vc\/wp-content\/uploads\/2024\/08\/WhatsApp-Image-2024-08-26-at-12.01.06-PM-1152x1536.jpeg 1152w, https:\/\/dev.antudigital.cl\/sites\/vc\/wp-content\/uploads\/2024\/08\/WhatsApp-Image-2024-08-26-at-12.01.06-PM-1080x1440.jpeg 1080w, https:\/\/dev.antudigital.cl\/sites\/vc\/wp-content\/uploads\/2024\/08\/WhatsApp-Image-2024-08-26-at-12.01.06-PM-980x1307.jpeg 980w, https:\/\/dev.antudigital.cl\/sites\/vc\/wp-content\/uploads\/2024\/08\/WhatsApp-Image-2024-08-26-at-12.01.06-PM-480x640.jpeg 480w, https:\/\/dev.antudigital.cl\/sites\/vc\/wp-content\/uploads\/2024\/08\/WhatsApp-Image-2024-08-26-at-12.01.06-PM-18x24.jpeg 18w, https:\/\/dev.antudigital.cl\/sites\/vc\/wp-content\/uploads\/2024\/08\/WhatsApp-Image-2024-08-26-at-12.01.06-PM-27x36.jpeg 27w, https:\/\/dev.antudigital.cl\/sites\/vc\/wp-content\/uploads\/2024\/08\/WhatsApp-Image-2024-08-26-at-12.01.06-PM-36x48.jpeg 36w, https:\/\/dev.antudigital.cl\/sites\/vc\/wp-content\/uploads\/2024\/08\/WhatsApp-Image-2024-08-26-at-12.01.06-PM.jpeg 1200w\" sizes=\"(max-width: 768px) 100vw, 768px\" \/><\/figure>\n\n\n\n<p><strong>Desde tu pr\u00e1ctica, \u00bfc\u00f3mo describes el bienestar que genera el trabajo a\u00e9reo en quienes los practican?<\/strong><\/p>\n\n\n\n<p>&#8211; Lo hermoso es que cualquier persona lo puede practicar. Al principio hay un cambio positivo en tu cuerpo, y en tu mente, creando un h\u00e1bito y&nbsp; una comunidad. Es una experiencia de salud mental y por otra parte, un desaf\u00edo para&nbsp; construir una forma de interactuar con un objeto y enfocar tu fuerza. entendiendo que es un proceso y tambi\u00e9n existen frustraciones en el camino, pero que una vez pasado un punto lo puedes lograr. Por mi lado, experimento el beneficio psicol\u00f3gico y f\u00edsico, porque el circo a\u00e9reo es un arte muy integral.<\/p>\n\n\n\n<p><strong>considerando las cosas que hemos hablado, quiero ir al otro lado, y preguntarte qu\u00e9 oportunidades visualizas para el sector.&nbsp;<\/strong><\/p>\n\n\n\n<p>&#8211; Siempre he visto oportunidades en todos lados y creo que a partir del trabajo y la generaci\u00f3n de confianza, caminamos paso a paso. Como lo que hacemos ahora, una oportunidad para llegar a m\u00e1s personas, que la gente conozca nuestro trabajo. Tambi\u00e9n creemos que capacitarse es s\u00faper importante. Hay nuevos medios que explorar, infinitas posibilidades.<\/p>\n\n\n\n<p><strong>\u00bfCu\u00e1l ser\u00eda la invitaci\u00f3n a quienes nos leen para conocerlos m\u00e1s?<\/strong><\/p>\n\n\n\n<p>&#8211; Que vayan a Tornamesa, siempre vamos a estar dispuestos a tener un di\u00e1logo, a conocernos. Tambi\u00e9n estamos dispuestos a ir donde quieran para generar intercambios. La invitaci\u00f3n est\u00e1 abierta a vivir la experiencia de conocer lo que hacemos en vivo, aunque sea una sola vez. Nosotros cuando tenemos funciones la difundimos por las redes, y adem\u00e1s tenemos una programaci\u00f3n anual de talleres. Estamos constantemente funcionando.&nbsp;<\/p>\n\n\n\n<figure class=\"wp-block-image size-large\"><img loading=\"lazy\" decoding=\"async\" width=\"768\" height=\"1024\" src=\"https:\/\/www.valparaisocreativo.cl\/wp-content\/uploads\/2024\/08\/WhatsApp-Image-2024-08-26-at-12.01.07-PM-768x1024.jpeg\" alt=\"\" class=\"wp-image-20137\" srcset=\"https:\/\/dev.antudigital.cl\/sites\/vc\/wp-content\/uploads\/2024\/08\/WhatsApp-Image-2024-08-26-at-12.01.07-PM-768x1024.jpeg 768w, https:\/\/dev.antudigital.cl\/sites\/vc\/wp-content\/uploads\/2024\/08\/WhatsApp-Image-2024-08-26-at-12.01.07-PM-225x300.jpeg 225w, https:\/\/dev.antudigital.cl\/sites\/vc\/wp-content\/uploads\/2024\/08\/WhatsApp-Image-2024-08-26-at-12.01.07-PM-1152x1536.jpeg 1152w, https:\/\/dev.antudigital.cl\/sites\/vc\/wp-content\/uploads\/2024\/08\/WhatsApp-Image-2024-08-26-at-12.01.07-PM-1080x1440.jpeg 1080w, https:\/\/dev.antudigital.cl\/sites\/vc\/wp-content\/uploads\/2024\/08\/WhatsApp-Image-2024-08-26-at-12.01.07-PM-980x1307.jpeg 980w, https:\/\/dev.antudigital.cl\/sites\/vc\/wp-content\/uploads\/2024\/08\/WhatsApp-Image-2024-08-26-at-12.01.07-PM-480x640.jpeg 480w, https:\/\/dev.antudigital.cl\/sites\/vc\/wp-content\/uploads\/2024\/08\/WhatsApp-Image-2024-08-26-at-12.01.07-PM-18x24.jpeg 18w, https:\/\/dev.antudigital.cl\/sites\/vc\/wp-content\/uploads\/2024\/08\/WhatsApp-Image-2024-08-26-at-12.01.07-PM-27x36.jpeg 27w, https:\/\/dev.antudigital.cl\/sites\/vc\/wp-content\/uploads\/2024\/08\/WhatsApp-Image-2024-08-26-at-12.01.07-PM-36x48.jpeg 36w, https:\/\/dev.antudigital.cl\/sites\/vc\/wp-content\/uploads\/2024\/08\/WhatsApp-Image-2024-08-26-at-12.01.07-PM.jpeg 1200w\" sizes=\"(max-width: 768px) 100vw, 768px\" \/><\/figure>\n\n\n\n<p><strong><a href=\"https:\/\/www.instagram.com\/enaires.cl\/\">Conoce m\u00e1s de Enaires en sus redes sociales y web.<\/a><\/strong><\/p>\n","protected":false},"excerpt":{"rendered":"<p>Daniela Schuster es artista circense, gestora y co-fundadora de la Compa\u00f1\u00eda Enaires, que este a\u00f1o se integr\u00f3 a los comit\u00e9s gestores de Valpara\u00edso Creativo. Su trabajo tiene que ver con disciplinas a\u00e9reas y elementos que llevan a la exploraci\u00f3n corporal, en esta entrevista nos cont\u00f3 de su trabajo. Te invitamos a conocer m\u00e1s de lo [&hellip;]<\/p>\n","protected":false},"author":1,"featured_media":20133,"comment_status":"closed","ping_status":"closed","sticky":false,"template":"","format":"standard","meta":{"_acf_changed":false,"footnotes":""},"categories":[218],"tags":[],"class_list":["post-20132","post","type-post","status-publish","format-standard","has-post-thumbnail","hentry","category-blog"],"acf":[],"yoast_head":"<!-- This site is optimized with the Yoast SEO plugin v27.1.1 - https:\/\/yoast.com\/product\/yoast-seo-wordpress\/ -->\n<title>El valor de las artes circenses y exploraci\u00f3n corporal - Valpara\u00ed\u00adso Creativo<\/title>\n<meta name=\"robots\" content=\"index, follow, max-snippet:-1, max-image-preview:large, max-video-preview:-1\" \/>\n<link rel=\"canonical\" href=\"https:\/\/dev.antudigital.cl\/sites\/vc\/el-valor-de-las-artes-circenses-y-exploracion-corporal\/\" \/>\n<meta property=\"og:locale\" content=\"es_ES\" \/>\n<meta property=\"og:type\" content=\"article\" \/>\n<meta property=\"og:title\" content=\"El valor de las artes circenses y exploraci\u00f3n corporal - Valpara\u00ed\u00adso Creativo\" \/>\n<meta property=\"og:description\" content=\"Daniela Schuster es artista circense, gestora y co-fundadora de la Compa\u00f1\u00eda Enaires, que este a\u00f1o se integr\u00f3 a los comit\u00e9s gestores de Valpara\u00edso Creativo. Su trabajo tiene que ver con disciplinas a\u00e9reas y elementos que llevan a la exploraci\u00f3n corporal, en esta entrevista nos cont\u00f3 de su trabajo. Te invitamos a conocer m\u00e1s de lo [&hellip;]\" \/>\n<meta property=\"og:url\" content=\"https:\/\/dev.antudigital.cl\/sites\/vc\/el-valor-de-las-artes-circenses-y-exploracion-corporal\/\" \/>\n<meta property=\"og:site_name\" content=\"Valpara\u00ed\u00adso Creativo\" \/>\n<meta property=\"article:published_time\" content=\"2024-08-26T23:56:59+00:00\" \/>\n<meta property=\"article:modified_time\" content=\"2024-08-26T23:57:16+00:00\" \/>\n<meta property=\"og:image\" content=\"https:\/\/dev.antudigital.cl\/sites\/vc\/wp-content\/uploads\/2024\/08\/WhatsApp-Image-2024-08-26-at-12.26.01-PM.jpeg\" \/>\n\t<meta property=\"og:image:width\" content=\"1600\" \/>\n\t<meta property=\"og:image:height\" content=\"1200\" \/>\n\t<meta property=\"og:image:type\" content=\"image\/jpeg\" \/>\n<meta name=\"author\" content=\"Valpara\u00edso Creativo\" \/>\n<meta name=\"twitter:card\" content=\"summary_large_image\" \/>\n<meta name=\"twitter:label1\" content=\"Escrito por\" \/>\n\t<meta name=\"twitter:data1\" content=\"Valpara\u00edso Creativo\" \/>\n\t<meta name=\"twitter:label2\" content=\"Tiempo de lectura\" \/>\n\t<meta name=\"twitter:data2\" content=\"7 minutos\" \/>\n<script type=\"application\/ld+json\" class=\"yoast-schema-graph\">{\"@context\":\"https:\/\/schema.org\",\"@graph\":[{\"@type\":\"Article\",\"@id\":\"https:\/\/dev.antudigital.cl\/sites\/vc\/el-valor-de-las-artes-circenses-y-exploracion-corporal\/#article\",\"isPartOf\":{\"@id\":\"https:\/\/dev.antudigital.cl\/sites\/vc\/el-valor-de-las-artes-circenses-y-exploracion-corporal\/\"},\"author\":{\"name\":\"Valpara\u00edso Creativo\",\"@id\":\"https:\/\/dev.antudigital.cl\/sites\/vc\/#\/schema\/person\/c2b9da8dd545e27166fc5ab232837318\"},\"headline\":\"El valor de las artes circenses y exploraci\u00f3n corporal\",\"datePublished\":\"2024-08-26T23:56:59+00:00\",\"dateModified\":\"2024-08-26T23:57:16+00:00\",\"mainEntityOfPage\":{\"@id\":\"https:\/\/dev.antudigital.cl\/sites\/vc\/el-valor-de-las-artes-circenses-y-exploracion-corporal\/\"},\"wordCount\":1292,\"image\":{\"@id\":\"https:\/\/dev.antudigital.cl\/sites\/vc\/el-valor-de-las-artes-circenses-y-exploracion-corporal\/#primaryimage\"},\"thumbnailUrl\":\"https:\/\/dev.antudigital.cl\/sites\/vc\/wp-content\/uploads\/2024\/08\/WhatsApp-Image-2024-08-26-at-12.26.01-PM.jpeg\",\"articleSection\":[\"Blog\"],\"inLanguage\":\"es\"},{\"@type\":\"WebPage\",\"@id\":\"https:\/\/dev.antudigital.cl\/sites\/vc\/el-valor-de-las-artes-circenses-y-exploracion-corporal\/\",\"url\":\"https:\/\/dev.antudigital.cl\/sites\/vc\/el-valor-de-las-artes-circenses-y-exploracion-corporal\/\",\"name\":\"El valor de las artes circenses y exploraci\u00f3n corporal - Valpara\u00ed\u00adso Creativo\",\"isPartOf\":{\"@id\":\"https:\/\/dev.antudigital.cl\/sites\/vc\/#website\"},\"primaryImageOfPage\":{\"@id\":\"https:\/\/dev.antudigital.cl\/sites\/vc\/el-valor-de-las-artes-circenses-y-exploracion-corporal\/#primaryimage\"},\"image\":{\"@id\":\"https:\/\/dev.antudigital.cl\/sites\/vc\/el-valor-de-las-artes-circenses-y-exploracion-corporal\/#primaryimage\"},\"thumbnailUrl\":\"https:\/\/dev.antudigital.cl\/sites\/vc\/wp-content\/uploads\/2024\/08\/WhatsApp-Image-2024-08-26-at-12.26.01-PM.jpeg\",\"datePublished\":\"2024-08-26T23:56:59+00:00\",\"dateModified\":\"2024-08-26T23:57:16+00:00\",\"author\":{\"@id\":\"https:\/\/dev.antudigital.cl\/sites\/vc\/#\/schema\/person\/c2b9da8dd545e27166fc5ab232837318\"},\"breadcrumb\":{\"@id\":\"https:\/\/dev.antudigital.cl\/sites\/vc\/el-valor-de-las-artes-circenses-y-exploracion-corporal\/#breadcrumb\"},\"inLanguage\":\"es\",\"potentialAction\":[{\"@type\":\"ReadAction\",\"target\":[\"https:\/\/dev.antudigital.cl\/sites\/vc\/el-valor-de-las-artes-circenses-y-exploracion-corporal\/\"]}]},{\"@type\":\"ImageObject\",\"inLanguage\":\"es\",\"@id\":\"https:\/\/dev.antudigital.cl\/sites\/vc\/el-valor-de-las-artes-circenses-y-exploracion-corporal\/#primaryimage\",\"url\":\"https:\/\/dev.antudigital.cl\/sites\/vc\/wp-content\/uploads\/2024\/08\/WhatsApp-Image-2024-08-26-at-12.26.01-PM.jpeg\",\"contentUrl\":\"https:\/\/dev.antudigital.cl\/sites\/vc\/wp-content\/uploads\/2024\/08\/WhatsApp-Image-2024-08-26-at-12.26.01-PM.jpeg\",\"width\":1600,\"height\":1200},{\"@type\":\"BreadcrumbList\",\"@id\":\"https:\/\/dev.antudigital.cl\/sites\/vc\/el-valor-de-las-artes-circenses-y-exploracion-corporal\/#breadcrumb\",\"itemListElement\":[{\"@type\":\"ListItem\",\"position\":1,\"name\":\"Home\",\"item\":\"https:\/\/dev.antudigital.cl\/sites\/vc\/\"},{\"@type\":\"ListItem\",\"position\":2,\"name\":\"El valor de las artes circenses y exploraci\u00f3n corporal\"}]},{\"@type\":\"WebSite\",\"@id\":\"https:\/\/dev.antudigital.cl\/sites\/vc\/#website\",\"url\":\"https:\/\/dev.antudigital.cl\/sites\/vc\/\",\"name\":\"Valpara\u00ed\u00adso Creativo\",\"description\":\"\",\"potentialAction\":[{\"@type\":\"SearchAction\",\"target\":{\"@type\":\"EntryPoint\",\"urlTemplate\":\"https:\/\/dev.antudigital.cl\/sites\/vc\/?s={search_term_string}\"},\"query-input\":{\"@type\":\"PropertyValueSpecification\",\"valueRequired\":true,\"valueName\":\"search_term_string\"}}],\"inLanguage\":\"es\"},{\"@type\":\"Person\",\"@id\":\"https:\/\/dev.antudigital.cl\/sites\/vc\/#\/schema\/person\/c2b9da8dd545e27166fc5ab232837318\",\"name\":\"Valpara\u00edso Creativo\",\"description\":\"Periodista de cultura en la Regi\u00f3n de Valpara\u00edso.\",\"url\":\"https:\/\/dev.antudigital.cl\/sites\/vc\/author\/valpoadmin\/\"}]}<\/script>\n<!-- \/ Yoast SEO plugin. -->","yoast_head_json":{"title":"El valor de las artes circenses y exploraci\u00f3n corporal - Valpara\u00ed\u00adso Creativo","robots":{"index":"index","follow":"follow","max-snippet":"max-snippet:-1","max-image-preview":"max-image-preview:large","max-video-preview":"max-video-preview:-1"},"canonical":"https:\/\/dev.antudigital.cl\/sites\/vc\/el-valor-de-las-artes-circenses-y-exploracion-corporal\/","og_locale":"es_ES","og_type":"article","og_title":"El valor de las artes circenses y exploraci\u00f3n corporal - Valpara\u00ed\u00adso Creativo","og_description":"Daniela Schuster es artista circense, gestora y co-fundadora de la Compa\u00f1\u00eda Enaires, que este a\u00f1o se integr\u00f3 a los comit\u00e9s gestores de Valpara\u00edso Creativo. Su trabajo tiene que ver con disciplinas a\u00e9reas y elementos que llevan a la exploraci\u00f3n corporal, en esta entrevista nos cont\u00f3 de su trabajo. Te invitamos a conocer m\u00e1s de lo [&hellip;]","og_url":"https:\/\/dev.antudigital.cl\/sites\/vc\/el-valor-de-las-artes-circenses-y-exploracion-corporal\/","og_site_name":"Valpara\u00ed\u00adso Creativo","article_published_time":"2024-08-26T23:56:59+00:00","article_modified_time":"2024-08-26T23:57:16+00:00","og_image":[{"width":1600,"height":1200,"url":"https:\/\/dev.antudigital.cl\/sites\/vc\/wp-content\/uploads\/2024\/08\/WhatsApp-Image-2024-08-26-at-12.26.01-PM.jpeg","type":"image\/jpeg"}],"author":"Valpara\u00edso Creativo","twitter_card":"summary_large_image","twitter_misc":{"Escrito por":"Valpara\u00edso Creativo","Tiempo de lectura":"7 minutos"},"schema":{"@context":"https:\/\/schema.org","@graph":[{"@type":"Article","@id":"https:\/\/dev.antudigital.cl\/sites\/vc\/el-valor-de-las-artes-circenses-y-exploracion-corporal\/#article","isPartOf":{"@id":"https:\/\/dev.antudigital.cl\/sites\/vc\/el-valor-de-las-artes-circenses-y-exploracion-corporal\/"},"author":{"name":"Valpara\u00edso Creativo","@id":"https:\/\/dev.antudigital.cl\/sites\/vc\/#\/schema\/person\/c2b9da8dd545e27166fc5ab232837318"},"headline":"El valor de las artes circenses y exploraci\u00f3n corporal","datePublished":"2024-08-26T23:56:59+00:00","dateModified":"2024-08-26T23:57:16+00:00","mainEntityOfPage":{"@id":"https:\/\/dev.antudigital.cl\/sites\/vc\/el-valor-de-las-artes-circenses-y-exploracion-corporal\/"},"wordCount":1292,"image":{"@id":"https:\/\/dev.antudigital.cl\/sites\/vc\/el-valor-de-las-artes-circenses-y-exploracion-corporal\/#primaryimage"},"thumbnailUrl":"https:\/\/dev.antudigital.cl\/sites\/vc\/wp-content\/uploads\/2024\/08\/WhatsApp-Image-2024-08-26-at-12.26.01-PM.jpeg","articleSection":["Blog"],"inLanguage":"es"},{"@type":"WebPage","@id":"https:\/\/dev.antudigital.cl\/sites\/vc\/el-valor-de-las-artes-circenses-y-exploracion-corporal\/","url":"https:\/\/dev.antudigital.cl\/sites\/vc\/el-valor-de-las-artes-circenses-y-exploracion-corporal\/","name":"El valor de las artes circenses y exploraci\u00f3n corporal - Valpara\u00ed\u00adso Creativo","isPartOf":{"@id":"https:\/\/dev.antudigital.cl\/sites\/vc\/#website"},"primaryImageOfPage":{"@id":"https:\/\/dev.antudigital.cl\/sites\/vc\/el-valor-de-las-artes-circenses-y-exploracion-corporal\/#primaryimage"},"image":{"@id":"https:\/\/dev.antudigital.cl\/sites\/vc\/el-valor-de-las-artes-circenses-y-exploracion-corporal\/#primaryimage"},"thumbnailUrl":"https:\/\/dev.antudigital.cl\/sites\/vc\/wp-content\/uploads\/2024\/08\/WhatsApp-Image-2024-08-26-at-12.26.01-PM.jpeg","datePublished":"2024-08-26T23:56:59+00:00","dateModified":"2024-08-26T23:57:16+00:00","author":{"@id":"https:\/\/dev.antudigital.cl\/sites\/vc\/#\/schema\/person\/c2b9da8dd545e27166fc5ab232837318"},"breadcrumb":{"@id":"https:\/\/dev.antudigital.cl\/sites\/vc\/el-valor-de-las-artes-circenses-y-exploracion-corporal\/#breadcrumb"},"inLanguage":"es","potentialAction":[{"@type":"ReadAction","target":["https:\/\/dev.antudigital.cl\/sites\/vc\/el-valor-de-las-artes-circenses-y-exploracion-corporal\/"]}]},{"@type":"ImageObject","inLanguage":"es","@id":"https:\/\/dev.antudigital.cl\/sites\/vc\/el-valor-de-las-artes-circenses-y-exploracion-corporal\/#primaryimage","url":"https:\/\/dev.antudigital.cl\/sites\/vc\/wp-content\/uploads\/2024\/08\/WhatsApp-Image-2024-08-26-at-12.26.01-PM.jpeg","contentUrl":"https:\/\/dev.antudigital.cl\/sites\/vc\/wp-content\/uploads\/2024\/08\/WhatsApp-Image-2024-08-26-at-12.26.01-PM.jpeg","width":1600,"height":1200},{"@type":"BreadcrumbList","@id":"https:\/\/dev.antudigital.cl\/sites\/vc\/el-valor-de-las-artes-circenses-y-exploracion-corporal\/#breadcrumb","itemListElement":[{"@type":"ListItem","position":1,"name":"Home","item":"https:\/\/dev.antudigital.cl\/sites\/vc\/"},{"@type":"ListItem","position":2,"name":"El valor de las artes circenses y exploraci\u00f3n corporal"}]},{"@type":"WebSite","@id":"https:\/\/dev.antudigital.cl\/sites\/vc\/#website","url":"https:\/\/dev.antudigital.cl\/sites\/vc\/","name":"Valpara\u00ed\u00adso Creativo","description":"","potentialAction":[{"@type":"SearchAction","target":{"@type":"EntryPoint","urlTemplate":"https:\/\/dev.antudigital.cl\/sites\/vc\/?s={search_term_string}"},"query-input":{"@type":"PropertyValueSpecification","valueRequired":true,"valueName":"search_term_string"}}],"inLanguage":"es"},{"@type":"Person","@id":"https:\/\/dev.antudigital.cl\/sites\/vc\/#\/schema\/person\/c2b9da8dd545e27166fc5ab232837318","name":"Valpara\u00edso Creativo","description":"Periodista de cultura en la Regi\u00f3n de Valpara\u00edso.","url":"https:\/\/dev.antudigital.cl\/sites\/vc\/author\/valpoadmin\/"}]}},"_links":{"self":[{"href":"https:\/\/dev.antudigital.cl\/sites\/vc\/wp-json\/wp\/v2\/posts\/20132","targetHints":{"allow":["GET"]}}],"collection":[{"href":"https:\/\/dev.antudigital.cl\/sites\/vc\/wp-json\/wp\/v2\/posts"}],"about":[{"href":"https:\/\/dev.antudigital.cl\/sites\/vc\/wp-json\/wp\/v2\/types\/post"}],"author":[{"embeddable":true,"href":"https:\/\/dev.antudigital.cl\/sites\/vc\/wp-json\/wp\/v2\/users\/1"}],"replies":[{"embeddable":true,"href":"https:\/\/dev.antudigital.cl\/sites\/vc\/wp-json\/wp\/v2\/comments?post=20132"}],"version-history":[{"count":1,"href":"https:\/\/dev.antudigital.cl\/sites\/vc\/wp-json\/wp\/v2\/posts\/20132\/revisions"}],"predecessor-version":[{"id":20138,"href":"https:\/\/dev.antudigital.cl\/sites\/vc\/wp-json\/wp\/v2\/posts\/20132\/revisions\/20138"}],"wp:featuredmedia":[{"embeddable":true,"href":"https:\/\/dev.antudigital.cl\/sites\/vc\/wp-json\/wp\/v2\/media\/20133"}],"wp:attachment":[{"href":"https:\/\/dev.antudigital.cl\/sites\/vc\/wp-json\/wp\/v2\/media?parent=20132"}],"wp:term":[{"taxonomy":"category","embeddable":true,"href":"https:\/\/dev.antudigital.cl\/sites\/vc\/wp-json\/wp\/v2\/categories?post=20132"},{"taxonomy":"post_tag","embeddable":true,"href":"https:\/\/dev.antudigital.cl\/sites\/vc\/wp-json\/wp\/v2\/tags?post=20132"}],"curies":[{"name":"wp","href":"https:\/\/api.w.org\/{rel}","templated":true}]}}