{"id":20141,"date":"2024-08-27T13:42:57","date_gmt":"2024-08-27T13:42:57","guid":{"rendered":"https:\/\/www.valparaisocreativo.cl\/?p=20141"},"modified":"2024-08-27T13:43:16","modified_gmt":"2024-08-27T13:43:16","slug":"entrevista-a-maria-aparicio-nuevo-estreno-red-de-salas-llega-a-valparaiso-desde-cordoba","status":"publish","type":"post","link":"https:\/\/dev.antudigital.cl\/sites\/vc\/entrevista-a-maria-aparicio-nuevo-estreno-red-de-salas-llega-a-valparaiso-desde-cordoba\/","title":{"rendered":"Entrevista a Mar\u00eda Aparicio: nuevo estreno Red de Salas llega a Valpara\u00edso desde C\u00f3rdoba"},"content":{"rendered":"\n<p>Mar\u00eda Aparicio es directora de cine y docente de la disciplina. Esta semana se encuentra en Chile debido al estreno de su \u00faltima pel\u00edcula, <em>Las cosas indefinidas, <\/em>\u00faltimo estreno de Red de Salas de Cine que la lleva por diversas ciudades del pa\u00eds.<\/p>\n\n\n\n<p>En el filme, Mar\u00eda &#8211; quien es de C\u00f3rdoba, donde reside y trabaja &#8211; aborda el ejercicio del montaje cinematogr\u00e1fico enfoc\u00e1ndose en la relaci\u00f3n con los archivos, im\u00e1genes y sonidos, y c\u00f3mo esto se conecta con un duelo o la ausencia que nos genera la p\u00e9rdida de una persona.<\/p>\n\n\n\n<p>Conversamos con Mar\u00eda en torno a esta tem\u00e1tica y otras en la siguiente entrevista:<\/p>\n\n\n\n<p><strong>Quisiera saber c\u00f3mo es que llegas a la convocatoria de Red de Salas de Cine en Chile, \u00bfc\u00f3mo fue ese proceso?<\/strong><\/p>\n\n\n\n<p>&#8211; Yo ya sab\u00eda de la existencia de Red de Salas por otros amigos y colegas que hab\u00edan ya participado a\u00f1os anteriores. Justo los d\u00edas en los que estaba ocurriendo la convocatoria, un amigo chileno, que vive en Buenos Aires, me escribi\u00f3 y me dijo \u00abMir\u00e1, Maru, est\u00e1 esta convocatoria, mand\u00e1<em> Las cosas indefinidas<\/em>\u00bb. As\u00ed que fue gracias a \u00e9l, a Miguel. Y bueno, recibimos la grata noticia de que hab\u00edan elegido la pel\u00edcula para formar parte de este estreno en Red.<\/p>\n\n\n\n<p><strong>En tu experiencia tambi\u00e9n con tus otras pel\u00edculas, \u00bfc\u00f3mo es este camino de buscar la distribuci\u00f3n tanto en tu pa\u00eds como en otros a nivel latinoamericano?&nbsp;<\/strong><\/p>\n\n\n\n<p>&#8211; La verdad que es siempre un asunto dif\u00edcil el de la distribuci\u00f3n y la exhibici\u00f3n, porque en general hacer las pel\u00edculas es muy costoso, implica mucho trabajo y mucho dinero tambi\u00e9n, dependiendo un poco en funci\u00f3n de qu\u00e9 pel\u00edcula estemos hablando. Cuando pensamos en las dificultades de una pel\u00edcula siempre est\u00e1n los costos del rodaje, la dificultad de llevar adelante ese proyecto y dem\u00e1s.&nbsp;<\/p>\n\n\n\n<p>Una vez que la pel\u00edcula est\u00e1 lista, la exhibici\u00f3n y la distribuci\u00f3n tambi\u00e9n implica un costo y un trabajo muy grande, \u00bfcu\u00e1l es el problema? Que para las pel\u00edculas independientes o m\u00e1s peque\u00f1as o de una producci\u00f3n, llegar a la etapa de la exhibici\u00f3n sin la posibilidad de armar una estrategia espec\u00edfica es un gran problema. Incluso si pensamos en todos los fondos que existen para apoyo para filmar, siempre son justamente eso, dinero que se destina para poder cubrir los costos del rodaje. Hay muy pocas convocatorias como las que existen a trav\u00e9s de la Red de Salas de Chile, para pensar la distribuci\u00f3n o para que una pel\u00edcula pueda tener apoyo en la distribuci\u00f3n.&nbsp;<\/p>\n\n\n\n<p>Hay siempre un punto ciego en el recorrido de las pel\u00edculas y lo que pasa es que nuestras pel\u00edculas terminan dependiendo del camino que puedan hacer a trav\u00e9s de festivales, ya que poder participar en festivales le puede dar cierta visibilidad a la pel\u00edcula y permite que la pel\u00edcula se acerque a p\u00fablicos de otro modo ser\u00eda dif\u00edcil. Eso tiene sus propias problem\u00e1ticas a la vez.<\/p>\n\n\n\n<p>En nuestro caso siempre tuvimos la suerte de que las pel\u00edculas se pudieron ver en festivales de latitudes as\u00ed muy amplias y muy variadas. Eso nos permiti\u00f3 una mayor visibilidad a las pel\u00edculas. Siempre est\u00e1 esa contradicci\u00f3n y dificultad en los procesos de distribuci\u00f3n.&nbsp;<\/p>\n\n\n\n<figure class=\"wp-block-image size-large\"><img fetchpriority=\"high\" decoding=\"async\" width=\"1024\" height=\"683\" src=\"https:\/\/www.valparaisocreativo.cl\/wp-content\/uploads\/2024\/08\/Red-1024x683.jpg\" alt=\"\" class=\"wp-image-20143\" srcset=\"https:\/\/dev.antudigital.cl\/sites\/vc\/wp-content\/uploads\/2024\/08\/Red-1024x683.jpg 1024w, https:\/\/dev.antudigital.cl\/sites\/vc\/wp-content\/uploads\/2024\/08\/Red-300x200.jpg 300w, https:\/\/dev.antudigital.cl\/sites\/vc\/wp-content\/uploads\/2024\/08\/Red-768x512.jpg 768w, https:\/\/dev.antudigital.cl\/sites\/vc\/wp-content\/uploads\/2024\/08\/Red-1080x720.jpg 1080w, https:\/\/dev.antudigital.cl\/sites\/vc\/wp-content\/uploads\/2024\/08\/Red-980x653.jpg 980w, https:\/\/dev.antudigital.cl\/sites\/vc\/wp-content\/uploads\/2024\/08\/Red-480x320.jpg 480w, https:\/\/dev.antudigital.cl\/sites\/vc\/wp-content\/uploads\/2024\/08\/Red-24x16.jpg 24w, https:\/\/dev.antudigital.cl\/sites\/vc\/wp-content\/uploads\/2024\/08\/Red-36x24.jpg 36w, https:\/\/dev.antudigital.cl\/sites\/vc\/wp-content\/uploads\/2024\/08\/Red-48x32.jpg 48w, https:\/\/dev.antudigital.cl\/sites\/vc\/wp-content\/uploads\/2024\/08\/Red.jpg 1200w\" sizes=\"(max-width: 1024px) 100vw, 1024px\" \/><\/figure>\n\n\n\n<p><strong>\u00bfT\u00fa logras tener tiempo para ir al cine, por ejemplo?&nbsp;<\/strong><\/p>\n\n\n\n<p>&#8211; S\u00ed, tambi\u00e9n vivo en una ciudad que es particular y que est\u00e1 muy atravesada por la vivencia del cine. Sin ir m\u00e1s lejos, vivo a la vuelta de un cine club, que es una sala de cine que es muy importante para C\u00f3rdoba, que es el Cine Club Municipal Hugo del Carril. Es una sala muy fundamental, no solamente para la comunidad cinematogr\u00e1fica, sino tambi\u00e9n para el p\u00fablico en general. De alguna manera, contradice todo lo que f\u00e1cilmente uno hoy podr\u00eda pensar del cine, de que cada vez va menos gente al cine, lo que me permite pensar que el cine como tal tiene mucha vida detr\u00e1s.&nbsp;<\/p>\n\n\n\n<p>Es una sala de cine grande, con cuatro funciones diarias, donde la programaci\u00f3n se mezcla entre estrenos y ciclos. Tambi\u00e9n formo parte del Cine Club La Quimera, que funciona ac\u00e1 en C\u00f3rdoba, una salita mucho m\u00e1s peque\u00f1a y que tiene una funci\u00f3n semanal, ah\u00ed programamos con un grupo de gente, entonces hay una vivencia del cine que excede solamente la intenci\u00f3n de hacer pel\u00edculas, por lo que ir al cine te dir\u00eda que forma parte de mi vida cotidiana.<\/p>\n\n\n\n<p><strong>Dentro de esta l\u00f3gica tan veloz y a veces comercial de las cosas, \u00bfc\u00f3mo hablar de lo cotidiano, c\u00f3mo poner atenci\u00f3n a lo sensible?&nbsp;<\/strong><\/p>\n\n\n\n<p>&#8211; Me parece que es una de las cuestiones esenciales de este tiempo y tambi\u00e9n del por qu\u00e9 hacer pel\u00edculas, al menos para m\u00ed. Incluso si pensamos en c\u00f3mo circulan hoy los contenidos audiovisuales, que un poco es ese t\u00e9rmino que se utiliza ahora, hoy todo el mundo, todo el tiempo est\u00e1 en contacto con im\u00e1genes y con v\u00eddeos y archivos. De alguna manera nuestros tel\u00e9fonos son como un peque\u00f1o archivo que llevamos a todos lados y filmamos y hacemos fotograf\u00edas. Hay algo de eso que para m\u00ed que es muy dif\u00edcil, de pensar al cine de una manera encapsulada, que no tiene ning\u00fan tipo de relaci\u00f3n con ese contexto.&nbsp;<\/p>\n\n\n\n<p>El tema es pensar, \u00bfcu\u00e1l es el lugar del cine en ese contexto? \u00bfPor qu\u00e9 hacer una pel\u00edcula? \u00bfPor qu\u00e9 pensar que alguien va a querer ir a una sala o ver en su casa una pel\u00edcula de una hora y media o dos horas o menos, o lo que dure? A m\u00ed la experiencia me dice que hay mucha gente que todav\u00eda desea y cree en ese v\u00ednculo o en eso que el cine puede llegar a darnos.&nbsp;<\/p>\n\n\n\n<p>Si pensamos en la historia del cine, es una manera de trazar ese v\u00ednculo entre nosotros y el mundo, entre nuestras propias narrativas. El cine tiene esa posibilidad y para m\u00ed sigue teniendo mucho sentido hacer pel\u00edculas y pienso en el cine como una cosa extra\u00f1a. Las pel\u00edculas son una manera de establecer un di\u00e1logo o un cuestionamiento. Creo que las pel\u00edculas cumplen esa tarea de expandir nuestra existencia, el arte siempre nos permiti\u00f3 poner en cuesti\u00f3n esos l\u00edmites y eso que nos hace como seres humanos.<\/p>\n\n\n\n<p><strong>Quer\u00eda saber tambi\u00e9n cu\u00e1l perspectiva del duelo que logran abordar en <\/strong><strong><em>Las cosas indefinidas<\/em><\/strong><strong>.&nbsp;<\/strong><\/p>\n\n\n\n<p>&#8211; En la pel\u00edcula, la protagonista, Eva, se encuentra atravesando un duelo por la muerte de un amigo cercano. Hay algo de esa ausencia que tambi\u00e9n guarda relaci\u00f3n con el trabajo de Eva, una mujer que se dedica a editar pel\u00edculas. Entonces todo el tiempo est\u00e1 trabajando con im\u00e1genes, con archivos, con sonidos.&nbsp;<\/p>\n\n\n\n<p>La pel\u00edcula intenta retratar de su trabajo, que es un oficio, que de alguna manera est\u00e1 todo el tiempo pregunt\u00e1ndole cosas a las im\u00e1genes y a los sonidos, tratando de pensar en la relaci\u00f3n entre una imagen y otra, y en el sentido que se genera a partir de ordenar esos planos y esos sonidos de determinada manera. Bien, es como la edici\u00f3n cinematogr\u00e1fica, el montaje.&nbsp;<\/p>\n\n\n\n<p>Eva conserva un disco duro que tiene archivos que eran de su amigo, un dispositivo que almacena archivos. Surge la pregunta de c\u00f3mo los archivos y las im\u00e1genes existen como un vestigio de la vida de alguien, lo que tiene una relaci\u00f3n con la memoria y con la historia personal y tambi\u00e9n&nbsp; la historia que nos abarca a todos. Eva va sosteniendo ese disco duro de su amigo con esos materiales y revisit\u00e1ndolos, generando una resonancia con el pasado.<\/p>\n\n\n\n<p>A la vez, misteriosamente algo de eso que a ella le pasa con esos archivos resuenan en la pel\u00edcula en la que ella est\u00e1 trabajando. Es un tema muy amplio y al mismo tiempo contradictoriamente es algo casi com\u00fan a todos, porque de alguna forma, vivimos la p\u00e9rdida de alguien cercano, o una ausencia y as\u00ed.<\/p>\n\n\n\n<p><\/p>\n\n\n\n<p><strong><em>Las cosas indefinidas<\/em> tendr\u00e1 su estreno en Valpara\u00edso el viernes 30 de agosto \u2013 Insomnia Teatro Condell en Valpara\u00edso.<\/strong><\/p>\n","protected":false},"excerpt":{"rendered":"<p>Mar\u00eda Aparicio es directora de cine y docente de la disciplina. Esta semana se encuentra en Chile debido al estreno de su \u00faltima pel\u00edcula, Las cosas indefinidas, \u00faltimo estreno de Red de Salas de Cine que la lleva por diversas ciudades del pa\u00eds. En el filme, Mar\u00eda &#8211; quien es de C\u00f3rdoba, donde reside y [&hellip;]<\/p>\n","protected":false},"author":1,"featured_media":20142,"comment_status":"closed","ping_status":"closed","sticky":false,"template":"","format":"standard","meta":{"_acf_changed":false,"footnotes":""},"categories":[218],"tags":[],"class_list":["post-20141","post","type-post","status-publish","format-standard","has-post-thumbnail","hentry","category-blog"],"acf":[],"yoast_head":"<!-- This site is optimized with the Yoast SEO plugin v27.1.1 - https:\/\/yoast.com\/product\/yoast-seo-wordpress\/ -->\n<title>Entrevista a Mar\u00eda Aparicio: nuevo estreno Red de Salas llega a Valpara\u00edso desde C\u00f3rdoba - Valpara\u00ed\u00adso Creativo<\/title>\n<meta name=\"robots\" content=\"index, follow, max-snippet:-1, max-image-preview:large, max-video-preview:-1\" \/>\n<link rel=\"canonical\" href=\"https:\/\/dev.antudigital.cl\/sites\/vc\/entrevista-a-maria-aparicio-nuevo-estreno-red-de-salas-llega-a-valparaiso-desde-cordoba\/\" \/>\n<meta property=\"og:locale\" content=\"es_ES\" \/>\n<meta property=\"og:type\" content=\"article\" \/>\n<meta property=\"og:title\" content=\"Entrevista a Mar\u00eda Aparicio: nuevo estreno Red de Salas llega a Valpara\u00edso desde C\u00f3rdoba - Valpara\u00ed\u00adso Creativo\" \/>\n<meta property=\"og:description\" content=\"Mar\u00eda Aparicio es directora de cine y docente de la disciplina. Esta semana se encuentra en Chile debido al estreno de su \u00faltima pel\u00edcula, Las cosas indefinidas, \u00faltimo estreno de Red de Salas de Cine que la lleva por diversas ciudades del pa\u00eds. En el filme, Mar\u00eda &#8211; quien es de C\u00f3rdoba, donde reside y [&hellip;]\" \/>\n<meta property=\"og:url\" content=\"https:\/\/dev.antudigital.cl\/sites\/vc\/entrevista-a-maria-aparicio-nuevo-estreno-red-de-salas-llega-a-valparaiso-desde-cordoba\/\" \/>\n<meta property=\"og:site_name\" content=\"Valpara\u00ed\u00adso Creativo\" \/>\n<meta property=\"article:published_time\" content=\"2024-08-27T13:42:57+00:00\" \/>\n<meta property=\"article:modified_time\" content=\"2024-08-27T13:43:16+00:00\" \/>\n<meta property=\"og:image\" content=\"https:\/\/dev.antudigital.cl\/sites\/vc\/wp-content\/uploads\/2024\/08\/Maria-Red-Salas.jpg\" \/>\n\t<meta property=\"og:image:width\" content=\"696\" \/>\n\t<meta property=\"og:image:height\" content=\"492\" \/>\n\t<meta property=\"og:image:type\" content=\"image\/jpeg\" \/>\n<meta name=\"author\" content=\"Valpara\u00edso Creativo\" \/>\n<meta name=\"twitter:card\" content=\"summary_large_image\" \/>\n<meta name=\"twitter:label1\" content=\"Escrito por\" \/>\n\t<meta name=\"twitter:data1\" content=\"Valpara\u00edso Creativo\" \/>\n\t<meta name=\"twitter:label2\" content=\"Tiempo de lectura\" \/>\n\t<meta name=\"twitter:data2\" content=\"7 minutos\" \/>\n<script type=\"application\/ld+json\" class=\"yoast-schema-graph\">{\"@context\":\"https:\/\/schema.org\",\"@graph\":[{\"@type\":\"Article\",\"@id\":\"https:\/\/dev.antudigital.cl\/sites\/vc\/entrevista-a-maria-aparicio-nuevo-estreno-red-de-salas-llega-a-valparaiso-desde-cordoba\/#article\",\"isPartOf\":{\"@id\":\"https:\/\/dev.antudigital.cl\/sites\/vc\/entrevista-a-maria-aparicio-nuevo-estreno-red-de-salas-llega-a-valparaiso-desde-cordoba\/\"},\"author\":{\"name\":\"Valpara\u00edso Creativo\",\"@id\":\"https:\/\/dev.antudigital.cl\/sites\/vc\/#\/schema\/person\/c2b9da8dd545e27166fc5ab232837318\"},\"headline\":\"Entrevista a Mar\u00eda Aparicio: nuevo estreno Red de Salas llega a Valpara\u00edso desde C\u00f3rdoba\",\"datePublished\":\"2024-08-27T13:42:57+00:00\",\"dateModified\":\"2024-08-27T13:43:16+00:00\",\"mainEntityOfPage\":{\"@id\":\"https:\/\/dev.antudigital.cl\/sites\/vc\/entrevista-a-maria-aparicio-nuevo-estreno-red-de-salas-llega-a-valparaiso-desde-cordoba\/\"},\"wordCount\":1473,\"image\":{\"@id\":\"https:\/\/dev.antudigital.cl\/sites\/vc\/entrevista-a-maria-aparicio-nuevo-estreno-red-de-salas-llega-a-valparaiso-desde-cordoba\/#primaryimage\"},\"thumbnailUrl\":\"https:\/\/dev.antudigital.cl\/sites\/vc\/wp-content\/uploads\/2024\/08\/Maria-Red-Salas.jpg\",\"articleSection\":[\"Blog\"],\"inLanguage\":\"es\"},{\"@type\":\"WebPage\",\"@id\":\"https:\/\/dev.antudigital.cl\/sites\/vc\/entrevista-a-maria-aparicio-nuevo-estreno-red-de-salas-llega-a-valparaiso-desde-cordoba\/\",\"url\":\"https:\/\/dev.antudigital.cl\/sites\/vc\/entrevista-a-maria-aparicio-nuevo-estreno-red-de-salas-llega-a-valparaiso-desde-cordoba\/\",\"name\":\"Entrevista a Mar\u00eda Aparicio: nuevo estreno Red de Salas llega a Valpara\u00edso desde C\u00f3rdoba - Valpara\u00ed\u00adso Creativo\",\"isPartOf\":{\"@id\":\"https:\/\/dev.antudigital.cl\/sites\/vc\/#website\"},\"primaryImageOfPage\":{\"@id\":\"https:\/\/dev.antudigital.cl\/sites\/vc\/entrevista-a-maria-aparicio-nuevo-estreno-red-de-salas-llega-a-valparaiso-desde-cordoba\/#primaryimage\"},\"image\":{\"@id\":\"https:\/\/dev.antudigital.cl\/sites\/vc\/entrevista-a-maria-aparicio-nuevo-estreno-red-de-salas-llega-a-valparaiso-desde-cordoba\/#primaryimage\"},\"thumbnailUrl\":\"https:\/\/dev.antudigital.cl\/sites\/vc\/wp-content\/uploads\/2024\/08\/Maria-Red-Salas.jpg\",\"datePublished\":\"2024-08-27T13:42:57+00:00\",\"dateModified\":\"2024-08-27T13:43:16+00:00\",\"author\":{\"@id\":\"https:\/\/dev.antudigital.cl\/sites\/vc\/#\/schema\/person\/c2b9da8dd545e27166fc5ab232837318\"},\"breadcrumb\":{\"@id\":\"https:\/\/dev.antudigital.cl\/sites\/vc\/entrevista-a-maria-aparicio-nuevo-estreno-red-de-salas-llega-a-valparaiso-desde-cordoba\/#breadcrumb\"},\"inLanguage\":\"es\",\"potentialAction\":[{\"@type\":\"ReadAction\",\"target\":[\"https:\/\/dev.antudigital.cl\/sites\/vc\/entrevista-a-maria-aparicio-nuevo-estreno-red-de-salas-llega-a-valparaiso-desde-cordoba\/\"]}]},{\"@type\":\"ImageObject\",\"inLanguage\":\"es\",\"@id\":\"https:\/\/dev.antudigital.cl\/sites\/vc\/entrevista-a-maria-aparicio-nuevo-estreno-red-de-salas-llega-a-valparaiso-desde-cordoba\/#primaryimage\",\"url\":\"https:\/\/dev.antudigital.cl\/sites\/vc\/wp-content\/uploads\/2024\/08\/Maria-Red-Salas.jpg\",\"contentUrl\":\"https:\/\/dev.antudigital.cl\/sites\/vc\/wp-content\/uploads\/2024\/08\/Maria-Red-Salas.jpg\",\"width\":696,\"height\":492},{\"@type\":\"BreadcrumbList\",\"@id\":\"https:\/\/dev.antudigital.cl\/sites\/vc\/entrevista-a-maria-aparicio-nuevo-estreno-red-de-salas-llega-a-valparaiso-desde-cordoba\/#breadcrumb\",\"itemListElement\":[{\"@type\":\"ListItem\",\"position\":1,\"name\":\"Home\",\"item\":\"https:\/\/dev.antudigital.cl\/sites\/vc\/\"},{\"@type\":\"ListItem\",\"position\":2,\"name\":\"Entrevista a Mar\u00eda Aparicio: nuevo estreno Red de Salas llega a Valpara\u00edso desde C\u00f3rdoba\"}]},{\"@type\":\"WebSite\",\"@id\":\"https:\/\/dev.antudigital.cl\/sites\/vc\/#website\",\"url\":\"https:\/\/dev.antudigital.cl\/sites\/vc\/\",\"name\":\"Valpara\u00ed\u00adso Creativo\",\"description\":\"\",\"potentialAction\":[{\"@type\":\"SearchAction\",\"target\":{\"@type\":\"EntryPoint\",\"urlTemplate\":\"https:\/\/dev.antudigital.cl\/sites\/vc\/?s={search_term_string}\"},\"query-input\":{\"@type\":\"PropertyValueSpecification\",\"valueRequired\":true,\"valueName\":\"search_term_string\"}}],\"inLanguage\":\"es\"},{\"@type\":\"Person\",\"@id\":\"https:\/\/dev.antudigital.cl\/sites\/vc\/#\/schema\/person\/c2b9da8dd545e27166fc5ab232837318\",\"name\":\"Valpara\u00edso Creativo\",\"description\":\"Periodista de cultura en la Regi\u00f3n de Valpara\u00edso.\",\"url\":\"https:\/\/dev.antudigital.cl\/sites\/vc\/author\/valpoadmin\/\"}]}<\/script>\n<!-- \/ Yoast SEO plugin. -->","yoast_head_json":{"title":"Entrevista a Mar\u00eda Aparicio: nuevo estreno Red de Salas llega a Valpara\u00edso desde C\u00f3rdoba - Valpara\u00ed\u00adso Creativo","robots":{"index":"index","follow":"follow","max-snippet":"max-snippet:-1","max-image-preview":"max-image-preview:large","max-video-preview":"max-video-preview:-1"},"canonical":"https:\/\/dev.antudigital.cl\/sites\/vc\/entrevista-a-maria-aparicio-nuevo-estreno-red-de-salas-llega-a-valparaiso-desde-cordoba\/","og_locale":"es_ES","og_type":"article","og_title":"Entrevista a Mar\u00eda Aparicio: nuevo estreno Red de Salas llega a Valpara\u00edso desde C\u00f3rdoba - Valpara\u00ed\u00adso Creativo","og_description":"Mar\u00eda Aparicio es directora de cine y docente de la disciplina. Esta semana se encuentra en Chile debido al estreno de su \u00faltima pel\u00edcula, Las cosas indefinidas, \u00faltimo estreno de Red de Salas de Cine que la lleva por diversas ciudades del pa\u00eds. En el filme, Mar\u00eda &#8211; quien es de C\u00f3rdoba, donde reside y [&hellip;]","og_url":"https:\/\/dev.antudigital.cl\/sites\/vc\/entrevista-a-maria-aparicio-nuevo-estreno-red-de-salas-llega-a-valparaiso-desde-cordoba\/","og_site_name":"Valpara\u00ed\u00adso Creativo","article_published_time":"2024-08-27T13:42:57+00:00","article_modified_time":"2024-08-27T13:43:16+00:00","og_image":[{"width":696,"height":492,"url":"https:\/\/dev.antudigital.cl\/sites\/vc\/wp-content\/uploads\/2024\/08\/Maria-Red-Salas.jpg","type":"image\/jpeg"}],"author":"Valpara\u00edso Creativo","twitter_card":"summary_large_image","twitter_misc":{"Escrito por":"Valpara\u00edso Creativo","Tiempo de lectura":"7 minutos"},"schema":{"@context":"https:\/\/schema.org","@graph":[{"@type":"Article","@id":"https:\/\/dev.antudigital.cl\/sites\/vc\/entrevista-a-maria-aparicio-nuevo-estreno-red-de-salas-llega-a-valparaiso-desde-cordoba\/#article","isPartOf":{"@id":"https:\/\/dev.antudigital.cl\/sites\/vc\/entrevista-a-maria-aparicio-nuevo-estreno-red-de-salas-llega-a-valparaiso-desde-cordoba\/"},"author":{"name":"Valpara\u00edso Creativo","@id":"https:\/\/dev.antudigital.cl\/sites\/vc\/#\/schema\/person\/c2b9da8dd545e27166fc5ab232837318"},"headline":"Entrevista a Mar\u00eda Aparicio: nuevo estreno Red de Salas llega a Valpara\u00edso desde C\u00f3rdoba","datePublished":"2024-08-27T13:42:57+00:00","dateModified":"2024-08-27T13:43:16+00:00","mainEntityOfPage":{"@id":"https:\/\/dev.antudigital.cl\/sites\/vc\/entrevista-a-maria-aparicio-nuevo-estreno-red-de-salas-llega-a-valparaiso-desde-cordoba\/"},"wordCount":1473,"image":{"@id":"https:\/\/dev.antudigital.cl\/sites\/vc\/entrevista-a-maria-aparicio-nuevo-estreno-red-de-salas-llega-a-valparaiso-desde-cordoba\/#primaryimage"},"thumbnailUrl":"https:\/\/dev.antudigital.cl\/sites\/vc\/wp-content\/uploads\/2024\/08\/Maria-Red-Salas.jpg","articleSection":["Blog"],"inLanguage":"es"},{"@type":"WebPage","@id":"https:\/\/dev.antudigital.cl\/sites\/vc\/entrevista-a-maria-aparicio-nuevo-estreno-red-de-salas-llega-a-valparaiso-desde-cordoba\/","url":"https:\/\/dev.antudigital.cl\/sites\/vc\/entrevista-a-maria-aparicio-nuevo-estreno-red-de-salas-llega-a-valparaiso-desde-cordoba\/","name":"Entrevista a Mar\u00eda Aparicio: nuevo estreno Red de Salas llega a Valpara\u00edso desde C\u00f3rdoba - Valpara\u00ed\u00adso Creativo","isPartOf":{"@id":"https:\/\/dev.antudigital.cl\/sites\/vc\/#website"},"primaryImageOfPage":{"@id":"https:\/\/dev.antudigital.cl\/sites\/vc\/entrevista-a-maria-aparicio-nuevo-estreno-red-de-salas-llega-a-valparaiso-desde-cordoba\/#primaryimage"},"image":{"@id":"https:\/\/dev.antudigital.cl\/sites\/vc\/entrevista-a-maria-aparicio-nuevo-estreno-red-de-salas-llega-a-valparaiso-desde-cordoba\/#primaryimage"},"thumbnailUrl":"https:\/\/dev.antudigital.cl\/sites\/vc\/wp-content\/uploads\/2024\/08\/Maria-Red-Salas.jpg","datePublished":"2024-08-27T13:42:57+00:00","dateModified":"2024-08-27T13:43:16+00:00","author":{"@id":"https:\/\/dev.antudigital.cl\/sites\/vc\/#\/schema\/person\/c2b9da8dd545e27166fc5ab232837318"},"breadcrumb":{"@id":"https:\/\/dev.antudigital.cl\/sites\/vc\/entrevista-a-maria-aparicio-nuevo-estreno-red-de-salas-llega-a-valparaiso-desde-cordoba\/#breadcrumb"},"inLanguage":"es","potentialAction":[{"@type":"ReadAction","target":["https:\/\/dev.antudigital.cl\/sites\/vc\/entrevista-a-maria-aparicio-nuevo-estreno-red-de-salas-llega-a-valparaiso-desde-cordoba\/"]}]},{"@type":"ImageObject","inLanguage":"es","@id":"https:\/\/dev.antudigital.cl\/sites\/vc\/entrevista-a-maria-aparicio-nuevo-estreno-red-de-salas-llega-a-valparaiso-desde-cordoba\/#primaryimage","url":"https:\/\/dev.antudigital.cl\/sites\/vc\/wp-content\/uploads\/2024\/08\/Maria-Red-Salas.jpg","contentUrl":"https:\/\/dev.antudigital.cl\/sites\/vc\/wp-content\/uploads\/2024\/08\/Maria-Red-Salas.jpg","width":696,"height":492},{"@type":"BreadcrumbList","@id":"https:\/\/dev.antudigital.cl\/sites\/vc\/entrevista-a-maria-aparicio-nuevo-estreno-red-de-salas-llega-a-valparaiso-desde-cordoba\/#breadcrumb","itemListElement":[{"@type":"ListItem","position":1,"name":"Home","item":"https:\/\/dev.antudigital.cl\/sites\/vc\/"},{"@type":"ListItem","position":2,"name":"Entrevista a Mar\u00eda Aparicio: nuevo estreno Red de Salas llega a Valpara\u00edso desde C\u00f3rdoba"}]},{"@type":"WebSite","@id":"https:\/\/dev.antudigital.cl\/sites\/vc\/#website","url":"https:\/\/dev.antudigital.cl\/sites\/vc\/","name":"Valpara\u00ed\u00adso Creativo","description":"","potentialAction":[{"@type":"SearchAction","target":{"@type":"EntryPoint","urlTemplate":"https:\/\/dev.antudigital.cl\/sites\/vc\/?s={search_term_string}"},"query-input":{"@type":"PropertyValueSpecification","valueRequired":true,"valueName":"search_term_string"}}],"inLanguage":"es"},{"@type":"Person","@id":"https:\/\/dev.antudigital.cl\/sites\/vc\/#\/schema\/person\/c2b9da8dd545e27166fc5ab232837318","name":"Valpara\u00edso Creativo","description":"Periodista de cultura en la Regi\u00f3n de Valpara\u00edso.","url":"https:\/\/dev.antudigital.cl\/sites\/vc\/author\/valpoadmin\/"}]}},"_links":{"self":[{"href":"https:\/\/dev.antudigital.cl\/sites\/vc\/wp-json\/wp\/v2\/posts\/20141","targetHints":{"allow":["GET"]}}],"collection":[{"href":"https:\/\/dev.antudigital.cl\/sites\/vc\/wp-json\/wp\/v2\/posts"}],"about":[{"href":"https:\/\/dev.antudigital.cl\/sites\/vc\/wp-json\/wp\/v2\/types\/post"}],"author":[{"embeddable":true,"href":"https:\/\/dev.antudigital.cl\/sites\/vc\/wp-json\/wp\/v2\/users\/1"}],"replies":[{"embeddable":true,"href":"https:\/\/dev.antudigital.cl\/sites\/vc\/wp-json\/wp\/v2\/comments?post=20141"}],"version-history":[{"count":1,"href":"https:\/\/dev.antudigital.cl\/sites\/vc\/wp-json\/wp\/v2\/posts\/20141\/revisions"}],"predecessor-version":[{"id":20144,"href":"https:\/\/dev.antudigital.cl\/sites\/vc\/wp-json\/wp\/v2\/posts\/20141\/revisions\/20144"}],"wp:featuredmedia":[{"embeddable":true,"href":"https:\/\/dev.antudigital.cl\/sites\/vc\/wp-json\/wp\/v2\/media\/20142"}],"wp:attachment":[{"href":"https:\/\/dev.antudigital.cl\/sites\/vc\/wp-json\/wp\/v2\/media?parent=20141"}],"wp:term":[{"taxonomy":"category","embeddable":true,"href":"https:\/\/dev.antudigital.cl\/sites\/vc\/wp-json\/wp\/v2\/categories?post=20141"},{"taxonomy":"post_tag","embeddable":true,"href":"https:\/\/dev.antudigital.cl\/sites\/vc\/wp-json\/wp\/v2\/tags?post=20141"}],"curies":[{"name":"wp","href":"https:\/\/api.w.org\/{rel}","templated":true}]}}