{"id":20145,"date":"2024-08-28T14:41:10","date_gmt":"2024-08-28T14:41:10","guid":{"rendered":"https:\/\/www.valparaisocreativo.cl\/?p=20145"},"modified":"2024-08-28T14:41:31","modified_gmt":"2024-08-28T14:41:31","slug":"arcos-y-valparaiso-creativo-destacan-participacion-de-red-de-territorios-creativos-en-foro-internacional-en-uruguay","status":"publish","type":"post","link":"https:\/\/dev.antudigital.cl\/sites\/vc\/arcos-y-valparaiso-creativo-destacan-participacion-de-red-de-territorios-creativos-en-foro-internacional-en-uruguay\/","title":{"rendered":"Arcos y Valpara\u00edso Creativo destacan participaci\u00f3n de Red de Territorios Creativos en Foro Internacional en Uruguay"},"content":{"rendered":"\n<p>Entre el 29 y 31 de agosto se realiza FIECA, el Foro Internacional de Econom\u00eda Creativa de Canelones 2024, en Uruguay, donde se dar\u00e1n cita cientos de agentes vinculados a todos los sectores de las industrias creativas y culturales.<\/p>\n\n\n\n<p>Al evento, han sido convocados cientos de proyectos, emprendimientos, agrupaciones, artistas, compradores\/as, productoras, gestores\/as culturales, empresas e instituciones, con el objetivo de fortalecer v\u00ednculos, generar oportunidades y robustecer a los distintos sectores de la regi\u00f3n.<\/p>\n\n\n\n<p>Adem\u00e1s de proyectos y emprendimientos de Canelones y de todo Uruguay, tambi\u00e9n participar\u00e1n en el encuentro representaciones y especialistas de Am\u00e9rica Latina, buscando impulsar la internacionalizaci\u00f3n de las industrias creativas. Es all\u00ed donde participar\u00e1 la Red Nacional de Territorios Creativos chilena, RNTC, que realizar\u00e1 un taller de activaci\u00f3n de territorios.<\/p>\n\n\n\n<p>Teresa D\u00edaz, directora ejecutiva de la RNTC y Ximena Duarte, parte del Directorio y directora de Vinculaci\u00f3n con el Medio y Comunicaciones de I.P. ARCOS, ser\u00e1n quienes compartir\u00e1n las experiencias en el Foro.<\/p>\n\n\n\n<figure class=\"wp-block-image size-large\"><img fetchpriority=\"high\" decoding=\"async\" width=\"1024\" height=\"683\" src=\"https:\/\/www.valparaisocreativo.cl\/wp-content\/uploads\/2024\/08\/Ximena-Duarte-Territorio-Penalolen-Creativa-1024x683.jpg\" alt=\"\" class=\"wp-image-20146\" srcset=\"https:\/\/dev.antudigital.cl\/sites\/vc\/wp-content\/uploads\/2024\/08\/Ximena-Duarte-Territorio-Penalolen-Creativa-1024x683.jpg 1024w, https:\/\/dev.antudigital.cl\/sites\/vc\/wp-content\/uploads\/2024\/08\/Ximena-Duarte-Territorio-Penalolen-Creativa-300x200.jpg 300w, https:\/\/dev.antudigital.cl\/sites\/vc\/wp-content\/uploads\/2024\/08\/Ximena-Duarte-Territorio-Penalolen-Creativa-768x512.jpg 768w, https:\/\/dev.antudigital.cl\/sites\/vc\/wp-content\/uploads\/2024\/08\/Ximena-Duarte-Territorio-Penalolen-Creativa-1080x720.jpg 1080w, https:\/\/dev.antudigital.cl\/sites\/vc\/wp-content\/uploads\/2024\/08\/Ximena-Duarte-Territorio-Penalolen-Creativa-980x653.jpg 980w, https:\/\/dev.antudigital.cl\/sites\/vc\/wp-content\/uploads\/2024\/08\/Ximena-Duarte-Territorio-Penalolen-Creativa-480x320.jpg 480w, https:\/\/dev.antudigital.cl\/sites\/vc\/wp-content\/uploads\/2024\/08\/Ximena-Duarte-Territorio-Penalolen-Creativa-24x16.jpg 24w, https:\/\/dev.antudigital.cl\/sites\/vc\/wp-content\/uploads\/2024\/08\/Ximena-Duarte-Territorio-Penalolen-Creativa-36x24.jpg 36w, https:\/\/dev.antudigital.cl\/sites\/vc\/wp-content\/uploads\/2024\/08\/Ximena-Duarte-Territorio-Penalolen-Creativa-48x32.jpg 48w, https:\/\/dev.antudigital.cl\/sites\/vc\/wp-content\/uploads\/2024\/08\/Ximena-Duarte-Territorio-Penalolen-Creativa.jpg 1200w\" sizes=\"(max-width: 1024px) 100vw, 1024px\" \/><\/figure>\n\n\n\n<p>Desde ARCOS, Ximena Duarte se\u00f1al\u00f3 que \u201ccomo parte del directorio de la Red, nos ocupa comentar el trabajo que hace esta instancia, que es la \u00fanica de sus caracter\u00edsticas en Am\u00e9rica Latina. Es decir, es la \u00fanica de car\u00e1cter nacional que articula territorios desde una gobernanza horizontal y en una colaboraci\u00f3n p\u00fablico privada para situar la cultura y la econom\u00eda creativa al centro del desarrollo local. Adem\u00e1s, nos permite profundizar nuestro propio trabajo local en la alianza Territorio Pe\u00f1alol\u00e9n Creativa, donde en coordinaci\u00f3n con el municipio local hemos colaborado en el levantamiento de agendas que promueven el desarrollo de la cultura y las industrias creativas como una alternativa viable de desarrollo local\u201d.<\/p>\n\n\n\n<p>Seg\u00fan adelant\u00f3 Ximena, lo anterior reviste una oportunidad para profundizar la mirada estrat\u00e9gica con sentido nacional y constituye una posibilidad infinita de generar intercambios y de problematizar los desaf\u00edos futuros.<\/p>\n\n\n\n<p>Sobre las proyecciones de este trabajo, destac\u00f3 que \u201cla idea de este tipo de encuentros es siempre abrir posibilidades para otros territorios y, en concreto, para creativos y creativas de Pe\u00f1alol\u00e9n y todo el pa\u00eds. En eso estamos comprometidos y comprometidas, trabajando todos los d\u00edas. Pr\u00f3ximamente, estaremos profundizando ese enfoque en DECC, D\u00eda de la Econom\u00eda Creativa en Chimkowe, que realizaremos en Pe\u00f1alol\u00e9n durante octubre y en la implementaci\u00f3n del Fondo de Cultura que nos adjudicamos recientemente, para el fortalecimiento de los territorios creativos de Chile\u201d.<\/p>\n\n\n\n<p>Cabe recordar que I.P. ARCOS participa en RNTC en dos frentes, pues es entidad fundadora de Territorio Pe\u00f1alol\u00e9n Creativa, junto al municipio local y miembro de Valpara\u00edso Creativo, donde es parte de la gobernanza y su director regional, Tom\u00e1s Albagly, preside el Comit\u00e9 Ejecutivo del programa.<\/p>\n","protected":false},"excerpt":{"rendered":"<p>Entre el 29 y 31 de agosto se realiza FIECA, el Foro Internacional de Econom\u00eda Creativa de Canelones 2024, en Uruguay, donde se dar\u00e1n cita cientos de agentes vinculados a todos los sectores de las industrias creativas y culturales. Al evento, han sido convocados cientos de proyectos, emprendimientos, agrupaciones, artistas, compradores\/as, productoras, gestores\/as culturales, empresas [&hellip;]<\/p>\n","protected":false},"author":1,"featured_media":20147,"comment_status":"closed","ping_status":"closed","sticky":false,"template":"","format":"standard","meta":{"_acf_changed":false,"footnotes":""},"categories":[218],"tags":[],"class_list":["post-20145","post","type-post","status-publish","format-standard","has-post-thumbnail","hentry","category-blog"],"acf":[],"yoast_head":"<!-- This site is optimized with the Yoast SEO plugin v27.1.1 - https:\/\/yoast.com\/product\/yoast-seo-wordpress\/ -->\n<title>Arcos y Valpara\u00edso Creativo destacan participaci\u00f3n de Red de Territorios Creativos en Foro Internacional en Uruguay - Valpara\u00ed\u00adso Creativo<\/title>\n<meta name=\"robots\" content=\"index, follow, max-snippet:-1, max-image-preview:large, max-video-preview:-1\" \/>\n<link rel=\"canonical\" href=\"https:\/\/dev.antudigital.cl\/sites\/vc\/arcos-y-valparaiso-creativo-destacan-participacion-de-red-de-territorios-creativos-en-foro-internacional-en-uruguay\/\" \/>\n<meta property=\"og:locale\" content=\"es_ES\" \/>\n<meta property=\"og:type\" content=\"article\" \/>\n<meta property=\"og:title\" content=\"Arcos y Valpara\u00edso Creativo destacan participaci\u00f3n de Red de Territorios Creativos en Foro Internacional en Uruguay - Valpara\u00ed\u00adso Creativo\" \/>\n<meta property=\"og:description\" content=\"Entre el 29 y 31 de agosto se realiza FIECA, el Foro Internacional de Econom\u00eda Creativa de Canelones 2024, en Uruguay, donde se dar\u00e1n cita cientos de agentes vinculados a todos los sectores de las industrias creativas y culturales. Al evento, han sido convocados cientos de proyectos, emprendimientos, agrupaciones, artistas, compradores\/as, productoras, gestores\/as culturales, empresas [&hellip;]\" \/>\n<meta property=\"og:url\" content=\"https:\/\/dev.antudigital.cl\/sites\/vc\/arcos-y-valparaiso-creativo-destacan-participacion-de-red-de-territorios-creativos-en-foro-internacional-en-uruguay\/\" \/>\n<meta property=\"og:site_name\" content=\"Valpara\u00ed\u00adso Creativo\" \/>\n<meta property=\"article:published_time\" content=\"2024-08-28T14:41:10+00:00\" \/>\n<meta property=\"article:modified_time\" content=\"2024-08-28T14:41:31+00:00\" \/>\n<meta property=\"og:image\" content=\"https:\/\/dev.antudigital.cl\/sites\/vc\/wp-content\/uploads\/2024\/08\/d-20-e1716948446638-1024x558-1.jpg\" \/>\n\t<meta property=\"og:image:width\" content=\"1024\" \/>\n\t<meta property=\"og:image:height\" content=\"558\" \/>\n\t<meta property=\"og:image:type\" content=\"image\/jpeg\" \/>\n<meta name=\"author\" content=\"Valpara\u00edso Creativo\" \/>\n<meta name=\"twitter:card\" content=\"summary_large_image\" \/>\n<meta name=\"twitter:label1\" content=\"Escrito por\" \/>\n\t<meta name=\"twitter:data1\" content=\"Valpara\u00edso Creativo\" \/>\n\t<meta name=\"twitter:label2\" content=\"Tiempo de lectura\" \/>\n\t<meta name=\"twitter:data2\" content=\"3 minutos\" \/>\n<script type=\"application\/ld+json\" class=\"yoast-schema-graph\">{\"@context\":\"https:\/\/schema.org\",\"@graph\":[{\"@type\":\"Article\",\"@id\":\"https:\/\/dev.antudigital.cl\/sites\/vc\/arcos-y-valparaiso-creativo-destacan-participacion-de-red-de-territorios-creativos-en-foro-internacional-en-uruguay\/#article\",\"isPartOf\":{\"@id\":\"https:\/\/dev.antudigital.cl\/sites\/vc\/arcos-y-valparaiso-creativo-destacan-participacion-de-red-de-territorios-creativos-en-foro-internacional-en-uruguay\/\"},\"author\":{\"name\":\"Valpara\u00edso Creativo\",\"@id\":\"https:\/\/dev.antudigital.cl\/sites\/vc\/#\/schema\/person\/c2b9da8dd545e27166fc5ab232837318\"},\"headline\":\"Arcos y Valpara\u00edso Creativo destacan participaci\u00f3n de Red de Territorios Creativos en Foro Internacional en Uruguay\",\"datePublished\":\"2024-08-28T14:41:10+00:00\",\"dateModified\":\"2024-08-28T14:41:31+00:00\",\"mainEntityOfPage\":{\"@id\":\"https:\/\/dev.antudigital.cl\/sites\/vc\/arcos-y-valparaiso-creativo-destacan-participacion-de-red-de-territorios-creativos-en-foro-internacional-en-uruguay\/\"},\"wordCount\":492,\"image\":{\"@id\":\"https:\/\/dev.antudigital.cl\/sites\/vc\/arcos-y-valparaiso-creativo-destacan-participacion-de-red-de-territorios-creativos-en-foro-internacional-en-uruguay\/#primaryimage\"},\"thumbnailUrl\":\"https:\/\/dev.antudigital.cl\/sites\/vc\/wp-content\/uploads\/2024\/08\/d-20-e1716948446638-1024x558-1.jpg\",\"articleSection\":[\"Blog\"],\"inLanguage\":\"es\"},{\"@type\":\"WebPage\",\"@id\":\"https:\/\/dev.antudigital.cl\/sites\/vc\/arcos-y-valparaiso-creativo-destacan-participacion-de-red-de-territorios-creativos-en-foro-internacional-en-uruguay\/\",\"url\":\"https:\/\/dev.antudigital.cl\/sites\/vc\/arcos-y-valparaiso-creativo-destacan-participacion-de-red-de-territorios-creativos-en-foro-internacional-en-uruguay\/\",\"name\":\"Arcos y Valpara\u00edso Creativo destacan participaci\u00f3n de Red de Territorios Creativos en Foro Internacional en Uruguay - Valpara\u00ed\u00adso Creativo\",\"isPartOf\":{\"@id\":\"https:\/\/dev.antudigital.cl\/sites\/vc\/#website\"},\"primaryImageOfPage\":{\"@id\":\"https:\/\/dev.antudigital.cl\/sites\/vc\/arcos-y-valparaiso-creativo-destacan-participacion-de-red-de-territorios-creativos-en-foro-internacional-en-uruguay\/#primaryimage\"},\"image\":{\"@id\":\"https:\/\/dev.antudigital.cl\/sites\/vc\/arcos-y-valparaiso-creativo-destacan-participacion-de-red-de-territorios-creativos-en-foro-internacional-en-uruguay\/#primaryimage\"},\"thumbnailUrl\":\"https:\/\/dev.antudigital.cl\/sites\/vc\/wp-content\/uploads\/2024\/08\/d-20-e1716948446638-1024x558-1.jpg\",\"datePublished\":\"2024-08-28T14:41:10+00:00\",\"dateModified\":\"2024-08-28T14:41:31+00:00\",\"author\":{\"@id\":\"https:\/\/dev.antudigital.cl\/sites\/vc\/#\/schema\/person\/c2b9da8dd545e27166fc5ab232837318\"},\"breadcrumb\":{\"@id\":\"https:\/\/dev.antudigital.cl\/sites\/vc\/arcos-y-valparaiso-creativo-destacan-participacion-de-red-de-territorios-creativos-en-foro-internacional-en-uruguay\/#breadcrumb\"},\"inLanguage\":\"es\",\"potentialAction\":[{\"@type\":\"ReadAction\",\"target\":[\"https:\/\/dev.antudigital.cl\/sites\/vc\/arcos-y-valparaiso-creativo-destacan-participacion-de-red-de-territorios-creativos-en-foro-internacional-en-uruguay\/\"]}]},{\"@type\":\"ImageObject\",\"inLanguage\":\"es\",\"@id\":\"https:\/\/dev.antudigital.cl\/sites\/vc\/arcos-y-valparaiso-creativo-destacan-participacion-de-red-de-territorios-creativos-en-foro-internacional-en-uruguay\/#primaryimage\",\"url\":\"https:\/\/dev.antudigital.cl\/sites\/vc\/wp-content\/uploads\/2024\/08\/d-20-e1716948446638-1024x558-1.jpg\",\"contentUrl\":\"https:\/\/dev.antudigital.cl\/sites\/vc\/wp-content\/uploads\/2024\/08\/d-20-e1716948446638-1024x558-1.jpg\",\"width\":1024,\"height\":558},{\"@type\":\"BreadcrumbList\",\"@id\":\"https:\/\/dev.antudigital.cl\/sites\/vc\/arcos-y-valparaiso-creativo-destacan-participacion-de-red-de-territorios-creativos-en-foro-internacional-en-uruguay\/#breadcrumb\",\"itemListElement\":[{\"@type\":\"ListItem\",\"position\":1,\"name\":\"Home\",\"item\":\"https:\/\/dev.antudigital.cl\/sites\/vc\/\"},{\"@type\":\"ListItem\",\"position\":2,\"name\":\"Arcos y Valpara\u00edso Creativo destacan participaci\u00f3n de Red de Territorios Creativos en Foro Internacional en Uruguay\"}]},{\"@type\":\"WebSite\",\"@id\":\"https:\/\/dev.antudigital.cl\/sites\/vc\/#website\",\"url\":\"https:\/\/dev.antudigital.cl\/sites\/vc\/\",\"name\":\"Valpara\u00ed\u00adso Creativo\",\"description\":\"\",\"potentialAction\":[{\"@type\":\"SearchAction\",\"target\":{\"@type\":\"EntryPoint\",\"urlTemplate\":\"https:\/\/dev.antudigital.cl\/sites\/vc\/?s={search_term_string}\"},\"query-input\":{\"@type\":\"PropertyValueSpecification\",\"valueRequired\":true,\"valueName\":\"search_term_string\"}}],\"inLanguage\":\"es\"},{\"@type\":\"Person\",\"@id\":\"https:\/\/dev.antudigital.cl\/sites\/vc\/#\/schema\/person\/c2b9da8dd545e27166fc5ab232837318\",\"name\":\"Valpara\u00edso Creativo\",\"description\":\"Periodista de cultura en la Regi\u00f3n de Valpara\u00edso.\",\"url\":\"https:\/\/dev.antudigital.cl\/sites\/vc\/author\/valpoadmin\/\"}]}<\/script>\n<!-- \/ Yoast SEO plugin. -->","yoast_head_json":{"title":"Arcos y Valpara\u00edso Creativo destacan participaci\u00f3n de Red de Territorios Creativos en Foro Internacional en Uruguay - Valpara\u00ed\u00adso Creativo","robots":{"index":"index","follow":"follow","max-snippet":"max-snippet:-1","max-image-preview":"max-image-preview:large","max-video-preview":"max-video-preview:-1"},"canonical":"https:\/\/dev.antudigital.cl\/sites\/vc\/arcos-y-valparaiso-creativo-destacan-participacion-de-red-de-territorios-creativos-en-foro-internacional-en-uruguay\/","og_locale":"es_ES","og_type":"article","og_title":"Arcos y Valpara\u00edso Creativo destacan participaci\u00f3n de Red de Territorios Creativos en Foro Internacional en Uruguay - Valpara\u00ed\u00adso Creativo","og_description":"Entre el 29 y 31 de agosto se realiza FIECA, el Foro Internacional de Econom\u00eda Creativa de Canelones 2024, en Uruguay, donde se dar\u00e1n cita cientos de agentes vinculados a todos los sectores de las industrias creativas y culturales. Al evento, han sido convocados cientos de proyectos, emprendimientos, agrupaciones, artistas, compradores\/as, productoras, gestores\/as culturales, empresas [&hellip;]","og_url":"https:\/\/dev.antudigital.cl\/sites\/vc\/arcos-y-valparaiso-creativo-destacan-participacion-de-red-de-territorios-creativos-en-foro-internacional-en-uruguay\/","og_site_name":"Valpara\u00ed\u00adso Creativo","article_published_time":"2024-08-28T14:41:10+00:00","article_modified_time":"2024-08-28T14:41:31+00:00","og_image":[{"width":1024,"height":558,"url":"https:\/\/dev.antudigital.cl\/sites\/vc\/wp-content\/uploads\/2024\/08\/d-20-e1716948446638-1024x558-1.jpg","type":"image\/jpeg"}],"author":"Valpara\u00edso Creativo","twitter_card":"summary_large_image","twitter_misc":{"Escrito por":"Valpara\u00edso Creativo","Tiempo de lectura":"3 minutos"},"schema":{"@context":"https:\/\/schema.org","@graph":[{"@type":"Article","@id":"https:\/\/dev.antudigital.cl\/sites\/vc\/arcos-y-valparaiso-creativo-destacan-participacion-de-red-de-territorios-creativos-en-foro-internacional-en-uruguay\/#article","isPartOf":{"@id":"https:\/\/dev.antudigital.cl\/sites\/vc\/arcos-y-valparaiso-creativo-destacan-participacion-de-red-de-territorios-creativos-en-foro-internacional-en-uruguay\/"},"author":{"name":"Valpara\u00edso Creativo","@id":"https:\/\/dev.antudigital.cl\/sites\/vc\/#\/schema\/person\/c2b9da8dd545e27166fc5ab232837318"},"headline":"Arcos y Valpara\u00edso Creativo destacan participaci\u00f3n de Red de Territorios Creativos en Foro Internacional en Uruguay","datePublished":"2024-08-28T14:41:10+00:00","dateModified":"2024-08-28T14:41:31+00:00","mainEntityOfPage":{"@id":"https:\/\/dev.antudigital.cl\/sites\/vc\/arcos-y-valparaiso-creativo-destacan-participacion-de-red-de-territorios-creativos-en-foro-internacional-en-uruguay\/"},"wordCount":492,"image":{"@id":"https:\/\/dev.antudigital.cl\/sites\/vc\/arcos-y-valparaiso-creativo-destacan-participacion-de-red-de-territorios-creativos-en-foro-internacional-en-uruguay\/#primaryimage"},"thumbnailUrl":"https:\/\/dev.antudigital.cl\/sites\/vc\/wp-content\/uploads\/2024\/08\/d-20-e1716948446638-1024x558-1.jpg","articleSection":["Blog"],"inLanguage":"es"},{"@type":"WebPage","@id":"https:\/\/dev.antudigital.cl\/sites\/vc\/arcos-y-valparaiso-creativo-destacan-participacion-de-red-de-territorios-creativos-en-foro-internacional-en-uruguay\/","url":"https:\/\/dev.antudigital.cl\/sites\/vc\/arcos-y-valparaiso-creativo-destacan-participacion-de-red-de-territorios-creativos-en-foro-internacional-en-uruguay\/","name":"Arcos y Valpara\u00edso Creativo destacan participaci\u00f3n de Red de Territorios Creativos en Foro Internacional en Uruguay - Valpara\u00ed\u00adso Creativo","isPartOf":{"@id":"https:\/\/dev.antudigital.cl\/sites\/vc\/#website"},"primaryImageOfPage":{"@id":"https:\/\/dev.antudigital.cl\/sites\/vc\/arcos-y-valparaiso-creativo-destacan-participacion-de-red-de-territorios-creativos-en-foro-internacional-en-uruguay\/#primaryimage"},"image":{"@id":"https:\/\/dev.antudigital.cl\/sites\/vc\/arcos-y-valparaiso-creativo-destacan-participacion-de-red-de-territorios-creativos-en-foro-internacional-en-uruguay\/#primaryimage"},"thumbnailUrl":"https:\/\/dev.antudigital.cl\/sites\/vc\/wp-content\/uploads\/2024\/08\/d-20-e1716948446638-1024x558-1.jpg","datePublished":"2024-08-28T14:41:10+00:00","dateModified":"2024-08-28T14:41:31+00:00","author":{"@id":"https:\/\/dev.antudigital.cl\/sites\/vc\/#\/schema\/person\/c2b9da8dd545e27166fc5ab232837318"},"breadcrumb":{"@id":"https:\/\/dev.antudigital.cl\/sites\/vc\/arcos-y-valparaiso-creativo-destacan-participacion-de-red-de-territorios-creativos-en-foro-internacional-en-uruguay\/#breadcrumb"},"inLanguage":"es","potentialAction":[{"@type":"ReadAction","target":["https:\/\/dev.antudigital.cl\/sites\/vc\/arcos-y-valparaiso-creativo-destacan-participacion-de-red-de-territorios-creativos-en-foro-internacional-en-uruguay\/"]}]},{"@type":"ImageObject","inLanguage":"es","@id":"https:\/\/dev.antudigital.cl\/sites\/vc\/arcos-y-valparaiso-creativo-destacan-participacion-de-red-de-territorios-creativos-en-foro-internacional-en-uruguay\/#primaryimage","url":"https:\/\/dev.antudigital.cl\/sites\/vc\/wp-content\/uploads\/2024\/08\/d-20-e1716948446638-1024x558-1.jpg","contentUrl":"https:\/\/dev.antudigital.cl\/sites\/vc\/wp-content\/uploads\/2024\/08\/d-20-e1716948446638-1024x558-1.jpg","width":1024,"height":558},{"@type":"BreadcrumbList","@id":"https:\/\/dev.antudigital.cl\/sites\/vc\/arcos-y-valparaiso-creativo-destacan-participacion-de-red-de-territorios-creativos-en-foro-internacional-en-uruguay\/#breadcrumb","itemListElement":[{"@type":"ListItem","position":1,"name":"Home","item":"https:\/\/dev.antudigital.cl\/sites\/vc\/"},{"@type":"ListItem","position":2,"name":"Arcos y Valpara\u00edso Creativo destacan participaci\u00f3n de Red de Territorios Creativos en Foro Internacional en Uruguay"}]},{"@type":"WebSite","@id":"https:\/\/dev.antudigital.cl\/sites\/vc\/#website","url":"https:\/\/dev.antudigital.cl\/sites\/vc\/","name":"Valpara\u00ed\u00adso Creativo","description":"","potentialAction":[{"@type":"SearchAction","target":{"@type":"EntryPoint","urlTemplate":"https:\/\/dev.antudigital.cl\/sites\/vc\/?s={search_term_string}"},"query-input":{"@type":"PropertyValueSpecification","valueRequired":true,"valueName":"search_term_string"}}],"inLanguage":"es"},{"@type":"Person","@id":"https:\/\/dev.antudigital.cl\/sites\/vc\/#\/schema\/person\/c2b9da8dd545e27166fc5ab232837318","name":"Valpara\u00edso Creativo","description":"Periodista de cultura en la Regi\u00f3n de Valpara\u00edso.","url":"https:\/\/dev.antudigital.cl\/sites\/vc\/author\/valpoadmin\/"}]}},"_links":{"self":[{"href":"https:\/\/dev.antudigital.cl\/sites\/vc\/wp-json\/wp\/v2\/posts\/20145","targetHints":{"allow":["GET"]}}],"collection":[{"href":"https:\/\/dev.antudigital.cl\/sites\/vc\/wp-json\/wp\/v2\/posts"}],"about":[{"href":"https:\/\/dev.antudigital.cl\/sites\/vc\/wp-json\/wp\/v2\/types\/post"}],"author":[{"embeddable":true,"href":"https:\/\/dev.antudigital.cl\/sites\/vc\/wp-json\/wp\/v2\/users\/1"}],"replies":[{"embeddable":true,"href":"https:\/\/dev.antudigital.cl\/sites\/vc\/wp-json\/wp\/v2\/comments?post=20145"}],"version-history":[{"count":1,"href":"https:\/\/dev.antudigital.cl\/sites\/vc\/wp-json\/wp\/v2\/posts\/20145\/revisions"}],"predecessor-version":[{"id":20148,"href":"https:\/\/dev.antudigital.cl\/sites\/vc\/wp-json\/wp\/v2\/posts\/20145\/revisions\/20148"}],"wp:featuredmedia":[{"embeddable":true,"href":"https:\/\/dev.antudigital.cl\/sites\/vc\/wp-json\/wp\/v2\/media\/20147"}],"wp:attachment":[{"href":"https:\/\/dev.antudigital.cl\/sites\/vc\/wp-json\/wp\/v2\/media?parent=20145"}],"wp:term":[{"taxonomy":"category","embeddable":true,"href":"https:\/\/dev.antudigital.cl\/sites\/vc\/wp-json\/wp\/v2\/categories?post=20145"},{"taxonomy":"post_tag","embeddable":true,"href":"https:\/\/dev.antudigital.cl\/sites\/vc\/wp-json\/wp\/v2\/tags?post=20145"}],"curies":[{"name":"wp","href":"https:\/\/api.w.org\/{rel}","templated":true}]}}