{"id":20150,"date":"2024-08-29T09:00:00","date_gmt":"2024-08-29T09:00:00","guid":{"rendered":"https:\/\/www.valparaisocreativo.cl\/?p=20150"},"modified":"2024-08-28T19:21:00","modified_gmt":"2024-08-28T19:21:00","slug":"cuarzo-emotivo-lanzamiento-de-paulo-leon-con-concierto-en-el-templo-silbante-se-estrena-el-6to-disco-del-musico-chilote","status":"publish","type":"post","link":"https:\/\/dev.antudigital.cl\/sites\/vc\/cuarzo-emotivo-lanzamiento-de-paulo-leon-con-concierto-en-el-templo-silbante-se-estrena-el-6to-disco-del-musico-chilote\/","title":{"rendered":"\u201cCuarzo\u201d emotivo lanzamiento de Paulo Le\u00f3n con concierto en el Templo Silbante se estrena el 6to disco del m\u00fasico chilote"},"content":{"rendered":"\n<p>Luego del lanzamiento de 2 singles: \u201cCanci\u00f3n de Despedida\u201d y \u201cCuerpo de Cuarzo\u201d, el artista estrena su sexto disco: \u201cCuarzo\u201d.<\/p>\n\n\n\n<p>Este joven poeta (23) y compositor de la isla de Chilo\u00e9, parte elaborando sus primeros \u00e1lbumes en el a\u00f1o 2016. Con estudios formales en composici\u00f3n y piano; las influencias del jazz, los sonidos del rock y la imaginaci\u00f3n l\u00edrica se ven reunidas en parte importante de su m\u00fasica. Este \u00e1lbum no es la excepci\u00f3n.<\/p>\n\n\n\n<p>El artista, a trav\u00e9s de su voz reflexiva y del piano suave, fusiona la canci\u00f3n, el rock y el jazz en su nuevo LP titulado \u00abCuarzo\u00bb. Este lanzamiento re\u00fane melod\u00edas melanc\u00f3licas que se inspiran en el sur y la energ\u00eda de la ciudad de Valpara\u00edso. Con una serie de muy bien logrados arreglos musicales que complementan a la voz del artista y contribuyen a cohesionar una atm\u00f3sfera \u00edntima y emotiva entre los cl\u00e1sicos, pero a la vez frescos instrumentos. Las letras, a trav\u00e9s de&nbsp; met\u00e1foras y simbolismos, crean una atm\u00f3sfera nost\u00e1lgica, reveladora y profunda que se adentra en el pasado y en todos los fantasmas que habitan en el presente.&nbsp;<\/p>\n\n\n\n<figure class=\"wp-block-image size-full\"><img fetchpriority=\"high\" decoding=\"async\" width=\"649\" height=\"649\" src=\"https:\/\/www.valparaisocreativo.cl\/wp-content\/uploads\/2024\/08\/Portada-Cuarzo.jpg\" alt=\"\" class=\"wp-image-20151\" srcset=\"https:\/\/dev.antudigital.cl\/sites\/vc\/wp-content\/uploads\/2024\/08\/Portada-Cuarzo.jpg 649w, https:\/\/dev.antudigital.cl\/sites\/vc\/wp-content\/uploads\/2024\/08\/Portada-Cuarzo-300x300.jpg 300w, https:\/\/dev.antudigital.cl\/sites\/vc\/wp-content\/uploads\/2024\/08\/Portada-Cuarzo-150x150.jpg 150w, https:\/\/dev.antudigital.cl\/sites\/vc\/wp-content\/uploads\/2024\/08\/Portada-Cuarzo-480x480.jpg 480w, https:\/\/dev.antudigital.cl\/sites\/vc\/wp-content\/uploads\/2024\/08\/Portada-Cuarzo-24x24.jpg 24w, https:\/\/dev.antudigital.cl\/sites\/vc\/wp-content\/uploads\/2024\/08\/Portada-Cuarzo-36x36.jpg 36w, https:\/\/dev.antudigital.cl\/sites\/vc\/wp-content\/uploads\/2024\/08\/Portada-Cuarzo-48x48.jpg 48w\" sizes=\"(max-width: 649px) 100vw, 649px\" \/><\/figure>\n\n\n\n<p>Paulo Le\u00f3n con \u201cCuarzo\u201d nos ofrece refrescar la escena nacional con una apuesta joven, potente e innovadora en el rock y en el jazz, que podemos apreciar en esta profunda obra.<\/p>\n\n\n\n<p>Luego de un exitoso concierto en Radio Escena en Santiago, este 31 de agosto el m\u00fasico chilote se presentar\u00e1 en Valpara\u00edso, en el Templo Silbante y tendr\u00e1 como invitado al m\u00fasico local FABI.<\/p>\n\n\n\n<p>Detalles Concierto:<\/p>\n\n\n\n<p>S\u00e1bado 31 de agosto 20:00 hrs.<\/p>\n\n\n\n<p>Templo Silbante (Pasaje Templeman 176, Valpara\u00edso)<\/p>\n\n\n\n<p><a href=\"https:\/\/portaldisc.com\/evento\/pauloleoncuarzo\"><strong>Valor entrada: $5.000 haciendo click aqu\u00ed.<\/strong><\/a><\/p>\n\n\n\n<p><\/p>\n\n\n\n<figure class=\"wp-block-embed is-type-rich is-provider-spotify wp-block-embed-spotify wp-embed-aspect-21-9 wp-has-aspect-ratio\"><div class=\"wp-block-embed__wrapper\">\n<iframe title=\"Spotify Embed: Paulo Le\u00f3n\" style=\"border-radius: 12px\" width=\"100%\" height=\"352\" frameborder=\"0\" allowfullscreen allow=\"autoplay; clipboard-write; encrypted-media; fullscreen; picture-in-picture\" loading=\"lazy\" src=\"https:\/\/open.spotify.com\/embed\/artist\/2TzEwErxRPpeJu0vvLKbRB?si=ibFTSDKsSr-KTvYt8zHOLA&#038;utm_source=oembed\"><\/iframe>\n<\/div><\/figure>\n\n\n\n<p><strong>Detalles de la Grabaci\u00f3n<\/strong><\/p>\n\n\n\n<p>\u00abCuarzo\u00bb fue grabado en febrero de 2024 en Estudio Azul Valpara\u00edso.<\/p>\n\n\n\n<p><strong>Participaron en la grabaci\u00f3n:<\/strong><\/p>\n\n\n\n<p>Randy Escovedo: Bater\u00eda<\/p>\n\n\n\n<p>Julio Jara: Contrabajo<\/p>\n\n\n\n<p>Christian Dorner: Saxof\u00f3n tenor<\/p>\n\n\n\n<p>Paulo Le\u00f3n Opazo: Piano, voz y composici\u00f3n<\/p>\n\n\n\n<p>Invitados Especiales:<\/p>\n\n\n\n<p>Felipe L\u00f3pez: Trompeta<\/p>\n\n\n\n<p>Andr\u00e9s Musso: Guitarra el\u00e9ctrica<\/p>\n\n\n\n<p>Michael Henr\u00edquez: Bajo el\u00e9ctrico<\/p>\n\n\n\n<p><\/p>\n\n\n\n<p>Para conocer a m\u00e1s,<a href=\"https:\/\/www.instagram.com\/paulosleon\/?hl=es-la\"> sigue a Paulo en sus redes sociales.<\/a><\/p>\n","protected":false},"excerpt":{"rendered":"<p>Luego del lanzamiento de 2 singles: \u201cCanci\u00f3n de Despedida\u201d y \u201cCuerpo de Cuarzo\u201d, el artista estrena su sexto disco: \u201cCuarzo\u201d. Este joven poeta (23) y compositor de la isla de Chilo\u00e9, parte elaborando sus primeros \u00e1lbumes en el a\u00f1o 2016. Con estudios formales en composici\u00f3n y piano; las influencias del jazz, los sonidos del rock [&hellip;]<\/p>\n","protected":false},"author":1,"featured_media":20160,"comment_status":"closed","ping_status":"closed","sticky":false,"template":"","format":"standard","meta":{"_acf_changed":false,"footnotes":""},"categories":[8],"tags":[],"class_list":["post-20150","post","type-post","status-publish","format-standard","has-post-thumbnail","hentry","category-noticia"],"acf":[],"yoast_head":"<!-- This site is optimized with the Yoast SEO plugin v27.1.1 - https:\/\/yoast.com\/product\/yoast-seo-wordpress\/ -->\n<title>\u201cCuarzo\u201d emotivo lanzamiento de Paulo Le\u00f3n con concierto en el Templo Silbante se estrena el 6to disco del m\u00fasico chilote - Valpara\u00ed\u00adso Creativo<\/title>\n<meta name=\"robots\" content=\"index, follow, max-snippet:-1, max-image-preview:large, max-video-preview:-1\" \/>\n<link rel=\"canonical\" href=\"https:\/\/dev.antudigital.cl\/sites\/vc\/cuarzo-emotivo-lanzamiento-de-paulo-leon-con-concierto-en-el-templo-silbante-se-estrena-el-6to-disco-del-musico-chilote\/\" \/>\n<meta property=\"og:locale\" content=\"es_ES\" \/>\n<meta property=\"og:type\" content=\"article\" \/>\n<meta property=\"og:title\" content=\"\u201cCuarzo\u201d emotivo lanzamiento de Paulo Le\u00f3n con concierto en el Templo Silbante se estrena el 6to disco del m\u00fasico chilote - Valpara\u00ed\u00adso Creativo\" \/>\n<meta property=\"og:description\" content=\"Luego del lanzamiento de 2 singles: \u201cCanci\u00f3n de Despedida\u201d y \u201cCuerpo de Cuarzo\u201d, el artista estrena su sexto disco: \u201cCuarzo\u201d. Este joven poeta (23) y compositor de la isla de Chilo\u00e9, parte elaborando sus primeros \u00e1lbumes en el a\u00f1o 2016. Con estudios formales en composici\u00f3n y piano; las influencias del jazz, los sonidos del rock [&hellip;]\" \/>\n<meta property=\"og:url\" content=\"https:\/\/dev.antudigital.cl\/sites\/vc\/cuarzo-emotivo-lanzamiento-de-paulo-leon-con-concierto-en-el-templo-silbante-se-estrena-el-6to-disco-del-musico-chilote\/\" \/>\n<meta property=\"og:site_name\" content=\"Valpara\u00ed\u00adso Creativo\" \/>\n<meta property=\"article:published_time\" content=\"2024-08-29T09:00:00+00:00\" \/>\n<meta property=\"og:image\" content=\"https:\/\/dev.antudigital.cl\/sites\/vc\/wp-content\/uploads\/2024\/08\/Foto-Paulo-Leon-jpg-scaled.jpg\" \/>\n\t<meta property=\"og:image:width\" content=\"2560\" \/>\n\t<meta property=\"og:image:height\" content=\"1704\" \/>\n\t<meta property=\"og:image:type\" content=\"image\/jpeg\" \/>\n<meta name=\"author\" content=\"Valpara\u00edso Creativo\" \/>\n<meta name=\"twitter:card\" content=\"summary_large_image\" \/>\n<meta name=\"twitter:label1\" content=\"Escrito por\" \/>\n\t<meta name=\"twitter:data1\" content=\"Valpara\u00edso Creativo\" \/>\n\t<meta name=\"twitter:label2\" content=\"Tiempo de lectura\" \/>\n\t<meta name=\"twitter:data2\" content=\"2 minutos\" \/>\n<script type=\"application\/ld+json\" class=\"yoast-schema-graph\">{\"@context\":\"https:\/\/schema.org\",\"@graph\":[{\"@type\":\"Article\",\"@id\":\"https:\/\/dev.antudigital.cl\/sites\/vc\/cuarzo-emotivo-lanzamiento-de-paulo-leon-con-concierto-en-el-templo-silbante-se-estrena-el-6to-disco-del-musico-chilote\/#article\",\"isPartOf\":{\"@id\":\"https:\/\/dev.antudigital.cl\/sites\/vc\/cuarzo-emotivo-lanzamiento-de-paulo-leon-con-concierto-en-el-templo-silbante-se-estrena-el-6to-disco-del-musico-chilote\/\"},\"author\":{\"name\":\"Valpara\u00edso Creativo\",\"@id\":\"https:\/\/dev.antudigital.cl\/sites\/vc\/#\/schema\/person\/c2b9da8dd545e27166fc5ab232837318\"},\"headline\":\"\u201cCuarzo\u201d emotivo lanzamiento de Paulo Le\u00f3n con concierto en el Templo Silbante se estrena el 6to disco del m\u00fasico chilote\",\"datePublished\":\"2024-08-29T09:00:00+00:00\",\"mainEntityOfPage\":{\"@id\":\"https:\/\/dev.antudigital.cl\/sites\/vc\/cuarzo-emotivo-lanzamiento-de-paulo-leon-con-concierto-en-el-templo-silbante-se-estrena-el-6to-disco-del-musico-chilote\/\"},\"wordCount\":393,\"image\":{\"@id\":\"https:\/\/dev.antudigital.cl\/sites\/vc\/cuarzo-emotivo-lanzamiento-de-paulo-leon-con-concierto-en-el-templo-silbante-se-estrena-el-6to-disco-del-musico-chilote\/#primaryimage\"},\"thumbnailUrl\":\"https:\/\/dev.antudigital.cl\/sites\/vc\/wp-content\/uploads\/2024\/08\/Foto-Paulo-Leon-jpg-scaled.jpg\",\"articleSection\":[\"Noticia\"],\"inLanguage\":\"es\"},{\"@type\":\"WebPage\",\"@id\":\"https:\/\/dev.antudigital.cl\/sites\/vc\/cuarzo-emotivo-lanzamiento-de-paulo-leon-con-concierto-en-el-templo-silbante-se-estrena-el-6to-disco-del-musico-chilote\/\",\"url\":\"https:\/\/dev.antudigital.cl\/sites\/vc\/cuarzo-emotivo-lanzamiento-de-paulo-leon-con-concierto-en-el-templo-silbante-se-estrena-el-6to-disco-del-musico-chilote\/\",\"name\":\"\u201cCuarzo\u201d emotivo lanzamiento de Paulo Le\u00f3n con concierto en el Templo Silbante se estrena el 6to disco del m\u00fasico chilote - Valpara\u00ed\u00adso Creativo\",\"isPartOf\":{\"@id\":\"https:\/\/dev.antudigital.cl\/sites\/vc\/#website\"},\"primaryImageOfPage\":{\"@id\":\"https:\/\/dev.antudigital.cl\/sites\/vc\/cuarzo-emotivo-lanzamiento-de-paulo-leon-con-concierto-en-el-templo-silbante-se-estrena-el-6to-disco-del-musico-chilote\/#primaryimage\"},\"image\":{\"@id\":\"https:\/\/dev.antudigital.cl\/sites\/vc\/cuarzo-emotivo-lanzamiento-de-paulo-leon-con-concierto-en-el-templo-silbante-se-estrena-el-6to-disco-del-musico-chilote\/#primaryimage\"},\"thumbnailUrl\":\"https:\/\/dev.antudigital.cl\/sites\/vc\/wp-content\/uploads\/2024\/08\/Foto-Paulo-Leon-jpg-scaled.jpg\",\"datePublished\":\"2024-08-29T09:00:00+00:00\",\"author\":{\"@id\":\"https:\/\/dev.antudigital.cl\/sites\/vc\/#\/schema\/person\/c2b9da8dd545e27166fc5ab232837318\"},\"breadcrumb\":{\"@id\":\"https:\/\/dev.antudigital.cl\/sites\/vc\/cuarzo-emotivo-lanzamiento-de-paulo-leon-con-concierto-en-el-templo-silbante-se-estrena-el-6to-disco-del-musico-chilote\/#breadcrumb\"},\"inLanguage\":\"es\",\"potentialAction\":[{\"@type\":\"ReadAction\",\"target\":[\"https:\/\/dev.antudigital.cl\/sites\/vc\/cuarzo-emotivo-lanzamiento-de-paulo-leon-con-concierto-en-el-templo-silbante-se-estrena-el-6to-disco-del-musico-chilote\/\"]}]},{\"@type\":\"ImageObject\",\"inLanguage\":\"es\",\"@id\":\"https:\/\/dev.antudigital.cl\/sites\/vc\/cuarzo-emotivo-lanzamiento-de-paulo-leon-con-concierto-en-el-templo-silbante-se-estrena-el-6to-disco-del-musico-chilote\/#primaryimage\",\"url\":\"https:\/\/dev.antudigital.cl\/sites\/vc\/wp-content\/uploads\/2024\/08\/Foto-Paulo-Leon-jpg-scaled.jpg\",\"contentUrl\":\"https:\/\/dev.antudigital.cl\/sites\/vc\/wp-content\/uploads\/2024\/08\/Foto-Paulo-Leon-jpg-scaled.jpg\",\"width\":2560,\"height\":1704},{\"@type\":\"BreadcrumbList\",\"@id\":\"https:\/\/dev.antudigital.cl\/sites\/vc\/cuarzo-emotivo-lanzamiento-de-paulo-leon-con-concierto-en-el-templo-silbante-se-estrena-el-6to-disco-del-musico-chilote\/#breadcrumb\",\"itemListElement\":[{\"@type\":\"ListItem\",\"position\":1,\"name\":\"Home\",\"item\":\"https:\/\/dev.antudigital.cl\/sites\/vc\/\"},{\"@type\":\"ListItem\",\"position\":2,\"name\":\"\u201cCuarzo\u201d emotivo lanzamiento de Paulo Le\u00f3n con concierto en el Templo Silbante se estrena el 6to disco del m\u00fasico chilote\"}]},{\"@type\":\"WebSite\",\"@id\":\"https:\/\/dev.antudigital.cl\/sites\/vc\/#website\",\"url\":\"https:\/\/dev.antudigital.cl\/sites\/vc\/\",\"name\":\"Valpara\u00ed\u00adso Creativo\",\"description\":\"\",\"potentialAction\":[{\"@type\":\"SearchAction\",\"target\":{\"@type\":\"EntryPoint\",\"urlTemplate\":\"https:\/\/dev.antudigital.cl\/sites\/vc\/?s={search_term_string}\"},\"query-input\":{\"@type\":\"PropertyValueSpecification\",\"valueRequired\":true,\"valueName\":\"search_term_string\"}}],\"inLanguage\":\"es\"},{\"@type\":\"Person\",\"@id\":\"https:\/\/dev.antudigital.cl\/sites\/vc\/#\/schema\/person\/c2b9da8dd545e27166fc5ab232837318\",\"name\":\"Valpara\u00edso Creativo\",\"description\":\"Periodista de cultura en la Regi\u00f3n de Valpara\u00edso.\",\"url\":\"https:\/\/dev.antudigital.cl\/sites\/vc\/author\/valpoadmin\/\"}]}<\/script>\n<!-- \/ Yoast SEO plugin. -->","yoast_head_json":{"title":"\u201cCuarzo\u201d emotivo lanzamiento de Paulo Le\u00f3n con concierto en el Templo Silbante se estrena el 6to disco del m\u00fasico chilote - Valpara\u00ed\u00adso Creativo","robots":{"index":"index","follow":"follow","max-snippet":"max-snippet:-1","max-image-preview":"max-image-preview:large","max-video-preview":"max-video-preview:-1"},"canonical":"https:\/\/dev.antudigital.cl\/sites\/vc\/cuarzo-emotivo-lanzamiento-de-paulo-leon-con-concierto-en-el-templo-silbante-se-estrena-el-6to-disco-del-musico-chilote\/","og_locale":"es_ES","og_type":"article","og_title":"\u201cCuarzo\u201d emotivo lanzamiento de Paulo Le\u00f3n con concierto en el Templo Silbante se estrena el 6to disco del m\u00fasico chilote - Valpara\u00ed\u00adso Creativo","og_description":"Luego del lanzamiento de 2 singles: \u201cCanci\u00f3n de Despedida\u201d y \u201cCuerpo de Cuarzo\u201d, el artista estrena su sexto disco: \u201cCuarzo\u201d. Este joven poeta (23) y compositor de la isla de Chilo\u00e9, parte elaborando sus primeros \u00e1lbumes en el a\u00f1o 2016. Con estudios formales en composici\u00f3n y piano; las influencias del jazz, los sonidos del rock [&hellip;]","og_url":"https:\/\/dev.antudigital.cl\/sites\/vc\/cuarzo-emotivo-lanzamiento-de-paulo-leon-con-concierto-en-el-templo-silbante-se-estrena-el-6to-disco-del-musico-chilote\/","og_site_name":"Valpara\u00ed\u00adso Creativo","article_published_time":"2024-08-29T09:00:00+00:00","og_image":[{"width":2560,"height":1704,"url":"https:\/\/dev.antudigital.cl\/sites\/vc\/wp-content\/uploads\/2024\/08\/Foto-Paulo-Leon-jpg-scaled.jpg","type":"image\/jpeg"}],"author":"Valpara\u00edso Creativo","twitter_card":"summary_large_image","twitter_misc":{"Escrito por":"Valpara\u00edso Creativo","Tiempo de lectura":"2 minutos"},"schema":{"@context":"https:\/\/schema.org","@graph":[{"@type":"Article","@id":"https:\/\/dev.antudigital.cl\/sites\/vc\/cuarzo-emotivo-lanzamiento-de-paulo-leon-con-concierto-en-el-templo-silbante-se-estrena-el-6to-disco-del-musico-chilote\/#article","isPartOf":{"@id":"https:\/\/dev.antudigital.cl\/sites\/vc\/cuarzo-emotivo-lanzamiento-de-paulo-leon-con-concierto-en-el-templo-silbante-se-estrena-el-6to-disco-del-musico-chilote\/"},"author":{"name":"Valpara\u00edso Creativo","@id":"https:\/\/dev.antudigital.cl\/sites\/vc\/#\/schema\/person\/c2b9da8dd545e27166fc5ab232837318"},"headline":"\u201cCuarzo\u201d emotivo lanzamiento de Paulo Le\u00f3n con concierto en el Templo Silbante se estrena el 6to disco del m\u00fasico chilote","datePublished":"2024-08-29T09:00:00+00:00","mainEntityOfPage":{"@id":"https:\/\/dev.antudigital.cl\/sites\/vc\/cuarzo-emotivo-lanzamiento-de-paulo-leon-con-concierto-en-el-templo-silbante-se-estrena-el-6to-disco-del-musico-chilote\/"},"wordCount":393,"image":{"@id":"https:\/\/dev.antudigital.cl\/sites\/vc\/cuarzo-emotivo-lanzamiento-de-paulo-leon-con-concierto-en-el-templo-silbante-se-estrena-el-6to-disco-del-musico-chilote\/#primaryimage"},"thumbnailUrl":"https:\/\/dev.antudigital.cl\/sites\/vc\/wp-content\/uploads\/2024\/08\/Foto-Paulo-Leon-jpg-scaled.jpg","articleSection":["Noticia"],"inLanguage":"es"},{"@type":"WebPage","@id":"https:\/\/dev.antudigital.cl\/sites\/vc\/cuarzo-emotivo-lanzamiento-de-paulo-leon-con-concierto-en-el-templo-silbante-se-estrena-el-6to-disco-del-musico-chilote\/","url":"https:\/\/dev.antudigital.cl\/sites\/vc\/cuarzo-emotivo-lanzamiento-de-paulo-leon-con-concierto-en-el-templo-silbante-se-estrena-el-6to-disco-del-musico-chilote\/","name":"\u201cCuarzo\u201d emotivo lanzamiento de Paulo Le\u00f3n con concierto en el Templo Silbante se estrena el 6to disco del m\u00fasico chilote - Valpara\u00ed\u00adso Creativo","isPartOf":{"@id":"https:\/\/dev.antudigital.cl\/sites\/vc\/#website"},"primaryImageOfPage":{"@id":"https:\/\/dev.antudigital.cl\/sites\/vc\/cuarzo-emotivo-lanzamiento-de-paulo-leon-con-concierto-en-el-templo-silbante-se-estrena-el-6to-disco-del-musico-chilote\/#primaryimage"},"image":{"@id":"https:\/\/dev.antudigital.cl\/sites\/vc\/cuarzo-emotivo-lanzamiento-de-paulo-leon-con-concierto-en-el-templo-silbante-se-estrena-el-6to-disco-del-musico-chilote\/#primaryimage"},"thumbnailUrl":"https:\/\/dev.antudigital.cl\/sites\/vc\/wp-content\/uploads\/2024\/08\/Foto-Paulo-Leon-jpg-scaled.jpg","datePublished":"2024-08-29T09:00:00+00:00","author":{"@id":"https:\/\/dev.antudigital.cl\/sites\/vc\/#\/schema\/person\/c2b9da8dd545e27166fc5ab232837318"},"breadcrumb":{"@id":"https:\/\/dev.antudigital.cl\/sites\/vc\/cuarzo-emotivo-lanzamiento-de-paulo-leon-con-concierto-en-el-templo-silbante-se-estrena-el-6to-disco-del-musico-chilote\/#breadcrumb"},"inLanguage":"es","potentialAction":[{"@type":"ReadAction","target":["https:\/\/dev.antudigital.cl\/sites\/vc\/cuarzo-emotivo-lanzamiento-de-paulo-leon-con-concierto-en-el-templo-silbante-se-estrena-el-6to-disco-del-musico-chilote\/"]}]},{"@type":"ImageObject","inLanguage":"es","@id":"https:\/\/dev.antudigital.cl\/sites\/vc\/cuarzo-emotivo-lanzamiento-de-paulo-leon-con-concierto-en-el-templo-silbante-se-estrena-el-6to-disco-del-musico-chilote\/#primaryimage","url":"https:\/\/dev.antudigital.cl\/sites\/vc\/wp-content\/uploads\/2024\/08\/Foto-Paulo-Leon-jpg-scaled.jpg","contentUrl":"https:\/\/dev.antudigital.cl\/sites\/vc\/wp-content\/uploads\/2024\/08\/Foto-Paulo-Leon-jpg-scaled.jpg","width":2560,"height":1704},{"@type":"BreadcrumbList","@id":"https:\/\/dev.antudigital.cl\/sites\/vc\/cuarzo-emotivo-lanzamiento-de-paulo-leon-con-concierto-en-el-templo-silbante-se-estrena-el-6to-disco-del-musico-chilote\/#breadcrumb","itemListElement":[{"@type":"ListItem","position":1,"name":"Home","item":"https:\/\/dev.antudigital.cl\/sites\/vc\/"},{"@type":"ListItem","position":2,"name":"\u201cCuarzo\u201d emotivo lanzamiento de Paulo Le\u00f3n con concierto en el Templo Silbante se estrena el 6to disco del m\u00fasico chilote"}]},{"@type":"WebSite","@id":"https:\/\/dev.antudigital.cl\/sites\/vc\/#website","url":"https:\/\/dev.antudigital.cl\/sites\/vc\/","name":"Valpara\u00ed\u00adso Creativo","description":"","potentialAction":[{"@type":"SearchAction","target":{"@type":"EntryPoint","urlTemplate":"https:\/\/dev.antudigital.cl\/sites\/vc\/?s={search_term_string}"},"query-input":{"@type":"PropertyValueSpecification","valueRequired":true,"valueName":"search_term_string"}}],"inLanguage":"es"},{"@type":"Person","@id":"https:\/\/dev.antudigital.cl\/sites\/vc\/#\/schema\/person\/c2b9da8dd545e27166fc5ab232837318","name":"Valpara\u00edso Creativo","description":"Periodista de cultura en la Regi\u00f3n de Valpara\u00edso.","url":"https:\/\/dev.antudigital.cl\/sites\/vc\/author\/valpoadmin\/"}]}},"_links":{"self":[{"href":"https:\/\/dev.antudigital.cl\/sites\/vc\/wp-json\/wp\/v2\/posts\/20150","targetHints":{"allow":["GET"]}}],"collection":[{"href":"https:\/\/dev.antudigital.cl\/sites\/vc\/wp-json\/wp\/v2\/posts"}],"about":[{"href":"https:\/\/dev.antudigital.cl\/sites\/vc\/wp-json\/wp\/v2\/types\/post"}],"author":[{"embeddable":true,"href":"https:\/\/dev.antudigital.cl\/sites\/vc\/wp-json\/wp\/v2\/users\/1"}],"replies":[{"embeddable":true,"href":"https:\/\/dev.antudigital.cl\/sites\/vc\/wp-json\/wp\/v2\/comments?post=20150"}],"version-history":[{"count":1,"href":"https:\/\/dev.antudigital.cl\/sites\/vc\/wp-json\/wp\/v2\/posts\/20150\/revisions"}],"predecessor-version":[{"id":20153,"href":"https:\/\/dev.antudigital.cl\/sites\/vc\/wp-json\/wp\/v2\/posts\/20150\/revisions\/20153"}],"wp:featuredmedia":[{"embeddable":true,"href":"https:\/\/dev.antudigital.cl\/sites\/vc\/wp-json\/wp\/v2\/media\/20160"}],"wp:attachment":[{"href":"https:\/\/dev.antudigital.cl\/sites\/vc\/wp-json\/wp\/v2\/media?parent=20150"}],"wp:term":[{"taxonomy":"category","embeddable":true,"href":"https:\/\/dev.antudigital.cl\/sites\/vc\/wp-json\/wp\/v2\/categories?post=20150"},{"taxonomy":"post_tag","embeddable":true,"href":"https:\/\/dev.antudigital.cl\/sites\/vc\/wp-json\/wp\/v2\/tags?post=20150"}],"curies":[{"name":"wp","href":"https:\/\/api.w.org\/{rel}","templated":true}]}}