{"id":20194,"date":"2024-09-02T20:24:04","date_gmt":"2024-09-02T20:24:04","guid":{"rendered":"https:\/\/www.valparaisocreativo.cl\/?p=20194"},"modified":"2024-09-02T20:24:29","modified_gmt":"2024-09-02T20:24:29","slug":"valparaiso-creativo-e-instituto-arcos-celebran-nuevos-fondos-para-la-red-nacional-de-territorios-creativos","status":"publish","type":"post","link":"https:\/\/dev.antudigital.cl\/sites\/vc\/valparaiso-creativo-e-instituto-arcos-celebran-nuevos-fondos-para-la-red-nacional-de-territorios-creativos\/","title":{"rendered":"Valpara\u00edso Creativo e Instituto ARCOS celebran nuevos fondos para la Red Nacional de Territorios Creativos"},"content":{"rendered":"\n<p><em><sup>Tres territorios tienen resultados positivos en cuanto a adjudicaci\u00f3n del fondo de Redes y Asociatividad del Ministerio de las Culturas, las Artes y el Patrimonio, representando diversas regiones y expresiones de la Econom\u00eda Creativa a nivel nacional, como Valpara\u00edso y Pe\u00f1alol\u00e9n.<\/sup><\/em><\/p>\n\n\n\n<p><sup>Se trata de las instancias MAEC y Comunidad Creativa los R\u00edos, de La Araucan\u00eda; Territorio Pe\u00f1alol\u00e9n Creativa y Trenzando, de Valpara\u00edso, quienes han sido seleccionados para recibir financiamiento que busca fortalecer su organizaci\u00f3n, redes y visibilidad, contribuyendo al desarrollo de una Red Nacional de Territorios Creativos, RNTC, m\u00e1s consolidada y sostenible.<\/sup><\/p>\n\n\n\n<p><sup>El impacto de este fondo no se limita a las regiones involucradas, sino que refuerza la conectividad y la cooperaci\u00f3n en todo el ecosistema de las econom\u00edas creativas a nivel nacional, generando un importante impacto. Este esfuerzo conjunto permitir\u00e1 potenciar la creatividad local y fomentar nuevas oportunidades para los actores culturales locales.<\/sup><\/p>\n\n\n\n<p><sup>Los proyectos ganados suman un nuevo hito en la organizaci\u00f3n, siendo un paso clave en la promoci\u00f3n y expansi\u00f3n de iniciativas culturales que generan un impacto positivo en las comunidades y territorios.<\/sup><\/p>\n\n\n\n<figure class=\"wp-block-image size-large\"><img fetchpriority=\"high\" decoding=\"async\" width=\"1024\" height=\"768\" src=\"https:\/\/www.valparaisocreativo.cl\/wp-content\/uploads\/2024\/09\/image_123650291-1024x768.jpg\" alt=\"\" class=\"wp-image-20200\" srcset=\"https:\/\/dev.antudigital.cl\/sites\/vc\/wp-content\/uploads\/2024\/09\/image_123650291-1024x768.jpg 1024w, https:\/\/dev.antudigital.cl\/sites\/vc\/wp-content\/uploads\/2024\/09\/image_123650291-300x225.jpg 300w, https:\/\/dev.antudigital.cl\/sites\/vc\/wp-content\/uploads\/2024\/09\/image_123650291-768x576.jpg 768w, https:\/\/dev.antudigital.cl\/sites\/vc\/wp-content\/uploads\/2024\/09\/image_123650291-510x382.jpg 510w, https:\/\/dev.antudigital.cl\/sites\/vc\/wp-content\/uploads\/2024\/09\/image_123650291-980x735.jpg 980w, https:\/\/dev.antudigital.cl\/sites\/vc\/wp-content\/uploads\/2024\/09\/image_123650291-480x360.jpg 480w, https:\/\/dev.antudigital.cl\/sites\/vc\/wp-content\/uploads\/2024\/09\/image_123650291-24x18.jpg 24w, https:\/\/dev.antudigital.cl\/sites\/vc\/wp-content\/uploads\/2024\/09\/image_123650291-36x27.jpg 36w, https:\/\/dev.antudigital.cl\/sites\/vc\/wp-content\/uploads\/2024\/09\/image_123650291-48x36.jpg 48w, https:\/\/dev.antudigital.cl\/sites\/vc\/wp-content\/uploads\/2024\/09\/image_123650291.jpg 1080w\" sizes=\"(max-width: 1024px) 100vw, 1024px\" \/><\/figure>\n\n\n\n<p><sup>En este sentido, Mauricio Cifuentes, gerente del Programa Estrat\u00e9gico Regional de CORFO Valpara\u00edso Creativo, quien tambi\u00e9n es miembro del Directorio de la RNTC, comenta que \u201ces una super buena noticia la cantidad de adjudicaciones del Fondo de Fortalecimiento y Redes de Ecosistema, sobre todo porque este instrumento est\u00e1 pensado para la descentralizaci\u00f3n y eso es justamente lo que busca la red: apoyar el desarrollo territorial descentralizado en base al desarrollo sostenible. Estas adjudicaciones van a fortalecer, de cierta forma, el desarrollo de la red y su crecimiento en otras regiones. La red est\u00e1 presente en 9 regiones y es importante que cada vez se ampl\u00ede. Es un buen augurio de lo que se viene\u201d.<\/sup><\/p>\n\n\n\n<p><sup>De hecho, en el caso de Valpara\u00edso, con el proyecto Trenzando, hay estrechos v\u00ednculos justamente con ARCOS y Valpara\u00edso Creativo, siendo parte de la gobernanza de este \u00faltimo, co-creando proyectos en conjunto y trabajando para el crecimiento de la econom\u00eda creativa en la regi\u00f3n.<\/sup><\/p>\n\n\n\n<figure class=\"wp-block-image size-full\"><img decoding=\"async\" width=\"917\" height=\"667\" src=\"https:\/\/www.valparaisocreativo.cl\/wp-content\/uploads\/2024\/09\/Captura-de-Pantalla-2024-09-02-a-las-16.03.56.png\" alt=\"\" class=\"wp-image-20197\" srcset=\"https:\/\/dev.antudigital.cl\/sites\/vc\/wp-content\/uploads\/2024\/09\/Captura-de-Pantalla-2024-09-02-a-las-16.03.56.png 917w, https:\/\/dev.antudigital.cl\/sites\/vc\/wp-content\/uploads\/2024\/09\/Captura-de-Pantalla-2024-09-02-a-las-16.03.56-300x218.png 300w, https:\/\/dev.antudigital.cl\/sites\/vc\/wp-content\/uploads\/2024\/09\/Captura-de-Pantalla-2024-09-02-a-las-16.03.56-768x559.png 768w, https:\/\/dev.antudigital.cl\/sites\/vc\/wp-content\/uploads\/2024\/09\/Captura-de-Pantalla-2024-09-02-a-las-16.03.56-480x349.png 480w, https:\/\/dev.antudigital.cl\/sites\/vc\/wp-content\/uploads\/2024\/09\/Captura-de-Pantalla-2024-09-02-a-las-16.03.56-24x17.png 24w, https:\/\/dev.antudigital.cl\/sites\/vc\/wp-content\/uploads\/2024\/09\/Captura-de-Pantalla-2024-09-02-a-las-16.03.56-36x26.png 36w, https:\/\/dev.antudigital.cl\/sites\/vc\/wp-content\/uploads\/2024\/09\/Captura-de-Pantalla-2024-09-02-a-las-16.03.56-48x35.png 48w\" sizes=\"(max-width: 917px) 100vw, 917px\" \/><\/figure>\n\n\n\n<p><sup>Por su parte, Territorio Pe\u00f1alol\u00e9n Creativa, TPC, que inicia el 2018 conformada el Instituto Profesional ARCOS y la Municipalidad de Pe\u00f1alol\u00e9n, tendr\u00e1 la oportunidad de profundizar su trabajo asociativo y en red mediante este fondo, considerando su formalizaci\u00f3n y ahondando en modelos de gobernanza, gesti\u00f3n, di\u00e1logo territorial y construcci\u00f3n de agendas de desarrollo sostenible. As\u00ed, se espera la consolidaci\u00f3n de la agenda de trabajo en red mediante la elaboraci\u00f3n de un plan de gesti\u00f3n anual, el mapeo de nuevas organizaciones y creativos\/as locales que formen parte de TPC y fortalezcan su gobernanza, adem\u00e1s del desarrollo de un cat\u00e1logo de agentes de la econom\u00eda creativa de Pe\u00f1alol\u00e9n y, por \u00faltimo, el fortalecimiento de <\/sup><em><sup>Octubre, Mes de la Creatividad <\/sup><\/em><sup>en la comuna<\/sup><em><sup> <\/sup><\/em><sup>como mecanismo de fomento de experiencias y acciones de integraci\u00f3n social y productiva con foco en la creatividad.<\/sup><\/p>\n\n\n\n<figure class=\"wp-block-image size-large\"><img decoding=\"async\" width=\"1024\" height=\"836\" src=\"https:\/\/www.valparaisocreativo.cl\/wp-content\/uploads\/2024\/09\/Territorio_Penalolen_Creativa_Mes_de_la_Creatividad_ARCOS_Y_VALPARAISO-1024x836.jpg\" alt=\"\" class=\"wp-image-20202\" srcset=\"https:\/\/dev.antudigital.cl\/sites\/vc\/wp-content\/uploads\/2024\/09\/Territorio_Penalolen_Creativa_Mes_de_la_Creatividad_ARCOS_Y_VALPARAISO-1024x836.jpg 1024w, https:\/\/dev.antudigital.cl\/sites\/vc\/wp-content\/uploads\/2024\/09\/Territorio_Penalolen_Creativa_Mes_de_la_Creatividad_ARCOS_Y_VALPARAISO-300x245.jpg 300w, https:\/\/dev.antudigital.cl\/sites\/vc\/wp-content\/uploads\/2024\/09\/Territorio_Penalolen_Creativa_Mes_de_la_Creatividad_ARCOS_Y_VALPARAISO-768x627.jpg 768w, https:\/\/dev.antudigital.cl\/sites\/vc\/wp-content\/uploads\/2024\/09\/Territorio_Penalolen_Creativa_Mes_de_la_Creatividad_ARCOS_Y_VALPARAISO-980x800.jpg 980w, https:\/\/dev.antudigital.cl\/sites\/vc\/wp-content\/uploads\/2024\/09\/Territorio_Penalolen_Creativa_Mes_de_la_Creatividad_ARCOS_Y_VALPARAISO-480x392.jpg 480w, https:\/\/dev.antudigital.cl\/sites\/vc\/wp-content\/uploads\/2024\/09\/Territorio_Penalolen_Creativa_Mes_de_la_Creatividad_ARCOS_Y_VALPARAISO-24x20.jpg 24w, https:\/\/dev.antudigital.cl\/sites\/vc\/wp-content\/uploads\/2024\/09\/Territorio_Penalolen_Creativa_Mes_de_la_Creatividad_ARCOS_Y_VALPARAISO-36x29.jpg 36w, https:\/\/dev.antudigital.cl\/sites\/vc\/wp-content\/uploads\/2024\/09\/Territorio_Penalolen_Creativa_Mes_de_la_Creatividad_ARCOS_Y_VALPARAISO-48x39.jpg 48w, https:\/\/dev.antudigital.cl\/sites\/vc\/wp-content\/uploads\/2024\/09\/Territorio_Penalolen_Creativa_Mes_de_la_Creatividad_ARCOS_Y_VALPARAISO.jpg 1080w\" sizes=\"(max-width: 1024px) 100vw, 1024px\" \/><\/figure>\n\n\n\n<p><sup>Iara Acu\u00f1a, jefa de CREATE, el Centro de Creatividad, Territorio y Emprendimiento de ARCOS, destac\u00f3 que <\/sup><em><sup>\u201cla adjudicaci\u00f3n y ejecuci\u00f3n de este fondo nos permite posicionarnos de manera m\u00e1s relevante en el territorio, convocando a m\u00e1s creativos y creativas, y haciendo de este espacio un ecosistema sostenible que invite tambi\u00e9n a otros sectores productivos locales, abriendo di\u00e1logos y posibilidades para quienes conforman TPC. Aline\u00e1ndose con el trabajo realizado como parte de la red, donde sistem\u00e1ticamente nos reunimos con otros territorios, y donde nos inspiramos y aprendemos en conjunto con objetivos comunes. Lo que propicia tambi\u00e9n es el fortalecimiento de esta red de redes, compartiendo el camino de esta nueva puerta que se abre para Pe\u00f1alol\u00e9n y las alianzas que van entrelazando los territorios\u201d.<\/sup><\/em><\/p>\n\n\n\n<p><sup>De esta manera, las adjudicaciones se abren como una oportunidad para la RNTC de expandirse y generar un impacto en los territorios a trav\u00e9s de la realizaci\u00f3n de estos proyectos, que con enfoque descentralizado permiten aportar al desarrollo econ\u00f3mico local a trav\u00e9s del sector creativo.<\/sup><\/p>\n\n\n\n<p><sup>Conoce m\u00e1s de la RTNC en<\/sup><a href=\"https:\/\/redterritorioscreativos.chilecreativo.cl\/\"><sup> <\/sup><sup>https:\/\/redterritorioscreativos.chilecreativo.cl\/<\/sup><\/a><\/p>\n","protected":false},"excerpt":{"rendered":"<p>Tres territorios tienen resultados positivos en cuanto a adjudicaci\u00f3n del fondo de Redes y Asociatividad del Ministerio de las Culturas, las Artes y el Patrimonio, representando diversas regiones y expresiones de la Econom\u00eda Creativa a nivel nacional, como Valpara\u00edso y Pe\u00f1alol\u00e9n. Se trata de las instancias MAEC y Comunidad Creativa los R\u00edos, de La Araucan\u00eda; [&hellip;]<\/p>\n","protected":false},"author":1,"featured_media":20203,"comment_status":"closed","ping_status":"closed","sticky":false,"template":"","format":"standard","meta":{"_acf_changed":false,"footnotes":""},"categories":[218],"tags":[],"class_list":["post-20194","post","type-post","status-publish","format-standard","has-post-thumbnail","hentry","category-blog"],"acf":[],"yoast_head":"<!-- This site is optimized with the Yoast SEO plugin v27.1.1 - https:\/\/yoast.com\/product\/yoast-seo-wordpress\/ -->\n<title>Valpara\u00edso Creativo e Instituto ARCOS celebran nuevos fondos para la Red Nacional de Territorios Creativos - Valpara\u00ed\u00adso Creativo<\/title>\n<meta name=\"robots\" content=\"index, follow, max-snippet:-1, max-image-preview:large, max-video-preview:-1\" \/>\n<link rel=\"canonical\" href=\"https:\/\/dev.antudigital.cl\/sites\/vc\/valparaiso-creativo-e-instituto-arcos-celebran-nuevos-fondos-para-la-red-nacional-de-territorios-creativos\/\" \/>\n<meta property=\"og:locale\" content=\"es_ES\" \/>\n<meta property=\"og:type\" content=\"article\" \/>\n<meta property=\"og:title\" content=\"Valpara\u00edso Creativo e Instituto ARCOS celebran nuevos fondos para la Red Nacional de Territorios Creativos - Valpara\u00ed\u00adso Creativo\" \/>\n<meta property=\"og:description\" content=\"Tres territorios tienen resultados positivos en cuanto a adjudicaci\u00f3n del fondo de Redes y Asociatividad del Ministerio de las Culturas, las Artes y el Patrimonio, representando diversas regiones y expresiones de la Econom\u00eda Creativa a nivel nacional, como Valpara\u00edso y Pe\u00f1alol\u00e9n. Se trata de las instancias MAEC y Comunidad Creativa los R\u00edos, de La Araucan\u00eda; [&hellip;]\" \/>\n<meta property=\"og:url\" content=\"https:\/\/dev.antudigital.cl\/sites\/vc\/valparaiso-creativo-e-instituto-arcos-celebran-nuevos-fondos-para-la-red-nacional-de-territorios-creativos\/\" \/>\n<meta property=\"og:site_name\" content=\"Valpara\u00ed\u00adso Creativo\" \/>\n<meta property=\"article:published_time\" content=\"2024-09-02T20:24:04+00:00\" \/>\n<meta property=\"article:modified_time\" content=\"2024-09-02T20:24:29+00:00\" \/>\n<meta property=\"og:image\" content=\"https:\/\/dev.antudigital.cl\/sites\/vc\/wp-content\/uploads\/2024\/09\/image_123650291-1-1.jpg\" \/>\n\t<meta property=\"og:image:width\" content=\"1080\" \/>\n\t<meta property=\"og:image:height\" content=\"810\" \/>\n\t<meta property=\"og:image:type\" content=\"image\/jpeg\" \/>\n<meta name=\"author\" content=\"Valpara\u00edso Creativo\" \/>\n<meta name=\"twitter:card\" content=\"summary_large_image\" \/>\n<meta name=\"twitter:label1\" content=\"Escrito por\" \/>\n\t<meta name=\"twitter:data1\" content=\"Valpara\u00edso Creativo\" \/>\n\t<meta name=\"twitter:label2\" content=\"Tiempo de lectura\" \/>\n\t<meta name=\"twitter:data2\" content=\"4 minutos\" \/>\n<script type=\"application\/ld+json\" class=\"yoast-schema-graph\">{\"@context\":\"https:\/\/schema.org\",\"@graph\":[{\"@type\":\"Article\",\"@id\":\"https:\/\/dev.antudigital.cl\/sites\/vc\/valparaiso-creativo-e-instituto-arcos-celebran-nuevos-fondos-para-la-red-nacional-de-territorios-creativos\/#article\",\"isPartOf\":{\"@id\":\"https:\/\/dev.antudigital.cl\/sites\/vc\/valparaiso-creativo-e-instituto-arcos-celebran-nuevos-fondos-para-la-red-nacional-de-territorios-creativos\/\"},\"author\":{\"name\":\"Valpara\u00edso Creativo\",\"@id\":\"https:\/\/dev.antudigital.cl\/sites\/vc\/#\/schema\/person\/c2b9da8dd545e27166fc5ab232837318\"},\"headline\":\"Valpara\u00edso Creativo e Instituto ARCOS celebran nuevos fondos para la Red Nacional de Territorios Creativos\",\"datePublished\":\"2024-09-02T20:24:04+00:00\",\"dateModified\":\"2024-09-02T20:24:29+00:00\",\"mainEntityOfPage\":{\"@id\":\"https:\/\/dev.antudigital.cl\/sites\/vc\/valparaiso-creativo-e-instituto-arcos-celebran-nuevos-fondos-para-la-red-nacional-de-territorios-creativos\/\"},\"wordCount\":726,\"image\":{\"@id\":\"https:\/\/dev.antudigital.cl\/sites\/vc\/valparaiso-creativo-e-instituto-arcos-celebran-nuevos-fondos-para-la-red-nacional-de-territorios-creativos\/#primaryimage\"},\"thumbnailUrl\":\"https:\/\/dev.antudigital.cl\/sites\/vc\/wp-content\/uploads\/2024\/09\/image_123650291-1-1.jpg\",\"articleSection\":[\"Blog\"],\"inLanguage\":\"es\"},{\"@type\":\"WebPage\",\"@id\":\"https:\/\/dev.antudigital.cl\/sites\/vc\/valparaiso-creativo-e-instituto-arcos-celebran-nuevos-fondos-para-la-red-nacional-de-territorios-creativos\/\",\"url\":\"https:\/\/dev.antudigital.cl\/sites\/vc\/valparaiso-creativo-e-instituto-arcos-celebran-nuevos-fondos-para-la-red-nacional-de-territorios-creativos\/\",\"name\":\"Valpara\u00edso Creativo e Instituto ARCOS celebran nuevos fondos para la Red Nacional de Territorios Creativos - Valpara\u00ed\u00adso Creativo\",\"isPartOf\":{\"@id\":\"https:\/\/dev.antudigital.cl\/sites\/vc\/#website\"},\"primaryImageOfPage\":{\"@id\":\"https:\/\/dev.antudigital.cl\/sites\/vc\/valparaiso-creativo-e-instituto-arcos-celebran-nuevos-fondos-para-la-red-nacional-de-territorios-creativos\/#primaryimage\"},\"image\":{\"@id\":\"https:\/\/dev.antudigital.cl\/sites\/vc\/valparaiso-creativo-e-instituto-arcos-celebran-nuevos-fondos-para-la-red-nacional-de-territorios-creativos\/#primaryimage\"},\"thumbnailUrl\":\"https:\/\/dev.antudigital.cl\/sites\/vc\/wp-content\/uploads\/2024\/09\/image_123650291-1-1.jpg\",\"datePublished\":\"2024-09-02T20:24:04+00:00\",\"dateModified\":\"2024-09-02T20:24:29+00:00\",\"author\":{\"@id\":\"https:\/\/dev.antudigital.cl\/sites\/vc\/#\/schema\/person\/c2b9da8dd545e27166fc5ab232837318\"},\"breadcrumb\":{\"@id\":\"https:\/\/dev.antudigital.cl\/sites\/vc\/valparaiso-creativo-e-instituto-arcos-celebran-nuevos-fondos-para-la-red-nacional-de-territorios-creativos\/#breadcrumb\"},\"inLanguage\":\"es\",\"potentialAction\":[{\"@type\":\"ReadAction\",\"target\":[\"https:\/\/dev.antudigital.cl\/sites\/vc\/valparaiso-creativo-e-instituto-arcos-celebran-nuevos-fondos-para-la-red-nacional-de-territorios-creativos\/\"]}]},{\"@type\":\"ImageObject\",\"inLanguage\":\"es\",\"@id\":\"https:\/\/dev.antudigital.cl\/sites\/vc\/valparaiso-creativo-e-instituto-arcos-celebran-nuevos-fondos-para-la-red-nacional-de-territorios-creativos\/#primaryimage\",\"url\":\"https:\/\/dev.antudigital.cl\/sites\/vc\/wp-content\/uploads\/2024\/09\/image_123650291-1-1.jpg\",\"contentUrl\":\"https:\/\/dev.antudigital.cl\/sites\/vc\/wp-content\/uploads\/2024\/09\/image_123650291-1-1.jpg\",\"width\":1080,\"height\":810},{\"@type\":\"BreadcrumbList\",\"@id\":\"https:\/\/dev.antudigital.cl\/sites\/vc\/valparaiso-creativo-e-instituto-arcos-celebran-nuevos-fondos-para-la-red-nacional-de-territorios-creativos\/#breadcrumb\",\"itemListElement\":[{\"@type\":\"ListItem\",\"position\":1,\"name\":\"Home\",\"item\":\"https:\/\/dev.antudigital.cl\/sites\/vc\/\"},{\"@type\":\"ListItem\",\"position\":2,\"name\":\"Valpara\u00edso Creativo e Instituto ARCOS celebran nuevos fondos para la Red Nacional de Territorios Creativos\"}]},{\"@type\":\"WebSite\",\"@id\":\"https:\/\/dev.antudigital.cl\/sites\/vc\/#website\",\"url\":\"https:\/\/dev.antudigital.cl\/sites\/vc\/\",\"name\":\"Valpara\u00ed\u00adso Creativo\",\"description\":\"\",\"potentialAction\":[{\"@type\":\"SearchAction\",\"target\":{\"@type\":\"EntryPoint\",\"urlTemplate\":\"https:\/\/dev.antudigital.cl\/sites\/vc\/?s={search_term_string}\"},\"query-input\":{\"@type\":\"PropertyValueSpecification\",\"valueRequired\":true,\"valueName\":\"search_term_string\"}}],\"inLanguage\":\"es\"},{\"@type\":\"Person\",\"@id\":\"https:\/\/dev.antudigital.cl\/sites\/vc\/#\/schema\/person\/c2b9da8dd545e27166fc5ab232837318\",\"name\":\"Valpara\u00edso Creativo\",\"description\":\"Periodista de cultura en la Regi\u00f3n de Valpara\u00edso.\",\"url\":\"https:\/\/dev.antudigital.cl\/sites\/vc\/author\/valpoadmin\/\"}]}<\/script>\n<!-- \/ Yoast SEO plugin. -->","yoast_head_json":{"title":"Valpara\u00edso Creativo e Instituto ARCOS celebran nuevos fondos para la Red Nacional de Territorios Creativos - Valpara\u00ed\u00adso Creativo","robots":{"index":"index","follow":"follow","max-snippet":"max-snippet:-1","max-image-preview":"max-image-preview:large","max-video-preview":"max-video-preview:-1"},"canonical":"https:\/\/dev.antudigital.cl\/sites\/vc\/valparaiso-creativo-e-instituto-arcos-celebran-nuevos-fondos-para-la-red-nacional-de-territorios-creativos\/","og_locale":"es_ES","og_type":"article","og_title":"Valpara\u00edso Creativo e Instituto ARCOS celebran nuevos fondos para la Red Nacional de Territorios Creativos - Valpara\u00ed\u00adso Creativo","og_description":"Tres territorios tienen resultados positivos en cuanto a adjudicaci\u00f3n del fondo de Redes y Asociatividad del Ministerio de las Culturas, las Artes y el Patrimonio, representando diversas regiones y expresiones de la Econom\u00eda Creativa a nivel nacional, como Valpara\u00edso y Pe\u00f1alol\u00e9n. Se trata de las instancias MAEC y Comunidad Creativa los R\u00edos, de La Araucan\u00eda; [&hellip;]","og_url":"https:\/\/dev.antudigital.cl\/sites\/vc\/valparaiso-creativo-e-instituto-arcos-celebran-nuevos-fondos-para-la-red-nacional-de-territorios-creativos\/","og_site_name":"Valpara\u00ed\u00adso Creativo","article_published_time":"2024-09-02T20:24:04+00:00","article_modified_time":"2024-09-02T20:24:29+00:00","og_image":[{"width":1080,"height":810,"url":"https:\/\/dev.antudigital.cl\/sites\/vc\/wp-content\/uploads\/2024\/09\/image_123650291-1-1.jpg","type":"image\/jpeg"}],"author":"Valpara\u00edso Creativo","twitter_card":"summary_large_image","twitter_misc":{"Escrito por":"Valpara\u00edso Creativo","Tiempo de lectura":"4 minutos"},"schema":{"@context":"https:\/\/schema.org","@graph":[{"@type":"Article","@id":"https:\/\/dev.antudigital.cl\/sites\/vc\/valparaiso-creativo-e-instituto-arcos-celebran-nuevos-fondos-para-la-red-nacional-de-territorios-creativos\/#article","isPartOf":{"@id":"https:\/\/dev.antudigital.cl\/sites\/vc\/valparaiso-creativo-e-instituto-arcos-celebran-nuevos-fondos-para-la-red-nacional-de-territorios-creativos\/"},"author":{"name":"Valpara\u00edso Creativo","@id":"https:\/\/dev.antudigital.cl\/sites\/vc\/#\/schema\/person\/c2b9da8dd545e27166fc5ab232837318"},"headline":"Valpara\u00edso Creativo e Instituto ARCOS celebran nuevos fondos para la Red Nacional de Territorios Creativos","datePublished":"2024-09-02T20:24:04+00:00","dateModified":"2024-09-02T20:24:29+00:00","mainEntityOfPage":{"@id":"https:\/\/dev.antudigital.cl\/sites\/vc\/valparaiso-creativo-e-instituto-arcos-celebran-nuevos-fondos-para-la-red-nacional-de-territorios-creativos\/"},"wordCount":726,"image":{"@id":"https:\/\/dev.antudigital.cl\/sites\/vc\/valparaiso-creativo-e-instituto-arcos-celebran-nuevos-fondos-para-la-red-nacional-de-territorios-creativos\/#primaryimage"},"thumbnailUrl":"https:\/\/dev.antudigital.cl\/sites\/vc\/wp-content\/uploads\/2024\/09\/image_123650291-1-1.jpg","articleSection":["Blog"],"inLanguage":"es"},{"@type":"WebPage","@id":"https:\/\/dev.antudigital.cl\/sites\/vc\/valparaiso-creativo-e-instituto-arcos-celebran-nuevos-fondos-para-la-red-nacional-de-territorios-creativos\/","url":"https:\/\/dev.antudigital.cl\/sites\/vc\/valparaiso-creativo-e-instituto-arcos-celebran-nuevos-fondos-para-la-red-nacional-de-territorios-creativos\/","name":"Valpara\u00edso Creativo e Instituto ARCOS celebran nuevos fondos para la Red Nacional de Territorios Creativos - Valpara\u00ed\u00adso Creativo","isPartOf":{"@id":"https:\/\/dev.antudigital.cl\/sites\/vc\/#website"},"primaryImageOfPage":{"@id":"https:\/\/dev.antudigital.cl\/sites\/vc\/valparaiso-creativo-e-instituto-arcos-celebran-nuevos-fondos-para-la-red-nacional-de-territorios-creativos\/#primaryimage"},"image":{"@id":"https:\/\/dev.antudigital.cl\/sites\/vc\/valparaiso-creativo-e-instituto-arcos-celebran-nuevos-fondos-para-la-red-nacional-de-territorios-creativos\/#primaryimage"},"thumbnailUrl":"https:\/\/dev.antudigital.cl\/sites\/vc\/wp-content\/uploads\/2024\/09\/image_123650291-1-1.jpg","datePublished":"2024-09-02T20:24:04+00:00","dateModified":"2024-09-02T20:24:29+00:00","author":{"@id":"https:\/\/dev.antudigital.cl\/sites\/vc\/#\/schema\/person\/c2b9da8dd545e27166fc5ab232837318"},"breadcrumb":{"@id":"https:\/\/dev.antudigital.cl\/sites\/vc\/valparaiso-creativo-e-instituto-arcos-celebran-nuevos-fondos-para-la-red-nacional-de-territorios-creativos\/#breadcrumb"},"inLanguage":"es","potentialAction":[{"@type":"ReadAction","target":["https:\/\/dev.antudigital.cl\/sites\/vc\/valparaiso-creativo-e-instituto-arcos-celebran-nuevos-fondos-para-la-red-nacional-de-territorios-creativos\/"]}]},{"@type":"ImageObject","inLanguage":"es","@id":"https:\/\/dev.antudigital.cl\/sites\/vc\/valparaiso-creativo-e-instituto-arcos-celebran-nuevos-fondos-para-la-red-nacional-de-territorios-creativos\/#primaryimage","url":"https:\/\/dev.antudigital.cl\/sites\/vc\/wp-content\/uploads\/2024\/09\/image_123650291-1-1.jpg","contentUrl":"https:\/\/dev.antudigital.cl\/sites\/vc\/wp-content\/uploads\/2024\/09\/image_123650291-1-1.jpg","width":1080,"height":810},{"@type":"BreadcrumbList","@id":"https:\/\/dev.antudigital.cl\/sites\/vc\/valparaiso-creativo-e-instituto-arcos-celebran-nuevos-fondos-para-la-red-nacional-de-territorios-creativos\/#breadcrumb","itemListElement":[{"@type":"ListItem","position":1,"name":"Home","item":"https:\/\/dev.antudigital.cl\/sites\/vc\/"},{"@type":"ListItem","position":2,"name":"Valpara\u00edso Creativo e Instituto ARCOS celebran nuevos fondos para la Red Nacional de Territorios Creativos"}]},{"@type":"WebSite","@id":"https:\/\/dev.antudigital.cl\/sites\/vc\/#website","url":"https:\/\/dev.antudigital.cl\/sites\/vc\/","name":"Valpara\u00ed\u00adso Creativo","description":"","potentialAction":[{"@type":"SearchAction","target":{"@type":"EntryPoint","urlTemplate":"https:\/\/dev.antudigital.cl\/sites\/vc\/?s={search_term_string}"},"query-input":{"@type":"PropertyValueSpecification","valueRequired":true,"valueName":"search_term_string"}}],"inLanguage":"es"},{"@type":"Person","@id":"https:\/\/dev.antudigital.cl\/sites\/vc\/#\/schema\/person\/c2b9da8dd545e27166fc5ab232837318","name":"Valpara\u00edso Creativo","description":"Periodista de cultura en la Regi\u00f3n de Valpara\u00edso.","url":"https:\/\/dev.antudigital.cl\/sites\/vc\/author\/valpoadmin\/"}]}},"_links":{"self":[{"href":"https:\/\/dev.antudigital.cl\/sites\/vc\/wp-json\/wp\/v2\/posts\/20194","targetHints":{"allow":["GET"]}}],"collection":[{"href":"https:\/\/dev.antudigital.cl\/sites\/vc\/wp-json\/wp\/v2\/posts"}],"about":[{"href":"https:\/\/dev.antudigital.cl\/sites\/vc\/wp-json\/wp\/v2\/types\/post"}],"author":[{"embeddable":true,"href":"https:\/\/dev.antudigital.cl\/sites\/vc\/wp-json\/wp\/v2\/users\/1"}],"replies":[{"embeddable":true,"href":"https:\/\/dev.antudigital.cl\/sites\/vc\/wp-json\/wp\/v2\/comments?post=20194"}],"version-history":[{"count":3,"href":"https:\/\/dev.antudigital.cl\/sites\/vc\/wp-json\/wp\/v2\/posts\/20194\/revisions"}],"predecessor-version":[{"id":20204,"href":"https:\/\/dev.antudigital.cl\/sites\/vc\/wp-json\/wp\/v2\/posts\/20194\/revisions\/20204"}],"wp:featuredmedia":[{"embeddable":true,"href":"https:\/\/dev.antudigital.cl\/sites\/vc\/wp-json\/wp\/v2\/media\/20203"}],"wp:attachment":[{"href":"https:\/\/dev.antudigital.cl\/sites\/vc\/wp-json\/wp\/v2\/media?parent=20194"}],"wp:term":[{"taxonomy":"category","embeddable":true,"href":"https:\/\/dev.antudigital.cl\/sites\/vc\/wp-json\/wp\/v2\/categories?post=20194"},{"taxonomy":"post_tag","embeddable":true,"href":"https:\/\/dev.antudigital.cl\/sites\/vc\/wp-json\/wp\/v2\/tags?post=20194"}],"curies":[{"name":"wp","href":"https:\/\/api.w.org\/{rel}","templated":true}]}}