{"id":20210,"date":"2024-09-02T22:35:37","date_gmt":"2024-09-02T22:35:37","guid":{"rendered":"https:\/\/www.valparaisocreativo.cl\/?p=20210"},"modified":"2024-09-02T22:35:54","modified_gmt":"2024-09-02T22:35:54","slug":"sercotec-programa-barrios-comerciales-preavs-2024","status":"publish","type":"post","link":"https:\/\/dev.antudigital.cl\/sites\/vc\/sercotec-programa-barrios-comerciales-preavs-2024\/","title":{"rendered":"Sercotec: Programa Barrios Comerciales PREAVS 2024"},"content":{"rendered":"\n<h3 class=\"wp-block-heading\">\u00bfQu\u00e9 es?<\/h3>\n\n\n\n<p>Es un programa especial de Sercotec focalizado a sectores o barrios con concentraci\u00f3n de comercios, que tiene el objetivo de contribuir a la recuperaci\u00f3n de los centros c\u00edvicos y de fomentar la competitividad de sus barrios comerciales, a trav\u00e9s de un desarrollo inclusivo y sostenible.<\/p>\n\n\n\n<p>La convocatoria est\u00e1 dirigida a organizaciones formales o agrupaciones de empresas que se encuentren dentro de los pol\u00edgonos del Plan de Recuperaci\u00f3n de Espacios de Alta Valoraci\u00f3n Social (PREAVS) que impulsa el Gobierno, estrategia a trav\u00e9s de la que se busca intervenir integralmente los centros c\u00edvicos de siete ciudades ubicadas en las regiones de Antofagasta, Coquimbo, Valpara\u00edso, Metropolitana y Biob\u00edo, propiciando su recuperaci\u00f3n como lugares de encuentro, identidad colectiva y desarrollo de condiciones de seguridad y convivencia c\u00edvica.<\/p>\n\n\n\n<h3 class=\"wp-block-heading\">\u00bfQu\u00e9 apoyo entrega?<\/h3>\n\n\n\n<p>Otorga un Subsidio no reembolsable para la implementaci\u00f3n de un plan de recuperaci\u00f3n formulado participativamente y ajustado a las necesidades de cada barrio.<\/p>\n\n\n\n<p>El monto del subsidio se asignar\u00e1 en funci\u00f3n del tama\u00f1o del barrio seg\u00fan la cantidad de empresas que lo conforman, con un m\u00e1ximo de $70 millones por barrio beneficiario.<\/p>\n\n\n\n<p>Los barrios beneficiarios contar\u00e1n adem\u00e1s con asistencia t\u00e9cnica para el fortalecimiento asociativo de la organizaci\u00f3n del barrio y para el dise\u00f1o y ejecuci\u00f3n del plan de recuperaci\u00f3n.<\/p>\n\n\n\n<p><a href=\"https:\/\/www.sercotec.cl\/programa-barrios-comerciales-preavs-2024\/\"><strong>Revisa el detalle aqu\u00ed.<\/strong><\/a><\/p>\n\n\n\n<h3 class=\"wp-block-heading\">\u00bfQui\u00e9nes pueden acceder?<\/h3>\n\n\n\n<p>Podr\u00e1n postular al Programa organizaciones con personalidad jur\u00eddica existentes o agrupaciones de personas con iniciaci\u00f3n de actividades sin personalidad jur\u00eddica:<\/p>\n\n\n\n<ul class=\"wp-block-list\">\n<li>Agrupaciones o grupos de al menos 25 personas con iniciaci\u00f3n de actividades ante el SII, de los cuales al menos el 50% debe ser micro o peque\u00f1as empresas con iniciaci\u00f3n de actividades en primera categor\u00eda en el SII y ventas netas inferiores a 25.000 UF.<\/li>\n\n\n\n<li>Organizaci\u00f3n legalmente constituida y vigente, con RUT ante el SII (pudiendo tener o no inicio de actividades ante el SII) con un listado de al menos 25 personas con iniciaci\u00f3n de actividades ante el SII, de los cuales debe declarar que al menos el 50% de integrantes son micro o peque\u00f1as empresas con iniciaci\u00f3n de actividades en primera categor\u00eda en el SII y ventas netas inferiores a 25.000 UF.<\/li>\n<\/ul>\n\n\n\n<p>Las empresas o personas que componen la agrupaci\u00f3n u organizaci\u00f3n postulante deber\u00e1n tener domicilio comercial en los pol\u00edgonos PREAVS indicados en las bases de postulaci\u00f3n y, a su vez, estar concentradas en un sub pol\u00edgono. No obstante, la organizaci\u00f3n jur\u00eddica que realiza la postulaci\u00f3n puede tener domicilio fuera del pol\u00edgono.<\/p>\n\n\n\n<h3 class=\"wp-block-heading\">\u00bfC\u00f3mo postular?<\/h3>\n\n\n\n<ul class=\"wp-block-list\">\n<li><strong>Paso 1.<\/strong>\u00a0Registrarse como usuario o usuaria de Sercotec y vincular a la organizaci\u00f3n postulante con su perfil.<\/li>\n\n\n\n<li><strong>Paso 2.<\/strong>\u00a0Descargar y leer detenidamente las bases y anexos de la convocatoria.<\/li>\n\n\n\n<li><strong>Paso 3.<\/strong>\u00a0Completar y enviar el formulario de postulaci\u00f3n con los documentos requeridos, verificando que cumplan con el formato y contenido solicitados, en el plazo establecido.<\/li>\n<\/ul>\n\n\n\n<p><strong><a href=\"https:\/\/www.sercotec.cl\/programa-barrios-comerciales-preavs-2024\/\">Toda la informaci\u00f3n aqu\u00ed.<\/a><\/strong><\/p>\n","protected":false},"excerpt":{"rendered":"<p>\u00bfQu\u00e9 es? Es un programa especial de Sercotec focalizado a sectores o barrios con concentraci\u00f3n de comercios, que tiene el objetivo de contribuir a la recuperaci\u00f3n de los centros c\u00edvicos y de fomentar la competitividad de sus barrios comerciales, a trav\u00e9s de un desarrollo inclusivo y sostenible. La convocatoria est\u00e1 dirigida a organizaciones formales o [&hellip;]<\/p>\n","protected":false},"author":1,"featured_media":20211,"comment_status":"closed","ping_status":"closed","sticky":false,"template":"","format":"standard","meta":{"_acf_changed":false,"footnotes":""},"categories":[8],"tags":[],"class_list":["post-20210","post","type-post","status-publish","format-standard","has-post-thumbnail","hentry","category-noticia"],"acf":[],"yoast_head":"<!-- This site is optimized with the Yoast SEO plugin v27.1.1 - https:\/\/yoast.com\/product\/yoast-seo-wordpress\/ -->\n<title>Sercotec: Programa Barrios Comerciales PREAVS 2024 - Valpara\u00ed\u00adso Creativo<\/title>\n<meta name=\"robots\" content=\"index, follow, max-snippet:-1, max-image-preview:large, max-video-preview:-1\" \/>\n<link rel=\"canonical\" href=\"https:\/\/dev.antudigital.cl\/sites\/vc\/sercotec-programa-barrios-comerciales-preavs-2024\/\" \/>\n<meta property=\"og:locale\" content=\"es_ES\" \/>\n<meta property=\"og:type\" content=\"article\" \/>\n<meta property=\"og:title\" content=\"Sercotec: Programa Barrios Comerciales PREAVS 2024 - Valpara\u00ed\u00adso Creativo\" \/>\n<meta property=\"og:description\" content=\"\u00bfQu\u00e9 es? Es un programa especial de Sercotec focalizado a sectores o barrios con concentraci\u00f3n de comercios, que tiene el objetivo de contribuir a la recuperaci\u00f3n de los centros c\u00edvicos y de fomentar la competitividad de sus barrios comerciales, a trav\u00e9s de un desarrollo inclusivo y sostenible. La convocatoria est\u00e1 dirigida a organizaciones formales o [&hellip;]\" \/>\n<meta property=\"og:url\" content=\"https:\/\/dev.antudigital.cl\/sites\/vc\/sercotec-programa-barrios-comerciales-preavs-2024\/\" \/>\n<meta property=\"og:site_name\" content=\"Valpara\u00ed\u00adso Creativo\" \/>\n<meta property=\"article:published_time\" content=\"2024-09-02T22:35:37+00:00\" \/>\n<meta property=\"article:modified_time\" content=\"2024-09-02T22:35:54+00:00\" \/>\n<meta property=\"og:image\" content=\"https:\/\/dev.antudigital.cl\/sites\/vc\/wp-content\/uploads\/2024\/09\/Captura-de-Pantalla-2024-09-02-a-las-18.34.05.png\" \/>\n\t<meta property=\"og:image:width\" content=\"1249\" \/>\n\t<meta property=\"og:image:height\" content=\"203\" \/>\n\t<meta property=\"og:image:type\" content=\"image\/png\" \/>\n<meta name=\"author\" content=\"Valpara\u00edso Creativo\" \/>\n<meta name=\"twitter:card\" content=\"summary_large_image\" \/>\n<meta name=\"twitter:label1\" content=\"Escrito por\" \/>\n\t<meta name=\"twitter:data1\" content=\"Valpara\u00edso Creativo\" \/>\n\t<meta name=\"twitter:label2\" content=\"Tiempo de lectura\" \/>\n\t<meta name=\"twitter:data2\" content=\"3 minutos\" \/>\n<script type=\"application\/ld+json\" class=\"yoast-schema-graph\">{\"@context\":\"https:\/\/schema.org\",\"@graph\":[{\"@type\":\"Article\",\"@id\":\"https:\/\/dev.antudigital.cl\/sites\/vc\/sercotec-programa-barrios-comerciales-preavs-2024\/#article\",\"isPartOf\":{\"@id\":\"https:\/\/dev.antudigital.cl\/sites\/vc\/sercotec-programa-barrios-comerciales-preavs-2024\/\"},\"author\":{\"name\":\"Valpara\u00edso Creativo\",\"@id\":\"https:\/\/dev.antudigital.cl\/sites\/vc\/#\/schema\/person\/c2b9da8dd545e27166fc5ab232837318\"},\"headline\":\"Sercotec: Programa Barrios Comerciales PREAVS 2024\",\"datePublished\":\"2024-09-02T22:35:37+00:00\",\"dateModified\":\"2024-09-02T22:35:54+00:00\",\"mainEntityOfPage\":{\"@id\":\"https:\/\/dev.antudigital.cl\/sites\/vc\/sercotec-programa-barrios-comerciales-preavs-2024\/\"},\"wordCount\":510,\"image\":{\"@id\":\"https:\/\/dev.antudigital.cl\/sites\/vc\/sercotec-programa-barrios-comerciales-preavs-2024\/#primaryimage\"},\"thumbnailUrl\":\"https:\/\/dev.antudigital.cl\/sites\/vc\/wp-content\/uploads\/2024\/09\/Captura-de-Pantalla-2024-09-02-a-las-18.34.05.png\",\"articleSection\":[\"Noticia\"],\"inLanguage\":\"es\"},{\"@type\":\"WebPage\",\"@id\":\"https:\/\/dev.antudigital.cl\/sites\/vc\/sercotec-programa-barrios-comerciales-preavs-2024\/\",\"url\":\"https:\/\/dev.antudigital.cl\/sites\/vc\/sercotec-programa-barrios-comerciales-preavs-2024\/\",\"name\":\"Sercotec: Programa Barrios Comerciales PREAVS 2024 - Valpara\u00ed\u00adso Creativo\",\"isPartOf\":{\"@id\":\"https:\/\/dev.antudigital.cl\/sites\/vc\/#website\"},\"primaryImageOfPage\":{\"@id\":\"https:\/\/dev.antudigital.cl\/sites\/vc\/sercotec-programa-barrios-comerciales-preavs-2024\/#primaryimage\"},\"image\":{\"@id\":\"https:\/\/dev.antudigital.cl\/sites\/vc\/sercotec-programa-barrios-comerciales-preavs-2024\/#primaryimage\"},\"thumbnailUrl\":\"https:\/\/dev.antudigital.cl\/sites\/vc\/wp-content\/uploads\/2024\/09\/Captura-de-Pantalla-2024-09-02-a-las-18.34.05.png\",\"datePublished\":\"2024-09-02T22:35:37+00:00\",\"dateModified\":\"2024-09-02T22:35:54+00:00\",\"author\":{\"@id\":\"https:\/\/dev.antudigital.cl\/sites\/vc\/#\/schema\/person\/c2b9da8dd545e27166fc5ab232837318\"},\"breadcrumb\":{\"@id\":\"https:\/\/dev.antudigital.cl\/sites\/vc\/sercotec-programa-barrios-comerciales-preavs-2024\/#breadcrumb\"},\"inLanguage\":\"es\",\"potentialAction\":[{\"@type\":\"ReadAction\",\"target\":[\"https:\/\/dev.antudigital.cl\/sites\/vc\/sercotec-programa-barrios-comerciales-preavs-2024\/\"]}]},{\"@type\":\"ImageObject\",\"inLanguage\":\"es\",\"@id\":\"https:\/\/dev.antudigital.cl\/sites\/vc\/sercotec-programa-barrios-comerciales-preavs-2024\/#primaryimage\",\"url\":\"https:\/\/dev.antudigital.cl\/sites\/vc\/wp-content\/uploads\/2024\/09\/Captura-de-Pantalla-2024-09-02-a-las-18.34.05.png\",\"contentUrl\":\"https:\/\/dev.antudigital.cl\/sites\/vc\/wp-content\/uploads\/2024\/09\/Captura-de-Pantalla-2024-09-02-a-las-18.34.05.png\",\"width\":1249,\"height\":203},{\"@type\":\"BreadcrumbList\",\"@id\":\"https:\/\/dev.antudigital.cl\/sites\/vc\/sercotec-programa-barrios-comerciales-preavs-2024\/#breadcrumb\",\"itemListElement\":[{\"@type\":\"ListItem\",\"position\":1,\"name\":\"Home\",\"item\":\"https:\/\/dev.antudigital.cl\/sites\/vc\/\"},{\"@type\":\"ListItem\",\"position\":2,\"name\":\"Sercotec: Programa Barrios Comerciales PREAVS 2024\"}]},{\"@type\":\"WebSite\",\"@id\":\"https:\/\/dev.antudigital.cl\/sites\/vc\/#website\",\"url\":\"https:\/\/dev.antudigital.cl\/sites\/vc\/\",\"name\":\"Valpara\u00ed\u00adso Creativo\",\"description\":\"\",\"potentialAction\":[{\"@type\":\"SearchAction\",\"target\":{\"@type\":\"EntryPoint\",\"urlTemplate\":\"https:\/\/dev.antudigital.cl\/sites\/vc\/?s={search_term_string}\"},\"query-input\":{\"@type\":\"PropertyValueSpecification\",\"valueRequired\":true,\"valueName\":\"search_term_string\"}}],\"inLanguage\":\"es\"},{\"@type\":\"Person\",\"@id\":\"https:\/\/dev.antudigital.cl\/sites\/vc\/#\/schema\/person\/c2b9da8dd545e27166fc5ab232837318\",\"name\":\"Valpara\u00edso Creativo\",\"description\":\"Periodista de cultura en la Regi\u00f3n de Valpara\u00edso.\",\"url\":\"https:\/\/dev.antudigital.cl\/sites\/vc\/author\/valpoadmin\/\"}]}<\/script>\n<!-- \/ Yoast SEO plugin. -->","yoast_head_json":{"title":"Sercotec: Programa Barrios Comerciales PREAVS 2024 - Valpara\u00ed\u00adso Creativo","robots":{"index":"index","follow":"follow","max-snippet":"max-snippet:-1","max-image-preview":"max-image-preview:large","max-video-preview":"max-video-preview:-1"},"canonical":"https:\/\/dev.antudigital.cl\/sites\/vc\/sercotec-programa-barrios-comerciales-preavs-2024\/","og_locale":"es_ES","og_type":"article","og_title":"Sercotec: Programa Barrios Comerciales PREAVS 2024 - Valpara\u00ed\u00adso Creativo","og_description":"\u00bfQu\u00e9 es? Es un programa especial de Sercotec focalizado a sectores o barrios con concentraci\u00f3n de comercios, que tiene el objetivo de contribuir a la recuperaci\u00f3n de los centros c\u00edvicos y de fomentar la competitividad de sus barrios comerciales, a trav\u00e9s de un desarrollo inclusivo y sostenible. La convocatoria est\u00e1 dirigida a organizaciones formales o [&hellip;]","og_url":"https:\/\/dev.antudigital.cl\/sites\/vc\/sercotec-programa-barrios-comerciales-preavs-2024\/","og_site_name":"Valpara\u00ed\u00adso Creativo","article_published_time":"2024-09-02T22:35:37+00:00","article_modified_time":"2024-09-02T22:35:54+00:00","og_image":[{"width":1249,"height":203,"url":"https:\/\/dev.antudigital.cl\/sites\/vc\/wp-content\/uploads\/2024\/09\/Captura-de-Pantalla-2024-09-02-a-las-18.34.05.png","type":"image\/png"}],"author":"Valpara\u00edso Creativo","twitter_card":"summary_large_image","twitter_misc":{"Escrito por":"Valpara\u00edso Creativo","Tiempo de lectura":"3 minutos"},"schema":{"@context":"https:\/\/schema.org","@graph":[{"@type":"Article","@id":"https:\/\/dev.antudigital.cl\/sites\/vc\/sercotec-programa-barrios-comerciales-preavs-2024\/#article","isPartOf":{"@id":"https:\/\/dev.antudigital.cl\/sites\/vc\/sercotec-programa-barrios-comerciales-preavs-2024\/"},"author":{"name":"Valpara\u00edso Creativo","@id":"https:\/\/dev.antudigital.cl\/sites\/vc\/#\/schema\/person\/c2b9da8dd545e27166fc5ab232837318"},"headline":"Sercotec: Programa Barrios Comerciales PREAVS 2024","datePublished":"2024-09-02T22:35:37+00:00","dateModified":"2024-09-02T22:35:54+00:00","mainEntityOfPage":{"@id":"https:\/\/dev.antudigital.cl\/sites\/vc\/sercotec-programa-barrios-comerciales-preavs-2024\/"},"wordCount":510,"image":{"@id":"https:\/\/dev.antudigital.cl\/sites\/vc\/sercotec-programa-barrios-comerciales-preavs-2024\/#primaryimage"},"thumbnailUrl":"https:\/\/dev.antudigital.cl\/sites\/vc\/wp-content\/uploads\/2024\/09\/Captura-de-Pantalla-2024-09-02-a-las-18.34.05.png","articleSection":["Noticia"],"inLanguage":"es"},{"@type":"WebPage","@id":"https:\/\/dev.antudigital.cl\/sites\/vc\/sercotec-programa-barrios-comerciales-preavs-2024\/","url":"https:\/\/dev.antudigital.cl\/sites\/vc\/sercotec-programa-barrios-comerciales-preavs-2024\/","name":"Sercotec: Programa Barrios Comerciales PREAVS 2024 - Valpara\u00ed\u00adso Creativo","isPartOf":{"@id":"https:\/\/dev.antudigital.cl\/sites\/vc\/#website"},"primaryImageOfPage":{"@id":"https:\/\/dev.antudigital.cl\/sites\/vc\/sercotec-programa-barrios-comerciales-preavs-2024\/#primaryimage"},"image":{"@id":"https:\/\/dev.antudigital.cl\/sites\/vc\/sercotec-programa-barrios-comerciales-preavs-2024\/#primaryimage"},"thumbnailUrl":"https:\/\/dev.antudigital.cl\/sites\/vc\/wp-content\/uploads\/2024\/09\/Captura-de-Pantalla-2024-09-02-a-las-18.34.05.png","datePublished":"2024-09-02T22:35:37+00:00","dateModified":"2024-09-02T22:35:54+00:00","author":{"@id":"https:\/\/dev.antudigital.cl\/sites\/vc\/#\/schema\/person\/c2b9da8dd545e27166fc5ab232837318"},"breadcrumb":{"@id":"https:\/\/dev.antudigital.cl\/sites\/vc\/sercotec-programa-barrios-comerciales-preavs-2024\/#breadcrumb"},"inLanguage":"es","potentialAction":[{"@type":"ReadAction","target":["https:\/\/dev.antudigital.cl\/sites\/vc\/sercotec-programa-barrios-comerciales-preavs-2024\/"]}]},{"@type":"ImageObject","inLanguage":"es","@id":"https:\/\/dev.antudigital.cl\/sites\/vc\/sercotec-programa-barrios-comerciales-preavs-2024\/#primaryimage","url":"https:\/\/dev.antudigital.cl\/sites\/vc\/wp-content\/uploads\/2024\/09\/Captura-de-Pantalla-2024-09-02-a-las-18.34.05.png","contentUrl":"https:\/\/dev.antudigital.cl\/sites\/vc\/wp-content\/uploads\/2024\/09\/Captura-de-Pantalla-2024-09-02-a-las-18.34.05.png","width":1249,"height":203},{"@type":"BreadcrumbList","@id":"https:\/\/dev.antudigital.cl\/sites\/vc\/sercotec-programa-barrios-comerciales-preavs-2024\/#breadcrumb","itemListElement":[{"@type":"ListItem","position":1,"name":"Home","item":"https:\/\/dev.antudigital.cl\/sites\/vc\/"},{"@type":"ListItem","position":2,"name":"Sercotec: Programa Barrios Comerciales PREAVS 2024"}]},{"@type":"WebSite","@id":"https:\/\/dev.antudigital.cl\/sites\/vc\/#website","url":"https:\/\/dev.antudigital.cl\/sites\/vc\/","name":"Valpara\u00ed\u00adso Creativo","description":"","potentialAction":[{"@type":"SearchAction","target":{"@type":"EntryPoint","urlTemplate":"https:\/\/dev.antudigital.cl\/sites\/vc\/?s={search_term_string}"},"query-input":{"@type":"PropertyValueSpecification","valueRequired":true,"valueName":"search_term_string"}}],"inLanguage":"es"},{"@type":"Person","@id":"https:\/\/dev.antudigital.cl\/sites\/vc\/#\/schema\/person\/c2b9da8dd545e27166fc5ab232837318","name":"Valpara\u00edso Creativo","description":"Periodista de cultura en la Regi\u00f3n de Valpara\u00edso.","url":"https:\/\/dev.antudigital.cl\/sites\/vc\/author\/valpoadmin\/"}]}},"_links":{"self":[{"href":"https:\/\/dev.antudigital.cl\/sites\/vc\/wp-json\/wp\/v2\/posts\/20210","targetHints":{"allow":["GET"]}}],"collection":[{"href":"https:\/\/dev.antudigital.cl\/sites\/vc\/wp-json\/wp\/v2\/posts"}],"about":[{"href":"https:\/\/dev.antudigital.cl\/sites\/vc\/wp-json\/wp\/v2\/types\/post"}],"author":[{"embeddable":true,"href":"https:\/\/dev.antudigital.cl\/sites\/vc\/wp-json\/wp\/v2\/users\/1"}],"replies":[{"embeddable":true,"href":"https:\/\/dev.antudigital.cl\/sites\/vc\/wp-json\/wp\/v2\/comments?post=20210"}],"version-history":[{"count":1,"href":"https:\/\/dev.antudigital.cl\/sites\/vc\/wp-json\/wp\/v2\/posts\/20210\/revisions"}],"predecessor-version":[{"id":20212,"href":"https:\/\/dev.antudigital.cl\/sites\/vc\/wp-json\/wp\/v2\/posts\/20210\/revisions\/20212"}],"wp:featuredmedia":[{"embeddable":true,"href":"https:\/\/dev.antudigital.cl\/sites\/vc\/wp-json\/wp\/v2\/media\/20211"}],"wp:attachment":[{"href":"https:\/\/dev.antudigital.cl\/sites\/vc\/wp-json\/wp\/v2\/media?parent=20210"}],"wp:term":[{"taxonomy":"category","embeddable":true,"href":"https:\/\/dev.antudigital.cl\/sites\/vc\/wp-json\/wp\/v2\/categories?post=20210"},{"taxonomy":"post_tag","embeddable":true,"href":"https:\/\/dev.antudigital.cl\/sites\/vc\/wp-json\/wp\/v2\/tags?post=20210"}],"curies":[{"name":"wp","href":"https:\/\/api.w.org\/{rel}","templated":true}]}}