{"id":20213,"date":"2024-09-02T22:40:07","date_gmt":"2024-09-02T22:40:07","guid":{"rendered":"https:\/\/www.valparaisocreativo.cl\/?p=20213"},"modified":"2024-09-02T22:40:25","modified_gmt":"2024-09-02T22:40:25","slug":"sumate-al-1er-encuentro-de-distritos-creativos-y-economia-creativa-de-la-region-de-valparaiso","status":"publish","type":"post","link":"https:\/\/dev.antudigital.cl\/sites\/vc\/sumate-al-1er-encuentro-de-distritos-creativos-y-economia-creativa-de-la-region-de-valparaiso\/","title":{"rendered":"S\u00famate al 1er Encuentro de Distritos Creativos y Econom\u00eda Creativa de la Regi\u00f3n de Valpara\u00edso"},"content":{"rendered":"\n<p>El pr\u00f3ximo 5 de septiembre en el Parque Cultural de Valpara\u00edso se reunir\u00e1n exponentes internacionales y nacionales en torno al concepto de Distritos Creativos, para &#8211; a trav\u00e9s de charlas y paneles &#8211; entregar herramientas, capacitar y construir en conjunto acciones de trabajo colaborativo para el desarrollo econ\u00f3mico local.<\/p>\n\n\n\n<p>La invitaci\u00f3n es al 1er Encuentro de Distritos Creativos y Econom\u00eda Creativa de la Regi\u00f3n de Valpara\u00edso, gestionado por el proyecto Metadistritos<em>, <\/em>y busca ser un punto de reuni\u00f3n estrat\u00e9gico para actores clave del sector creativo local.<\/p>\n\n\n\n<p>Cabe mencionar que Metadistritos es el medio de difusi\u00f3n del proyecto \u201cMetodolog\u00eda para detectar potenciales distritos creativos para incrementar el desarrollo de las Econom\u00edas Creativas\u201d, financiado por el FIC-R del Gobierno Regional de Valpara\u00edso, liderado por la Universidad Vi\u00f1a del Mar con la colaboraci\u00f3n de Valpara\u00edso Creativo, PER de Corfo.&nbsp;<\/p>\n\n\n\n<p>Luego de un trabajo territorial que llev\u00f3 al equipo por 14 comunas de la Regi\u00f3n de Valpara\u00edso, llega esta actividad como punto c\u00falmine de este proceso, donde se contar\u00e1 con las exponentes internacionales Claudia Costa (Poblenou Urban District, Espa\u00f1a) y Paula Trujillo (Conexiones Creativas, Colombia).<\/p>\n\n\n\n<p>Mar\u00eda Teresa Fern\u00e1ndez, Directora de la Escuela de Dise\u00f1o de la Universidad Vi\u00f1a del Mar y del proyecto MetaDistritos, comenta en torno a este proceso que \u201cDetectamos 14 comunas con potencial para conformar distritos creativos y culturales en la regi\u00f3n. Ahora estamos traspasando parte de este conocimiento a las comunidades citando a l\u00edderes de las industrias creativas y otras \u00e1reas afines, como entidades de educaci\u00f3n superior y a profesionales de los municipios quienes tienen un importante rol para lograr un posicionamiento de estos potenciales distritos\u201d.&nbsp;<\/p>\n\n\n\n<p>El evento tendr\u00e1 cabida entre las 9:30 a 14:00hrs. en el teatro del centro cultural, que recibir\u00e1 a representantes de todo el territorio regional. Adem\u00e1s, en paralelo se desarrollar\u00e1n actividades de capacitaci\u00f3n, espacios de reuni\u00f3n y creaci\u00f3n de alianzas entre los territorios creativos.<\/p>\n\n\n\n<p>Son invitadas a participar instituciones y entidades p\u00fablicas vinculadas a la cultura, desarrollo comunal, productivo y turismo de la comuna, as\u00ed como a representantes de organizaciones, gremios y empresas de los sectores creativos y culturales de la regi\u00f3n.&nbsp;<\/p>\n\n\n\n<p>Paula Trujillo, Directora y fundadora de Conexiones Creativas (Colombia), es una de las exponentes invitadas. Ante su visita coment\u00f3 que: \u201cCreo que el proceso de Valpara\u00edso es de los m\u00e1s maduros, de cara a un territorio cultural y creativo con un modelo de gobernanza muy especial, con un liderazgos claros y activos excepcionales\u201d.<\/p>\n\n\n\n<p>A esto agrega que \u201cNos emociona mucho compartir espacio y plataforma con una gran aliada y amiga, Claudia Costa, Directora del Distrito Creativo del Poble Nou. En ese contexto vamos a estar compartiendo herramientas recientes y concretas que han venido evolucionando sobre el mapeo y diagn\u00f3stico de los territorios y distritos creativos y culturales. Abordaremos una mirada global de d\u00f3nde est\u00e1n, qu\u00e9 est\u00e1n pasando y cu\u00e1l es su perspectiva de futuro en la discusi\u00f3n p\u00fablica\u201d.<\/p>\n\n\n\n<p>El Encuentro busca, de esta manera, fortalecer el desarrollo local a trav\u00e9s de la articulaci\u00f3n de representantes de la Econom\u00eda Creativa, para co-crear espacios de mayor vinculaci\u00f3n. La inscripci\u00f3n es gratuita.<\/p>\n\n\n\n<p><a href=\"https:\/\/forms.gle\/mwfxwpmogQfDDUvJ8\">Revisa el programa e inscribete haciendo click aqu\u00ed<\/a><\/p>\n\n\n\n<p>Para mayor informaci\u00f3n, visita <a href=\"http:\/\/www.metadistritos.cl\">www.metadistritos.cl<\/a><\/p>\n\n\n\n<p>Instagram: <a href=\"http:\/\/instagram.com\/metadistritos\">http:\/\/instagram.com\/metadistritos<\/a><\/p>\n\n\n\n<p>LinkedIn: MetaDistritos<\/p>\n","protected":false},"excerpt":{"rendered":"<p>El pr\u00f3ximo 5 de septiembre en el Parque Cultural de Valpara\u00edso se reunir\u00e1n exponentes internacionales y nacionales en torno al concepto de Distritos Creativos, para &#8211; a trav\u00e9s de charlas y paneles &#8211; entregar herramientas, capacitar y construir en conjunto acciones de trabajo colaborativo para el desarrollo econ\u00f3mico local. La invitaci\u00f3n es al 1er Encuentro [&hellip;]<\/p>\n","protected":false},"author":1,"featured_media":20214,"comment_status":"closed","ping_status":"closed","sticky":false,"template":"","format":"standard","meta":{"_acf_changed":false,"footnotes":""},"categories":[8],"tags":[],"class_list":["post-20213","post","type-post","status-publish","format-standard","has-post-thumbnail","hentry","category-noticia"],"acf":[],"yoast_head":"<!-- This site is optimized with the Yoast SEO plugin v27.1.1 - https:\/\/yoast.com\/product\/yoast-seo-wordpress\/ -->\n<title>S\u00famate al 1er Encuentro de Distritos Creativos y Econom\u00eda Creativa de la Regi\u00f3n de Valpara\u00edso - Valpara\u00ed\u00adso Creativo<\/title>\n<meta name=\"robots\" content=\"index, follow, max-snippet:-1, max-image-preview:large, max-video-preview:-1\" \/>\n<link rel=\"canonical\" href=\"https:\/\/dev.antudigital.cl\/sites\/vc\/sumate-al-1er-encuentro-de-distritos-creativos-y-economia-creativa-de-la-region-de-valparaiso\/\" \/>\n<meta property=\"og:locale\" content=\"es_ES\" \/>\n<meta property=\"og:type\" content=\"article\" \/>\n<meta property=\"og:title\" content=\"S\u00famate al 1er Encuentro de Distritos Creativos y Econom\u00eda Creativa de la Regi\u00f3n de Valpara\u00edso - Valpara\u00ed\u00adso Creativo\" \/>\n<meta property=\"og:description\" content=\"El pr\u00f3ximo 5 de septiembre en el Parque Cultural de Valpara\u00edso se reunir\u00e1n exponentes internacionales y nacionales en torno al concepto de Distritos Creativos, para &#8211; a trav\u00e9s de charlas y paneles &#8211; entregar herramientas, capacitar y construir en conjunto acciones de trabajo colaborativo para el desarrollo econ\u00f3mico local. La invitaci\u00f3n es al 1er Encuentro [&hellip;]\" \/>\n<meta property=\"og:url\" content=\"https:\/\/dev.antudigital.cl\/sites\/vc\/sumate-al-1er-encuentro-de-distritos-creativos-y-economia-creativa-de-la-region-de-valparaiso\/\" \/>\n<meta property=\"og:site_name\" content=\"Valpara\u00ed\u00adso Creativo\" \/>\n<meta property=\"article:published_time\" content=\"2024-09-02T22:40:07+00:00\" \/>\n<meta property=\"article:modified_time\" content=\"2024-09-02T22:40:25+00:00\" \/>\n<meta property=\"og:image\" content=\"https:\/\/dev.antudigital.cl\/sites\/vc\/wp-content\/uploads\/2024\/09\/IMG_0349.jpg\" \/>\n\t<meta property=\"og:image:width\" content=\"1800\" \/>\n\t<meta property=\"og:image:height\" content=\"1800\" \/>\n\t<meta property=\"og:image:type\" content=\"image\/jpeg\" \/>\n<meta name=\"author\" content=\"Valpara\u00edso Creativo\" \/>\n<meta name=\"twitter:card\" content=\"summary_large_image\" \/>\n<meta name=\"twitter:label1\" content=\"Escrito por\" \/>\n\t<meta name=\"twitter:data1\" content=\"Valpara\u00edso Creativo\" \/>\n\t<meta name=\"twitter:label2\" content=\"Tiempo de lectura\" \/>\n\t<meta name=\"twitter:data2\" content=\"3 minutos\" \/>\n<script type=\"application\/ld+json\" class=\"yoast-schema-graph\">{\"@context\":\"https:\/\/schema.org\",\"@graph\":[{\"@type\":\"Article\",\"@id\":\"https:\/\/dev.antudigital.cl\/sites\/vc\/sumate-al-1er-encuentro-de-distritos-creativos-y-economia-creativa-de-la-region-de-valparaiso\/#article\",\"isPartOf\":{\"@id\":\"https:\/\/dev.antudigital.cl\/sites\/vc\/sumate-al-1er-encuentro-de-distritos-creativos-y-economia-creativa-de-la-region-de-valparaiso\/\"},\"author\":{\"name\":\"Valpara\u00edso Creativo\",\"@id\":\"https:\/\/dev.antudigital.cl\/sites\/vc\/#\/schema\/person\/c2b9da8dd545e27166fc5ab232837318\"},\"headline\":\"S\u00famate al 1er Encuentro de Distritos Creativos y Econom\u00eda Creativa de la Regi\u00f3n de Valpara\u00edso\",\"datePublished\":\"2024-09-02T22:40:07+00:00\",\"dateModified\":\"2024-09-02T22:40:25+00:00\",\"mainEntityOfPage\":{\"@id\":\"https:\/\/dev.antudigital.cl\/sites\/vc\/sumate-al-1er-encuentro-de-distritos-creativos-y-economia-creativa-de-la-region-de-valparaiso\/\"},\"wordCount\":597,\"image\":{\"@id\":\"https:\/\/dev.antudigital.cl\/sites\/vc\/sumate-al-1er-encuentro-de-distritos-creativos-y-economia-creativa-de-la-region-de-valparaiso\/#primaryimage\"},\"thumbnailUrl\":\"https:\/\/dev.antudigital.cl\/sites\/vc\/wp-content\/uploads\/2024\/09\/IMG_0349.jpg\",\"articleSection\":[\"Noticia\"],\"inLanguage\":\"es\"},{\"@type\":\"WebPage\",\"@id\":\"https:\/\/dev.antudigital.cl\/sites\/vc\/sumate-al-1er-encuentro-de-distritos-creativos-y-economia-creativa-de-la-region-de-valparaiso\/\",\"url\":\"https:\/\/dev.antudigital.cl\/sites\/vc\/sumate-al-1er-encuentro-de-distritos-creativos-y-economia-creativa-de-la-region-de-valparaiso\/\",\"name\":\"S\u00famate al 1er Encuentro de Distritos Creativos y Econom\u00eda Creativa de la Regi\u00f3n de Valpara\u00edso - Valpara\u00ed\u00adso Creativo\",\"isPartOf\":{\"@id\":\"https:\/\/dev.antudigital.cl\/sites\/vc\/#website\"},\"primaryImageOfPage\":{\"@id\":\"https:\/\/dev.antudigital.cl\/sites\/vc\/sumate-al-1er-encuentro-de-distritos-creativos-y-economia-creativa-de-la-region-de-valparaiso\/#primaryimage\"},\"image\":{\"@id\":\"https:\/\/dev.antudigital.cl\/sites\/vc\/sumate-al-1er-encuentro-de-distritos-creativos-y-economia-creativa-de-la-region-de-valparaiso\/#primaryimage\"},\"thumbnailUrl\":\"https:\/\/dev.antudigital.cl\/sites\/vc\/wp-content\/uploads\/2024\/09\/IMG_0349.jpg\",\"datePublished\":\"2024-09-02T22:40:07+00:00\",\"dateModified\":\"2024-09-02T22:40:25+00:00\",\"author\":{\"@id\":\"https:\/\/dev.antudigital.cl\/sites\/vc\/#\/schema\/person\/c2b9da8dd545e27166fc5ab232837318\"},\"breadcrumb\":{\"@id\":\"https:\/\/dev.antudigital.cl\/sites\/vc\/sumate-al-1er-encuentro-de-distritos-creativos-y-economia-creativa-de-la-region-de-valparaiso\/#breadcrumb\"},\"inLanguage\":\"es\",\"potentialAction\":[{\"@type\":\"ReadAction\",\"target\":[\"https:\/\/dev.antudigital.cl\/sites\/vc\/sumate-al-1er-encuentro-de-distritos-creativos-y-economia-creativa-de-la-region-de-valparaiso\/\"]}]},{\"@type\":\"ImageObject\",\"inLanguage\":\"es\",\"@id\":\"https:\/\/dev.antudigital.cl\/sites\/vc\/sumate-al-1er-encuentro-de-distritos-creativos-y-economia-creativa-de-la-region-de-valparaiso\/#primaryimage\",\"url\":\"https:\/\/dev.antudigital.cl\/sites\/vc\/wp-content\/uploads\/2024\/09\/IMG_0349.jpg\",\"contentUrl\":\"https:\/\/dev.antudigital.cl\/sites\/vc\/wp-content\/uploads\/2024\/09\/IMG_0349.jpg\",\"width\":1800,\"height\":1800},{\"@type\":\"BreadcrumbList\",\"@id\":\"https:\/\/dev.antudigital.cl\/sites\/vc\/sumate-al-1er-encuentro-de-distritos-creativos-y-economia-creativa-de-la-region-de-valparaiso\/#breadcrumb\",\"itemListElement\":[{\"@type\":\"ListItem\",\"position\":1,\"name\":\"Home\",\"item\":\"https:\/\/dev.antudigital.cl\/sites\/vc\/\"},{\"@type\":\"ListItem\",\"position\":2,\"name\":\"S\u00famate al 1er Encuentro de Distritos Creativos y Econom\u00eda Creativa de la Regi\u00f3n de Valpara\u00edso\"}]},{\"@type\":\"WebSite\",\"@id\":\"https:\/\/dev.antudigital.cl\/sites\/vc\/#website\",\"url\":\"https:\/\/dev.antudigital.cl\/sites\/vc\/\",\"name\":\"Valpara\u00ed\u00adso Creativo\",\"description\":\"\",\"potentialAction\":[{\"@type\":\"SearchAction\",\"target\":{\"@type\":\"EntryPoint\",\"urlTemplate\":\"https:\/\/dev.antudigital.cl\/sites\/vc\/?s={search_term_string}\"},\"query-input\":{\"@type\":\"PropertyValueSpecification\",\"valueRequired\":true,\"valueName\":\"search_term_string\"}}],\"inLanguage\":\"es\"},{\"@type\":\"Person\",\"@id\":\"https:\/\/dev.antudigital.cl\/sites\/vc\/#\/schema\/person\/c2b9da8dd545e27166fc5ab232837318\",\"name\":\"Valpara\u00edso Creativo\",\"description\":\"Periodista de cultura en la Regi\u00f3n de Valpara\u00edso.\",\"url\":\"https:\/\/dev.antudigital.cl\/sites\/vc\/author\/valpoadmin\/\"}]}<\/script>\n<!-- \/ Yoast SEO plugin. -->","yoast_head_json":{"title":"S\u00famate al 1er Encuentro de Distritos Creativos y Econom\u00eda Creativa de la Regi\u00f3n de Valpara\u00edso - Valpara\u00ed\u00adso Creativo","robots":{"index":"index","follow":"follow","max-snippet":"max-snippet:-1","max-image-preview":"max-image-preview:large","max-video-preview":"max-video-preview:-1"},"canonical":"https:\/\/dev.antudigital.cl\/sites\/vc\/sumate-al-1er-encuentro-de-distritos-creativos-y-economia-creativa-de-la-region-de-valparaiso\/","og_locale":"es_ES","og_type":"article","og_title":"S\u00famate al 1er Encuentro de Distritos Creativos y Econom\u00eda Creativa de la Regi\u00f3n de Valpara\u00edso - Valpara\u00ed\u00adso Creativo","og_description":"El pr\u00f3ximo 5 de septiembre en el Parque Cultural de Valpara\u00edso se reunir\u00e1n exponentes internacionales y nacionales en torno al concepto de Distritos Creativos, para &#8211; a trav\u00e9s de charlas y paneles &#8211; entregar herramientas, capacitar y construir en conjunto acciones de trabajo colaborativo para el desarrollo econ\u00f3mico local. La invitaci\u00f3n es al 1er Encuentro [&hellip;]","og_url":"https:\/\/dev.antudigital.cl\/sites\/vc\/sumate-al-1er-encuentro-de-distritos-creativos-y-economia-creativa-de-la-region-de-valparaiso\/","og_site_name":"Valpara\u00ed\u00adso Creativo","article_published_time":"2024-09-02T22:40:07+00:00","article_modified_time":"2024-09-02T22:40:25+00:00","og_image":[{"width":1800,"height":1800,"url":"https:\/\/dev.antudigital.cl\/sites\/vc\/wp-content\/uploads\/2024\/09\/IMG_0349.jpg","type":"image\/jpeg"}],"author":"Valpara\u00edso Creativo","twitter_card":"summary_large_image","twitter_misc":{"Escrito por":"Valpara\u00edso Creativo","Tiempo de lectura":"3 minutos"},"schema":{"@context":"https:\/\/schema.org","@graph":[{"@type":"Article","@id":"https:\/\/dev.antudigital.cl\/sites\/vc\/sumate-al-1er-encuentro-de-distritos-creativos-y-economia-creativa-de-la-region-de-valparaiso\/#article","isPartOf":{"@id":"https:\/\/dev.antudigital.cl\/sites\/vc\/sumate-al-1er-encuentro-de-distritos-creativos-y-economia-creativa-de-la-region-de-valparaiso\/"},"author":{"name":"Valpara\u00edso Creativo","@id":"https:\/\/dev.antudigital.cl\/sites\/vc\/#\/schema\/person\/c2b9da8dd545e27166fc5ab232837318"},"headline":"S\u00famate al 1er Encuentro de Distritos Creativos y Econom\u00eda Creativa de la Regi\u00f3n de Valpara\u00edso","datePublished":"2024-09-02T22:40:07+00:00","dateModified":"2024-09-02T22:40:25+00:00","mainEntityOfPage":{"@id":"https:\/\/dev.antudigital.cl\/sites\/vc\/sumate-al-1er-encuentro-de-distritos-creativos-y-economia-creativa-de-la-region-de-valparaiso\/"},"wordCount":597,"image":{"@id":"https:\/\/dev.antudigital.cl\/sites\/vc\/sumate-al-1er-encuentro-de-distritos-creativos-y-economia-creativa-de-la-region-de-valparaiso\/#primaryimage"},"thumbnailUrl":"https:\/\/dev.antudigital.cl\/sites\/vc\/wp-content\/uploads\/2024\/09\/IMG_0349.jpg","articleSection":["Noticia"],"inLanguage":"es"},{"@type":"WebPage","@id":"https:\/\/dev.antudigital.cl\/sites\/vc\/sumate-al-1er-encuentro-de-distritos-creativos-y-economia-creativa-de-la-region-de-valparaiso\/","url":"https:\/\/dev.antudigital.cl\/sites\/vc\/sumate-al-1er-encuentro-de-distritos-creativos-y-economia-creativa-de-la-region-de-valparaiso\/","name":"S\u00famate al 1er Encuentro de Distritos Creativos y Econom\u00eda Creativa de la Regi\u00f3n de Valpara\u00edso - Valpara\u00ed\u00adso Creativo","isPartOf":{"@id":"https:\/\/dev.antudigital.cl\/sites\/vc\/#website"},"primaryImageOfPage":{"@id":"https:\/\/dev.antudigital.cl\/sites\/vc\/sumate-al-1er-encuentro-de-distritos-creativos-y-economia-creativa-de-la-region-de-valparaiso\/#primaryimage"},"image":{"@id":"https:\/\/dev.antudigital.cl\/sites\/vc\/sumate-al-1er-encuentro-de-distritos-creativos-y-economia-creativa-de-la-region-de-valparaiso\/#primaryimage"},"thumbnailUrl":"https:\/\/dev.antudigital.cl\/sites\/vc\/wp-content\/uploads\/2024\/09\/IMG_0349.jpg","datePublished":"2024-09-02T22:40:07+00:00","dateModified":"2024-09-02T22:40:25+00:00","author":{"@id":"https:\/\/dev.antudigital.cl\/sites\/vc\/#\/schema\/person\/c2b9da8dd545e27166fc5ab232837318"},"breadcrumb":{"@id":"https:\/\/dev.antudigital.cl\/sites\/vc\/sumate-al-1er-encuentro-de-distritos-creativos-y-economia-creativa-de-la-region-de-valparaiso\/#breadcrumb"},"inLanguage":"es","potentialAction":[{"@type":"ReadAction","target":["https:\/\/dev.antudigital.cl\/sites\/vc\/sumate-al-1er-encuentro-de-distritos-creativos-y-economia-creativa-de-la-region-de-valparaiso\/"]}]},{"@type":"ImageObject","inLanguage":"es","@id":"https:\/\/dev.antudigital.cl\/sites\/vc\/sumate-al-1er-encuentro-de-distritos-creativos-y-economia-creativa-de-la-region-de-valparaiso\/#primaryimage","url":"https:\/\/dev.antudigital.cl\/sites\/vc\/wp-content\/uploads\/2024\/09\/IMG_0349.jpg","contentUrl":"https:\/\/dev.antudigital.cl\/sites\/vc\/wp-content\/uploads\/2024\/09\/IMG_0349.jpg","width":1800,"height":1800},{"@type":"BreadcrumbList","@id":"https:\/\/dev.antudigital.cl\/sites\/vc\/sumate-al-1er-encuentro-de-distritos-creativos-y-economia-creativa-de-la-region-de-valparaiso\/#breadcrumb","itemListElement":[{"@type":"ListItem","position":1,"name":"Home","item":"https:\/\/dev.antudigital.cl\/sites\/vc\/"},{"@type":"ListItem","position":2,"name":"S\u00famate al 1er Encuentro de Distritos Creativos y Econom\u00eda Creativa de la Regi\u00f3n de Valpara\u00edso"}]},{"@type":"WebSite","@id":"https:\/\/dev.antudigital.cl\/sites\/vc\/#website","url":"https:\/\/dev.antudigital.cl\/sites\/vc\/","name":"Valpara\u00ed\u00adso Creativo","description":"","potentialAction":[{"@type":"SearchAction","target":{"@type":"EntryPoint","urlTemplate":"https:\/\/dev.antudigital.cl\/sites\/vc\/?s={search_term_string}"},"query-input":{"@type":"PropertyValueSpecification","valueRequired":true,"valueName":"search_term_string"}}],"inLanguage":"es"},{"@type":"Person","@id":"https:\/\/dev.antudigital.cl\/sites\/vc\/#\/schema\/person\/c2b9da8dd545e27166fc5ab232837318","name":"Valpara\u00edso Creativo","description":"Periodista de cultura en la Regi\u00f3n de Valpara\u00edso.","url":"https:\/\/dev.antudigital.cl\/sites\/vc\/author\/valpoadmin\/"}]}},"_links":{"self":[{"href":"https:\/\/dev.antudigital.cl\/sites\/vc\/wp-json\/wp\/v2\/posts\/20213","targetHints":{"allow":["GET"]}}],"collection":[{"href":"https:\/\/dev.antudigital.cl\/sites\/vc\/wp-json\/wp\/v2\/posts"}],"about":[{"href":"https:\/\/dev.antudigital.cl\/sites\/vc\/wp-json\/wp\/v2\/types\/post"}],"author":[{"embeddable":true,"href":"https:\/\/dev.antudigital.cl\/sites\/vc\/wp-json\/wp\/v2\/users\/1"}],"replies":[{"embeddable":true,"href":"https:\/\/dev.antudigital.cl\/sites\/vc\/wp-json\/wp\/v2\/comments?post=20213"}],"version-history":[{"count":1,"href":"https:\/\/dev.antudigital.cl\/sites\/vc\/wp-json\/wp\/v2\/posts\/20213\/revisions"}],"predecessor-version":[{"id":20215,"href":"https:\/\/dev.antudigital.cl\/sites\/vc\/wp-json\/wp\/v2\/posts\/20213\/revisions\/20215"}],"wp:featuredmedia":[{"embeddable":true,"href":"https:\/\/dev.antudigital.cl\/sites\/vc\/wp-json\/wp\/v2\/media\/20214"}],"wp:attachment":[{"href":"https:\/\/dev.antudigital.cl\/sites\/vc\/wp-json\/wp\/v2\/media?parent=20213"}],"wp:term":[{"taxonomy":"category","embeddable":true,"href":"https:\/\/dev.antudigital.cl\/sites\/vc\/wp-json\/wp\/v2\/categories?post=20213"},{"taxonomy":"post_tag","embeddable":true,"href":"https:\/\/dev.antudigital.cl\/sites\/vc\/wp-json\/wp\/v2\/tags?post=20213"}],"curies":[{"name":"wp","href":"https:\/\/api.w.org\/{rel}","templated":true}]}}