{"id":20216,"date":"2024-09-02T23:30:14","date_gmt":"2024-09-02T23:30:14","guid":{"rendered":"https:\/\/www.valparaisocreativo.cl\/?p=20216"},"modified":"2024-09-02T23:30:31","modified_gmt":"2024-09-02T23:30:31","slug":"residual-radiozines-debutara-en-teatro-municipal-de-quilpue-con-obra-inmersiva","status":"publish","type":"post","link":"https:\/\/dev.antudigital.cl\/sites\/vc\/residual-radiozines-debutara-en-teatro-municipal-de-quilpue-con-obra-inmersiva\/","title":{"rendered":"\u201cResidual Radiozines\u201d debutar\u00e1 en Teatro Municipal de Quilpu\u00e9 con obra inmersiva"},"content":{"rendered":"\n<p>\u201cSobre el Lomo del Diablo si es Necesario\u201d es una historia fant\u00e1stica sobre los \u00faltimos d\u00edas de Tierra en la regi\u00f3n de Valpara\u00edso, combina arte sonoro, performance, videos flautas precolombina crean un viaje sensorial al futuro.<\/p>\n\n\n\n<p><strong>Rese\u00f1a breve:<\/strong><\/p>\n\n\n\n<p>\u00abSobre el Lomo del Diablo si es Necesario\u00bb es una obra inmersiva de ciencia ficci\u00f3n andina y horror c\u00f3smico,\u00a0sobre un viaje entre demonios, m\u00e1quinas y esp\u00edritus desde la cordillera a Valpara\u00edso, durante los \u00faltimos d\u00edas de la Tierra.\u00a0<\/p>\n\n\n\n<p>Basado en la ficci\u00f3n sonora del mismo nombre, el montaje entrelaza un relato con\u00a0arte sonoro, perfomance, narraciones y audiovisual, en una historia donde el espectador es protagonista de los acontecimientos.<\/p>\n\n\n\n<p>Inspirada libremente en mitolog\u00edas precolombina y teor\u00eda cyborg sobre el fin de los tiempos, la obra investiga la descolonizaci\u00f3n\u00a0 del relato m\u00edtico, la sonoridad y la relaci\u00f3n con el tiempo, los paisajes y la vida m\u00e1s all\u00e1 de la materialidad.\u00a0<\/p>\n\n\n\n<p>Es el debut de \u00abResidual Radiozines\u00bb (<a>@residualradiozines)<\/a>, colectivo multidisciplinario conformado&nbsp;por artistas e investigadores experimentales de la regi\u00f3n de Valpara\u00edso. &nbsp;&nbsp;<\/p>\n\n\n\n<figure class=\"wp-block-image size-large\"><img fetchpriority=\"high\" decoding=\"async\" width=\"1024\" height=\"575\" src=\"https:\/\/www.valparaisocreativo.cl\/wp-content\/uploads\/2024\/09\/Captura-de-Pantalla-2024-08-23-a-las-01.31.11-1024x575.png\" alt=\"\" class=\"wp-image-20218\" srcset=\"https:\/\/dev.antudigital.cl\/sites\/vc\/wp-content\/uploads\/2024\/09\/Captura-de-Pantalla-2024-08-23-a-las-01.31.11-1024x575.png 1024w, https:\/\/dev.antudigital.cl\/sites\/vc\/wp-content\/uploads\/2024\/09\/Captura-de-Pantalla-2024-08-23-a-las-01.31.11-300x169.png 300w, https:\/\/dev.antudigital.cl\/sites\/vc\/wp-content\/uploads\/2024\/09\/Captura-de-Pantalla-2024-08-23-a-las-01.31.11-768x432.png 768w, https:\/\/dev.antudigital.cl\/sites\/vc\/wp-content\/uploads\/2024\/09\/Captura-de-Pantalla-2024-08-23-a-las-01.31.11-1536x863.png 1536w, https:\/\/dev.antudigital.cl\/sites\/vc\/wp-content\/uploads\/2024\/09\/Captura-de-Pantalla-2024-08-23-a-las-01.31.11-2048x1151.png 2048w, https:\/\/dev.antudigital.cl\/sites\/vc\/wp-content\/uploads\/2024\/09\/Captura-de-Pantalla-2024-08-23-a-las-01.31.11-1080x607.png 1080w, https:\/\/dev.antudigital.cl\/sites\/vc\/wp-content\/uploads\/2024\/09\/Captura-de-Pantalla-2024-08-23-a-las-01.31.11-1280x719.png 1280w, https:\/\/dev.antudigital.cl\/sites\/vc\/wp-content\/uploads\/2024\/09\/Captura-de-Pantalla-2024-08-23-a-las-01.31.11-980x551.png 980w, https:\/\/dev.antudigital.cl\/sites\/vc\/wp-content\/uploads\/2024\/09\/Captura-de-Pantalla-2024-08-23-a-las-01.31.11-480x270.png 480w, https:\/\/dev.antudigital.cl\/sites\/vc\/wp-content\/uploads\/2024\/09\/Captura-de-Pantalla-2024-08-23-a-las-01.31.11-24x13.png 24w, https:\/\/dev.antudigital.cl\/sites\/vc\/wp-content\/uploads\/2024\/09\/Captura-de-Pantalla-2024-08-23-a-las-01.31.11-36x20.png 36w, https:\/\/dev.antudigital.cl\/sites\/vc\/wp-content\/uploads\/2024\/09\/Captura-de-Pantalla-2024-08-23-a-las-01.31.11-48x27.png 48w\" sizes=\"(max-width: 1024px) 100vw, 1024px\" \/><\/figure>\n\n\n\n<p>Viernes 13 de Septiembre&nbsp;<\/p>\n\n\n\n<p>Teatro Municipal de Quilp\u00fae<\/p>\n\n\n\n<p>Entrada Liberada<\/p>\n\n\n\n<p>19:00Hrs.\u00a0<\/p>\n\n\n\n<p><a href=\"https:\/\/www.instagram.com\/residualradiozines\/\"><strong>Conoce m\u00e1s en sus redes sociales.<\/strong><\/a><\/p>\n","protected":false},"excerpt":{"rendered":"<p>\u201cSobre el Lomo del Diablo si es Necesario\u201d es una historia fant\u00e1stica sobre los \u00faltimos d\u00edas de Tierra en la regi\u00f3n de Valpara\u00edso, combina arte sonoro, performance, videos flautas precolombina crean un viaje sensorial al futuro. Rese\u00f1a breve: \u00abSobre el Lomo del Diablo si es Necesario\u00bb es una obra inmersiva de ciencia ficci\u00f3n andina y [&hellip;]<\/p>\n","protected":false},"author":1,"featured_media":20219,"comment_status":"closed","ping_status":"closed","sticky":false,"template":"","format":"standard","meta":{"_acf_changed":false,"footnotes":""},"categories":[1],"tags":[],"class_list":["post-20216","post","type-post","status-publish","format-standard","has-post-thumbnail","hentry","category-uncategorized"],"acf":[],"yoast_head":"<!-- This site is optimized with the Yoast SEO plugin v27.1.1 - https:\/\/yoast.com\/product\/yoast-seo-wordpress\/ -->\n<title>\u201cResidual Radiozines\u201d debutar\u00e1 en Teatro Municipal de Quilpu\u00e9 con obra inmersiva - Valpara\u00ed\u00adso Creativo<\/title>\n<meta name=\"robots\" content=\"index, follow, max-snippet:-1, max-image-preview:large, max-video-preview:-1\" \/>\n<link rel=\"canonical\" href=\"https:\/\/dev.antudigital.cl\/sites\/vc\/residual-radiozines-debutara-en-teatro-municipal-de-quilpue-con-obra-inmersiva\/\" \/>\n<meta property=\"og:locale\" content=\"es_ES\" \/>\n<meta property=\"og:type\" content=\"article\" \/>\n<meta property=\"og:title\" content=\"\u201cResidual Radiozines\u201d debutar\u00e1 en Teatro Municipal de Quilpu\u00e9 con obra inmersiva - Valpara\u00ed\u00adso Creativo\" \/>\n<meta property=\"og:description\" content=\"\u201cSobre el Lomo del Diablo si es Necesario\u201d es una historia fant\u00e1stica sobre los \u00faltimos d\u00edas de Tierra en la regi\u00f3n de Valpara\u00edso, combina arte sonoro, performance, videos flautas precolombina crean un viaje sensorial al futuro. Rese\u00f1a breve: \u00abSobre el Lomo del Diablo si es Necesario\u00bb es una obra inmersiva de ciencia ficci\u00f3n andina y [&hellip;]\" \/>\n<meta property=\"og:url\" content=\"https:\/\/dev.antudigital.cl\/sites\/vc\/residual-radiozines-debutara-en-teatro-municipal-de-quilpue-con-obra-inmersiva\/\" \/>\n<meta property=\"og:site_name\" content=\"Valpara\u00ed\u00adso Creativo\" \/>\n<meta property=\"article:published_time\" content=\"2024-09-02T23:30:14+00:00\" \/>\n<meta property=\"article:modified_time\" content=\"2024-09-02T23:30:31+00:00\" \/>\n<meta property=\"og:image\" content=\"https:\/\/dev.antudigital.cl\/sites\/vc\/wp-content\/uploads\/2024\/09\/Captura-de-Pantalla-2024-08-23-a-las-01.30.13-1024x575.png\" \/>\n\t<meta property=\"og:image:width\" content=\"1024\" \/>\n\t<meta property=\"og:image:height\" content=\"575\" \/>\n\t<meta property=\"og:image:type\" content=\"image\/png\" \/>\n<meta name=\"author\" content=\"Valpara\u00edso Creativo\" \/>\n<meta name=\"twitter:card\" content=\"summary_large_image\" \/>\n<meta name=\"twitter:label1\" content=\"Escrito por\" \/>\n\t<meta name=\"twitter:data1\" content=\"Valpara\u00edso Creativo\" \/>\n\t<meta name=\"twitter:label2\" content=\"Tiempo de lectura\" \/>\n\t<meta name=\"twitter:data2\" content=\"2 minutos\" \/>\n<script type=\"application\/ld+json\" class=\"yoast-schema-graph\">{\"@context\":\"https:\/\/schema.org\",\"@graph\":[{\"@type\":\"Article\",\"@id\":\"https:\/\/dev.antudigital.cl\/sites\/vc\/residual-radiozines-debutara-en-teatro-municipal-de-quilpue-con-obra-inmersiva\/#article\",\"isPartOf\":{\"@id\":\"https:\/\/dev.antudigital.cl\/sites\/vc\/residual-radiozines-debutara-en-teatro-municipal-de-quilpue-con-obra-inmersiva\/\"},\"author\":{\"name\":\"Valpara\u00edso Creativo\",\"@id\":\"https:\/\/dev.antudigital.cl\/sites\/vc\/#\/schema\/person\/c2b9da8dd545e27166fc5ab232837318\"},\"headline\":\"\u201cResidual Radiozines\u201d debutar\u00e1 en Teatro Municipal de Quilpu\u00e9 con obra inmersiva\",\"datePublished\":\"2024-09-02T23:30:14+00:00\",\"dateModified\":\"2024-09-02T23:30:31+00:00\",\"mainEntityOfPage\":{\"@id\":\"https:\/\/dev.antudigital.cl\/sites\/vc\/residual-radiozines-debutara-en-teatro-municipal-de-quilpue-con-obra-inmersiva\/\"},\"wordCount\":221,\"image\":{\"@id\":\"https:\/\/dev.antudigital.cl\/sites\/vc\/residual-radiozines-debutara-en-teatro-municipal-de-quilpue-con-obra-inmersiva\/#primaryimage\"},\"thumbnailUrl\":\"https:\/\/dev.antudigital.cl\/sites\/vc\/wp-content\/uploads\/2024\/09\/Captura-de-Pantalla-2024-08-23-a-las-01.30.13.png\",\"articleSection\":[\"Uncategorized\"],\"inLanguage\":\"es\"},{\"@type\":\"WebPage\",\"@id\":\"https:\/\/dev.antudigital.cl\/sites\/vc\/residual-radiozines-debutara-en-teatro-municipal-de-quilpue-con-obra-inmersiva\/\",\"url\":\"https:\/\/dev.antudigital.cl\/sites\/vc\/residual-radiozines-debutara-en-teatro-municipal-de-quilpue-con-obra-inmersiva\/\",\"name\":\"\u201cResidual Radiozines\u201d debutar\u00e1 en Teatro Municipal de Quilpu\u00e9 con obra inmersiva - Valpara\u00ed\u00adso Creativo\",\"isPartOf\":{\"@id\":\"https:\/\/dev.antudigital.cl\/sites\/vc\/#website\"},\"primaryImageOfPage\":{\"@id\":\"https:\/\/dev.antudigital.cl\/sites\/vc\/residual-radiozines-debutara-en-teatro-municipal-de-quilpue-con-obra-inmersiva\/#primaryimage\"},\"image\":{\"@id\":\"https:\/\/dev.antudigital.cl\/sites\/vc\/residual-radiozines-debutara-en-teatro-municipal-de-quilpue-con-obra-inmersiva\/#primaryimage\"},\"thumbnailUrl\":\"https:\/\/dev.antudigital.cl\/sites\/vc\/wp-content\/uploads\/2024\/09\/Captura-de-Pantalla-2024-08-23-a-las-01.30.13.png\",\"datePublished\":\"2024-09-02T23:30:14+00:00\",\"dateModified\":\"2024-09-02T23:30:31+00:00\",\"author\":{\"@id\":\"https:\/\/dev.antudigital.cl\/sites\/vc\/#\/schema\/person\/c2b9da8dd545e27166fc5ab232837318\"},\"breadcrumb\":{\"@id\":\"https:\/\/dev.antudigital.cl\/sites\/vc\/residual-radiozines-debutara-en-teatro-municipal-de-quilpue-con-obra-inmersiva\/#breadcrumb\"},\"inLanguage\":\"es\",\"potentialAction\":[{\"@type\":\"ReadAction\",\"target\":[\"https:\/\/dev.antudigital.cl\/sites\/vc\/residual-radiozines-debutara-en-teatro-municipal-de-quilpue-con-obra-inmersiva\/\"]}]},{\"@type\":\"ImageObject\",\"inLanguage\":\"es\",\"@id\":\"https:\/\/dev.antudigital.cl\/sites\/vc\/residual-radiozines-debutara-en-teatro-municipal-de-quilpue-con-obra-inmersiva\/#primaryimage\",\"url\":\"https:\/\/dev.antudigital.cl\/sites\/vc\/wp-content\/uploads\/2024\/09\/Captura-de-Pantalla-2024-08-23-a-las-01.30.13.png\",\"contentUrl\":\"https:\/\/dev.antudigital.cl\/sites\/vc\/wp-content\/uploads\/2024\/09\/Captura-de-Pantalla-2024-08-23-a-las-01.30.13.png\",\"width\":3456,\"height\":1942},{\"@type\":\"BreadcrumbList\",\"@id\":\"https:\/\/dev.antudigital.cl\/sites\/vc\/residual-radiozines-debutara-en-teatro-municipal-de-quilpue-con-obra-inmersiva\/#breadcrumb\",\"itemListElement\":[{\"@type\":\"ListItem\",\"position\":1,\"name\":\"Home\",\"item\":\"https:\/\/dev.antudigital.cl\/sites\/vc\/\"},{\"@type\":\"ListItem\",\"position\":2,\"name\":\"\u201cResidual Radiozines\u201d debutar\u00e1 en Teatro Municipal de Quilpu\u00e9 con obra inmersiva\"}]},{\"@type\":\"WebSite\",\"@id\":\"https:\/\/dev.antudigital.cl\/sites\/vc\/#website\",\"url\":\"https:\/\/dev.antudigital.cl\/sites\/vc\/\",\"name\":\"Valpara\u00ed\u00adso Creativo\",\"description\":\"\",\"potentialAction\":[{\"@type\":\"SearchAction\",\"target\":{\"@type\":\"EntryPoint\",\"urlTemplate\":\"https:\/\/dev.antudigital.cl\/sites\/vc\/?s={search_term_string}\"},\"query-input\":{\"@type\":\"PropertyValueSpecification\",\"valueRequired\":true,\"valueName\":\"search_term_string\"}}],\"inLanguage\":\"es\"},{\"@type\":\"Person\",\"@id\":\"https:\/\/dev.antudigital.cl\/sites\/vc\/#\/schema\/person\/c2b9da8dd545e27166fc5ab232837318\",\"name\":\"Valpara\u00edso Creativo\",\"description\":\"Periodista de cultura en la Regi\u00f3n de Valpara\u00edso.\",\"url\":\"https:\/\/dev.antudigital.cl\/sites\/vc\/author\/valpoadmin\/\"}]}<\/script>\n<!-- \/ Yoast SEO plugin. -->","yoast_head_json":{"title":"\u201cResidual Radiozines\u201d debutar\u00e1 en Teatro Municipal de Quilpu\u00e9 con obra inmersiva - Valpara\u00ed\u00adso Creativo","robots":{"index":"index","follow":"follow","max-snippet":"max-snippet:-1","max-image-preview":"max-image-preview:large","max-video-preview":"max-video-preview:-1"},"canonical":"https:\/\/dev.antudigital.cl\/sites\/vc\/residual-radiozines-debutara-en-teatro-municipal-de-quilpue-con-obra-inmersiva\/","og_locale":"es_ES","og_type":"article","og_title":"\u201cResidual Radiozines\u201d debutar\u00e1 en Teatro Municipal de Quilpu\u00e9 con obra inmersiva - Valpara\u00ed\u00adso Creativo","og_description":"\u201cSobre el Lomo del Diablo si es Necesario\u201d es una historia fant\u00e1stica sobre los \u00faltimos d\u00edas de Tierra en la regi\u00f3n de Valpara\u00edso, combina arte sonoro, performance, videos flautas precolombina crean un viaje sensorial al futuro. Rese\u00f1a breve: \u00abSobre el Lomo del Diablo si es Necesario\u00bb es una obra inmersiva de ciencia ficci\u00f3n andina y [&hellip;]","og_url":"https:\/\/dev.antudigital.cl\/sites\/vc\/residual-radiozines-debutara-en-teatro-municipal-de-quilpue-con-obra-inmersiva\/","og_site_name":"Valpara\u00ed\u00adso Creativo","article_published_time":"2024-09-02T23:30:14+00:00","article_modified_time":"2024-09-02T23:30:31+00:00","og_image":[{"width":1024,"height":575,"url":"https:\/\/dev.antudigital.cl\/sites\/vc\/wp-content\/uploads\/2024\/09\/Captura-de-Pantalla-2024-08-23-a-las-01.30.13-1024x575.png","type":"image\/png"}],"author":"Valpara\u00edso Creativo","twitter_card":"summary_large_image","twitter_misc":{"Escrito por":"Valpara\u00edso Creativo","Tiempo de lectura":"2 minutos"},"schema":{"@context":"https:\/\/schema.org","@graph":[{"@type":"Article","@id":"https:\/\/dev.antudigital.cl\/sites\/vc\/residual-radiozines-debutara-en-teatro-municipal-de-quilpue-con-obra-inmersiva\/#article","isPartOf":{"@id":"https:\/\/dev.antudigital.cl\/sites\/vc\/residual-radiozines-debutara-en-teatro-municipal-de-quilpue-con-obra-inmersiva\/"},"author":{"name":"Valpara\u00edso Creativo","@id":"https:\/\/dev.antudigital.cl\/sites\/vc\/#\/schema\/person\/c2b9da8dd545e27166fc5ab232837318"},"headline":"\u201cResidual Radiozines\u201d debutar\u00e1 en Teatro Municipal de Quilpu\u00e9 con obra inmersiva","datePublished":"2024-09-02T23:30:14+00:00","dateModified":"2024-09-02T23:30:31+00:00","mainEntityOfPage":{"@id":"https:\/\/dev.antudigital.cl\/sites\/vc\/residual-radiozines-debutara-en-teatro-municipal-de-quilpue-con-obra-inmersiva\/"},"wordCount":221,"image":{"@id":"https:\/\/dev.antudigital.cl\/sites\/vc\/residual-radiozines-debutara-en-teatro-municipal-de-quilpue-con-obra-inmersiva\/#primaryimage"},"thumbnailUrl":"https:\/\/dev.antudigital.cl\/sites\/vc\/wp-content\/uploads\/2024\/09\/Captura-de-Pantalla-2024-08-23-a-las-01.30.13.png","articleSection":["Uncategorized"],"inLanguage":"es"},{"@type":"WebPage","@id":"https:\/\/dev.antudigital.cl\/sites\/vc\/residual-radiozines-debutara-en-teatro-municipal-de-quilpue-con-obra-inmersiva\/","url":"https:\/\/dev.antudigital.cl\/sites\/vc\/residual-radiozines-debutara-en-teatro-municipal-de-quilpue-con-obra-inmersiva\/","name":"\u201cResidual Radiozines\u201d debutar\u00e1 en Teatro Municipal de Quilpu\u00e9 con obra inmersiva - Valpara\u00ed\u00adso Creativo","isPartOf":{"@id":"https:\/\/dev.antudigital.cl\/sites\/vc\/#website"},"primaryImageOfPage":{"@id":"https:\/\/dev.antudigital.cl\/sites\/vc\/residual-radiozines-debutara-en-teatro-municipal-de-quilpue-con-obra-inmersiva\/#primaryimage"},"image":{"@id":"https:\/\/dev.antudigital.cl\/sites\/vc\/residual-radiozines-debutara-en-teatro-municipal-de-quilpue-con-obra-inmersiva\/#primaryimage"},"thumbnailUrl":"https:\/\/dev.antudigital.cl\/sites\/vc\/wp-content\/uploads\/2024\/09\/Captura-de-Pantalla-2024-08-23-a-las-01.30.13.png","datePublished":"2024-09-02T23:30:14+00:00","dateModified":"2024-09-02T23:30:31+00:00","author":{"@id":"https:\/\/dev.antudigital.cl\/sites\/vc\/#\/schema\/person\/c2b9da8dd545e27166fc5ab232837318"},"breadcrumb":{"@id":"https:\/\/dev.antudigital.cl\/sites\/vc\/residual-radiozines-debutara-en-teatro-municipal-de-quilpue-con-obra-inmersiva\/#breadcrumb"},"inLanguage":"es","potentialAction":[{"@type":"ReadAction","target":["https:\/\/dev.antudigital.cl\/sites\/vc\/residual-radiozines-debutara-en-teatro-municipal-de-quilpue-con-obra-inmersiva\/"]}]},{"@type":"ImageObject","inLanguage":"es","@id":"https:\/\/dev.antudigital.cl\/sites\/vc\/residual-radiozines-debutara-en-teatro-municipal-de-quilpue-con-obra-inmersiva\/#primaryimage","url":"https:\/\/dev.antudigital.cl\/sites\/vc\/wp-content\/uploads\/2024\/09\/Captura-de-Pantalla-2024-08-23-a-las-01.30.13.png","contentUrl":"https:\/\/dev.antudigital.cl\/sites\/vc\/wp-content\/uploads\/2024\/09\/Captura-de-Pantalla-2024-08-23-a-las-01.30.13.png","width":3456,"height":1942},{"@type":"BreadcrumbList","@id":"https:\/\/dev.antudigital.cl\/sites\/vc\/residual-radiozines-debutara-en-teatro-municipal-de-quilpue-con-obra-inmersiva\/#breadcrumb","itemListElement":[{"@type":"ListItem","position":1,"name":"Home","item":"https:\/\/dev.antudigital.cl\/sites\/vc\/"},{"@type":"ListItem","position":2,"name":"\u201cResidual Radiozines\u201d debutar\u00e1 en Teatro Municipal de Quilpu\u00e9 con obra inmersiva"}]},{"@type":"WebSite","@id":"https:\/\/dev.antudigital.cl\/sites\/vc\/#website","url":"https:\/\/dev.antudigital.cl\/sites\/vc\/","name":"Valpara\u00ed\u00adso Creativo","description":"","potentialAction":[{"@type":"SearchAction","target":{"@type":"EntryPoint","urlTemplate":"https:\/\/dev.antudigital.cl\/sites\/vc\/?s={search_term_string}"},"query-input":{"@type":"PropertyValueSpecification","valueRequired":true,"valueName":"search_term_string"}}],"inLanguage":"es"},{"@type":"Person","@id":"https:\/\/dev.antudigital.cl\/sites\/vc\/#\/schema\/person\/c2b9da8dd545e27166fc5ab232837318","name":"Valpara\u00edso Creativo","description":"Periodista de cultura en la Regi\u00f3n de Valpara\u00edso.","url":"https:\/\/dev.antudigital.cl\/sites\/vc\/author\/valpoadmin\/"}]}},"_links":{"self":[{"href":"https:\/\/dev.antudigital.cl\/sites\/vc\/wp-json\/wp\/v2\/posts\/20216","targetHints":{"allow":["GET"]}}],"collection":[{"href":"https:\/\/dev.antudigital.cl\/sites\/vc\/wp-json\/wp\/v2\/posts"}],"about":[{"href":"https:\/\/dev.antudigital.cl\/sites\/vc\/wp-json\/wp\/v2\/types\/post"}],"author":[{"embeddable":true,"href":"https:\/\/dev.antudigital.cl\/sites\/vc\/wp-json\/wp\/v2\/users\/1"}],"replies":[{"embeddable":true,"href":"https:\/\/dev.antudigital.cl\/sites\/vc\/wp-json\/wp\/v2\/comments?post=20216"}],"version-history":[{"count":1,"href":"https:\/\/dev.antudigital.cl\/sites\/vc\/wp-json\/wp\/v2\/posts\/20216\/revisions"}],"predecessor-version":[{"id":20220,"href":"https:\/\/dev.antudigital.cl\/sites\/vc\/wp-json\/wp\/v2\/posts\/20216\/revisions\/20220"}],"wp:featuredmedia":[{"embeddable":true,"href":"https:\/\/dev.antudigital.cl\/sites\/vc\/wp-json\/wp\/v2\/media\/20219"}],"wp:attachment":[{"href":"https:\/\/dev.antudigital.cl\/sites\/vc\/wp-json\/wp\/v2\/media?parent=20216"}],"wp:term":[{"taxonomy":"category","embeddable":true,"href":"https:\/\/dev.antudigital.cl\/sites\/vc\/wp-json\/wp\/v2\/categories?post=20216"},{"taxonomy":"post_tag","embeddable":true,"href":"https:\/\/dev.antudigital.cl\/sites\/vc\/wp-json\/wp\/v2\/tags?post=20216"}],"curies":[{"name":"wp","href":"https:\/\/api.w.org\/{rel}","templated":true}]}}