{"id":20222,"date":"2024-09-02T23:37:01","date_gmt":"2024-09-02T23:37:01","guid":{"rendered":"https:\/\/www.valparaisocreativo.cl\/?p=20222"},"modified":"2024-09-02T23:37:17","modified_gmt":"2024-09-02T23:37:17","slug":"alvaro-torres-vuelve-a-chile-con-fechas-en-coquimbo-vina-del-mar-y-santiago","status":"publish","type":"post","link":"https:\/\/dev.antudigital.cl\/sites\/vc\/alvaro-torres-vuelve-a-chile-con-fechas-en-coquimbo-vina-del-mar-y-santiago\/","title":{"rendered":"\u00c1lvaro Torres vuelve a Chile con fechas en Coquimbo, Vi\u00f1a del Mar y Santiago"},"content":{"rendered":"\n<p><strong><em>El \u00edcono de la m\u00fasica rom\u00e1ntica en espa\u00f1ol, \u00c1lvaro Torres, regresa a Chile para deleitar a su fiel audiencia con un recorrido por sus grandes canciones. El hombre de \u201cNada se compara contigo\u201d, \u201cChiquita m\u00eda\u201d y tantos otros hits se presentar\u00e1 el 31 de octubre, 1 y 3 de noviembre. Las entradas se venden en Ticketplus.<\/em><\/strong><br>&nbsp;<\/p>\n\n\n\n<p>Con una carrera que abarca m\u00e1s de cuatro d\u00e9cadas, el cantante y compositor salvadore\u00f1o promete ofrecer conciertos inolvidables. Los fan\u00e1ticos del romance y la pasi\u00f3n tendr\u00e1n la oportunidad de revivir los \u00e9xitos que han marcado generaciones en los casinos&nbsp;<strong>Enjoy de Vi\u00f1a del Mar y Coquimbo, y en el Teatro Cariola de Santiago<\/strong>.<br><br>\u00c1lvaro Torres, conocido por baladas inmortales que conquistaron Latinoam\u00e9rica, se ha mantenido en el coraz\u00f3n de sus seguidores a lo largo de los a\u00f1os y se encuentra totalmente vigente, debido a su inconfundible voz y letras que han sido banda sonora de amores y desamores, adem\u00e1s de su intensa actividad en vivo: en febrero&nbsp;de este a\u00f1o realiz\u00f3 una gira por Estados Unidos y Puerto Rico con&nbsp;<strong>Jos\u00e9 Luis \u201cPuma\u201d Rodr\u00edguez<\/strong>, y su itinerario contin\u00faa en septiembre con nuevas fechas en Dallas, Los Angeles y&nbsp;Santo Domingo, entre otras.<br><br>Esta gira por Chile lleva por nombre&nbsp;<strong>\u201cTour del Amor 2024&#8243;<\/strong>, que celebra sus m\u00e1s grandes \u00e9xitos y la conexi\u00f3n especial que mantiene con sus fans. Las entradas para los tres conciertos ya est\u00e1n disponibles en el sistema Ticketplus.<\/p>\n\n\n\n<p>VI\u00d1A DEL MAR &#8211; Casino Enjoy<br>1 de noviembre<br><a href=\"https:\/\/facebook.us19.list-manage.com\/track\/click?u=4576092b38a8c45259d5ea1f4&amp;id=d86fa20759&amp;e=50c2b42aed\" target=\"_blank\" rel=\"noreferrer noopener\">Entradas<\/a><\/p>\n","protected":false},"excerpt":{"rendered":"<p>El \u00edcono de la m\u00fasica rom\u00e1ntica en espa\u00f1ol, \u00c1lvaro Torres, regresa a Chile para deleitar a su fiel audiencia con un recorrido por sus grandes canciones. El hombre de \u201cNada se compara contigo\u201d, \u201cChiquita m\u00eda\u201d y tantos otros hits se presentar\u00e1 el 31 de octubre, 1 y 3 de noviembre. Las entradas se venden en [&hellip;]<\/p>\n","protected":false},"author":1,"featured_media":20224,"comment_status":"closed","ping_status":"closed","sticky":false,"template":"","format":"standard","meta":{"_acf_changed":false,"footnotes":""},"categories":[8],"tags":[],"class_list":["post-20222","post","type-post","status-publish","format-standard","has-post-thumbnail","hentry","category-noticia"],"acf":[],"yoast_head":"<!-- This site is optimized with the Yoast SEO plugin v27.1.1 - https:\/\/yoast.com\/product\/yoast-seo-wordpress\/ -->\n<title>\u00c1lvaro Torres vuelve a Chile con fechas en Coquimbo, Vi\u00f1a del Mar y Santiago - Valpara\u00ed\u00adso Creativo<\/title>\n<meta name=\"robots\" content=\"index, follow, max-snippet:-1, max-image-preview:large, max-video-preview:-1\" \/>\n<link rel=\"canonical\" href=\"https:\/\/dev.antudigital.cl\/sites\/vc\/alvaro-torres-vuelve-a-chile-con-fechas-en-coquimbo-vina-del-mar-y-santiago\/\" \/>\n<meta property=\"og:locale\" content=\"es_ES\" \/>\n<meta property=\"og:type\" content=\"article\" \/>\n<meta property=\"og:title\" content=\"\u00c1lvaro Torres vuelve a Chile con fechas en Coquimbo, Vi\u00f1a del Mar y Santiago - Valpara\u00ed\u00adso Creativo\" \/>\n<meta property=\"og:description\" content=\"El \u00edcono de la m\u00fasica rom\u00e1ntica en espa\u00f1ol, \u00c1lvaro Torres, regresa a Chile para deleitar a su fiel audiencia con un recorrido por sus grandes canciones. El hombre de \u201cNada se compara contigo\u201d, \u201cChiquita m\u00eda\u201d y tantos otros hits se presentar\u00e1 el 31 de octubre, 1 y 3 de noviembre. Las entradas se venden en [&hellip;]\" \/>\n<meta property=\"og:url\" content=\"https:\/\/dev.antudigital.cl\/sites\/vc\/alvaro-torres-vuelve-a-chile-con-fechas-en-coquimbo-vina-del-mar-y-santiago\/\" \/>\n<meta property=\"og:site_name\" content=\"Valpara\u00ed\u00adso Creativo\" \/>\n<meta property=\"article:published_time\" content=\"2024-09-02T23:37:01+00:00\" \/>\n<meta property=\"article:modified_time\" content=\"2024-09-02T23:37:17+00:00\" \/>\n<meta property=\"og:image\" content=\"https:\/\/dev.antudigital.cl\/sites\/vc\/wp-content\/uploads\/2024\/09\/unnamed-2.jpg\" \/>\n\t<meta property=\"og:image:width\" content=\"1200\" \/>\n\t<meta property=\"og:image:height\" content=\"628\" \/>\n\t<meta property=\"og:image:type\" content=\"image\/jpeg\" \/>\n<meta name=\"author\" content=\"Valpara\u00edso Creativo\" \/>\n<meta name=\"twitter:card\" content=\"summary_large_image\" \/>\n<meta name=\"twitter:label1\" content=\"Escrito por\" \/>\n\t<meta name=\"twitter:data1\" content=\"Valpara\u00edso Creativo\" \/>\n\t<meta name=\"twitter:label2\" content=\"Tiempo de lectura\" \/>\n\t<meta name=\"twitter:data2\" content=\"2 minutos\" \/>\n<script type=\"application\/ld+json\" class=\"yoast-schema-graph\">{\"@context\":\"https:\/\/schema.org\",\"@graph\":[{\"@type\":\"Article\",\"@id\":\"https:\/\/dev.antudigital.cl\/sites\/vc\/alvaro-torres-vuelve-a-chile-con-fechas-en-coquimbo-vina-del-mar-y-santiago\/#article\",\"isPartOf\":{\"@id\":\"https:\/\/dev.antudigital.cl\/sites\/vc\/alvaro-torres-vuelve-a-chile-con-fechas-en-coquimbo-vina-del-mar-y-santiago\/\"},\"author\":{\"name\":\"Valpara\u00edso Creativo\",\"@id\":\"https:\/\/dev.antudigital.cl\/sites\/vc\/#\/schema\/person\/c2b9da8dd545e27166fc5ab232837318\"},\"headline\":\"\u00c1lvaro Torres vuelve a Chile con fechas en Coquimbo, Vi\u00f1a del Mar y Santiago\",\"datePublished\":\"2024-09-02T23:37:01+00:00\",\"dateModified\":\"2024-09-02T23:37:17+00:00\",\"mainEntityOfPage\":{\"@id\":\"https:\/\/dev.antudigital.cl\/sites\/vc\/alvaro-torres-vuelve-a-chile-con-fechas-en-coquimbo-vina-del-mar-y-santiago\/\"},\"wordCount\":285,\"image\":{\"@id\":\"https:\/\/dev.antudigital.cl\/sites\/vc\/alvaro-torres-vuelve-a-chile-con-fechas-en-coquimbo-vina-del-mar-y-santiago\/#primaryimage\"},\"thumbnailUrl\":\"https:\/\/dev.antudigital.cl\/sites\/vc\/wp-content\/uploads\/2024\/09\/unnamed-2.jpg\",\"articleSection\":[\"Noticia\"],\"inLanguage\":\"es\"},{\"@type\":\"WebPage\",\"@id\":\"https:\/\/dev.antudigital.cl\/sites\/vc\/alvaro-torres-vuelve-a-chile-con-fechas-en-coquimbo-vina-del-mar-y-santiago\/\",\"url\":\"https:\/\/dev.antudigital.cl\/sites\/vc\/alvaro-torres-vuelve-a-chile-con-fechas-en-coquimbo-vina-del-mar-y-santiago\/\",\"name\":\"\u00c1lvaro Torres vuelve a Chile con fechas en Coquimbo, Vi\u00f1a del Mar y Santiago - Valpara\u00ed\u00adso Creativo\",\"isPartOf\":{\"@id\":\"https:\/\/dev.antudigital.cl\/sites\/vc\/#website\"},\"primaryImageOfPage\":{\"@id\":\"https:\/\/dev.antudigital.cl\/sites\/vc\/alvaro-torres-vuelve-a-chile-con-fechas-en-coquimbo-vina-del-mar-y-santiago\/#primaryimage\"},\"image\":{\"@id\":\"https:\/\/dev.antudigital.cl\/sites\/vc\/alvaro-torres-vuelve-a-chile-con-fechas-en-coquimbo-vina-del-mar-y-santiago\/#primaryimage\"},\"thumbnailUrl\":\"https:\/\/dev.antudigital.cl\/sites\/vc\/wp-content\/uploads\/2024\/09\/unnamed-2.jpg\",\"datePublished\":\"2024-09-02T23:37:01+00:00\",\"dateModified\":\"2024-09-02T23:37:17+00:00\",\"author\":{\"@id\":\"https:\/\/dev.antudigital.cl\/sites\/vc\/#\/schema\/person\/c2b9da8dd545e27166fc5ab232837318\"},\"breadcrumb\":{\"@id\":\"https:\/\/dev.antudigital.cl\/sites\/vc\/alvaro-torres-vuelve-a-chile-con-fechas-en-coquimbo-vina-del-mar-y-santiago\/#breadcrumb\"},\"inLanguage\":\"es\",\"potentialAction\":[{\"@type\":\"ReadAction\",\"target\":[\"https:\/\/dev.antudigital.cl\/sites\/vc\/alvaro-torres-vuelve-a-chile-con-fechas-en-coquimbo-vina-del-mar-y-santiago\/\"]}]},{\"@type\":\"ImageObject\",\"inLanguage\":\"es\",\"@id\":\"https:\/\/dev.antudigital.cl\/sites\/vc\/alvaro-torres-vuelve-a-chile-con-fechas-en-coquimbo-vina-del-mar-y-santiago\/#primaryimage\",\"url\":\"https:\/\/dev.antudigital.cl\/sites\/vc\/wp-content\/uploads\/2024\/09\/unnamed-2.jpg\",\"contentUrl\":\"https:\/\/dev.antudigital.cl\/sites\/vc\/wp-content\/uploads\/2024\/09\/unnamed-2.jpg\",\"width\":1200,\"height\":628},{\"@type\":\"BreadcrumbList\",\"@id\":\"https:\/\/dev.antudigital.cl\/sites\/vc\/alvaro-torres-vuelve-a-chile-con-fechas-en-coquimbo-vina-del-mar-y-santiago\/#breadcrumb\",\"itemListElement\":[{\"@type\":\"ListItem\",\"position\":1,\"name\":\"Home\",\"item\":\"https:\/\/dev.antudigital.cl\/sites\/vc\/\"},{\"@type\":\"ListItem\",\"position\":2,\"name\":\"\u00c1lvaro Torres vuelve a Chile con fechas en Coquimbo, Vi\u00f1a del Mar y Santiago\"}]},{\"@type\":\"WebSite\",\"@id\":\"https:\/\/dev.antudigital.cl\/sites\/vc\/#website\",\"url\":\"https:\/\/dev.antudigital.cl\/sites\/vc\/\",\"name\":\"Valpara\u00ed\u00adso Creativo\",\"description\":\"\",\"potentialAction\":[{\"@type\":\"SearchAction\",\"target\":{\"@type\":\"EntryPoint\",\"urlTemplate\":\"https:\/\/dev.antudigital.cl\/sites\/vc\/?s={search_term_string}\"},\"query-input\":{\"@type\":\"PropertyValueSpecification\",\"valueRequired\":true,\"valueName\":\"search_term_string\"}}],\"inLanguage\":\"es\"},{\"@type\":\"Person\",\"@id\":\"https:\/\/dev.antudigital.cl\/sites\/vc\/#\/schema\/person\/c2b9da8dd545e27166fc5ab232837318\",\"name\":\"Valpara\u00edso Creativo\",\"description\":\"Periodista de cultura en la Regi\u00f3n de Valpara\u00edso.\",\"url\":\"https:\/\/dev.antudigital.cl\/sites\/vc\/author\/valpoadmin\/\"}]}<\/script>\n<!-- \/ Yoast SEO plugin. -->","yoast_head_json":{"title":"\u00c1lvaro Torres vuelve a Chile con fechas en Coquimbo, Vi\u00f1a del Mar y Santiago - Valpara\u00ed\u00adso Creativo","robots":{"index":"index","follow":"follow","max-snippet":"max-snippet:-1","max-image-preview":"max-image-preview:large","max-video-preview":"max-video-preview:-1"},"canonical":"https:\/\/dev.antudigital.cl\/sites\/vc\/alvaro-torres-vuelve-a-chile-con-fechas-en-coquimbo-vina-del-mar-y-santiago\/","og_locale":"es_ES","og_type":"article","og_title":"\u00c1lvaro Torres vuelve a Chile con fechas en Coquimbo, Vi\u00f1a del Mar y Santiago - Valpara\u00ed\u00adso Creativo","og_description":"El \u00edcono de la m\u00fasica rom\u00e1ntica en espa\u00f1ol, \u00c1lvaro Torres, regresa a Chile para deleitar a su fiel audiencia con un recorrido por sus grandes canciones. El hombre de \u201cNada se compara contigo\u201d, \u201cChiquita m\u00eda\u201d y tantos otros hits se presentar\u00e1 el 31 de octubre, 1 y 3 de noviembre. Las entradas se venden en [&hellip;]","og_url":"https:\/\/dev.antudigital.cl\/sites\/vc\/alvaro-torres-vuelve-a-chile-con-fechas-en-coquimbo-vina-del-mar-y-santiago\/","og_site_name":"Valpara\u00ed\u00adso Creativo","article_published_time":"2024-09-02T23:37:01+00:00","article_modified_time":"2024-09-02T23:37:17+00:00","og_image":[{"width":1200,"height":628,"url":"https:\/\/dev.antudigital.cl\/sites\/vc\/wp-content\/uploads\/2024\/09\/unnamed-2.jpg","type":"image\/jpeg"}],"author":"Valpara\u00edso Creativo","twitter_card":"summary_large_image","twitter_misc":{"Escrito por":"Valpara\u00edso Creativo","Tiempo de lectura":"2 minutos"},"schema":{"@context":"https:\/\/schema.org","@graph":[{"@type":"Article","@id":"https:\/\/dev.antudigital.cl\/sites\/vc\/alvaro-torres-vuelve-a-chile-con-fechas-en-coquimbo-vina-del-mar-y-santiago\/#article","isPartOf":{"@id":"https:\/\/dev.antudigital.cl\/sites\/vc\/alvaro-torres-vuelve-a-chile-con-fechas-en-coquimbo-vina-del-mar-y-santiago\/"},"author":{"name":"Valpara\u00edso Creativo","@id":"https:\/\/dev.antudigital.cl\/sites\/vc\/#\/schema\/person\/c2b9da8dd545e27166fc5ab232837318"},"headline":"\u00c1lvaro Torres vuelve a Chile con fechas en Coquimbo, Vi\u00f1a del Mar y Santiago","datePublished":"2024-09-02T23:37:01+00:00","dateModified":"2024-09-02T23:37:17+00:00","mainEntityOfPage":{"@id":"https:\/\/dev.antudigital.cl\/sites\/vc\/alvaro-torres-vuelve-a-chile-con-fechas-en-coquimbo-vina-del-mar-y-santiago\/"},"wordCount":285,"image":{"@id":"https:\/\/dev.antudigital.cl\/sites\/vc\/alvaro-torres-vuelve-a-chile-con-fechas-en-coquimbo-vina-del-mar-y-santiago\/#primaryimage"},"thumbnailUrl":"https:\/\/dev.antudigital.cl\/sites\/vc\/wp-content\/uploads\/2024\/09\/unnamed-2.jpg","articleSection":["Noticia"],"inLanguage":"es"},{"@type":"WebPage","@id":"https:\/\/dev.antudigital.cl\/sites\/vc\/alvaro-torres-vuelve-a-chile-con-fechas-en-coquimbo-vina-del-mar-y-santiago\/","url":"https:\/\/dev.antudigital.cl\/sites\/vc\/alvaro-torres-vuelve-a-chile-con-fechas-en-coquimbo-vina-del-mar-y-santiago\/","name":"\u00c1lvaro Torres vuelve a Chile con fechas en Coquimbo, Vi\u00f1a del Mar y Santiago - Valpara\u00ed\u00adso Creativo","isPartOf":{"@id":"https:\/\/dev.antudigital.cl\/sites\/vc\/#website"},"primaryImageOfPage":{"@id":"https:\/\/dev.antudigital.cl\/sites\/vc\/alvaro-torres-vuelve-a-chile-con-fechas-en-coquimbo-vina-del-mar-y-santiago\/#primaryimage"},"image":{"@id":"https:\/\/dev.antudigital.cl\/sites\/vc\/alvaro-torres-vuelve-a-chile-con-fechas-en-coquimbo-vina-del-mar-y-santiago\/#primaryimage"},"thumbnailUrl":"https:\/\/dev.antudigital.cl\/sites\/vc\/wp-content\/uploads\/2024\/09\/unnamed-2.jpg","datePublished":"2024-09-02T23:37:01+00:00","dateModified":"2024-09-02T23:37:17+00:00","author":{"@id":"https:\/\/dev.antudigital.cl\/sites\/vc\/#\/schema\/person\/c2b9da8dd545e27166fc5ab232837318"},"breadcrumb":{"@id":"https:\/\/dev.antudigital.cl\/sites\/vc\/alvaro-torres-vuelve-a-chile-con-fechas-en-coquimbo-vina-del-mar-y-santiago\/#breadcrumb"},"inLanguage":"es","potentialAction":[{"@type":"ReadAction","target":["https:\/\/dev.antudigital.cl\/sites\/vc\/alvaro-torres-vuelve-a-chile-con-fechas-en-coquimbo-vina-del-mar-y-santiago\/"]}]},{"@type":"ImageObject","inLanguage":"es","@id":"https:\/\/dev.antudigital.cl\/sites\/vc\/alvaro-torres-vuelve-a-chile-con-fechas-en-coquimbo-vina-del-mar-y-santiago\/#primaryimage","url":"https:\/\/dev.antudigital.cl\/sites\/vc\/wp-content\/uploads\/2024\/09\/unnamed-2.jpg","contentUrl":"https:\/\/dev.antudigital.cl\/sites\/vc\/wp-content\/uploads\/2024\/09\/unnamed-2.jpg","width":1200,"height":628},{"@type":"BreadcrumbList","@id":"https:\/\/dev.antudigital.cl\/sites\/vc\/alvaro-torres-vuelve-a-chile-con-fechas-en-coquimbo-vina-del-mar-y-santiago\/#breadcrumb","itemListElement":[{"@type":"ListItem","position":1,"name":"Home","item":"https:\/\/dev.antudigital.cl\/sites\/vc\/"},{"@type":"ListItem","position":2,"name":"\u00c1lvaro Torres vuelve a Chile con fechas en Coquimbo, Vi\u00f1a del Mar y Santiago"}]},{"@type":"WebSite","@id":"https:\/\/dev.antudigital.cl\/sites\/vc\/#website","url":"https:\/\/dev.antudigital.cl\/sites\/vc\/","name":"Valpara\u00ed\u00adso Creativo","description":"","potentialAction":[{"@type":"SearchAction","target":{"@type":"EntryPoint","urlTemplate":"https:\/\/dev.antudigital.cl\/sites\/vc\/?s={search_term_string}"},"query-input":{"@type":"PropertyValueSpecification","valueRequired":true,"valueName":"search_term_string"}}],"inLanguage":"es"},{"@type":"Person","@id":"https:\/\/dev.antudigital.cl\/sites\/vc\/#\/schema\/person\/c2b9da8dd545e27166fc5ab232837318","name":"Valpara\u00edso Creativo","description":"Periodista de cultura en la Regi\u00f3n de Valpara\u00edso.","url":"https:\/\/dev.antudigital.cl\/sites\/vc\/author\/valpoadmin\/"}]}},"_links":{"self":[{"href":"https:\/\/dev.antudigital.cl\/sites\/vc\/wp-json\/wp\/v2\/posts\/20222","targetHints":{"allow":["GET"]}}],"collection":[{"href":"https:\/\/dev.antudigital.cl\/sites\/vc\/wp-json\/wp\/v2\/posts"}],"about":[{"href":"https:\/\/dev.antudigital.cl\/sites\/vc\/wp-json\/wp\/v2\/types\/post"}],"author":[{"embeddable":true,"href":"https:\/\/dev.antudigital.cl\/sites\/vc\/wp-json\/wp\/v2\/users\/1"}],"replies":[{"embeddable":true,"href":"https:\/\/dev.antudigital.cl\/sites\/vc\/wp-json\/wp\/v2\/comments?post=20222"}],"version-history":[{"count":1,"href":"https:\/\/dev.antudigital.cl\/sites\/vc\/wp-json\/wp\/v2\/posts\/20222\/revisions"}],"predecessor-version":[{"id":20225,"href":"https:\/\/dev.antudigital.cl\/sites\/vc\/wp-json\/wp\/v2\/posts\/20222\/revisions\/20225"}],"wp:featuredmedia":[{"embeddable":true,"href":"https:\/\/dev.antudigital.cl\/sites\/vc\/wp-json\/wp\/v2\/media\/20224"}],"wp:attachment":[{"href":"https:\/\/dev.antudigital.cl\/sites\/vc\/wp-json\/wp\/v2\/media?parent=20222"}],"wp:term":[{"taxonomy":"category","embeddable":true,"href":"https:\/\/dev.antudigital.cl\/sites\/vc\/wp-json\/wp\/v2\/categories?post=20222"},{"taxonomy":"post_tag","embeddable":true,"href":"https:\/\/dev.antudigital.cl\/sites\/vc\/wp-json\/wp\/v2\/tags?post=20222"}],"curies":[{"name":"wp","href":"https:\/\/api.w.org\/{rel}","templated":true}]}}