{"id":20226,"date":"2024-09-02T23:40:58","date_gmt":"2024-09-02T23:40:58","guid":{"rendered":"https:\/\/www.valparaisocreativo.cl\/?p=20226"},"modified":"2024-09-02T23:41:17","modified_gmt":"2024-09-02T23:41:17","slug":"ensamble-abya-yala-y-ballet-gimnastico-upla-se-presentan-en-teatro-municipal-de-valparaiso","status":"publish","type":"post","link":"https:\/\/dev.antudigital.cl\/sites\/vc\/ensamble-abya-yala-y-ballet-gimnastico-upla-se-presentan-en-teatro-municipal-de-valparaiso\/","title":{"rendered":"Ensamble Abya Yala y Ballet Gimn\u00e1stico UPLA se presentan en Teatro Municipal de Valpara\u00edso"},"content":{"rendered":"\n<p>El pr\u00f3ximo viernes 6 de septiembre a las 18:30 horas el Teatro Municipal de Valpara\u00edso recibir\u00e1 al Ensamble Latinoamericano Abya Yala y al Ballet Gimn\u00e1stico, ambos de la Universidad de Playa Ancha (Valpara\u00edso), para una jornada que invita a disfrutar de la m\u00fasica en sus diversas expresiones.<\/p>\n\n\n\n<p>Las dos agrupaciones son parte de los denominados <a href=\"https:\/\/upla.cl\/vinculacion\/unidad-de-relaciones-institucionales\/elencos-artisticos-upla\/\"><em>Elencos Art\u00edsticos Culturales<\/em><\/a><em> <\/em>de la Universidad, en este caso, orientados a entregar un espect\u00e1culo que combina m\u00fasica y movimiento mediante sonidos e instrumentos latinoamericanos.&nbsp;<\/p>\n\n\n\n<p>En el caso del Ensamble Latinoamericano Abya Yala, se trata de una instancia que se funda el 2012 en la Facultad de Arte y se ha destacado por la diversidad de sus instrumentos y sonidos \u00e9tnicos y mestizos, retratando la riqueza cultural de nuestra identidad a trav\u00e9s del homenaje a la nueva canci\u00f3n chilena. Se trata de un colectivo de m\u00fasicos que lleva 12 a\u00f1os en funcionamiento, realizando giras por todo el pa\u00eds tanto present\u00e1ndose como a trav\u00e9s de la mediaci\u00f3n.<\/p>\n\n\n\n<p>Por su parte, el Ballet Gimn\u00e1stico es otro de los elencos art\u00edsticos con mayor trayectoria, con 40 a\u00f1os de historia. Est\u00e1 compuesto por acad\u00e9micas, funcionarias y estudiantes de diversas carreras de la casa de estudios que se dedican a la exploraci\u00f3n corporal a trav\u00e9s del movimiento. En sus diversas formaciones, ha sido respaldado por giras y reconocimientos tanto a nivel nacional como por Latinoam\u00e9rica y Europa.<\/p>\n\n\n\n<p>Ambos <em>Elencos Art\u00edsticos Culturales UPLA <\/em>son conformados, como mencionamos, por estudiantes y acad\u00e9micos que, mediante estas iniciativas, contribuyen a su formaci\u00f3n profesional y desarrollo humano y art\u00edstico. Esta presentaci\u00f3n conjunta pone en pr\u00e1ctica sus talentos y disciplinas, entregando un espect\u00e1culo que combina elementos para una completa experiencia musical y conect\u00e1ndose con la comunidad.<\/p>\n\n\n\n<p>Fabiola Vilugr\u00f3n, Directora de la Direcci\u00f3n de Vinculaci\u00f3n con el Medio de la Universidad de Playa Ancha, comenta respecto a la actividad que: \u201cInvitamos a toda la comunidad a participar en esta instancia cultural que unir\u00e1 a dos de nuestros nueve elencos en una puesta en escena innovadora para nuestra instituci\u00f3n. Este evento, no solo es una oportunidad para disfrutar del talento de nuestros acad\u00e9micos y estudiantes, sino que adem\u00e1s fortalece nuestro compromiso con la promoci\u00f3n de la cultura y la vinculaci\u00f3n con el medio\u201d.<\/p>\n\n\n\n<p>A trav\u00e9s de la presentaci\u00f3n, la Direcci\u00f3n de Vinculaci\u00f3n con el Medio de la Universidad mediante la extensi\u00f3n art\u00edstico cultural, impulsa distintas acciones culturales en la Regi\u00f3n de Valpara\u00edso, con una nueva propuesta que nutre la cartelera porte\u00f1a.<\/p>\n\n\n\n<p>Acerca de esto mismo, Fabiola Vilugr\u00f3n agrega: \u201cActualmente, como instituci\u00f3n, contamos con tres proyectos adjudicados que se enfocan en fomentar la cultura y el bienestar de las comunidades con el objetivo de promover espacios culturales y facilitar el acceso a ellos. Estas presentaciones son un reflejo de nuestro compromiso institucional de aportar al desarrollo de los territorios. Nuestro objetivo es seguir fortaleciendo estas acciones de manera sistem\u00e1tica y expandir nuestra presencia a distintos puntos\u00bb.<\/p>\n\n\n\n<p>La invitaci\u00f3n es a ser parte de esta presentaci\u00f3n con m\u00fasica y baile, una experiencia que nos conecta con una tradici\u00f3n latinoamericana en uno de los escenarios m\u00e1s emblem\u00e1ticos de la ciudad puerto.<\/p>\n\n\n\n<p>Tambi\u00e9n instamos a conocer m\u00e1s sobre los <em>Elencos Art\u00edsticos Culturales<\/em> de la UPLA y sus actividades, a trav\u00e9s de <a href=\"https:\/\/upla.cl\/vinculacion\/unidad-de-relaciones-institucionales\/elencos-artisticos-upla\/\">su sitio web<\/a>, donde podr\u00e1n estar al tanto de las presentaciones, talleres y eventos.<\/p>\n\n\n\n<p>&#x1f4c6; Viernes 06 de septiembre<\/p>\n\n\n\n<p>&#x23f0; 18:30 a 19:30 horas<\/p>\n\n\n\n<p>&#x1f4cd;Teatro Municipal de Valpara\u00edso, Uruguay 410.<\/p>\n\n\n\n<p>&#x1f39f;&#xfe0f; Entrada liberada<\/p>\n\n\n\n<figure class=\"wp-block-image size-large\"><img fetchpriority=\"high\" decoding=\"async\" width=\"1024\" height=\"1024\" src=\"https:\/\/www.valparaisocreativo.cl\/wp-content\/uploads\/2024\/09\/WhatsApp-Image-2024-08-20-at-5.42.30-PM-1024x1024.jpeg\" alt=\"\" class=\"wp-image-20227\" srcset=\"https:\/\/dev.antudigital.cl\/sites\/vc\/wp-content\/uploads\/2024\/09\/WhatsApp-Image-2024-08-20-at-5.42.30-PM-1024x1024.jpeg 1024w, https:\/\/dev.antudigital.cl\/sites\/vc\/wp-content\/uploads\/2024\/09\/WhatsApp-Image-2024-08-20-at-5.42.30-PM-300x300.jpeg 300w, https:\/\/dev.antudigital.cl\/sites\/vc\/wp-content\/uploads\/2024\/09\/WhatsApp-Image-2024-08-20-at-5.42.30-PM-150x150.jpeg 150w, https:\/\/dev.antudigital.cl\/sites\/vc\/wp-content\/uploads\/2024\/09\/WhatsApp-Image-2024-08-20-at-5.42.30-PM-768x768.jpeg 768w, https:\/\/dev.antudigital.cl\/sites\/vc\/wp-content\/uploads\/2024\/09\/WhatsApp-Image-2024-08-20-at-5.42.30-PM-1536x1536.jpeg 1536w, https:\/\/dev.antudigital.cl\/sites\/vc\/wp-content\/uploads\/2024\/09\/WhatsApp-Image-2024-08-20-at-5.42.30-PM-1080x1080.jpeg 1080w, https:\/\/dev.antudigital.cl\/sites\/vc\/wp-content\/uploads\/2024\/09\/WhatsApp-Image-2024-08-20-at-5.42.30-PM-1280x1280.jpeg 1280w, https:\/\/dev.antudigital.cl\/sites\/vc\/wp-content\/uploads\/2024\/09\/WhatsApp-Image-2024-08-20-at-5.42.30-PM-980x980.jpeg 980w, https:\/\/dev.antudigital.cl\/sites\/vc\/wp-content\/uploads\/2024\/09\/WhatsApp-Image-2024-08-20-at-5.42.30-PM-480x480.jpeg 480w, https:\/\/dev.antudigital.cl\/sites\/vc\/wp-content\/uploads\/2024\/09\/WhatsApp-Image-2024-08-20-at-5.42.30-PM-24x24.jpeg 24w, https:\/\/dev.antudigital.cl\/sites\/vc\/wp-content\/uploads\/2024\/09\/WhatsApp-Image-2024-08-20-at-5.42.30-PM-36x36.jpeg 36w, https:\/\/dev.antudigital.cl\/sites\/vc\/wp-content\/uploads\/2024\/09\/WhatsApp-Image-2024-08-20-at-5.42.30-PM-48x48.jpeg 48w, https:\/\/dev.antudigital.cl\/sites\/vc\/wp-content\/uploads\/2024\/09\/WhatsApp-Image-2024-08-20-at-5.42.30-PM.jpeg 1600w\" sizes=\"(max-width: 1024px) 100vw, 1024px\" \/><\/figure>\n","protected":false},"excerpt":{"rendered":"<p>El pr\u00f3ximo viernes 6 de septiembre a las 18:30 horas el Teatro Municipal de Valpara\u00edso recibir\u00e1 al Ensamble Latinoamericano Abya Yala y al Ballet Gimn\u00e1stico, ambos de la Universidad de Playa Ancha (Valpara\u00edso), para una jornada que invita a disfrutar de la m\u00fasica en sus diversas expresiones. Las dos agrupaciones son parte de los denominados [&hellip;]<\/p>\n","protected":false},"author":1,"featured_media":20228,"comment_status":"closed","ping_status":"closed","sticky":false,"template":"","format":"standard","meta":{"_acf_changed":false,"footnotes":""},"categories":[8],"tags":[],"class_list":["post-20226","post","type-post","status-publish","format-standard","has-post-thumbnail","hentry","category-noticia"],"acf":[],"yoast_head":"<!-- This site is optimized with the Yoast SEO plugin v27.1.1 - https:\/\/yoast.com\/product\/yoast-seo-wordpress\/ -->\n<title>Ensamble Abya Yala y Ballet Gimn\u00e1stico UPLA se presentan en Teatro Municipal de Valpara\u00edso - Valpara\u00ed\u00adso Creativo<\/title>\n<meta name=\"robots\" content=\"index, follow, max-snippet:-1, max-image-preview:large, max-video-preview:-1\" \/>\n<link rel=\"canonical\" href=\"https:\/\/dev.antudigital.cl\/sites\/vc\/ensamble-abya-yala-y-ballet-gimnastico-upla-se-presentan-en-teatro-municipal-de-valparaiso\/\" \/>\n<meta property=\"og:locale\" content=\"es_ES\" \/>\n<meta property=\"og:type\" content=\"article\" \/>\n<meta property=\"og:title\" content=\"Ensamble Abya Yala y Ballet Gimn\u00e1stico UPLA se presentan en Teatro Municipal de Valpara\u00edso - Valpara\u00ed\u00adso Creativo\" \/>\n<meta property=\"og:description\" content=\"El pr\u00f3ximo viernes 6 de septiembre a las 18:30 horas el Teatro Municipal de Valpara\u00edso recibir\u00e1 al Ensamble Latinoamericano Abya Yala y al Ballet Gimn\u00e1stico, ambos de la Universidad de Playa Ancha (Valpara\u00edso), para una jornada que invita a disfrutar de la m\u00fasica en sus diversas expresiones. Las dos agrupaciones son parte de los denominados [&hellip;]\" \/>\n<meta property=\"og:url\" content=\"https:\/\/dev.antudigital.cl\/sites\/vc\/ensamble-abya-yala-y-ballet-gimnastico-upla-se-presentan-en-teatro-municipal-de-valparaiso\/\" \/>\n<meta property=\"og:site_name\" content=\"Valpara\u00ed\u00adso Creativo\" \/>\n<meta property=\"article:published_time\" content=\"2024-09-02T23:40:58+00:00\" \/>\n<meta property=\"article:modified_time\" content=\"2024-09-02T23:41:17+00:00\" \/>\n<meta property=\"og:image\" content=\"https:\/\/dev.antudigital.cl\/sites\/vc\/wp-content\/uploads\/2024\/09\/AAAA.jpg\" \/>\n\t<meta property=\"og:image:width\" content=\"640\" \/>\n\t<meta property=\"og:image:height\" content=\"427\" \/>\n\t<meta property=\"og:image:type\" content=\"image\/jpeg\" \/>\n<meta name=\"author\" content=\"Valpara\u00edso Creativo\" \/>\n<meta name=\"twitter:card\" content=\"summary_large_image\" \/>\n<meta name=\"twitter:label1\" content=\"Escrito por\" \/>\n\t<meta name=\"twitter:data1\" content=\"Valpara\u00edso Creativo\" \/>\n\t<meta name=\"twitter:label2\" content=\"Tiempo de lectura\" \/>\n\t<meta name=\"twitter:data2\" content=\"3 minutos\" \/>\n<script type=\"application\/ld+json\" class=\"yoast-schema-graph\">{\"@context\":\"https:\/\/schema.org\",\"@graph\":[{\"@type\":\"Article\",\"@id\":\"https:\/\/dev.antudigital.cl\/sites\/vc\/ensamble-abya-yala-y-ballet-gimnastico-upla-se-presentan-en-teatro-municipal-de-valparaiso\/#article\",\"isPartOf\":{\"@id\":\"https:\/\/dev.antudigital.cl\/sites\/vc\/ensamble-abya-yala-y-ballet-gimnastico-upla-se-presentan-en-teatro-municipal-de-valparaiso\/\"},\"author\":{\"name\":\"Valpara\u00edso Creativo\",\"@id\":\"https:\/\/dev.antudigital.cl\/sites\/vc\/#\/schema\/person\/c2b9da8dd545e27166fc5ab232837318\"},\"headline\":\"Ensamble Abya Yala y Ballet Gimn\u00e1stico UPLA se presentan en Teatro Municipal de Valpara\u00edso\",\"datePublished\":\"2024-09-02T23:40:58+00:00\",\"dateModified\":\"2024-09-02T23:41:17+00:00\",\"mainEntityOfPage\":{\"@id\":\"https:\/\/dev.antudigital.cl\/sites\/vc\/ensamble-abya-yala-y-ballet-gimnastico-upla-se-presentan-en-teatro-municipal-de-valparaiso\/\"},\"wordCount\":642,\"image\":{\"@id\":\"https:\/\/dev.antudigital.cl\/sites\/vc\/ensamble-abya-yala-y-ballet-gimnastico-upla-se-presentan-en-teatro-municipal-de-valparaiso\/#primaryimage\"},\"thumbnailUrl\":\"https:\/\/dev.antudigital.cl\/sites\/vc\/wp-content\/uploads\/2024\/09\/AAAA.jpg\",\"articleSection\":[\"Noticia\"],\"inLanguage\":\"es\"},{\"@type\":\"WebPage\",\"@id\":\"https:\/\/dev.antudigital.cl\/sites\/vc\/ensamble-abya-yala-y-ballet-gimnastico-upla-se-presentan-en-teatro-municipal-de-valparaiso\/\",\"url\":\"https:\/\/dev.antudigital.cl\/sites\/vc\/ensamble-abya-yala-y-ballet-gimnastico-upla-se-presentan-en-teatro-municipal-de-valparaiso\/\",\"name\":\"Ensamble Abya Yala y Ballet Gimn\u00e1stico UPLA se presentan en Teatro Municipal de Valpara\u00edso - Valpara\u00ed\u00adso Creativo\",\"isPartOf\":{\"@id\":\"https:\/\/dev.antudigital.cl\/sites\/vc\/#website\"},\"primaryImageOfPage\":{\"@id\":\"https:\/\/dev.antudigital.cl\/sites\/vc\/ensamble-abya-yala-y-ballet-gimnastico-upla-se-presentan-en-teatro-municipal-de-valparaiso\/#primaryimage\"},\"image\":{\"@id\":\"https:\/\/dev.antudigital.cl\/sites\/vc\/ensamble-abya-yala-y-ballet-gimnastico-upla-se-presentan-en-teatro-municipal-de-valparaiso\/#primaryimage\"},\"thumbnailUrl\":\"https:\/\/dev.antudigital.cl\/sites\/vc\/wp-content\/uploads\/2024\/09\/AAAA.jpg\",\"datePublished\":\"2024-09-02T23:40:58+00:00\",\"dateModified\":\"2024-09-02T23:41:17+00:00\",\"author\":{\"@id\":\"https:\/\/dev.antudigital.cl\/sites\/vc\/#\/schema\/person\/c2b9da8dd545e27166fc5ab232837318\"},\"breadcrumb\":{\"@id\":\"https:\/\/dev.antudigital.cl\/sites\/vc\/ensamble-abya-yala-y-ballet-gimnastico-upla-se-presentan-en-teatro-municipal-de-valparaiso\/#breadcrumb\"},\"inLanguage\":\"es\",\"potentialAction\":[{\"@type\":\"ReadAction\",\"target\":[\"https:\/\/dev.antudigital.cl\/sites\/vc\/ensamble-abya-yala-y-ballet-gimnastico-upla-se-presentan-en-teatro-municipal-de-valparaiso\/\"]}]},{\"@type\":\"ImageObject\",\"inLanguage\":\"es\",\"@id\":\"https:\/\/dev.antudigital.cl\/sites\/vc\/ensamble-abya-yala-y-ballet-gimnastico-upla-se-presentan-en-teatro-municipal-de-valparaiso\/#primaryimage\",\"url\":\"https:\/\/dev.antudigital.cl\/sites\/vc\/wp-content\/uploads\/2024\/09\/AAAA.jpg\",\"contentUrl\":\"https:\/\/dev.antudigital.cl\/sites\/vc\/wp-content\/uploads\/2024\/09\/AAAA.jpg\",\"width\":640,\"height\":427},{\"@type\":\"BreadcrumbList\",\"@id\":\"https:\/\/dev.antudigital.cl\/sites\/vc\/ensamble-abya-yala-y-ballet-gimnastico-upla-se-presentan-en-teatro-municipal-de-valparaiso\/#breadcrumb\",\"itemListElement\":[{\"@type\":\"ListItem\",\"position\":1,\"name\":\"Home\",\"item\":\"https:\/\/dev.antudigital.cl\/sites\/vc\/\"},{\"@type\":\"ListItem\",\"position\":2,\"name\":\"Ensamble Abya Yala y Ballet Gimn\u00e1stico UPLA se presentan en Teatro Municipal de Valpara\u00edso\"}]},{\"@type\":\"WebSite\",\"@id\":\"https:\/\/dev.antudigital.cl\/sites\/vc\/#website\",\"url\":\"https:\/\/dev.antudigital.cl\/sites\/vc\/\",\"name\":\"Valpara\u00ed\u00adso Creativo\",\"description\":\"\",\"potentialAction\":[{\"@type\":\"SearchAction\",\"target\":{\"@type\":\"EntryPoint\",\"urlTemplate\":\"https:\/\/dev.antudigital.cl\/sites\/vc\/?s={search_term_string}\"},\"query-input\":{\"@type\":\"PropertyValueSpecification\",\"valueRequired\":true,\"valueName\":\"search_term_string\"}}],\"inLanguage\":\"es\"},{\"@type\":\"Person\",\"@id\":\"https:\/\/dev.antudigital.cl\/sites\/vc\/#\/schema\/person\/c2b9da8dd545e27166fc5ab232837318\",\"name\":\"Valpara\u00edso Creativo\",\"description\":\"Periodista de cultura en la Regi\u00f3n de Valpara\u00edso.\",\"url\":\"https:\/\/dev.antudigital.cl\/sites\/vc\/author\/valpoadmin\/\"}]}<\/script>\n<!-- \/ Yoast SEO plugin. -->","yoast_head_json":{"title":"Ensamble Abya Yala y Ballet Gimn\u00e1stico UPLA se presentan en Teatro Municipal de Valpara\u00edso - Valpara\u00ed\u00adso Creativo","robots":{"index":"index","follow":"follow","max-snippet":"max-snippet:-1","max-image-preview":"max-image-preview:large","max-video-preview":"max-video-preview:-1"},"canonical":"https:\/\/dev.antudigital.cl\/sites\/vc\/ensamble-abya-yala-y-ballet-gimnastico-upla-se-presentan-en-teatro-municipal-de-valparaiso\/","og_locale":"es_ES","og_type":"article","og_title":"Ensamble Abya Yala y Ballet Gimn\u00e1stico UPLA se presentan en Teatro Municipal de Valpara\u00edso - Valpara\u00ed\u00adso Creativo","og_description":"El pr\u00f3ximo viernes 6 de septiembre a las 18:30 horas el Teatro Municipal de Valpara\u00edso recibir\u00e1 al Ensamble Latinoamericano Abya Yala y al Ballet Gimn\u00e1stico, ambos de la Universidad de Playa Ancha (Valpara\u00edso), para una jornada que invita a disfrutar de la m\u00fasica en sus diversas expresiones. Las dos agrupaciones son parte de los denominados [&hellip;]","og_url":"https:\/\/dev.antudigital.cl\/sites\/vc\/ensamble-abya-yala-y-ballet-gimnastico-upla-se-presentan-en-teatro-municipal-de-valparaiso\/","og_site_name":"Valpara\u00ed\u00adso Creativo","article_published_time":"2024-09-02T23:40:58+00:00","article_modified_time":"2024-09-02T23:41:17+00:00","og_image":[{"width":640,"height":427,"url":"https:\/\/dev.antudigital.cl\/sites\/vc\/wp-content\/uploads\/2024\/09\/AAAA.jpg","type":"image\/jpeg"}],"author":"Valpara\u00edso Creativo","twitter_card":"summary_large_image","twitter_misc":{"Escrito por":"Valpara\u00edso Creativo","Tiempo de lectura":"3 minutos"},"schema":{"@context":"https:\/\/schema.org","@graph":[{"@type":"Article","@id":"https:\/\/dev.antudigital.cl\/sites\/vc\/ensamble-abya-yala-y-ballet-gimnastico-upla-se-presentan-en-teatro-municipal-de-valparaiso\/#article","isPartOf":{"@id":"https:\/\/dev.antudigital.cl\/sites\/vc\/ensamble-abya-yala-y-ballet-gimnastico-upla-se-presentan-en-teatro-municipal-de-valparaiso\/"},"author":{"name":"Valpara\u00edso Creativo","@id":"https:\/\/dev.antudigital.cl\/sites\/vc\/#\/schema\/person\/c2b9da8dd545e27166fc5ab232837318"},"headline":"Ensamble Abya Yala y Ballet Gimn\u00e1stico UPLA se presentan en Teatro Municipal de Valpara\u00edso","datePublished":"2024-09-02T23:40:58+00:00","dateModified":"2024-09-02T23:41:17+00:00","mainEntityOfPage":{"@id":"https:\/\/dev.antudigital.cl\/sites\/vc\/ensamble-abya-yala-y-ballet-gimnastico-upla-se-presentan-en-teatro-municipal-de-valparaiso\/"},"wordCount":642,"image":{"@id":"https:\/\/dev.antudigital.cl\/sites\/vc\/ensamble-abya-yala-y-ballet-gimnastico-upla-se-presentan-en-teatro-municipal-de-valparaiso\/#primaryimage"},"thumbnailUrl":"https:\/\/dev.antudigital.cl\/sites\/vc\/wp-content\/uploads\/2024\/09\/AAAA.jpg","articleSection":["Noticia"],"inLanguage":"es"},{"@type":"WebPage","@id":"https:\/\/dev.antudigital.cl\/sites\/vc\/ensamble-abya-yala-y-ballet-gimnastico-upla-se-presentan-en-teatro-municipal-de-valparaiso\/","url":"https:\/\/dev.antudigital.cl\/sites\/vc\/ensamble-abya-yala-y-ballet-gimnastico-upla-se-presentan-en-teatro-municipal-de-valparaiso\/","name":"Ensamble Abya Yala y Ballet Gimn\u00e1stico UPLA se presentan en Teatro Municipal de Valpara\u00edso - Valpara\u00ed\u00adso Creativo","isPartOf":{"@id":"https:\/\/dev.antudigital.cl\/sites\/vc\/#website"},"primaryImageOfPage":{"@id":"https:\/\/dev.antudigital.cl\/sites\/vc\/ensamble-abya-yala-y-ballet-gimnastico-upla-se-presentan-en-teatro-municipal-de-valparaiso\/#primaryimage"},"image":{"@id":"https:\/\/dev.antudigital.cl\/sites\/vc\/ensamble-abya-yala-y-ballet-gimnastico-upla-se-presentan-en-teatro-municipal-de-valparaiso\/#primaryimage"},"thumbnailUrl":"https:\/\/dev.antudigital.cl\/sites\/vc\/wp-content\/uploads\/2024\/09\/AAAA.jpg","datePublished":"2024-09-02T23:40:58+00:00","dateModified":"2024-09-02T23:41:17+00:00","author":{"@id":"https:\/\/dev.antudigital.cl\/sites\/vc\/#\/schema\/person\/c2b9da8dd545e27166fc5ab232837318"},"breadcrumb":{"@id":"https:\/\/dev.antudigital.cl\/sites\/vc\/ensamble-abya-yala-y-ballet-gimnastico-upla-se-presentan-en-teatro-municipal-de-valparaiso\/#breadcrumb"},"inLanguage":"es","potentialAction":[{"@type":"ReadAction","target":["https:\/\/dev.antudigital.cl\/sites\/vc\/ensamble-abya-yala-y-ballet-gimnastico-upla-se-presentan-en-teatro-municipal-de-valparaiso\/"]}]},{"@type":"ImageObject","inLanguage":"es","@id":"https:\/\/dev.antudigital.cl\/sites\/vc\/ensamble-abya-yala-y-ballet-gimnastico-upla-se-presentan-en-teatro-municipal-de-valparaiso\/#primaryimage","url":"https:\/\/dev.antudigital.cl\/sites\/vc\/wp-content\/uploads\/2024\/09\/AAAA.jpg","contentUrl":"https:\/\/dev.antudigital.cl\/sites\/vc\/wp-content\/uploads\/2024\/09\/AAAA.jpg","width":640,"height":427},{"@type":"BreadcrumbList","@id":"https:\/\/dev.antudigital.cl\/sites\/vc\/ensamble-abya-yala-y-ballet-gimnastico-upla-se-presentan-en-teatro-municipal-de-valparaiso\/#breadcrumb","itemListElement":[{"@type":"ListItem","position":1,"name":"Home","item":"https:\/\/dev.antudigital.cl\/sites\/vc\/"},{"@type":"ListItem","position":2,"name":"Ensamble Abya Yala y Ballet Gimn\u00e1stico UPLA se presentan en Teatro Municipal de Valpara\u00edso"}]},{"@type":"WebSite","@id":"https:\/\/dev.antudigital.cl\/sites\/vc\/#website","url":"https:\/\/dev.antudigital.cl\/sites\/vc\/","name":"Valpara\u00ed\u00adso Creativo","description":"","potentialAction":[{"@type":"SearchAction","target":{"@type":"EntryPoint","urlTemplate":"https:\/\/dev.antudigital.cl\/sites\/vc\/?s={search_term_string}"},"query-input":{"@type":"PropertyValueSpecification","valueRequired":true,"valueName":"search_term_string"}}],"inLanguage":"es"},{"@type":"Person","@id":"https:\/\/dev.antudigital.cl\/sites\/vc\/#\/schema\/person\/c2b9da8dd545e27166fc5ab232837318","name":"Valpara\u00edso Creativo","description":"Periodista de cultura en la Regi\u00f3n de Valpara\u00edso.","url":"https:\/\/dev.antudigital.cl\/sites\/vc\/author\/valpoadmin\/"}]}},"_links":{"self":[{"href":"https:\/\/dev.antudigital.cl\/sites\/vc\/wp-json\/wp\/v2\/posts\/20226","targetHints":{"allow":["GET"]}}],"collection":[{"href":"https:\/\/dev.antudigital.cl\/sites\/vc\/wp-json\/wp\/v2\/posts"}],"about":[{"href":"https:\/\/dev.antudigital.cl\/sites\/vc\/wp-json\/wp\/v2\/types\/post"}],"author":[{"embeddable":true,"href":"https:\/\/dev.antudigital.cl\/sites\/vc\/wp-json\/wp\/v2\/users\/1"}],"replies":[{"embeddable":true,"href":"https:\/\/dev.antudigital.cl\/sites\/vc\/wp-json\/wp\/v2\/comments?post=20226"}],"version-history":[{"count":1,"href":"https:\/\/dev.antudigital.cl\/sites\/vc\/wp-json\/wp\/v2\/posts\/20226\/revisions"}],"predecessor-version":[{"id":20229,"href":"https:\/\/dev.antudigital.cl\/sites\/vc\/wp-json\/wp\/v2\/posts\/20226\/revisions\/20229"}],"wp:featuredmedia":[{"embeddable":true,"href":"https:\/\/dev.antudigital.cl\/sites\/vc\/wp-json\/wp\/v2\/media\/20228"}],"wp:attachment":[{"href":"https:\/\/dev.antudigital.cl\/sites\/vc\/wp-json\/wp\/v2\/media?parent=20226"}],"wp:term":[{"taxonomy":"category","embeddable":true,"href":"https:\/\/dev.antudigital.cl\/sites\/vc\/wp-json\/wp\/v2\/categories?post=20226"},{"taxonomy":"post_tag","embeddable":true,"href":"https:\/\/dev.antudigital.cl\/sites\/vc\/wp-json\/wp\/v2\/tags?post=20226"}],"curies":[{"name":"wp","href":"https:\/\/api.w.org\/{rel}","templated":true}]}}