{"id":20230,"date":"2024-09-02T23:49:28","date_gmt":"2024-09-02T23:49:28","guid":{"rendered":"https:\/\/www.valparaisocreativo.cl\/?p=20230"},"modified":"2024-09-02T23:49:46","modified_gmt":"2024-09-02T23:49:46","slug":"festival-internacional-de-cine-recobrado-de-valparaiso-prepara-nueva-edicion-y-lanza-su-programa","status":"publish","type":"post","link":"https:\/\/dev.antudigital.cl\/sites\/vc\/festival-internacional-de-cine-recobrado-de-valparaiso-prepara-nueva-edicion-y-lanza-su-programa\/","title":{"rendered":"Festival Internacional de Cine Recobrado de Valpara\u00edso prepara nueva edici\u00f3n y lanza su programa"},"content":{"rendered":"\n<p>Este lunes 2 de septiembre fue el lanzamiento de la 28va versi\u00f3n del Festival Internacional de Cine Recobrado de Valpara\u00edso. En el Instituto Chileno Norteamericano de Valpara\u00edso, se present\u00f3 la programaci\u00f3n para este a\u00f1o y sus hitos, a desarrollarse entre los d\u00edas 30 de septiembre y 6 de octubre del presente a\u00f1o en el Teatro Municipal de Valpara\u00edso y Parque Cultural de Valpara\u00edso.<\/p>\n\n\n\n<p>La instancia congreg\u00f3 a medios de comunicaci\u00f3n y colaboradores, representantes de diversas organizaciones culturales de la ciudad para anunciar con entusiasmo la realizaci\u00f3n un a\u00f1o m\u00e1s del Festival y congregarnos en torno al romanticismo del formato f\u00edlmico.<\/p>\n\n\n\n<figure class=\"wp-block-image size-large\"><img fetchpriority=\"high\" decoding=\"async\" width=\"1024\" height=\"683\" src=\"https:\/\/www.valparaisocreativo.cl\/wp-content\/uploads\/2024\/09\/DSC00989-1024x683.jpeg\" alt=\"\" class=\"wp-image-20233\" srcset=\"https:\/\/dev.antudigital.cl\/sites\/vc\/wp-content\/uploads\/2024\/09\/DSC00989-1024x683.jpeg 1024w, https:\/\/dev.antudigital.cl\/sites\/vc\/wp-content\/uploads\/2024\/09\/DSC00989-300x200.jpeg 300w, https:\/\/dev.antudigital.cl\/sites\/vc\/wp-content\/uploads\/2024\/09\/DSC00989-768x512.jpeg 768w, https:\/\/dev.antudigital.cl\/sites\/vc\/wp-content\/uploads\/2024\/09\/DSC00989-1536x1024.jpeg 1536w, https:\/\/dev.antudigital.cl\/sites\/vc\/wp-content\/uploads\/2024\/09\/DSC00989-2048x1365.jpeg 2048w, https:\/\/dev.antudigital.cl\/sites\/vc\/wp-content\/uploads\/2024\/09\/DSC00989-1080x720.jpeg 1080w, https:\/\/dev.antudigital.cl\/sites\/vc\/wp-content\/uploads\/2024\/09\/DSC00989-1280x854.jpeg 1280w, https:\/\/dev.antudigital.cl\/sites\/vc\/wp-content\/uploads\/2024\/09\/DSC00989-980x653.jpeg 980w, https:\/\/dev.antudigital.cl\/sites\/vc\/wp-content\/uploads\/2024\/09\/DSC00989-480x320.jpeg 480w, https:\/\/dev.antudigital.cl\/sites\/vc\/wp-content\/uploads\/2024\/09\/DSC00989-24x16.jpeg 24w, https:\/\/dev.antudigital.cl\/sites\/vc\/wp-content\/uploads\/2024\/09\/DSC00989-36x24.jpeg 36w, https:\/\/dev.antudigital.cl\/sites\/vc\/wp-content\/uploads\/2024\/09\/DSC00989-48x32.jpeg 48w\" sizes=\"(max-width: 1024px) 100vw, 1024px\" \/><\/figure>\n\n\n\n<p>Este a\u00f1o, el Festival Internacional de Cine Recobrado, el m\u00e1s longevo y prestigioso de la ciudad puerto y del pa\u00eds, exhibir\u00e1 una variada y emocionante programaci\u00f3n, las franjas program\u00e1ticas incluir\u00e1n:<\/p>\n\n\n\n<ul class=\"wp-block-list\">\n<li><strong>Cine chileno: Miradas desde el mundo rural.<\/strong><\/li>\n\n\n\n<li><strong>Homenaje a Carmen Brito.<\/strong><\/li>\n\n\n\n<li><strong>Celebraci\u00f3n de los 100 a\u00f1os de Columbia y Metro Goldwyn Mayer.<\/strong><\/li>\n\n\n\n<li><strong>Cine mudo musicalizado en vivo.<\/strong><\/li>\n\n\n\n<li><strong>Simposio y retrospectiva de Ingmar Bergman.<\/strong><\/li>\n<\/ul>\n\n\n\n<p>Adem\u00e1s, se destaca el gran hito de este a\u00f1o: el estreno mundial de \u00abLa gota escarlata\u00bb, una pel\u00edcula de John Ford que ser\u00e1 exhibida por primera vez despu\u00e9s de 106 a\u00f1os perdida, marcando un acontecimiento sin precedentes en la historia del cine.<\/p>\n\n\n\n<p>Invitamos a todos a unirse a este evento para conocer m\u00e1s sobre la programaci\u00f3n del 2024 y celebrar juntos la magia del cine.<\/p>\n\n\n\n<p>Para m\u00e1s informaci\u00f3n, visite<a href=\"http:\/\/www.cinerecobrado.com\"> www.cinerecobrado.com<\/a>.<\/p>\n\n\n\n<figure class=\"wp-block-image size-large\"><img decoding=\"async\" width=\"1024\" height=\"724\" src=\"https:\/\/www.valparaisocreativo.cl\/wp-content\/uploads\/2024\/09\/28FIDCR_Programacion_Digital_Parrilla-1024x724.jpg\" alt=\"\" class=\"wp-image-20232\" srcset=\"https:\/\/dev.antudigital.cl\/sites\/vc\/wp-content\/uploads\/2024\/09\/28FIDCR_Programacion_Digital_Parrilla-1024x724.jpg 1024w, https:\/\/dev.antudigital.cl\/sites\/vc\/wp-content\/uploads\/2024\/09\/28FIDCR_Programacion_Digital_Parrilla-300x212.jpg 300w, https:\/\/dev.antudigital.cl\/sites\/vc\/wp-content\/uploads\/2024\/09\/28FIDCR_Programacion_Digital_Parrilla-768x543.jpg 768w, https:\/\/dev.antudigital.cl\/sites\/vc\/wp-content\/uploads\/2024\/09\/28FIDCR_Programacion_Digital_Parrilla-1536x1086.jpg 1536w, https:\/\/dev.antudigital.cl\/sites\/vc\/wp-content\/uploads\/2024\/09\/28FIDCR_Programacion_Digital_Parrilla-400x284.jpg 400w, https:\/\/dev.antudigital.cl\/sites\/vc\/wp-content\/uploads\/2024\/09\/28FIDCR_Programacion_Digital_Parrilla-1080x764.jpg 1080w, https:\/\/dev.antudigital.cl\/sites\/vc\/wp-content\/uploads\/2024\/09\/28FIDCR_Programacion_Digital_Parrilla-1280x905.jpg 1280w, https:\/\/dev.antudigital.cl\/sites\/vc\/wp-content\/uploads\/2024\/09\/28FIDCR_Programacion_Digital_Parrilla-980x693.jpg 980w, https:\/\/dev.antudigital.cl\/sites\/vc\/wp-content\/uploads\/2024\/09\/28FIDCR_Programacion_Digital_Parrilla-480x339.jpg 480w, https:\/\/dev.antudigital.cl\/sites\/vc\/wp-content\/uploads\/2024\/09\/28FIDCR_Programacion_Digital_Parrilla-24x17.jpg 24w, https:\/\/dev.antudigital.cl\/sites\/vc\/wp-content\/uploads\/2024\/09\/28FIDCR_Programacion_Digital_Parrilla-36x25.jpg 36w, https:\/\/dev.antudigital.cl\/sites\/vc\/wp-content\/uploads\/2024\/09\/28FIDCR_Programacion_Digital_Parrilla-48x34.jpg 48w, https:\/\/dev.antudigital.cl\/sites\/vc\/wp-content\/uploads\/2024\/09\/28FIDCR_Programacion_Digital_Parrilla.jpg 1754w\" sizes=\"(max-width: 1024px) 100vw, 1024px\" \/><\/figure>\n","protected":false},"excerpt":{"rendered":"<p>Este lunes 2 de septiembre fue el lanzamiento de la 28va versi\u00f3n del Festival Internacional de Cine Recobrado de Valpara\u00edso. En el Instituto Chileno Norteamericano de Valpara\u00edso, se present\u00f3 la programaci\u00f3n para este a\u00f1o y sus hitos, a desarrollarse entre los d\u00edas 30 de septiembre y 6 de octubre del presente a\u00f1o en el Teatro [&hellip;]<\/p>\n","protected":false},"author":1,"featured_media":20231,"comment_status":"closed","ping_status":"closed","sticky":false,"template":"","format":"standard","meta":{"_acf_changed":false,"footnotes":""},"categories":[8],"tags":[],"class_list":["post-20230","post","type-post","status-publish","format-standard","has-post-thumbnail","hentry","category-noticia"],"acf":[],"yoast_head":"<!-- This site is optimized with the Yoast SEO plugin v27.1.1 - https:\/\/yoast.com\/product\/yoast-seo-wordpress\/ -->\n<title>Festival Internacional de Cine Recobrado de Valpara\u00edso prepara nueva edici\u00f3n y lanza su programa - Valpara\u00ed\u00adso Creativo<\/title>\n<meta name=\"robots\" content=\"index, follow, max-snippet:-1, max-image-preview:large, max-video-preview:-1\" \/>\n<link rel=\"canonical\" href=\"https:\/\/dev.antudigital.cl\/sites\/vc\/festival-internacional-de-cine-recobrado-de-valparaiso-prepara-nueva-edicion-y-lanza-su-programa\/\" \/>\n<meta property=\"og:locale\" content=\"es_ES\" \/>\n<meta property=\"og:type\" content=\"article\" \/>\n<meta property=\"og:title\" content=\"Festival Internacional de Cine Recobrado de Valpara\u00edso prepara nueva edici\u00f3n y lanza su programa - Valpara\u00ed\u00adso Creativo\" \/>\n<meta property=\"og:description\" content=\"Este lunes 2 de septiembre fue el lanzamiento de la 28va versi\u00f3n del Festival Internacional de Cine Recobrado de Valpara\u00edso. En el Instituto Chileno Norteamericano de Valpara\u00edso, se present\u00f3 la programaci\u00f3n para este a\u00f1o y sus hitos, a desarrollarse entre los d\u00edas 30 de septiembre y 6 de octubre del presente a\u00f1o en el Teatro [&hellip;]\" \/>\n<meta property=\"og:url\" content=\"https:\/\/dev.antudigital.cl\/sites\/vc\/festival-internacional-de-cine-recobrado-de-valparaiso-prepara-nueva-edicion-y-lanza-su-programa\/\" \/>\n<meta property=\"og:site_name\" content=\"Valpara\u00ed\u00adso Creativo\" \/>\n<meta property=\"article:published_time\" content=\"2024-09-02T23:49:28+00:00\" \/>\n<meta property=\"article:modified_time\" content=\"2024-09-02T23:49:46+00:00\" \/>\n<meta property=\"og:image\" content=\"https:\/\/dev.antudigital.cl\/sites\/vc\/wp-content\/uploads\/2024\/09\/DSC4349-scaled.jpeg\" \/>\n\t<meta property=\"og:image:width\" content=\"2560\" \/>\n\t<meta property=\"og:image:height\" content=\"1707\" \/>\n\t<meta property=\"og:image:type\" content=\"image\/jpeg\" \/>\n<meta name=\"author\" content=\"Valpara\u00edso Creativo\" \/>\n<meta name=\"twitter:card\" content=\"summary_large_image\" \/>\n<meta name=\"twitter:label1\" content=\"Escrito por\" \/>\n\t<meta name=\"twitter:data1\" content=\"Valpara\u00edso Creativo\" \/>\n\t<meta name=\"twitter:label2\" content=\"Tiempo de lectura\" \/>\n\t<meta name=\"twitter:data2\" content=\"2 minutos\" \/>\n<script type=\"application\/ld+json\" class=\"yoast-schema-graph\">{\"@context\":\"https:\/\/schema.org\",\"@graph\":[{\"@type\":\"Article\",\"@id\":\"https:\/\/dev.antudigital.cl\/sites\/vc\/festival-internacional-de-cine-recobrado-de-valparaiso-prepara-nueva-edicion-y-lanza-su-programa\/#article\",\"isPartOf\":{\"@id\":\"https:\/\/dev.antudigital.cl\/sites\/vc\/festival-internacional-de-cine-recobrado-de-valparaiso-prepara-nueva-edicion-y-lanza-su-programa\/\"},\"author\":{\"name\":\"Valpara\u00edso Creativo\",\"@id\":\"https:\/\/dev.antudigital.cl\/sites\/vc\/#\/schema\/person\/c2b9da8dd545e27166fc5ab232837318\"},\"headline\":\"Festival Internacional de Cine Recobrado de Valpara\u00edso prepara nueva edici\u00f3n y lanza su programa\",\"datePublished\":\"2024-09-02T23:49:28+00:00\",\"dateModified\":\"2024-09-02T23:49:46+00:00\",\"mainEntityOfPage\":{\"@id\":\"https:\/\/dev.antudigital.cl\/sites\/vc\/festival-internacional-de-cine-recobrado-de-valparaiso-prepara-nueva-edicion-y-lanza-su-programa\/\"},\"wordCount\":276,\"image\":{\"@id\":\"https:\/\/dev.antudigital.cl\/sites\/vc\/festival-internacional-de-cine-recobrado-de-valparaiso-prepara-nueva-edicion-y-lanza-su-programa\/#primaryimage\"},\"thumbnailUrl\":\"https:\/\/dev.antudigital.cl\/sites\/vc\/wp-content\/uploads\/2024\/09\/DSC4349-scaled.jpeg\",\"articleSection\":[\"Noticia\"],\"inLanguage\":\"es\"},{\"@type\":\"WebPage\",\"@id\":\"https:\/\/dev.antudigital.cl\/sites\/vc\/festival-internacional-de-cine-recobrado-de-valparaiso-prepara-nueva-edicion-y-lanza-su-programa\/\",\"url\":\"https:\/\/dev.antudigital.cl\/sites\/vc\/festival-internacional-de-cine-recobrado-de-valparaiso-prepara-nueva-edicion-y-lanza-su-programa\/\",\"name\":\"Festival Internacional de Cine Recobrado de Valpara\u00edso prepara nueva edici\u00f3n y lanza su programa - Valpara\u00ed\u00adso Creativo\",\"isPartOf\":{\"@id\":\"https:\/\/dev.antudigital.cl\/sites\/vc\/#website\"},\"primaryImageOfPage\":{\"@id\":\"https:\/\/dev.antudigital.cl\/sites\/vc\/festival-internacional-de-cine-recobrado-de-valparaiso-prepara-nueva-edicion-y-lanza-su-programa\/#primaryimage\"},\"image\":{\"@id\":\"https:\/\/dev.antudigital.cl\/sites\/vc\/festival-internacional-de-cine-recobrado-de-valparaiso-prepara-nueva-edicion-y-lanza-su-programa\/#primaryimage\"},\"thumbnailUrl\":\"https:\/\/dev.antudigital.cl\/sites\/vc\/wp-content\/uploads\/2024\/09\/DSC4349-scaled.jpeg\",\"datePublished\":\"2024-09-02T23:49:28+00:00\",\"dateModified\":\"2024-09-02T23:49:46+00:00\",\"author\":{\"@id\":\"https:\/\/dev.antudigital.cl\/sites\/vc\/#\/schema\/person\/c2b9da8dd545e27166fc5ab232837318\"},\"breadcrumb\":{\"@id\":\"https:\/\/dev.antudigital.cl\/sites\/vc\/festival-internacional-de-cine-recobrado-de-valparaiso-prepara-nueva-edicion-y-lanza-su-programa\/#breadcrumb\"},\"inLanguage\":\"es\",\"potentialAction\":[{\"@type\":\"ReadAction\",\"target\":[\"https:\/\/dev.antudigital.cl\/sites\/vc\/festival-internacional-de-cine-recobrado-de-valparaiso-prepara-nueva-edicion-y-lanza-su-programa\/\"]}]},{\"@type\":\"ImageObject\",\"inLanguage\":\"es\",\"@id\":\"https:\/\/dev.antudigital.cl\/sites\/vc\/festival-internacional-de-cine-recobrado-de-valparaiso-prepara-nueva-edicion-y-lanza-su-programa\/#primaryimage\",\"url\":\"https:\/\/dev.antudigital.cl\/sites\/vc\/wp-content\/uploads\/2024\/09\/DSC4349-scaled.jpeg\",\"contentUrl\":\"https:\/\/dev.antudigital.cl\/sites\/vc\/wp-content\/uploads\/2024\/09\/DSC4349-scaled.jpeg\",\"width\":2560,\"height\":1707},{\"@type\":\"BreadcrumbList\",\"@id\":\"https:\/\/dev.antudigital.cl\/sites\/vc\/festival-internacional-de-cine-recobrado-de-valparaiso-prepara-nueva-edicion-y-lanza-su-programa\/#breadcrumb\",\"itemListElement\":[{\"@type\":\"ListItem\",\"position\":1,\"name\":\"Home\",\"item\":\"https:\/\/dev.antudigital.cl\/sites\/vc\/\"},{\"@type\":\"ListItem\",\"position\":2,\"name\":\"Festival Internacional de Cine Recobrado de Valpara\u00edso prepara nueva edici\u00f3n y lanza su programa\"}]},{\"@type\":\"WebSite\",\"@id\":\"https:\/\/dev.antudigital.cl\/sites\/vc\/#website\",\"url\":\"https:\/\/dev.antudigital.cl\/sites\/vc\/\",\"name\":\"Valpara\u00ed\u00adso Creativo\",\"description\":\"\",\"potentialAction\":[{\"@type\":\"SearchAction\",\"target\":{\"@type\":\"EntryPoint\",\"urlTemplate\":\"https:\/\/dev.antudigital.cl\/sites\/vc\/?s={search_term_string}\"},\"query-input\":{\"@type\":\"PropertyValueSpecification\",\"valueRequired\":true,\"valueName\":\"search_term_string\"}}],\"inLanguage\":\"es\"},{\"@type\":\"Person\",\"@id\":\"https:\/\/dev.antudigital.cl\/sites\/vc\/#\/schema\/person\/c2b9da8dd545e27166fc5ab232837318\",\"name\":\"Valpara\u00edso Creativo\",\"description\":\"Periodista de cultura en la Regi\u00f3n de Valpara\u00edso.\",\"url\":\"https:\/\/dev.antudigital.cl\/sites\/vc\/author\/valpoadmin\/\"}]}<\/script>\n<!-- \/ Yoast SEO plugin. -->","yoast_head_json":{"title":"Festival Internacional de Cine Recobrado de Valpara\u00edso prepara nueva edici\u00f3n y lanza su programa - Valpara\u00ed\u00adso Creativo","robots":{"index":"index","follow":"follow","max-snippet":"max-snippet:-1","max-image-preview":"max-image-preview:large","max-video-preview":"max-video-preview:-1"},"canonical":"https:\/\/dev.antudigital.cl\/sites\/vc\/festival-internacional-de-cine-recobrado-de-valparaiso-prepara-nueva-edicion-y-lanza-su-programa\/","og_locale":"es_ES","og_type":"article","og_title":"Festival Internacional de Cine Recobrado de Valpara\u00edso prepara nueva edici\u00f3n y lanza su programa - Valpara\u00ed\u00adso Creativo","og_description":"Este lunes 2 de septiembre fue el lanzamiento de la 28va versi\u00f3n del Festival Internacional de Cine Recobrado de Valpara\u00edso. En el Instituto Chileno Norteamericano de Valpara\u00edso, se present\u00f3 la programaci\u00f3n para este a\u00f1o y sus hitos, a desarrollarse entre los d\u00edas 30 de septiembre y 6 de octubre del presente a\u00f1o en el Teatro [&hellip;]","og_url":"https:\/\/dev.antudigital.cl\/sites\/vc\/festival-internacional-de-cine-recobrado-de-valparaiso-prepara-nueva-edicion-y-lanza-su-programa\/","og_site_name":"Valpara\u00ed\u00adso Creativo","article_published_time":"2024-09-02T23:49:28+00:00","article_modified_time":"2024-09-02T23:49:46+00:00","og_image":[{"width":2560,"height":1707,"url":"https:\/\/dev.antudigital.cl\/sites\/vc\/wp-content\/uploads\/2024\/09\/DSC4349-scaled.jpeg","type":"image\/jpeg"}],"author":"Valpara\u00edso Creativo","twitter_card":"summary_large_image","twitter_misc":{"Escrito por":"Valpara\u00edso Creativo","Tiempo de lectura":"2 minutos"},"schema":{"@context":"https:\/\/schema.org","@graph":[{"@type":"Article","@id":"https:\/\/dev.antudigital.cl\/sites\/vc\/festival-internacional-de-cine-recobrado-de-valparaiso-prepara-nueva-edicion-y-lanza-su-programa\/#article","isPartOf":{"@id":"https:\/\/dev.antudigital.cl\/sites\/vc\/festival-internacional-de-cine-recobrado-de-valparaiso-prepara-nueva-edicion-y-lanza-su-programa\/"},"author":{"name":"Valpara\u00edso Creativo","@id":"https:\/\/dev.antudigital.cl\/sites\/vc\/#\/schema\/person\/c2b9da8dd545e27166fc5ab232837318"},"headline":"Festival Internacional de Cine Recobrado de Valpara\u00edso prepara nueva edici\u00f3n y lanza su programa","datePublished":"2024-09-02T23:49:28+00:00","dateModified":"2024-09-02T23:49:46+00:00","mainEntityOfPage":{"@id":"https:\/\/dev.antudigital.cl\/sites\/vc\/festival-internacional-de-cine-recobrado-de-valparaiso-prepara-nueva-edicion-y-lanza-su-programa\/"},"wordCount":276,"image":{"@id":"https:\/\/dev.antudigital.cl\/sites\/vc\/festival-internacional-de-cine-recobrado-de-valparaiso-prepara-nueva-edicion-y-lanza-su-programa\/#primaryimage"},"thumbnailUrl":"https:\/\/dev.antudigital.cl\/sites\/vc\/wp-content\/uploads\/2024\/09\/DSC4349-scaled.jpeg","articleSection":["Noticia"],"inLanguage":"es"},{"@type":"WebPage","@id":"https:\/\/dev.antudigital.cl\/sites\/vc\/festival-internacional-de-cine-recobrado-de-valparaiso-prepara-nueva-edicion-y-lanza-su-programa\/","url":"https:\/\/dev.antudigital.cl\/sites\/vc\/festival-internacional-de-cine-recobrado-de-valparaiso-prepara-nueva-edicion-y-lanza-su-programa\/","name":"Festival Internacional de Cine Recobrado de Valpara\u00edso prepara nueva edici\u00f3n y lanza su programa - Valpara\u00ed\u00adso Creativo","isPartOf":{"@id":"https:\/\/dev.antudigital.cl\/sites\/vc\/#website"},"primaryImageOfPage":{"@id":"https:\/\/dev.antudigital.cl\/sites\/vc\/festival-internacional-de-cine-recobrado-de-valparaiso-prepara-nueva-edicion-y-lanza-su-programa\/#primaryimage"},"image":{"@id":"https:\/\/dev.antudigital.cl\/sites\/vc\/festival-internacional-de-cine-recobrado-de-valparaiso-prepara-nueva-edicion-y-lanza-su-programa\/#primaryimage"},"thumbnailUrl":"https:\/\/dev.antudigital.cl\/sites\/vc\/wp-content\/uploads\/2024\/09\/DSC4349-scaled.jpeg","datePublished":"2024-09-02T23:49:28+00:00","dateModified":"2024-09-02T23:49:46+00:00","author":{"@id":"https:\/\/dev.antudigital.cl\/sites\/vc\/#\/schema\/person\/c2b9da8dd545e27166fc5ab232837318"},"breadcrumb":{"@id":"https:\/\/dev.antudigital.cl\/sites\/vc\/festival-internacional-de-cine-recobrado-de-valparaiso-prepara-nueva-edicion-y-lanza-su-programa\/#breadcrumb"},"inLanguage":"es","potentialAction":[{"@type":"ReadAction","target":["https:\/\/dev.antudigital.cl\/sites\/vc\/festival-internacional-de-cine-recobrado-de-valparaiso-prepara-nueva-edicion-y-lanza-su-programa\/"]}]},{"@type":"ImageObject","inLanguage":"es","@id":"https:\/\/dev.antudigital.cl\/sites\/vc\/festival-internacional-de-cine-recobrado-de-valparaiso-prepara-nueva-edicion-y-lanza-su-programa\/#primaryimage","url":"https:\/\/dev.antudigital.cl\/sites\/vc\/wp-content\/uploads\/2024\/09\/DSC4349-scaled.jpeg","contentUrl":"https:\/\/dev.antudigital.cl\/sites\/vc\/wp-content\/uploads\/2024\/09\/DSC4349-scaled.jpeg","width":2560,"height":1707},{"@type":"BreadcrumbList","@id":"https:\/\/dev.antudigital.cl\/sites\/vc\/festival-internacional-de-cine-recobrado-de-valparaiso-prepara-nueva-edicion-y-lanza-su-programa\/#breadcrumb","itemListElement":[{"@type":"ListItem","position":1,"name":"Home","item":"https:\/\/dev.antudigital.cl\/sites\/vc\/"},{"@type":"ListItem","position":2,"name":"Festival Internacional de Cine Recobrado de Valpara\u00edso prepara nueva edici\u00f3n y lanza su programa"}]},{"@type":"WebSite","@id":"https:\/\/dev.antudigital.cl\/sites\/vc\/#website","url":"https:\/\/dev.antudigital.cl\/sites\/vc\/","name":"Valpara\u00ed\u00adso Creativo","description":"","potentialAction":[{"@type":"SearchAction","target":{"@type":"EntryPoint","urlTemplate":"https:\/\/dev.antudigital.cl\/sites\/vc\/?s={search_term_string}"},"query-input":{"@type":"PropertyValueSpecification","valueRequired":true,"valueName":"search_term_string"}}],"inLanguage":"es"},{"@type":"Person","@id":"https:\/\/dev.antudigital.cl\/sites\/vc\/#\/schema\/person\/c2b9da8dd545e27166fc5ab232837318","name":"Valpara\u00edso Creativo","description":"Periodista de cultura en la Regi\u00f3n de Valpara\u00edso.","url":"https:\/\/dev.antudigital.cl\/sites\/vc\/author\/valpoadmin\/"}]}},"_links":{"self":[{"href":"https:\/\/dev.antudigital.cl\/sites\/vc\/wp-json\/wp\/v2\/posts\/20230","targetHints":{"allow":["GET"]}}],"collection":[{"href":"https:\/\/dev.antudigital.cl\/sites\/vc\/wp-json\/wp\/v2\/posts"}],"about":[{"href":"https:\/\/dev.antudigital.cl\/sites\/vc\/wp-json\/wp\/v2\/types\/post"}],"author":[{"embeddable":true,"href":"https:\/\/dev.antudigital.cl\/sites\/vc\/wp-json\/wp\/v2\/users\/1"}],"replies":[{"embeddable":true,"href":"https:\/\/dev.antudigital.cl\/sites\/vc\/wp-json\/wp\/v2\/comments?post=20230"}],"version-history":[{"count":1,"href":"https:\/\/dev.antudigital.cl\/sites\/vc\/wp-json\/wp\/v2\/posts\/20230\/revisions"}],"predecessor-version":[{"id":20234,"href":"https:\/\/dev.antudigital.cl\/sites\/vc\/wp-json\/wp\/v2\/posts\/20230\/revisions\/20234"}],"wp:featuredmedia":[{"embeddable":true,"href":"https:\/\/dev.antudigital.cl\/sites\/vc\/wp-json\/wp\/v2\/media\/20231"}],"wp:attachment":[{"href":"https:\/\/dev.antudigital.cl\/sites\/vc\/wp-json\/wp\/v2\/media?parent=20230"}],"wp:term":[{"taxonomy":"category","embeddable":true,"href":"https:\/\/dev.antudigital.cl\/sites\/vc\/wp-json\/wp\/v2\/categories?post=20230"},{"taxonomy":"post_tag","embeddable":true,"href":"https:\/\/dev.antudigital.cl\/sites\/vc\/wp-json\/wp\/v2\/tags?post=20230"}],"curies":[{"name":"wp","href":"https:\/\/api.w.org\/{rel}","templated":true}]}}