{"id":20235,"date":"2024-09-03T01:29:29","date_gmt":"2024-09-03T01:29:29","guid":{"rendered":"https:\/\/www.valparaisocreativo.cl\/?p=20235"},"modified":"2024-09-03T03:45:29","modified_gmt":"2024-09-03T03:45:29","slug":"especial-mes-del-circo-la-historia-e-impulso-de-carpa-azul","status":"publish","type":"post","link":"https:\/\/dev.antudigital.cl\/sites\/vc\/especial-mes-del-circo-la-historia-e-impulso-de-carpa-azul\/","title":{"rendered":"Especial Mes del Circo: la historia e impulso de Carpa Azul"},"content":{"rendered":"\n<p>Septiembre es el Mes del Circo y la semana pasada lo celebramos entrevistando a la organizaci\u00f3n Enaires, ahora es el turno de la <strong>Carpa Azul Circo,<\/strong> organizaci\u00f3n que lleva m\u00e1s de dos d\u00e9cadas dedic\u00e1ndose a las artes circenses y que tambi\u00e9n se enfoca en la difusi\u00f3n y formaci\u00f3n de estas disciplinas.<\/p>\n\n\n\n<p><br>Tuvimos el placer de conversar con<strong> Pato Giro<\/strong>, su Director Ejecutivo, quien recientemente tambi\u00e9n se integr\u00f3 a la gobernanza de Valpara\u00edso Creativo, desde donde esperamos participar y trabajar en conjunto.<\/p>\n\n\n\n<figure class=\"wp-block-image size-large\"><img fetchpriority=\"high\" decoding=\"async\" width=\"1024\" height=\"1024\" src=\"https:\/\/www.valparaisocreativo.cl\/wp-content\/uploads\/2024\/09\/ca4-1024x1024.jpg\" alt=\"\" class=\"wp-image-20238\" srcset=\"https:\/\/dev.antudigital.cl\/sites\/vc\/wp-content\/uploads\/2024\/09\/ca4-1024x1024.jpg 1024w, https:\/\/dev.antudigital.cl\/sites\/vc\/wp-content\/uploads\/2024\/09\/ca4-300x300.jpg 300w, https:\/\/dev.antudigital.cl\/sites\/vc\/wp-content\/uploads\/2024\/09\/ca4-150x150.jpg 150w, https:\/\/dev.antudigital.cl\/sites\/vc\/wp-content\/uploads\/2024\/09\/ca4-768x768.jpg 768w, https:\/\/dev.antudigital.cl\/sites\/vc\/wp-content\/uploads\/2024\/09\/ca4-980x980.jpg 980w, https:\/\/dev.antudigital.cl\/sites\/vc\/wp-content\/uploads\/2024\/09\/ca4-480x480.jpg 480w, https:\/\/dev.antudigital.cl\/sites\/vc\/wp-content\/uploads\/2024\/09\/ca4-24x24.jpg 24w, https:\/\/dev.antudigital.cl\/sites\/vc\/wp-content\/uploads\/2024\/09\/ca4-36x36.jpg 36w, https:\/\/dev.antudigital.cl\/sites\/vc\/wp-content\/uploads\/2024\/09\/ca4-48x48.jpg 48w, https:\/\/dev.antudigital.cl\/sites\/vc\/wp-content\/uploads\/2024\/09\/ca4.jpg 1080w\" sizes=\"(max-width: 1024px) 100vw, 1024px\" \/><\/figure>\n\n\n\n<p><strong>Pato, ustedes tienen much\u00edsima trayectoria, \u00bfc\u00f3mo han cambiado a trav\u00e9s de los a\u00f1os?\u00a0<\/strong><\/p>\n\n\n\n<p>&#8211; Ha sido un camino largo, nos remontamos hace unos 25 a\u00f1os atr\u00e1s, cuando empez\u00f3 este movimiento del \u201cnuevo circo\u201d en los a\u00f1os 90. en esa \u00e9poca hab\u00eda una fuerte necesidad de ocupar los espacios p\u00fablicos, de juntarse. Comenzamos a encontrarnos, a jugar, hacer malabares y recrear un poco los&nbsp; espacios del circo.&nbsp;<\/p>\n\n\n\n<p>En ese entonces era estudiante de geograf\u00eda y encontr\u00e9 el camino al circo. De manera muy espont\u00e1nea, ocupamos el espacio p\u00fablico para practicar y nos prepar\u00e1bamos para las convenciones que se estaban desarrollando en ese momento. Todo era muy autodidacta; est\u00e1bamos literalmente en pa\u00f1ales. Con el tiempo hemos avanzado, aprendiendo el trabajo riguroso que sostiene el circo, con mucho entrenamiento y disciplina.&nbsp;<\/p>\n\n\n\n<p>Comenzamos a organizarnos entre circenses, hicimos nuestra primera personalidad jur\u00eddica y eso nos permiti\u00f3 acceder a recursos y conectarnos con otras organizaciones. Tambi\u00e9n fuimos avanzando en ocupar espacios importantes, como la Ex-C\u00e1rcel, actual Parque Cultural de Valpara\u00edso, donde trabajamos durante diez a\u00f1os. Desarrollamos varias creaciones colectivas que nos permitieron reconocernos y saber qu\u00e9 aptitudes ten\u00edamos. Fue bonito lo que se gest\u00f3 con ese grupo y desarrollar infraestructura para el circo que no hab\u00eda en ese lugar.<\/p>\n\n\n\n<p>Tambi\u00e9n colaboramos en la Ex Maestranza Bar\u00f3n y tuvimos la oportunidad de viajar. Cuando comenz\u00f3 la construcci\u00f3n del Parque Cultural de Valpara\u00edso, no ten\u00edamos lugar y quedamos a la deriva. As\u00ed llegamos a la Carpa Azul, que es nuestro actual espacio en Cerro Bar\u00f3n, donde trabajamos durante los \u00faltimos 14 a\u00f1os. Al principio fue dif\u00edcil, \u00e9ramos muchas organizaciones, gente de teatro, artesanos, batucadas. As\u00ed que poco a poco fuimos construyendo nuevamente la calidez del entrenamiento, de juntarnos en el circo, conversando y generando instancias que nos permitieran de alguna forma sobrellevar nuestra precariedad.&nbsp;<\/p>\n\n\n\n<figure class=\"wp-block-image size-large\"><img decoding=\"async\" width=\"1024\" height=\"1024\" src=\"https:\/\/www.valparaisocreativo.cl\/wp-content\/uploads\/2024\/09\/ca3-1024x1024.jpg\" alt=\"\" class=\"wp-image-20237\" srcset=\"https:\/\/dev.antudigital.cl\/sites\/vc\/wp-content\/uploads\/2024\/09\/ca3-1024x1024.jpg 1024w, https:\/\/dev.antudigital.cl\/sites\/vc\/wp-content\/uploads\/2024\/09\/ca3-300x300.jpg 300w, https:\/\/dev.antudigital.cl\/sites\/vc\/wp-content\/uploads\/2024\/09\/ca3-150x150.jpg 150w, https:\/\/dev.antudigital.cl\/sites\/vc\/wp-content\/uploads\/2024\/09\/ca3-768x768.jpg 768w, https:\/\/dev.antudigital.cl\/sites\/vc\/wp-content\/uploads\/2024\/09\/ca3-980x980.jpg 980w, https:\/\/dev.antudigital.cl\/sites\/vc\/wp-content\/uploads\/2024\/09\/ca3-480x480.jpg 480w, https:\/\/dev.antudigital.cl\/sites\/vc\/wp-content\/uploads\/2024\/09\/ca3-24x24.jpg 24w, https:\/\/dev.antudigital.cl\/sites\/vc\/wp-content\/uploads\/2024\/09\/ca3-36x36.jpg 36w, https:\/\/dev.antudigital.cl\/sites\/vc\/wp-content\/uploads\/2024\/09\/ca3-48x48.jpg 48w, https:\/\/dev.antudigital.cl\/sites\/vc\/wp-content\/uploads\/2024\/09\/ca3.jpg 1080w\" sizes=\"(max-width: 1024px) 100vw, 1024px\" \/><\/figure>\n\n\n\n<p><strong>Cu\u00e9ntame un poco de eso, de las estrategias para \u201csobrevivir\u201d, del quehacer art\u00edstico y en particular de la experiencia de ustedes.<\/strong><\/p>\n\n\n\n<p>&#8211; Valpara\u00edso siempre ha sido una ciudad muy inspiradora para las artes, pero no da sustento para poder vivir. Entonces, \u00bfqu\u00e9 hicimos? Desde un inicio tuvimos que girar, ir a otros lugares de Latinoam\u00e9rica incluso a Europa y cuando logramos conseguir m\u00e1s o menos una estabilidad pudimos trabajar en Chile con los municipios o los ministerios, construyendo relaciones.&nbsp;<\/p>\n\n\n\n<p>Ya llevamos 14 a\u00f1os en el espacio Carpa Azul, con personalidad jur\u00eddica y enfoc\u00e1ndonos en la promoci\u00f3n y desarrollo de las artes circenses. Tenemos un \u00e1rea de formaci\u00f3n en el a\u00f1o, otros periodos de seminario y programaci\u00f3n. as\u00ed fuimos consolidando el lugar y hemos logrado conectar con el p\u00fablico local del cerro, porque al principio no llegaba nadie y ahora tenemos una programaci\u00f3n bastante interesante.&nbsp;<\/p>\n\n\n\n<p><strong>\u00bfC\u00f3mo has visto cambiar la escena del circo en Valpara\u00edso?<\/strong><\/p>\n\n\n\n<p>&#8211; Hay m\u00e1s espacios. El movimiento ha crecido, hay mucha m\u00e1s informaci\u00f3n y gente generando pr\u00e1ctica. Nosotros estamos felices de que eso suceda, es la primera puerta para poder generar m\u00e1s artistas que tengan un buen nivel. Nuestros espacios de pr\u00e1ctica a\u00fan son precarios, pero son proyectos impulsados con mucha pasi\u00f3n, que permiten juntarse, hacer residencias, creaciones colectivas, desarrollar proyectos, tener oficinas, bodegas y lo mejor, poder practicar. Creo que estamos en una etapa de balance optimistas de trabajar m\u00e1s en red y consolidar nuestra infraestructura.<\/p>\n\n\n\n<figure class=\"wp-block-image size-large\"><img decoding=\"async\" width=\"1024\" height=\"682\" src=\"https:\/\/www.valparaisocreativo.cl\/wp-content\/uploads\/2024\/09\/ca-1024x682.jpg\" alt=\"\" class=\"wp-image-20240\" srcset=\"https:\/\/dev.antudigital.cl\/sites\/vc\/wp-content\/uploads\/2024\/09\/ca-1024x682.jpg 1024w, https:\/\/dev.antudigital.cl\/sites\/vc\/wp-content\/uploads\/2024\/09\/ca-300x200.jpg 300w, https:\/\/dev.antudigital.cl\/sites\/vc\/wp-content\/uploads\/2024\/09\/ca-768x512.jpg 768w, https:\/\/dev.antudigital.cl\/sites\/vc\/wp-content\/uploads\/2024\/09\/ca-1536x1024.jpg 1536w, https:\/\/dev.antudigital.cl\/sites\/vc\/wp-content\/uploads\/2024\/09\/ca-1080x720.jpg 1080w, https:\/\/dev.antudigital.cl\/sites\/vc\/wp-content\/uploads\/2024\/09\/ca-1280x853.jpg 1280w, https:\/\/dev.antudigital.cl\/sites\/vc\/wp-content\/uploads\/2024\/09\/ca-980x653.jpg 980w, https:\/\/dev.antudigital.cl\/sites\/vc\/wp-content\/uploads\/2024\/09\/ca-480x320.jpg 480w, https:\/\/dev.antudigital.cl\/sites\/vc\/wp-content\/uploads\/2024\/09\/ca-24x16.jpg 24w, https:\/\/dev.antudigital.cl\/sites\/vc\/wp-content\/uploads\/2024\/09\/ca-36x24.jpg 36w, https:\/\/dev.antudigital.cl\/sites\/vc\/wp-content\/uploads\/2024\/09\/ca-48x32.jpg 48w, https:\/\/dev.antudigital.cl\/sites\/vc\/wp-content\/uploads\/2024\/09\/ca.jpg 1787w\" sizes=\"(max-width: 1024px) 100vw, 1024px\" \/><\/figure>\n\n\n\n<p><strong>Siguiendo esta l\u00ednea, cu\u00e9ntame su experiencia, \u00bfcu\u00e1l ha sido la importancia de generar redes de colaboraci\u00f3n con otras organizaciones?&nbsp;<\/strong><\/p>\n\n\n\n<p>&#8211; Ha sido muy interesante, uno nunca va a trabajar solo, la organizaci\u00f3n se construye a partir de un equipo de trabajo que se va fortaleciendo. En ese sentido, nuestras primeras redes son las juntas de vecinos, las organizaciones comunitarias y no podemos estar ajenos a esa vinculaci\u00f3n con nuestro entorno del cerro Bar\u00f3n.&nbsp;<\/p>\n\n\n\n<p>\u00bfC\u00f3mo nos vinculamos? principalmente en los periodos de formaci\u00f3n, donde entran nuevos j\u00f3venes, pero tambi\u00e9n llevando el circo a los espacios p\u00fablicos del cerro, como las plazas o los centros comunitarios. Ah\u00ed tambi\u00e9n formulamos proyectos y apalancamos recursos para ellos.&nbsp;<\/p>\n\n\n\n<p>Adem\u00e1s tenemos buena relaci\u00f3n con los colegios, y los alumnos vienen a la carpa, saliendo de los espacios educativos convencionales, porque lo m\u00e1gico de la Carpa Azul es que est\u00e1 en un lugar que la gente no se imagina. El a\u00f1o pasado vinieron estudiantes con un espectro autista y descubrimos que hab\u00eda un p\u00fablico muy interesado. Las familias lo agradecieron much\u00edsimo, y nos comentaban que esto es algo distinto y valioso, ya que ellos no pueden ir al cine, o ir a una fiesta por ejemplo. Adem\u00e1s al interior de la regi\u00f3n nos relacionamos con proyectos educativos m\u00e1s alternativos.&nbsp;<\/p>\n\n\n\n<p>A un nivel m\u00e1s macro, mantenemos buenas relaciones con nuestros pares del sector. Vemos que ha madurado el nuevo circo chileno y entendemos que compartimos problem\u00e1ticas transversales y ah\u00ed estamos ahora, en una etapa de organizaci\u00f3n y de lograr objetivos comunes. Tambi\u00e9n pertenecemos a dos gremios: la Red de Festivales a nivel nacional y la Red de Espacios de Circo, que nos va a permitir establecer nuevos caminos para defender nuestros procesos.<\/p>\n\n\n\n<p><strong>Quiero saber un poco m\u00e1s de sus p\u00fablicos y qu\u00e9 estrategias se pueden articular para encontrar nuevos seguidores y asistentes.<\/strong><\/p>\n\n\n\n<p>-El circo siempre es muy familiar, nos hemos dado cuenta que ese p\u00fablico se ha potenciado. Sin embargo, est\u00e1bamos como siempre a ciegas, \u00bfno? En alg\u00fan momento nos dimos cuenta de que era necesario hacer un estudio de p\u00fablicos y lo hicimos recientemente con la soci\u00f3loga Marcela Valdovinos, ante lo que hoy vemos falencias, aptitudes, posibilidades, y tenemos ya nuestras cartas de navegaci\u00f3n.&nbsp;<\/p>\n\n\n\n<p>En el estudio, pudimos observar que el 15% de nuestro p\u00fablico es de Bar\u00f3n, que hay gente del interior y de otros lugares del pa\u00eds, que se suman especialmente para los festivales o encuentros. Notamos adem\u00e1s que asisten muchos artistas j\u00f3venes. Todas esas cosas nos van dando luces de d\u00f3nde navegar y tambi\u00e9n c\u00f3mo sobrellevar el espacio.<\/p>\n\n\n\n<p><strong>\u00bfEn qu\u00e9 fecha realizar\u00e1n el festival este a\u00f1o?<\/strong><\/p>\n\n\n\n<p>&#8211; Ser\u00e1 el 28, 29 y 30 de noviembre, y 1 de diciembre. Esta ser\u00e1 la d\u00e9cima cuarta versi\u00f3n.<\/p>\n\n\n\n<figure class=\"wp-block-image size-large\"><img loading=\"lazy\" decoding=\"async\" width=\"1024\" height=\"1024\" src=\"https:\/\/www.valparaisocreativo.cl\/wp-content\/uploads\/2024\/09\/ca2-1024x1024.jpg\" alt=\"\" class=\"wp-image-20241\" srcset=\"https:\/\/dev.antudigital.cl\/sites\/vc\/wp-content\/uploads\/2024\/09\/ca2-1024x1024.jpg 1024w, https:\/\/dev.antudigital.cl\/sites\/vc\/wp-content\/uploads\/2024\/09\/ca2-300x300.jpg 300w, https:\/\/dev.antudigital.cl\/sites\/vc\/wp-content\/uploads\/2024\/09\/ca2-150x150.jpg 150w, https:\/\/dev.antudigital.cl\/sites\/vc\/wp-content\/uploads\/2024\/09\/ca2-768x768.jpg 768w, https:\/\/dev.antudigital.cl\/sites\/vc\/wp-content\/uploads\/2024\/09\/ca2-980x980.jpg 980w, https:\/\/dev.antudigital.cl\/sites\/vc\/wp-content\/uploads\/2024\/09\/ca2-480x480.jpg 480w, https:\/\/dev.antudigital.cl\/sites\/vc\/wp-content\/uploads\/2024\/09\/ca2-24x24.jpg 24w, https:\/\/dev.antudigital.cl\/sites\/vc\/wp-content\/uploads\/2024\/09\/ca2-36x36.jpg 36w, https:\/\/dev.antudigital.cl\/sites\/vc\/wp-content\/uploads\/2024\/09\/ca2-48x48.jpg 48w, https:\/\/dev.antudigital.cl\/sites\/vc\/wp-content\/uploads\/2024\/09\/ca2.jpg 1080w\" sizes=\"(max-width: 1024px) 100vw, 1024px\" \/><\/figure>\n\n\n\n<p><strong>\u00bfCu\u00e1les son tanto las brechas como oportunidades para el sector?<\/strong><\/p>\n\n\n\n<p>&#8211; Creo que nos falta un poco m\u00e1s de organizaci\u00f3n y consolidarnos a nivel regional, buscando nuevas plataformas para poder sentarnos y articularse de mejor manera.&nbsp;<\/p>\n\n\n\n<p>La regi\u00f3n es muy diversa, por lo que tenemos que mirar cu\u00e1les son los diferentes lugares que tienen formas y organizaciones para poder potenciar, se me ocurren San Antonio, La Ligua. Creo que todo ese caldo de cultivo tiene que organizarse para poder generar una red de trabajo.&nbsp;<\/p>\n\n\n\n<p>Por otro lado, el circo es una plataforma que permite trabajar con la juventud y la ni\u00f1ez, es una disciplina que ayuda a la focalizaci\u00f3n y la concentraci\u00f3n, cumpliendo un rol fundamental hoy en d\u00eda. A m\u00ed, personalmente, el circo me salv\u00f3, porque me ense\u00f1\u00f3 el trabajo colectivo, la empat\u00eda, y sobre todo el juego.&nbsp;<\/p>\n\n\n\n<p>Es fundamental seguir por este camino, avanzar hacia la gremializaci\u00f3n y buscar ser vinculantes, trabajando en base a nuestras experiencias para mejorar las condiciones laborales del sector.<\/p>\n\n\n\n<p><strong>Finalmente \u00bfc\u00f3mo surge el vincularse al Comit\u00e9 Gestor de Servicios Creativos de Valpara\u00edso Creativo?&nbsp;<\/strong><\/p>\n\n\n\n<p>Me sorprendi\u00f3 mucho cuando me invitaron, y estoy viendo c\u00f3mo vincular el circo con el sector productivo, que es fundamental. El circo, comparado con otras artes esc\u00e9nicas, genera un flujo constante de empleos porque siempre est\u00e1 en movimiento. Queremos explorar oportunidades con otras instituciones, buscando recursos que puedan beneficiar m\u00e1s a nuestro sector.<\/p>\n","protected":false},"excerpt":{"rendered":"<p>Septiembre es el Mes del Circo y la semana pasada lo celebramos entrevistando a la organizaci\u00f3n Enaires, ahora es el turno de la Carpa Azul Circo, organizaci\u00f3n que lleva m\u00e1s de dos d\u00e9cadas dedic\u00e1ndose a las artes circenses y que tambi\u00e9n se enfoca en la difusi\u00f3n y formaci\u00f3n de estas disciplinas. Tuvimos el placer de [&hellip;]<\/p>\n","protected":false},"author":1,"featured_media":20236,"comment_status":"closed","ping_status":"closed","sticky":false,"template":"","format":"standard","meta":{"_acf_changed":false,"footnotes":""},"categories":[218],"tags":[],"class_list":["post-20235","post","type-post","status-publish","format-standard","has-post-thumbnail","hentry","category-blog"],"acf":[],"yoast_head":"<!-- This site is optimized with the Yoast SEO plugin v27.1.1 - https:\/\/yoast.com\/product\/yoast-seo-wordpress\/ -->\n<title>Especial Mes del Circo: la historia e impulso de Carpa Azul - Valpara\u00ed\u00adso Creativo<\/title>\n<meta name=\"robots\" content=\"index, follow, max-snippet:-1, max-image-preview:large, max-video-preview:-1\" \/>\n<link rel=\"canonical\" href=\"https:\/\/dev.antudigital.cl\/sites\/vc\/especial-mes-del-circo-la-historia-e-impulso-de-carpa-azul\/\" \/>\n<meta property=\"og:locale\" content=\"es_ES\" \/>\n<meta property=\"og:type\" content=\"article\" \/>\n<meta property=\"og:title\" content=\"Especial Mes del Circo: la historia e impulso de Carpa Azul - Valpara\u00ed\u00adso Creativo\" \/>\n<meta property=\"og:description\" content=\"Septiembre es el Mes del Circo y la semana pasada lo celebramos entrevistando a la organizaci\u00f3n Enaires, ahora es el turno de la Carpa Azul Circo, organizaci\u00f3n que lleva m\u00e1s de dos d\u00e9cadas dedic\u00e1ndose a las artes circenses y que tambi\u00e9n se enfoca en la difusi\u00f3n y formaci\u00f3n de estas disciplinas. Tuvimos el placer de [&hellip;]\" \/>\n<meta property=\"og:url\" content=\"https:\/\/dev.antudigital.cl\/sites\/vc\/especial-mes-del-circo-la-historia-e-impulso-de-carpa-azul\/\" \/>\n<meta property=\"og:site_name\" content=\"Valpara\u00ed\u00adso Creativo\" \/>\n<meta property=\"article:published_time\" content=\"2024-09-03T01:29:29+00:00\" \/>\n<meta property=\"article:modified_time\" content=\"2024-09-03T03:45:29+00:00\" \/>\n<meta property=\"og:image\" content=\"https:\/\/dev.antudigital.cl\/sites\/vc\/wp-content\/uploads\/2024\/09\/giro-blancoy-negro.jpg\" \/>\n\t<meta property=\"og:image:width\" content=\"1350\" \/>\n\t<meta property=\"og:image:height\" content=\"900\" \/>\n\t<meta property=\"og:image:type\" content=\"image\/jpeg\" \/>\n<meta name=\"author\" content=\"Valpara\u00edso Creativo\" \/>\n<meta name=\"twitter:card\" content=\"summary_large_image\" \/>\n<meta name=\"twitter:label1\" content=\"Escrito por\" \/>\n\t<meta name=\"twitter:data1\" content=\"Valpara\u00edso Creativo\" \/>\n\t<meta name=\"twitter:label2\" content=\"Tiempo de lectura\" \/>\n\t<meta name=\"twitter:data2\" content=\"7 minutos\" \/>\n<script type=\"application\/ld+json\" class=\"yoast-schema-graph\">{\"@context\":\"https:\/\/schema.org\",\"@graph\":[{\"@type\":\"Article\",\"@id\":\"https:\/\/dev.antudigital.cl\/sites\/vc\/especial-mes-del-circo-la-historia-e-impulso-de-carpa-azul\/#article\",\"isPartOf\":{\"@id\":\"https:\/\/dev.antudigital.cl\/sites\/vc\/especial-mes-del-circo-la-historia-e-impulso-de-carpa-azul\/\"},\"author\":{\"name\":\"Valpara\u00edso Creativo\",\"@id\":\"https:\/\/dev.antudigital.cl\/sites\/vc\/#\/schema\/person\/c2b9da8dd545e27166fc5ab232837318\"},\"headline\":\"Especial Mes del Circo: la historia e impulso de Carpa Azul\",\"datePublished\":\"2024-09-03T01:29:29+00:00\",\"dateModified\":\"2024-09-03T03:45:29+00:00\",\"mainEntityOfPage\":{\"@id\":\"https:\/\/dev.antudigital.cl\/sites\/vc\/especial-mes-del-circo-la-historia-e-impulso-de-carpa-azul\/\"},\"wordCount\":1447,\"image\":{\"@id\":\"https:\/\/dev.antudigital.cl\/sites\/vc\/especial-mes-del-circo-la-historia-e-impulso-de-carpa-azul\/#primaryimage\"},\"thumbnailUrl\":\"https:\/\/dev.antudigital.cl\/sites\/vc\/wp-content\/uploads\/2024\/09\/giro-blancoy-negro.jpg\",\"articleSection\":[\"Blog\"],\"inLanguage\":\"es\"},{\"@type\":\"WebPage\",\"@id\":\"https:\/\/dev.antudigital.cl\/sites\/vc\/especial-mes-del-circo-la-historia-e-impulso-de-carpa-azul\/\",\"url\":\"https:\/\/dev.antudigital.cl\/sites\/vc\/especial-mes-del-circo-la-historia-e-impulso-de-carpa-azul\/\",\"name\":\"Especial Mes del Circo: la historia e impulso de Carpa Azul - Valpara\u00ed\u00adso Creativo\",\"isPartOf\":{\"@id\":\"https:\/\/dev.antudigital.cl\/sites\/vc\/#website\"},\"primaryImageOfPage\":{\"@id\":\"https:\/\/dev.antudigital.cl\/sites\/vc\/especial-mes-del-circo-la-historia-e-impulso-de-carpa-azul\/#primaryimage\"},\"image\":{\"@id\":\"https:\/\/dev.antudigital.cl\/sites\/vc\/especial-mes-del-circo-la-historia-e-impulso-de-carpa-azul\/#primaryimage\"},\"thumbnailUrl\":\"https:\/\/dev.antudigital.cl\/sites\/vc\/wp-content\/uploads\/2024\/09\/giro-blancoy-negro.jpg\",\"datePublished\":\"2024-09-03T01:29:29+00:00\",\"dateModified\":\"2024-09-03T03:45:29+00:00\",\"author\":{\"@id\":\"https:\/\/dev.antudigital.cl\/sites\/vc\/#\/schema\/person\/c2b9da8dd545e27166fc5ab232837318\"},\"breadcrumb\":{\"@id\":\"https:\/\/dev.antudigital.cl\/sites\/vc\/especial-mes-del-circo-la-historia-e-impulso-de-carpa-azul\/#breadcrumb\"},\"inLanguage\":\"es\",\"potentialAction\":[{\"@type\":\"ReadAction\",\"target\":[\"https:\/\/dev.antudigital.cl\/sites\/vc\/especial-mes-del-circo-la-historia-e-impulso-de-carpa-azul\/\"]}]},{\"@type\":\"ImageObject\",\"inLanguage\":\"es\",\"@id\":\"https:\/\/dev.antudigital.cl\/sites\/vc\/especial-mes-del-circo-la-historia-e-impulso-de-carpa-azul\/#primaryimage\",\"url\":\"https:\/\/dev.antudigital.cl\/sites\/vc\/wp-content\/uploads\/2024\/09\/giro-blancoy-negro.jpg\",\"contentUrl\":\"https:\/\/dev.antudigital.cl\/sites\/vc\/wp-content\/uploads\/2024\/09\/giro-blancoy-negro.jpg\",\"width\":1350,\"height\":900},{\"@type\":\"BreadcrumbList\",\"@id\":\"https:\/\/dev.antudigital.cl\/sites\/vc\/especial-mes-del-circo-la-historia-e-impulso-de-carpa-azul\/#breadcrumb\",\"itemListElement\":[{\"@type\":\"ListItem\",\"position\":1,\"name\":\"Home\",\"item\":\"https:\/\/dev.antudigital.cl\/sites\/vc\/\"},{\"@type\":\"ListItem\",\"position\":2,\"name\":\"Especial Mes del Circo: la historia e impulso de Carpa Azul\"}]},{\"@type\":\"WebSite\",\"@id\":\"https:\/\/dev.antudigital.cl\/sites\/vc\/#website\",\"url\":\"https:\/\/dev.antudigital.cl\/sites\/vc\/\",\"name\":\"Valpara\u00ed\u00adso Creativo\",\"description\":\"\",\"potentialAction\":[{\"@type\":\"SearchAction\",\"target\":{\"@type\":\"EntryPoint\",\"urlTemplate\":\"https:\/\/dev.antudigital.cl\/sites\/vc\/?s={search_term_string}\"},\"query-input\":{\"@type\":\"PropertyValueSpecification\",\"valueRequired\":true,\"valueName\":\"search_term_string\"}}],\"inLanguage\":\"es\"},{\"@type\":\"Person\",\"@id\":\"https:\/\/dev.antudigital.cl\/sites\/vc\/#\/schema\/person\/c2b9da8dd545e27166fc5ab232837318\",\"name\":\"Valpara\u00edso Creativo\",\"description\":\"Periodista de cultura en la Regi\u00f3n de Valpara\u00edso.\",\"url\":\"https:\/\/dev.antudigital.cl\/sites\/vc\/author\/valpoadmin\/\"}]}<\/script>\n<!-- \/ Yoast SEO plugin. -->","yoast_head_json":{"title":"Especial Mes del Circo: la historia e impulso de Carpa Azul - Valpara\u00ed\u00adso Creativo","robots":{"index":"index","follow":"follow","max-snippet":"max-snippet:-1","max-image-preview":"max-image-preview:large","max-video-preview":"max-video-preview:-1"},"canonical":"https:\/\/dev.antudigital.cl\/sites\/vc\/especial-mes-del-circo-la-historia-e-impulso-de-carpa-azul\/","og_locale":"es_ES","og_type":"article","og_title":"Especial Mes del Circo: la historia e impulso de Carpa Azul - Valpara\u00ed\u00adso Creativo","og_description":"Septiembre es el Mes del Circo y la semana pasada lo celebramos entrevistando a la organizaci\u00f3n Enaires, ahora es el turno de la Carpa Azul Circo, organizaci\u00f3n que lleva m\u00e1s de dos d\u00e9cadas dedic\u00e1ndose a las artes circenses y que tambi\u00e9n se enfoca en la difusi\u00f3n y formaci\u00f3n de estas disciplinas. Tuvimos el placer de [&hellip;]","og_url":"https:\/\/dev.antudigital.cl\/sites\/vc\/especial-mes-del-circo-la-historia-e-impulso-de-carpa-azul\/","og_site_name":"Valpara\u00ed\u00adso Creativo","article_published_time":"2024-09-03T01:29:29+00:00","article_modified_time":"2024-09-03T03:45:29+00:00","og_image":[{"width":1350,"height":900,"url":"https:\/\/dev.antudigital.cl\/sites\/vc\/wp-content\/uploads\/2024\/09\/giro-blancoy-negro.jpg","type":"image\/jpeg"}],"author":"Valpara\u00edso Creativo","twitter_card":"summary_large_image","twitter_misc":{"Escrito por":"Valpara\u00edso Creativo","Tiempo de lectura":"7 minutos"},"schema":{"@context":"https:\/\/schema.org","@graph":[{"@type":"Article","@id":"https:\/\/dev.antudigital.cl\/sites\/vc\/especial-mes-del-circo-la-historia-e-impulso-de-carpa-azul\/#article","isPartOf":{"@id":"https:\/\/dev.antudigital.cl\/sites\/vc\/especial-mes-del-circo-la-historia-e-impulso-de-carpa-azul\/"},"author":{"name":"Valpara\u00edso Creativo","@id":"https:\/\/dev.antudigital.cl\/sites\/vc\/#\/schema\/person\/c2b9da8dd545e27166fc5ab232837318"},"headline":"Especial Mes del Circo: la historia e impulso de Carpa Azul","datePublished":"2024-09-03T01:29:29+00:00","dateModified":"2024-09-03T03:45:29+00:00","mainEntityOfPage":{"@id":"https:\/\/dev.antudigital.cl\/sites\/vc\/especial-mes-del-circo-la-historia-e-impulso-de-carpa-azul\/"},"wordCount":1447,"image":{"@id":"https:\/\/dev.antudigital.cl\/sites\/vc\/especial-mes-del-circo-la-historia-e-impulso-de-carpa-azul\/#primaryimage"},"thumbnailUrl":"https:\/\/dev.antudigital.cl\/sites\/vc\/wp-content\/uploads\/2024\/09\/giro-blancoy-negro.jpg","articleSection":["Blog"],"inLanguage":"es"},{"@type":"WebPage","@id":"https:\/\/dev.antudigital.cl\/sites\/vc\/especial-mes-del-circo-la-historia-e-impulso-de-carpa-azul\/","url":"https:\/\/dev.antudigital.cl\/sites\/vc\/especial-mes-del-circo-la-historia-e-impulso-de-carpa-azul\/","name":"Especial Mes del Circo: la historia e impulso de Carpa Azul - Valpara\u00ed\u00adso Creativo","isPartOf":{"@id":"https:\/\/dev.antudigital.cl\/sites\/vc\/#website"},"primaryImageOfPage":{"@id":"https:\/\/dev.antudigital.cl\/sites\/vc\/especial-mes-del-circo-la-historia-e-impulso-de-carpa-azul\/#primaryimage"},"image":{"@id":"https:\/\/dev.antudigital.cl\/sites\/vc\/especial-mes-del-circo-la-historia-e-impulso-de-carpa-azul\/#primaryimage"},"thumbnailUrl":"https:\/\/dev.antudigital.cl\/sites\/vc\/wp-content\/uploads\/2024\/09\/giro-blancoy-negro.jpg","datePublished":"2024-09-03T01:29:29+00:00","dateModified":"2024-09-03T03:45:29+00:00","author":{"@id":"https:\/\/dev.antudigital.cl\/sites\/vc\/#\/schema\/person\/c2b9da8dd545e27166fc5ab232837318"},"breadcrumb":{"@id":"https:\/\/dev.antudigital.cl\/sites\/vc\/especial-mes-del-circo-la-historia-e-impulso-de-carpa-azul\/#breadcrumb"},"inLanguage":"es","potentialAction":[{"@type":"ReadAction","target":["https:\/\/dev.antudigital.cl\/sites\/vc\/especial-mes-del-circo-la-historia-e-impulso-de-carpa-azul\/"]}]},{"@type":"ImageObject","inLanguage":"es","@id":"https:\/\/dev.antudigital.cl\/sites\/vc\/especial-mes-del-circo-la-historia-e-impulso-de-carpa-azul\/#primaryimage","url":"https:\/\/dev.antudigital.cl\/sites\/vc\/wp-content\/uploads\/2024\/09\/giro-blancoy-negro.jpg","contentUrl":"https:\/\/dev.antudigital.cl\/sites\/vc\/wp-content\/uploads\/2024\/09\/giro-blancoy-negro.jpg","width":1350,"height":900},{"@type":"BreadcrumbList","@id":"https:\/\/dev.antudigital.cl\/sites\/vc\/especial-mes-del-circo-la-historia-e-impulso-de-carpa-azul\/#breadcrumb","itemListElement":[{"@type":"ListItem","position":1,"name":"Home","item":"https:\/\/dev.antudigital.cl\/sites\/vc\/"},{"@type":"ListItem","position":2,"name":"Especial Mes del Circo: la historia e impulso de Carpa Azul"}]},{"@type":"WebSite","@id":"https:\/\/dev.antudigital.cl\/sites\/vc\/#website","url":"https:\/\/dev.antudigital.cl\/sites\/vc\/","name":"Valpara\u00ed\u00adso Creativo","description":"","potentialAction":[{"@type":"SearchAction","target":{"@type":"EntryPoint","urlTemplate":"https:\/\/dev.antudigital.cl\/sites\/vc\/?s={search_term_string}"},"query-input":{"@type":"PropertyValueSpecification","valueRequired":true,"valueName":"search_term_string"}}],"inLanguage":"es"},{"@type":"Person","@id":"https:\/\/dev.antudigital.cl\/sites\/vc\/#\/schema\/person\/c2b9da8dd545e27166fc5ab232837318","name":"Valpara\u00edso Creativo","description":"Periodista de cultura en la Regi\u00f3n de Valpara\u00edso.","url":"https:\/\/dev.antudigital.cl\/sites\/vc\/author\/valpoadmin\/"}]}},"_links":{"self":[{"href":"https:\/\/dev.antudigital.cl\/sites\/vc\/wp-json\/wp\/v2\/posts\/20235","targetHints":{"allow":["GET"]}}],"collection":[{"href":"https:\/\/dev.antudigital.cl\/sites\/vc\/wp-json\/wp\/v2\/posts"}],"about":[{"href":"https:\/\/dev.antudigital.cl\/sites\/vc\/wp-json\/wp\/v2\/types\/post"}],"author":[{"embeddable":true,"href":"https:\/\/dev.antudigital.cl\/sites\/vc\/wp-json\/wp\/v2\/users\/1"}],"replies":[{"embeddable":true,"href":"https:\/\/dev.antudigital.cl\/sites\/vc\/wp-json\/wp\/v2\/comments?post=20235"}],"version-history":[{"count":5,"href":"https:\/\/dev.antudigital.cl\/sites\/vc\/wp-json\/wp\/v2\/posts\/20235\/revisions"}],"predecessor-version":[{"id":20246,"href":"https:\/\/dev.antudigital.cl\/sites\/vc\/wp-json\/wp\/v2\/posts\/20235\/revisions\/20246"}],"wp:featuredmedia":[{"embeddable":true,"href":"https:\/\/dev.antudigital.cl\/sites\/vc\/wp-json\/wp\/v2\/media\/20236"}],"wp:attachment":[{"href":"https:\/\/dev.antudigital.cl\/sites\/vc\/wp-json\/wp\/v2\/media?parent=20235"}],"wp:term":[{"taxonomy":"category","embeddable":true,"href":"https:\/\/dev.antudigital.cl\/sites\/vc\/wp-json\/wp\/v2\/categories?post=20235"},{"taxonomy":"post_tag","embeddable":true,"href":"https:\/\/dev.antudigital.cl\/sites\/vc\/wp-json\/wp\/v2\/tags?post=20235"}],"curies":[{"name":"wp","href":"https:\/\/api.w.org\/{rel}","templated":true}]}}