{"id":20387,"date":"2024-09-09T23:13:32","date_gmt":"2024-09-09T23:13:32","guid":{"rendered":"https:\/\/www.valparaisocreativo.cl\/?p=20387"},"modified":"2024-09-09T23:18:19","modified_gmt":"2024-09-09T23:18:19","slug":"jefa-regional-de-vinculacion-con-el-medio-de-arcos-destaca-instancia-de-articulacion-de-economia-creativa","status":"publish","type":"post","link":"https:\/\/dev.antudigital.cl\/sites\/vc\/jefa-regional-de-vinculacion-con-el-medio-de-arcos-destaca-instancia-de-articulacion-de-economia-creativa\/","title":{"rendered":"JEFA REGIONAL DE VINCULACI\u00d3N CON EL MEDIO DE ARCOS DESTACA INSTANCIA DE ARTICULACI\u00d3N DE ECONOM\u00cdA CREATIVA"},"content":{"rendered":"\n<p><strong><em>Durante la semana reci\u00e9n pasada, se desarrollaron una serie de actividades en el parque Cultural de Valpara\u00edso en el marco de la ejecuci\u00f3n del proyecto Metadistritos, <\/em><\/strong><strong><em>el medio de difusi\u00f3n del proyecto \u201cMetodolog\u00eda para detectar potenciales distritos creativos para incrementar el desarrollo de las econom\u00edas creativas\u201d, financiado por el FIC-R del Gobierno Regional de Valpara\u00edso, liderado por la Universidad Vi\u00f1a del Mar y la colaboraci\u00f3n de Valpara\u00edso Creativo, PER de Corfo.&nbsp;<\/em><\/strong><\/p>\n\n\n\n<p>Tras un largo trabajo metodol\u00f3gico y luego territorial a trav\u00e9s de capacitaciones, todo culmin\u00f3 en una serie de ponencias guiadas por las expositoras internacionales, Claudia Costa (PobleNou Urban District, Espa\u00f1a) y Paula Trujillo (Conexiones Creativas, Colombia).<\/p>\n\n\n\n<p>Una de estas actividades cont\u00f3 con un grupo espec\u00edfico de representantes de organizaciones creativas de la regi\u00f3n de Valpara\u00edso, abarcando comunas como Olmu\u00e9, Quillota, El Quisco, Vi\u00f1a del Mar y Quilpu\u00e9. Entre quienes accedieron a la invitaci\u00f3n, se encontr\u00f3 el Instituto Profesional ARCOS, a trav\u00e9s de <strong>Loreto Aravena, su jefa de Vinculaci\u00f3n con el Medio regional<\/strong>.<\/p>\n\n\n\n<p>Cabe destacar la presencia del equipo de Valpara\u00edso Creativo como colaborador clave de este proyecto desde sus inicios, a trav\u00e9s de la entrega de conocimientos e instrumentos de financiamiento, como tambi\u00e9n articulando y siendo un organismo necesario para la vinculaci\u00f3n interinstitucional que requiere el trabajo para y por los Distritos Creativos y su potencial implementaci\u00f3n en la regi\u00f3n de Valpara\u00edso.<\/p>\n\n\n\n<p>En este sentido, Loreto Aravena coment\u00f3 que \u201clos talleres me parecieron una instancia de intercambio de informaci\u00f3n muy interesante. Las diversas metodolog\u00edas nos empujaron a conocernos y descubrirnos en el ecosistema cultural presente en toda la regi\u00f3n\u201d.<\/p>\n\n\n\n<figure class=\"wp-block-image size-large\"><img fetchpriority=\"high\" decoding=\"async\" width=\"1024\" height=\"768\" src=\"https:\/\/www.valparaisocreativo.cl\/wp-content\/uploads\/2024\/09\/Encuentro-Metadistritos-1024x768.jpg\" alt=\"\" class=\"wp-image-20389\" srcset=\"https:\/\/dev.antudigital.cl\/sites\/vc\/wp-content\/uploads\/2024\/09\/Encuentro-Metadistritos-1024x768.jpg 1024w, https:\/\/dev.antudigital.cl\/sites\/vc\/wp-content\/uploads\/2024\/09\/Encuentro-Metadistritos-300x225.jpg 300w, https:\/\/dev.antudigital.cl\/sites\/vc\/wp-content\/uploads\/2024\/09\/Encuentro-Metadistritos-768x576.jpg 768w, https:\/\/dev.antudigital.cl\/sites\/vc\/wp-content\/uploads\/2024\/09\/Encuentro-Metadistritos-1536x1152.jpg 1536w, https:\/\/dev.antudigital.cl\/sites\/vc\/wp-content\/uploads\/2024\/09\/Encuentro-Metadistritos-2048x1536.jpg 2048w, https:\/\/dev.antudigital.cl\/sites\/vc\/wp-content\/uploads\/2024\/09\/Encuentro-Metadistritos-510x382.jpg 510w, https:\/\/dev.antudigital.cl\/sites\/vc\/wp-content\/uploads\/2024\/09\/Encuentro-Metadistritos-1080x810.jpg 1080w, https:\/\/dev.antudigital.cl\/sites\/vc\/wp-content\/uploads\/2024\/09\/Encuentro-Metadistritos-1280x960.jpg 1280w, https:\/\/dev.antudigital.cl\/sites\/vc\/wp-content\/uploads\/2024\/09\/Encuentro-Metadistritos-980x735.jpg 980w, https:\/\/dev.antudigital.cl\/sites\/vc\/wp-content\/uploads\/2024\/09\/Encuentro-Metadistritos-480x360.jpg 480w, https:\/\/dev.antudigital.cl\/sites\/vc\/wp-content\/uploads\/2024\/09\/Encuentro-Metadistritos-24x18.jpg 24w, https:\/\/dev.antudigital.cl\/sites\/vc\/wp-content\/uploads\/2024\/09\/Encuentro-Metadistritos-36x27.jpg 36w, https:\/\/dev.antudigital.cl\/sites\/vc\/wp-content\/uploads\/2024\/09\/Encuentro-Metadistritos-48x36.jpg 48w\" sizes=\"(max-width: 1024px) 100vw, 1024px\" \/><\/figure>\n\n\n\n<p>El mi\u00e9rcoles 4 de septiembre y durante el Encuentro de Econom\u00edas Creativas y Distritos Creativos de la regi\u00f3n de Valpara\u00edso, asistieron actores del sector creativo de toda la regi\u00f3n, de organizaciones sociales, culturales, municipios y trabajadores independientes.<\/p>\n\n\n\n<p>Respecto a esta primera experiencia, Loreto Aravena reflexiona sobre la jornada. \u201cRescato mucho las exposiciones de Claudia y de Paula. Creo que sus ejemplos nos brindan esperanza de que otros modelos se pueden intencionar para trabajar en cultura desde los territorios, sobre todo de uno tan fruct\u00edfero como la quinta regi\u00f3n, en donde estoy segura, internamente, comenzar\u00e1 a gestarse un gran espacio de Distritos Creativos\u201d.<\/p>\n\n\n\n<p>De esta misma manera, quienes asistieron comparten la visi\u00f3n que en nuestro territorio \u201cexisten diversos polos de desarrollo art\u00edstico cultural y de emprendimiento en el \u00e1rea, lo que podr\u00eda decantar en el futuro en alianzas y colaboraciones que promuevan una red m\u00e1s amplia de desarrollo estrat\u00e9gico a nivel regional\u201d, explica Aravena.<\/p>\n\n\n\n<p>Adem\u00e1s, durante el jueves 5 de septiembre se present\u00f3 la directora de la Red Nacional de Territorios Creativos Teresa D\u00edaz, de la que tanto Instituto Profesional ARCOS como Valpara\u00edso Creativo son parte.<\/p>\n\n\n\n<p>Para m\u00e1s informaci\u00f3n visita<a href=\"http:\/\/www.metadistritos.cl\"> www.metadistritos.cl<\/a>&nbsp;<\/p>\n","protected":false},"excerpt":{"rendered":"<p>Durante la semana reci\u00e9n pasada, se desarrollaron una serie de actividades en el parque Cultural de Valpara\u00edso en el marco de la ejecuci\u00f3n del proyecto Metadistritos, el medio de difusi\u00f3n del proyecto \u201cMetodolog\u00eda para detectar potenciales distritos creativos para incrementar el desarrollo de las econom\u00edas creativas\u201d, financiado por el FIC-R del Gobierno Regional de Valpara\u00edso, [&hellip;]<\/p>\n","protected":false},"author":1,"featured_media":20388,"comment_status":"closed","ping_status":"closed","sticky":false,"template":"","format":"standard","meta":{"_acf_changed":false,"footnotes":""},"categories":[218],"tags":[],"class_list":["post-20387","post","type-post","status-publish","format-standard","has-post-thumbnail","hentry","category-blog"],"acf":[],"yoast_head":"<!-- This site is optimized with the Yoast SEO plugin v27.1.1 - https:\/\/yoast.com\/product\/yoast-seo-wordpress\/ -->\n<title>JEFA REGIONAL DE VINCULACI\u00d3N CON EL MEDIO DE ARCOS DESTACA INSTANCIA DE ARTICULACI\u00d3N DE ECONOM\u00cdA CREATIVA - Valpara\u00ed\u00adso Creativo<\/title>\n<meta name=\"robots\" content=\"index, follow, max-snippet:-1, max-image-preview:large, max-video-preview:-1\" \/>\n<link rel=\"canonical\" href=\"https:\/\/dev.antudigital.cl\/sites\/vc\/jefa-regional-de-vinculacion-con-el-medio-de-arcos-destaca-instancia-de-articulacion-de-economia-creativa\/\" \/>\n<meta property=\"og:locale\" content=\"es_ES\" \/>\n<meta property=\"og:type\" content=\"article\" \/>\n<meta property=\"og:title\" content=\"JEFA REGIONAL DE VINCULACI\u00d3N CON EL MEDIO DE ARCOS DESTACA INSTANCIA DE ARTICULACI\u00d3N DE ECONOM\u00cdA CREATIVA - Valpara\u00ed\u00adso Creativo\" \/>\n<meta property=\"og:description\" content=\"Durante la semana reci\u00e9n pasada, se desarrollaron una serie de actividades en el parque Cultural de Valpara\u00edso en el marco de la ejecuci\u00f3n del proyecto Metadistritos, el medio de difusi\u00f3n del proyecto \u201cMetodolog\u00eda para detectar potenciales distritos creativos para incrementar el desarrollo de las econom\u00edas creativas\u201d, financiado por el FIC-R del Gobierno Regional de Valpara\u00edso, [&hellip;]\" \/>\n<meta property=\"og:url\" content=\"https:\/\/dev.antudigital.cl\/sites\/vc\/jefa-regional-de-vinculacion-con-el-medio-de-arcos-destaca-instancia-de-articulacion-de-economia-creativa\/\" \/>\n<meta property=\"og:site_name\" content=\"Valpara\u00ed\u00adso Creativo\" \/>\n<meta property=\"article:published_time\" content=\"2024-09-09T23:13:32+00:00\" \/>\n<meta property=\"article:modified_time\" content=\"2024-09-09T23:18:19+00:00\" \/>\n<meta property=\"og:image\" content=\"https:\/\/dev.antudigital.cl\/sites\/vc\/wp-content\/uploads\/2024\/09\/Jornada-miercoles-Meta.jpg\" \/>\n\t<meta property=\"og:image:width\" content=\"1600\" \/>\n\t<meta property=\"og:image:height\" content=\"1200\" \/>\n\t<meta property=\"og:image:type\" content=\"image\/jpeg\" \/>\n<meta name=\"author\" content=\"Valpara\u00edso Creativo\" \/>\n<meta name=\"twitter:card\" content=\"summary_large_image\" \/>\n<meta name=\"twitter:label1\" content=\"Escrito por\" \/>\n\t<meta name=\"twitter:data1\" content=\"Valpara\u00edso Creativo\" \/>\n\t<meta name=\"twitter:label2\" content=\"Tiempo de lectura\" \/>\n\t<meta name=\"twitter:data2\" content=\"3 minutos\" \/>\n<script type=\"application\/ld+json\" class=\"yoast-schema-graph\">{\"@context\":\"https:\/\/schema.org\",\"@graph\":[{\"@type\":\"Article\",\"@id\":\"https:\/\/dev.antudigital.cl\/sites\/vc\/jefa-regional-de-vinculacion-con-el-medio-de-arcos-destaca-instancia-de-articulacion-de-economia-creativa\/#article\",\"isPartOf\":{\"@id\":\"https:\/\/dev.antudigital.cl\/sites\/vc\/jefa-regional-de-vinculacion-con-el-medio-de-arcos-destaca-instancia-de-articulacion-de-economia-creativa\/\"},\"author\":{\"name\":\"Valpara\u00edso Creativo\",\"@id\":\"https:\/\/dev.antudigital.cl\/sites\/vc\/#\/schema\/person\/c2b9da8dd545e27166fc5ab232837318\"},\"headline\":\"JEFA REGIONAL DE VINCULACI\u00d3N CON EL MEDIO DE ARCOS DESTACA INSTANCIA DE ARTICULACI\u00d3N DE ECONOM\u00cdA CREATIVA\",\"datePublished\":\"2024-09-09T23:13:32+00:00\",\"dateModified\":\"2024-09-09T23:18:19+00:00\",\"mainEntityOfPage\":{\"@id\":\"https:\/\/dev.antudigital.cl\/sites\/vc\/jefa-regional-de-vinculacion-con-el-medio-de-arcos-destaca-instancia-de-articulacion-de-economia-creativa\/\"},\"wordCount\":518,\"image\":{\"@id\":\"https:\/\/dev.antudigital.cl\/sites\/vc\/jefa-regional-de-vinculacion-con-el-medio-de-arcos-destaca-instancia-de-articulacion-de-economia-creativa\/#primaryimage\"},\"thumbnailUrl\":\"https:\/\/dev.antudigital.cl\/sites\/vc\/wp-content\/uploads\/2024\/09\/Jornada-miercoles-Meta.jpg\",\"articleSection\":[\"Blog\"],\"inLanguage\":\"es\"},{\"@type\":\"WebPage\",\"@id\":\"https:\/\/dev.antudigital.cl\/sites\/vc\/jefa-regional-de-vinculacion-con-el-medio-de-arcos-destaca-instancia-de-articulacion-de-economia-creativa\/\",\"url\":\"https:\/\/dev.antudigital.cl\/sites\/vc\/jefa-regional-de-vinculacion-con-el-medio-de-arcos-destaca-instancia-de-articulacion-de-economia-creativa\/\",\"name\":\"JEFA REGIONAL DE VINCULACI\u00d3N CON EL MEDIO DE ARCOS DESTACA INSTANCIA DE ARTICULACI\u00d3N DE ECONOM\u00cdA CREATIVA - Valpara\u00ed\u00adso Creativo\",\"isPartOf\":{\"@id\":\"https:\/\/dev.antudigital.cl\/sites\/vc\/#website\"},\"primaryImageOfPage\":{\"@id\":\"https:\/\/dev.antudigital.cl\/sites\/vc\/jefa-regional-de-vinculacion-con-el-medio-de-arcos-destaca-instancia-de-articulacion-de-economia-creativa\/#primaryimage\"},\"image\":{\"@id\":\"https:\/\/dev.antudigital.cl\/sites\/vc\/jefa-regional-de-vinculacion-con-el-medio-de-arcos-destaca-instancia-de-articulacion-de-economia-creativa\/#primaryimage\"},\"thumbnailUrl\":\"https:\/\/dev.antudigital.cl\/sites\/vc\/wp-content\/uploads\/2024\/09\/Jornada-miercoles-Meta.jpg\",\"datePublished\":\"2024-09-09T23:13:32+00:00\",\"dateModified\":\"2024-09-09T23:18:19+00:00\",\"author\":{\"@id\":\"https:\/\/dev.antudigital.cl\/sites\/vc\/#\/schema\/person\/c2b9da8dd545e27166fc5ab232837318\"},\"breadcrumb\":{\"@id\":\"https:\/\/dev.antudigital.cl\/sites\/vc\/jefa-regional-de-vinculacion-con-el-medio-de-arcos-destaca-instancia-de-articulacion-de-economia-creativa\/#breadcrumb\"},\"inLanguage\":\"es\",\"potentialAction\":[{\"@type\":\"ReadAction\",\"target\":[\"https:\/\/dev.antudigital.cl\/sites\/vc\/jefa-regional-de-vinculacion-con-el-medio-de-arcos-destaca-instancia-de-articulacion-de-economia-creativa\/\"]}]},{\"@type\":\"ImageObject\",\"inLanguage\":\"es\",\"@id\":\"https:\/\/dev.antudigital.cl\/sites\/vc\/jefa-regional-de-vinculacion-con-el-medio-de-arcos-destaca-instancia-de-articulacion-de-economia-creativa\/#primaryimage\",\"url\":\"https:\/\/dev.antudigital.cl\/sites\/vc\/wp-content\/uploads\/2024\/09\/Jornada-miercoles-Meta.jpg\",\"contentUrl\":\"https:\/\/dev.antudigital.cl\/sites\/vc\/wp-content\/uploads\/2024\/09\/Jornada-miercoles-Meta.jpg\",\"width\":1600,\"height\":1200},{\"@type\":\"BreadcrumbList\",\"@id\":\"https:\/\/dev.antudigital.cl\/sites\/vc\/jefa-regional-de-vinculacion-con-el-medio-de-arcos-destaca-instancia-de-articulacion-de-economia-creativa\/#breadcrumb\",\"itemListElement\":[{\"@type\":\"ListItem\",\"position\":1,\"name\":\"Home\",\"item\":\"https:\/\/dev.antudigital.cl\/sites\/vc\/\"},{\"@type\":\"ListItem\",\"position\":2,\"name\":\"JEFA REGIONAL DE VINCULACI\u00d3N CON EL MEDIO DE ARCOS DESTACA INSTANCIA DE ARTICULACI\u00d3N DE ECONOM\u00cdA CREATIVA\"}]},{\"@type\":\"WebSite\",\"@id\":\"https:\/\/dev.antudigital.cl\/sites\/vc\/#website\",\"url\":\"https:\/\/dev.antudigital.cl\/sites\/vc\/\",\"name\":\"Valpara\u00ed\u00adso Creativo\",\"description\":\"\",\"potentialAction\":[{\"@type\":\"SearchAction\",\"target\":{\"@type\":\"EntryPoint\",\"urlTemplate\":\"https:\/\/dev.antudigital.cl\/sites\/vc\/?s={search_term_string}\"},\"query-input\":{\"@type\":\"PropertyValueSpecification\",\"valueRequired\":true,\"valueName\":\"search_term_string\"}}],\"inLanguage\":\"es\"},{\"@type\":\"Person\",\"@id\":\"https:\/\/dev.antudigital.cl\/sites\/vc\/#\/schema\/person\/c2b9da8dd545e27166fc5ab232837318\",\"name\":\"Valpara\u00edso Creativo\",\"description\":\"Periodista de cultura en la Regi\u00f3n de Valpara\u00edso.\",\"url\":\"https:\/\/dev.antudigital.cl\/sites\/vc\/author\/valpoadmin\/\"}]}<\/script>\n<!-- \/ Yoast SEO plugin. -->","yoast_head_json":{"title":"JEFA REGIONAL DE VINCULACI\u00d3N CON EL MEDIO DE ARCOS DESTACA INSTANCIA DE ARTICULACI\u00d3N DE ECONOM\u00cdA CREATIVA - Valpara\u00ed\u00adso Creativo","robots":{"index":"index","follow":"follow","max-snippet":"max-snippet:-1","max-image-preview":"max-image-preview:large","max-video-preview":"max-video-preview:-1"},"canonical":"https:\/\/dev.antudigital.cl\/sites\/vc\/jefa-regional-de-vinculacion-con-el-medio-de-arcos-destaca-instancia-de-articulacion-de-economia-creativa\/","og_locale":"es_ES","og_type":"article","og_title":"JEFA REGIONAL DE VINCULACI\u00d3N CON EL MEDIO DE ARCOS DESTACA INSTANCIA DE ARTICULACI\u00d3N DE ECONOM\u00cdA CREATIVA - Valpara\u00ed\u00adso Creativo","og_description":"Durante la semana reci\u00e9n pasada, se desarrollaron una serie de actividades en el parque Cultural de Valpara\u00edso en el marco de la ejecuci\u00f3n del proyecto Metadistritos, el medio de difusi\u00f3n del proyecto \u201cMetodolog\u00eda para detectar potenciales distritos creativos para incrementar el desarrollo de las econom\u00edas creativas\u201d, financiado por el FIC-R del Gobierno Regional de Valpara\u00edso, [&hellip;]","og_url":"https:\/\/dev.antudigital.cl\/sites\/vc\/jefa-regional-de-vinculacion-con-el-medio-de-arcos-destaca-instancia-de-articulacion-de-economia-creativa\/","og_site_name":"Valpara\u00ed\u00adso Creativo","article_published_time":"2024-09-09T23:13:32+00:00","article_modified_time":"2024-09-09T23:18:19+00:00","og_image":[{"width":1600,"height":1200,"url":"https:\/\/dev.antudigital.cl\/sites\/vc\/wp-content\/uploads\/2024\/09\/Jornada-miercoles-Meta.jpg","type":"image\/jpeg"}],"author":"Valpara\u00edso Creativo","twitter_card":"summary_large_image","twitter_misc":{"Escrito por":"Valpara\u00edso Creativo","Tiempo de lectura":"3 minutos"},"schema":{"@context":"https:\/\/schema.org","@graph":[{"@type":"Article","@id":"https:\/\/dev.antudigital.cl\/sites\/vc\/jefa-regional-de-vinculacion-con-el-medio-de-arcos-destaca-instancia-de-articulacion-de-economia-creativa\/#article","isPartOf":{"@id":"https:\/\/dev.antudigital.cl\/sites\/vc\/jefa-regional-de-vinculacion-con-el-medio-de-arcos-destaca-instancia-de-articulacion-de-economia-creativa\/"},"author":{"name":"Valpara\u00edso Creativo","@id":"https:\/\/dev.antudigital.cl\/sites\/vc\/#\/schema\/person\/c2b9da8dd545e27166fc5ab232837318"},"headline":"JEFA REGIONAL DE VINCULACI\u00d3N CON EL MEDIO DE ARCOS DESTACA INSTANCIA DE ARTICULACI\u00d3N DE ECONOM\u00cdA CREATIVA","datePublished":"2024-09-09T23:13:32+00:00","dateModified":"2024-09-09T23:18:19+00:00","mainEntityOfPage":{"@id":"https:\/\/dev.antudigital.cl\/sites\/vc\/jefa-regional-de-vinculacion-con-el-medio-de-arcos-destaca-instancia-de-articulacion-de-economia-creativa\/"},"wordCount":518,"image":{"@id":"https:\/\/dev.antudigital.cl\/sites\/vc\/jefa-regional-de-vinculacion-con-el-medio-de-arcos-destaca-instancia-de-articulacion-de-economia-creativa\/#primaryimage"},"thumbnailUrl":"https:\/\/dev.antudigital.cl\/sites\/vc\/wp-content\/uploads\/2024\/09\/Jornada-miercoles-Meta.jpg","articleSection":["Blog"],"inLanguage":"es"},{"@type":"WebPage","@id":"https:\/\/dev.antudigital.cl\/sites\/vc\/jefa-regional-de-vinculacion-con-el-medio-de-arcos-destaca-instancia-de-articulacion-de-economia-creativa\/","url":"https:\/\/dev.antudigital.cl\/sites\/vc\/jefa-regional-de-vinculacion-con-el-medio-de-arcos-destaca-instancia-de-articulacion-de-economia-creativa\/","name":"JEFA REGIONAL DE VINCULACI\u00d3N CON EL MEDIO DE ARCOS DESTACA INSTANCIA DE ARTICULACI\u00d3N DE ECONOM\u00cdA CREATIVA - Valpara\u00ed\u00adso Creativo","isPartOf":{"@id":"https:\/\/dev.antudigital.cl\/sites\/vc\/#website"},"primaryImageOfPage":{"@id":"https:\/\/dev.antudigital.cl\/sites\/vc\/jefa-regional-de-vinculacion-con-el-medio-de-arcos-destaca-instancia-de-articulacion-de-economia-creativa\/#primaryimage"},"image":{"@id":"https:\/\/dev.antudigital.cl\/sites\/vc\/jefa-regional-de-vinculacion-con-el-medio-de-arcos-destaca-instancia-de-articulacion-de-economia-creativa\/#primaryimage"},"thumbnailUrl":"https:\/\/dev.antudigital.cl\/sites\/vc\/wp-content\/uploads\/2024\/09\/Jornada-miercoles-Meta.jpg","datePublished":"2024-09-09T23:13:32+00:00","dateModified":"2024-09-09T23:18:19+00:00","author":{"@id":"https:\/\/dev.antudigital.cl\/sites\/vc\/#\/schema\/person\/c2b9da8dd545e27166fc5ab232837318"},"breadcrumb":{"@id":"https:\/\/dev.antudigital.cl\/sites\/vc\/jefa-regional-de-vinculacion-con-el-medio-de-arcos-destaca-instancia-de-articulacion-de-economia-creativa\/#breadcrumb"},"inLanguage":"es","potentialAction":[{"@type":"ReadAction","target":["https:\/\/dev.antudigital.cl\/sites\/vc\/jefa-regional-de-vinculacion-con-el-medio-de-arcos-destaca-instancia-de-articulacion-de-economia-creativa\/"]}]},{"@type":"ImageObject","inLanguage":"es","@id":"https:\/\/dev.antudigital.cl\/sites\/vc\/jefa-regional-de-vinculacion-con-el-medio-de-arcos-destaca-instancia-de-articulacion-de-economia-creativa\/#primaryimage","url":"https:\/\/dev.antudigital.cl\/sites\/vc\/wp-content\/uploads\/2024\/09\/Jornada-miercoles-Meta.jpg","contentUrl":"https:\/\/dev.antudigital.cl\/sites\/vc\/wp-content\/uploads\/2024\/09\/Jornada-miercoles-Meta.jpg","width":1600,"height":1200},{"@type":"BreadcrumbList","@id":"https:\/\/dev.antudigital.cl\/sites\/vc\/jefa-regional-de-vinculacion-con-el-medio-de-arcos-destaca-instancia-de-articulacion-de-economia-creativa\/#breadcrumb","itemListElement":[{"@type":"ListItem","position":1,"name":"Home","item":"https:\/\/dev.antudigital.cl\/sites\/vc\/"},{"@type":"ListItem","position":2,"name":"JEFA REGIONAL DE VINCULACI\u00d3N CON EL MEDIO DE ARCOS DESTACA INSTANCIA DE ARTICULACI\u00d3N DE ECONOM\u00cdA CREATIVA"}]},{"@type":"WebSite","@id":"https:\/\/dev.antudigital.cl\/sites\/vc\/#website","url":"https:\/\/dev.antudigital.cl\/sites\/vc\/","name":"Valpara\u00ed\u00adso Creativo","description":"","potentialAction":[{"@type":"SearchAction","target":{"@type":"EntryPoint","urlTemplate":"https:\/\/dev.antudigital.cl\/sites\/vc\/?s={search_term_string}"},"query-input":{"@type":"PropertyValueSpecification","valueRequired":true,"valueName":"search_term_string"}}],"inLanguage":"es"},{"@type":"Person","@id":"https:\/\/dev.antudigital.cl\/sites\/vc\/#\/schema\/person\/c2b9da8dd545e27166fc5ab232837318","name":"Valpara\u00edso Creativo","description":"Periodista de cultura en la Regi\u00f3n de Valpara\u00edso.","url":"https:\/\/dev.antudigital.cl\/sites\/vc\/author\/valpoadmin\/"}]}},"_links":{"self":[{"href":"https:\/\/dev.antudigital.cl\/sites\/vc\/wp-json\/wp\/v2\/posts\/20387","targetHints":{"allow":["GET"]}}],"collection":[{"href":"https:\/\/dev.antudigital.cl\/sites\/vc\/wp-json\/wp\/v2\/posts"}],"about":[{"href":"https:\/\/dev.antudigital.cl\/sites\/vc\/wp-json\/wp\/v2\/types\/post"}],"author":[{"embeddable":true,"href":"https:\/\/dev.antudigital.cl\/sites\/vc\/wp-json\/wp\/v2\/users\/1"}],"replies":[{"embeddable":true,"href":"https:\/\/dev.antudigital.cl\/sites\/vc\/wp-json\/wp\/v2\/comments?post=20387"}],"version-history":[{"count":1,"href":"https:\/\/dev.antudigital.cl\/sites\/vc\/wp-json\/wp\/v2\/posts\/20387\/revisions"}],"predecessor-version":[{"id":20390,"href":"https:\/\/dev.antudigital.cl\/sites\/vc\/wp-json\/wp\/v2\/posts\/20387\/revisions\/20390"}],"wp:featuredmedia":[{"embeddable":true,"href":"https:\/\/dev.antudigital.cl\/sites\/vc\/wp-json\/wp\/v2\/media\/20388"}],"wp:attachment":[{"href":"https:\/\/dev.antudigital.cl\/sites\/vc\/wp-json\/wp\/v2\/media?parent=20387"}],"wp:term":[{"taxonomy":"category","embeddable":true,"href":"https:\/\/dev.antudigital.cl\/sites\/vc\/wp-json\/wp\/v2\/categories?post=20387"},{"taxonomy":"post_tag","embeddable":true,"href":"https:\/\/dev.antudigital.cl\/sites\/vc\/wp-json\/wp\/v2\/tags?post=20387"}],"curies":[{"name":"wp","href":"https:\/\/api.w.org\/{rel}","templated":true}]}}