{"id":20391,"date":"2024-09-09T23:17:00","date_gmt":"2024-09-09T23:17:00","guid":{"rendered":"https:\/\/www.valparaisocreativo.cl\/?p=20391"},"modified":"2024-09-09T23:17:18","modified_gmt":"2024-09-09T23:17:18","slug":"insomnia-estrena-slasher-unico-y-brutal-contado-desde-la-perspectiva-del-asesino-asesino-por-naturaleza","status":"publish","type":"post","link":"https:\/\/dev.antudigital.cl\/sites\/vc\/insomnia-estrena-slasher-unico-y-brutal-contado-desde-la-perspectiva-del-asesino-asesino-por-naturaleza\/","title":{"rendered":"INSOMNIA estrena slasher \u00fanico y brutal contado desde la perspectiva del asesino: \u201cAsesino por naturaleza\u201d"},"content":{"rendered":"\n<p>Llega a INSOMNIA Teatro Condell el fen\u00f3meno de terror que est\u00e1 revolucionando el g\u00e9nero del slasher. ASESINO POR NATURALEZA, la \u00f3pera prima del director Chris Nash propone una experiencia \u00fanica, que rememora a las cl\u00e1sicas pel\u00edculas de matanzas como Martes 13 y Halloween, pero planteada desde un punto de vista ingenioso, que sorprender\u00e1 gratamente a los fans del g\u00e9nero. Este film se proyectar\u00e1 en INSOMNIA los d\u00edas jueves 12 (21:30), s\u00e1bado 14 (21:30) y domingo 15 (20:00).<\/p>\n\n\n\n<p>ASESINO POR NATURALEZA es un slasher \u00fanico, contado desde la perspectiva de Johnny, un implacable y brutal asesino que emerge desde las profundidades de la tierra para masacrar a un grupo de j\u00f3venes, responsables de robarle su preciado amuleto y absolutamente nada lo detendr\u00e1 hasta recuperarlo.<\/p>\n\n\n\n<p>Johnny, interpretado por Ry Barrett, es sin dudas un personaje \u201cimpregnado de elementos que lo hacen sentir ic\u00f3nico, m\u00edtico y familiar, como una forma de aprovechar la sensaci\u00f3n que ten\u00eda cuando ve\u00eda pel\u00edculas de terror de ni\u00f1o\u201d comenta el director Chris Nash. Esta familiaridad, junto con la humanidad que entrega Barrett al personaje, sin duda har\u00e1n que empaticemos m\u00e1s con este violento monstruo que con sus v\u00edctimas. Y qui\u00e9n sabe, quiz\u00e1s hasta queramos que ninguna de \u00e9stas sobreviva.<\/p>\n\n\n\n<figure class=\"wp-block-image size-large\"><img fetchpriority=\"high\" decoding=\"async\" width=\"1024\" height=\"768\" src=\"https:\/\/www.valparaisocreativo.cl\/wp-content\/uploads\/2024\/09\/Asesino-por-naturaleza-4-1024x768.jpg\" alt=\"\" class=\"wp-image-20392\" srcset=\"https:\/\/dev.antudigital.cl\/sites\/vc\/wp-content\/uploads\/2024\/09\/Asesino-por-naturaleza-4-1024x768.jpg 1024w, https:\/\/dev.antudigital.cl\/sites\/vc\/wp-content\/uploads\/2024\/09\/Asesino-por-naturaleza-4-300x225.jpg 300w, https:\/\/dev.antudigital.cl\/sites\/vc\/wp-content\/uploads\/2024\/09\/Asesino-por-naturaleza-4-768x576.jpg 768w, https:\/\/dev.antudigital.cl\/sites\/vc\/wp-content\/uploads\/2024\/09\/Asesino-por-naturaleza-4-1536x1152.jpg 1536w, https:\/\/dev.antudigital.cl\/sites\/vc\/wp-content\/uploads\/2024\/09\/Asesino-por-naturaleza-4-2048x1536.jpg 2048w, https:\/\/dev.antudigital.cl\/sites\/vc\/wp-content\/uploads\/2024\/09\/Asesino-por-naturaleza-4-510x382.jpg 510w, https:\/\/dev.antudigital.cl\/sites\/vc\/wp-content\/uploads\/2024\/09\/Asesino-por-naturaleza-4-1080x810.jpg 1080w, https:\/\/dev.antudigital.cl\/sites\/vc\/wp-content\/uploads\/2024\/09\/Asesino-por-naturaleza-4-1280x960.jpg 1280w, https:\/\/dev.antudigital.cl\/sites\/vc\/wp-content\/uploads\/2024\/09\/Asesino-por-naturaleza-4-980x735.jpg 980w, https:\/\/dev.antudigital.cl\/sites\/vc\/wp-content\/uploads\/2024\/09\/Asesino-por-naturaleza-4-480x360.jpg 480w, https:\/\/dev.antudigital.cl\/sites\/vc\/wp-content\/uploads\/2024\/09\/Asesino-por-naturaleza-4-24x18.jpg 24w, https:\/\/dev.antudigital.cl\/sites\/vc\/wp-content\/uploads\/2024\/09\/Asesino-por-naturaleza-4-36x27.jpg 36w, https:\/\/dev.antudigital.cl\/sites\/vc\/wp-content\/uploads\/2024\/09\/Asesino-por-naturaleza-4-48x36.jpg 48w\" sizes=\"(max-width: 1024px) 100vw, 1024px\" \/><\/figure>\n\n\n\n<p>\u201cComo fan del terror siempre he sentido admiraci\u00f3n y fascinaci\u00f3n por el cine pausado y meditativo de cineastas como Gus Van Sant y Terrence Malick, siempre tuve curiosidad por saber qu\u00e9 pasar\u00eda si una pel\u00edcula de g\u00e9nero sangrienta y llena de tropos se rodar\u00e1 con el mismo enfoque; In A Violent Nature fue el resultado. Aunque se inspira en los artistas antes mencionados, nuestra pel\u00edcula tambi\u00e9n se inspira en obras como Elephant, de Alan Clarke, Angst, de Gerald Kargl, y Long Weekend, de Colin Eggleston, en su retrato objetivo de la violencia en un entorno concreto\u201d explica Nash.<\/p>\n\n\n\n<p>Respecto a la construcci\u00f3n del personaje de Johnny, se\u00f1al\u00f3 que: \u201cten\u00eda una gran deuda con los arquetipos de las pel\u00edculas de slashers como la saga Friday the 13, The Burning o My Bloody Valentine, entre otras. Lo mismo puede decirse de sus posibles v\u00edctimas, pero era importante que su representaci\u00f3n no fuera un comentario sobre los tropos o arquetipos, sino que se utilizar\u00e1n como herramientas para contar una historia conocida de una forma diferente y, a su vez, utilizar esta abreviatura para evitar volver a contar la misma historia de origen una vez m\u00e1s. Quer\u00eda crear un mundo en el que pudi\u00e9ramos imaginar que esta pel\u00edcula es en realidad la cuarta o quinta entrega de una serie de larga duraci\u00f3n\u201d.<\/p>\n\n\n\n<p>Acompa\u00f1ado por una c\u00e1mara que observa el paisaje del bosque, ASESINO POR NATURALEZA es un largometraje que nos sumerge en el proceso de la matanza mediante una sangrienta y creativa forma de percibir y replantear el g\u00e9nero del slasher. M\u00e1s informaci\u00f3n en&nbsp;<a href=\"http:\/\/www.insomniacine.cl\/\" target=\"_blank\" rel=\"noreferrer noopener\">www.insomniacine.cl<\/a>.<\/p>\n","protected":false},"excerpt":{"rendered":"<p>Llega a INSOMNIA Teatro Condell el fen\u00f3meno de terror que est\u00e1 revolucionando el g\u00e9nero del slasher. ASESINO POR NATURALEZA, la \u00f3pera prima del director Chris Nash propone una experiencia \u00fanica, que rememora a las cl\u00e1sicas pel\u00edculas de matanzas como Martes 13 y Halloween, pero planteada desde un punto de vista ingenioso, que sorprender\u00e1 gratamente a [&hellip;]<\/p>\n","protected":false},"author":1,"featured_media":20393,"comment_status":"closed","ping_status":"closed","sticky":false,"template":"","format":"standard","meta":{"_acf_changed":false,"footnotes":""},"categories":[8],"tags":[],"class_list":["post-20391","post","type-post","status-publish","format-standard","has-post-thumbnail","hentry","category-noticia"],"acf":[],"yoast_head":"<!-- This site is optimized with the Yoast SEO plugin v27.1.1 - https:\/\/yoast.com\/product\/yoast-seo-wordpress\/ -->\n<title>INSOMNIA estrena slasher \u00fanico y brutal contado desde la perspectiva del asesino: \u201cAsesino por naturaleza\u201d - Valpara\u00ed\u00adso Creativo<\/title>\n<meta name=\"robots\" content=\"index, follow, max-snippet:-1, max-image-preview:large, max-video-preview:-1\" \/>\n<link rel=\"canonical\" href=\"https:\/\/dev.antudigital.cl\/sites\/vc\/insomnia-estrena-slasher-unico-y-brutal-contado-desde-la-perspectiva-del-asesino-asesino-por-naturaleza\/\" \/>\n<meta property=\"og:locale\" content=\"es_ES\" \/>\n<meta property=\"og:type\" content=\"article\" \/>\n<meta property=\"og:title\" content=\"INSOMNIA estrena slasher \u00fanico y brutal contado desde la perspectiva del asesino: \u201cAsesino por naturaleza\u201d - Valpara\u00ed\u00adso Creativo\" \/>\n<meta property=\"og:description\" content=\"Llega a INSOMNIA Teatro Condell el fen\u00f3meno de terror que est\u00e1 revolucionando el g\u00e9nero del slasher. ASESINO POR NATURALEZA, la \u00f3pera prima del director Chris Nash propone una experiencia \u00fanica, que rememora a las cl\u00e1sicas pel\u00edculas de matanzas como Martes 13 y Halloween, pero planteada desde un punto de vista ingenioso, que sorprender\u00e1 gratamente a [&hellip;]\" \/>\n<meta property=\"og:url\" content=\"https:\/\/dev.antudigital.cl\/sites\/vc\/insomnia-estrena-slasher-unico-y-brutal-contado-desde-la-perspectiva-del-asesino-asesino-por-naturaleza\/\" \/>\n<meta property=\"og:site_name\" content=\"Valpara\u00ed\u00adso Creativo\" \/>\n<meta property=\"article:published_time\" content=\"2024-09-09T23:17:00+00:00\" \/>\n<meta property=\"article:modified_time\" content=\"2024-09-09T23:17:18+00:00\" \/>\n<meta property=\"og:image\" content=\"https:\/\/dev.antudigital.cl\/sites\/vc\/wp-content\/uploads\/2024\/09\/Asesino-por-naturaleza-2-scaled.jpg\" \/>\n\t<meta property=\"og:image:width\" content=\"2560\" \/>\n\t<meta property=\"og:image:height\" content=\"1920\" \/>\n\t<meta property=\"og:image:type\" content=\"image\/jpeg\" \/>\n<meta name=\"author\" content=\"Valpara\u00edso Creativo\" \/>\n<meta name=\"twitter:card\" content=\"summary_large_image\" \/>\n<meta name=\"twitter:label1\" content=\"Escrito por\" \/>\n\t<meta name=\"twitter:data1\" content=\"Valpara\u00edso Creativo\" \/>\n\t<meta name=\"twitter:label2\" content=\"Tiempo de lectura\" \/>\n\t<meta name=\"twitter:data2\" content=\"3 minutos\" \/>\n<script type=\"application\/ld+json\" class=\"yoast-schema-graph\">{\"@context\":\"https:\/\/schema.org\",\"@graph\":[{\"@type\":\"Article\",\"@id\":\"https:\/\/dev.antudigital.cl\/sites\/vc\/insomnia-estrena-slasher-unico-y-brutal-contado-desde-la-perspectiva-del-asesino-asesino-por-naturaleza\/#article\",\"isPartOf\":{\"@id\":\"https:\/\/dev.antudigital.cl\/sites\/vc\/insomnia-estrena-slasher-unico-y-brutal-contado-desde-la-perspectiva-del-asesino-asesino-por-naturaleza\/\"},\"author\":{\"name\":\"Valpara\u00edso Creativo\",\"@id\":\"https:\/\/dev.antudigital.cl\/sites\/vc\/#\/schema\/person\/c2b9da8dd545e27166fc5ab232837318\"},\"headline\":\"INSOMNIA estrena slasher \u00fanico y brutal contado desde la perspectiva del asesino: \u201cAsesino por naturaleza\u201d\",\"datePublished\":\"2024-09-09T23:17:00+00:00\",\"dateModified\":\"2024-09-09T23:17:18+00:00\",\"mainEntityOfPage\":{\"@id\":\"https:\/\/dev.antudigital.cl\/sites\/vc\/insomnia-estrena-slasher-unico-y-brutal-contado-desde-la-perspectiva-del-asesino-asesino-por-naturaleza\/\"},\"wordCount\":516,\"image\":{\"@id\":\"https:\/\/dev.antudigital.cl\/sites\/vc\/insomnia-estrena-slasher-unico-y-brutal-contado-desde-la-perspectiva-del-asesino-asesino-por-naturaleza\/#primaryimage\"},\"thumbnailUrl\":\"https:\/\/dev.antudigital.cl\/sites\/vc\/wp-content\/uploads\/2024\/09\/Asesino-por-naturaleza-2-scaled.jpg\",\"articleSection\":[\"Noticia\"],\"inLanguage\":\"es\"},{\"@type\":\"WebPage\",\"@id\":\"https:\/\/dev.antudigital.cl\/sites\/vc\/insomnia-estrena-slasher-unico-y-brutal-contado-desde-la-perspectiva-del-asesino-asesino-por-naturaleza\/\",\"url\":\"https:\/\/dev.antudigital.cl\/sites\/vc\/insomnia-estrena-slasher-unico-y-brutal-contado-desde-la-perspectiva-del-asesino-asesino-por-naturaleza\/\",\"name\":\"INSOMNIA estrena slasher \u00fanico y brutal contado desde la perspectiva del asesino: \u201cAsesino por naturaleza\u201d - Valpara\u00ed\u00adso Creativo\",\"isPartOf\":{\"@id\":\"https:\/\/dev.antudigital.cl\/sites\/vc\/#website\"},\"primaryImageOfPage\":{\"@id\":\"https:\/\/dev.antudigital.cl\/sites\/vc\/insomnia-estrena-slasher-unico-y-brutal-contado-desde-la-perspectiva-del-asesino-asesino-por-naturaleza\/#primaryimage\"},\"image\":{\"@id\":\"https:\/\/dev.antudigital.cl\/sites\/vc\/insomnia-estrena-slasher-unico-y-brutal-contado-desde-la-perspectiva-del-asesino-asesino-por-naturaleza\/#primaryimage\"},\"thumbnailUrl\":\"https:\/\/dev.antudigital.cl\/sites\/vc\/wp-content\/uploads\/2024\/09\/Asesino-por-naturaleza-2-scaled.jpg\",\"datePublished\":\"2024-09-09T23:17:00+00:00\",\"dateModified\":\"2024-09-09T23:17:18+00:00\",\"author\":{\"@id\":\"https:\/\/dev.antudigital.cl\/sites\/vc\/#\/schema\/person\/c2b9da8dd545e27166fc5ab232837318\"},\"breadcrumb\":{\"@id\":\"https:\/\/dev.antudigital.cl\/sites\/vc\/insomnia-estrena-slasher-unico-y-brutal-contado-desde-la-perspectiva-del-asesino-asesino-por-naturaleza\/#breadcrumb\"},\"inLanguage\":\"es\",\"potentialAction\":[{\"@type\":\"ReadAction\",\"target\":[\"https:\/\/dev.antudigital.cl\/sites\/vc\/insomnia-estrena-slasher-unico-y-brutal-contado-desde-la-perspectiva-del-asesino-asesino-por-naturaleza\/\"]}]},{\"@type\":\"ImageObject\",\"inLanguage\":\"es\",\"@id\":\"https:\/\/dev.antudigital.cl\/sites\/vc\/insomnia-estrena-slasher-unico-y-brutal-contado-desde-la-perspectiva-del-asesino-asesino-por-naturaleza\/#primaryimage\",\"url\":\"https:\/\/dev.antudigital.cl\/sites\/vc\/wp-content\/uploads\/2024\/09\/Asesino-por-naturaleza-2-scaled.jpg\",\"contentUrl\":\"https:\/\/dev.antudigital.cl\/sites\/vc\/wp-content\/uploads\/2024\/09\/Asesino-por-naturaleza-2-scaled.jpg\",\"width\":2560,\"height\":1920},{\"@type\":\"BreadcrumbList\",\"@id\":\"https:\/\/dev.antudigital.cl\/sites\/vc\/insomnia-estrena-slasher-unico-y-brutal-contado-desde-la-perspectiva-del-asesino-asesino-por-naturaleza\/#breadcrumb\",\"itemListElement\":[{\"@type\":\"ListItem\",\"position\":1,\"name\":\"Home\",\"item\":\"https:\/\/dev.antudigital.cl\/sites\/vc\/\"},{\"@type\":\"ListItem\",\"position\":2,\"name\":\"INSOMNIA estrena slasher \u00fanico y brutal contado desde la perspectiva del asesino: \u201cAsesino por naturaleza\u201d\"}]},{\"@type\":\"WebSite\",\"@id\":\"https:\/\/dev.antudigital.cl\/sites\/vc\/#website\",\"url\":\"https:\/\/dev.antudigital.cl\/sites\/vc\/\",\"name\":\"Valpara\u00ed\u00adso Creativo\",\"description\":\"\",\"potentialAction\":[{\"@type\":\"SearchAction\",\"target\":{\"@type\":\"EntryPoint\",\"urlTemplate\":\"https:\/\/dev.antudigital.cl\/sites\/vc\/?s={search_term_string}\"},\"query-input\":{\"@type\":\"PropertyValueSpecification\",\"valueRequired\":true,\"valueName\":\"search_term_string\"}}],\"inLanguage\":\"es\"},{\"@type\":\"Person\",\"@id\":\"https:\/\/dev.antudigital.cl\/sites\/vc\/#\/schema\/person\/c2b9da8dd545e27166fc5ab232837318\",\"name\":\"Valpara\u00edso Creativo\",\"description\":\"Periodista de cultura en la Regi\u00f3n de Valpara\u00edso.\",\"url\":\"https:\/\/dev.antudigital.cl\/sites\/vc\/author\/valpoadmin\/\"}]}<\/script>\n<!-- \/ Yoast SEO plugin. -->","yoast_head_json":{"title":"INSOMNIA estrena slasher \u00fanico y brutal contado desde la perspectiva del asesino: \u201cAsesino por naturaleza\u201d - Valpara\u00ed\u00adso Creativo","robots":{"index":"index","follow":"follow","max-snippet":"max-snippet:-1","max-image-preview":"max-image-preview:large","max-video-preview":"max-video-preview:-1"},"canonical":"https:\/\/dev.antudigital.cl\/sites\/vc\/insomnia-estrena-slasher-unico-y-brutal-contado-desde-la-perspectiva-del-asesino-asesino-por-naturaleza\/","og_locale":"es_ES","og_type":"article","og_title":"INSOMNIA estrena slasher \u00fanico y brutal contado desde la perspectiva del asesino: \u201cAsesino por naturaleza\u201d - Valpara\u00ed\u00adso Creativo","og_description":"Llega a INSOMNIA Teatro Condell el fen\u00f3meno de terror que est\u00e1 revolucionando el g\u00e9nero del slasher. ASESINO POR NATURALEZA, la \u00f3pera prima del director Chris Nash propone una experiencia \u00fanica, que rememora a las cl\u00e1sicas pel\u00edculas de matanzas como Martes 13 y Halloween, pero planteada desde un punto de vista ingenioso, que sorprender\u00e1 gratamente a [&hellip;]","og_url":"https:\/\/dev.antudigital.cl\/sites\/vc\/insomnia-estrena-slasher-unico-y-brutal-contado-desde-la-perspectiva-del-asesino-asesino-por-naturaleza\/","og_site_name":"Valpara\u00ed\u00adso Creativo","article_published_time":"2024-09-09T23:17:00+00:00","article_modified_time":"2024-09-09T23:17:18+00:00","og_image":[{"width":2560,"height":1920,"url":"https:\/\/dev.antudigital.cl\/sites\/vc\/wp-content\/uploads\/2024\/09\/Asesino-por-naturaleza-2-scaled.jpg","type":"image\/jpeg"}],"author":"Valpara\u00edso Creativo","twitter_card":"summary_large_image","twitter_misc":{"Escrito por":"Valpara\u00edso Creativo","Tiempo de lectura":"3 minutos"},"schema":{"@context":"https:\/\/schema.org","@graph":[{"@type":"Article","@id":"https:\/\/dev.antudigital.cl\/sites\/vc\/insomnia-estrena-slasher-unico-y-brutal-contado-desde-la-perspectiva-del-asesino-asesino-por-naturaleza\/#article","isPartOf":{"@id":"https:\/\/dev.antudigital.cl\/sites\/vc\/insomnia-estrena-slasher-unico-y-brutal-contado-desde-la-perspectiva-del-asesino-asesino-por-naturaleza\/"},"author":{"name":"Valpara\u00edso Creativo","@id":"https:\/\/dev.antudigital.cl\/sites\/vc\/#\/schema\/person\/c2b9da8dd545e27166fc5ab232837318"},"headline":"INSOMNIA estrena slasher \u00fanico y brutal contado desde la perspectiva del asesino: \u201cAsesino por naturaleza\u201d","datePublished":"2024-09-09T23:17:00+00:00","dateModified":"2024-09-09T23:17:18+00:00","mainEntityOfPage":{"@id":"https:\/\/dev.antudigital.cl\/sites\/vc\/insomnia-estrena-slasher-unico-y-brutal-contado-desde-la-perspectiva-del-asesino-asesino-por-naturaleza\/"},"wordCount":516,"image":{"@id":"https:\/\/dev.antudigital.cl\/sites\/vc\/insomnia-estrena-slasher-unico-y-brutal-contado-desde-la-perspectiva-del-asesino-asesino-por-naturaleza\/#primaryimage"},"thumbnailUrl":"https:\/\/dev.antudigital.cl\/sites\/vc\/wp-content\/uploads\/2024\/09\/Asesino-por-naturaleza-2-scaled.jpg","articleSection":["Noticia"],"inLanguage":"es"},{"@type":"WebPage","@id":"https:\/\/dev.antudigital.cl\/sites\/vc\/insomnia-estrena-slasher-unico-y-brutal-contado-desde-la-perspectiva-del-asesino-asesino-por-naturaleza\/","url":"https:\/\/dev.antudigital.cl\/sites\/vc\/insomnia-estrena-slasher-unico-y-brutal-contado-desde-la-perspectiva-del-asesino-asesino-por-naturaleza\/","name":"INSOMNIA estrena slasher \u00fanico y brutal contado desde la perspectiva del asesino: \u201cAsesino por naturaleza\u201d - Valpara\u00ed\u00adso Creativo","isPartOf":{"@id":"https:\/\/dev.antudigital.cl\/sites\/vc\/#website"},"primaryImageOfPage":{"@id":"https:\/\/dev.antudigital.cl\/sites\/vc\/insomnia-estrena-slasher-unico-y-brutal-contado-desde-la-perspectiva-del-asesino-asesino-por-naturaleza\/#primaryimage"},"image":{"@id":"https:\/\/dev.antudigital.cl\/sites\/vc\/insomnia-estrena-slasher-unico-y-brutal-contado-desde-la-perspectiva-del-asesino-asesino-por-naturaleza\/#primaryimage"},"thumbnailUrl":"https:\/\/dev.antudigital.cl\/sites\/vc\/wp-content\/uploads\/2024\/09\/Asesino-por-naturaleza-2-scaled.jpg","datePublished":"2024-09-09T23:17:00+00:00","dateModified":"2024-09-09T23:17:18+00:00","author":{"@id":"https:\/\/dev.antudigital.cl\/sites\/vc\/#\/schema\/person\/c2b9da8dd545e27166fc5ab232837318"},"breadcrumb":{"@id":"https:\/\/dev.antudigital.cl\/sites\/vc\/insomnia-estrena-slasher-unico-y-brutal-contado-desde-la-perspectiva-del-asesino-asesino-por-naturaleza\/#breadcrumb"},"inLanguage":"es","potentialAction":[{"@type":"ReadAction","target":["https:\/\/dev.antudigital.cl\/sites\/vc\/insomnia-estrena-slasher-unico-y-brutal-contado-desde-la-perspectiva-del-asesino-asesino-por-naturaleza\/"]}]},{"@type":"ImageObject","inLanguage":"es","@id":"https:\/\/dev.antudigital.cl\/sites\/vc\/insomnia-estrena-slasher-unico-y-brutal-contado-desde-la-perspectiva-del-asesino-asesino-por-naturaleza\/#primaryimage","url":"https:\/\/dev.antudigital.cl\/sites\/vc\/wp-content\/uploads\/2024\/09\/Asesino-por-naturaleza-2-scaled.jpg","contentUrl":"https:\/\/dev.antudigital.cl\/sites\/vc\/wp-content\/uploads\/2024\/09\/Asesino-por-naturaleza-2-scaled.jpg","width":2560,"height":1920},{"@type":"BreadcrumbList","@id":"https:\/\/dev.antudigital.cl\/sites\/vc\/insomnia-estrena-slasher-unico-y-brutal-contado-desde-la-perspectiva-del-asesino-asesino-por-naturaleza\/#breadcrumb","itemListElement":[{"@type":"ListItem","position":1,"name":"Home","item":"https:\/\/dev.antudigital.cl\/sites\/vc\/"},{"@type":"ListItem","position":2,"name":"INSOMNIA estrena slasher \u00fanico y brutal contado desde la perspectiva del asesino: \u201cAsesino por naturaleza\u201d"}]},{"@type":"WebSite","@id":"https:\/\/dev.antudigital.cl\/sites\/vc\/#website","url":"https:\/\/dev.antudigital.cl\/sites\/vc\/","name":"Valpara\u00ed\u00adso Creativo","description":"","potentialAction":[{"@type":"SearchAction","target":{"@type":"EntryPoint","urlTemplate":"https:\/\/dev.antudigital.cl\/sites\/vc\/?s={search_term_string}"},"query-input":{"@type":"PropertyValueSpecification","valueRequired":true,"valueName":"search_term_string"}}],"inLanguage":"es"},{"@type":"Person","@id":"https:\/\/dev.antudigital.cl\/sites\/vc\/#\/schema\/person\/c2b9da8dd545e27166fc5ab232837318","name":"Valpara\u00edso Creativo","description":"Periodista de cultura en la Regi\u00f3n de Valpara\u00edso.","url":"https:\/\/dev.antudigital.cl\/sites\/vc\/author\/valpoadmin\/"}]}},"_links":{"self":[{"href":"https:\/\/dev.antudigital.cl\/sites\/vc\/wp-json\/wp\/v2\/posts\/20391","targetHints":{"allow":["GET"]}}],"collection":[{"href":"https:\/\/dev.antudigital.cl\/sites\/vc\/wp-json\/wp\/v2\/posts"}],"about":[{"href":"https:\/\/dev.antudigital.cl\/sites\/vc\/wp-json\/wp\/v2\/types\/post"}],"author":[{"embeddable":true,"href":"https:\/\/dev.antudigital.cl\/sites\/vc\/wp-json\/wp\/v2\/users\/1"}],"replies":[{"embeddable":true,"href":"https:\/\/dev.antudigital.cl\/sites\/vc\/wp-json\/wp\/v2\/comments?post=20391"}],"version-history":[{"count":1,"href":"https:\/\/dev.antudigital.cl\/sites\/vc\/wp-json\/wp\/v2\/posts\/20391\/revisions"}],"predecessor-version":[{"id":20394,"href":"https:\/\/dev.antudigital.cl\/sites\/vc\/wp-json\/wp\/v2\/posts\/20391\/revisions\/20394"}],"wp:featuredmedia":[{"embeddable":true,"href":"https:\/\/dev.antudigital.cl\/sites\/vc\/wp-json\/wp\/v2\/media\/20393"}],"wp:attachment":[{"href":"https:\/\/dev.antudigital.cl\/sites\/vc\/wp-json\/wp\/v2\/media?parent=20391"}],"wp:term":[{"taxonomy":"category","embeddable":true,"href":"https:\/\/dev.antudigital.cl\/sites\/vc\/wp-json\/wp\/v2\/categories?post=20391"},{"taxonomy":"post_tag","embeddable":true,"href":"https:\/\/dev.antudigital.cl\/sites\/vc\/wp-json\/wp\/v2\/tags?post=20391"}],"curies":[{"name":"wp","href":"https:\/\/api.w.org\/{rel}","templated":true}]}}