{"id":20395,"date":"2024-09-09T23:24:57","date_gmt":"2024-09-09T23:24:57","guid":{"rendered":"https:\/\/www.valparaisocreativo.cl\/?p=20395"},"modified":"2024-09-09T23:25:19","modified_gmt":"2024-09-09T23:25:19","slug":"con-funciones-en-ocho-comunas-del-pais-continua-el-recorrido-de-las-cosas-indefinidas-en-las-salas-de-la-red","status":"publish","type":"post","link":"https:\/\/dev.antudigital.cl\/sites\/vc\/con-funciones-en-ocho-comunas-del-pais-continua-el-recorrido-de-las-cosas-indefinidas-en-las-salas-de-la-red\/","title":{"rendered":"Con funciones en ocho comunas del pa\u00eds, contin\u00faa el recorrido de\u00a0Las cosas indefinidas\u00a0en las salas de la Red"},"content":{"rendered":"\n<p>Desde el pasado 29 de agosto se puede ver en salas de la Red de Salas de Cine de Chile el largometraje argentino escrito y dirigido por Mar\u00eda Aparicio,&nbsp;<em>Las cosas indefinidas<\/em>. Este filme, producido por la directora junto a Rodrigo Guerrero y Ana Apontes, pone sobre la mesa los conceptos de la amistad y el duelo a la vez que retrata el oficio del cine y los v\u00ednculos desde una mirada delicada e \u00edntima.<\/p>\n\n\n\n<p>En su semana de estreno, la pel\u00edcula fue exhibida en un circuito de cineforos que se llevaron a cabo entre la regi\u00f3n Metropolitana y la regi\u00f3n de Valpara\u00edso, donde tambi\u00e9n particip\u00f3 su directora, quien visit\u00f3 Chile exclusivamente para formar parte de estos espacios de encuentro con el p\u00fablico. \u201cPara m\u00ed siempre es muy importante poder estar un poco cerca del p\u00fablico, saber cuales son sus impresiones y c\u00f3mo tambi\u00e9n la pel\u00edcula es recibida en distintos lugares\u201d, comenta Mar\u00eda Aparicio. \u201cPoder estar varios d\u00edas en Chile, conocer distintas salas, p\u00fablicos y espacios que est\u00e1n permanentemente girando en torno al cine y las pel\u00edculas, al encuentro de las pel\u00edculas y el p\u00fablico, me emociona mucho poder ser testigo de eso con este estreno, as\u00ed que muy agradecida con la Red de Salas de Cine y con la posibilidad de estrenar&nbsp;<em>Las cosas indefinidas<\/em>&nbsp;ac\u00e1 en Chile\u201d, agrega.<\/p>\n\n\n\n<p>Despu\u00e9s de&nbsp;<em>Sobre las nubes<\/em>&nbsp;(2022), la multipremiada cineasta cordobesa presenta su nueva pel\u00edcula, protagonizada por Eva Bianco y Ramiro Sonzini.&nbsp;Estrenada en el Festival de Cine Documental de Marsella el a\u00f1o pasado, es un drama que sigue a una montajista deprimida tras la muerte de un amigo cineasta que intenta lidiar con su oficio mientras trabaja en un proyecto sobre personas con ceguera.&nbsp;<em>Las cosas indefinidas<\/em>&nbsp;est\u00e1 siendo exhibida en el marco de Estrenos en RED, iniciativa que cuenta con el financiamiento del Ministerio de las Culturas, las Artes y el Patrimonio a trav\u00e9s de su Programa de Apoyo a Organizaciones Culturales Colaboradoras.<\/p>\n\n\n\n<p>Luego de una semana de estreno repleta de actividades, incluido un cineforo con el documentalista nacional Ignacio Ag\u00fcero, realizado en la Cineteca Nacional de Chile, la pel\u00edcula fue programada en m\u00e1s de una docena de funciones en espacios de exhibici\u00f3n asociados a la Red de Salas a lo largo de Chile.<\/p>\n\n\n\n<p>\u201cMe parece que es una pel\u00edcula llena de encantos de construcci\u00f3n, de cine. Es puro cine\u201d, comenta Ignacio Ag\u00fcero. \u201cTodo lo que se ve es aparentemente simple, pero el tejido que hay en la pel\u00edcula no es tan simple porque uno se est\u00e1 preguntando constantemente de qu\u00e9 va esto\u201d, sostiene el realizador.<\/p>\n\n\n\n<p>Los p\u00fablicos de Antofagasta, La Serena, Valpara\u00edso, Santiago, Valdivia, Puerto Varas, Puerto Montt y Coyhaique podr\u00e1n disfrutar de las funciones programadas por las salas de la Red, algunas de las cuales contar\u00e1n con cineforos organizados de manera conjunta con la sala y distintos gremios territoriales.<\/p>\n\n\n\n<p><strong>PROGRAMACI\u00d3N POR ESPACIO DE EXHIBICI\u00d3N:<\/strong><\/p>\n\n\n\n<p><strong>&nbsp;&nbsp;<\/strong><a href=\"https:\/\/www.instagram.com\/esquinaretornable\/?hl=es\" target=\"_blank\" rel=\"noreferrer noopener\"><strong>Esquina Retornable<\/strong><\/a>&nbsp;en Antofagasta.<\/p>\n\n\n\n<p>\u25cf&nbsp;&nbsp;&nbsp;&nbsp;&nbsp;&nbsp;Mi\u00e9rcoles 11 de septiembre \/ 20:00 hrs.<\/p>\n\n\n\n<p>\u25cf&nbsp;&nbsp;&nbsp;&nbsp;&nbsp;&nbsp;Viernes 13 de septiembre \/ 18:00 hrs.<\/p>\n\n\n\n<p>&nbsp;<a href=\"https:\/\/www.instagram.com\/butacaregional\/?hl=es\" target=\"_blank\" rel=\"noreferrer noopener\"><strong>Sala Latente<\/strong><\/a>&nbsp;en La Serena.<\/p>\n\n\n\n<p>\u25cf&nbsp;&nbsp;&nbsp;&nbsp;&nbsp;&nbsp;Martes 10 de septiembre \/ 18:30 hrs. \u2013&nbsp;<strong>Funci\u00f3n en el Museo Arqueol\u00f3gico de La Serena.<\/strong><\/p>\n\n\n\n<p>&nbsp;<a href=\"https:\/\/www.instagram.com\/insomnia_teatro_condell\/?hl=es\" target=\"_blank\" rel=\"noreferrer noopener\"><strong>Insomnia Teatro Condell<\/strong><\/a>&nbsp;en Valpara\u00edso.<\/p>\n\n\n\n<p>\u25cf&nbsp;&nbsp;&nbsp;&nbsp;&nbsp;&nbsp;Viernes 13 de septiembre \/ 17:00 hrs.<\/p>\n\n\n\n<p>&nbsp;<a href=\"https:\/\/www.instagram.com\/centroartealameda\/?hl=es\" target=\"_blank\" rel=\"noreferrer noopener\"><strong>Centro Arte Alameda<\/strong><\/a>&nbsp;en Santiago.<\/p>\n\n\n\n<p>\u25cf&nbsp;&nbsp;&nbsp;&nbsp;&nbsp;&nbsp;Martes 10 de septiembre \/ 16:30 hrs.<\/p>\n\n\n\n<p>&nbsp;<a href=\"https:\/\/www.instagram.com\/cineclubuach\/?hl=es\" target=\"_blank\" rel=\"noreferrer noopener\"><strong>Cine Club UACh<\/strong><\/a>&nbsp;en Valdivia.<\/p>\n\n\n\n<p>\u25cf&nbsp;&nbsp;&nbsp;&nbsp;&nbsp;&nbsp;Martes 10 de septiembre \/ 19.00 hrs.<\/p>\n\n\n\n<p>\u25cf&nbsp;&nbsp;&nbsp;&nbsp;&nbsp;&nbsp;Mi\u00e9rcoles 25 de septiembre \/ 19.00 hrs.<\/p>\n\n\n\n<p>&nbsp;&nbsp;<a href=\"https:\/\/www.instagram.com\/menos1cine\/?hl=es\" target=\"_blank\" rel=\"noreferrer noopener\"><strong>&nbsp;\u2013 1 CINE&nbsp;<\/strong><\/a>en Puerto Varas.<\/p>\n\n\n\n<p>\u25cf&nbsp;&nbsp;&nbsp;&nbsp;&nbsp;&nbsp;Domingo 15 de septiembre \/ 20.00 hrs.<\/p>\n\n\n\n<p>\u25cf&nbsp;&nbsp;&nbsp;&nbsp;&nbsp;&nbsp;Lunes 16 de septiembre \/ 20.00 hrs.<\/p>\n\n\n\n<p>\u25cf&nbsp;&nbsp;&nbsp;&nbsp;&nbsp;&nbsp;Martes 17 de septiembre \/ 20.00 hrs.<\/p>\n\n\n\n<p>&nbsp;<a href=\"https:\/\/www.instagram.com\/casadelartediegorivera\/?hl=es\" target=\"_blank\" rel=\"noreferrer noopener\"><strong>Sala Mafalda Mora \u2013 Casa del Arte Diego Rivera<\/strong><\/a>&nbsp;en Puerto Montt.<\/p>\n\n\n\n<p>\u25cf&nbsp;&nbsp;&nbsp;&nbsp;&nbsp;&nbsp;Viernes 27 de septiembre \/ 19.00 hrs.<\/p>\n\n\n\n<p>&nbsp;<a href=\"https:\/\/www.instagram.com\/culturacoyhaique\/?hl=es\" target=\"_blank\" rel=\"noreferrer noopener\"><strong>Centro Cultural Coyhaique<\/strong><\/a>&nbsp;en Coyhaique.<\/p>\n\n\n\n<p>\u25cf&nbsp;&nbsp;&nbsp;&nbsp;&nbsp;&nbsp;Jueves 12 de septiembre \/ 19:00 hrs.<\/p>\n\n\n\n<p>\u25cf&nbsp;&nbsp;&nbsp;&nbsp;&nbsp;&nbsp;Viernes 27 de septiembre \/ 19:00 hrs<\/p>\n\n\n\n<p><strong>M\u00e1s info en&nbsp;<\/strong><a href=\"mailto:contacto@redsalasdecine.cl\" target=\"_blank\" rel=\"noreferrer noopener\"><strong>contacto@redsalasdecine.cl<\/strong><\/a><strong>&nbsp;y&nbsp;<a href=\"http:\/\/redsalasdecine.cl\/\" target=\"_blank\" rel=\"noreferrer noopener\">redsalasdecine.cl<\/a><\/strong><\/p>\n\n\n\n<p><strong>Estrenos en RED cuenta con el financiamiento del Ministerio de las Culturas, las Artes y el Patrimonio a trav\u00e9s de su Programa de Apoyo a Organizaciones Culturales Colaboradoras.<\/strong><\/p>\n","protected":false},"excerpt":{"rendered":"<p>Desde el pasado 29 de agosto se puede ver en salas de la Red de Salas de Cine de Chile el largometraje argentino escrito y dirigido por Mar\u00eda Aparicio,&nbsp;Las cosas indefinidas. Este filme, producido por la directora junto a Rodrigo Guerrero y Ana Apontes, pone sobre la mesa los conceptos de la amistad y el [&hellip;]<\/p>\n","protected":false},"author":1,"featured_media":20396,"comment_status":"closed","ping_status":"closed","sticky":false,"template":"","format":"standard","meta":{"_acf_changed":false,"footnotes":""},"categories":[8],"tags":[],"class_list":["post-20395","post","type-post","status-publish","format-standard","has-post-thumbnail","hentry","category-noticia"],"acf":[],"yoast_head":"<!-- This site is optimized with the Yoast SEO plugin v27.1.1 - https:\/\/yoast.com\/product\/yoast-seo-wordpress\/ -->\n<title>Con funciones en ocho comunas del pa\u00eds, contin\u00faa el recorrido de\u00a0Las cosas indefinidas\u00a0en las salas de la Red - Valpara\u00ed\u00adso Creativo<\/title>\n<meta name=\"robots\" content=\"index, follow, max-snippet:-1, max-image-preview:large, max-video-preview:-1\" \/>\n<link rel=\"canonical\" href=\"https:\/\/dev.antudigital.cl\/sites\/vc\/con-funciones-en-ocho-comunas-del-pais-continua-el-recorrido-de-las-cosas-indefinidas-en-las-salas-de-la-red\/\" \/>\n<meta property=\"og:locale\" content=\"es_ES\" \/>\n<meta property=\"og:type\" content=\"article\" \/>\n<meta property=\"og:title\" content=\"Con funciones en ocho comunas del pa\u00eds, contin\u00faa el recorrido de\u00a0Las cosas indefinidas\u00a0en las salas de la Red - Valpara\u00ed\u00adso Creativo\" \/>\n<meta property=\"og:description\" content=\"Desde el pasado 29 de agosto se puede ver en salas de la Red de Salas de Cine de Chile el largometraje argentino escrito y dirigido por Mar\u00eda Aparicio,&nbsp;Las cosas indefinidas. Este filme, producido por la directora junto a Rodrigo Guerrero y Ana Apontes, pone sobre la mesa los conceptos de la amistad y el [&hellip;]\" \/>\n<meta property=\"og:url\" content=\"https:\/\/dev.antudigital.cl\/sites\/vc\/con-funciones-en-ocho-comunas-del-pais-continua-el-recorrido-de-las-cosas-indefinidas-en-las-salas-de-la-red\/\" \/>\n<meta property=\"og:site_name\" content=\"Valpara\u00ed\u00adso Creativo\" \/>\n<meta property=\"article:published_time\" content=\"2024-09-09T23:24:57+00:00\" \/>\n<meta property=\"article:modified_time\" content=\"2024-09-09T23:25:19+00:00\" \/>\n<meta property=\"og:image\" content=\"https:\/\/dev.antudigital.cl\/sites\/vc\/wp-content\/uploads\/2024\/09\/Las-cosas-indefinidas_4.png\" \/>\n\t<meta property=\"og:image:width\" content=\"1932\" \/>\n\t<meta property=\"og:image:height\" content=\"1080\" \/>\n\t<meta property=\"og:image:type\" content=\"image\/png\" \/>\n<meta name=\"author\" content=\"Valpara\u00edso Creativo\" \/>\n<meta name=\"twitter:card\" content=\"summary_large_image\" \/>\n<meta name=\"twitter:label1\" content=\"Escrito por\" \/>\n\t<meta name=\"twitter:data1\" content=\"Valpara\u00edso Creativo\" \/>\n\t<meta name=\"twitter:label2\" content=\"Tiempo de lectura\" \/>\n\t<meta name=\"twitter:data2\" content=\"4 minutos\" \/>\n<script type=\"application\/ld+json\" class=\"yoast-schema-graph\">{\"@context\":\"https:\/\/schema.org\",\"@graph\":[{\"@type\":\"Article\",\"@id\":\"https:\/\/dev.antudigital.cl\/sites\/vc\/con-funciones-en-ocho-comunas-del-pais-continua-el-recorrido-de-las-cosas-indefinidas-en-las-salas-de-la-red\/#article\",\"isPartOf\":{\"@id\":\"https:\/\/dev.antudigital.cl\/sites\/vc\/con-funciones-en-ocho-comunas-del-pais-continua-el-recorrido-de-las-cosas-indefinidas-en-las-salas-de-la-red\/\"},\"author\":{\"name\":\"Valpara\u00edso Creativo\",\"@id\":\"https:\/\/dev.antudigital.cl\/sites\/vc\/#\/schema\/person\/c2b9da8dd545e27166fc5ab232837318\"},\"headline\":\"Con funciones en ocho comunas del pa\u00eds, contin\u00faa el recorrido de\u00a0Las cosas indefinidas\u00a0en las salas de la Red\",\"datePublished\":\"2024-09-09T23:24:57+00:00\",\"dateModified\":\"2024-09-09T23:25:19+00:00\",\"mainEntityOfPage\":{\"@id\":\"https:\/\/dev.antudigital.cl\/sites\/vc\/con-funciones-en-ocho-comunas-del-pais-continua-el-recorrido-de-las-cosas-indefinidas-en-las-salas-de-la-red\/\"},\"wordCount\":791,\"image\":{\"@id\":\"https:\/\/dev.antudigital.cl\/sites\/vc\/con-funciones-en-ocho-comunas-del-pais-continua-el-recorrido-de-las-cosas-indefinidas-en-las-salas-de-la-red\/#primaryimage\"},\"thumbnailUrl\":\"https:\/\/dev.antudigital.cl\/sites\/vc\/wp-content\/uploads\/2024\/09\/Las-cosas-indefinidas_4.png\",\"articleSection\":[\"Noticia\"],\"inLanguage\":\"es\"},{\"@type\":\"WebPage\",\"@id\":\"https:\/\/dev.antudigital.cl\/sites\/vc\/con-funciones-en-ocho-comunas-del-pais-continua-el-recorrido-de-las-cosas-indefinidas-en-las-salas-de-la-red\/\",\"url\":\"https:\/\/dev.antudigital.cl\/sites\/vc\/con-funciones-en-ocho-comunas-del-pais-continua-el-recorrido-de-las-cosas-indefinidas-en-las-salas-de-la-red\/\",\"name\":\"Con funciones en ocho comunas del pa\u00eds, contin\u00faa el recorrido de\u00a0Las cosas indefinidas\u00a0en las salas de la Red - Valpara\u00ed\u00adso Creativo\",\"isPartOf\":{\"@id\":\"https:\/\/dev.antudigital.cl\/sites\/vc\/#website\"},\"primaryImageOfPage\":{\"@id\":\"https:\/\/dev.antudigital.cl\/sites\/vc\/con-funciones-en-ocho-comunas-del-pais-continua-el-recorrido-de-las-cosas-indefinidas-en-las-salas-de-la-red\/#primaryimage\"},\"image\":{\"@id\":\"https:\/\/dev.antudigital.cl\/sites\/vc\/con-funciones-en-ocho-comunas-del-pais-continua-el-recorrido-de-las-cosas-indefinidas-en-las-salas-de-la-red\/#primaryimage\"},\"thumbnailUrl\":\"https:\/\/dev.antudigital.cl\/sites\/vc\/wp-content\/uploads\/2024\/09\/Las-cosas-indefinidas_4.png\",\"datePublished\":\"2024-09-09T23:24:57+00:00\",\"dateModified\":\"2024-09-09T23:25:19+00:00\",\"author\":{\"@id\":\"https:\/\/dev.antudigital.cl\/sites\/vc\/#\/schema\/person\/c2b9da8dd545e27166fc5ab232837318\"},\"breadcrumb\":{\"@id\":\"https:\/\/dev.antudigital.cl\/sites\/vc\/con-funciones-en-ocho-comunas-del-pais-continua-el-recorrido-de-las-cosas-indefinidas-en-las-salas-de-la-red\/#breadcrumb\"},\"inLanguage\":\"es\",\"potentialAction\":[{\"@type\":\"ReadAction\",\"target\":[\"https:\/\/dev.antudigital.cl\/sites\/vc\/con-funciones-en-ocho-comunas-del-pais-continua-el-recorrido-de-las-cosas-indefinidas-en-las-salas-de-la-red\/\"]}]},{\"@type\":\"ImageObject\",\"inLanguage\":\"es\",\"@id\":\"https:\/\/dev.antudigital.cl\/sites\/vc\/con-funciones-en-ocho-comunas-del-pais-continua-el-recorrido-de-las-cosas-indefinidas-en-las-salas-de-la-red\/#primaryimage\",\"url\":\"https:\/\/dev.antudigital.cl\/sites\/vc\/wp-content\/uploads\/2024\/09\/Las-cosas-indefinidas_4.png\",\"contentUrl\":\"https:\/\/dev.antudigital.cl\/sites\/vc\/wp-content\/uploads\/2024\/09\/Las-cosas-indefinidas_4.png\",\"width\":1932,\"height\":1080},{\"@type\":\"BreadcrumbList\",\"@id\":\"https:\/\/dev.antudigital.cl\/sites\/vc\/con-funciones-en-ocho-comunas-del-pais-continua-el-recorrido-de-las-cosas-indefinidas-en-las-salas-de-la-red\/#breadcrumb\",\"itemListElement\":[{\"@type\":\"ListItem\",\"position\":1,\"name\":\"Home\",\"item\":\"https:\/\/dev.antudigital.cl\/sites\/vc\/\"},{\"@type\":\"ListItem\",\"position\":2,\"name\":\"Con funciones en ocho comunas del pa\u00eds, contin\u00faa el recorrido de\u00a0Las cosas indefinidas\u00a0en las salas de la Red\"}]},{\"@type\":\"WebSite\",\"@id\":\"https:\/\/dev.antudigital.cl\/sites\/vc\/#website\",\"url\":\"https:\/\/dev.antudigital.cl\/sites\/vc\/\",\"name\":\"Valpara\u00ed\u00adso Creativo\",\"description\":\"\",\"potentialAction\":[{\"@type\":\"SearchAction\",\"target\":{\"@type\":\"EntryPoint\",\"urlTemplate\":\"https:\/\/dev.antudigital.cl\/sites\/vc\/?s={search_term_string}\"},\"query-input\":{\"@type\":\"PropertyValueSpecification\",\"valueRequired\":true,\"valueName\":\"search_term_string\"}}],\"inLanguage\":\"es\"},{\"@type\":\"Person\",\"@id\":\"https:\/\/dev.antudigital.cl\/sites\/vc\/#\/schema\/person\/c2b9da8dd545e27166fc5ab232837318\",\"name\":\"Valpara\u00edso Creativo\",\"description\":\"Periodista de cultura en la Regi\u00f3n de Valpara\u00edso.\",\"url\":\"https:\/\/dev.antudigital.cl\/sites\/vc\/author\/valpoadmin\/\"}]}<\/script>\n<!-- \/ Yoast SEO plugin. -->","yoast_head_json":{"title":"Con funciones en ocho comunas del pa\u00eds, contin\u00faa el recorrido de\u00a0Las cosas indefinidas\u00a0en las salas de la Red - Valpara\u00ed\u00adso Creativo","robots":{"index":"index","follow":"follow","max-snippet":"max-snippet:-1","max-image-preview":"max-image-preview:large","max-video-preview":"max-video-preview:-1"},"canonical":"https:\/\/dev.antudigital.cl\/sites\/vc\/con-funciones-en-ocho-comunas-del-pais-continua-el-recorrido-de-las-cosas-indefinidas-en-las-salas-de-la-red\/","og_locale":"es_ES","og_type":"article","og_title":"Con funciones en ocho comunas del pa\u00eds, contin\u00faa el recorrido de\u00a0Las cosas indefinidas\u00a0en las salas de la Red - Valpara\u00ed\u00adso Creativo","og_description":"Desde el pasado 29 de agosto se puede ver en salas de la Red de Salas de Cine de Chile el largometraje argentino escrito y dirigido por Mar\u00eda Aparicio,&nbsp;Las cosas indefinidas. Este filme, producido por la directora junto a Rodrigo Guerrero y Ana Apontes, pone sobre la mesa los conceptos de la amistad y el [&hellip;]","og_url":"https:\/\/dev.antudigital.cl\/sites\/vc\/con-funciones-en-ocho-comunas-del-pais-continua-el-recorrido-de-las-cosas-indefinidas-en-las-salas-de-la-red\/","og_site_name":"Valpara\u00ed\u00adso Creativo","article_published_time":"2024-09-09T23:24:57+00:00","article_modified_time":"2024-09-09T23:25:19+00:00","og_image":[{"width":1932,"height":1080,"url":"https:\/\/dev.antudigital.cl\/sites\/vc\/wp-content\/uploads\/2024\/09\/Las-cosas-indefinidas_4.png","type":"image\/png"}],"author":"Valpara\u00edso Creativo","twitter_card":"summary_large_image","twitter_misc":{"Escrito por":"Valpara\u00edso Creativo","Tiempo de lectura":"4 minutos"},"schema":{"@context":"https:\/\/schema.org","@graph":[{"@type":"Article","@id":"https:\/\/dev.antudigital.cl\/sites\/vc\/con-funciones-en-ocho-comunas-del-pais-continua-el-recorrido-de-las-cosas-indefinidas-en-las-salas-de-la-red\/#article","isPartOf":{"@id":"https:\/\/dev.antudigital.cl\/sites\/vc\/con-funciones-en-ocho-comunas-del-pais-continua-el-recorrido-de-las-cosas-indefinidas-en-las-salas-de-la-red\/"},"author":{"name":"Valpara\u00edso Creativo","@id":"https:\/\/dev.antudigital.cl\/sites\/vc\/#\/schema\/person\/c2b9da8dd545e27166fc5ab232837318"},"headline":"Con funciones en ocho comunas del pa\u00eds, contin\u00faa el recorrido de\u00a0Las cosas indefinidas\u00a0en las salas de la Red","datePublished":"2024-09-09T23:24:57+00:00","dateModified":"2024-09-09T23:25:19+00:00","mainEntityOfPage":{"@id":"https:\/\/dev.antudigital.cl\/sites\/vc\/con-funciones-en-ocho-comunas-del-pais-continua-el-recorrido-de-las-cosas-indefinidas-en-las-salas-de-la-red\/"},"wordCount":791,"image":{"@id":"https:\/\/dev.antudigital.cl\/sites\/vc\/con-funciones-en-ocho-comunas-del-pais-continua-el-recorrido-de-las-cosas-indefinidas-en-las-salas-de-la-red\/#primaryimage"},"thumbnailUrl":"https:\/\/dev.antudigital.cl\/sites\/vc\/wp-content\/uploads\/2024\/09\/Las-cosas-indefinidas_4.png","articleSection":["Noticia"],"inLanguage":"es"},{"@type":"WebPage","@id":"https:\/\/dev.antudigital.cl\/sites\/vc\/con-funciones-en-ocho-comunas-del-pais-continua-el-recorrido-de-las-cosas-indefinidas-en-las-salas-de-la-red\/","url":"https:\/\/dev.antudigital.cl\/sites\/vc\/con-funciones-en-ocho-comunas-del-pais-continua-el-recorrido-de-las-cosas-indefinidas-en-las-salas-de-la-red\/","name":"Con funciones en ocho comunas del pa\u00eds, contin\u00faa el recorrido de\u00a0Las cosas indefinidas\u00a0en las salas de la Red - Valpara\u00ed\u00adso Creativo","isPartOf":{"@id":"https:\/\/dev.antudigital.cl\/sites\/vc\/#website"},"primaryImageOfPage":{"@id":"https:\/\/dev.antudigital.cl\/sites\/vc\/con-funciones-en-ocho-comunas-del-pais-continua-el-recorrido-de-las-cosas-indefinidas-en-las-salas-de-la-red\/#primaryimage"},"image":{"@id":"https:\/\/dev.antudigital.cl\/sites\/vc\/con-funciones-en-ocho-comunas-del-pais-continua-el-recorrido-de-las-cosas-indefinidas-en-las-salas-de-la-red\/#primaryimage"},"thumbnailUrl":"https:\/\/dev.antudigital.cl\/sites\/vc\/wp-content\/uploads\/2024\/09\/Las-cosas-indefinidas_4.png","datePublished":"2024-09-09T23:24:57+00:00","dateModified":"2024-09-09T23:25:19+00:00","author":{"@id":"https:\/\/dev.antudigital.cl\/sites\/vc\/#\/schema\/person\/c2b9da8dd545e27166fc5ab232837318"},"breadcrumb":{"@id":"https:\/\/dev.antudigital.cl\/sites\/vc\/con-funciones-en-ocho-comunas-del-pais-continua-el-recorrido-de-las-cosas-indefinidas-en-las-salas-de-la-red\/#breadcrumb"},"inLanguage":"es","potentialAction":[{"@type":"ReadAction","target":["https:\/\/dev.antudigital.cl\/sites\/vc\/con-funciones-en-ocho-comunas-del-pais-continua-el-recorrido-de-las-cosas-indefinidas-en-las-salas-de-la-red\/"]}]},{"@type":"ImageObject","inLanguage":"es","@id":"https:\/\/dev.antudigital.cl\/sites\/vc\/con-funciones-en-ocho-comunas-del-pais-continua-el-recorrido-de-las-cosas-indefinidas-en-las-salas-de-la-red\/#primaryimage","url":"https:\/\/dev.antudigital.cl\/sites\/vc\/wp-content\/uploads\/2024\/09\/Las-cosas-indefinidas_4.png","contentUrl":"https:\/\/dev.antudigital.cl\/sites\/vc\/wp-content\/uploads\/2024\/09\/Las-cosas-indefinidas_4.png","width":1932,"height":1080},{"@type":"BreadcrumbList","@id":"https:\/\/dev.antudigital.cl\/sites\/vc\/con-funciones-en-ocho-comunas-del-pais-continua-el-recorrido-de-las-cosas-indefinidas-en-las-salas-de-la-red\/#breadcrumb","itemListElement":[{"@type":"ListItem","position":1,"name":"Home","item":"https:\/\/dev.antudigital.cl\/sites\/vc\/"},{"@type":"ListItem","position":2,"name":"Con funciones en ocho comunas del pa\u00eds, contin\u00faa el recorrido de\u00a0Las cosas indefinidas\u00a0en las salas de la Red"}]},{"@type":"WebSite","@id":"https:\/\/dev.antudigital.cl\/sites\/vc\/#website","url":"https:\/\/dev.antudigital.cl\/sites\/vc\/","name":"Valpara\u00ed\u00adso Creativo","description":"","potentialAction":[{"@type":"SearchAction","target":{"@type":"EntryPoint","urlTemplate":"https:\/\/dev.antudigital.cl\/sites\/vc\/?s={search_term_string}"},"query-input":{"@type":"PropertyValueSpecification","valueRequired":true,"valueName":"search_term_string"}}],"inLanguage":"es"},{"@type":"Person","@id":"https:\/\/dev.antudigital.cl\/sites\/vc\/#\/schema\/person\/c2b9da8dd545e27166fc5ab232837318","name":"Valpara\u00edso Creativo","description":"Periodista de cultura en la Regi\u00f3n de Valpara\u00edso.","url":"https:\/\/dev.antudigital.cl\/sites\/vc\/author\/valpoadmin\/"}]}},"_links":{"self":[{"href":"https:\/\/dev.antudigital.cl\/sites\/vc\/wp-json\/wp\/v2\/posts\/20395","targetHints":{"allow":["GET"]}}],"collection":[{"href":"https:\/\/dev.antudigital.cl\/sites\/vc\/wp-json\/wp\/v2\/posts"}],"about":[{"href":"https:\/\/dev.antudigital.cl\/sites\/vc\/wp-json\/wp\/v2\/types\/post"}],"author":[{"embeddable":true,"href":"https:\/\/dev.antudigital.cl\/sites\/vc\/wp-json\/wp\/v2\/users\/1"}],"replies":[{"embeddable":true,"href":"https:\/\/dev.antudigital.cl\/sites\/vc\/wp-json\/wp\/v2\/comments?post=20395"}],"version-history":[{"count":1,"href":"https:\/\/dev.antudigital.cl\/sites\/vc\/wp-json\/wp\/v2\/posts\/20395\/revisions"}],"predecessor-version":[{"id":20397,"href":"https:\/\/dev.antudigital.cl\/sites\/vc\/wp-json\/wp\/v2\/posts\/20395\/revisions\/20397"}],"wp:featuredmedia":[{"embeddable":true,"href":"https:\/\/dev.antudigital.cl\/sites\/vc\/wp-json\/wp\/v2\/media\/20396"}],"wp:attachment":[{"href":"https:\/\/dev.antudigital.cl\/sites\/vc\/wp-json\/wp\/v2\/media?parent=20395"}],"wp:term":[{"taxonomy":"category","embeddable":true,"href":"https:\/\/dev.antudigital.cl\/sites\/vc\/wp-json\/wp\/v2\/categories?post=20395"},{"taxonomy":"post_tag","embeddable":true,"href":"https:\/\/dev.antudigital.cl\/sites\/vc\/wp-json\/wp\/v2\/tags?post=20395"}],"curies":[{"name":"wp","href":"https:\/\/api.w.org\/{rel}","templated":true}]}}