{"id":20398,"date":"2024-09-09T23:26:45","date_gmt":"2024-09-09T23:26:45","guid":{"rendered":"https:\/\/www.valparaisocreativo.cl\/?p=20398"},"modified":"2024-09-09T23:27:02","modified_gmt":"2024-09-09T23:27:02","slug":"la-antesala-de-la-28a-edicion-festival-internacional-de-cine-recobrado-de-valparaiso-presenta-semana-de-nuevos-clasicos-junto-a-cineteca-pucv","status":"publish","type":"post","link":"https:\/\/dev.antudigital.cl\/sites\/vc\/la-antesala-de-la-28a-edicion-festival-internacional-de-cine-recobrado-de-valparaiso-presenta-semana-de-nuevos-clasicos-junto-a-cineteca-pucv\/","title":{"rendered":"La antesala de la 28\u00aa edici\u00f3n: Festival Internacional de Cine Recobrado de Valpara\u00edso presenta semana de \u201cNuevos cl\u00e1sicos\u201d junto a Cineteca PUCV"},"content":{"rendered":"\n<p>Una invitaci\u00f3n a sorprenderse y disfrutar de joyas cinematogr\u00e1ficas es la que extiende el Festival Internacional de Cine Recobrado de Valpara\u00edso junto a la Cineteca PUCV. Desde el 9 al 13 de septiembre se llevar\u00e1 a cabo el ciclo \u201cNuevos cl\u00e1sicos\u201d que re\u00fane una selecci\u00f3n de pel\u00edculas emblem\u00e1ticas de los a\u00f1os 80 y 90.<\/p>\n\n\n\n<p>Los t\u00edtulos seleccionados conectan con generaciones y revolucionaron la manera de ver el cine. Estas obras, que muchos recuerdan haber disfrutado en VHS, regresan a la pantalla grande de la Cineteca PUCV para revivir grandes historias.<\/p>\n\n\n\n<p>Entre los t\u00edtulos que se presentar\u00e1n, destacan algunos que dejaron huella en la cultura popular: se conmemorar\u00e1 el 40 aniversario de <em>Pesadilla en la Calle Elm<\/em>, con Freddy Krueger como protagonista de nuestros peores sue\u00f1os, y el 40 aniversario de <em>Gremlins<\/em>. Tambi\u00e9n ser\u00e1 parte de la cartelera&nbsp; la ic\u00f3nica escena de baile entre John Travolta y Uma Thurman en <em>Tiempos Violentos<\/em>, y volveremos a viajar en el tiempo con Marty McFly y Doc Emmet Brown en <em>Volver al Futuro 2<\/em>.<\/p>\n\n\n\n<p><strong>Sebasti\u00e1n Cartajena<\/strong>, encargado de audiencias del Festival Internacional de Cine Recobrado de Valpara\u00edso, comenta: <em>\u201cEstamos felices del regreso de la franja de los Nuevos Cl\u00e1sicos como antesala del festival de este a\u00f1o. Este ciclo permite revivir las emociones de aquellas pel\u00edculas que nos marcaron en los a\u00f1os 80 y 90, y que la mayor\u00eda de nosotros vimos en VHS. Les invitamos a ser parte y vivir estos nuevos cl\u00e1sicos en la pantalla grande\u201d<\/em>.<\/p>\n\n\n\n<p>La franja de <em>Nuevos Cl\u00e1sicos<\/em> incluye cinco proyecciones, todas gratuitas, que se realizar\u00e1n en Brasil 2830, Valpara\u00edso.<\/p>\n\n\n\n<p>Revisa la programaci\u00f3n completa:<\/p>\n\n\n\n<ul class=\"wp-block-list\">\n<li><strong>Lunes 9 de septiembre &#8211; 18:00 horas<\/strong> <em>Tiempos Violentos<\/em> (30\u00ba aniversario) Direcci\u00f3n: Quentin Tarantino | Duraci\u00f3n: 154 min | A\u00f1o: 1994<\/li>\n\n\n\n<li><strong>Martes 10 de septiembre &#8211; 18:30 horas<\/strong> <em>\u00bfQui\u00e9n enga\u00f1\u00f3 a Roger Rabbit?<\/em> Direcci\u00f3n: Robert Zemeckis | Duraci\u00f3n: 103 min | A\u00f1o: 1988<\/li>\n\n\n\n<li><strong>Mi\u00e9rcoles 11 de septiembre &#8211; 18:30 horas<\/strong> <em>Pesadilla en la Calle Elm<\/em> (40\u00ba aniversario) Direcci\u00f3n: Wes Craven | Duraci\u00f3n: 90 min | A\u00f1o: 1984<\/li>\n\n\n\n<li><strong>Jueves 12 de septiembre &#8211; 18:30 horas<\/strong> <em>Gremlins<\/em> (40\u00ba aniversario) Direcci\u00f3n: Joe Dante | Duraci\u00f3n: 107 min | A\u00f1o: 1984<\/li>\n\n\n\n<li><strong>Viernes 13 de septiembre &#8211; 18:30 horas<\/strong> <em>Volver al Futuro 2<\/em> (35\u00ba aniversario) Direcci\u00f3n: Robert Zemeckis | Duraci\u00f3n: 109 min | A\u00f1o: 1989<\/li>\n<\/ul>\n\n\n\n<p>\u00a1No te pierdas la oportunidad de revivir estos <em>Nuevos Cl\u00e1sicos<\/em> y disfrutar de una experiencia cinematogr\u00e1fica en pantalla grande!<\/p>\n\n\n\n<p><strong>Entrada gratuita.<\/strong>&nbsp;<\/p>\n\n\n\n<p>M\u00e1s informaci\u00f3n en <a href=\"http:\/\/www.cinerecobrado.cl\">www.cinerecobrado.cl<\/a><\/p>\n\n\n\n<p>@cinerecobradovalparaiso<\/p>\n\n\n\n<p>@cinetecapucv<\/p>\n","protected":false},"excerpt":{"rendered":"<p>Una invitaci\u00f3n a sorprenderse y disfrutar de joyas cinematogr\u00e1ficas es la que extiende el Festival Internacional de Cine Recobrado de Valpara\u00edso junto a la Cineteca PUCV. Desde el 9 al 13 de septiembre se llevar\u00e1 a cabo el ciclo \u201cNuevos cl\u00e1sicos\u201d que re\u00fane una selecci\u00f3n de pel\u00edculas emblem\u00e1ticas de los a\u00f1os 80 y 90. Los [&hellip;]<\/p>\n","protected":false},"author":1,"featured_media":20399,"comment_status":"closed","ping_status":"closed","sticky":false,"template":"","format":"standard","meta":{"_acf_changed":false,"footnotes":""},"categories":[8],"tags":[],"class_list":["post-20398","post","type-post","status-publish","format-standard","has-post-thumbnail","hentry","category-noticia"],"acf":[],"yoast_head":"<!-- This site is optimized with the Yoast SEO plugin v27.1.1 - https:\/\/yoast.com\/product\/yoast-seo-wordpress\/ -->\n<title>La antesala de la 28\u00aa edici\u00f3n: Festival Internacional de Cine Recobrado de Valpara\u00edso presenta semana de \u201cNuevos cl\u00e1sicos\u201d junto a Cineteca PUCV - Valpara\u00ed\u00adso Creativo<\/title>\n<meta name=\"robots\" content=\"index, follow, max-snippet:-1, max-image-preview:large, max-video-preview:-1\" \/>\n<link rel=\"canonical\" href=\"https:\/\/dev.antudigital.cl\/sites\/vc\/la-antesala-de-la-28a-edicion-festival-internacional-de-cine-recobrado-de-valparaiso-presenta-semana-de-nuevos-clasicos-junto-a-cineteca-pucv\/\" \/>\n<meta property=\"og:locale\" content=\"es_ES\" \/>\n<meta property=\"og:type\" content=\"article\" \/>\n<meta property=\"og:title\" content=\"La antesala de la 28\u00aa edici\u00f3n: Festival Internacional de Cine Recobrado de Valpara\u00edso presenta semana de \u201cNuevos cl\u00e1sicos\u201d junto a Cineteca PUCV - Valpara\u00ed\u00adso Creativo\" \/>\n<meta property=\"og:description\" content=\"Una invitaci\u00f3n a sorprenderse y disfrutar de joyas cinematogr\u00e1ficas es la que extiende el Festival Internacional de Cine Recobrado de Valpara\u00edso junto a la Cineteca PUCV. Desde el 9 al 13 de septiembre se llevar\u00e1 a cabo el ciclo \u201cNuevos cl\u00e1sicos\u201d que re\u00fane una selecci\u00f3n de pel\u00edculas emblem\u00e1ticas de los a\u00f1os 80 y 90. Los [&hellip;]\" \/>\n<meta property=\"og:url\" content=\"https:\/\/dev.antudigital.cl\/sites\/vc\/la-antesala-de-la-28a-edicion-festival-internacional-de-cine-recobrado-de-valparaiso-presenta-semana-de-nuevos-clasicos-junto-a-cineteca-pucv\/\" \/>\n<meta property=\"og:site_name\" content=\"Valpara\u00ed\u00adso Creativo\" \/>\n<meta property=\"article:published_time\" content=\"2024-09-09T23:26:45+00:00\" \/>\n<meta property=\"article:modified_time\" content=\"2024-09-09T23:27:02+00:00\" \/>\n<meta property=\"og:image\" content=\"https:\/\/dev.antudigital.cl\/sites\/vc\/wp-content\/uploads\/2024\/09\/Nuevos-clasicos-cine-recobrado.jpeg\" \/>\n\t<meta property=\"og:image:width\" content=\"940\" \/>\n\t<meta property=\"og:image:height\" content=\"788\" \/>\n\t<meta property=\"og:image:type\" content=\"image\/jpeg\" \/>\n<meta name=\"author\" content=\"Valpara\u00edso Creativo\" \/>\n<meta name=\"twitter:card\" content=\"summary_large_image\" \/>\n<meta name=\"twitter:label1\" content=\"Escrito por\" \/>\n\t<meta name=\"twitter:data1\" content=\"Valpara\u00edso Creativo\" \/>\n\t<meta name=\"twitter:label2\" content=\"Tiempo de lectura\" \/>\n\t<meta name=\"twitter:data2\" content=\"3 minutos\" \/>\n<script type=\"application\/ld+json\" class=\"yoast-schema-graph\">{\"@context\":\"https:\/\/schema.org\",\"@graph\":[{\"@type\":\"Article\",\"@id\":\"https:\/\/dev.antudigital.cl\/sites\/vc\/la-antesala-de-la-28a-edicion-festival-internacional-de-cine-recobrado-de-valparaiso-presenta-semana-de-nuevos-clasicos-junto-a-cineteca-pucv\/#article\",\"isPartOf\":{\"@id\":\"https:\/\/dev.antudigital.cl\/sites\/vc\/la-antesala-de-la-28a-edicion-festival-internacional-de-cine-recobrado-de-valparaiso-presenta-semana-de-nuevos-clasicos-junto-a-cineteca-pucv\/\"},\"author\":{\"name\":\"Valpara\u00edso Creativo\",\"@id\":\"https:\/\/dev.antudigital.cl\/sites\/vc\/#\/schema\/person\/c2b9da8dd545e27166fc5ab232837318\"},\"headline\":\"La antesala de la 28\u00aa edici\u00f3n: Festival Internacional de Cine Recobrado de Valpara\u00edso presenta semana de \u201cNuevos cl\u00e1sicos\u201d junto a Cineteca PUCV\",\"datePublished\":\"2024-09-09T23:26:45+00:00\",\"dateModified\":\"2024-09-09T23:27:02+00:00\",\"mainEntityOfPage\":{\"@id\":\"https:\/\/dev.antudigital.cl\/sites\/vc\/la-antesala-de-la-28a-edicion-festival-internacional-de-cine-recobrado-de-valparaiso-presenta-semana-de-nuevos-clasicos-junto-a-cineteca-pucv\/\"},\"wordCount\":432,\"image\":{\"@id\":\"https:\/\/dev.antudigital.cl\/sites\/vc\/la-antesala-de-la-28a-edicion-festival-internacional-de-cine-recobrado-de-valparaiso-presenta-semana-de-nuevos-clasicos-junto-a-cineteca-pucv\/#primaryimage\"},\"thumbnailUrl\":\"https:\/\/dev.antudigital.cl\/sites\/vc\/wp-content\/uploads\/2024\/09\/Nuevos-clasicos-cine-recobrado.jpeg\",\"articleSection\":[\"Noticia\"],\"inLanguage\":\"es\"},{\"@type\":\"WebPage\",\"@id\":\"https:\/\/dev.antudigital.cl\/sites\/vc\/la-antesala-de-la-28a-edicion-festival-internacional-de-cine-recobrado-de-valparaiso-presenta-semana-de-nuevos-clasicos-junto-a-cineteca-pucv\/\",\"url\":\"https:\/\/dev.antudigital.cl\/sites\/vc\/la-antesala-de-la-28a-edicion-festival-internacional-de-cine-recobrado-de-valparaiso-presenta-semana-de-nuevos-clasicos-junto-a-cineteca-pucv\/\",\"name\":\"La antesala de la 28\u00aa edici\u00f3n: Festival Internacional de Cine Recobrado de Valpara\u00edso presenta semana de \u201cNuevos cl\u00e1sicos\u201d junto a Cineteca PUCV - Valpara\u00ed\u00adso Creativo\",\"isPartOf\":{\"@id\":\"https:\/\/dev.antudigital.cl\/sites\/vc\/#website\"},\"primaryImageOfPage\":{\"@id\":\"https:\/\/dev.antudigital.cl\/sites\/vc\/la-antesala-de-la-28a-edicion-festival-internacional-de-cine-recobrado-de-valparaiso-presenta-semana-de-nuevos-clasicos-junto-a-cineteca-pucv\/#primaryimage\"},\"image\":{\"@id\":\"https:\/\/dev.antudigital.cl\/sites\/vc\/la-antesala-de-la-28a-edicion-festival-internacional-de-cine-recobrado-de-valparaiso-presenta-semana-de-nuevos-clasicos-junto-a-cineteca-pucv\/#primaryimage\"},\"thumbnailUrl\":\"https:\/\/dev.antudigital.cl\/sites\/vc\/wp-content\/uploads\/2024\/09\/Nuevos-clasicos-cine-recobrado.jpeg\",\"datePublished\":\"2024-09-09T23:26:45+00:00\",\"dateModified\":\"2024-09-09T23:27:02+00:00\",\"author\":{\"@id\":\"https:\/\/dev.antudigital.cl\/sites\/vc\/#\/schema\/person\/c2b9da8dd545e27166fc5ab232837318\"},\"breadcrumb\":{\"@id\":\"https:\/\/dev.antudigital.cl\/sites\/vc\/la-antesala-de-la-28a-edicion-festival-internacional-de-cine-recobrado-de-valparaiso-presenta-semana-de-nuevos-clasicos-junto-a-cineteca-pucv\/#breadcrumb\"},\"inLanguage\":\"es\",\"potentialAction\":[{\"@type\":\"ReadAction\",\"target\":[\"https:\/\/dev.antudigital.cl\/sites\/vc\/la-antesala-de-la-28a-edicion-festival-internacional-de-cine-recobrado-de-valparaiso-presenta-semana-de-nuevos-clasicos-junto-a-cineteca-pucv\/\"]}]},{\"@type\":\"ImageObject\",\"inLanguage\":\"es\",\"@id\":\"https:\/\/dev.antudigital.cl\/sites\/vc\/la-antesala-de-la-28a-edicion-festival-internacional-de-cine-recobrado-de-valparaiso-presenta-semana-de-nuevos-clasicos-junto-a-cineteca-pucv\/#primaryimage\",\"url\":\"https:\/\/dev.antudigital.cl\/sites\/vc\/wp-content\/uploads\/2024\/09\/Nuevos-clasicos-cine-recobrado.jpeg\",\"contentUrl\":\"https:\/\/dev.antudigital.cl\/sites\/vc\/wp-content\/uploads\/2024\/09\/Nuevos-clasicos-cine-recobrado.jpeg\",\"width\":940,\"height\":788},{\"@type\":\"BreadcrumbList\",\"@id\":\"https:\/\/dev.antudigital.cl\/sites\/vc\/la-antesala-de-la-28a-edicion-festival-internacional-de-cine-recobrado-de-valparaiso-presenta-semana-de-nuevos-clasicos-junto-a-cineteca-pucv\/#breadcrumb\",\"itemListElement\":[{\"@type\":\"ListItem\",\"position\":1,\"name\":\"Home\",\"item\":\"https:\/\/dev.antudigital.cl\/sites\/vc\/\"},{\"@type\":\"ListItem\",\"position\":2,\"name\":\"La antesala de la 28\u00aa edici\u00f3n: Festival Internacional de Cine Recobrado de Valpara\u00edso presenta semana de \u201cNuevos cl\u00e1sicos\u201d junto a Cineteca PUCV\"}]},{\"@type\":\"WebSite\",\"@id\":\"https:\/\/dev.antudigital.cl\/sites\/vc\/#website\",\"url\":\"https:\/\/dev.antudigital.cl\/sites\/vc\/\",\"name\":\"Valpara\u00ed\u00adso Creativo\",\"description\":\"\",\"potentialAction\":[{\"@type\":\"SearchAction\",\"target\":{\"@type\":\"EntryPoint\",\"urlTemplate\":\"https:\/\/dev.antudigital.cl\/sites\/vc\/?s={search_term_string}\"},\"query-input\":{\"@type\":\"PropertyValueSpecification\",\"valueRequired\":true,\"valueName\":\"search_term_string\"}}],\"inLanguage\":\"es\"},{\"@type\":\"Person\",\"@id\":\"https:\/\/dev.antudigital.cl\/sites\/vc\/#\/schema\/person\/c2b9da8dd545e27166fc5ab232837318\",\"name\":\"Valpara\u00edso Creativo\",\"description\":\"Periodista de cultura en la Regi\u00f3n de Valpara\u00edso.\",\"url\":\"https:\/\/dev.antudigital.cl\/sites\/vc\/author\/valpoadmin\/\"}]}<\/script>\n<!-- \/ Yoast SEO plugin. -->","yoast_head_json":{"title":"La antesala de la 28\u00aa edici\u00f3n: Festival Internacional de Cine Recobrado de Valpara\u00edso presenta semana de \u201cNuevos cl\u00e1sicos\u201d junto a Cineteca PUCV - Valpara\u00ed\u00adso Creativo","robots":{"index":"index","follow":"follow","max-snippet":"max-snippet:-1","max-image-preview":"max-image-preview:large","max-video-preview":"max-video-preview:-1"},"canonical":"https:\/\/dev.antudigital.cl\/sites\/vc\/la-antesala-de-la-28a-edicion-festival-internacional-de-cine-recobrado-de-valparaiso-presenta-semana-de-nuevos-clasicos-junto-a-cineteca-pucv\/","og_locale":"es_ES","og_type":"article","og_title":"La antesala de la 28\u00aa edici\u00f3n: Festival Internacional de Cine Recobrado de Valpara\u00edso presenta semana de \u201cNuevos cl\u00e1sicos\u201d junto a Cineteca PUCV - Valpara\u00ed\u00adso Creativo","og_description":"Una invitaci\u00f3n a sorprenderse y disfrutar de joyas cinematogr\u00e1ficas es la que extiende el Festival Internacional de Cine Recobrado de Valpara\u00edso junto a la Cineteca PUCV. Desde el 9 al 13 de septiembre se llevar\u00e1 a cabo el ciclo \u201cNuevos cl\u00e1sicos\u201d que re\u00fane una selecci\u00f3n de pel\u00edculas emblem\u00e1ticas de los a\u00f1os 80 y 90. Los [&hellip;]","og_url":"https:\/\/dev.antudigital.cl\/sites\/vc\/la-antesala-de-la-28a-edicion-festival-internacional-de-cine-recobrado-de-valparaiso-presenta-semana-de-nuevos-clasicos-junto-a-cineteca-pucv\/","og_site_name":"Valpara\u00ed\u00adso Creativo","article_published_time":"2024-09-09T23:26:45+00:00","article_modified_time":"2024-09-09T23:27:02+00:00","og_image":[{"width":940,"height":788,"url":"https:\/\/dev.antudigital.cl\/sites\/vc\/wp-content\/uploads\/2024\/09\/Nuevos-clasicos-cine-recobrado.jpeg","type":"image\/jpeg"}],"author":"Valpara\u00edso Creativo","twitter_card":"summary_large_image","twitter_misc":{"Escrito por":"Valpara\u00edso Creativo","Tiempo de lectura":"3 minutos"},"schema":{"@context":"https:\/\/schema.org","@graph":[{"@type":"Article","@id":"https:\/\/dev.antudigital.cl\/sites\/vc\/la-antesala-de-la-28a-edicion-festival-internacional-de-cine-recobrado-de-valparaiso-presenta-semana-de-nuevos-clasicos-junto-a-cineteca-pucv\/#article","isPartOf":{"@id":"https:\/\/dev.antudigital.cl\/sites\/vc\/la-antesala-de-la-28a-edicion-festival-internacional-de-cine-recobrado-de-valparaiso-presenta-semana-de-nuevos-clasicos-junto-a-cineteca-pucv\/"},"author":{"name":"Valpara\u00edso Creativo","@id":"https:\/\/dev.antudigital.cl\/sites\/vc\/#\/schema\/person\/c2b9da8dd545e27166fc5ab232837318"},"headline":"La antesala de la 28\u00aa edici\u00f3n: Festival Internacional de Cine Recobrado de Valpara\u00edso presenta semana de \u201cNuevos cl\u00e1sicos\u201d junto a Cineteca PUCV","datePublished":"2024-09-09T23:26:45+00:00","dateModified":"2024-09-09T23:27:02+00:00","mainEntityOfPage":{"@id":"https:\/\/dev.antudigital.cl\/sites\/vc\/la-antesala-de-la-28a-edicion-festival-internacional-de-cine-recobrado-de-valparaiso-presenta-semana-de-nuevos-clasicos-junto-a-cineteca-pucv\/"},"wordCount":432,"image":{"@id":"https:\/\/dev.antudigital.cl\/sites\/vc\/la-antesala-de-la-28a-edicion-festival-internacional-de-cine-recobrado-de-valparaiso-presenta-semana-de-nuevos-clasicos-junto-a-cineteca-pucv\/#primaryimage"},"thumbnailUrl":"https:\/\/dev.antudigital.cl\/sites\/vc\/wp-content\/uploads\/2024\/09\/Nuevos-clasicos-cine-recobrado.jpeg","articleSection":["Noticia"],"inLanguage":"es"},{"@type":"WebPage","@id":"https:\/\/dev.antudigital.cl\/sites\/vc\/la-antesala-de-la-28a-edicion-festival-internacional-de-cine-recobrado-de-valparaiso-presenta-semana-de-nuevos-clasicos-junto-a-cineteca-pucv\/","url":"https:\/\/dev.antudigital.cl\/sites\/vc\/la-antesala-de-la-28a-edicion-festival-internacional-de-cine-recobrado-de-valparaiso-presenta-semana-de-nuevos-clasicos-junto-a-cineteca-pucv\/","name":"La antesala de la 28\u00aa edici\u00f3n: Festival Internacional de Cine Recobrado de Valpara\u00edso presenta semana de \u201cNuevos cl\u00e1sicos\u201d junto a Cineteca PUCV - Valpara\u00ed\u00adso Creativo","isPartOf":{"@id":"https:\/\/dev.antudigital.cl\/sites\/vc\/#website"},"primaryImageOfPage":{"@id":"https:\/\/dev.antudigital.cl\/sites\/vc\/la-antesala-de-la-28a-edicion-festival-internacional-de-cine-recobrado-de-valparaiso-presenta-semana-de-nuevos-clasicos-junto-a-cineteca-pucv\/#primaryimage"},"image":{"@id":"https:\/\/dev.antudigital.cl\/sites\/vc\/la-antesala-de-la-28a-edicion-festival-internacional-de-cine-recobrado-de-valparaiso-presenta-semana-de-nuevos-clasicos-junto-a-cineteca-pucv\/#primaryimage"},"thumbnailUrl":"https:\/\/dev.antudigital.cl\/sites\/vc\/wp-content\/uploads\/2024\/09\/Nuevos-clasicos-cine-recobrado.jpeg","datePublished":"2024-09-09T23:26:45+00:00","dateModified":"2024-09-09T23:27:02+00:00","author":{"@id":"https:\/\/dev.antudigital.cl\/sites\/vc\/#\/schema\/person\/c2b9da8dd545e27166fc5ab232837318"},"breadcrumb":{"@id":"https:\/\/dev.antudigital.cl\/sites\/vc\/la-antesala-de-la-28a-edicion-festival-internacional-de-cine-recobrado-de-valparaiso-presenta-semana-de-nuevos-clasicos-junto-a-cineteca-pucv\/#breadcrumb"},"inLanguage":"es","potentialAction":[{"@type":"ReadAction","target":["https:\/\/dev.antudigital.cl\/sites\/vc\/la-antesala-de-la-28a-edicion-festival-internacional-de-cine-recobrado-de-valparaiso-presenta-semana-de-nuevos-clasicos-junto-a-cineteca-pucv\/"]}]},{"@type":"ImageObject","inLanguage":"es","@id":"https:\/\/dev.antudigital.cl\/sites\/vc\/la-antesala-de-la-28a-edicion-festival-internacional-de-cine-recobrado-de-valparaiso-presenta-semana-de-nuevos-clasicos-junto-a-cineteca-pucv\/#primaryimage","url":"https:\/\/dev.antudigital.cl\/sites\/vc\/wp-content\/uploads\/2024\/09\/Nuevos-clasicos-cine-recobrado.jpeg","contentUrl":"https:\/\/dev.antudigital.cl\/sites\/vc\/wp-content\/uploads\/2024\/09\/Nuevos-clasicos-cine-recobrado.jpeg","width":940,"height":788},{"@type":"BreadcrumbList","@id":"https:\/\/dev.antudigital.cl\/sites\/vc\/la-antesala-de-la-28a-edicion-festival-internacional-de-cine-recobrado-de-valparaiso-presenta-semana-de-nuevos-clasicos-junto-a-cineteca-pucv\/#breadcrumb","itemListElement":[{"@type":"ListItem","position":1,"name":"Home","item":"https:\/\/dev.antudigital.cl\/sites\/vc\/"},{"@type":"ListItem","position":2,"name":"La antesala de la 28\u00aa edici\u00f3n: Festival Internacional de Cine Recobrado de Valpara\u00edso presenta semana de \u201cNuevos cl\u00e1sicos\u201d junto a Cineteca PUCV"}]},{"@type":"WebSite","@id":"https:\/\/dev.antudigital.cl\/sites\/vc\/#website","url":"https:\/\/dev.antudigital.cl\/sites\/vc\/","name":"Valpara\u00ed\u00adso Creativo","description":"","potentialAction":[{"@type":"SearchAction","target":{"@type":"EntryPoint","urlTemplate":"https:\/\/dev.antudigital.cl\/sites\/vc\/?s={search_term_string}"},"query-input":{"@type":"PropertyValueSpecification","valueRequired":true,"valueName":"search_term_string"}}],"inLanguage":"es"},{"@type":"Person","@id":"https:\/\/dev.antudigital.cl\/sites\/vc\/#\/schema\/person\/c2b9da8dd545e27166fc5ab232837318","name":"Valpara\u00edso Creativo","description":"Periodista de cultura en la Regi\u00f3n de Valpara\u00edso.","url":"https:\/\/dev.antudigital.cl\/sites\/vc\/author\/valpoadmin\/"}]}},"_links":{"self":[{"href":"https:\/\/dev.antudigital.cl\/sites\/vc\/wp-json\/wp\/v2\/posts\/20398","targetHints":{"allow":["GET"]}}],"collection":[{"href":"https:\/\/dev.antudigital.cl\/sites\/vc\/wp-json\/wp\/v2\/posts"}],"about":[{"href":"https:\/\/dev.antudigital.cl\/sites\/vc\/wp-json\/wp\/v2\/types\/post"}],"author":[{"embeddable":true,"href":"https:\/\/dev.antudigital.cl\/sites\/vc\/wp-json\/wp\/v2\/users\/1"}],"replies":[{"embeddable":true,"href":"https:\/\/dev.antudigital.cl\/sites\/vc\/wp-json\/wp\/v2\/comments?post=20398"}],"version-history":[{"count":1,"href":"https:\/\/dev.antudigital.cl\/sites\/vc\/wp-json\/wp\/v2\/posts\/20398\/revisions"}],"predecessor-version":[{"id":20400,"href":"https:\/\/dev.antudigital.cl\/sites\/vc\/wp-json\/wp\/v2\/posts\/20398\/revisions\/20400"}],"wp:featuredmedia":[{"embeddable":true,"href":"https:\/\/dev.antudigital.cl\/sites\/vc\/wp-json\/wp\/v2\/media\/20399"}],"wp:attachment":[{"href":"https:\/\/dev.antudigital.cl\/sites\/vc\/wp-json\/wp\/v2\/media?parent=20398"}],"wp:term":[{"taxonomy":"category","embeddable":true,"href":"https:\/\/dev.antudigital.cl\/sites\/vc\/wp-json\/wp\/v2\/categories?post=20398"},{"taxonomy":"post_tag","embeddable":true,"href":"https:\/\/dev.antudigital.cl\/sites\/vc\/wp-json\/wp\/v2\/tags?post=20398"}],"curies":[{"name":"wp","href":"https:\/\/api.w.org\/{rel}","templated":true}]}}