{"id":20401,"date":"2024-09-09T23:29:30","date_gmt":"2024-09-09T23:29:30","guid":{"rendered":"https:\/\/www.valparaisocreativo.cl\/?p=20401"},"modified":"2024-09-09T23:29:49","modified_gmt":"2024-09-09T23:29:49","slug":"el-festival-de-cine-chileno-fecich-abre-convocatoria-y-anuncia-la-fecha-para-su-17a-edicion","status":"publish","type":"post","link":"https:\/\/dev.antudigital.cl\/sites\/vc\/el-festival-de-cine-chileno-fecich-abre-convocatoria-y-anuncia-la-fecha-para-su-17a-edicion\/","title":{"rendered":"El Festival de Cine Chileno FECICH abre convocatoria y anuncia la fecha para su 17\u00aa\u00a0edici\u00f3n"},"content":{"rendered":"\n<p><em>El festival se realizar\u00e1 presencialmente del&nbsp;<strong>24 de enero al 1 de febrero de 2025<\/strong>&nbsp;en&nbsp;<strong>Quilpu\u00e9 y Villa Alemana&nbsp;<\/strong><\/em>con extensi\u00f3n en Quillota, Cabildo, Quintero y Llay Llay.<\/p>\n\n\n\n<p>El Festival de Cine Chileno FECICH invita a postular a su&nbsp;<strong>Competencia Radiograf\u00eda Nacional FECICH 2025<\/strong>&nbsp;integrada por los formatos de largometraje y cortometraje, de los g\u00e9neros ficci\u00f3n, documental y animaci\u00f3n. Y como novedad, se incorpora la categor\u00eda&nbsp;<strong>series de animaci\u00f3n para televisi\u00f3n y\/o web.<\/strong><\/p>\n\n\n\n<p>Al respecto,&nbsp;<strong>Sebasti\u00e1n Cartajena<\/strong>, Director Art\u00edstico de FECICH afirma:&nbsp;<em>\u201cEn nuestra \u00faltima versi\u00f3n, la animaci\u00f3n chilena tuvo un papel relevante; la apertura de una competencia de cortometrajes s\u00f3lo en este g\u00e9nero, abri\u00f3 nuevos puntos de vistas de mirar el mundo, los encuentros y el ambiente entre las y los realizadores con nuevos p\u00fablicos, superaron incluso nuestras expectativas. Es por ello, que para este FECICH 17, buscamos un nuevo desaf\u00edo: convocar a series de animaci\u00f3n chilenas. De esta forma, se forja un antes y un despu\u00e9s en nuestro certamen\u201d.<\/em><\/p>\n\n\n\n<figure class=\"wp-block-image size-large\"><img fetchpriority=\"high\" decoding=\"async\" width=\"1024\" height=\"680\" src=\"https:\/\/www.valparaisocreativo.cl\/wp-content\/uploads\/2024\/09\/Fecich17_Foto-3-convocatoria-1024x680.jpg\" alt=\"\" class=\"wp-image-20403\" srcset=\"https:\/\/dev.antudigital.cl\/sites\/vc\/wp-content\/uploads\/2024\/09\/Fecich17_Foto-3-convocatoria-1024x680.jpg 1024w, https:\/\/dev.antudigital.cl\/sites\/vc\/wp-content\/uploads\/2024\/09\/Fecich17_Foto-3-convocatoria-300x199.jpg 300w, https:\/\/dev.antudigital.cl\/sites\/vc\/wp-content\/uploads\/2024\/09\/Fecich17_Foto-3-convocatoria-768x510.jpg 768w, https:\/\/dev.antudigital.cl\/sites\/vc\/wp-content\/uploads\/2024\/09\/Fecich17_Foto-3-convocatoria-1080x718.jpg 1080w, https:\/\/dev.antudigital.cl\/sites\/vc\/wp-content\/uploads\/2024\/09\/Fecich17_Foto-3-convocatoria-1280x851.jpg 1280w, https:\/\/dev.antudigital.cl\/sites\/vc\/wp-content\/uploads\/2024\/09\/Fecich17_Foto-3-convocatoria-980x651.jpg 980w, https:\/\/dev.antudigital.cl\/sites\/vc\/wp-content\/uploads\/2024\/09\/Fecich17_Foto-3-convocatoria-480x319.jpg 480w, https:\/\/dev.antudigital.cl\/sites\/vc\/wp-content\/uploads\/2024\/09\/Fecich17_Foto-3-convocatoria-24x16.jpg 24w, https:\/\/dev.antudigital.cl\/sites\/vc\/wp-content\/uploads\/2024\/09\/Fecich17_Foto-3-convocatoria-36x24.jpg 36w, https:\/\/dev.antudigital.cl\/sites\/vc\/wp-content\/uploads\/2024\/09\/Fecich17_Foto-3-convocatoria-48x32.jpg 48w, https:\/\/dev.antudigital.cl\/sites\/vc\/wp-content\/uploads\/2024\/09\/Fecich17_Foto-3-convocatoria.jpg 1371w\" sizes=\"(max-width: 1024px) 100vw, 1024px\" \/><\/figure>\n\n\n\n<p>Podr\u00e1n participar todos aquellos&nbsp;<strong>proyectos con fecha de t\u00e9rmino el a\u00f1o 2022 o posterior<\/strong>&nbsp;y las postulaciones se recibir\u00e1n hasta el&nbsp;<strong>martes 15 de octubre<\/strong>&nbsp;del presente a\u00f1o. Ser\u00e1n seleccionadas, como m\u00e1ximo, 8 obras para la Competencia de Largometrajes y 8 para la Competencia de Cortometrajes ficci\u00f3n\/documental, Competencia de Animaci\u00f3n m\u00e1ximo 10.<\/p>\n\n\n\n<p>La&nbsp;<strong>17\u00aa edici\u00f3n<\/strong>&nbsp;de FECICH se realizar\u00e1 presencialmente del&nbsp;<strong>24 de enero al 1 de febrero de 2025<\/strong>&nbsp;en&nbsp;<strong>Quilpu\u00e9 y Villa Alemana<\/strong>&nbsp;con extensi\u00f3n en las comunas de Quillota, Cabildo, Quintero y Llay Llay.<\/p>\n\n\n\n<p>FECICH es&nbsp;organizado por el&nbsp;<strong>Centro Cultural Quilpu\u00e9 Audiovisual<\/strong>, financiado por el Fondo de Fomento Audiovisual Convocatoria 2024 del<strong>&nbsp;Ministerio de las Culturas, las Artes y el Patrimonio&nbsp;<\/strong>y cuenta con el auspicio de la&nbsp;<strong>Ilustre<\/strong>&nbsp;<strong>Municipalidad de Quilpu\u00e9.<\/strong><\/p>\n\n\n\n<p>Esta versi\u00f3n busca fortalecer el debate y la reflexi\u00f3n en torno a nuestra identidad, seleccionando obras de alta calidad art\u00edstica que visibilicen las diversas realidades que construyen nuestra sociedad, ya sea a trav\u00e9s del rescate de la memoria, relatos sobre la contingencia o proyecciones acerca del futuro.<\/p>\n\n\n\n<figure class=\"wp-block-image size-large\"><img decoding=\"async\" width=\"1024\" height=\"689\" src=\"https:\/\/www.valparaisocreativo.cl\/wp-content\/uploads\/2024\/09\/Fecich17_Foto-2-convocatoria-1024x689.jpg\" alt=\"\" class=\"wp-image-20402\" srcset=\"https:\/\/dev.antudigital.cl\/sites\/vc\/wp-content\/uploads\/2024\/09\/Fecich17_Foto-2-convocatoria-1024x689.jpg 1024w, https:\/\/dev.antudigital.cl\/sites\/vc\/wp-content\/uploads\/2024\/09\/Fecich17_Foto-2-convocatoria-300x202.jpg 300w, https:\/\/dev.antudigital.cl\/sites\/vc\/wp-content\/uploads\/2024\/09\/Fecich17_Foto-2-convocatoria-768x517.jpg 768w, https:\/\/dev.antudigital.cl\/sites\/vc\/wp-content\/uploads\/2024\/09\/Fecich17_Foto-2-convocatoria-1080x727.jpg 1080w, https:\/\/dev.antudigital.cl\/sites\/vc\/wp-content\/uploads\/2024\/09\/Fecich17_Foto-2-convocatoria-1280x861.jpg 1280w, https:\/\/dev.antudigital.cl\/sites\/vc\/wp-content\/uploads\/2024\/09\/Fecich17_Foto-2-convocatoria-980x659.jpg 980w, https:\/\/dev.antudigital.cl\/sites\/vc\/wp-content\/uploads\/2024\/09\/Fecich17_Foto-2-convocatoria-480x323.jpg 480w, https:\/\/dev.antudigital.cl\/sites\/vc\/wp-content\/uploads\/2024\/09\/Fecich17_Foto-2-convocatoria-24x16.jpg 24w, https:\/\/dev.antudigital.cl\/sites\/vc\/wp-content\/uploads\/2024\/09\/Fecich17_Foto-2-convocatoria-36x24.jpg 36w, https:\/\/dev.antudigital.cl\/sites\/vc\/wp-content\/uploads\/2024\/09\/Fecich17_Foto-2-convocatoria-48x32.jpg 48w, https:\/\/dev.antudigital.cl\/sites\/vc\/wp-content\/uploads\/2024\/09\/Fecich17_Foto-2-convocatoria.jpg 1369w\" sizes=\"(max-width: 1024px) 100vw, 1024px\" \/><\/figure>\n\n\n\n<p>\u25cf&nbsp;&nbsp;&nbsp;&nbsp;&nbsp;&nbsp;&nbsp;Las bases se pueden descargar en&nbsp;<a href=\"http:\/\/www.fecich.cl\/\" target=\"_blank\" rel=\"noreferrer noopener\">WWW.FECICH.CL<\/a><\/p>\n\n\n\n<p>\u25cf&nbsp;&nbsp;&nbsp;&nbsp;&nbsp;&nbsp;&nbsp;Y las postulaciones se hacen a trav\u00e9s de FESTHOME o google form:&nbsp;<a href=\"https:\/\/forms.gle\/rbBNNAgkzsLwRnHp6\" target=\"_blank\" rel=\"noreferrer noopener\">https:\/\/forms.gle\/rbBNNAgkzsLwRnHp6<\/a><\/p>\n\n\n\n<p>Para cualquier duda o consulta respecto a la postulaci\u00f3n, enviar correo a&nbsp;<a href=\"mailto:programacion@fecich.cl\" target=\"_blank\" rel=\"noreferrer noopener\"><strong>programacion@fecich.cl<\/strong><\/a>&nbsp;\/&nbsp;<strong>Redes Sociales: @<a href=\"http:\/\/fecich.cl\/\" target=\"_blank\" rel=\"noreferrer noopener\">fecich.cl<\/a>&nbsp;<\/strong>&nbsp;<\/p>\n","protected":false},"excerpt":{"rendered":"<p>El festival se realizar\u00e1 presencialmente del&nbsp;24 de enero al 1 de febrero de 2025&nbsp;en&nbsp;Quilpu\u00e9 y Villa Alemana&nbsp;con extensi\u00f3n en Quillota, Cabildo, Quintero y Llay Llay. El Festival de Cine Chileno FECICH invita a postular a su&nbsp;Competencia Radiograf\u00eda Nacional FECICH 2025&nbsp;integrada por los formatos de largometraje y cortometraje, de los g\u00e9neros ficci\u00f3n, documental y animaci\u00f3n. Y [&hellip;]<\/p>\n","protected":false},"author":1,"featured_media":20404,"comment_status":"closed","ping_status":"closed","sticky":false,"template":"","format":"standard","meta":{"_acf_changed":false,"footnotes":""},"categories":[8],"tags":[],"class_list":["post-20401","post","type-post","status-publish","format-standard","has-post-thumbnail","hentry","category-noticia"],"acf":[],"yoast_head":"<!-- This site is optimized with the Yoast SEO plugin v27.1.1 - https:\/\/yoast.com\/product\/yoast-seo-wordpress\/ -->\n<title>El Festival de Cine Chileno FECICH abre convocatoria y anuncia la fecha para su 17\u00aa\u00a0edici\u00f3n - Valpara\u00ed\u00adso Creativo<\/title>\n<meta name=\"robots\" content=\"index, follow, max-snippet:-1, max-image-preview:large, max-video-preview:-1\" \/>\n<link rel=\"canonical\" href=\"https:\/\/dev.antudigital.cl\/sites\/vc\/el-festival-de-cine-chileno-fecich-abre-convocatoria-y-anuncia-la-fecha-para-su-17a-edicion\/\" \/>\n<meta property=\"og:locale\" content=\"es_ES\" \/>\n<meta property=\"og:type\" content=\"article\" \/>\n<meta property=\"og:title\" content=\"El Festival de Cine Chileno FECICH abre convocatoria y anuncia la fecha para su 17\u00aa\u00a0edici\u00f3n - Valpara\u00ed\u00adso Creativo\" \/>\n<meta property=\"og:description\" content=\"El festival se realizar\u00e1 presencialmente del&nbsp;24 de enero al 1 de febrero de 2025&nbsp;en&nbsp;Quilpu\u00e9 y Villa Alemana&nbsp;con extensi\u00f3n en Quillota, Cabildo, Quintero y Llay Llay. El Festival de Cine Chileno FECICH invita a postular a su&nbsp;Competencia Radiograf\u00eda Nacional FECICH 2025&nbsp;integrada por los formatos de largometraje y cortometraje, de los g\u00e9neros ficci\u00f3n, documental y animaci\u00f3n. Y [&hellip;]\" \/>\n<meta property=\"og:url\" content=\"https:\/\/dev.antudigital.cl\/sites\/vc\/el-festival-de-cine-chileno-fecich-abre-convocatoria-y-anuncia-la-fecha-para-su-17a-edicion\/\" \/>\n<meta property=\"og:site_name\" content=\"Valpara\u00ed\u00adso Creativo\" \/>\n<meta property=\"article:published_time\" content=\"2024-09-09T23:29:30+00:00\" \/>\n<meta property=\"article:modified_time\" content=\"2024-09-09T23:29:49+00:00\" \/>\n<meta property=\"og:image\" content=\"https:\/\/dev.antudigital.cl\/sites\/vc\/wp-content\/uploads\/2024\/09\/BANNER-TWT_FECICH-17-final.png\" \/>\n\t<meta property=\"og:image:width\" content=\"1500\" \/>\n\t<meta property=\"og:image:height\" content=\"500\" \/>\n\t<meta property=\"og:image:type\" content=\"image\/png\" \/>\n<meta name=\"author\" content=\"Valpara\u00edso Creativo\" \/>\n<meta name=\"twitter:card\" content=\"summary_large_image\" \/>\n<meta name=\"twitter:label1\" content=\"Escrito por\" \/>\n\t<meta name=\"twitter:data1\" content=\"Valpara\u00edso Creativo\" \/>\n\t<meta name=\"twitter:label2\" content=\"Tiempo de lectura\" \/>\n\t<meta name=\"twitter:data2\" content=\"3 minutos\" \/>\n<script type=\"application\/ld+json\" class=\"yoast-schema-graph\">{\"@context\":\"https:\/\/schema.org\",\"@graph\":[{\"@type\":\"Article\",\"@id\":\"https:\/\/dev.antudigital.cl\/sites\/vc\/el-festival-de-cine-chileno-fecich-abre-convocatoria-y-anuncia-la-fecha-para-su-17a-edicion\/#article\",\"isPartOf\":{\"@id\":\"https:\/\/dev.antudigital.cl\/sites\/vc\/el-festival-de-cine-chileno-fecich-abre-convocatoria-y-anuncia-la-fecha-para-su-17a-edicion\/\"},\"author\":{\"name\":\"Valpara\u00edso Creativo\",\"@id\":\"https:\/\/dev.antudigital.cl\/sites\/vc\/#\/schema\/person\/c2b9da8dd545e27166fc5ab232837318\"},\"headline\":\"El Festival de Cine Chileno FECICH abre convocatoria y anuncia la fecha para su 17\u00aa\u00a0edici\u00f3n\",\"datePublished\":\"2024-09-09T23:29:30+00:00\",\"dateModified\":\"2024-09-09T23:29:49+00:00\",\"mainEntityOfPage\":{\"@id\":\"https:\/\/dev.antudigital.cl\/sites\/vc\/el-festival-de-cine-chileno-fecich-abre-convocatoria-y-anuncia-la-fecha-para-su-17a-edicion\/\"},\"wordCount\":464,\"image\":{\"@id\":\"https:\/\/dev.antudigital.cl\/sites\/vc\/el-festival-de-cine-chileno-fecich-abre-convocatoria-y-anuncia-la-fecha-para-su-17a-edicion\/#primaryimage\"},\"thumbnailUrl\":\"https:\/\/dev.antudigital.cl\/sites\/vc\/wp-content\/uploads\/2024\/09\/BANNER-TWT_FECICH-17-final.png\",\"articleSection\":[\"Noticia\"],\"inLanguage\":\"es\"},{\"@type\":\"WebPage\",\"@id\":\"https:\/\/dev.antudigital.cl\/sites\/vc\/el-festival-de-cine-chileno-fecich-abre-convocatoria-y-anuncia-la-fecha-para-su-17a-edicion\/\",\"url\":\"https:\/\/dev.antudigital.cl\/sites\/vc\/el-festival-de-cine-chileno-fecich-abre-convocatoria-y-anuncia-la-fecha-para-su-17a-edicion\/\",\"name\":\"El Festival de Cine Chileno FECICH abre convocatoria y anuncia la fecha para su 17\u00aa\u00a0edici\u00f3n - Valpara\u00ed\u00adso Creativo\",\"isPartOf\":{\"@id\":\"https:\/\/dev.antudigital.cl\/sites\/vc\/#website\"},\"primaryImageOfPage\":{\"@id\":\"https:\/\/dev.antudigital.cl\/sites\/vc\/el-festival-de-cine-chileno-fecich-abre-convocatoria-y-anuncia-la-fecha-para-su-17a-edicion\/#primaryimage\"},\"image\":{\"@id\":\"https:\/\/dev.antudigital.cl\/sites\/vc\/el-festival-de-cine-chileno-fecich-abre-convocatoria-y-anuncia-la-fecha-para-su-17a-edicion\/#primaryimage\"},\"thumbnailUrl\":\"https:\/\/dev.antudigital.cl\/sites\/vc\/wp-content\/uploads\/2024\/09\/BANNER-TWT_FECICH-17-final.png\",\"datePublished\":\"2024-09-09T23:29:30+00:00\",\"dateModified\":\"2024-09-09T23:29:49+00:00\",\"author\":{\"@id\":\"https:\/\/dev.antudigital.cl\/sites\/vc\/#\/schema\/person\/c2b9da8dd545e27166fc5ab232837318\"},\"breadcrumb\":{\"@id\":\"https:\/\/dev.antudigital.cl\/sites\/vc\/el-festival-de-cine-chileno-fecich-abre-convocatoria-y-anuncia-la-fecha-para-su-17a-edicion\/#breadcrumb\"},\"inLanguage\":\"es\",\"potentialAction\":[{\"@type\":\"ReadAction\",\"target\":[\"https:\/\/dev.antudigital.cl\/sites\/vc\/el-festival-de-cine-chileno-fecich-abre-convocatoria-y-anuncia-la-fecha-para-su-17a-edicion\/\"]}]},{\"@type\":\"ImageObject\",\"inLanguage\":\"es\",\"@id\":\"https:\/\/dev.antudigital.cl\/sites\/vc\/el-festival-de-cine-chileno-fecich-abre-convocatoria-y-anuncia-la-fecha-para-su-17a-edicion\/#primaryimage\",\"url\":\"https:\/\/dev.antudigital.cl\/sites\/vc\/wp-content\/uploads\/2024\/09\/BANNER-TWT_FECICH-17-final.png\",\"contentUrl\":\"https:\/\/dev.antudigital.cl\/sites\/vc\/wp-content\/uploads\/2024\/09\/BANNER-TWT_FECICH-17-final.png\",\"width\":1500,\"height\":500},{\"@type\":\"BreadcrumbList\",\"@id\":\"https:\/\/dev.antudigital.cl\/sites\/vc\/el-festival-de-cine-chileno-fecich-abre-convocatoria-y-anuncia-la-fecha-para-su-17a-edicion\/#breadcrumb\",\"itemListElement\":[{\"@type\":\"ListItem\",\"position\":1,\"name\":\"Home\",\"item\":\"https:\/\/dev.antudigital.cl\/sites\/vc\/\"},{\"@type\":\"ListItem\",\"position\":2,\"name\":\"El Festival de Cine Chileno FECICH abre convocatoria y anuncia la fecha para su 17\u00aa\u00a0edici\u00f3n\"}]},{\"@type\":\"WebSite\",\"@id\":\"https:\/\/dev.antudigital.cl\/sites\/vc\/#website\",\"url\":\"https:\/\/dev.antudigital.cl\/sites\/vc\/\",\"name\":\"Valpara\u00ed\u00adso Creativo\",\"description\":\"\",\"potentialAction\":[{\"@type\":\"SearchAction\",\"target\":{\"@type\":\"EntryPoint\",\"urlTemplate\":\"https:\/\/dev.antudigital.cl\/sites\/vc\/?s={search_term_string}\"},\"query-input\":{\"@type\":\"PropertyValueSpecification\",\"valueRequired\":true,\"valueName\":\"search_term_string\"}}],\"inLanguage\":\"es\"},{\"@type\":\"Person\",\"@id\":\"https:\/\/dev.antudigital.cl\/sites\/vc\/#\/schema\/person\/c2b9da8dd545e27166fc5ab232837318\",\"name\":\"Valpara\u00edso Creativo\",\"description\":\"Periodista de cultura en la Regi\u00f3n de Valpara\u00edso.\",\"url\":\"https:\/\/dev.antudigital.cl\/sites\/vc\/author\/valpoadmin\/\"}]}<\/script>\n<!-- \/ Yoast SEO plugin. -->","yoast_head_json":{"title":"El Festival de Cine Chileno FECICH abre convocatoria y anuncia la fecha para su 17\u00aa\u00a0edici\u00f3n - Valpara\u00ed\u00adso Creativo","robots":{"index":"index","follow":"follow","max-snippet":"max-snippet:-1","max-image-preview":"max-image-preview:large","max-video-preview":"max-video-preview:-1"},"canonical":"https:\/\/dev.antudigital.cl\/sites\/vc\/el-festival-de-cine-chileno-fecich-abre-convocatoria-y-anuncia-la-fecha-para-su-17a-edicion\/","og_locale":"es_ES","og_type":"article","og_title":"El Festival de Cine Chileno FECICH abre convocatoria y anuncia la fecha para su 17\u00aa\u00a0edici\u00f3n - Valpara\u00ed\u00adso Creativo","og_description":"El festival se realizar\u00e1 presencialmente del&nbsp;24 de enero al 1 de febrero de 2025&nbsp;en&nbsp;Quilpu\u00e9 y Villa Alemana&nbsp;con extensi\u00f3n en Quillota, Cabildo, Quintero y Llay Llay. El Festival de Cine Chileno FECICH invita a postular a su&nbsp;Competencia Radiograf\u00eda Nacional FECICH 2025&nbsp;integrada por los formatos de largometraje y cortometraje, de los g\u00e9neros ficci\u00f3n, documental y animaci\u00f3n. Y [&hellip;]","og_url":"https:\/\/dev.antudigital.cl\/sites\/vc\/el-festival-de-cine-chileno-fecich-abre-convocatoria-y-anuncia-la-fecha-para-su-17a-edicion\/","og_site_name":"Valpara\u00ed\u00adso Creativo","article_published_time":"2024-09-09T23:29:30+00:00","article_modified_time":"2024-09-09T23:29:49+00:00","og_image":[{"width":1500,"height":500,"url":"https:\/\/dev.antudigital.cl\/sites\/vc\/wp-content\/uploads\/2024\/09\/BANNER-TWT_FECICH-17-final.png","type":"image\/png"}],"author":"Valpara\u00edso Creativo","twitter_card":"summary_large_image","twitter_misc":{"Escrito por":"Valpara\u00edso Creativo","Tiempo de lectura":"3 minutos"},"schema":{"@context":"https:\/\/schema.org","@graph":[{"@type":"Article","@id":"https:\/\/dev.antudigital.cl\/sites\/vc\/el-festival-de-cine-chileno-fecich-abre-convocatoria-y-anuncia-la-fecha-para-su-17a-edicion\/#article","isPartOf":{"@id":"https:\/\/dev.antudigital.cl\/sites\/vc\/el-festival-de-cine-chileno-fecich-abre-convocatoria-y-anuncia-la-fecha-para-su-17a-edicion\/"},"author":{"name":"Valpara\u00edso Creativo","@id":"https:\/\/dev.antudigital.cl\/sites\/vc\/#\/schema\/person\/c2b9da8dd545e27166fc5ab232837318"},"headline":"El Festival de Cine Chileno FECICH abre convocatoria y anuncia la fecha para su 17\u00aa\u00a0edici\u00f3n","datePublished":"2024-09-09T23:29:30+00:00","dateModified":"2024-09-09T23:29:49+00:00","mainEntityOfPage":{"@id":"https:\/\/dev.antudigital.cl\/sites\/vc\/el-festival-de-cine-chileno-fecich-abre-convocatoria-y-anuncia-la-fecha-para-su-17a-edicion\/"},"wordCount":464,"image":{"@id":"https:\/\/dev.antudigital.cl\/sites\/vc\/el-festival-de-cine-chileno-fecich-abre-convocatoria-y-anuncia-la-fecha-para-su-17a-edicion\/#primaryimage"},"thumbnailUrl":"https:\/\/dev.antudigital.cl\/sites\/vc\/wp-content\/uploads\/2024\/09\/BANNER-TWT_FECICH-17-final.png","articleSection":["Noticia"],"inLanguage":"es"},{"@type":"WebPage","@id":"https:\/\/dev.antudigital.cl\/sites\/vc\/el-festival-de-cine-chileno-fecich-abre-convocatoria-y-anuncia-la-fecha-para-su-17a-edicion\/","url":"https:\/\/dev.antudigital.cl\/sites\/vc\/el-festival-de-cine-chileno-fecich-abre-convocatoria-y-anuncia-la-fecha-para-su-17a-edicion\/","name":"El Festival de Cine Chileno FECICH abre convocatoria y anuncia la fecha para su 17\u00aa\u00a0edici\u00f3n - Valpara\u00ed\u00adso Creativo","isPartOf":{"@id":"https:\/\/dev.antudigital.cl\/sites\/vc\/#website"},"primaryImageOfPage":{"@id":"https:\/\/dev.antudigital.cl\/sites\/vc\/el-festival-de-cine-chileno-fecich-abre-convocatoria-y-anuncia-la-fecha-para-su-17a-edicion\/#primaryimage"},"image":{"@id":"https:\/\/dev.antudigital.cl\/sites\/vc\/el-festival-de-cine-chileno-fecich-abre-convocatoria-y-anuncia-la-fecha-para-su-17a-edicion\/#primaryimage"},"thumbnailUrl":"https:\/\/dev.antudigital.cl\/sites\/vc\/wp-content\/uploads\/2024\/09\/BANNER-TWT_FECICH-17-final.png","datePublished":"2024-09-09T23:29:30+00:00","dateModified":"2024-09-09T23:29:49+00:00","author":{"@id":"https:\/\/dev.antudigital.cl\/sites\/vc\/#\/schema\/person\/c2b9da8dd545e27166fc5ab232837318"},"breadcrumb":{"@id":"https:\/\/dev.antudigital.cl\/sites\/vc\/el-festival-de-cine-chileno-fecich-abre-convocatoria-y-anuncia-la-fecha-para-su-17a-edicion\/#breadcrumb"},"inLanguage":"es","potentialAction":[{"@type":"ReadAction","target":["https:\/\/dev.antudigital.cl\/sites\/vc\/el-festival-de-cine-chileno-fecich-abre-convocatoria-y-anuncia-la-fecha-para-su-17a-edicion\/"]}]},{"@type":"ImageObject","inLanguage":"es","@id":"https:\/\/dev.antudigital.cl\/sites\/vc\/el-festival-de-cine-chileno-fecich-abre-convocatoria-y-anuncia-la-fecha-para-su-17a-edicion\/#primaryimage","url":"https:\/\/dev.antudigital.cl\/sites\/vc\/wp-content\/uploads\/2024\/09\/BANNER-TWT_FECICH-17-final.png","contentUrl":"https:\/\/dev.antudigital.cl\/sites\/vc\/wp-content\/uploads\/2024\/09\/BANNER-TWT_FECICH-17-final.png","width":1500,"height":500},{"@type":"BreadcrumbList","@id":"https:\/\/dev.antudigital.cl\/sites\/vc\/el-festival-de-cine-chileno-fecich-abre-convocatoria-y-anuncia-la-fecha-para-su-17a-edicion\/#breadcrumb","itemListElement":[{"@type":"ListItem","position":1,"name":"Home","item":"https:\/\/dev.antudigital.cl\/sites\/vc\/"},{"@type":"ListItem","position":2,"name":"El Festival de Cine Chileno FECICH abre convocatoria y anuncia la fecha para su 17\u00aa\u00a0edici\u00f3n"}]},{"@type":"WebSite","@id":"https:\/\/dev.antudigital.cl\/sites\/vc\/#website","url":"https:\/\/dev.antudigital.cl\/sites\/vc\/","name":"Valpara\u00ed\u00adso Creativo","description":"","potentialAction":[{"@type":"SearchAction","target":{"@type":"EntryPoint","urlTemplate":"https:\/\/dev.antudigital.cl\/sites\/vc\/?s={search_term_string}"},"query-input":{"@type":"PropertyValueSpecification","valueRequired":true,"valueName":"search_term_string"}}],"inLanguage":"es"},{"@type":"Person","@id":"https:\/\/dev.antudigital.cl\/sites\/vc\/#\/schema\/person\/c2b9da8dd545e27166fc5ab232837318","name":"Valpara\u00edso Creativo","description":"Periodista de cultura en la Regi\u00f3n de Valpara\u00edso.","url":"https:\/\/dev.antudigital.cl\/sites\/vc\/author\/valpoadmin\/"}]}},"_links":{"self":[{"href":"https:\/\/dev.antudigital.cl\/sites\/vc\/wp-json\/wp\/v2\/posts\/20401","targetHints":{"allow":["GET"]}}],"collection":[{"href":"https:\/\/dev.antudigital.cl\/sites\/vc\/wp-json\/wp\/v2\/posts"}],"about":[{"href":"https:\/\/dev.antudigital.cl\/sites\/vc\/wp-json\/wp\/v2\/types\/post"}],"author":[{"embeddable":true,"href":"https:\/\/dev.antudigital.cl\/sites\/vc\/wp-json\/wp\/v2\/users\/1"}],"replies":[{"embeddable":true,"href":"https:\/\/dev.antudigital.cl\/sites\/vc\/wp-json\/wp\/v2\/comments?post=20401"}],"version-history":[{"count":1,"href":"https:\/\/dev.antudigital.cl\/sites\/vc\/wp-json\/wp\/v2\/posts\/20401\/revisions"}],"predecessor-version":[{"id":20405,"href":"https:\/\/dev.antudigital.cl\/sites\/vc\/wp-json\/wp\/v2\/posts\/20401\/revisions\/20405"}],"wp:featuredmedia":[{"embeddable":true,"href":"https:\/\/dev.antudigital.cl\/sites\/vc\/wp-json\/wp\/v2\/media\/20404"}],"wp:attachment":[{"href":"https:\/\/dev.antudigital.cl\/sites\/vc\/wp-json\/wp\/v2\/media?parent=20401"}],"wp:term":[{"taxonomy":"category","embeddable":true,"href":"https:\/\/dev.antudigital.cl\/sites\/vc\/wp-json\/wp\/v2\/categories?post=20401"},{"taxonomy":"post_tag","embeddable":true,"href":"https:\/\/dev.antudigital.cl\/sites\/vc\/wp-json\/wp\/v2\/tags?post=20401"}],"curies":[{"name":"wp","href":"https:\/\/api.w.org\/{rel}","templated":true}]}}