{"id":20419,"date":"2024-09-10T00:22:55","date_gmt":"2024-09-10T00:22:55","guid":{"rendered":"https:\/\/www.valparaisocreativo.cl\/?p=20419"},"modified":"2024-09-10T00:23:13","modified_gmt":"2024-09-10T00:23:13","slug":"atencion-jovenes-museo-baburizza-y-epv-realizan-concurso-fotografico-sobre-valparaiso","status":"publish","type":"post","link":"https:\/\/dev.antudigital.cl\/sites\/vc\/atencion-jovenes-museo-baburizza-y-epv-realizan-concurso-fotografico-sobre-valparaiso\/","title":{"rendered":"Atenci\u00f3n j\u00f3venes: Museo Baburizza y EPV realizan concurso fotogr\u00e1fico sobre Valpara\u00edso"},"content":{"rendered":"\n<p>El Museo de Bellas Artes de Valpara\u00edso, Palacio Baburizza, y la Empresa Portuaria Valpara\u00edso, invitan a quienes tengan entre 14 a 22 a\u00f1os, a participar en el concurso fotogr\u00e1fico&nbsp;<strong>\u201cRetratos de la memoria porte\u00f1a\u201d.<\/strong>&nbsp;El objetivo de esta iniciativa es ver c\u00f3mo los participantes perciben Valpara\u00edso, su puerto y su entorno, que destaca por su valiosa arquitectura y por ser considerada por la UNESCO como Patrimonio de la Humanidad.&nbsp;<\/p>\n\n\n\n<p>A trav\u00e9s de las fotograf\u00edas que realicen, queremos conocer la mirada de los participantes, quienes deber\u00e1n captar&nbsp;la esencia de la cotidianeidad y rutina de las personas en el puerto, retratando la vida que se vive en la ciudad. Las im\u00e1genes deben evidenciar, por ejemplo, escenas nocturnas de la ciudad en d\u00f3nde se puedan apreciar las luces del puerto, la atm\u00f3sfera de la vida despu\u00e9s del atardecer; los colores y murales de Valpara\u00edso, resaltando sus contrastes y calles, entre otros elementos.<\/p>\n\n\n\n<p>Rafael Torres, director del Museo Baburizza, invit\u00f3 a todos los j\u00f3venes a ser parte de este concurso para descubrir c\u00f3mo retratan a la ciudad. \u201cEstamos muy felices de realizar nuevamente un concurso con EPV, que busca esta ver la perspectiva que tienen los participantes sobre la ciudad, sobre sus rincones y lugares favoritos. Septiembre es un mes que ayudar\u00e1 mucho a que encuentren sus locaciones y tomas perfectas. Esperamos se motiven y participen\u201d.<\/p>\n\n\n\n<p>\u201cValpara\u00edso es una ciudad que destaca mundialmente por poseer una arquitectura privilegiada, un puerto eficiente y competitivo y una serie de atributos hist\u00f3ricos. Ante eso, es muy importante para nosotros descubrir de qu\u00e9 forma los j\u00f3venes se relacionan con su entorno, c\u00f3mo ven su puerto y c\u00f3mo &nbsp;ven tambi\u00e9n su patrimonio. Como Empresa Portuaria Valpara\u00edso, nos encontramos felices de estar una vez m\u00e1s trabajando junto al Museo Baburizza, y estamos seguros que a trav\u00e9s de las artes se puede lograr el desarrollo integral de las personas. Los y las invitamos a ser parte de este certamen de fotograf\u00eda y que disfruten la instancia\u201d, se\u00f1al\u00f3 Franco Gandolfo, gerente general de Puerto Valpara\u00edso.<\/p>\n\n\n\n<p><strong>METODOLOG\u00cdA<\/strong><\/p>\n\n\n\n<p>Quienes participen del certamen deben enviar sus fotograf\u00edas (m\u00e1ximo 2), en formato JPG con una resoluci\u00f3n no menor a 1080 pixeles en su lado m\u00e1s largo, de peso no menor a 1Mb&nbsp; ni mayor a 20 Mb, al correo electr\u00f3nico&nbsp;<a href=\"mailto:inscripcionesbaburizza@gmail.com\">inscripcionesbaburizza@gmail.com<\/a>.&nbsp;<\/p>\n\n\n\n<p>Adem\u00e1s, este material debe ser original e in\u00e9dito, utilizando blanco y negro o en colores. No se permiten im\u00e1genes con Inteligencia Artificial.&nbsp;<\/p>\n\n\n\n<p>Toda imagen debe encarnar la idiosincrasia del puerto de Valpara\u00edso y sus rincones. Las fotograf\u00edas tienen que reflejar nuestra memoria, personajes t\u00edpicos, actividades portuarias, arquitectura y todo elemento caracter\u00edstico de nuestro territorio.<\/p>\n\n\n\n<p><strong>PREMIOS<\/strong><\/p>\n\n\n\n<p>Los premios ser\u00e1n los siguientes y entregados a los ganadores de cada categor\u00eda:<\/p>\n\n\n\n<ul class=\"wp-block-list\">\n<li>\n<ul class=\"wp-block-list\">\n<li><strong>Primer lugar:<\/strong>\u00a0<strong>Giftcard $150.000<\/strong><\/li>\n<\/ul>\n<\/li>\n<\/ul>\n\n\n\n<ul class=\"wp-block-list\">\n<li><strong>Segundo lugar: Giftcard $100.000<\/strong><\/li>\n\n\n\n<li>Tercer lugar: Giftcard $50.000<\/li>\n<\/ul>\n\n\n\n<p>La ceremonia de entrega de los premios al&nbsp;<strong>primer, segundo y tercer lugar<\/strong>&nbsp;del concurso&nbsp;<strong>\u201cRetratos de la memoria porte\u00f1a\u201d&nbsp;<\/strong>se realizar\u00e1 en el Museo de Bellas Artes de Valpara\u00edso y se avisar\u00e1 con anticipaci\u00f3n la fecha y hora establecida.&nbsp;<\/p>\n\n\n\n<p>La fecha de la ceremonia ser\u00e1 notificada a los ganadores por correo electr\u00f3nico. En el caso de no poder participar de la entrega de los premios podr\u00e1 enviar un representante. De no poder asistir, el premio podr\u00e1 ser retirado por el ganador y su apoderado\/a en dependencias del Museo Baburizza.<\/p>\n","protected":false},"excerpt":{"rendered":"<p>El Museo de Bellas Artes de Valpara\u00edso, Palacio Baburizza, y la Empresa Portuaria Valpara\u00edso, invitan a quienes tengan entre 14 a 22 a\u00f1os, a participar en el concurso fotogr\u00e1fico&nbsp;\u201cRetratos de la memoria porte\u00f1a\u201d.&nbsp;El objetivo de esta iniciativa es ver c\u00f3mo los participantes perciben Valpara\u00edso, su puerto y su entorno, que destaca por su valiosa arquitectura [&hellip;]<\/p>\n","protected":false},"author":1,"featured_media":20420,"comment_status":"closed","ping_status":"closed","sticky":false,"template":"","format":"standard","meta":{"_acf_changed":false,"footnotes":""},"categories":[8],"tags":[],"class_list":["post-20419","post","type-post","status-publish","format-standard","has-post-thumbnail","hentry","category-noticia"],"acf":[],"yoast_head":"<!-- This site is optimized with the Yoast SEO plugin v27.1.1 - https:\/\/yoast.com\/product\/yoast-seo-wordpress\/ -->\n<title>Atenci\u00f3n j\u00f3venes: Museo Baburizza y EPV realizan concurso fotogr\u00e1fico sobre Valpara\u00edso - Valpara\u00ed\u00adso Creativo<\/title>\n<meta name=\"robots\" content=\"index, follow, max-snippet:-1, max-image-preview:large, max-video-preview:-1\" \/>\n<link rel=\"canonical\" href=\"https:\/\/dev.antudigital.cl\/sites\/vc\/atencion-jovenes-museo-baburizza-y-epv-realizan-concurso-fotografico-sobre-valparaiso\/\" \/>\n<meta property=\"og:locale\" content=\"es_ES\" \/>\n<meta property=\"og:type\" content=\"article\" \/>\n<meta property=\"og:title\" content=\"Atenci\u00f3n j\u00f3venes: Museo Baburizza y EPV realizan concurso fotogr\u00e1fico sobre Valpara\u00edso - Valpara\u00ed\u00adso Creativo\" \/>\n<meta property=\"og:description\" content=\"El Museo de Bellas Artes de Valpara\u00edso, Palacio Baburizza, y la Empresa Portuaria Valpara\u00edso, invitan a quienes tengan entre 14 a 22 a\u00f1os, a participar en el concurso fotogr\u00e1fico&nbsp;\u201cRetratos de la memoria porte\u00f1a\u201d.&nbsp;El objetivo de esta iniciativa es ver c\u00f3mo los participantes perciben Valpara\u00edso, su puerto y su entorno, que destaca por su valiosa arquitectura [&hellip;]\" \/>\n<meta property=\"og:url\" content=\"https:\/\/dev.antudigital.cl\/sites\/vc\/atencion-jovenes-museo-baburizza-y-epv-realizan-concurso-fotografico-sobre-valparaiso\/\" \/>\n<meta property=\"og:site_name\" content=\"Valpara\u00ed\u00adso Creativo\" \/>\n<meta property=\"article:published_time\" content=\"2024-09-10T00:22:55+00:00\" \/>\n<meta property=\"article:modified_time\" content=\"2024-09-10T00:23:13+00:00\" \/>\n<meta property=\"og:image\" content=\"https:\/\/dev.antudigital.cl\/sites\/vc\/wp-content\/uploads\/2024\/09\/WhatsApp-Image-2024-08-28-at-09.46.03-1-1536x949-1.jpeg\" \/>\n\t<meta property=\"og:image:width\" content=\"1536\" \/>\n\t<meta property=\"og:image:height\" content=\"949\" \/>\n\t<meta property=\"og:image:type\" content=\"image\/jpeg\" \/>\n<meta name=\"author\" content=\"Valpara\u00edso Creativo\" \/>\n<meta name=\"twitter:card\" content=\"summary_large_image\" \/>\n<meta name=\"twitter:label1\" content=\"Escrito por\" \/>\n\t<meta name=\"twitter:data1\" content=\"Valpara\u00edso Creativo\" \/>\n\t<meta name=\"twitter:label2\" content=\"Tiempo de lectura\" \/>\n\t<meta name=\"twitter:data2\" content=\"3 minutos\" \/>\n<script type=\"application\/ld+json\" class=\"yoast-schema-graph\">{\"@context\":\"https:\/\/schema.org\",\"@graph\":[{\"@type\":\"Article\",\"@id\":\"https:\/\/dev.antudigital.cl\/sites\/vc\/atencion-jovenes-museo-baburizza-y-epv-realizan-concurso-fotografico-sobre-valparaiso\/#article\",\"isPartOf\":{\"@id\":\"https:\/\/dev.antudigital.cl\/sites\/vc\/atencion-jovenes-museo-baburizza-y-epv-realizan-concurso-fotografico-sobre-valparaiso\/\"},\"author\":{\"name\":\"Valpara\u00edso Creativo\",\"@id\":\"https:\/\/dev.antudigital.cl\/sites\/vc\/#\/schema\/person\/c2b9da8dd545e27166fc5ab232837318\"},\"headline\":\"Atenci\u00f3n j\u00f3venes: Museo Baburizza y EPV realizan concurso fotogr\u00e1fico sobre Valpara\u00edso\",\"datePublished\":\"2024-09-10T00:22:55+00:00\",\"dateModified\":\"2024-09-10T00:23:13+00:00\",\"mainEntityOfPage\":{\"@id\":\"https:\/\/dev.antudigital.cl\/sites\/vc\/atencion-jovenes-museo-baburizza-y-epv-realizan-concurso-fotografico-sobre-valparaiso\/\"},\"wordCount\":618,\"image\":{\"@id\":\"https:\/\/dev.antudigital.cl\/sites\/vc\/atencion-jovenes-museo-baburizza-y-epv-realizan-concurso-fotografico-sobre-valparaiso\/#primaryimage\"},\"thumbnailUrl\":\"https:\/\/dev.antudigital.cl\/sites\/vc\/wp-content\/uploads\/2024\/09\/WhatsApp-Image-2024-08-28-at-09.46.03-1-1536x949-1.jpeg\",\"articleSection\":[\"Noticia\"],\"inLanguage\":\"es\"},{\"@type\":\"WebPage\",\"@id\":\"https:\/\/dev.antudigital.cl\/sites\/vc\/atencion-jovenes-museo-baburizza-y-epv-realizan-concurso-fotografico-sobre-valparaiso\/\",\"url\":\"https:\/\/dev.antudigital.cl\/sites\/vc\/atencion-jovenes-museo-baburizza-y-epv-realizan-concurso-fotografico-sobre-valparaiso\/\",\"name\":\"Atenci\u00f3n j\u00f3venes: Museo Baburizza y EPV realizan concurso fotogr\u00e1fico sobre Valpara\u00edso - Valpara\u00ed\u00adso Creativo\",\"isPartOf\":{\"@id\":\"https:\/\/dev.antudigital.cl\/sites\/vc\/#website\"},\"primaryImageOfPage\":{\"@id\":\"https:\/\/dev.antudigital.cl\/sites\/vc\/atencion-jovenes-museo-baburizza-y-epv-realizan-concurso-fotografico-sobre-valparaiso\/#primaryimage\"},\"image\":{\"@id\":\"https:\/\/dev.antudigital.cl\/sites\/vc\/atencion-jovenes-museo-baburizza-y-epv-realizan-concurso-fotografico-sobre-valparaiso\/#primaryimage\"},\"thumbnailUrl\":\"https:\/\/dev.antudigital.cl\/sites\/vc\/wp-content\/uploads\/2024\/09\/WhatsApp-Image-2024-08-28-at-09.46.03-1-1536x949-1.jpeg\",\"datePublished\":\"2024-09-10T00:22:55+00:00\",\"dateModified\":\"2024-09-10T00:23:13+00:00\",\"author\":{\"@id\":\"https:\/\/dev.antudigital.cl\/sites\/vc\/#\/schema\/person\/c2b9da8dd545e27166fc5ab232837318\"},\"breadcrumb\":{\"@id\":\"https:\/\/dev.antudigital.cl\/sites\/vc\/atencion-jovenes-museo-baburizza-y-epv-realizan-concurso-fotografico-sobre-valparaiso\/#breadcrumb\"},\"inLanguage\":\"es\",\"potentialAction\":[{\"@type\":\"ReadAction\",\"target\":[\"https:\/\/dev.antudigital.cl\/sites\/vc\/atencion-jovenes-museo-baburizza-y-epv-realizan-concurso-fotografico-sobre-valparaiso\/\"]}]},{\"@type\":\"ImageObject\",\"inLanguage\":\"es\",\"@id\":\"https:\/\/dev.antudigital.cl\/sites\/vc\/atencion-jovenes-museo-baburizza-y-epv-realizan-concurso-fotografico-sobre-valparaiso\/#primaryimage\",\"url\":\"https:\/\/dev.antudigital.cl\/sites\/vc\/wp-content\/uploads\/2024\/09\/WhatsApp-Image-2024-08-28-at-09.46.03-1-1536x949-1.jpeg\",\"contentUrl\":\"https:\/\/dev.antudigital.cl\/sites\/vc\/wp-content\/uploads\/2024\/09\/WhatsApp-Image-2024-08-28-at-09.46.03-1-1536x949-1.jpeg\",\"width\":1536,\"height\":949},{\"@type\":\"BreadcrumbList\",\"@id\":\"https:\/\/dev.antudigital.cl\/sites\/vc\/atencion-jovenes-museo-baburizza-y-epv-realizan-concurso-fotografico-sobre-valparaiso\/#breadcrumb\",\"itemListElement\":[{\"@type\":\"ListItem\",\"position\":1,\"name\":\"Home\",\"item\":\"https:\/\/dev.antudigital.cl\/sites\/vc\/\"},{\"@type\":\"ListItem\",\"position\":2,\"name\":\"Atenci\u00f3n j\u00f3venes: Museo Baburizza y EPV realizan concurso fotogr\u00e1fico sobre Valpara\u00edso\"}]},{\"@type\":\"WebSite\",\"@id\":\"https:\/\/dev.antudigital.cl\/sites\/vc\/#website\",\"url\":\"https:\/\/dev.antudigital.cl\/sites\/vc\/\",\"name\":\"Valpara\u00ed\u00adso Creativo\",\"description\":\"\",\"potentialAction\":[{\"@type\":\"SearchAction\",\"target\":{\"@type\":\"EntryPoint\",\"urlTemplate\":\"https:\/\/dev.antudigital.cl\/sites\/vc\/?s={search_term_string}\"},\"query-input\":{\"@type\":\"PropertyValueSpecification\",\"valueRequired\":true,\"valueName\":\"search_term_string\"}}],\"inLanguage\":\"es\"},{\"@type\":\"Person\",\"@id\":\"https:\/\/dev.antudigital.cl\/sites\/vc\/#\/schema\/person\/c2b9da8dd545e27166fc5ab232837318\",\"name\":\"Valpara\u00edso Creativo\",\"description\":\"Periodista de cultura en la Regi\u00f3n de Valpara\u00edso.\",\"url\":\"https:\/\/dev.antudigital.cl\/sites\/vc\/author\/valpoadmin\/\"}]}<\/script>\n<!-- \/ Yoast SEO plugin. -->","yoast_head_json":{"title":"Atenci\u00f3n j\u00f3venes: Museo Baburizza y EPV realizan concurso fotogr\u00e1fico sobre Valpara\u00edso - Valpara\u00ed\u00adso Creativo","robots":{"index":"index","follow":"follow","max-snippet":"max-snippet:-1","max-image-preview":"max-image-preview:large","max-video-preview":"max-video-preview:-1"},"canonical":"https:\/\/dev.antudigital.cl\/sites\/vc\/atencion-jovenes-museo-baburizza-y-epv-realizan-concurso-fotografico-sobre-valparaiso\/","og_locale":"es_ES","og_type":"article","og_title":"Atenci\u00f3n j\u00f3venes: Museo Baburizza y EPV realizan concurso fotogr\u00e1fico sobre Valpara\u00edso - Valpara\u00ed\u00adso Creativo","og_description":"El Museo de Bellas Artes de Valpara\u00edso, Palacio Baburizza, y la Empresa Portuaria Valpara\u00edso, invitan a quienes tengan entre 14 a 22 a\u00f1os, a participar en el concurso fotogr\u00e1fico&nbsp;\u201cRetratos de la memoria porte\u00f1a\u201d.&nbsp;El objetivo de esta iniciativa es ver c\u00f3mo los participantes perciben Valpara\u00edso, su puerto y su entorno, que destaca por su valiosa arquitectura [&hellip;]","og_url":"https:\/\/dev.antudigital.cl\/sites\/vc\/atencion-jovenes-museo-baburizza-y-epv-realizan-concurso-fotografico-sobre-valparaiso\/","og_site_name":"Valpara\u00ed\u00adso Creativo","article_published_time":"2024-09-10T00:22:55+00:00","article_modified_time":"2024-09-10T00:23:13+00:00","og_image":[{"width":1536,"height":949,"url":"https:\/\/dev.antudigital.cl\/sites\/vc\/wp-content\/uploads\/2024\/09\/WhatsApp-Image-2024-08-28-at-09.46.03-1-1536x949-1.jpeg","type":"image\/jpeg"}],"author":"Valpara\u00edso Creativo","twitter_card":"summary_large_image","twitter_misc":{"Escrito por":"Valpara\u00edso Creativo","Tiempo de lectura":"3 minutos"},"schema":{"@context":"https:\/\/schema.org","@graph":[{"@type":"Article","@id":"https:\/\/dev.antudigital.cl\/sites\/vc\/atencion-jovenes-museo-baburizza-y-epv-realizan-concurso-fotografico-sobre-valparaiso\/#article","isPartOf":{"@id":"https:\/\/dev.antudigital.cl\/sites\/vc\/atencion-jovenes-museo-baburizza-y-epv-realizan-concurso-fotografico-sobre-valparaiso\/"},"author":{"name":"Valpara\u00edso Creativo","@id":"https:\/\/dev.antudigital.cl\/sites\/vc\/#\/schema\/person\/c2b9da8dd545e27166fc5ab232837318"},"headline":"Atenci\u00f3n j\u00f3venes: Museo Baburizza y EPV realizan concurso fotogr\u00e1fico sobre Valpara\u00edso","datePublished":"2024-09-10T00:22:55+00:00","dateModified":"2024-09-10T00:23:13+00:00","mainEntityOfPage":{"@id":"https:\/\/dev.antudigital.cl\/sites\/vc\/atencion-jovenes-museo-baburizza-y-epv-realizan-concurso-fotografico-sobre-valparaiso\/"},"wordCount":618,"image":{"@id":"https:\/\/dev.antudigital.cl\/sites\/vc\/atencion-jovenes-museo-baburizza-y-epv-realizan-concurso-fotografico-sobre-valparaiso\/#primaryimage"},"thumbnailUrl":"https:\/\/dev.antudigital.cl\/sites\/vc\/wp-content\/uploads\/2024\/09\/WhatsApp-Image-2024-08-28-at-09.46.03-1-1536x949-1.jpeg","articleSection":["Noticia"],"inLanguage":"es"},{"@type":"WebPage","@id":"https:\/\/dev.antudigital.cl\/sites\/vc\/atencion-jovenes-museo-baburizza-y-epv-realizan-concurso-fotografico-sobre-valparaiso\/","url":"https:\/\/dev.antudigital.cl\/sites\/vc\/atencion-jovenes-museo-baburizza-y-epv-realizan-concurso-fotografico-sobre-valparaiso\/","name":"Atenci\u00f3n j\u00f3venes: Museo Baburizza y EPV realizan concurso fotogr\u00e1fico sobre Valpara\u00edso - Valpara\u00ed\u00adso Creativo","isPartOf":{"@id":"https:\/\/dev.antudigital.cl\/sites\/vc\/#website"},"primaryImageOfPage":{"@id":"https:\/\/dev.antudigital.cl\/sites\/vc\/atencion-jovenes-museo-baburizza-y-epv-realizan-concurso-fotografico-sobre-valparaiso\/#primaryimage"},"image":{"@id":"https:\/\/dev.antudigital.cl\/sites\/vc\/atencion-jovenes-museo-baburizza-y-epv-realizan-concurso-fotografico-sobre-valparaiso\/#primaryimage"},"thumbnailUrl":"https:\/\/dev.antudigital.cl\/sites\/vc\/wp-content\/uploads\/2024\/09\/WhatsApp-Image-2024-08-28-at-09.46.03-1-1536x949-1.jpeg","datePublished":"2024-09-10T00:22:55+00:00","dateModified":"2024-09-10T00:23:13+00:00","author":{"@id":"https:\/\/dev.antudigital.cl\/sites\/vc\/#\/schema\/person\/c2b9da8dd545e27166fc5ab232837318"},"breadcrumb":{"@id":"https:\/\/dev.antudigital.cl\/sites\/vc\/atencion-jovenes-museo-baburizza-y-epv-realizan-concurso-fotografico-sobre-valparaiso\/#breadcrumb"},"inLanguage":"es","potentialAction":[{"@type":"ReadAction","target":["https:\/\/dev.antudigital.cl\/sites\/vc\/atencion-jovenes-museo-baburizza-y-epv-realizan-concurso-fotografico-sobre-valparaiso\/"]}]},{"@type":"ImageObject","inLanguage":"es","@id":"https:\/\/dev.antudigital.cl\/sites\/vc\/atencion-jovenes-museo-baburizza-y-epv-realizan-concurso-fotografico-sobre-valparaiso\/#primaryimage","url":"https:\/\/dev.antudigital.cl\/sites\/vc\/wp-content\/uploads\/2024\/09\/WhatsApp-Image-2024-08-28-at-09.46.03-1-1536x949-1.jpeg","contentUrl":"https:\/\/dev.antudigital.cl\/sites\/vc\/wp-content\/uploads\/2024\/09\/WhatsApp-Image-2024-08-28-at-09.46.03-1-1536x949-1.jpeg","width":1536,"height":949},{"@type":"BreadcrumbList","@id":"https:\/\/dev.antudigital.cl\/sites\/vc\/atencion-jovenes-museo-baburizza-y-epv-realizan-concurso-fotografico-sobre-valparaiso\/#breadcrumb","itemListElement":[{"@type":"ListItem","position":1,"name":"Home","item":"https:\/\/dev.antudigital.cl\/sites\/vc\/"},{"@type":"ListItem","position":2,"name":"Atenci\u00f3n j\u00f3venes: Museo Baburizza y EPV realizan concurso fotogr\u00e1fico sobre Valpara\u00edso"}]},{"@type":"WebSite","@id":"https:\/\/dev.antudigital.cl\/sites\/vc\/#website","url":"https:\/\/dev.antudigital.cl\/sites\/vc\/","name":"Valpara\u00ed\u00adso Creativo","description":"","potentialAction":[{"@type":"SearchAction","target":{"@type":"EntryPoint","urlTemplate":"https:\/\/dev.antudigital.cl\/sites\/vc\/?s={search_term_string}"},"query-input":{"@type":"PropertyValueSpecification","valueRequired":true,"valueName":"search_term_string"}}],"inLanguage":"es"},{"@type":"Person","@id":"https:\/\/dev.antudigital.cl\/sites\/vc\/#\/schema\/person\/c2b9da8dd545e27166fc5ab232837318","name":"Valpara\u00edso Creativo","description":"Periodista de cultura en la Regi\u00f3n de Valpara\u00edso.","url":"https:\/\/dev.antudigital.cl\/sites\/vc\/author\/valpoadmin\/"}]}},"_links":{"self":[{"href":"https:\/\/dev.antudigital.cl\/sites\/vc\/wp-json\/wp\/v2\/posts\/20419","targetHints":{"allow":["GET"]}}],"collection":[{"href":"https:\/\/dev.antudigital.cl\/sites\/vc\/wp-json\/wp\/v2\/posts"}],"about":[{"href":"https:\/\/dev.antudigital.cl\/sites\/vc\/wp-json\/wp\/v2\/types\/post"}],"author":[{"embeddable":true,"href":"https:\/\/dev.antudigital.cl\/sites\/vc\/wp-json\/wp\/v2\/users\/1"}],"replies":[{"embeddable":true,"href":"https:\/\/dev.antudigital.cl\/sites\/vc\/wp-json\/wp\/v2\/comments?post=20419"}],"version-history":[{"count":1,"href":"https:\/\/dev.antudigital.cl\/sites\/vc\/wp-json\/wp\/v2\/posts\/20419\/revisions"}],"predecessor-version":[{"id":20421,"href":"https:\/\/dev.antudigital.cl\/sites\/vc\/wp-json\/wp\/v2\/posts\/20419\/revisions\/20421"}],"wp:featuredmedia":[{"embeddable":true,"href":"https:\/\/dev.antudigital.cl\/sites\/vc\/wp-json\/wp\/v2\/media\/20420"}],"wp:attachment":[{"href":"https:\/\/dev.antudigital.cl\/sites\/vc\/wp-json\/wp\/v2\/media?parent=20419"}],"wp:term":[{"taxonomy":"category","embeddable":true,"href":"https:\/\/dev.antudigital.cl\/sites\/vc\/wp-json\/wp\/v2\/categories?post=20419"},{"taxonomy":"post_tag","embeddable":true,"href":"https:\/\/dev.antudigital.cl\/sites\/vc\/wp-json\/wp\/v2\/tags?post=20419"}],"curies":[{"name":"wp","href":"https:\/\/api.w.org\/{rel}","templated":true}]}}