{"id":20450,"date":"2024-09-16T13:52:19","date_gmt":"2024-09-16T13:52:19","guid":{"rendered":"https:\/\/www.valparaisocreativo.cl\/?p=20450"},"modified":"2024-09-16T13:52:41","modified_gmt":"2024-09-16T13:52:41","slug":"habitar-los-pasos-de-la-memoria-la-invitacion-de-alejandra-perez-en-judas-galeria","status":"publish","type":"post","link":"https:\/\/dev.antudigital.cl\/sites\/vc\/habitar-los-pasos-de-la-memoria-la-invitacion-de-alejandra-perez-en-judas-galeria\/","title":{"rendered":"Habitar los pasos de la memoria: la invitaci\u00f3n de Alejandra P\u00e9rez en Judas Galer\u00eda"},"content":{"rendered":"\n<p>Un viaje a la memoria y al patrimonio propone \u201cTransitar las texturas del recuerdo\u201d, de la artista peruana Alejandra P\u00e9rez en el espacio de arte Judas Galer\u00eda (G\u00e1lvez 167, Valpara\u00edso). La muestra, recientemente inaugurada, es parte de una colaboraci\u00f3n internacional conjunta a This is now Art, galer\u00eda de arte lime\u00f1a con la que se han gestionado residencias de intercambio de artistas.<\/p>\n\n\n\n<p>Esta residencia tuvo como protagonista a Alejandra, quien ha desarrollado su trabajo en torno a la identidad, relaciones interpersonales y su historia, mediante la conexi\u00f3n de diversos elementos.<\/p>\n\n\n\n<p>Alejandra tuvo la oportunidad de trabajar junto a la colecci\u00f3n de baldosas patrimoniales del Museo de Historia Natural de Valpara\u00edso, a la que la artista acudi\u00f3 para conectar con estos trozos de historia arquitect\u00f3nica de la ciudad puerto.<\/p>\n\n\n\n<p>\u201cLa baldosa es una excusa o v\u00ednculo que compartimos muchas personas, no es algo de lo que necesariamente seamos conscientes, y se vuelve parte de un paisaje que vamos creando internamente. Una transita espacios con baldosas, casas, ba\u00f1os, que se vuelven parte de nuestro imaginario. Es interesante para m\u00ed fusionar este aspecto personal con lo hist\u00f3rico de Valpara\u00edso\u201d, comenta la artista.<\/p>\n\n\n\n<figure class=\"wp-block-image size-large\"><img fetchpriority=\"high\" decoding=\"async\" width=\"1024\" height=\"683\" src=\"https:\/\/www.valparaisocreativo.cl\/wp-content\/uploads\/2024\/09\/Nueva-expo-Judas-2-1024x683.jpg\" alt=\"\" class=\"wp-image-20452\" srcset=\"https:\/\/dev.antudigital.cl\/sites\/vc\/wp-content\/uploads\/2024\/09\/Nueva-expo-Judas-2-1024x683.jpg 1024w, https:\/\/dev.antudigital.cl\/sites\/vc\/wp-content\/uploads\/2024\/09\/Nueva-expo-Judas-2-300x200.jpg 300w, https:\/\/dev.antudigital.cl\/sites\/vc\/wp-content\/uploads\/2024\/09\/Nueva-expo-Judas-2-768x512.jpg 768w, https:\/\/dev.antudigital.cl\/sites\/vc\/wp-content\/uploads\/2024\/09\/Nueva-expo-Judas-2-980x653.jpg 980w, https:\/\/dev.antudigital.cl\/sites\/vc\/wp-content\/uploads\/2024\/09\/Nueva-expo-Judas-2-480x320.jpg 480w, https:\/\/dev.antudigital.cl\/sites\/vc\/wp-content\/uploads\/2024\/09\/Nueva-expo-Judas-2-24x16.jpg 24w, https:\/\/dev.antudigital.cl\/sites\/vc\/wp-content\/uploads\/2024\/09\/Nueva-expo-Judas-2-36x24.jpg 36w, https:\/\/dev.antudigital.cl\/sites\/vc\/wp-content\/uploads\/2024\/09\/Nueva-expo-Judas-2-48x32.jpg 48w, https:\/\/dev.antudigital.cl\/sites\/vc\/wp-content\/uploads\/2024\/09\/Nueva-expo-Judas-2.jpg 1065w\" sizes=\"(max-width: 1024px) 100vw, 1024px\" \/><\/figure>\n\n\n\n<p>Mediante este proceso, Alejandra fue trabajando sus obras, que componen la exposici\u00f3n disponible en Judas Galer\u00eda, la que se puede visitar mediante previo agendamiento v\u00eda redes sociales (@judasgaleria) o a <a href=\"mailto:judasgaleria@gmail.com\">judasgaleria@gmail.com<\/a><\/p>\n\n\n\n<p>Sobre el resultado y trabajo, Alejandra agrega que \u201cSiento que es un proceso muy introspectivo, muchas de las obras son preguntas o formas de canalizar cosas que te pasan internamente. En mi caso, uso elementos de mi entorno y a trav\u00e9s de ellos converso conmigo misma, seg\u00fan lo que est\u00e9 viviendo\u201d.<\/p>\n\n\n\n<p>Esta es la segunda colaboraci\u00f3n de residencia que se genera en Judas Galer\u00eda con This is now Art, con el apoyo de Fauna Hotel Restaurant. Este tipo de instancias buscan propiciar el intercambio art\u00edstico cultural con pa\u00edses vecinos como Per\u00fa.<\/p>\n\n\n\n<p>La muestra se encuentra abierta viernes y fines de semana, en G\u00e1lvez 167, Valpara\u00edso.<\/p>\n","protected":false},"excerpt":{"rendered":"<p>Un viaje a la memoria y al patrimonio propone \u201cTransitar las texturas del recuerdo\u201d, de la artista peruana Alejandra P\u00e9rez en el espacio de arte Judas Galer\u00eda (G\u00e1lvez 167, Valpara\u00edso). La muestra, recientemente inaugurada, es parte de una colaboraci\u00f3n internacional conjunta a This is now Art, galer\u00eda de arte lime\u00f1a con la que se han [&hellip;]<\/p>\n","protected":false},"author":1,"featured_media":20451,"comment_status":"closed","ping_status":"closed","sticky":false,"template":"","format":"standard","meta":{"_acf_changed":false,"footnotes":""},"categories":[8],"tags":[],"class_list":["post-20450","post","type-post","status-publish","format-standard","has-post-thumbnail","hentry","category-noticia"],"acf":[],"yoast_head":"<!-- This site is optimized with the Yoast SEO plugin v27.1.1 - https:\/\/yoast.com\/product\/yoast-seo-wordpress\/ -->\n<title>Habitar los pasos de la memoria: la invitaci\u00f3n de Alejandra P\u00e9rez en Judas Galer\u00eda - Valpara\u00ed\u00adso Creativo<\/title>\n<meta name=\"robots\" content=\"index, follow, max-snippet:-1, max-image-preview:large, max-video-preview:-1\" \/>\n<link rel=\"canonical\" href=\"https:\/\/dev.antudigital.cl\/sites\/vc\/habitar-los-pasos-de-la-memoria-la-invitacion-de-alejandra-perez-en-judas-galeria\/\" \/>\n<meta property=\"og:locale\" content=\"es_ES\" \/>\n<meta property=\"og:type\" content=\"article\" \/>\n<meta property=\"og:title\" content=\"Habitar los pasos de la memoria: la invitaci\u00f3n de Alejandra P\u00e9rez en Judas Galer\u00eda - Valpara\u00ed\u00adso Creativo\" \/>\n<meta property=\"og:description\" content=\"Un viaje a la memoria y al patrimonio propone \u201cTransitar las texturas del recuerdo\u201d, de la artista peruana Alejandra P\u00e9rez en el espacio de arte Judas Galer\u00eda (G\u00e1lvez 167, Valpara\u00edso). La muestra, recientemente inaugurada, es parte de una colaboraci\u00f3n internacional conjunta a This is now Art, galer\u00eda de arte lime\u00f1a con la que se han [&hellip;]\" \/>\n<meta property=\"og:url\" content=\"https:\/\/dev.antudigital.cl\/sites\/vc\/habitar-los-pasos-de-la-memoria-la-invitacion-de-alejandra-perez-en-judas-galeria\/\" \/>\n<meta property=\"og:site_name\" content=\"Valpara\u00ed\u00adso Creativo\" \/>\n<meta property=\"article:published_time\" content=\"2024-09-16T13:52:19+00:00\" \/>\n<meta property=\"article:modified_time\" content=\"2024-09-16T13:52:41+00:00\" \/>\n<meta property=\"og:image\" content=\"https:\/\/dev.antudigital.cl\/sites\/vc\/wp-content\/uploads\/2024\/09\/Alejandra.jpg\" \/>\n\t<meta property=\"og:image:width\" content=\"1065\" \/>\n\t<meta property=\"og:image:height\" content=\"710\" \/>\n\t<meta property=\"og:image:type\" content=\"image\/jpeg\" \/>\n<meta name=\"author\" content=\"Valpara\u00edso Creativo\" \/>\n<meta name=\"twitter:card\" content=\"summary_large_image\" \/>\n<meta name=\"twitter:label1\" content=\"Escrito por\" \/>\n\t<meta name=\"twitter:data1\" content=\"Valpara\u00edso Creativo\" \/>\n\t<meta name=\"twitter:label2\" content=\"Tiempo de lectura\" \/>\n\t<meta name=\"twitter:data2\" content=\"2 minutos\" \/>\n<script type=\"application\/ld+json\" class=\"yoast-schema-graph\">{\"@context\":\"https:\/\/schema.org\",\"@graph\":[{\"@type\":\"Article\",\"@id\":\"https:\/\/dev.antudigital.cl\/sites\/vc\/habitar-los-pasos-de-la-memoria-la-invitacion-de-alejandra-perez-en-judas-galeria\/#article\",\"isPartOf\":{\"@id\":\"https:\/\/dev.antudigital.cl\/sites\/vc\/habitar-los-pasos-de-la-memoria-la-invitacion-de-alejandra-perez-en-judas-galeria\/\"},\"author\":{\"name\":\"Valpara\u00edso Creativo\",\"@id\":\"https:\/\/dev.antudigital.cl\/sites\/vc\/#\/schema\/person\/c2b9da8dd545e27166fc5ab232837318\"},\"headline\":\"Habitar los pasos de la memoria: la invitaci\u00f3n de Alejandra P\u00e9rez en Judas Galer\u00eda\",\"datePublished\":\"2024-09-16T13:52:19+00:00\",\"dateModified\":\"2024-09-16T13:52:41+00:00\",\"mainEntityOfPage\":{\"@id\":\"https:\/\/dev.antudigital.cl\/sites\/vc\/habitar-los-pasos-de-la-memoria-la-invitacion-de-alejandra-perez-en-judas-galeria\/\"},\"wordCount\":367,\"image\":{\"@id\":\"https:\/\/dev.antudigital.cl\/sites\/vc\/habitar-los-pasos-de-la-memoria-la-invitacion-de-alejandra-perez-en-judas-galeria\/#primaryimage\"},\"thumbnailUrl\":\"https:\/\/dev.antudigital.cl\/sites\/vc\/wp-content\/uploads\/2024\/09\/Alejandra.jpg\",\"articleSection\":[\"Noticia\"],\"inLanguage\":\"es\"},{\"@type\":\"WebPage\",\"@id\":\"https:\/\/dev.antudigital.cl\/sites\/vc\/habitar-los-pasos-de-la-memoria-la-invitacion-de-alejandra-perez-en-judas-galeria\/\",\"url\":\"https:\/\/dev.antudigital.cl\/sites\/vc\/habitar-los-pasos-de-la-memoria-la-invitacion-de-alejandra-perez-en-judas-galeria\/\",\"name\":\"Habitar los pasos de la memoria: la invitaci\u00f3n de Alejandra P\u00e9rez en Judas Galer\u00eda - Valpara\u00ed\u00adso Creativo\",\"isPartOf\":{\"@id\":\"https:\/\/dev.antudigital.cl\/sites\/vc\/#website\"},\"primaryImageOfPage\":{\"@id\":\"https:\/\/dev.antudigital.cl\/sites\/vc\/habitar-los-pasos-de-la-memoria-la-invitacion-de-alejandra-perez-en-judas-galeria\/#primaryimage\"},\"image\":{\"@id\":\"https:\/\/dev.antudigital.cl\/sites\/vc\/habitar-los-pasos-de-la-memoria-la-invitacion-de-alejandra-perez-en-judas-galeria\/#primaryimage\"},\"thumbnailUrl\":\"https:\/\/dev.antudigital.cl\/sites\/vc\/wp-content\/uploads\/2024\/09\/Alejandra.jpg\",\"datePublished\":\"2024-09-16T13:52:19+00:00\",\"dateModified\":\"2024-09-16T13:52:41+00:00\",\"author\":{\"@id\":\"https:\/\/dev.antudigital.cl\/sites\/vc\/#\/schema\/person\/c2b9da8dd545e27166fc5ab232837318\"},\"breadcrumb\":{\"@id\":\"https:\/\/dev.antudigital.cl\/sites\/vc\/habitar-los-pasos-de-la-memoria-la-invitacion-de-alejandra-perez-en-judas-galeria\/#breadcrumb\"},\"inLanguage\":\"es\",\"potentialAction\":[{\"@type\":\"ReadAction\",\"target\":[\"https:\/\/dev.antudigital.cl\/sites\/vc\/habitar-los-pasos-de-la-memoria-la-invitacion-de-alejandra-perez-en-judas-galeria\/\"]}]},{\"@type\":\"ImageObject\",\"inLanguage\":\"es\",\"@id\":\"https:\/\/dev.antudigital.cl\/sites\/vc\/habitar-los-pasos-de-la-memoria-la-invitacion-de-alejandra-perez-en-judas-galeria\/#primaryimage\",\"url\":\"https:\/\/dev.antudigital.cl\/sites\/vc\/wp-content\/uploads\/2024\/09\/Alejandra.jpg\",\"contentUrl\":\"https:\/\/dev.antudigital.cl\/sites\/vc\/wp-content\/uploads\/2024\/09\/Alejandra.jpg\",\"width\":1065,\"height\":710},{\"@type\":\"BreadcrumbList\",\"@id\":\"https:\/\/dev.antudigital.cl\/sites\/vc\/habitar-los-pasos-de-la-memoria-la-invitacion-de-alejandra-perez-en-judas-galeria\/#breadcrumb\",\"itemListElement\":[{\"@type\":\"ListItem\",\"position\":1,\"name\":\"Home\",\"item\":\"https:\/\/dev.antudigital.cl\/sites\/vc\/\"},{\"@type\":\"ListItem\",\"position\":2,\"name\":\"Habitar los pasos de la memoria: la invitaci\u00f3n de Alejandra P\u00e9rez en Judas Galer\u00eda\"}]},{\"@type\":\"WebSite\",\"@id\":\"https:\/\/dev.antudigital.cl\/sites\/vc\/#website\",\"url\":\"https:\/\/dev.antudigital.cl\/sites\/vc\/\",\"name\":\"Valpara\u00ed\u00adso Creativo\",\"description\":\"\",\"potentialAction\":[{\"@type\":\"SearchAction\",\"target\":{\"@type\":\"EntryPoint\",\"urlTemplate\":\"https:\/\/dev.antudigital.cl\/sites\/vc\/?s={search_term_string}\"},\"query-input\":{\"@type\":\"PropertyValueSpecification\",\"valueRequired\":true,\"valueName\":\"search_term_string\"}}],\"inLanguage\":\"es\"},{\"@type\":\"Person\",\"@id\":\"https:\/\/dev.antudigital.cl\/sites\/vc\/#\/schema\/person\/c2b9da8dd545e27166fc5ab232837318\",\"name\":\"Valpara\u00edso Creativo\",\"description\":\"Periodista de cultura en la Regi\u00f3n de Valpara\u00edso.\",\"url\":\"https:\/\/dev.antudigital.cl\/sites\/vc\/author\/valpoadmin\/\"}]}<\/script>\n<!-- \/ Yoast SEO plugin. -->","yoast_head_json":{"title":"Habitar los pasos de la memoria: la invitaci\u00f3n de Alejandra P\u00e9rez en Judas Galer\u00eda - Valpara\u00ed\u00adso Creativo","robots":{"index":"index","follow":"follow","max-snippet":"max-snippet:-1","max-image-preview":"max-image-preview:large","max-video-preview":"max-video-preview:-1"},"canonical":"https:\/\/dev.antudigital.cl\/sites\/vc\/habitar-los-pasos-de-la-memoria-la-invitacion-de-alejandra-perez-en-judas-galeria\/","og_locale":"es_ES","og_type":"article","og_title":"Habitar los pasos de la memoria: la invitaci\u00f3n de Alejandra P\u00e9rez en Judas Galer\u00eda - Valpara\u00ed\u00adso Creativo","og_description":"Un viaje a la memoria y al patrimonio propone \u201cTransitar las texturas del recuerdo\u201d, de la artista peruana Alejandra P\u00e9rez en el espacio de arte Judas Galer\u00eda (G\u00e1lvez 167, Valpara\u00edso). La muestra, recientemente inaugurada, es parte de una colaboraci\u00f3n internacional conjunta a This is now Art, galer\u00eda de arte lime\u00f1a con la que se han [&hellip;]","og_url":"https:\/\/dev.antudigital.cl\/sites\/vc\/habitar-los-pasos-de-la-memoria-la-invitacion-de-alejandra-perez-en-judas-galeria\/","og_site_name":"Valpara\u00ed\u00adso Creativo","article_published_time":"2024-09-16T13:52:19+00:00","article_modified_time":"2024-09-16T13:52:41+00:00","og_image":[{"width":1065,"height":710,"url":"https:\/\/dev.antudigital.cl\/sites\/vc\/wp-content\/uploads\/2024\/09\/Alejandra.jpg","type":"image\/jpeg"}],"author":"Valpara\u00edso Creativo","twitter_card":"summary_large_image","twitter_misc":{"Escrito por":"Valpara\u00edso Creativo","Tiempo de lectura":"2 minutos"},"schema":{"@context":"https:\/\/schema.org","@graph":[{"@type":"Article","@id":"https:\/\/dev.antudigital.cl\/sites\/vc\/habitar-los-pasos-de-la-memoria-la-invitacion-de-alejandra-perez-en-judas-galeria\/#article","isPartOf":{"@id":"https:\/\/dev.antudigital.cl\/sites\/vc\/habitar-los-pasos-de-la-memoria-la-invitacion-de-alejandra-perez-en-judas-galeria\/"},"author":{"name":"Valpara\u00edso Creativo","@id":"https:\/\/dev.antudigital.cl\/sites\/vc\/#\/schema\/person\/c2b9da8dd545e27166fc5ab232837318"},"headline":"Habitar los pasos de la memoria: la invitaci\u00f3n de Alejandra P\u00e9rez en Judas Galer\u00eda","datePublished":"2024-09-16T13:52:19+00:00","dateModified":"2024-09-16T13:52:41+00:00","mainEntityOfPage":{"@id":"https:\/\/dev.antudigital.cl\/sites\/vc\/habitar-los-pasos-de-la-memoria-la-invitacion-de-alejandra-perez-en-judas-galeria\/"},"wordCount":367,"image":{"@id":"https:\/\/dev.antudigital.cl\/sites\/vc\/habitar-los-pasos-de-la-memoria-la-invitacion-de-alejandra-perez-en-judas-galeria\/#primaryimage"},"thumbnailUrl":"https:\/\/dev.antudigital.cl\/sites\/vc\/wp-content\/uploads\/2024\/09\/Alejandra.jpg","articleSection":["Noticia"],"inLanguage":"es"},{"@type":"WebPage","@id":"https:\/\/dev.antudigital.cl\/sites\/vc\/habitar-los-pasos-de-la-memoria-la-invitacion-de-alejandra-perez-en-judas-galeria\/","url":"https:\/\/dev.antudigital.cl\/sites\/vc\/habitar-los-pasos-de-la-memoria-la-invitacion-de-alejandra-perez-en-judas-galeria\/","name":"Habitar los pasos de la memoria: la invitaci\u00f3n de Alejandra P\u00e9rez en Judas Galer\u00eda - Valpara\u00ed\u00adso Creativo","isPartOf":{"@id":"https:\/\/dev.antudigital.cl\/sites\/vc\/#website"},"primaryImageOfPage":{"@id":"https:\/\/dev.antudigital.cl\/sites\/vc\/habitar-los-pasos-de-la-memoria-la-invitacion-de-alejandra-perez-en-judas-galeria\/#primaryimage"},"image":{"@id":"https:\/\/dev.antudigital.cl\/sites\/vc\/habitar-los-pasos-de-la-memoria-la-invitacion-de-alejandra-perez-en-judas-galeria\/#primaryimage"},"thumbnailUrl":"https:\/\/dev.antudigital.cl\/sites\/vc\/wp-content\/uploads\/2024\/09\/Alejandra.jpg","datePublished":"2024-09-16T13:52:19+00:00","dateModified":"2024-09-16T13:52:41+00:00","author":{"@id":"https:\/\/dev.antudigital.cl\/sites\/vc\/#\/schema\/person\/c2b9da8dd545e27166fc5ab232837318"},"breadcrumb":{"@id":"https:\/\/dev.antudigital.cl\/sites\/vc\/habitar-los-pasos-de-la-memoria-la-invitacion-de-alejandra-perez-en-judas-galeria\/#breadcrumb"},"inLanguage":"es","potentialAction":[{"@type":"ReadAction","target":["https:\/\/dev.antudigital.cl\/sites\/vc\/habitar-los-pasos-de-la-memoria-la-invitacion-de-alejandra-perez-en-judas-galeria\/"]}]},{"@type":"ImageObject","inLanguage":"es","@id":"https:\/\/dev.antudigital.cl\/sites\/vc\/habitar-los-pasos-de-la-memoria-la-invitacion-de-alejandra-perez-en-judas-galeria\/#primaryimage","url":"https:\/\/dev.antudigital.cl\/sites\/vc\/wp-content\/uploads\/2024\/09\/Alejandra.jpg","contentUrl":"https:\/\/dev.antudigital.cl\/sites\/vc\/wp-content\/uploads\/2024\/09\/Alejandra.jpg","width":1065,"height":710},{"@type":"BreadcrumbList","@id":"https:\/\/dev.antudigital.cl\/sites\/vc\/habitar-los-pasos-de-la-memoria-la-invitacion-de-alejandra-perez-en-judas-galeria\/#breadcrumb","itemListElement":[{"@type":"ListItem","position":1,"name":"Home","item":"https:\/\/dev.antudigital.cl\/sites\/vc\/"},{"@type":"ListItem","position":2,"name":"Habitar los pasos de la memoria: la invitaci\u00f3n de Alejandra P\u00e9rez en Judas Galer\u00eda"}]},{"@type":"WebSite","@id":"https:\/\/dev.antudigital.cl\/sites\/vc\/#website","url":"https:\/\/dev.antudigital.cl\/sites\/vc\/","name":"Valpara\u00ed\u00adso Creativo","description":"","potentialAction":[{"@type":"SearchAction","target":{"@type":"EntryPoint","urlTemplate":"https:\/\/dev.antudigital.cl\/sites\/vc\/?s={search_term_string}"},"query-input":{"@type":"PropertyValueSpecification","valueRequired":true,"valueName":"search_term_string"}}],"inLanguage":"es"},{"@type":"Person","@id":"https:\/\/dev.antudigital.cl\/sites\/vc\/#\/schema\/person\/c2b9da8dd545e27166fc5ab232837318","name":"Valpara\u00edso Creativo","description":"Periodista de cultura en la Regi\u00f3n de Valpara\u00edso.","url":"https:\/\/dev.antudigital.cl\/sites\/vc\/author\/valpoadmin\/"}]}},"_links":{"self":[{"href":"https:\/\/dev.antudigital.cl\/sites\/vc\/wp-json\/wp\/v2\/posts\/20450","targetHints":{"allow":["GET"]}}],"collection":[{"href":"https:\/\/dev.antudigital.cl\/sites\/vc\/wp-json\/wp\/v2\/posts"}],"about":[{"href":"https:\/\/dev.antudigital.cl\/sites\/vc\/wp-json\/wp\/v2\/types\/post"}],"author":[{"embeddable":true,"href":"https:\/\/dev.antudigital.cl\/sites\/vc\/wp-json\/wp\/v2\/users\/1"}],"replies":[{"embeddable":true,"href":"https:\/\/dev.antudigital.cl\/sites\/vc\/wp-json\/wp\/v2\/comments?post=20450"}],"version-history":[{"count":1,"href":"https:\/\/dev.antudigital.cl\/sites\/vc\/wp-json\/wp\/v2\/posts\/20450\/revisions"}],"predecessor-version":[{"id":20453,"href":"https:\/\/dev.antudigital.cl\/sites\/vc\/wp-json\/wp\/v2\/posts\/20450\/revisions\/20453"}],"wp:featuredmedia":[{"embeddable":true,"href":"https:\/\/dev.antudigital.cl\/sites\/vc\/wp-json\/wp\/v2\/media\/20451"}],"wp:attachment":[{"href":"https:\/\/dev.antudigital.cl\/sites\/vc\/wp-json\/wp\/v2\/media?parent=20450"}],"wp:term":[{"taxonomy":"category","embeddable":true,"href":"https:\/\/dev.antudigital.cl\/sites\/vc\/wp-json\/wp\/v2\/categories?post=20450"},{"taxonomy":"post_tag","embeddable":true,"href":"https:\/\/dev.antudigital.cl\/sites\/vc\/wp-json\/wp\/v2\/tags?post=20450"}],"curies":[{"name":"wp","href":"https:\/\/api.w.org\/{rel}","templated":true}]}}