{"id":20460,"date":"2024-09-16T14:10:44","date_gmt":"2024-09-16T14:10:44","guid":{"rendered":"https:\/\/www.valparaisocreativo.cl\/?p=20460"},"modified":"2024-09-16T14:11:02","modified_gmt":"2024-09-16T14:11:02","slug":"ministerio-de-las-culturas-encarga-a-upla-realizar-asesoria-a-nivel-regional-a-programa-puntos-de-cultura-comunitaria","status":"publish","type":"post","link":"https:\/\/dev.antudigital.cl\/sites\/vc\/ministerio-de-las-culturas-encarga-a-upla-realizar-asesoria-a-nivel-regional-a-programa-puntos-de-cultura-comunitaria\/","title":{"rendered":"Ministerio de las Culturas encarga a UPLA realizar asesor\u00eda a nivel regional a programa Puntos de Cultura Comunitaria"},"content":{"rendered":"\n<p>A trav\u00e9s de su Direcci\u00f3n General de Vinculaci\u00f3n con el Medio, la Universidad firm\u00f3 un convenio de prestaci\u00f3n de servicios para fortalecer a organizaciones de base comunitaria.<\/p>\n\n\n\n<p>Un importante anuncio ha dado a conocer la Universidad de Playa Ancha (UPLA) luego de celebrar con el Ministerio de las Culturas, las Artes y el Patrimonio (Mincap) un convenio de prestaci\u00f3n de servicios, y convertirse as\u00ed en la casa de estudios de la Regi\u00f3n de Valpara\u00edso a la que se le ha encomendado llevar a cabo un acompa\u00f1amiento t\u00e9cnico para el fortalecimiento de las organizaciones regionales de base comunitaria, esto en el marco del programa estatal Puntos de Cultura Comunitaria (PCC) del a\u00f1o 2024.<\/p>\n\n\n\n<p>Fue a trav\u00e9s de su Direcci\u00f3n General de Vinculaci\u00f3n con el Medio (DGVM) que la UPLA postul\u00f3 al llamado realizado por el Mincap a las Universidades P\u00fablicas para esta importante tarea, la que se traducir\u00e1 en el desarrollo de un programa integral de apoyo y asesoramiento a las organizaciones de base comunitaria en su gesti\u00f3n interna.<\/p>\n\n\n\n<p><strong>Al respecto, Fabiola Vilugr\u00f3n Aravena, directora de la DGVM, destaca que esta colaboraci\u00f3n entre la UPLA y el Ministerio de las Culturas \u201ces una iniciativa fundamental para fortalecer las capacidades de las organizaciones locales en la Regi\u00f3n de Valpara\u00edso. Mediante asesor\u00edas especializadas, encuentros regionales y seminarios de gesti\u00f3n cultural, este proyecto fortalece la vinculaci\u00f3n con el territorio, facilita el di\u00e1logo intercultural y fomenta la consolidaci\u00f3n de redes de colaboraci\u00f3n desde una perspectiva inclusiva y participativa. Para la UPLA, este v\u00ednculo representa una gran oportunidad para contribuir a la vida cultural de nuestra regi\u00f3n\u00bb.<\/strong><\/p>\n\n\n\n<figure class=\"wp-block-image size-large\"><img fetchpriority=\"high\" decoding=\"async\" width=\"1024\" height=\"683\" src=\"https:\/\/www.valparaisocreativo.cl\/wp-content\/uploads\/2024\/09\/Puntos-5-1024x683.jpg\" alt=\"\" class=\"wp-image-20461\" srcset=\"https:\/\/dev.antudigital.cl\/sites\/vc\/wp-content\/uploads\/2024\/09\/Puntos-5-1024x683.jpg 1024w, https:\/\/dev.antudigital.cl\/sites\/vc\/wp-content\/uploads\/2024\/09\/Puntos-5-300x200.jpg 300w, https:\/\/dev.antudigital.cl\/sites\/vc\/wp-content\/uploads\/2024\/09\/Puntos-5-768x512.jpg 768w, https:\/\/dev.antudigital.cl\/sites\/vc\/wp-content\/uploads\/2024\/09\/Puntos-5-1080x720.jpg 1080w, https:\/\/dev.antudigital.cl\/sites\/vc\/wp-content\/uploads\/2024\/09\/Puntos-5-1280x853.jpg 1280w, https:\/\/dev.antudigital.cl\/sites\/vc\/wp-content\/uploads\/2024\/09\/Puntos-5-980x653.jpg 980w, https:\/\/dev.antudigital.cl\/sites\/vc\/wp-content\/uploads\/2024\/09\/Puntos-5-480x320.jpg 480w, https:\/\/dev.antudigital.cl\/sites\/vc\/wp-content\/uploads\/2024\/09\/Puntos-5-24x16.jpg 24w, https:\/\/dev.antudigital.cl\/sites\/vc\/wp-content\/uploads\/2024\/09\/Puntos-5-36x24.jpg 36w, https:\/\/dev.antudigital.cl\/sites\/vc\/wp-content\/uploads\/2024\/09\/Puntos-5-48x32.jpg 48w, https:\/\/dev.antudigital.cl\/sites\/vc\/wp-content\/uploads\/2024\/09\/Puntos-5.jpg 1500w\" sizes=\"(max-width: 1024px) 100vw, 1024px\" \/><\/figure>\n\n\n\n<p><strong>Andrea Castell\u00f3n Correa, profesional del programa Puntos de Cultura Comunitaria, destaca que esta iniciativa cuenta hasta la fecha con 294 PCC validados en todo el pa\u00eds, y que lo que hace es \u201cpermitir reconocer el valor de la gesti\u00f3n cultural que desarrollan las organizaciones de base comunitaria e ir modelando un trabajo que respete su identidad, prop\u00f3sitos y naturaleza\u201d.<\/strong><\/p>\n\n\n\n<p><strong>En ese sentido, la profesional del Ministerio de las Culturas a\u00f1ade que \u201cel trabajo con las Universidades es muy importante, pues ellas aportan con sus conocimientos acad\u00e9micos y los Puntos de Cultura con sus saberes y experiencias desde los territorios. Contar con el compromiso de los distintos actores involucrados, desde las organizaciones comunitarias hasta las instituciones p\u00fablicas, nos permitir\u00e1 seguir avanzando en la construcci\u00f3n de una sociedad m\u00e1s inclusiva y culturalmente m\u00e1s justa\u201d.<\/strong><\/p>\n\n\n\n<p><strong>Acompa\u00f1amiento, encuentro regional y seminario<\/strong><\/p>\n\n\n\n<p>En la pr\u00e1ctica, el mencionado programa integral de apoyo y asesoramiento se llevar\u00e1 a cabo a trav\u00e9s de cuatro acciones principales: un acompa\u00f1amiento integral a los Puntos de Cultura Comunitaria, un Encuentro Regional de PCC, un informe sobre diagn\u00f3stico general y proyecciones de los mencionados Puntos de Cultura, y un Seminario de Gesti\u00f3n Cultural.<\/p>\n\n\n\n<p>Cabe destacar que en su implementaci\u00f3n la iniciativa considera las siguientes asesor\u00edas personalizadas a estas organizaciones: una asesor\u00eda t\u00e9cnica jur\u00eddica a cargo de estudiantes de Derecho de la UPLA; otra en administraci\u00f3n, marketing-mercadeo y finanzas a trav\u00e9s de alumnos de Ingenier\u00eda Comercial; una tercera, en el desarrollo de un plan de comunicaci\u00f3n para el abordaje de brechas digitales a cargo de la carrera de Periodismo; y un asesoramiento en el dise\u00f1o de planes de fortalecimiento, proceso en el que participar\u00e1n asesores expertos en la materia dispuestos por la Universidad en coordinaci\u00f3n con el Ministerio de las Culturas.<\/p>\n\n\n\n<p>Por otra parte, respecto del mencionado Encuentro Regional de Puntos de Cultura Comunitaria, este reunir\u00e1 a representantes de alrededor de 60 PCC, y tiene como prop\u00f3sito socializar y difundir las experiencias del desarrollo de planes de fortalecimiento y articulaci\u00f3n regional, junto con conectar a las organizaciones que ser\u00e1n parte del proceso. Adem\u00e1s, se realizar\u00e1n grupos de discusi\u00f3n y mesas de trabajo para analizar fortalezas, puntos cr\u00edticos y oportunidades de mejora del programa.<\/p>\n\n\n\n<p>En cuanto al informe de un diagn\u00f3stico general y de proyecciones de los Puntos de Cultura, en \u00e9l participar\u00e1 la carrera de Sociolog\u00eda de la UPLA, y se tiene contemplado la construcci\u00f3n de una propuesta de acci\u00f3n para el per\u00edodo 2025. Por \u00faltimo, se realizar\u00e1 un Seminario de Gesti\u00f3n Cultural encabezado por el decano de la Facultad de Arte, Alberto Madrid Letelier, donde los Puntos de Cultura Comunitaria tendr\u00e1n la oportunidad de recibir la colaboraci\u00f3n acad\u00e9mica de la Universidad.<\/p>\n\n\n\n<p><strong>Joselyn Carvajal Guzm\u00e1n, gestora cultural de la Direcci\u00f3n General de Vinculaci\u00f3n con el Medio, enfatiza que la UPLA \u201cviene a dar respuesta y acompa\u00f1ar a las organizaciones comunitarias en este proceso de aprendizaje para incorporar nuevos conocimientos t\u00e9cnicos, y a su vez recibir aquellos generados por las agrupaciones, en un c\u00edrculo virtuoso donde se integra el saber de ambas partes. Estamos muy contentos de que el Ministerio de las Culturas haya confiado en nosotros como la instituci\u00f3n id\u00f3nea en la regi\u00f3n para hacernos cargo de este programa\u201d.<\/strong><\/p>\n","protected":false},"excerpt":{"rendered":"<p>A trav\u00e9s de su Direcci\u00f3n General de Vinculaci\u00f3n con el Medio, la Universidad firm\u00f3 un convenio de prestaci\u00f3n de servicios para fortalecer a organizaciones de base comunitaria. Un importante anuncio ha dado a conocer la Universidad de Playa Ancha (UPLA) luego de celebrar con el Ministerio de las Culturas, las Artes y el Patrimonio (Mincap) [&hellip;]<\/p>\n","protected":false},"author":1,"featured_media":20462,"comment_status":"closed","ping_status":"closed","sticky":false,"template":"","format":"standard","meta":{"_acf_changed":false,"footnotes":""},"categories":[8],"tags":[],"class_list":["post-20460","post","type-post","status-publish","format-standard","has-post-thumbnail","hentry","category-noticia"],"acf":[],"yoast_head":"<!-- This site is optimized with the Yoast SEO plugin v27.1.1 - https:\/\/yoast.com\/product\/yoast-seo-wordpress\/ -->\n<title>Ministerio de las Culturas encarga a UPLA realizar asesor\u00eda a nivel regional a programa Puntos de Cultura Comunitaria - Valpara\u00ed\u00adso Creativo<\/title>\n<meta name=\"robots\" content=\"index, follow, max-snippet:-1, max-image-preview:large, max-video-preview:-1\" \/>\n<link rel=\"canonical\" href=\"https:\/\/dev.antudigital.cl\/sites\/vc\/ministerio-de-las-culturas-encarga-a-upla-realizar-asesoria-a-nivel-regional-a-programa-puntos-de-cultura-comunitaria\/\" \/>\n<meta property=\"og:locale\" content=\"es_ES\" \/>\n<meta property=\"og:type\" content=\"article\" \/>\n<meta property=\"og:title\" content=\"Ministerio de las Culturas encarga a UPLA realizar asesor\u00eda a nivel regional a programa Puntos de Cultura Comunitaria - Valpara\u00ed\u00adso Creativo\" \/>\n<meta property=\"og:description\" content=\"A trav\u00e9s de su Direcci\u00f3n General de Vinculaci\u00f3n con el Medio, la Universidad firm\u00f3 un convenio de prestaci\u00f3n de servicios para fortalecer a organizaciones de base comunitaria. Un importante anuncio ha dado a conocer la Universidad de Playa Ancha (UPLA) luego de celebrar con el Ministerio de las Culturas, las Artes y el Patrimonio (Mincap) [&hellip;]\" \/>\n<meta property=\"og:url\" content=\"https:\/\/dev.antudigital.cl\/sites\/vc\/ministerio-de-las-culturas-encarga-a-upla-realizar-asesoria-a-nivel-regional-a-programa-puntos-de-cultura-comunitaria\/\" \/>\n<meta property=\"og:site_name\" content=\"Valpara\u00ed\u00adso Creativo\" \/>\n<meta property=\"article:published_time\" content=\"2024-09-16T14:10:44+00:00\" \/>\n<meta property=\"article:modified_time\" content=\"2024-09-16T14:11:02+00:00\" \/>\n<meta property=\"og:image\" content=\"https:\/\/dev.antudigital.cl\/sites\/vc\/wp-content\/uploads\/2024\/09\/Puntos-1.jpg\" \/>\n\t<meta property=\"og:image:width\" content=\"832\" \/>\n\t<meta property=\"og:image:height\" content=\"768\" \/>\n\t<meta property=\"og:image:type\" content=\"image\/jpeg\" \/>\n<meta name=\"author\" content=\"Valpara\u00edso Creativo\" \/>\n<meta name=\"twitter:card\" content=\"summary_large_image\" \/>\n<meta name=\"twitter:label1\" content=\"Escrito por\" \/>\n\t<meta name=\"twitter:data1\" content=\"Valpara\u00edso Creativo\" \/>\n\t<meta name=\"twitter:label2\" content=\"Tiempo de lectura\" \/>\n\t<meta name=\"twitter:data2\" content=\"5 minutos\" \/>\n<script type=\"application\/ld+json\" class=\"yoast-schema-graph\">{\"@context\":\"https:\/\/schema.org\",\"@graph\":[{\"@type\":\"Article\",\"@id\":\"https:\/\/dev.antudigital.cl\/sites\/vc\/ministerio-de-las-culturas-encarga-a-upla-realizar-asesoria-a-nivel-regional-a-programa-puntos-de-cultura-comunitaria\/#article\",\"isPartOf\":{\"@id\":\"https:\/\/dev.antudigital.cl\/sites\/vc\/ministerio-de-las-culturas-encarga-a-upla-realizar-asesoria-a-nivel-regional-a-programa-puntos-de-cultura-comunitaria\/\"},\"author\":{\"name\":\"Valpara\u00edso Creativo\",\"@id\":\"https:\/\/dev.antudigital.cl\/sites\/vc\/#\/schema\/person\/c2b9da8dd545e27166fc5ab232837318\"},\"headline\":\"Ministerio de las Culturas encarga a UPLA realizar asesor\u00eda a nivel regional a programa Puntos de Cultura Comunitaria\",\"datePublished\":\"2024-09-16T14:10:44+00:00\",\"dateModified\":\"2024-09-16T14:11:02+00:00\",\"mainEntityOfPage\":{\"@id\":\"https:\/\/dev.antudigital.cl\/sites\/vc\/ministerio-de-las-culturas-encarga-a-upla-realizar-asesoria-a-nivel-regional-a-programa-puntos-de-cultura-comunitaria\/\"},\"wordCount\":882,\"image\":{\"@id\":\"https:\/\/dev.antudigital.cl\/sites\/vc\/ministerio-de-las-culturas-encarga-a-upla-realizar-asesoria-a-nivel-regional-a-programa-puntos-de-cultura-comunitaria\/#primaryimage\"},\"thumbnailUrl\":\"https:\/\/dev.antudigital.cl\/sites\/vc\/wp-content\/uploads\/2024\/09\/Puntos-1.jpg\",\"articleSection\":[\"Noticia\"],\"inLanguage\":\"es\"},{\"@type\":\"WebPage\",\"@id\":\"https:\/\/dev.antudigital.cl\/sites\/vc\/ministerio-de-las-culturas-encarga-a-upla-realizar-asesoria-a-nivel-regional-a-programa-puntos-de-cultura-comunitaria\/\",\"url\":\"https:\/\/dev.antudigital.cl\/sites\/vc\/ministerio-de-las-culturas-encarga-a-upla-realizar-asesoria-a-nivel-regional-a-programa-puntos-de-cultura-comunitaria\/\",\"name\":\"Ministerio de las Culturas encarga a UPLA realizar asesor\u00eda a nivel regional a programa Puntos de Cultura Comunitaria - Valpara\u00ed\u00adso Creativo\",\"isPartOf\":{\"@id\":\"https:\/\/dev.antudigital.cl\/sites\/vc\/#website\"},\"primaryImageOfPage\":{\"@id\":\"https:\/\/dev.antudigital.cl\/sites\/vc\/ministerio-de-las-culturas-encarga-a-upla-realizar-asesoria-a-nivel-regional-a-programa-puntos-de-cultura-comunitaria\/#primaryimage\"},\"image\":{\"@id\":\"https:\/\/dev.antudigital.cl\/sites\/vc\/ministerio-de-las-culturas-encarga-a-upla-realizar-asesoria-a-nivel-regional-a-programa-puntos-de-cultura-comunitaria\/#primaryimage\"},\"thumbnailUrl\":\"https:\/\/dev.antudigital.cl\/sites\/vc\/wp-content\/uploads\/2024\/09\/Puntos-1.jpg\",\"datePublished\":\"2024-09-16T14:10:44+00:00\",\"dateModified\":\"2024-09-16T14:11:02+00:00\",\"author\":{\"@id\":\"https:\/\/dev.antudigital.cl\/sites\/vc\/#\/schema\/person\/c2b9da8dd545e27166fc5ab232837318\"},\"breadcrumb\":{\"@id\":\"https:\/\/dev.antudigital.cl\/sites\/vc\/ministerio-de-las-culturas-encarga-a-upla-realizar-asesoria-a-nivel-regional-a-programa-puntos-de-cultura-comunitaria\/#breadcrumb\"},\"inLanguage\":\"es\",\"potentialAction\":[{\"@type\":\"ReadAction\",\"target\":[\"https:\/\/dev.antudigital.cl\/sites\/vc\/ministerio-de-las-culturas-encarga-a-upla-realizar-asesoria-a-nivel-regional-a-programa-puntos-de-cultura-comunitaria\/\"]}]},{\"@type\":\"ImageObject\",\"inLanguage\":\"es\",\"@id\":\"https:\/\/dev.antudigital.cl\/sites\/vc\/ministerio-de-las-culturas-encarga-a-upla-realizar-asesoria-a-nivel-regional-a-programa-puntos-de-cultura-comunitaria\/#primaryimage\",\"url\":\"https:\/\/dev.antudigital.cl\/sites\/vc\/wp-content\/uploads\/2024\/09\/Puntos-1.jpg\",\"contentUrl\":\"https:\/\/dev.antudigital.cl\/sites\/vc\/wp-content\/uploads\/2024\/09\/Puntos-1.jpg\",\"width\":832,\"height\":768},{\"@type\":\"BreadcrumbList\",\"@id\":\"https:\/\/dev.antudigital.cl\/sites\/vc\/ministerio-de-las-culturas-encarga-a-upla-realizar-asesoria-a-nivel-regional-a-programa-puntos-de-cultura-comunitaria\/#breadcrumb\",\"itemListElement\":[{\"@type\":\"ListItem\",\"position\":1,\"name\":\"Home\",\"item\":\"https:\/\/dev.antudigital.cl\/sites\/vc\/\"},{\"@type\":\"ListItem\",\"position\":2,\"name\":\"Ministerio de las Culturas encarga a UPLA realizar asesor\u00eda a nivel regional a programa Puntos de Cultura Comunitaria\"}]},{\"@type\":\"WebSite\",\"@id\":\"https:\/\/dev.antudigital.cl\/sites\/vc\/#website\",\"url\":\"https:\/\/dev.antudigital.cl\/sites\/vc\/\",\"name\":\"Valpara\u00ed\u00adso Creativo\",\"description\":\"\",\"potentialAction\":[{\"@type\":\"SearchAction\",\"target\":{\"@type\":\"EntryPoint\",\"urlTemplate\":\"https:\/\/dev.antudigital.cl\/sites\/vc\/?s={search_term_string}\"},\"query-input\":{\"@type\":\"PropertyValueSpecification\",\"valueRequired\":true,\"valueName\":\"search_term_string\"}}],\"inLanguage\":\"es\"},{\"@type\":\"Person\",\"@id\":\"https:\/\/dev.antudigital.cl\/sites\/vc\/#\/schema\/person\/c2b9da8dd545e27166fc5ab232837318\",\"name\":\"Valpara\u00edso Creativo\",\"description\":\"Periodista de cultura en la Regi\u00f3n de Valpara\u00edso.\",\"url\":\"https:\/\/dev.antudigital.cl\/sites\/vc\/author\/valpoadmin\/\"}]}<\/script>\n<!-- \/ Yoast SEO plugin. -->","yoast_head_json":{"title":"Ministerio de las Culturas encarga a UPLA realizar asesor\u00eda a nivel regional a programa Puntos de Cultura Comunitaria - Valpara\u00ed\u00adso Creativo","robots":{"index":"index","follow":"follow","max-snippet":"max-snippet:-1","max-image-preview":"max-image-preview:large","max-video-preview":"max-video-preview:-1"},"canonical":"https:\/\/dev.antudigital.cl\/sites\/vc\/ministerio-de-las-culturas-encarga-a-upla-realizar-asesoria-a-nivel-regional-a-programa-puntos-de-cultura-comunitaria\/","og_locale":"es_ES","og_type":"article","og_title":"Ministerio de las Culturas encarga a UPLA realizar asesor\u00eda a nivel regional a programa Puntos de Cultura Comunitaria - Valpara\u00ed\u00adso Creativo","og_description":"A trav\u00e9s de su Direcci\u00f3n General de Vinculaci\u00f3n con el Medio, la Universidad firm\u00f3 un convenio de prestaci\u00f3n de servicios para fortalecer a organizaciones de base comunitaria. Un importante anuncio ha dado a conocer la Universidad de Playa Ancha (UPLA) luego de celebrar con el Ministerio de las Culturas, las Artes y el Patrimonio (Mincap) [&hellip;]","og_url":"https:\/\/dev.antudigital.cl\/sites\/vc\/ministerio-de-las-culturas-encarga-a-upla-realizar-asesoria-a-nivel-regional-a-programa-puntos-de-cultura-comunitaria\/","og_site_name":"Valpara\u00ed\u00adso Creativo","article_published_time":"2024-09-16T14:10:44+00:00","article_modified_time":"2024-09-16T14:11:02+00:00","og_image":[{"width":832,"height":768,"url":"https:\/\/dev.antudigital.cl\/sites\/vc\/wp-content\/uploads\/2024\/09\/Puntos-1.jpg","type":"image\/jpeg"}],"author":"Valpara\u00edso Creativo","twitter_card":"summary_large_image","twitter_misc":{"Escrito por":"Valpara\u00edso Creativo","Tiempo de lectura":"5 minutos"},"schema":{"@context":"https:\/\/schema.org","@graph":[{"@type":"Article","@id":"https:\/\/dev.antudigital.cl\/sites\/vc\/ministerio-de-las-culturas-encarga-a-upla-realizar-asesoria-a-nivel-regional-a-programa-puntos-de-cultura-comunitaria\/#article","isPartOf":{"@id":"https:\/\/dev.antudigital.cl\/sites\/vc\/ministerio-de-las-culturas-encarga-a-upla-realizar-asesoria-a-nivel-regional-a-programa-puntos-de-cultura-comunitaria\/"},"author":{"name":"Valpara\u00edso Creativo","@id":"https:\/\/dev.antudigital.cl\/sites\/vc\/#\/schema\/person\/c2b9da8dd545e27166fc5ab232837318"},"headline":"Ministerio de las Culturas encarga a UPLA realizar asesor\u00eda a nivel regional a programa Puntos de Cultura Comunitaria","datePublished":"2024-09-16T14:10:44+00:00","dateModified":"2024-09-16T14:11:02+00:00","mainEntityOfPage":{"@id":"https:\/\/dev.antudigital.cl\/sites\/vc\/ministerio-de-las-culturas-encarga-a-upla-realizar-asesoria-a-nivel-regional-a-programa-puntos-de-cultura-comunitaria\/"},"wordCount":882,"image":{"@id":"https:\/\/dev.antudigital.cl\/sites\/vc\/ministerio-de-las-culturas-encarga-a-upla-realizar-asesoria-a-nivel-regional-a-programa-puntos-de-cultura-comunitaria\/#primaryimage"},"thumbnailUrl":"https:\/\/dev.antudigital.cl\/sites\/vc\/wp-content\/uploads\/2024\/09\/Puntos-1.jpg","articleSection":["Noticia"],"inLanguage":"es"},{"@type":"WebPage","@id":"https:\/\/dev.antudigital.cl\/sites\/vc\/ministerio-de-las-culturas-encarga-a-upla-realizar-asesoria-a-nivel-regional-a-programa-puntos-de-cultura-comunitaria\/","url":"https:\/\/dev.antudigital.cl\/sites\/vc\/ministerio-de-las-culturas-encarga-a-upla-realizar-asesoria-a-nivel-regional-a-programa-puntos-de-cultura-comunitaria\/","name":"Ministerio de las Culturas encarga a UPLA realizar asesor\u00eda a nivel regional a programa Puntos de Cultura Comunitaria - Valpara\u00ed\u00adso Creativo","isPartOf":{"@id":"https:\/\/dev.antudigital.cl\/sites\/vc\/#website"},"primaryImageOfPage":{"@id":"https:\/\/dev.antudigital.cl\/sites\/vc\/ministerio-de-las-culturas-encarga-a-upla-realizar-asesoria-a-nivel-regional-a-programa-puntos-de-cultura-comunitaria\/#primaryimage"},"image":{"@id":"https:\/\/dev.antudigital.cl\/sites\/vc\/ministerio-de-las-culturas-encarga-a-upla-realizar-asesoria-a-nivel-regional-a-programa-puntos-de-cultura-comunitaria\/#primaryimage"},"thumbnailUrl":"https:\/\/dev.antudigital.cl\/sites\/vc\/wp-content\/uploads\/2024\/09\/Puntos-1.jpg","datePublished":"2024-09-16T14:10:44+00:00","dateModified":"2024-09-16T14:11:02+00:00","author":{"@id":"https:\/\/dev.antudigital.cl\/sites\/vc\/#\/schema\/person\/c2b9da8dd545e27166fc5ab232837318"},"breadcrumb":{"@id":"https:\/\/dev.antudigital.cl\/sites\/vc\/ministerio-de-las-culturas-encarga-a-upla-realizar-asesoria-a-nivel-regional-a-programa-puntos-de-cultura-comunitaria\/#breadcrumb"},"inLanguage":"es","potentialAction":[{"@type":"ReadAction","target":["https:\/\/dev.antudigital.cl\/sites\/vc\/ministerio-de-las-culturas-encarga-a-upla-realizar-asesoria-a-nivel-regional-a-programa-puntos-de-cultura-comunitaria\/"]}]},{"@type":"ImageObject","inLanguage":"es","@id":"https:\/\/dev.antudigital.cl\/sites\/vc\/ministerio-de-las-culturas-encarga-a-upla-realizar-asesoria-a-nivel-regional-a-programa-puntos-de-cultura-comunitaria\/#primaryimage","url":"https:\/\/dev.antudigital.cl\/sites\/vc\/wp-content\/uploads\/2024\/09\/Puntos-1.jpg","contentUrl":"https:\/\/dev.antudigital.cl\/sites\/vc\/wp-content\/uploads\/2024\/09\/Puntos-1.jpg","width":832,"height":768},{"@type":"BreadcrumbList","@id":"https:\/\/dev.antudigital.cl\/sites\/vc\/ministerio-de-las-culturas-encarga-a-upla-realizar-asesoria-a-nivel-regional-a-programa-puntos-de-cultura-comunitaria\/#breadcrumb","itemListElement":[{"@type":"ListItem","position":1,"name":"Home","item":"https:\/\/dev.antudigital.cl\/sites\/vc\/"},{"@type":"ListItem","position":2,"name":"Ministerio de las Culturas encarga a UPLA realizar asesor\u00eda a nivel regional a programa Puntos de Cultura Comunitaria"}]},{"@type":"WebSite","@id":"https:\/\/dev.antudigital.cl\/sites\/vc\/#website","url":"https:\/\/dev.antudigital.cl\/sites\/vc\/","name":"Valpara\u00ed\u00adso Creativo","description":"","potentialAction":[{"@type":"SearchAction","target":{"@type":"EntryPoint","urlTemplate":"https:\/\/dev.antudigital.cl\/sites\/vc\/?s={search_term_string}"},"query-input":{"@type":"PropertyValueSpecification","valueRequired":true,"valueName":"search_term_string"}}],"inLanguage":"es"},{"@type":"Person","@id":"https:\/\/dev.antudigital.cl\/sites\/vc\/#\/schema\/person\/c2b9da8dd545e27166fc5ab232837318","name":"Valpara\u00edso Creativo","description":"Periodista de cultura en la Regi\u00f3n de Valpara\u00edso.","url":"https:\/\/dev.antudigital.cl\/sites\/vc\/author\/valpoadmin\/"}]}},"_links":{"self":[{"href":"https:\/\/dev.antudigital.cl\/sites\/vc\/wp-json\/wp\/v2\/posts\/20460","targetHints":{"allow":["GET"]}}],"collection":[{"href":"https:\/\/dev.antudigital.cl\/sites\/vc\/wp-json\/wp\/v2\/posts"}],"about":[{"href":"https:\/\/dev.antudigital.cl\/sites\/vc\/wp-json\/wp\/v2\/types\/post"}],"author":[{"embeddable":true,"href":"https:\/\/dev.antudigital.cl\/sites\/vc\/wp-json\/wp\/v2\/users\/1"}],"replies":[{"embeddable":true,"href":"https:\/\/dev.antudigital.cl\/sites\/vc\/wp-json\/wp\/v2\/comments?post=20460"}],"version-history":[{"count":1,"href":"https:\/\/dev.antudigital.cl\/sites\/vc\/wp-json\/wp\/v2\/posts\/20460\/revisions"}],"predecessor-version":[{"id":20463,"href":"https:\/\/dev.antudigital.cl\/sites\/vc\/wp-json\/wp\/v2\/posts\/20460\/revisions\/20463"}],"wp:featuredmedia":[{"embeddable":true,"href":"https:\/\/dev.antudigital.cl\/sites\/vc\/wp-json\/wp\/v2\/media\/20462"}],"wp:attachment":[{"href":"https:\/\/dev.antudigital.cl\/sites\/vc\/wp-json\/wp\/v2\/media?parent=20460"}],"wp:term":[{"taxonomy":"category","embeddable":true,"href":"https:\/\/dev.antudigital.cl\/sites\/vc\/wp-json\/wp\/v2\/categories?post=20460"},{"taxonomy":"post_tag","embeddable":true,"href":"https:\/\/dev.antudigital.cl\/sites\/vc\/wp-json\/wp\/v2\/tags?post=20460"}],"curies":[{"name":"wp","href":"https:\/\/api.w.org\/{rel}","templated":true}]}}