{"id":20464,"date":"2024-09-16T14:17:14","date_gmt":"2024-09-16T14:17:14","guid":{"rendered":"https:\/\/www.valparaisocreativo.cl\/?p=20464"},"modified":"2024-09-16T14:17:30","modified_gmt":"2024-09-16T14:17:30","slug":"convocatoria-abierta-a-la-muestra-off-festilambe-2024","status":"publish","type":"post","link":"https:\/\/dev.antudigital.cl\/sites\/vc\/convocatoria-abierta-a-la-muestra-off-festilambe-2024\/","title":{"rendered":"Convocatoria abierta a la MUESTRA OFF FESTILAMBE 2024"},"content":{"rendered":"\n<p><strong>Desde el lunes 2 al viernes 20 de septiembre est\u00e1 abierta la Convocatoria a la MUESTRA OFF FESTILAMBE 2024,<\/strong>&nbsp;la que se realizar\u00e1 el s\u00e1bado 12 de octubre en el Parque Cultural de Valpara\u00edso, siendo uno de los hitos de cierre del 8vo FESTILAMBE de Valpara\u00edso, Festival Internacional de Teatro Lambe Lambe, Chile.<\/p>\n\n\n\n<p>Este es un Proyecto ejecutado por el equipo de Fundaci\u00f3n OANI de Teatro y Financiado por el Fondo Nacional de Fomento y Desarrollo de las Artes Esc\u00e9nicas Convocatoria 2024 del Ministerio de las Culturas, las Artes y el Patrimonio; Convocatoria 2023 de Apoyo a Puntos de Cultura Comunitaria MINCAP; Puerto Valpara\u00edso &#8211; Creciendo juntos; FICVAL Fondos de Iniciativas Culturales Valpara\u00edso 2024.<\/p>\n\n\n\n<p><strong>Camila Landon, Directora General del proyecto<\/strong>, se\u00f1ala: \u201cLa Muestra OFF nace de la necesidad de mostrar espect\u00e1culos sin selecci\u00f3n, a veces no est\u00e1n listos o los artistas no se sienten tan preparados para postular. Ac\u00e1 se abre una oportunidad m\u00e1s libre y distendida, atrayendo a esos lambes que andan dando vueltas, que no pudieron llegar a la convocatoria o no fueron seleccionados\u201d.<\/p>\n\n\n\n<p>\u201cA este tipo de muestras se les llama OFF porque naturalmente de los grandes festivales siempre nacen muestras paralelas, la mayor\u00eda de las veces creadas por los mismos artistas que no fueron seleccionadas, como sucede en el Festival Mundial de Teatro de Marionetas en Charleville-M\u00e9zi\u00e8re, Francia. Llegan artistas y se presentan en la calle, arman grupos , se toman una esquina, andan rondando el festival. Nosotros mismos propusimos una Muestra OFF que ha sido muy bien recibida\u201d, a\u00f1ade Camila.<\/p>\n\n\n\n<p>Para participar se debe rellenar la ficha inscripci\u00f3n que contiene los requisitos en el siguiente formulario:&nbsp;<a href=\"https:\/\/forms.gle\/K9q23PZFNUcQ9Sxx7\" target=\"_blank\" rel=\"noreferrer noopener\">https:\/\/forms.gle\/K9q23PZFNUcQ9Sxx7<\/a>&nbsp;<\/p>\n\n\n\n<p><strong>Festival<\/strong><\/p>\n\n\n\n<p><strong>Desde el viernes 4 al domingo 13 de octubre se desplegar\u00e1 por Valpara\u00edso la octava versi\u00f3n del FESTILAMBE<\/strong>, con una selecci\u00f3n de 25 obras in\u00e9ditas, 15 nacionales y 10 internacionales.&nbsp;<strong>Se recibieron 139 postulaciones provenientes de 14 pa\u00edses<\/strong>: Brasil, Argentina, Alemania, Canad\u00e1, Colombia, Chile, Ecuador, Espa\u00f1a, Italia, M\u00e9xico, Per\u00fa, Slovakia , Uruguay y Venezuela.&nbsp;<\/p>\n\n\n\n<p>Para m\u00e1s informaci\u00f3n seguir a @festilambe en&nbsp;<a href=\"https:\/\/www.instagram.com\/festilambe\/\" target=\"_blank\" rel=\"noreferrer noopener\">Instagram<\/a>,&nbsp;<a href=\"https:\/\/web.facebook.com\/Festilambe\/\" target=\"_blank\" rel=\"noreferrer noopener\">Facebook<\/a>&nbsp;y&nbsp;<a href=\"https:\/\/x.com\/festilambe\" target=\"_blank\" rel=\"noreferrer noopener\">Twitter<\/a>.&nbsp;<\/p>\n","protected":false},"excerpt":{"rendered":"<p>Desde el lunes 2 al viernes 20 de septiembre est\u00e1 abierta la Convocatoria a la MUESTRA OFF FESTILAMBE 2024,&nbsp;la que se realizar\u00e1 el s\u00e1bado 12 de octubre en el Parque Cultural de Valpara\u00edso, siendo uno de los hitos de cierre del 8vo FESTILAMBE de Valpara\u00edso, Festival Internacional de Teatro Lambe Lambe, Chile. Este es un [&hellip;]<\/p>\n","protected":false},"author":1,"featured_media":20465,"comment_status":"closed","ping_status":"closed","sticky":false,"template":"","format":"standard","meta":{"_acf_changed":false,"footnotes":""},"categories":[8],"tags":[],"class_list":["post-20464","post","type-post","status-publish","format-standard","has-post-thumbnail","hentry","category-noticia"],"acf":[],"yoast_head":"<!-- This site is optimized with the Yoast SEO plugin v27.1.1 - https:\/\/yoast.com\/product\/yoast-seo-wordpress\/ -->\n<title>Convocatoria abierta a la MUESTRA OFF FESTILAMBE 2024 - Valpara\u00ed\u00adso Creativo<\/title>\n<meta name=\"robots\" content=\"index, follow, max-snippet:-1, max-image-preview:large, max-video-preview:-1\" \/>\n<link rel=\"canonical\" href=\"https:\/\/dev.antudigital.cl\/sites\/vc\/convocatoria-abierta-a-la-muestra-off-festilambe-2024\/\" \/>\n<meta property=\"og:locale\" content=\"es_ES\" \/>\n<meta property=\"og:type\" content=\"article\" \/>\n<meta property=\"og:title\" content=\"Convocatoria abierta a la MUESTRA OFF FESTILAMBE 2024 - Valpara\u00ed\u00adso Creativo\" \/>\n<meta property=\"og:description\" content=\"Desde el lunes 2 al viernes 20 de septiembre est\u00e1 abierta la Convocatoria a la MUESTRA OFF FESTILAMBE 2024,&nbsp;la que se realizar\u00e1 el s\u00e1bado 12 de octubre en el Parque Cultural de Valpara\u00edso, siendo uno de los hitos de cierre del 8vo FESTILAMBE de Valpara\u00edso, Festival Internacional de Teatro Lambe Lambe, Chile. Este es un [&hellip;]\" \/>\n<meta property=\"og:url\" content=\"https:\/\/dev.antudigital.cl\/sites\/vc\/convocatoria-abierta-a-la-muestra-off-festilambe-2024\/\" \/>\n<meta property=\"og:site_name\" content=\"Valpara\u00ed\u00adso Creativo\" \/>\n<meta property=\"article:published_time\" content=\"2024-09-16T14:17:14+00:00\" \/>\n<meta property=\"article:modified_time\" content=\"2024-09-16T14:17:30+00:00\" \/>\n<meta property=\"og:image\" content=\"https:\/\/dev.antudigital.cl\/sites\/vc\/wp-content\/uploads\/2024\/09\/Um-caminho-para-amar-scaled.jpg\" \/>\n\t<meta property=\"og:image:width\" content=\"2560\" \/>\n\t<meta property=\"og:image:height\" content=\"1280\" \/>\n\t<meta property=\"og:image:type\" content=\"image\/jpeg\" \/>\n<meta name=\"author\" content=\"Valpara\u00edso Creativo\" \/>\n<meta name=\"twitter:card\" content=\"summary_large_image\" \/>\n<meta name=\"twitter:label1\" content=\"Escrito por\" \/>\n\t<meta name=\"twitter:data1\" content=\"Valpara\u00edso Creativo\" \/>\n\t<meta name=\"twitter:label2\" content=\"Tiempo de lectura\" \/>\n\t<meta name=\"twitter:data2\" content=\"2 minutos\" \/>\n<script type=\"application\/ld+json\" class=\"yoast-schema-graph\">{\"@context\":\"https:\/\/schema.org\",\"@graph\":[{\"@type\":\"Article\",\"@id\":\"https:\/\/dev.antudigital.cl\/sites\/vc\/convocatoria-abierta-a-la-muestra-off-festilambe-2024\/#article\",\"isPartOf\":{\"@id\":\"https:\/\/dev.antudigital.cl\/sites\/vc\/convocatoria-abierta-a-la-muestra-off-festilambe-2024\/\"},\"author\":{\"name\":\"Valpara\u00edso Creativo\",\"@id\":\"https:\/\/dev.antudigital.cl\/sites\/vc\/#\/schema\/person\/c2b9da8dd545e27166fc5ab232837318\"},\"headline\":\"Convocatoria abierta a la MUESTRA OFF FESTILAMBE 2024\",\"datePublished\":\"2024-09-16T14:17:14+00:00\",\"dateModified\":\"2024-09-16T14:17:30+00:00\",\"mainEntityOfPage\":{\"@id\":\"https:\/\/dev.antudigital.cl\/sites\/vc\/convocatoria-abierta-a-la-muestra-off-festilambe-2024\/\"},\"wordCount\":371,\"image\":{\"@id\":\"https:\/\/dev.antudigital.cl\/sites\/vc\/convocatoria-abierta-a-la-muestra-off-festilambe-2024\/#primaryimage\"},\"thumbnailUrl\":\"https:\/\/dev.antudigital.cl\/sites\/vc\/wp-content\/uploads\/2024\/09\/Um-caminho-para-amar-scaled.jpg\",\"articleSection\":[\"Noticia\"],\"inLanguage\":\"es\"},{\"@type\":\"WebPage\",\"@id\":\"https:\/\/dev.antudigital.cl\/sites\/vc\/convocatoria-abierta-a-la-muestra-off-festilambe-2024\/\",\"url\":\"https:\/\/dev.antudigital.cl\/sites\/vc\/convocatoria-abierta-a-la-muestra-off-festilambe-2024\/\",\"name\":\"Convocatoria abierta a la MUESTRA OFF FESTILAMBE 2024 - Valpara\u00ed\u00adso Creativo\",\"isPartOf\":{\"@id\":\"https:\/\/dev.antudigital.cl\/sites\/vc\/#website\"},\"primaryImageOfPage\":{\"@id\":\"https:\/\/dev.antudigital.cl\/sites\/vc\/convocatoria-abierta-a-la-muestra-off-festilambe-2024\/#primaryimage\"},\"image\":{\"@id\":\"https:\/\/dev.antudigital.cl\/sites\/vc\/convocatoria-abierta-a-la-muestra-off-festilambe-2024\/#primaryimage\"},\"thumbnailUrl\":\"https:\/\/dev.antudigital.cl\/sites\/vc\/wp-content\/uploads\/2024\/09\/Um-caminho-para-amar-scaled.jpg\",\"datePublished\":\"2024-09-16T14:17:14+00:00\",\"dateModified\":\"2024-09-16T14:17:30+00:00\",\"author\":{\"@id\":\"https:\/\/dev.antudigital.cl\/sites\/vc\/#\/schema\/person\/c2b9da8dd545e27166fc5ab232837318\"},\"breadcrumb\":{\"@id\":\"https:\/\/dev.antudigital.cl\/sites\/vc\/convocatoria-abierta-a-la-muestra-off-festilambe-2024\/#breadcrumb\"},\"inLanguage\":\"es\",\"potentialAction\":[{\"@type\":\"ReadAction\",\"target\":[\"https:\/\/dev.antudigital.cl\/sites\/vc\/convocatoria-abierta-a-la-muestra-off-festilambe-2024\/\"]}]},{\"@type\":\"ImageObject\",\"inLanguage\":\"es\",\"@id\":\"https:\/\/dev.antudigital.cl\/sites\/vc\/convocatoria-abierta-a-la-muestra-off-festilambe-2024\/#primaryimage\",\"url\":\"https:\/\/dev.antudigital.cl\/sites\/vc\/wp-content\/uploads\/2024\/09\/Um-caminho-para-amar-scaled.jpg\",\"contentUrl\":\"https:\/\/dev.antudigital.cl\/sites\/vc\/wp-content\/uploads\/2024\/09\/Um-caminho-para-amar-scaled.jpg\",\"width\":2560,\"height\":1280},{\"@type\":\"BreadcrumbList\",\"@id\":\"https:\/\/dev.antudigital.cl\/sites\/vc\/convocatoria-abierta-a-la-muestra-off-festilambe-2024\/#breadcrumb\",\"itemListElement\":[{\"@type\":\"ListItem\",\"position\":1,\"name\":\"Home\",\"item\":\"https:\/\/dev.antudigital.cl\/sites\/vc\/\"},{\"@type\":\"ListItem\",\"position\":2,\"name\":\"Convocatoria abierta a la MUESTRA OFF FESTILAMBE 2024\"}]},{\"@type\":\"WebSite\",\"@id\":\"https:\/\/dev.antudigital.cl\/sites\/vc\/#website\",\"url\":\"https:\/\/dev.antudigital.cl\/sites\/vc\/\",\"name\":\"Valpara\u00ed\u00adso Creativo\",\"description\":\"\",\"potentialAction\":[{\"@type\":\"SearchAction\",\"target\":{\"@type\":\"EntryPoint\",\"urlTemplate\":\"https:\/\/dev.antudigital.cl\/sites\/vc\/?s={search_term_string}\"},\"query-input\":{\"@type\":\"PropertyValueSpecification\",\"valueRequired\":true,\"valueName\":\"search_term_string\"}}],\"inLanguage\":\"es\"},{\"@type\":\"Person\",\"@id\":\"https:\/\/dev.antudigital.cl\/sites\/vc\/#\/schema\/person\/c2b9da8dd545e27166fc5ab232837318\",\"name\":\"Valpara\u00edso Creativo\",\"description\":\"Periodista de cultura en la Regi\u00f3n de Valpara\u00edso.\",\"url\":\"https:\/\/dev.antudigital.cl\/sites\/vc\/author\/valpoadmin\/\"}]}<\/script>\n<!-- \/ Yoast SEO plugin. -->","yoast_head_json":{"title":"Convocatoria abierta a la MUESTRA OFF FESTILAMBE 2024 - Valpara\u00ed\u00adso Creativo","robots":{"index":"index","follow":"follow","max-snippet":"max-snippet:-1","max-image-preview":"max-image-preview:large","max-video-preview":"max-video-preview:-1"},"canonical":"https:\/\/dev.antudigital.cl\/sites\/vc\/convocatoria-abierta-a-la-muestra-off-festilambe-2024\/","og_locale":"es_ES","og_type":"article","og_title":"Convocatoria abierta a la MUESTRA OFF FESTILAMBE 2024 - Valpara\u00ed\u00adso Creativo","og_description":"Desde el lunes 2 al viernes 20 de septiembre est\u00e1 abierta la Convocatoria a la MUESTRA OFF FESTILAMBE 2024,&nbsp;la que se realizar\u00e1 el s\u00e1bado 12 de octubre en el Parque Cultural de Valpara\u00edso, siendo uno de los hitos de cierre del 8vo FESTILAMBE de Valpara\u00edso, Festival Internacional de Teatro Lambe Lambe, Chile. Este es un [&hellip;]","og_url":"https:\/\/dev.antudigital.cl\/sites\/vc\/convocatoria-abierta-a-la-muestra-off-festilambe-2024\/","og_site_name":"Valpara\u00ed\u00adso Creativo","article_published_time":"2024-09-16T14:17:14+00:00","article_modified_time":"2024-09-16T14:17:30+00:00","og_image":[{"width":2560,"height":1280,"url":"https:\/\/dev.antudigital.cl\/sites\/vc\/wp-content\/uploads\/2024\/09\/Um-caminho-para-amar-scaled.jpg","type":"image\/jpeg"}],"author":"Valpara\u00edso Creativo","twitter_card":"summary_large_image","twitter_misc":{"Escrito por":"Valpara\u00edso Creativo","Tiempo de lectura":"2 minutos"},"schema":{"@context":"https:\/\/schema.org","@graph":[{"@type":"Article","@id":"https:\/\/dev.antudigital.cl\/sites\/vc\/convocatoria-abierta-a-la-muestra-off-festilambe-2024\/#article","isPartOf":{"@id":"https:\/\/dev.antudigital.cl\/sites\/vc\/convocatoria-abierta-a-la-muestra-off-festilambe-2024\/"},"author":{"name":"Valpara\u00edso Creativo","@id":"https:\/\/dev.antudigital.cl\/sites\/vc\/#\/schema\/person\/c2b9da8dd545e27166fc5ab232837318"},"headline":"Convocatoria abierta a la MUESTRA OFF FESTILAMBE 2024","datePublished":"2024-09-16T14:17:14+00:00","dateModified":"2024-09-16T14:17:30+00:00","mainEntityOfPage":{"@id":"https:\/\/dev.antudigital.cl\/sites\/vc\/convocatoria-abierta-a-la-muestra-off-festilambe-2024\/"},"wordCount":371,"image":{"@id":"https:\/\/dev.antudigital.cl\/sites\/vc\/convocatoria-abierta-a-la-muestra-off-festilambe-2024\/#primaryimage"},"thumbnailUrl":"https:\/\/dev.antudigital.cl\/sites\/vc\/wp-content\/uploads\/2024\/09\/Um-caminho-para-amar-scaled.jpg","articleSection":["Noticia"],"inLanguage":"es"},{"@type":"WebPage","@id":"https:\/\/dev.antudigital.cl\/sites\/vc\/convocatoria-abierta-a-la-muestra-off-festilambe-2024\/","url":"https:\/\/dev.antudigital.cl\/sites\/vc\/convocatoria-abierta-a-la-muestra-off-festilambe-2024\/","name":"Convocatoria abierta a la MUESTRA OFF FESTILAMBE 2024 - Valpara\u00ed\u00adso Creativo","isPartOf":{"@id":"https:\/\/dev.antudigital.cl\/sites\/vc\/#website"},"primaryImageOfPage":{"@id":"https:\/\/dev.antudigital.cl\/sites\/vc\/convocatoria-abierta-a-la-muestra-off-festilambe-2024\/#primaryimage"},"image":{"@id":"https:\/\/dev.antudigital.cl\/sites\/vc\/convocatoria-abierta-a-la-muestra-off-festilambe-2024\/#primaryimage"},"thumbnailUrl":"https:\/\/dev.antudigital.cl\/sites\/vc\/wp-content\/uploads\/2024\/09\/Um-caminho-para-amar-scaled.jpg","datePublished":"2024-09-16T14:17:14+00:00","dateModified":"2024-09-16T14:17:30+00:00","author":{"@id":"https:\/\/dev.antudigital.cl\/sites\/vc\/#\/schema\/person\/c2b9da8dd545e27166fc5ab232837318"},"breadcrumb":{"@id":"https:\/\/dev.antudigital.cl\/sites\/vc\/convocatoria-abierta-a-la-muestra-off-festilambe-2024\/#breadcrumb"},"inLanguage":"es","potentialAction":[{"@type":"ReadAction","target":["https:\/\/dev.antudigital.cl\/sites\/vc\/convocatoria-abierta-a-la-muestra-off-festilambe-2024\/"]}]},{"@type":"ImageObject","inLanguage":"es","@id":"https:\/\/dev.antudigital.cl\/sites\/vc\/convocatoria-abierta-a-la-muestra-off-festilambe-2024\/#primaryimage","url":"https:\/\/dev.antudigital.cl\/sites\/vc\/wp-content\/uploads\/2024\/09\/Um-caminho-para-amar-scaled.jpg","contentUrl":"https:\/\/dev.antudigital.cl\/sites\/vc\/wp-content\/uploads\/2024\/09\/Um-caminho-para-amar-scaled.jpg","width":2560,"height":1280},{"@type":"BreadcrumbList","@id":"https:\/\/dev.antudigital.cl\/sites\/vc\/convocatoria-abierta-a-la-muestra-off-festilambe-2024\/#breadcrumb","itemListElement":[{"@type":"ListItem","position":1,"name":"Home","item":"https:\/\/dev.antudigital.cl\/sites\/vc\/"},{"@type":"ListItem","position":2,"name":"Convocatoria abierta a la MUESTRA OFF FESTILAMBE 2024"}]},{"@type":"WebSite","@id":"https:\/\/dev.antudigital.cl\/sites\/vc\/#website","url":"https:\/\/dev.antudigital.cl\/sites\/vc\/","name":"Valpara\u00ed\u00adso Creativo","description":"","potentialAction":[{"@type":"SearchAction","target":{"@type":"EntryPoint","urlTemplate":"https:\/\/dev.antudigital.cl\/sites\/vc\/?s={search_term_string}"},"query-input":{"@type":"PropertyValueSpecification","valueRequired":true,"valueName":"search_term_string"}}],"inLanguage":"es"},{"@type":"Person","@id":"https:\/\/dev.antudigital.cl\/sites\/vc\/#\/schema\/person\/c2b9da8dd545e27166fc5ab232837318","name":"Valpara\u00edso Creativo","description":"Periodista de cultura en la Regi\u00f3n de Valpara\u00edso.","url":"https:\/\/dev.antudigital.cl\/sites\/vc\/author\/valpoadmin\/"}]}},"_links":{"self":[{"href":"https:\/\/dev.antudigital.cl\/sites\/vc\/wp-json\/wp\/v2\/posts\/20464","targetHints":{"allow":["GET"]}}],"collection":[{"href":"https:\/\/dev.antudigital.cl\/sites\/vc\/wp-json\/wp\/v2\/posts"}],"about":[{"href":"https:\/\/dev.antudigital.cl\/sites\/vc\/wp-json\/wp\/v2\/types\/post"}],"author":[{"embeddable":true,"href":"https:\/\/dev.antudigital.cl\/sites\/vc\/wp-json\/wp\/v2\/users\/1"}],"replies":[{"embeddable":true,"href":"https:\/\/dev.antudigital.cl\/sites\/vc\/wp-json\/wp\/v2\/comments?post=20464"}],"version-history":[{"count":1,"href":"https:\/\/dev.antudigital.cl\/sites\/vc\/wp-json\/wp\/v2\/posts\/20464\/revisions"}],"predecessor-version":[{"id":20466,"href":"https:\/\/dev.antudigital.cl\/sites\/vc\/wp-json\/wp\/v2\/posts\/20464\/revisions\/20466"}],"wp:featuredmedia":[{"embeddable":true,"href":"https:\/\/dev.antudigital.cl\/sites\/vc\/wp-json\/wp\/v2\/media\/20465"}],"wp:attachment":[{"href":"https:\/\/dev.antudigital.cl\/sites\/vc\/wp-json\/wp\/v2\/media?parent=20464"}],"wp:term":[{"taxonomy":"category","embeddable":true,"href":"https:\/\/dev.antudigital.cl\/sites\/vc\/wp-json\/wp\/v2\/categories?post=20464"},{"taxonomy":"post_tag","embeddable":true,"href":"https:\/\/dev.antudigital.cl\/sites\/vc\/wp-json\/wp\/v2\/tags?post=20464"}],"curies":[{"name":"wp","href":"https:\/\/api.w.org\/{rel}","templated":true}]}}