{"id":20467,"date":"2024-09-16T14:21:42","date_gmt":"2024-09-16T14:21:42","guid":{"rendered":"https:\/\/www.valparaisocreativo.cl\/?p=20467"},"modified":"2024-09-16T14:21:59","modified_gmt":"2024-09-16T14:21:59","slug":"u-de-chile-lanza-convocatoria-para-primera-version-de-coreograficas","status":"publish","type":"post","link":"https:\/\/dev.antudigital.cl\/sites\/vc\/u-de-chile-lanza-convocatoria-para-primera-version-de-coreograficas\/","title":{"rendered":"U. de Chile lanza convocatoria para primera versi\u00f3n de \u201cCoreogr\u00e1ficas\u201d"},"content":{"rendered":"\n<p><em>Generar una instancia de exhibici\u00f3n para artistas emergentes del \u00e1mbito de la danza es lo que propone \u201cCoreogr\u00e1ficas&nbsp;24\u201d, encuentro organizado por el Departamento de Danza y la Direcci\u00f3n de Creaci\u00f3n Art\u00edstica de la Universidad de Chile. La convocatoria, que se extender\u00e1 entre el 12 de agosto y el 20 de septiembre de 2024, est\u00e1 dirigida a&nbsp;core\u00f3grafas y&nbsp;core\u00f3grafos que se encuentren iniciando su carrera o en etapa de consolidaci\u00f3n, con un m\u00e1ximo de 10 a\u00f1os de trayectoria.<\/em><\/p>\n\n\n\n<p>Propiciar la creaci\u00f3n de una serie de instancias de exhibici\u00f3n de obra, instando a las y los nuevos creadores de danza a aproximarse a espacios de escenificaci\u00f3n y exhibici\u00f3n es el objetivo de&nbsp;<strong>\u201cCoreogr\u00e1ficas&nbsp;24\u201d<\/strong>,&nbsp;<strong>encuentro organizado por el Departamento de Danza de la Facultad de Artes de la Universidad de Chile y la Direcci\u00f3n de Creaci\u00f3n Art\u00edstica (DiCREA) de la Vicerrector\u00eda de Investigaci\u00f3n y Desarrollo&nbsp;<\/strong>de la misma casa de estudios.<\/p>\n\n\n\n<p>\u00abEstamos entusiasmados de anunciar el lanzamiento de &#8216;Coreogr\u00e1ficas&nbsp;24&#8217;, un espacio que surge de nuestra continua b\u00fasqueda por fortalecer y visibilizar la creaci\u00f3n art\u00edstica en todas las disciplinas y en espec\u00edfico, la danza contempor\u00e1nea emergente en Chile.&nbsp;<strong>Este encuentro, que se llevar\u00e1 a cabo en el emblem\u00e1tico Teatro Nacional Chileno, est\u00e1 dise\u00f1ado para ofrecer una plataforma \u00fanica a&nbsp;core\u00f3grafas y&nbsp;core\u00f3grafos en sus primeras etapas de carrera o en fase de consolidaci\u00f3n<\/strong>\u201d, explic\u00f3&nbsp;<strong>Fernando Gaspar<\/strong>, director de Creaci\u00f3n Art\u00edstica de la Universidad de Chile, sobre esta iniciativa que hoy abri\u00f3 su convocatoria.<\/p>\n\n\n\n<p>A la instancia, que finalizar\u00e1 con un encuentro en el&nbsp;<strong>Teatro Nacional Chileno<\/strong>&nbsp;los d\u00edas&nbsp;<strong>12, 13 y 14 de diciembre<\/strong>, se podr\u00e1n postular obras en peque\u00f1o formato (entre 5 y 20 minutos), que propongan un lenguaje corporal particular manifiesto y un despliegue de las materialidades (espacio, luz, sonido, objetos), que ponga en relieve la propuesta art\u00edstica.<\/p>\n\n\n\n<p>\u201cA pesar de que estamos en el espacio de la coreograf\u00eda,&nbsp;<strong>se pueden postular obras que est\u00e1n cruzadas con otras disciplinas o en un espacio m\u00e1s indeterminado<\/strong>, porque en la actualidad ya no hablas de composici\u00f3n coreogr\u00e1fica propiamente tal, sino que eso est\u00e1 cruzado por muchas otras \u00e1reas del \u00e1mbito art\u00edstico\u201d, se\u00f1al\u00f3&nbsp;<strong>Paulina Mellado<\/strong>, acad\u00e9mica del Departamento de Danza y&nbsp;<strong>Premio a las Artes Esc\u00e9nicas Nacionales Presidente de la Rep\u00fablica 2022<\/strong>. \u201cY la otra caracter\u00edstica importante de &#8216;Coreogr\u00e1ficas&nbsp;24&#8217; es la emergencia, es decir, que en esta instancia puedan desplegarse quienes est\u00e1n reci\u00e9n partiendo y tienen menos posibilidades de mostrar su trabajo\u201d, destac\u00f3 la tambi\u00e9n directora y&nbsp;core\u00f3grafa.<\/p>\n\n\n\n<p>\u201cPensamos que &#8216;Coreogr\u00e1ficas&nbsp;24&#8217; puede marcar un acontecimiento referencial de encuentro de la danza emergente a nivel local, una coordenada sostenida en el tiempo, un rito. Por esta raz\u00f3n, no lo hemos concebido como una instancia acad\u00e9mica, sino como un lugar m\u00f3vil en que convergen y dialogan las m\u00e1s diversas voces de la creaci\u00f3n\u201d, coment\u00f3&nbsp;<strong>Rolando Jara<\/strong>, tambi\u00e9n acad\u00e9mico del Departamento de Danza.<\/p>\n\n\n\n<p><strong>Antecedentes: referencia y sistematicidad<\/strong><\/p>\n\n\n\n<p>\u201cEste proyecto se inici\u00f3 el a\u00f1o 2022 cuando, junto a la profesora Paulina Mellado, est\u00e1bamos en la direcci\u00f3n del Departamento de Danza. La idea era generar un encuentro coreogr\u00e1fico que diera cuenta de la producci\u00f3n actual, especialmente la de la creaci\u00f3n de compa\u00f1\u00edas emergentes. Nos interesaba la obra coreogr\u00e1fica, su materialidad, su po\u00e9tica, antes que otras instancias que se han expandido en el campo, como lo son, por ejemplo, la apertura de obras en proceso o las pr\u00e1cticas abiertas\u201d, record\u00f3 Rolando Jara sobre esta iniciativa que retomaron este a\u00f1o junto a DiCREA y que, a partir de la idea original, \u201cse ha abierto a la interacci\u00f3n con centros culturales, colectivos y figuras relevantes de la danza en distintas regiones del pa\u00eds, que nos permita desarrollar una convocatoria lo m\u00e1s amplia posible\u201d.<\/p>\n\n\n\n<p>\u201c<strong>La propuesta de &#8216;Coreogr\u00e1ficas&nbsp;24&#8217; no solo se enfoca en la exhibici\u00f3n de obras, sino tambi\u00e9n en el di\u00e1logo y el intercambio entre creadores<\/strong>. Nos interesa invitar a que se postulen obras que reflejen perspectivas innovadoras, para ofrecer un programa que pueda enriquecer la escena danc\u00edstica local, establecer un v\u00ednculo significativo con el p\u00fablico y fomentar una nueva generaci\u00f3n de creadores\u00bb, a\u00f1adi\u00f3 sobre esta instancia Fernando Gaspar.<\/p>\n\n\n\n<p>Para Paulina Mellado, en tanto, la inquietud por organizar una instancia como \u201c<strong>Coreogr\u00e1ficas&nbsp;24\u201d est\u00e1 motivada, a su vez, por lo que signific\u00f3 para las y los artistas de la danza los \u201cEncuentros Coreogr\u00e1ficos\u201d que se desarrollaron en la d\u00e9cada de los 80 y principios de los 90<\/strong>. \u201cPara m\u00ed, y para muchos y muchas de mi generaci\u00f3n, esa experiencia fue important\u00edsima, al punto de que yo no s\u00e9 si habr\u00eda la escena que existe ahora sin esos encuentros\u201d, afirm\u00f3 la acad\u00e9mica, relevando de dichas instancias no s\u00f3lo la oportunidad de mostrar lo que en esa \u00e9poca se estaba haciendo en el \u00e1mbito de la danza, sino tambi\u00e9n su periodicidad y permanencia en el tiempo.<\/p>\n\n\n\n<figure class=\"wp-block-image size-large\"><img fetchpriority=\"high\" decoding=\"async\" width=\"1024\" height=\"683\" src=\"https:\/\/www.valparaisocreativo.cl\/wp-content\/uploads\/2024\/09\/Credito-fotografia-Stephanie-Meyer-@danzaenfoco-1-1024x683.jpg\" alt=\"\" class=\"wp-image-20469\" srcset=\"https:\/\/dev.antudigital.cl\/sites\/vc\/wp-content\/uploads\/2024\/09\/Credito-fotografia-Stephanie-Meyer-@danzaenfoco-1-1024x683.jpg 1024w, https:\/\/dev.antudigital.cl\/sites\/vc\/wp-content\/uploads\/2024\/09\/Credito-fotografia-Stephanie-Meyer-@danzaenfoco-1-300x200.jpg 300w, https:\/\/dev.antudigital.cl\/sites\/vc\/wp-content\/uploads\/2024\/09\/Credito-fotografia-Stephanie-Meyer-@danzaenfoco-1-768x512.jpg 768w, https:\/\/dev.antudigital.cl\/sites\/vc\/wp-content\/uploads\/2024\/09\/Credito-fotografia-Stephanie-Meyer-@danzaenfoco-1-1536x1024.jpg 1536w, https:\/\/dev.antudigital.cl\/sites\/vc\/wp-content\/uploads\/2024\/09\/Credito-fotografia-Stephanie-Meyer-@danzaenfoco-1-2048x1366.jpg 2048w, https:\/\/dev.antudigital.cl\/sites\/vc\/wp-content\/uploads\/2024\/09\/Credito-fotografia-Stephanie-Meyer-@danzaenfoco-1-1080x720.jpg 1080w, https:\/\/dev.antudigital.cl\/sites\/vc\/wp-content\/uploads\/2024\/09\/Credito-fotografia-Stephanie-Meyer-@danzaenfoco-1-1280x854.jpg 1280w, https:\/\/dev.antudigital.cl\/sites\/vc\/wp-content\/uploads\/2024\/09\/Credito-fotografia-Stephanie-Meyer-@danzaenfoco-1-980x653.jpg 980w, https:\/\/dev.antudigital.cl\/sites\/vc\/wp-content\/uploads\/2024\/09\/Credito-fotografia-Stephanie-Meyer-@danzaenfoco-1-480x320.jpg 480w, https:\/\/dev.antudigital.cl\/sites\/vc\/wp-content\/uploads\/2024\/09\/Credito-fotografia-Stephanie-Meyer-@danzaenfoco-1-24x16.jpg 24w, https:\/\/dev.antudigital.cl\/sites\/vc\/wp-content\/uploads\/2024\/09\/Credito-fotografia-Stephanie-Meyer-@danzaenfoco-1-36x24.jpg 36w, https:\/\/dev.antudigital.cl\/sites\/vc\/wp-content\/uploads\/2024\/09\/Credito-fotografia-Stephanie-Meyer-@danzaenfoco-1-48x32.jpg 48w\" sizes=\"(max-width: 1024px) 100vw, 1024px\" \/><\/figure>\n\n\n\n<p>\u201c<strong>Saber que una vez al a\u00f1o ten\u00edas la posibilidad de mostrar tu trabajo, te impulsaba a prepararte todo el a\u00f1o.<\/strong>&nbsp;Y eso empez\u00f3 a crear una escena, un campo danc\u00edstico. Por eso pienso que varios de nosotros sentimos una cercan\u00eda y una gratitud hacia ese evento que lideraron Sara Vial, B\u00e1rbara Uribe y Luz Marmentini\u201d, coment\u00f3 la acad\u00e9mica. Y agrega: \u201c&#8217;Coreogr\u00e1ficas&nbsp;24&#8242; busca, de alg\u00fan modo, replicar esa instancia pero hablando del momento actual, en el que la danza permite y re\u00fane otras disciplinas. Y, sobre todo, busca ser un espacio para los artistas emergentes que hoy no tienen un lugar para mostrar sus trabajos y apostando a una periodicidad que sea anual\u201d.<\/p>\n\n\n\n<p>En esa l\u00ednea, la acad\u00e9mica insiste en la necesidad de contar con m\u00e1s espacios para la danza considerando el n\u00famero de escuelas y academias que forman a artistas en esta disciplina, as\u00ed como en otros \u00e1mbitos art\u00edsticos que dialogan con la danza. \u201c<strong>Pienso que la Universidad de Chile, por su rol p\u00fablico, es id\u00f3nea para abrir esa posibilidad, potenciando, adem\u00e1s, el cruce entre el adentro y el afuera<\/strong>\u201d, dijo. Y Rolando Jara concluy\u00f3 al respecto que la organizaci\u00f3n conjunta entre el Departamento de Danza y DiCREA \u201ces expresi\u00f3n del inter\u00e9s de la Universidad de Chile, como instituci\u00f3n p\u00fablica, en defender el espacio de las artes esc\u00e9nicas y su vinculaci\u00f3n con la comunidad, esta vez en un escenario emblem\u00e1tico como lo es el Teatro Nacional Chileno\u201d.<\/p>\n\n\n\n<p>M\u00e1s informaci\u00f3n en https:\/\/www.instagram.com\/forodelasartes<\/p>\n","protected":false},"excerpt":{"rendered":"<p>Generar una instancia de exhibici\u00f3n para artistas emergentes del \u00e1mbito de la danza es lo que propone \u201cCoreogr\u00e1ficas&nbsp;24\u201d, encuentro organizado por el Departamento de Danza y la Direcci\u00f3n de Creaci\u00f3n Art\u00edstica de la Universidad de Chile. La convocatoria, que se extender\u00e1 entre el 12 de agosto y el 20 de septiembre de 2024, est\u00e1 dirigida [&hellip;]<\/p>\n","protected":false},"author":1,"featured_media":20468,"comment_status":"closed","ping_status":"closed","sticky":false,"template":"","format":"standard","meta":{"_acf_changed":false,"footnotes":""},"categories":[8],"tags":[],"class_list":["post-20467","post","type-post","status-publish","format-standard","has-post-thumbnail","hentry","category-noticia"],"acf":[],"yoast_head":"<!-- This site is optimized with the Yoast SEO plugin v27.1.1 - https:\/\/yoast.com\/product\/yoast-seo-wordpress\/ -->\n<title>U. de Chile lanza convocatoria para primera versi\u00f3n de \u201cCoreogr\u00e1ficas\u201d - Valpara\u00ed\u00adso Creativo<\/title>\n<meta name=\"robots\" content=\"index, follow, max-snippet:-1, max-image-preview:large, max-video-preview:-1\" \/>\n<link rel=\"canonical\" href=\"https:\/\/dev.antudigital.cl\/sites\/vc\/u-de-chile-lanza-convocatoria-para-primera-version-de-coreograficas\/\" \/>\n<meta property=\"og:locale\" content=\"es_ES\" \/>\n<meta property=\"og:type\" content=\"article\" \/>\n<meta property=\"og:title\" content=\"U. de Chile lanza convocatoria para primera versi\u00f3n de \u201cCoreogr\u00e1ficas\u201d - Valpara\u00ed\u00adso Creativo\" \/>\n<meta property=\"og:description\" content=\"Generar una instancia de exhibici\u00f3n para artistas emergentes del \u00e1mbito de la danza es lo que propone \u201cCoreogr\u00e1ficas&nbsp;24\u201d, encuentro organizado por el Departamento de Danza y la Direcci\u00f3n de Creaci\u00f3n Art\u00edstica de la Universidad de Chile. La convocatoria, que se extender\u00e1 entre el 12 de agosto y el 20 de septiembre de 2024, est\u00e1 dirigida [&hellip;]\" \/>\n<meta property=\"og:url\" content=\"https:\/\/dev.antudigital.cl\/sites\/vc\/u-de-chile-lanza-convocatoria-para-primera-version-de-coreograficas\/\" \/>\n<meta property=\"og:site_name\" content=\"Valpara\u00ed\u00adso Creativo\" \/>\n<meta property=\"article:published_time\" content=\"2024-09-16T14:21:42+00:00\" \/>\n<meta property=\"article:modified_time\" content=\"2024-09-16T14:21:59+00:00\" \/>\n<meta property=\"og:image\" content=\"https:\/\/dev.antudigital.cl\/sites\/vc\/wp-content\/uploads\/2024\/09\/COREOGRAFICAS-24-Foto-Registro-PUNCH-2021-FernandaRuiz-1.jpg\" \/>\n\t<meta property=\"og:image:width\" content=\"1000\" \/>\n\t<meta property=\"og:image:height\" content=\"646\" \/>\n\t<meta property=\"og:image:type\" content=\"image\/jpeg\" \/>\n<meta name=\"author\" content=\"Valpara\u00edso Creativo\" \/>\n<meta name=\"twitter:card\" content=\"summary_large_image\" \/>\n<meta name=\"twitter:label1\" content=\"Escrito por\" \/>\n\t<meta name=\"twitter:data1\" content=\"Valpara\u00edso Creativo\" \/>\n\t<meta name=\"twitter:label2\" content=\"Tiempo de lectura\" \/>\n\t<meta name=\"twitter:data2\" content=\"6 minutos\" \/>\n<script type=\"application\/ld+json\" class=\"yoast-schema-graph\">{\"@context\":\"https:\/\/schema.org\",\"@graph\":[{\"@type\":\"Article\",\"@id\":\"https:\/\/dev.antudigital.cl\/sites\/vc\/u-de-chile-lanza-convocatoria-para-primera-version-de-coreograficas\/#article\",\"isPartOf\":{\"@id\":\"https:\/\/dev.antudigital.cl\/sites\/vc\/u-de-chile-lanza-convocatoria-para-primera-version-de-coreograficas\/\"},\"author\":{\"name\":\"Valpara\u00edso Creativo\",\"@id\":\"https:\/\/dev.antudigital.cl\/sites\/vc\/#\/schema\/person\/c2b9da8dd545e27166fc5ab232837318\"},\"headline\":\"U. de Chile lanza convocatoria para primera versi\u00f3n de \u201cCoreogr\u00e1ficas\u201d\",\"datePublished\":\"2024-09-16T14:21:42+00:00\",\"dateModified\":\"2024-09-16T14:21:59+00:00\",\"mainEntityOfPage\":{\"@id\":\"https:\/\/dev.antudigital.cl\/sites\/vc\/u-de-chile-lanza-convocatoria-para-primera-version-de-coreograficas\/\"},\"wordCount\":1172,\"image\":{\"@id\":\"https:\/\/dev.antudigital.cl\/sites\/vc\/u-de-chile-lanza-convocatoria-para-primera-version-de-coreograficas\/#primaryimage\"},\"thumbnailUrl\":\"https:\/\/dev.antudigital.cl\/sites\/vc\/wp-content\/uploads\/2024\/09\/COREOGRAFICAS-24-Foto-Registro-PUNCH-2021-FernandaRuiz-1.jpg\",\"articleSection\":[\"Noticia\"],\"inLanguage\":\"es\"},{\"@type\":\"WebPage\",\"@id\":\"https:\/\/dev.antudigital.cl\/sites\/vc\/u-de-chile-lanza-convocatoria-para-primera-version-de-coreograficas\/\",\"url\":\"https:\/\/dev.antudigital.cl\/sites\/vc\/u-de-chile-lanza-convocatoria-para-primera-version-de-coreograficas\/\",\"name\":\"U. de Chile lanza convocatoria para primera versi\u00f3n de \u201cCoreogr\u00e1ficas\u201d - Valpara\u00ed\u00adso Creativo\",\"isPartOf\":{\"@id\":\"https:\/\/dev.antudigital.cl\/sites\/vc\/#website\"},\"primaryImageOfPage\":{\"@id\":\"https:\/\/dev.antudigital.cl\/sites\/vc\/u-de-chile-lanza-convocatoria-para-primera-version-de-coreograficas\/#primaryimage\"},\"image\":{\"@id\":\"https:\/\/dev.antudigital.cl\/sites\/vc\/u-de-chile-lanza-convocatoria-para-primera-version-de-coreograficas\/#primaryimage\"},\"thumbnailUrl\":\"https:\/\/dev.antudigital.cl\/sites\/vc\/wp-content\/uploads\/2024\/09\/COREOGRAFICAS-24-Foto-Registro-PUNCH-2021-FernandaRuiz-1.jpg\",\"datePublished\":\"2024-09-16T14:21:42+00:00\",\"dateModified\":\"2024-09-16T14:21:59+00:00\",\"author\":{\"@id\":\"https:\/\/dev.antudigital.cl\/sites\/vc\/#\/schema\/person\/c2b9da8dd545e27166fc5ab232837318\"},\"breadcrumb\":{\"@id\":\"https:\/\/dev.antudigital.cl\/sites\/vc\/u-de-chile-lanza-convocatoria-para-primera-version-de-coreograficas\/#breadcrumb\"},\"inLanguage\":\"es\",\"potentialAction\":[{\"@type\":\"ReadAction\",\"target\":[\"https:\/\/dev.antudigital.cl\/sites\/vc\/u-de-chile-lanza-convocatoria-para-primera-version-de-coreograficas\/\"]}]},{\"@type\":\"ImageObject\",\"inLanguage\":\"es\",\"@id\":\"https:\/\/dev.antudigital.cl\/sites\/vc\/u-de-chile-lanza-convocatoria-para-primera-version-de-coreograficas\/#primaryimage\",\"url\":\"https:\/\/dev.antudigital.cl\/sites\/vc\/wp-content\/uploads\/2024\/09\/COREOGRAFICAS-24-Foto-Registro-PUNCH-2021-FernandaRuiz-1.jpg\",\"contentUrl\":\"https:\/\/dev.antudigital.cl\/sites\/vc\/wp-content\/uploads\/2024\/09\/COREOGRAFICAS-24-Foto-Registro-PUNCH-2021-FernandaRuiz-1.jpg\",\"width\":1000,\"height\":646},{\"@type\":\"BreadcrumbList\",\"@id\":\"https:\/\/dev.antudigital.cl\/sites\/vc\/u-de-chile-lanza-convocatoria-para-primera-version-de-coreograficas\/#breadcrumb\",\"itemListElement\":[{\"@type\":\"ListItem\",\"position\":1,\"name\":\"Home\",\"item\":\"https:\/\/dev.antudigital.cl\/sites\/vc\/\"},{\"@type\":\"ListItem\",\"position\":2,\"name\":\"U. de Chile lanza convocatoria para primera versi\u00f3n de \u201cCoreogr\u00e1ficas\u201d\"}]},{\"@type\":\"WebSite\",\"@id\":\"https:\/\/dev.antudigital.cl\/sites\/vc\/#website\",\"url\":\"https:\/\/dev.antudigital.cl\/sites\/vc\/\",\"name\":\"Valpara\u00ed\u00adso Creativo\",\"description\":\"\",\"potentialAction\":[{\"@type\":\"SearchAction\",\"target\":{\"@type\":\"EntryPoint\",\"urlTemplate\":\"https:\/\/dev.antudigital.cl\/sites\/vc\/?s={search_term_string}\"},\"query-input\":{\"@type\":\"PropertyValueSpecification\",\"valueRequired\":true,\"valueName\":\"search_term_string\"}}],\"inLanguage\":\"es\"},{\"@type\":\"Person\",\"@id\":\"https:\/\/dev.antudigital.cl\/sites\/vc\/#\/schema\/person\/c2b9da8dd545e27166fc5ab232837318\",\"name\":\"Valpara\u00edso Creativo\",\"description\":\"Periodista de cultura en la Regi\u00f3n de Valpara\u00edso.\",\"url\":\"https:\/\/dev.antudigital.cl\/sites\/vc\/author\/valpoadmin\/\"}]}<\/script>\n<!-- \/ Yoast SEO plugin. -->","yoast_head_json":{"title":"U. de Chile lanza convocatoria para primera versi\u00f3n de \u201cCoreogr\u00e1ficas\u201d - Valpara\u00ed\u00adso Creativo","robots":{"index":"index","follow":"follow","max-snippet":"max-snippet:-1","max-image-preview":"max-image-preview:large","max-video-preview":"max-video-preview:-1"},"canonical":"https:\/\/dev.antudigital.cl\/sites\/vc\/u-de-chile-lanza-convocatoria-para-primera-version-de-coreograficas\/","og_locale":"es_ES","og_type":"article","og_title":"U. de Chile lanza convocatoria para primera versi\u00f3n de \u201cCoreogr\u00e1ficas\u201d - Valpara\u00ed\u00adso Creativo","og_description":"Generar una instancia de exhibici\u00f3n para artistas emergentes del \u00e1mbito de la danza es lo que propone \u201cCoreogr\u00e1ficas&nbsp;24\u201d, encuentro organizado por el Departamento de Danza y la Direcci\u00f3n de Creaci\u00f3n Art\u00edstica de la Universidad de Chile. La convocatoria, que se extender\u00e1 entre el 12 de agosto y el 20 de septiembre de 2024, est\u00e1 dirigida [&hellip;]","og_url":"https:\/\/dev.antudigital.cl\/sites\/vc\/u-de-chile-lanza-convocatoria-para-primera-version-de-coreograficas\/","og_site_name":"Valpara\u00ed\u00adso Creativo","article_published_time":"2024-09-16T14:21:42+00:00","article_modified_time":"2024-09-16T14:21:59+00:00","og_image":[{"width":1000,"height":646,"url":"https:\/\/dev.antudigital.cl\/sites\/vc\/wp-content\/uploads\/2024\/09\/COREOGRAFICAS-24-Foto-Registro-PUNCH-2021-FernandaRuiz-1.jpg","type":"image\/jpeg"}],"author":"Valpara\u00edso Creativo","twitter_card":"summary_large_image","twitter_misc":{"Escrito por":"Valpara\u00edso Creativo","Tiempo de lectura":"6 minutos"},"schema":{"@context":"https:\/\/schema.org","@graph":[{"@type":"Article","@id":"https:\/\/dev.antudigital.cl\/sites\/vc\/u-de-chile-lanza-convocatoria-para-primera-version-de-coreograficas\/#article","isPartOf":{"@id":"https:\/\/dev.antudigital.cl\/sites\/vc\/u-de-chile-lanza-convocatoria-para-primera-version-de-coreograficas\/"},"author":{"name":"Valpara\u00edso Creativo","@id":"https:\/\/dev.antudigital.cl\/sites\/vc\/#\/schema\/person\/c2b9da8dd545e27166fc5ab232837318"},"headline":"U. de Chile lanza convocatoria para primera versi\u00f3n de \u201cCoreogr\u00e1ficas\u201d","datePublished":"2024-09-16T14:21:42+00:00","dateModified":"2024-09-16T14:21:59+00:00","mainEntityOfPage":{"@id":"https:\/\/dev.antudigital.cl\/sites\/vc\/u-de-chile-lanza-convocatoria-para-primera-version-de-coreograficas\/"},"wordCount":1172,"image":{"@id":"https:\/\/dev.antudigital.cl\/sites\/vc\/u-de-chile-lanza-convocatoria-para-primera-version-de-coreograficas\/#primaryimage"},"thumbnailUrl":"https:\/\/dev.antudigital.cl\/sites\/vc\/wp-content\/uploads\/2024\/09\/COREOGRAFICAS-24-Foto-Registro-PUNCH-2021-FernandaRuiz-1.jpg","articleSection":["Noticia"],"inLanguage":"es"},{"@type":"WebPage","@id":"https:\/\/dev.antudigital.cl\/sites\/vc\/u-de-chile-lanza-convocatoria-para-primera-version-de-coreograficas\/","url":"https:\/\/dev.antudigital.cl\/sites\/vc\/u-de-chile-lanza-convocatoria-para-primera-version-de-coreograficas\/","name":"U. de Chile lanza convocatoria para primera versi\u00f3n de \u201cCoreogr\u00e1ficas\u201d - Valpara\u00ed\u00adso Creativo","isPartOf":{"@id":"https:\/\/dev.antudigital.cl\/sites\/vc\/#website"},"primaryImageOfPage":{"@id":"https:\/\/dev.antudigital.cl\/sites\/vc\/u-de-chile-lanza-convocatoria-para-primera-version-de-coreograficas\/#primaryimage"},"image":{"@id":"https:\/\/dev.antudigital.cl\/sites\/vc\/u-de-chile-lanza-convocatoria-para-primera-version-de-coreograficas\/#primaryimage"},"thumbnailUrl":"https:\/\/dev.antudigital.cl\/sites\/vc\/wp-content\/uploads\/2024\/09\/COREOGRAFICAS-24-Foto-Registro-PUNCH-2021-FernandaRuiz-1.jpg","datePublished":"2024-09-16T14:21:42+00:00","dateModified":"2024-09-16T14:21:59+00:00","author":{"@id":"https:\/\/dev.antudigital.cl\/sites\/vc\/#\/schema\/person\/c2b9da8dd545e27166fc5ab232837318"},"breadcrumb":{"@id":"https:\/\/dev.antudigital.cl\/sites\/vc\/u-de-chile-lanza-convocatoria-para-primera-version-de-coreograficas\/#breadcrumb"},"inLanguage":"es","potentialAction":[{"@type":"ReadAction","target":["https:\/\/dev.antudigital.cl\/sites\/vc\/u-de-chile-lanza-convocatoria-para-primera-version-de-coreograficas\/"]}]},{"@type":"ImageObject","inLanguage":"es","@id":"https:\/\/dev.antudigital.cl\/sites\/vc\/u-de-chile-lanza-convocatoria-para-primera-version-de-coreograficas\/#primaryimage","url":"https:\/\/dev.antudigital.cl\/sites\/vc\/wp-content\/uploads\/2024\/09\/COREOGRAFICAS-24-Foto-Registro-PUNCH-2021-FernandaRuiz-1.jpg","contentUrl":"https:\/\/dev.antudigital.cl\/sites\/vc\/wp-content\/uploads\/2024\/09\/COREOGRAFICAS-24-Foto-Registro-PUNCH-2021-FernandaRuiz-1.jpg","width":1000,"height":646},{"@type":"BreadcrumbList","@id":"https:\/\/dev.antudigital.cl\/sites\/vc\/u-de-chile-lanza-convocatoria-para-primera-version-de-coreograficas\/#breadcrumb","itemListElement":[{"@type":"ListItem","position":1,"name":"Home","item":"https:\/\/dev.antudigital.cl\/sites\/vc\/"},{"@type":"ListItem","position":2,"name":"U. de Chile lanza convocatoria para primera versi\u00f3n de \u201cCoreogr\u00e1ficas\u201d"}]},{"@type":"WebSite","@id":"https:\/\/dev.antudigital.cl\/sites\/vc\/#website","url":"https:\/\/dev.antudigital.cl\/sites\/vc\/","name":"Valpara\u00ed\u00adso Creativo","description":"","potentialAction":[{"@type":"SearchAction","target":{"@type":"EntryPoint","urlTemplate":"https:\/\/dev.antudigital.cl\/sites\/vc\/?s={search_term_string}"},"query-input":{"@type":"PropertyValueSpecification","valueRequired":true,"valueName":"search_term_string"}}],"inLanguage":"es"},{"@type":"Person","@id":"https:\/\/dev.antudigital.cl\/sites\/vc\/#\/schema\/person\/c2b9da8dd545e27166fc5ab232837318","name":"Valpara\u00edso Creativo","description":"Periodista de cultura en la Regi\u00f3n de Valpara\u00edso.","url":"https:\/\/dev.antudigital.cl\/sites\/vc\/author\/valpoadmin\/"}]}},"_links":{"self":[{"href":"https:\/\/dev.antudigital.cl\/sites\/vc\/wp-json\/wp\/v2\/posts\/20467","targetHints":{"allow":["GET"]}}],"collection":[{"href":"https:\/\/dev.antudigital.cl\/sites\/vc\/wp-json\/wp\/v2\/posts"}],"about":[{"href":"https:\/\/dev.antudigital.cl\/sites\/vc\/wp-json\/wp\/v2\/types\/post"}],"author":[{"embeddable":true,"href":"https:\/\/dev.antudigital.cl\/sites\/vc\/wp-json\/wp\/v2\/users\/1"}],"replies":[{"embeddable":true,"href":"https:\/\/dev.antudigital.cl\/sites\/vc\/wp-json\/wp\/v2\/comments?post=20467"}],"version-history":[{"count":1,"href":"https:\/\/dev.antudigital.cl\/sites\/vc\/wp-json\/wp\/v2\/posts\/20467\/revisions"}],"predecessor-version":[{"id":20470,"href":"https:\/\/dev.antudigital.cl\/sites\/vc\/wp-json\/wp\/v2\/posts\/20467\/revisions\/20470"}],"wp:featuredmedia":[{"embeddable":true,"href":"https:\/\/dev.antudigital.cl\/sites\/vc\/wp-json\/wp\/v2\/media\/20468"}],"wp:attachment":[{"href":"https:\/\/dev.antudigital.cl\/sites\/vc\/wp-json\/wp\/v2\/media?parent=20467"}],"wp:term":[{"taxonomy":"category","embeddable":true,"href":"https:\/\/dev.antudigital.cl\/sites\/vc\/wp-json\/wp\/v2\/categories?post=20467"},{"taxonomy":"post_tag","embeddable":true,"href":"https:\/\/dev.antudigital.cl\/sites\/vc\/wp-json\/wp\/v2\/tags?post=20467"}],"curies":[{"name":"wp","href":"https:\/\/api.w.org\/{rel}","templated":true}]}}