{"id":20471,"date":"2024-09-16T14:25:09","date_gmt":"2024-09-16T14:25:09","guid":{"rendered":"https:\/\/www.valparaisocreativo.cl\/?p=20471"},"modified":"2024-09-16T14:25:26","modified_gmt":"2024-09-16T14:25:26","slug":"red-nacional-de-territorios-creativos-participa-en-foro-internacional-de-economia-creativa-en-uruguay","status":"publish","type":"post","link":"https:\/\/dev.antudigital.cl\/sites\/vc\/red-nacional-de-territorios-creativos-participa-en-foro-internacional-de-economia-creativa-en-uruguay\/","title":{"rendered":"Red Nacional de Territorios Creativos participa en Foro Internacional de Econom\u00eda Creativa en Uruguay"},"content":{"rendered":"\n<p><em>Integrantes de la Red Nacional de Territorios Creativos llegaron hasta Canelones en Uruguay donde esta semana se desarrolla el Foro Internacional de Econom\u00eda Creativa (FIECA) para participar en paneles sobre fortalecimiento territorial y ronda de negocios.<\/em><\/p>\n\n\n\n<p>El Foro Internacional de Econom\u00eda Creativa de Canelones, FIECA, en su edici\u00f3n 2024 se desarrolla entre el 29 y el 31 de agosto en m\u00faltiples locaciones del departamento de Canelones reuniendo actores relacionados con distintos sectores de las industrias creativas y culturales. La instancia convoca a cientos de agrupaciones, artistas, compradores, productoras, gestores culturales, empresas e instituciones relacionadas a la econom\u00eda creativa para fortalecer v\u00ednculos, generar oportunidades y fortalecer a los distintos sectores.<\/p>\n\n\n\n<p>En este contexto, dos representantes de la Red Nacional de Territorios Creativos (RNTC) participan de este foro. Ximena Duarte, directora de Vinculaci\u00f3n con el Medio del Instituto Profesional Arcos y representante de Territorio Pe\u00f1alol\u00e9n Creativa; y Teresa D\u00edaz, directora ejecutiva de la Red Nacional de Territorios Creativos.<\/p>\n\n\n\n<p>La participaci\u00f3n en FIECA 2024 tuvo por pilar el intercambio de conocimiento, con una charla acerca del caso de la RNTC como referente del trabajo colaborativo y sist\u00e9mico en Am\u00e9rica Latina; as\u00ed como un taller dirigido a actores del sector p\u00fablico del Departamento de Canelones con foco en el desarrollo de los propios territorios, an\u00e1lisis de sus potencialidades y el trabajo en red con otros actores del mundo privado, artistas, academia y comunidades locales.<\/p>\n\n\n\n<figure class=\"wp-block-image size-large\"><img fetchpriority=\"high\" decoding=\"async\" width=\"1024\" height=\"768\" src=\"https:\/\/www.valparaisocreativo.cl\/wp-content\/uploads\/2024\/09\/RNTC-en-FIECA-2024-3-1024x768.jpg\" alt=\"\" class=\"wp-image-20472\" srcset=\"https:\/\/dev.antudigital.cl\/sites\/vc\/wp-content\/uploads\/2024\/09\/RNTC-en-FIECA-2024-3-1024x768.jpg 1024w, https:\/\/dev.antudigital.cl\/sites\/vc\/wp-content\/uploads\/2024\/09\/RNTC-en-FIECA-2024-3-300x225.jpg 300w, https:\/\/dev.antudigital.cl\/sites\/vc\/wp-content\/uploads\/2024\/09\/RNTC-en-FIECA-2024-3-768x576.jpg 768w, https:\/\/dev.antudigital.cl\/sites\/vc\/wp-content\/uploads\/2024\/09\/RNTC-en-FIECA-2024-3-510x382.jpg 510w, https:\/\/dev.antudigital.cl\/sites\/vc\/wp-content\/uploads\/2024\/09\/RNTC-en-FIECA-2024-3-1080x810.jpg 1080w, https:\/\/dev.antudigital.cl\/sites\/vc\/wp-content\/uploads\/2024\/09\/RNTC-en-FIECA-2024-3-980x735.jpg 980w, https:\/\/dev.antudigital.cl\/sites\/vc\/wp-content\/uploads\/2024\/09\/RNTC-en-FIECA-2024-3-480x360.jpg 480w, https:\/\/dev.antudigital.cl\/sites\/vc\/wp-content\/uploads\/2024\/09\/RNTC-en-FIECA-2024-3-24x18.jpg 24w, https:\/\/dev.antudigital.cl\/sites\/vc\/wp-content\/uploads\/2024\/09\/RNTC-en-FIECA-2024-3-36x27.jpg 36w, https:\/\/dev.antudigital.cl\/sites\/vc\/wp-content\/uploads\/2024\/09\/RNTC-en-FIECA-2024-3-48x36.jpg 48w, https:\/\/dev.antudigital.cl\/sites\/vc\/wp-content\/uploads\/2024\/09\/RNTC-en-FIECA-2024-3.jpg 1280w\" sizes=\"(max-width: 1024px) 100vw, 1024px\" \/><\/figure>\n\n\n\n<p>\u201cDesde la RNTC estamos muy contentos de estar participando del Foro Internacional en Uruguay, porque hemos visto que la Red hoy en d\u00eda est\u00e1 siendo un referente a nivel latinoamericano tanto por su impacto territorial como en la articulaci\u00f3n p\u00fablico privada. Somos un buen ejemplo de c\u00f3mo trabajar en los territorios y a la vez ser un puente con la pol\u00edtica p\u00fablica. Los equipos del Departamento de Canelones que participaron en la charla y en el taller, transmitieron much\u00edsima energ\u00eda y convicci\u00f3n en comenzar a trabajar por el desarrollo de la econom\u00eda creativa como motor de desarrollo local\u201d, explic\u00f3 Teresa D\u00edaz, directora ejecutiva de la Red Nacional de Territorios Creativos.<\/p>\n\n\n\n<p>\u201cLa participaci\u00f3n en el Foro Internacional de Econom\u00eda Creativa de Canelones, FIECA, nos ha permitido compartir el trabajo que realizamos como RNTC que es reconocida en la regi\u00f3n como \u00fanica en su tipo, en tanto articula territorios desde una gobernanza horizontal y en una colaboraci\u00f3n p\u00fablico-privada que pone al centro el desarrollo local\u201d, se\u00f1al\u00f3 Ximena Duarte, directora de Vinculaci\u00f3n con el Medio del Instituto Profesional Arcos y representante de Territorio Pe\u00f1alol\u00e9n Creativa.<br><br>FIECA 2024 constituy\u00f3 una posibilidad de generar valiosos intercambios y de problematizar desaf\u00edos futuros, tanto para la red como para creativos y creativas del pa\u00eds, asunto en que trabajamos decididamente y con el mayor de los compromisos.<\/p>\n\n\n\n<p>M\u00e1s informaci\u00f3n en&nbsp;<a href=\"https:\/\/canelonescreativo.uy\/fieca\/\" target=\"_blank\" rel=\"noreferrer noopener\">https:\/\/canelonescreativo.uy\/fieca\/<\/a><\/p>\n","protected":false},"excerpt":{"rendered":"<p>Integrantes de la Red Nacional de Territorios Creativos llegaron hasta Canelones en Uruguay donde esta semana se desarrolla el Foro Internacional de Econom\u00eda Creativa (FIECA) para participar en paneles sobre fortalecimiento territorial y ronda de negocios. El Foro Internacional de Econom\u00eda Creativa de Canelones, FIECA, en su edici\u00f3n 2024 se desarrolla entre el 29 y [&hellip;]<\/p>\n","protected":false},"author":1,"featured_media":20472,"comment_status":"closed","ping_status":"closed","sticky":false,"template":"","format":"standard","meta":{"_acf_changed":false,"footnotes":""},"categories":[8],"tags":[],"class_list":["post-20471","post","type-post","status-publish","format-standard","has-post-thumbnail","hentry","category-noticia"],"acf":[],"yoast_head":"<!-- This site is optimized with the Yoast SEO plugin v27.1.1 - https:\/\/yoast.com\/product\/yoast-seo-wordpress\/ -->\n<title>Red Nacional de Territorios Creativos participa en Foro Internacional de Econom\u00eda Creativa en Uruguay - Valpara\u00ed\u00adso Creativo<\/title>\n<meta name=\"robots\" content=\"index, follow, max-snippet:-1, max-image-preview:large, max-video-preview:-1\" \/>\n<link rel=\"canonical\" href=\"https:\/\/dev.antudigital.cl\/sites\/vc\/red-nacional-de-territorios-creativos-participa-en-foro-internacional-de-economia-creativa-en-uruguay\/\" \/>\n<meta property=\"og:locale\" content=\"es_ES\" \/>\n<meta property=\"og:type\" content=\"article\" \/>\n<meta property=\"og:title\" content=\"Red Nacional de Territorios Creativos participa en Foro Internacional de Econom\u00eda Creativa en Uruguay - Valpara\u00ed\u00adso Creativo\" \/>\n<meta property=\"og:description\" content=\"Integrantes de la Red Nacional de Territorios Creativos llegaron hasta Canelones en Uruguay donde esta semana se desarrolla el Foro Internacional de Econom\u00eda Creativa (FIECA) para participar en paneles sobre fortalecimiento territorial y ronda de negocios. El Foro Internacional de Econom\u00eda Creativa de Canelones, FIECA, en su edici\u00f3n 2024 se desarrolla entre el 29 y [&hellip;]\" \/>\n<meta property=\"og:url\" content=\"https:\/\/dev.antudigital.cl\/sites\/vc\/red-nacional-de-territorios-creativos-participa-en-foro-internacional-de-economia-creativa-en-uruguay\/\" \/>\n<meta property=\"og:site_name\" content=\"Valpara\u00ed\u00adso Creativo\" \/>\n<meta property=\"article:published_time\" content=\"2024-09-16T14:25:09+00:00\" \/>\n<meta property=\"article:modified_time\" content=\"2024-09-16T14:25:26+00:00\" \/>\n<meta property=\"og:image\" content=\"https:\/\/dev.antudigital.cl\/sites\/vc\/wp-content\/uploads\/2024\/09\/RNTC-en-FIECA-2024-3.jpg\" \/>\n\t<meta property=\"og:image:width\" content=\"1280\" \/>\n\t<meta property=\"og:image:height\" content=\"960\" \/>\n\t<meta property=\"og:image:type\" content=\"image\/jpeg\" \/>\n<meta name=\"author\" content=\"Valpara\u00edso Creativo\" \/>\n<meta name=\"twitter:card\" content=\"summary_large_image\" \/>\n<meta name=\"twitter:label1\" content=\"Escrito por\" \/>\n\t<meta name=\"twitter:data1\" content=\"Valpara\u00edso Creativo\" \/>\n\t<meta name=\"twitter:label2\" content=\"Tiempo de lectura\" \/>\n\t<meta name=\"twitter:data2\" content=\"3 minutos\" \/>\n<script type=\"application\/ld+json\" class=\"yoast-schema-graph\">{\"@context\":\"https:\/\/schema.org\",\"@graph\":[{\"@type\":\"Article\",\"@id\":\"https:\/\/dev.antudigital.cl\/sites\/vc\/red-nacional-de-territorios-creativos-participa-en-foro-internacional-de-economia-creativa-en-uruguay\/#article\",\"isPartOf\":{\"@id\":\"https:\/\/dev.antudigital.cl\/sites\/vc\/red-nacional-de-territorios-creativos-participa-en-foro-internacional-de-economia-creativa-en-uruguay\/\"},\"author\":{\"name\":\"Valpara\u00edso Creativo\",\"@id\":\"https:\/\/dev.antudigital.cl\/sites\/vc\/#\/schema\/person\/c2b9da8dd545e27166fc5ab232837318\"},\"headline\":\"Red Nacional de Territorios Creativos participa en Foro Internacional de Econom\u00eda Creativa en Uruguay\",\"datePublished\":\"2024-09-16T14:25:09+00:00\",\"dateModified\":\"2024-09-16T14:25:26+00:00\",\"mainEntityOfPage\":{\"@id\":\"https:\/\/dev.antudigital.cl\/sites\/vc\/red-nacional-de-territorios-creativos-participa-en-foro-internacional-de-economia-creativa-en-uruguay\/\"},\"wordCount\":506,\"image\":{\"@id\":\"https:\/\/dev.antudigital.cl\/sites\/vc\/red-nacional-de-territorios-creativos-participa-en-foro-internacional-de-economia-creativa-en-uruguay\/#primaryimage\"},\"thumbnailUrl\":\"https:\/\/dev.antudigital.cl\/sites\/vc\/wp-content\/uploads\/2024\/09\/RNTC-en-FIECA-2024-3.jpg\",\"articleSection\":[\"Noticia\"],\"inLanguage\":\"es\"},{\"@type\":\"WebPage\",\"@id\":\"https:\/\/dev.antudigital.cl\/sites\/vc\/red-nacional-de-territorios-creativos-participa-en-foro-internacional-de-economia-creativa-en-uruguay\/\",\"url\":\"https:\/\/dev.antudigital.cl\/sites\/vc\/red-nacional-de-territorios-creativos-participa-en-foro-internacional-de-economia-creativa-en-uruguay\/\",\"name\":\"Red Nacional de Territorios Creativos participa en Foro Internacional de Econom\u00eda Creativa en Uruguay - Valpara\u00ed\u00adso Creativo\",\"isPartOf\":{\"@id\":\"https:\/\/dev.antudigital.cl\/sites\/vc\/#website\"},\"primaryImageOfPage\":{\"@id\":\"https:\/\/dev.antudigital.cl\/sites\/vc\/red-nacional-de-territorios-creativos-participa-en-foro-internacional-de-economia-creativa-en-uruguay\/#primaryimage\"},\"image\":{\"@id\":\"https:\/\/dev.antudigital.cl\/sites\/vc\/red-nacional-de-territorios-creativos-participa-en-foro-internacional-de-economia-creativa-en-uruguay\/#primaryimage\"},\"thumbnailUrl\":\"https:\/\/dev.antudigital.cl\/sites\/vc\/wp-content\/uploads\/2024\/09\/RNTC-en-FIECA-2024-3.jpg\",\"datePublished\":\"2024-09-16T14:25:09+00:00\",\"dateModified\":\"2024-09-16T14:25:26+00:00\",\"author\":{\"@id\":\"https:\/\/dev.antudigital.cl\/sites\/vc\/#\/schema\/person\/c2b9da8dd545e27166fc5ab232837318\"},\"breadcrumb\":{\"@id\":\"https:\/\/dev.antudigital.cl\/sites\/vc\/red-nacional-de-territorios-creativos-participa-en-foro-internacional-de-economia-creativa-en-uruguay\/#breadcrumb\"},\"inLanguage\":\"es\",\"potentialAction\":[{\"@type\":\"ReadAction\",\"target\":[\"https:\/\/dev.antudigital.cl\/sites\/vc\/red-nacional-de-territorios-creativos-participa-en-foro-internacional-de-economia-creativa-en-uruguay\/\"]}]},{\"@type\":\"ImageObject\",\"inLanguage\":\"es\",\"@id\":\"https:\/\/dev.antudigital.cl\/sites\/vc\/red-nacional-de-territorios-creativos-participa-en-foro-internacional-de-economia-creativa-en-uruguay\/#primaryimage\",\"url\":\"https:\/\/dev.antudigital.cl\/sites\/vc\/wp-content\/uploads\/2024\/09\/RNTC-en-FIECA-2024-3.jpg\",\"contentUrl\":\"https:\/\/dev.antudigital.cl\/sites\/vc\/wp-content\/uploads\/2024\/09\/RNTC-en-FIECA-2024-3.jpg\",\"width\":1280,\"height\":960},{\"@type\":\"BreadcrumbList\",\"@id\":\"https:\/\/dev.antudigital.cl\/sites\/vc\/red-nacional-de-territorios-creativos-participa-en-foro-internacional-de-economia-creativa-en-uruguay\/#breadcrumb\",\"itemListElement\":[{\"@type\":\"ListItem\",\"position\":1,\"name\":\"Home\",\"item\":\"https:\/\/dev.antudigital.cl\/sites\/vc\/\"},{\"@type\":\"ListItem\",\"position\":2,\"name\":\"Red Nacional de Territorios Creativos participa en Foro Internacional de Econom\u00eda Creativa en Uruguay\"}]},{\"@type\":\"WebSite\",\"@id\":\"https:\/\/dev.antudigital.cl\/sites\/vc\/#website\",\"url\":\"https:\/\/dev.antudigital.cl\/sites\/vc\/\",\"name\":\"Valpara\u00ed\u00adso Creativo\",\"description\":\"\",\"potentialAction\":[{\"@type\":\"SearchAction\",\"target\":{\"@type\":\"EntryPoint\",\"urlTemplate\":\"https:\/\/dev.antudigital.cl\/sites\/vc\/?s={search_term_string}\"},\"query-input\":{\"@type\":\"PropertyValueSpecification\",\"valueRequired\":true,\"valueName\":\"search_term_string\"}}],\"inLanguage\":\"es\"},{\"@type\":\"Person\",\"@id\":\"https:\/\/dev.antudigital.cl\/sites\/vc\/#\/schema\/person\/c2b9da8dd545e27166fc5ab232837318\",\"name\":\"Valpara\u00edso Creativo\",\"description\":\"Periodista de cultura en la Regi\u00f3n de Valpara\u00edso.\",\"url\":\"https:\/\/dev.antudigital.cl\/sites\/vc\/author\/valpoadmin\/\"}]}<\/script>\n<!-- \/ Yoast SEO plugin. -->","yoast_head_json":{"title":"Red Nacional de Territorios Creativos participa en Foro Internacional de Econom\u00eda Creativa en Uruguay - Valpara\u00ed\u00adso Creativo","robots":{"index":"index","follow":"follow","max-snippet":"max-snippet:-1","max-image-preview":"max-image-preview:large","max-video-preview":"max-video-preview:-1"},"canonical":"https:\/\/dev.antudigital.cl\/sites\/vc\/red-nacional-de-territorios-creativos-participa-en-foro-internacional-de-economia-creativa-en-uruguay\/","og_locale":"es_ES","og_type":"article","og_title":"Red Nacional de Territorios Creativos participa en Foro Internacional de Econom\u00eda Creativa en Uruguay - Valpara\u00ed\u00adso Creativo","og_description":"Integrantes de la Red Nacional de Territorios Creativos llegaron hasta Canelones en Uruguay donde esta semana se desarrolla el Foro Internacional de Econom\u00eda Creativa (FIECA) para participar en paneles sobre fortalecimiento territorial y ronda de negocios. El Foro Internacional de Econom\u00eda Creativa de Canelones, FIECA, en su edici\u00f3n 2024 se desarrolla entre el 29 y [&hellip;]","og_url":"https:\/\/dev.antudigital.cl\/sites\/vc\/red-nacional-de-territorios-creativos-participa-en-foro-internacional-de-economia-creativa-en-uruguay\/","og_site_name":"Valpara\u00ed\u00adso Creativo","article_published_time":"2024-09-16T14:25:09+00:00","article_modified_time":"2024-09-16T14:25:26+00:00","og_image":[{"width":1280,"height":960,"url":"https:\/\/dev.antudigital.cl\/sites\/vc\/wp-content\/uploads\/2024\/09\/RNTC-en-FIECA-2024-3.jpg","type":"image\/jpeg"}],"author":"Valpara\u00edso Creativo","twitter_card":"summary_large_image","twitter_misc":{"Escrito por":"Valpara\u00edso Creativo","Tiempo de lectura":"3 minutos"},"schema":{"@context":"https:\/\/schema.org","@graph":[{"@type":"Article","@id":"https:\/\/dev.antudigital.cl\/sites\/vc\/red-nacional-de-territorios-creativos-participa-en-foro-internacional-de-economia-creativa-en-uruguay\/#article","isPartOf":{"@id":"https:\/\/dev.antudigital.cl\/sites\/vc\/red-nacional-de-territorios-creativos-participa-en-foro-internacional-de-economia-creativa-en-uruguay\/"},"author":{"name":"Valpara\u00edso Creativo","@id":"https:\/\/dev.antudigital.cl\/sites\/vc\/#\/schema\/person\/c2b9da8dd545e27166fc5ab232837318"},"headline":"Red Nacional de Territorios Creativos participa en Foro Internacional de Econom\u00eda Creativa en Uruguay","datePublished":"2024-09-16T14:25:09+00:00","dateModified":"2024-09-16T14:25:26+00:00","mainEntityOfPage":{"@id":"https:\/\/dev.antudigital.cl\/sites\/vc\/red-nacional-de-territorios-creativos-participa-en-foro-internacional-de-economia-creativa-en-uruguay\/"},"wordCount":506,"image":{"@id":"https:\/\/dev.antudigital.cl\/sites\/vc\/red-nacional-de-territorios-creativos-participa-en-foro-internacional-de-economia-creativa-en-uruguay\/#primaryimage"},"thumbnailUrl":"https:\/\/dev.antudigital.cl\/sites\/vc\/wp-content\/uploads\/2024\/09\/RNTC-en-FIECA-2024-3.jpg","articleSection":["Noticia"],"inLanguage":"es"},{"@type":"WebPage","@id":"https:\/\/dev.antudigital.cl\/sites\/vc\/red-nacional-de-territorios-creativos-participa-en-foro-internacional-de-economia-creativa-en-uruguay\/","url":"https:\/\/dev.antudigital.cl\/sites\/vc\/red-nacional-de-territorios-creativos-participa-en-foro-internacional-de-economia-creativa-en-uruguay\/","name":"Red Nacional de Territorios Creativos participa en Foro Internacional de Econom\u00eda Creativa en Uruguay - Valpara\u00ed\u00adso Creativo","isPartOf":{"@id":"https:\/\/dev.antudigital.cl\/sites\/vc\/#website"},"primaryImageOfPage":{"@id":"https:\/\/dev.antudigital.cl\/sites\/vc\/red-nacional-de-territorios-creativos-participa-en-foro-internacional-de-economia-creativa-en-uruguay\/#primaryimage"},"image":{"@id":"https:\/\/dev.antudigital.cl\/sites\/vc\/red-nacional-de-territorios-creativos-participa-en-foro-internacional-de-economia-creativa-en-uruguay\/#primaryimage"},"thumbnailUrl":"https:\/\/dev.antudigital.cl\/sites\/vc\/wp-content\/uploads\/2024\/09\/RNTC-en-FIECA-2024-3.jpg","datePublished":"2024-09-16T14:25:09+00:00","dateModified":"2024-09-16T14:25:26+00:00","author":{"@id":"https:\/\/dev.antudigital.cl\/sites\/vc\/#\/schema\/person\/c2b9da8dd545e27166fc5ab232837318"},"breadcrumb":{"@id":"https:\/\/dev.antudigital.cl\/sites\/vc\/red-nacional-de-territorios-creativos-participa-en-foro-internacional-de-economia-creativa-en-uruguay\/#breadcrumb"},"inLanguage":"es","potentialAction":[{"@type":"ReadAction","target":["https:\/\/dev.antudigital.cl\/sites\/vc\/red-nacional-de-territorios-creativos-participa-en-foro-internacional-de-economia-creativa-en-uruguay\/"]}]},{"@type":"ImageObject","inLanguage":"es","@id":"https:\/\/dev.antudigital.cl\/sites\/vc\/red-nacional-de-territorios-creativos-participa-en-foro-internacional-de-economia-creativa-en-uruguay\/#primaryimage","url":"https:\/\/dev.antudigital.cl\/sites\/vc\/wp-content\/uploads\/2024\/09\/RNTC-en-FIECA-2024-3.jpg","contentUrl":"https:\/\/dev.antudigital.cl\/sites\/vc\/wp-content\/uploads\/2024\/09\/RNTC-en-FIECA-2024-3.jpg","width":1280,"height":960},{"@type":"BreadcrumbList","@id":"https:\/\/dev.antudigital.cl\/sites\/vc\/red-nacional-de-territorios-creativos-participa-en-foro-internacional-de-economia-creativa-en-uruguay\/#breadcrumb","itemListElement":[{"@type":"ListItem","position":1,"name":"Home","item":"https:\/\/dev.antudigital.cl\/sites\/vc\/"},{"@type":"ListItem","position":2,"name":"Red Nacional de Territorios Creativos participa en Foro Internacional de Econom\u00eda Creativa en Uruguay"}]},{"@type":"WebSite","@id":"https:\/\/dev.antudigital.cl\/sites\/vc\/#website","url":"https:\/\/dev.antudigital.cl\/sites\/vc\/","name":"Valpara\u00ed\u00adso Creativo","description":"","potentialAction":[{"@type":"SearchAction","target":{"@type":"EntryPoint","urlTemplate":"https:\/\/dev.antudigital.cl\/sites\/vc\/?s={search_term_string}"},"query-input":{"@type":"PropertyValueSpecification","valueRequired":true,"valueName":"search_term_string"}}],"inLanguage":"es"},{"@type":"Person","@id":"https:\/\/dev.antudigital.cl\/sites\/vc\/#\/schema\/person\/c2b9da8dd545e27166fc5ab232837318","name":"Valpara\u00edso Creativo","description":"Periodista de cultura en la Regi\u00f3n de Valpara\u00edso.","url":"https:\/\/dev.antudigital.cl\/sites\/vc\/author\/valpoadmin\/"}]}},"_links":{"self":[{"href":"https:\/\/dev.antudigital.cl\/sites\/vc\/wp-json\/wp\/v2\/posts\/20471","targetHints":{"allow":["GET"]}}],"collection":[{"href":"https:\/\/dev.antudigital.cl\/sites\/vc\/wp-json\/wp\/v2\/posts"}],"about":[{"href":"https:\/\/dev.antudigital.cl\/sites\/vc\/wp-json\/wp\/v2\/types\/post"}],"author":[{"embeddable":true,"href":"https:\/\/dev.antudigital.cl\/sites\/vc\/wp-json\/wp\/v2\/users\/1"}],"replies":[{"embeddable":true,"href":"https:\/\/dev.antudigital.cl\/sites\/vc\/wp-json\/wp\/v2\/comments?post=20471"}],"version-history":[{"count":1,"href":"https:\/\/dev.antudigital.cl\/sites\/vc\/wp-json\/wp\/v2\/posts\/20471\/revisions"}],"predecessor-version":[{"id":20474,"href":"https:\/\/dev.antudigital.cl\/sites\/vc\/wp-json\/wp\/v2\/posts\/20471\/revisions\/20474"}],"wp:featuredmedia":[{"embeddable":true,"href":"https:\/\/dev.antudigital.cl\/sites\/vc\/wp-json\/wp\/v2\/media\/20472"}],"wp:attachment":[{"href":"https:\/\/dev.antudigital.cl\/sites\/vc\/wp-json\/wp\/v2\/media?parent=20471"}],"wp:term":[{"taxonomy":"category","embeddable":true,"href":"https:\/\/dev.antudigital.cl\/sites\/vc\/wp-json\/wp\/v2\/categories?post=20471"},{"taxonomy":"post_tag","embeddable":true,"href":"https:\/\/dev.antudigital.cl\/sites\/vc\/wp-json\/wp\/v2\/tags?post=20471"}],"curies":[{"name":"wp","href":"https:\/\/api.w.org\/{rel}","templated":true}]}}