{"id":20475,"date":"2024-09-16T14:53:03","date_gmt":"2024-09-16T14:53:03","guid":{"rendered":"https:\/\/www.valparaisocreativo.cl\/?p=20475"},"modified":"2024-09-16T14:53:20","modified_gmt":"2024-09-16T14:53:20","slug":"documental-diario-de-un-hombre-a-la-deriva-se-estrenara-en-el-cine-arte-de-vina","status":"publish","type":"post","link":"https:\/\/dev.antudigital.cl\/sites\/vc\/documental-diario-de-un-hombre-a-la-deriva-se-estrenara-en-el-cine-arte-de-vina\/","title":{"rendered":"Documental \u00abDiario de un hombre a la deriva\u00bb se estrenar\u00e1 en el Cine Arte de Vi\u00f1a"},"content":{"rendered":"\n<p><strong>La pieza audiovisual que explora el desarraigo y la b\u00fasqueda de identidad en tiempos de conflicto tendr\u00e1 su Avant Premier el martes 24 de septiembre, a las 19:00 hrs.<\/strong><\/p>\n\n\n\n<p>\u00abDiario de un hombre a la deriva\u00bb, una pel\u00edcula documental dirigida por Jos\u00e9 Ib\u00e1\u00f1ez y producida por el cineasta y acad\u00e9mico de la Universidad Vi\u00f1a del Mar (UVM), Michel Toledo, ver\u00e1 la luz pr\u00f3ximamente gracias al financiamiento del Ministerio de las Culturas, las Artes y el Patrimonio en el cl\u00e1sico Cine Arte de la comuna vi\u00f1amarina. Este largometraje es una colaboraci\u00f3n entre T\u00f3tem Producciones y Oficio Ficci\u00f3n, en asociaci\u00f3n con R90 Lab, un laboratorio de creaci\u00f3n art\u00edstica e innovaci\u00f3n que es impulsado por la Escuela de Arquitectura, Comunicaci\u00f3n y Dise\u00f1o de esta casa de estudios.<\/p>\n\n\n\n<p>El productor, Michel Toledo, se\u00f1al\u00f3 que \u00abeste documental es el resultado de un proceso colaborativo que refleja las complejidades de ser un observador de la historia y de los conflictos sociales y las posturas que tomamos frente a estos acontecimientos desde nuestras miradas \u00fanicas y particulares. El apoyo del Ministerio de las Culturas, las Artes y el Patrimonio, junto con la producci\u00f3n de T\u00f3tem Producciones, Oficio Ficci\u00f3n y la colaboraci\u00f3n de R90 Lab, han sido fundamentales para hacer realidad esta visi\u00f3n. El trabajo en alianza es otro factor que debemos destacar, dado que esta creaci\u00f3n art\u00edstica cont\u00f3 con la participaci\u00f3n de estudiantes de la carrera de Cine y Comunicaci\u00f3n Audiovisual y del Mag\u00edster en Comunicaci\u00f3n Digital y Transmedia de la UVM, por lo tanto, estamos muy contentos de que se haya dado esa sinergia entre el pre y postgrado\u201d, sostuvo.<\/p>\n\n\n\n<p>La pel\u00edcula sigue a Jos\u00e9, un joven cineasta chileno que observa desde Argentina los dram\u00e1ticos eventos de la revoluci\u00f3n de Maidan en Ucrania entre 2014 y 2015. Impulsado por su conexi\u00f3n virtual con una blogger ucraniana, Jos\u00e9 decide viajar a Europa para conocerla y capturar im\u00e1genes de la revuelta. Sin embargo, al llegar se encuentra con una realidad inesperada: la blogger ha dejado de responder y la contienda se ha trasladado a la frontera con Rusia. Desorientado, Jos\u00e9 se traslada a Berl\u00edn, donde enfrenta nuevas incertidumbres personales y profesionales, cuando observa el nacimiento de un nuevo conflicto social, ahora en su propio pa\u00eds.<\/p>\n\n\n\n<p>Toledo adelanta pasajes de la historia indicando que \u201cen 2019, el protagonista (Jos\u00e9) se convierte nuevamente en un testigo distante, esta vez de la revoluci\u00f3n social en Chile, lo que lo lleva a registrar los acontecimientos desde la perspectiva de un observador externo. La pel\u00edcula culmina en 2022 con la invasi\u00f3n rusa a Ucrania, obligando a Jos\u00e9 a preguntarse si continuar\u00e1 siendo un espectador pasivo o tomar\u00e1 un papel m\u00e1s activo en la historia\u201d, acot\u00f3 el productor.<\/p>\n\n\n\n<p>Por otro lado, Jos\u00e9 Ib\u00e1\u00f1ez, director de la pel\u00edcula agreg\u00f3 que \u00abDiario de un hombre a la deriva\u201d es un espejo de c\u00f3mo la historia influye en las vidas individuales y c\u00f3mo, a su vez, las decisiones personales pueden impactar en el curso de los eventos. Espero que la pel\u00edcula inspire a los espectadores a reflexionar sobre su propio papel en la sociedad y en nuestra historia colectiva y global\u201d.<\/p>\n\n\n\n<p>La pel\u00edcula tuvo su estreno nacional en el festival de cine Sanfic y su estreno internacional en el festival de Florian\u00f3polis, donde ha tenido una gran recepci\u00f3n. Posterior a la avant premier, la pel\u00edcula se encontrar\u00e1 en cartelera a partir del 26 de septiembre en salas de cine seleccionadas del pa\u00eds.<\/p>\n\n\n\n<p>Esta pieza audiovisual- que se estrenar\u00e1 de manera gratuita- contar\u00e1 posteriormente a su exhibici\u00f3n con un foro exclusivo para los asistentes, quienes podr\u00e1n inscribirse para la Avant Premier <a href=\"https:\/\/docs.google.com\/forms\/d\/e\/1FAIpQLSdqywA_ZdezTZ-T_OQYYEyAeTiTw76LEBvYD1R5Zzu6Dv6v-w\/viewform?pli=1\">AQU\u00cd.<\/a><\/p>\n\n\n\n<figure class=\"wp-block-image size-large\"><img fetchpriority=\"high\" decoding=\"async\" width=\"1024\" height=\"732\" src=\"https:\/\/www.valparaisocreativo.cl\/wp-content\/uploads\/2024\/09\/DHD-Invitacion-avant-premier-1024x732.png\" alt=\"\" class=\"wp-image-20477\" srcset=\"https:\/\/dev.antudigital.cl\/sites\/vc\/wp-content\/uploads\/2024\/09\/DHD-Invitacion-avant-premier-1024x732.png 1024w, https:\/\/dev.antudigital.cl\/sites\/vc\/wp-content\/uploads\/2024\/09\/DHD-Invitacion-avant-premier-300x214.png 300w, https:\/\/dev.antudigital.cl\/sites\/vc\/wp-content\/uploads\/2024\/09\/DHD-Invitacion-avant-premier-768x549.png 768w, https:\/\/dev.antudigital.cl\/sites\/vc\/wp-content\/uploads\/2024\/09\/DHD-Invitacion-avant-premier-1536x1097.png 1536w, https:\/\/dev.antudigital.cl\/sites\/vc\/wp-content\/uploads\/2024\/09\/DHD-Invitacion-avant-premier-1080x772.png 1080w, https:\/\/dev.antudigital.cl\/sites\/vc\/wp-content\/uploads\/2024\/09\/DHD-Invitacion-avant-premier-1280x915.png 1280w, https:\/\/dev.antudigital.cl\/sites\/vc\/wp-content\/uploads\/2024\/09\/DHD-Invitacion-avant-premier-980x700.png 980w, https:\/\/dev.antudigital.cl\/sites\/vc\/wp-content\/uploads\/2024\/09\/DHD-Invitacion-avant-premier-480x343.png 480w, https:\/\/dev.antudigital.cl\/sites\/vc\/wp-content\/uploads\/2024\/09\/DHD-Invitacion-avant-premier-24x17.png 24w, https:\/\/dev.antudigital.cl\/sites\/vc\/wp-content\/uploads\/2024\/09\/DHD-Invitacion-avant-premier-36x26.png 36w, https:\/\/dev.antudigital.cl\/sites\/vc\/wp-content\/uploads\/2024\/09\/DHD-Invitacion-avant-premier-48x34.png 48w, https:\/\/dev.antudigital.cl\/sites\/vc\/wp-content\/uploads\/2024\/09\/DHD-Invitacion-avant-premier.png 2000w\" sizes=\"(max-width: 1024px) 100vw, 1024px\" \/><\/figure>\n\n\n\n<p>M\u00e1s informaci\u00f3n en <a href=\"https:\/\/www.totemproducciones.cl\/diario-de-un-hombre-a-la-deriva\">https:\/\/www.totemproducciones.cl\/diario-de-un-hombre-a-la-deriva<\/a><\/p>\n\n\n\n<p>Tr\u00e1iler de la pel\u00edcula:<\/p>\n\n\n\n<figure class=\"wp-block-embed is-type-video is-provider-youtube wp-block-embed-youtube wp-embed-aspect-16-9 wp-has-aspect-ratio\"><div class=\"wp-block-embed__wrapper\">\n<iframe title=\"Diario de un Hombre a la Deriva - Trailer\" width=\"800\" height=\"450\" src=\"https:\/\/www.youtube.com\/embed\/RPqSODJel6s?feature=oembed\" frameborder=\"0\" allow=\"accelerometer; autoplay; clipboard-write; encrypted-media; gyroscope; picture-in-picture; web-share\" referrerpolicy=\"strict-origin-when-cross-origin\" allowfullscreen><\/iframe>\n<\/div><\/figure>\n\n\n\n<p>Siga el desarrollo de \u00abDiario de un hombre a la deriva\u00bb en nuestras redes sociales y \u00fanase a la conversaci\u00f3n utilizando el hashtag #DiarioDeUnHombreALaDeriva. Puedes visitar nuestro Instagram en @totem_producciones.&nbsp;<\/p>\n","protected":false},"excerpt":{"rendered":"<p>La pieza audiovisual que explora el desarraigo y la b\u00fasqueda de identidad en tiempos de conflicto tendr\u00e1 su Avant Premier el martes 24 de septiembre, a las 19:00 hrs. \u00abDiario de un hombre a la deriva\u00bb, una pel\u00edcula documental dirigida por Jos\u00e9 Ib\u00e1\u00f1ez y producida por el cineasta y acad\u00e9mico de la Universidad Vi\u00f1a del [&hellip;]<\/p>\n","protected":false},"author":1,"featured_media":20476,"comment_status":"closed","ping_status":"closed","sticky":false,"template":"","format":"standard","meta":{"_acf_changed":false,"footnotes":""},"categories":[8],"tags":[],"class_list":["post-20475","post","type-post","status-publish","format-standard","has-post-thumbnail","hentry","category-noticia"],"acf":[],"yoast_head":"<!-- This site is optimized with the Yoast SEO plugin v27.1.1 - https:\/\/yoast.com\/product\/yoast-seo-wordpress\/ -->\n<title>Documental &quot;Diario de un hombre a la deriva&quot; se estrenar\u00e1 en el Cine Arte de Vi\u00f1a - Valpara\u00ed\u00adso Creativo<\/title>\n<meta name=\"robots\" content=\"index, follow, max-snippet:-1, max-image-preview:large, max-video-preview:-1\" \/>\n<link rel=\"canonical\" href=\"https:\/\/dev.antudigital.cl\/sites\/vc\/documental-diario-de-un-hombre-a-la-deriva-se-estrenara-en-el-cine-arte-de-vina\/\" \/>\n<meta property=\"og:locale\" content=\"es_ES\" \/>\n<meta property=\"og:type\" content=\"article\" \/>\n<meta property=\"og:title\" content=\"Documental &quot;Diario de un hombre a la deriva&quot; se estrenar\u00e1 en el Cine Arte de Vi\u00f1a - Valpara\u00ed\u00adso Creativo\" \/>\n<meta property=\"og:description\" content=\"La pieza audiovisual que explora el desarraigo y la b\u00fasqueda de identidad en tiempos de conflicto tendr\u00e1 su Avant Premier el martes 24 de septiembre, a las 19:00 hrs. \u00abDiario de un hombre a la deriva\u00bb, una pel\u00edcula documental dirigida por Jos\u00e9 Ib\u00e1\u00f1ez y producida por el cineasta y acad\u00e9mico de la Universidad Vi\u00f1a del [&hellip;]\" \/>\n<meta property=\"og:url\" content=\"https:\/\/dev.antudigital.cl\/sites\/vc\/documental-diario-de-un-hombre-a-la-deriva-se-estrenara-en-el-cine-arte-de-vina\/\" \/>\n<meta property=\"og:site_name\" content=\"Valpara\u00ed\u00adso Creativo\" \/>\n<meta property=\"article:published_time\" content=\"2024-09-16T14:53:03+00:00\" \/>\n<meta property=\"article:modified_time\" content=\"2024-09-16T14:53:20+00:00\" \/>\n<meta property=\"og:image\" content=\"https:\/\/dev.antudigital.cl\/sites\/vc\/wp-content\/uploads\/2024\/09\/DHD_Still-3.jpg\" \/>\n\t<meta property=\"og:image:width\" content=\"1920\" \/>\n\t<meta property=\"og:image:height\" content=\"1080\" \/>\n\t<meta property=\"og:image:type\" content=\"image\/jpeg\" \/>\n<meta name=\"author\" content=\"Valpara\u00edso Creativo\" \/>\n<meta name=\"twitter:card\" content=\"summary_large_image\" \/>\n<meta name=\"twitter:label1\" content=\"Escrito por\" \/>\n\t<meta name=\"twitter:data1\" content=\"Valpara\u00edso Creativo\" \/>\n\t<meta name=\"twitter:label2\" content=\"Tiempo de lectura\" \/>\n\t<meta name=\"twitter:data2\" content=\"4 minutos\" \/>\n<script type=\"application\/ld+json\" class=\"yoast-schema-graph\">{\"@context\":\"https:\/\/schema.org\",\"@graph\":[{\"@type\":\"Article\",\"@id\":\"https:\/\/dev.antudigital.cl\/sites\/vc\/documental-diario-de-un-hombre-a-la-deriva-se-estrenara-en-el-cine-arte-de-vina\/#article\",\"isPartOf\":{\"@id\":\"https:\/\/dev.antudigital.cl\/sites\/vc\/documental-diario-de-un-hombre-a-la-deriva-se-estrenara-en-el-cine-arte-de-vina\/\"},\"author\":{\"name\":\"Valpara\u00edso Creativo\",\"@id\":\"https:\/\/dev.antudigital.cl\/sites\/vc\/#\/schema\/person\/c2b9da8dd545e27166fc5ab232837318\"},\"headline\":\"Documental \u00abDiario de un hombre a la deriva\u00bb se estrenar\u00e1 en el Cine Arte de Vi\u00f1a\",\"datePublished\":\"2024-09-16T14:53:03+00:00\",\"dateModified\":\"2024-09-16T14:53:20+00:00\",\"mainEntityOfPage\":{\"@id\":\"https:\/\/dev.antudigital.cl\/sites\/vc\/documental-diario-de-un-hombre-a-la-deriva-se-estrenara-en-el-cine-arte-de-vina\/\"},\"wordCount\":714,\"image\":{\"@id\":\"https:\/\/dev.antudigital.cl\/sites\/vc\/documental-diario-de-un-hombre-a-la-deriva-se-estrenara-en-el-cine-arte-de-vina\/#primaryimage\"},\"thumbnailUrl\":\"https:\/\/dev.antudigital.cl\/sites\/vc\/wp-content\/uploads\/2024\/09\/DHD_Still-3.jpg\",\"articleSection\":[\"Noticia\"],\"inLanguage\":\"es\"},{\"@type\":\"WebPage\",\"@id\":\"https:\/\/dev.antudigital.cl\/sites\/vc\/documental-diario-de-un-hombre-a-la-deriva-se-estrenara-en-el-cine-arte-de-vina\/\",\"url\":\"https:\/\/dev.antudigital.cl\/sites\/vc\/documental-diario-de-un-hombre-a-la-deriva-se-estrenara-en-el-cine-arte-de-vina\/\",\"name\":\"Documental \\\"Diario de un hombre a la deriva\\\" se estrenar\u00e1 en el Cine Arte de Vi\u00f1a - Valpara\u00ed\u00adso Creativo\",\"isPartOf\":{\"@id\":\"https:\/\/dev.antudigital.cl\/sites\/vc\/#website\"},\"primaryImageOfPage\":{\"@id\":\"https:\/\/dev.antudigital.cl\/sites\/vc\/documental-diario-de-un-hombre-a-la-deriva-se-estrenara-en-el-cine-arte-de-vina\/#primaryimage\"},\"image\":{\"@id\":\"https:\/\/dev.antudigital.cl\/sites\/vc\/documental-diario-de-un-hombre-a-la-deriva-se-estrenara-en-el-cine-arte-de-vina\/#primaryimage\"},\"thumbnailUrl\":\"https:\/\/dev.antudigital.cl\/sites\/vc\/wp-content\/uploads\/2024\/09\/DHD_Still-3.jpg\",\"datePublished\":\"2024-09-16T14:53:03+00:00\",\"dateModified\":\"2024-09-16T14:53:20+00:00\",\"author\":{\"@id\":\"https:\/\/dev.antudigital.cl\/sites\/vc\/#\/schema\/person\/c2b9da8dd545e27166fc5ab232837318\"},\"breadcrumb\":{\"@id\":\"https:\/\/dev.antudigital.cl\/sites\/vc\/documental-diario-de-un-hombre-a-la-deriva-se-estrenara-en-el-cine-arte-de-vina\/#breadcrumb\"},\"inLanguage\":\"es\",\"potentialAction\":[{\"@type\":\"ReadAction\",\"target\":[\"https:\/\/dev.antudigital.cl\/sites\/vc\/documental-diario-de-un-hombre-a-la-deriva-se-estrenara-en-el-cine-arte-de-vina\/\"]}]},{\"@type\":\"ImageObject\",\"inLanguage\":\"es\",\"@id\":\"https:\/\/dev.antudigital.cl\/sites\/vc\/documental-diario-de-un-hombre-a-la-deriva-se-estrenara-en-el-cine-arte-de-vina\/#primaryimage\",\"url\":\"https:\/\/dev.antudigital.cl\/sites\/vc\/wp-content\/uploads\/2024\/09\/DHD_Still-3.jpg\",\"contentUrl\":\"https:\/\/dev.antudigital.cl\/sites\/vc\/wp-content\/uploads\/2024\/09\/DHD_Still-3.jpg\",\"width\":1920,\"height\":1080},{\"@type\":\"BreadcrumbList\",\"@id\":\"https:\/\/dev.antudigital.cl\/sites\/vc\/documental-diario-de-un-hombre-a-la-deriva-se-estrenara-en-el-cine-arte-de-vina\/#breadcrumb\",\"itemListElement\":[{\"@type\":\"ListItem\",\"position\":1,\"name\":\"Home\",\"item\":\"https:\/\/dev.antudigital.cl\/sites\/vc\/\"},{\"@type\":\"ListItem\",\"position\":2,\"name\":\"Documental \u00abDiario de un hombre a la deriva\u00bb se estrenar\u00e1 en el Cine Arte de Vi\u00f1a\"}]},{\"@type\":\"WebSite\",\"@id\":\"https:\/\/dev.antudigital.cl\/sites\/vc\/#website\",\"url\":\"https:\/\/dev.antudigital.cl\/sites\/vc\/\",\"name\":\"Valpara\u00ed\u00adso Creativo\",\"description\":\"\",\"potentialAction\":[{\"@type\":\"SearchAction\",\"target\":{\"@type\":\"EntryPoint\",\"urlTemplate\":\"https:\/\/dev.antudigital.cl\/sites\/vc\/?s={search_term_string}\"},\"query-input\":{\"@type\":\"PropertyValueSpecification\",\"valueRequired\":true,\"valueName\":\"search_term_string\"}}],\"inLanguage\":\"es\"},{\"@type\":\"Person\",\"@id\":\"https:\/\/dev.antudigital.cl\/sites\/vc\/#\/schema\/person\/c2b9da8dd545e27166fc5ab232837318\",\"name\":\"Valpara\u00edso Creativo\",\"description\":\"Periodista de cultura en la Regi\u00f3n de Valpara\u00edso.\",\"url\":\"https:\/\/dev.antudigital.cl\/sites\/vc\/author\/valpoadmin\/\"}]}<\/script>\n<!-- \/ Yoast SEO plugin. -->","yoast_head_json":{"title":"Documental \"Diario de un hombre a la deriva\" se estrenar\u00e1 en el Cine Arte de Vi\u00f1a - Valpara\u00ed\u00adso Creativo","robots":{"index":"index","follow":"follow","max-snippet":"max-snippet:-1","max-image-preview":"max-image-preview:large","max-video-preview":"max-video-preview:-1"},"canonical":"https:\/\/dev.antudigital.cl\/sites\/vc\/documental-diario-de-un-hombre-a-la-deriva-se-estrenara-en-el-cine-arte-de-vina\/","og_locale":"es_ES","og_type":"article","og_title":"Documental \"Diario de un hombre a la deriva\" se estrenar\u00e1 en el Cine Arte de Vi\u00f1a - Valpara\u00ed\u00adso Creativo","og_description":"La pieza audiovisual que explora el desarraigo y la b\u00fasqueda de identidad en tiempos de conflicto tendr\u00e1 su Avant Premier el martes 24 de septiembre, a las 19:00 hrs. \u00abDiario de un hombre a la deriva\u00bb, una pel\u00edcula documental dirigida por Jos\u00e9 Ib\u00e1\u00f1ez y producida por el cineasta y acad\u00e9mico de la Universidad Vi\u00f1a del [&hellip;]","og_url":"https:\/\/dev.antudigital.cl\/sites\/vc\/documental-diario-de-un-hombre-a-la-deriva-se-estrenara-en-el-cine-arte-de-vina\/","og_site_name":"Valpara\u00ed\u00adso Creativo","article_published_time":"2024-09-16T14:53:03+00:00","article_modified_time":"2024-09-16T14:53:20+00:00","og_image":[{"width":1920,"height":1080,"url":"https:\/\/dev.antudigital.cl\/sites\/vc\/wp-content\/uploads\/2024\/09\/DHD_Still-3.jpg","type":"image\/jpeg"}],"author":"Valpara\u00edso Creativo","twitter_card":"summary_large_image","twitter_misc":{"Escrito por":"Valpara\u00edso Creativo","Tiempo de lectura":"4 minutos"},"schema":{"@context":"https:\/\/schema.org","@graph":[{"@type":"Article","@id":"https:\/\/dev.antudigital.cl\/sites\/vc\/documental-diario-de-un-hombre-a-la-deriva-se-estrenara-en-el-cine-arte-de-vina\/#article","isPartOf":{"@id":"https:\/\/dev.antudigital.cl\/sites\/vc\/documental-diario-de-un-hombre-a-la-deriva-se-estrenara-en-el-cine-arte-de-vina\/"},"author":{"name":"Valpara\u00edso Creativo","@id":"https:\/\/dev.antudigital.cl\/sites\/vc\/#\/schema\/person\/c2b9da8dd545e27166fc5ab232837318"},"headline":"Documental \u00abDiario de un hombre a la deriva\u00bb se estrenar\u00e1 en el Cine Arte de Vi\u00f1a","datePublished":"2024-09-16T14:53:03+00:00","dateModified":"2024-09-16T14:53:20+00:00","mainEntityOfPage":{"@id":"https:\/\/dev.antudigital.cl\/sites\/vc\/documental-diario-de-un-hombre-a-la-deriva-se-estrenara-en-el-cine-arte-de-vina\/"},"wordCount":714,"image":{"@id":"https:\/\/dev.antudigital.cl\/sites\/vc\/documental-diario-de-un-hombre-a-la-deriva-se-estrenara-en-el-cine-arte-de-vina\/#primaryimage"},"thumbnailUrl":"https:\/\/dev.antudigital.cl\/sites\/vc\/wp-content\/uploads\/2024\/09\/DHD_Still-3.jpg","articleSection":["Noticia"],"inLanguage":"es"},{"@type":"WebPage","@id":"https:\/\/dev.antudigital.cl\/sites\/vc\/documental-diario-de-un-hombre-a-la-deriva-se-estrenara-en-el-cine-arte-de-vina\/","url":"https:\/\/dev.antudigital.cl\/sites\/vc\/documental-diario-de-un-hombre-a-la-deriva-se-estrenara-en-el-cine-arte-de-vina\/","name":"Documental \"Diario de un hombre a la deriva\" se estrenar\u00e1 en el Cine Arte de Vi\u00f1a - Valpara\u00ed\u00adso Creativo","isPartOf":{"@id":"https:\/\/dev.antudigital.cl\/sites\/vc\/#website"},"primaryImageOfPage":{"@id":"https:\/\/dev.antudigital.cl\/sites\/vc\/documental-diario-de-un-hombre-a-la-deriva-se-estrenara-en-el-cine-arte-de-vina\/#primaryimage"},"image":{"@id":"https:\/\/dev.antudigital.cl\/sites\/vc\/documental-diario-de-un-hombre-a-la-deriva-se-estrenara-en-el-cine-arte-de-vina\/#primaryimage"},"thumbnailUrl":"https:\/\/dev.antudigital.cl\/sites\/vc\/wp-content\/uploads\/2024\/09\/DHD_Still-3.jpg","datePublished":"2024-09-16T14:53:03+00:00","dateModified":"2024-09-16T14:53:20+00:00","author":{"@id":"https:\/\/dev.antudigital.cl\/sites\/vc\/#\/schema\/person\/c2b9da8dd545e27166fc5ab232837318"},"breadcrumb":{"@id":"https:\/\/dev.antudigital.cl\/sites\/vc\/documental-diario-de-un-hombre-a-la-deriva-se-estrenara-en-el-cine-arte-de-vina\/#breadcrumb"},"inLanguage":"es","potentialAction":[{"@type":"ReadAction","target":["https:\/\/dev.antudigital.cl\/sites\/vc\/documental-diario-de-un-hombre-a-la-deriva-se-estrenara-en-el-cine-arte-de-vina\/"]}]},{"@type":"ImageObject","inLanguage":"es","@id":"https:\/\/dev.antudigital.cl\/sites\/vc\/documental-diario-de-un-hombre-a-la-deriva-se-estrenara-en-el-cine-arte-de-vina\/#primaryimage","url":"https:\/\/dev.antudigital.cl\/sites\/vc\/wp-content\/uploads\/2024\/09\/DHD_Still-3.jpg","contentUrl":"https:\/\/dev.antudigital.cl\/sites\/vc\/wp-content\/uploads\/2024\/09\/DHD_Still-3.jpg","width":1920,"height":1080},{"@type":"BreadcrumbList","@id":"https:\/\/dev.antudigital.cl\/sites\/vc\/documental-diario-de-un-hombre-a-la-deriva-se-estrenara-en-el-cine-arte-de-vina\/#breadcrumb","itemListElement":[{"@type":"ListItem","position":1,"name":"Home","item":"https:\/\/dev.antudigital.cl\/sites\/vc\/"},{"@type":"ListItem","position":2,"name":"Documental \u00abDiario de un hombre a la deriva\u00bb se estrenar\u00e1 en el Cine Arte de Vi\u00f1a"}]},{"@type":"WebSite","@id":"https:\/\/dev.antudigital.cl\/sites\/vc\/#website","url":"https:\/\/dev.antudigital.cl\/sites\/vc\/","name":"Valpara\u00ed\u00adso Creativo","description":"","potentialAction":[{"@type":"SearchAction","target":{"@type":"EntryPoint","urlTemplate":"https:\/\/dev.antudigital.cl\/sites\/vc\/?s={search_term_string}"},"query-input":{"@type":"PropertyValueSpecification","valueRequired":true,"valueName":"search_term_string"}}],"inLanguage":"es"},{"@type":"Person","@id":"https:\/\/dev.antudigital.cl\/sites\/vc\/#\/schema\/person\/c2b9da8dd545e27166fc5ab232837318","name":"Valpara\u00edso Creativo","description":"Periodista de cultura en la Regi\u00f3n de Valpara\u00edso.","url":"https:\/\/dev.antudigital.cl\/sites\/vc\/author\/valpoadmin\/"}]}},"_links":{"self":[{"href":"https:\/\/dev.antudigital.cl\/sites\/vc\/wp-json\/wp\/v2\/posts\/20475","targetHints":{"allow":["GET"]}}],"collection":[{"href":"https:\/\/dev.antudigital.cl\/sites\/vc\/wp-json\/wp\/v2\/posts"}],"about":[{"href":"https:\/\/dev.antudigital.cl\/sites\/vc\/wp-json\/wp\/v2\/types\/post"}],"author":[{"embeddable":true,"href":"https:\/\/dev.antudigital.cl\/sites\/vc\/wp-json\/wp\/v2\/users\/1"}],"replies":[{"embeddable":true,"href":"https:\/\/dev.antudigital.cl\/sites\/vc\/wp-json\/wp\/v2\/comments?post=20475"}],"version-history":[{"count":1,"href":"https:\/\/dev.antudigital.cl\/sites\/vc\/wp-json\/wp\/v2\/posts\/20475\/revisions"}],"predecessor-version":[{"id":20478,"href":"https:\/\/dev.antudigital.cl\/sites\/vc\/wp-json\/wp\/v2\/posts\/20475\/revisions\/20478"}],"wp:featuredmedia":[{"embeddable":true,"href":"https:\/\/dev.antudigital.cl\/sites\/vc\/wp-json\/wp\/v2\/media\/20476"}],"wp:attachment":[{"href":"https:\/\/dev.antudigital.cl\/sites\/vc\/wp-json\/wp\/v2\/media?parent=20475"}],"wp:term":[{"taxonomy":"category","embeddable":true,"href":"https:\/\/dev.antudigital.cl\/sites\/vc\/wp-json\/wp\/v2\/categories?post=20475"},{"taxonomy":"post_tag","embeddable":true,"href":"https:\/\/dev.antudigital.cl\/sites\/vc\/wp-json\/wp\/v2\/tags?post=20475"}],"curies":[{"name":"wp","href":"https:\/\/api.w.org\/{rel}","templated":true}]}}