{"id":20479,"date":"2024-09-16T14:57:00","date_gmt":"2024-09-16T14:57:00","guid":{"rendered":"https:\/\/www.valparaisocreativo.cl\/?p=20479"},"modified":"2024-09-16T14:57:47","modified_gmt":"2024-09-16T14:57:47","slug":"2do-encuentro-de-red-nacional-de-territorios-creativos","status":"publish","type":"post","link":"https:\/\/dev.antudigital.cl\/sites\/vc\/2do-encuentro-de-red-nacional-de-territorios-creativos\/","title":{"rendered":"2do\u00a0Encuentro de Red Nacional de Territorios Creativos"},"content":{"rendered":"\n<p>Te invitamos a participar en el 2do Encuentro de la Red Nacional de Territorios Creativos, que se llevar\u00e1 a cabo el<strong>\u00a0jueves 26 de septiembre a las 12:00 horas.<\/strong>\u00a0<\/p>\n\n\n\n<p>Esta edici\u00f3n contar\u00e1 con la participaci\u00f3n de Victoria Contreras, fundadora de Conecta Cultura, quien discutir\u00e1 el impacto de la econom\u00eda creativa en el desarrollo sostenible de los territorios. <\/p>\n\n\n\n<p>Puedes inscribirte ingresando a\u00a0<strong><a href=\"https:\/\/substack.com\/redirect\/2c471a45-9cb8-4b8a-939c-f3925da6e6f8?j=eyJ1IjoiNGJndnRjIn0.y9bv1nbl3oGTT8TDq8kZ8BAtL5koxzFK2Ar7hS4VRnY\" target=\"_blank\" rel=\"noreferrer noopener\">este link.<\/a><\/strong><\/p>\n\n\n\n<figure class=\"wp-block-image size-large\"><img fetchpriority=\"high\" decoding=\"async\" width=\"1024\" height=\"1024\" src=\"https:\/\/www.valparaisocreativo.cl\/wp-content\/uploads\/2024\/09\/unnamed-1024x1024.jpg\" alt=\"\" class=\"wp-image-20480\" srcset=\"https:\/\/dev.antudigital.cl\/sites\/vc\/wp-content\/uploads\/2024\/09\/unnamed-1024x1024.jpg 1024w, https:\/\/dev.antudigital.cl\/sites\/vc\/wp-content\/uploads\/2024\/09\/unnamed-300x300.jpg 300w, https:\/\/dev.antudigital.cl\/sites\/vc\/wp-content\/uploads\/2024\/09\/unnamed-150x150.jpg 150w, https:\/\/dev.antudigital.cl\/sites\/vc\/wp-content\/uploads\/2024\/09\/unnamed-768x768.jpg 768w, https:\/\/dev.antudigital.cl\/sites\/vc\/wp-content\/uploads\/2024\/09\/unnamed-980x980.jpg 980w, https:\/\/dev.antudigital.cl\/sites\/vc\/wp-content\/uploads\/2024\/09\/unnamed-480x480.jpg 480w, https:\/\/dev.antudigital.cl\/sites\/vc\/wp-content\/uploads\/2024\/09\/unnamed-24x24.jpg 24w, https:\/\/dev.antudigital.cl\/sites\/vc\/wp-content\/uploads\/2024\/09\/unnamed-36x36.jpg 36w, https:\/\/dev.antudigital.cl\/sites\/vc\/wp-content\/uploads\/2024\/09\/unnamed-48x48.jpg 48w, https:\/\/dev.antudigital.cl\/sites\/vc\/wp-content\/uploads\/2024\/09\/unnamed.jpg 1080w\" sizes=\"(max-width: 1024px) 100vw, 1024px\" \/><\/figure>\n","protected":false},"excerpt":{"rendered":"<p>Te invitamos a participar en el 2do Encuentro de la Red Nacional de Territorios Creativos, que se llevar\u00e1 a cabo el\u00a0jueves 26 de septiembre a las 12:00 horas.\u00a0 Esta edici\u00f3n contar\u00e1 con la participaci\u00f3n de Victoria Contreras, fundadora de Conecta Cultura, quien discutir\u00e1 el impacto de la econom\u00eda creativa en el desarrollo sostenible de los [&hellip;]<\/p>\n","protected":false},"author":1,"featured_media":20481,"comment_status":"closed","ping_status":"closed","sticky":false,"template":"","format":"standard","meta":{"_acf_changed":false,"footnotes":""},"categories":[8],"tags":[],"class_list":["post-20479","post","type-post","status-publish","format-standard","has-post-thumbnail","hentry","category-noticia"],"acf":[],"yoast_head":"<!-- This site is optimized with the Yoast SEO plugin v27.1.1 - https:\/\/yoast.com\/product\/yoast-seo-wordpress\/ -->\n<title>2do\u00a0Encuentro de Red Nacional de Territorios Creativos - Valpara\u00ed\u00adso Creativo<\/title>\n<meta name=\"robots\" content=\"index, follow, max-snippet:-1, max-image-preview:large, max-video-preview:-1\" \/>\n<link rel=\"canonical\" href=\"https:\/\/dev.antudigital.cl\/sites\/vc\/2do-encuentro-de-red-nacional-de-territorios-creativos\/\" \/>\n<meta property=\"og:locale\" content=\"es_ES\" \/>\n<meta property=\"og:type\" content=\"article\" \/>\n<meta property=\"og:title\" content=\"2do\u00a0Encuentro de Red Nacional de Territorios Creativos - Valpara\u00ed\u00adso Creativo\" \/>\n<meta property=\"og:description\" content=\"Te invitamos a participar en el 2do Encuentro de la Red Nacional de Territorios Creativos, que se llevar\u00e1 a cabo el\u00a0jueves 26 de septiembre a las 12:00 horas.\u00a0 Esta edici\u00f3n contar\u00e1 con la participaci\u00f3n de Victoria Contreras, fundadora de Conecta Cultura, quien discutir\u00e1 el impacto de la econom\u00eda creativa en el desarrollo sostenible de los [&hellip;]\" \/>\n<meta property=\"og:url\" content=\"https:\/\/dev.antudigital.cl\/sites\/vc\/2do-encuentro-de-red-nacional-de-territorios-creativos\/\" \/>\n<meta property=\"og:site_name\" content=\"Valpara\u00ed\u00adso Creativo\" \/>\n<meta property=\"article:published_time\" content=\"2024-09-16T14:57:00+00:00\" \/>\n<meta property=\"article:modified_time\" content=\"2024-09-16T14:57:47+00:00\" \/>\n<meta property=\"og:image\" content=\"https:\/\/dev.antudigital.cl\/sites\/vc\/wp-content\/uploads\/2024\/09\/Captura-de-Pantalla-2024-09-16-a-las-11.56.23.png\" \/>\n\t<meta property=\"og:image:width\" content=\"628\" \/>\n\t<meta property=\"og:image:height\" content=\"357\" \/>\n\t<meta property=\"og:image:type\" content=\"image\/png\" \/>\n<meta name=\"author\" content=\"Valpara\u00edso Creativo\" \/>\n<meta name=\"twitter:card\" content=\"summary_large_image\" \/>\n<meta name=\"twitter:label1\" content=\"Escrito por\" \/>\n\t<meta name=\"twitter:data1\" content=\"Valpara\u00edso Creativo\" \/>\n\t<meta name=\"twitter:label2\" content=\"Tiempo de lectura\" \/>\n\t<meta name=\"twitter:data2\" content=\"1 minuto\" \/>\n<script type=\"application\/ld+json\" class=\"yoast-schema-graph\">{\"@context\":\"https:\/\/schema.org\",\"@graph\":[{\"@type\":\"Article\",\"@id\":\"https:\/\/dev.antudigital.cl\/sites\/vc\/2do-encuentro-de-red-nacional-de-territorios-creativos\/#article\",\"isPartOf\":{\"@id\":\"https:\/\/dev.antudigital.cl\/sites\/vc\/2do-encuentro-de-red-nacional-de-territorios-creativos\/\"},\"author\":{\"name\":\"Valpara\u00edso Creativo\",\"@id\":\"https:\/\/dev.antudigital.cl\/sites\/vc\/#\/schema\/person\/c2b9da8dd545e27166fc5ab232837318\"},\"headline\":\"2do\u00a0Encuentro de Red Nacional de Territorios Creativos\",\"datePublished\":\"2024-09-16T14:57:00+00:00\",\"dateModified\":\"2024-09-16T14:57:47+00:00\",\"mainEntityOfPage\":{\"@id\":\"https:\/\/dev.antudigital.cl\/sites\/vc\/2do-encuentro-de-red-nacional-de-territorios-creativos\/\"},\"wordCount\":72,\"image\":{\"@id\":\"https:\/\/dev.antudigital.cl\/sites\/vc\/2do-encuentro-de-red-nacional-de-territorios-creativos\/#primaryimage\"},\"thumbnailUrl\":\"https:\/\/dev.antudigital.cl\/sites\/vc\/wp-content\/uploads\/2024\/09\/Captura-de-Pantalla-2024-09-16-a-las-11.56.23.png\",\"articleSection\":[\"Noticia\"],\"inLanguage\":\"es\"},{\"@type\":\"WebPage\",\"@id\":\"https:\/\/dev.antudigital.cl\/sites\/vc\/2do-encuentro-de-red-nacional-de-territorios-creativos\/\",\"url\":\"https:\/\/dev.antudigital.cl\/sites\/vc\/2do-encuentro-de-red-nacional-de-territorios-creativos\/\",\"name\":\"2do\u00a0Encuentro de Red Nacional de Territorios Creativos - Valpara\u00ed\u00adso Creativo\",\"isPartOf\":{\"@id\":\"https:\/\/dev.antudigital.cl\/sites\/vc\/#website\"},\"primaryImageOfPage\":{\"@id\":\"https:\/\/dev.antudigital.cl\/sites\/vc\/2do-encuentro-de-red-nacional-de-territorios-creativos\/#primaryimage\"},\"image\":{\"@id\":\"https:\/\/dev.antudigital.cl\/sites\/vc\/2do-encuentro-de-red-nacional-de-territorios-creativos\/#primaryimage\"},\"thumbnailUrl\":\"https:\/\/dev.antudigital.cl\/sites\/vc\/wp-content\/uploads\/2024\/09\/Captura-de-Pantalla-2024-09-16-a-las-11.56.23.png\",\"datePublished\":\"2024-09-16T14:57:00+00:00\",\"dateModified\":\"2024-09-16T14:57:47+00:00\",\"author\":{\"@id\":\"https:\/\/dev.antudigital.cl\/sites\/vc\/#\/schema\/person\/c2b9da8dd545e27166fc5ab232837318\"},\"breadcrumb\":{\"@id\":\"https:\/\/dev.antudigital.cl\/sites\/vc\/2do-encuentro-de-red-nacional-de-territorios-creativos\/#breadcrumb\"},\"inLanguage\":\"es\",\"potentialAction\":[{\"@type\":\"ReadAction\",\"target\":[\"https:\/\/dev.antudigital.cl\/sites\/vc\/2do-encuentro-de-red-nacional-de-territorios-creativos\/\"]}]},{\"@type\":\"ImageObject\",\"inLanguage\":\"es\",\"@id\":\"https:\/\/dev.antudigital.cl\/sites\/vc\/2do-encuentro-de-red-nacional-de-territorios-creativos\/#primaryimage\",\"url\":\"https:\/\/dev.antudigital.cl\/sites\/vc\/wp-content\/uploads\/2024\/09\/Captura-de-Pantalla-2024-09-16-a-las-11.56.23.png\",\"contentUrl\":\"https:\/\/dev.antudigital.cl\/sites\/vc\/wp-content\/uploads\/2024\/09\/Captura-de-Pantalla-2024-09-16-a-las-11.56.23.png\",\"width\":628,\"height\":357},{\"@type\":\"BreadcrumbList\",\"@id\":\"https:\/\/dev.antudigital.cl\/sites\/vc\/2do-encuentro-de-red-nacional-de-territorios-creativos\/#breadcrumb\",\"itemListElement\":[{\"@type\":\"ListItem\",\"position\":1,\"name\":\"Home\",\"item\":\"https:\/\/dev.antudigital.cl\/sites\/vc\/\"},{\"@type\":\"ListItem\",\"position\":2,\"name\":\"2do\u00a0Encuentro de Red Nacional de Territorios Creativos\"}]},{\"@type\":\"WebSite\",\"@id\":\"https:\/\/dev.antudigital.cl\/sites\/vc\/#website\",\"url\":\"https:\/\/dev.antudigital.cl\/sites\/vc\/\",\"name\":\"Valpara\u00ed\u00adso Creativo\",\"description\":\"\",\"potentialAction\":[{\"@type\":\"SearchAction\",\"target\":{\"@type\":\"EntryPoint\",\"urlTemplate\":\"https:\/\/dev.antudigital.cl\/sites\/vc\/?s={search_term_string}\"},\"query-input\":{\"@type\":\"PropertyValueSpecification\",\"valueRequired\":true,\"valueName\":\"search_term_string\"}}],\"inLanguage\":\"es\"},{\"@type\":\"Person\",\"@id\":\"https:\/\/dev.antudigital.cl\/sites\/vc\/#\/schema\/person\/c2b9da8dd545e27166fc5ab232837318\",\"name\":\"Valpara\u00edso Creativo\",\"description\":\"Periodista de cultura en la Regi\u00f3n de Valpara\u00edso.\",\"url\":\"https:\/\/dev.antudigital.cl\/sites\/vc\/author\/valpoadmin\/\"}]}<\/script>\n<!-- \/ Yoast SEO plugin. -->","yoast_head_json":{"title":"2do\u00a0Encuentro de Red Nacional de Territorios Creativos - Valpara\u00ed\u00adso Creativo","robots":{"index":"index","follow":"follow","max-snippet":"max-snippet:-1","max-image-preview":"max-image-preview:large","max-video-preview":"max-video-preview:-1"},"canonical":"https:\/\/dev.antudigital.cl\/sites\/vc\/2do-encuentro-de-red-nacional-de-territorios-creativos\/","og_locale":"es_ES","og_type":"article","og_title":"2do\u00a0Encuentro de Red Nacional de Territorios Creativos - Valpara\u00ed\u00adso Creativo","og_description":"Te invitamos a participar en el 2do Encuentro de la Red Nacional de Territorios Creativos, que se llevar\u00e1 a cabo el\u00a0jueves 26 de septiembre a las 12:00 horas.\u00a0 Esta edici\u00f3n contar\u00e1 con la participaci\u00f3n de Victoria Contreras, fundadora de Conecta Cultura, quien discutir\u00e1 el impacto de la econom\u00eda creativa en el desarrollo sostenible de los [&hellip;]","og_url":"https:\/\/dev.antudigital.cl\/sites\/vc\/2do-encuentro-de-red-nacional-de-territorios-creativos\/","og_site_name":"Valpara\u00ed\u00adso Creativo","article_published_time":"2024-09-16T14:57:00+00:00","article_modified_time":"2024-09-16T14:57:47+00:00","og_image":[{"width":628,"height":357,"url":"https:\/\/dev.antudigital.cl\/sites\/vc\/wp-content\/uploads\/2024\/09\/Captura-de-Pantalla-2024-09-16-a-las-11.56.23.png","type":"image\/png"}],"author":"Valpara\u00edso Creativo","twitter_card":"summary_large_image","twitter_misc":{"Escrito por":"Valpara\u00edso Creativo","Tiempo de lectura":"1 minuto"},"schema":{"@context":"https:\/\/schema.org","@graph":[{"@type":"Article","@id":"https:\/\/dev.antudigital.cl\/sites\/vc\/2do-encuentro-de-red-nacional-de-territorios-creativos\/#article","isPartOf":{"@id":"https:\/\/dev.antudigital.cl\/sites\/vc\/2do-encuentro-de-red-nacional-de-territorios-creativos\/"},"author":{"name":"Valpara\u00edso Creativo","@id":"https:\/\/dev.antudigital.cl\/sites\/vc\/#\/schema\/person\/c2b9da8dd545e27166fc5ab232837318"},"headline":"2do\u00a0Encuentro de Red Nacional de Territorios Creativos","datePublished":"2024-09-16T14:57:00+00:00","dateModified":"2024-09-16T14:57:47+00:00","mainEntityOfPage":{"@id":"https:\/\/dev.antudigital.cl\/sites\/vc\/2do-encuentro-de-red-nacional-de-territorios-creativos\/"},"wordCount":72,"image":{"@id":"https:\/\/dev.antudigital.cl\/sites\/vc\/2do-encuentro-de-red-nacional-de-territorios-creativos\/#primaryimage"},"thumbnailUrl":"https:\/\/dev.antudigital.cl\/sites\/vc\/wp-content\/uploads\/2024\/09\/Captura-de-Pantalla-2024-09-16-a-las-11.56.23.png","articleSection":["Noticia"],"inLanguage":"es"},{"@type":"WebPage","@id":"https:\/\/dev.antudigital.cl\/sites\/vc\/2do-encuentro-de-red-nacional-de-territorios-creativos\/","url":"https:\/\/dev.antudigital.cl\/sites\/vc\/2do-encuentro-de-red-nacional-de-territorios-creativos\/","name":"2do\u00a0Encuentro de Red Nacional de Territorios Creativos - Valpara\u00ed\u00adso Creativo","isPartOf":{"@id":"https:\/\/dev.antudigital.cl\/sites\/vc\/#website"},"primaryImageOfPage":{"@id":"https:\/\/dev.antudigital.cl\/sites\/vc\/2do-encuentro-de-red-nacional-de-territorios-creativos\/#primaryimage"},"image":{"@id":"https:\/\/dev.antudigital.cl\/sites\/vc\/2do-encuentro-de-red-nacional-de-territorios-creativos\/#primaryimage"},"thumbnailUrl":"https:\/\/dev.antudigital.cl\/sites\/vc\/wp-content\/uploads\/2024\/09\/Captura-de-Pantalla-2024-09-16-a-las-11.56.23.png","datePublished":"2024-09-16T14:57:00+00:00","dateModified":"2024-09-16T14:57:47+00:00","author":{"@id":"https:\/\/dev.antudigital.cl\/sites\/vc\/#\/schema\/person\/c2b9da8dd545e27166fc5ab232837318"},"breadcrumb":{"@id":"https:\/\/dev.antudigital.cl\/sites\/vc\/2do-encuentro-de-red-nacional-de-territorios-creativos\/#breadcrumb"},"inLanguage":"es","potentialAction":[{"@type":"ReadAction","target":["https:\/\/dev.antudigital.cl\/sites\/vc\/2do-encuentro-de-red-nacional-de-territorios-creativos\/"]}]},{"@type":"ImageObject","inLanguage":"es","@id":"https:\/\/dev.antudigital.cl\/sites\/vc\/2do-encuentro-de-red-nacional-de-territorios-creativos\/#primaryimage","url":"https:\/\/dev.antudigital.cl\/sites\/vc\/wp-content\/uploads\/2024\/09\/Captura-de-Pantalla-2024-09-16-a-las-11.56.23.png","contentUrl":"https:\/\/dev.antudigital.cl\/sites\/vc\/wp-content\/uploads\/2024\/09\/Captura-de-Pantalla-2024-09-16-a-las-11.56.23.png","width":628,"height":357},{"@type":"BreadcrumbList","@id":"https:\/\/dev.antudigital.cl\/sites\/vc\/2do-encuentro-de-red-nacional-de-territorios-creativos\/#breadcrumb","itemListElement":[{"@type":"ListItem","position":1,"name":"Home","item":"https:\/\/dev.antudigital.cl\/sites\/vc\/"},{"@type":"ListItem","position":2,"name":"2do\u00a0Encuentro de Red Nacional de Territorios Creativos"}]},{"@type":"WebSite","@id":"https:\/\/dev.antudigital.cl\/sites\/vc\/#website","url":"https:\/\/dev.antudigital.cl\/sites\/vc\/","name":"Valpara\u00ed\u00adso Creativo","description":"","potentialAction":[{"@type":"SearchAction","target":{"@type":"EntryPoint","urlTemplate":"https:\/\/dev.antudigital.cl\/sites\/vc\/?s={search_term_string}"},"query-input":{"@type":"PropertyValueSpecification","valueRequired":true,"valueName":"search_term_string"}}],"inLanguage":"es"},{"@type":"Person","@id":"https:\/\/dev.antudigital.cl\/sites\/vc\/#\/schema\/person\/c2b9da8dd545e27166fc5ab232837318","name":"Valpara\u00edso Creativo","description":"Periodista de cultura en la Regi\u00f3n de Valpara\u00edso.","url":"https:\/\/dev.antudigital.cl\/sites\/vc\/author\/valpoadmin\/"}]}},"_links":{"self":[{"href":"https:\/\/dev.antudigital.cl\/sites\/vc\/wp-json\/wp\/v2\/posts\/20479","targetHints":{"allow":["GET"]}}],"collection":[{"href":"https:\/\/dev.antudigital.cl\/sites\/vc\/wp-json\/wp\/v2\/posts"}],"about":[{"href":"https:\/\/dev.antudigital.cl\/sites\/vc\/wp-json\/wp\/v2\/types\/post"}],"author":[{"embeddable":true,"href":"https:\/\/dev.antudigital.cl\/sites\/vc\/wp-json\/wp\/v2\/users\/1"}],"replies":[{"embeddable":true,"href":"https:\/\/dev.antudigital.cl\/sites\/vc\/wp-json\/wp\/v2\/comments?post=20479"}],"version-history":[{"count":2,"href":"https:\/\/dev.antudigital.cl\/sites\/vc\/wp-json\/wp\/v2\/posts\/20479\/revisions"}],"predecessor-version":[{"id":20483,"href":"https:\/\/dev.antudigital.cl\/sites\/vc\/wp-json\/wp\/v2\/posts\/20479\/revisions\/20483"}],"wp:featuredmedia":[{"embeddable":true,"href":"https:\/\/dev.antudigital.cl\/sites\/vc\/wp-json\/wp\/v2\/media\/20481"}],"wp:attachment":[{"href":"https:\/\/dev.antudigital.cl\/sites\/vc\/wp-json\/wp\/v2\/media?parent=20479"}],"wp:term":[{"taxonomy":"category","embeddable":true,"href":"https:\/\/dev.antudigital.cl\/sites\/vc\/wp-json\/wp\/v2\/categories?post=20479"},{"taxonomy":"post_tag","embeddable":true,"href":"https:\/\/dev.antudigital.cl\/sites\/vc\/wp-json\/wp\/v2\/tags?post=20479"}],"curies":[{"name":"wp","href":"https:\/\/api.w.org\/{rel}","templated":true}]}}