{"id":20527,"date":"2024-09-23T18:18:55","date_gmt":"2024-09-23T18:18:55","guid":{"rendered":"https:\/\/www.valparaisocreativo.cl\/?p=20527"},"modified":"2024-09-23T18:19:15","modified_gmt":"2024-09-23T18:19:15","slug":"coro-de-camara-upla-se-presenta-en-insomnia-teatro-condell-en-funcion-especial-y-gratuita-para-adultos-mayores","status":"publish","type":"post","link":"https:\/\/dev.antudigital.cl\/sites\/vc\/coro-de-camara-upla-se-presenta-en-insomnia-teatro-condell-en-funcion-especial-y-gratuita-para-adultos-mayores\/","title":{"rendered":"Coro de C\u00e1mara UPLA se presenta en Insomnia Teatro Condell en funci\u00f3n especial y gratuita para adultos mayores"},"content":{"rendered":"\n<p>El pr\u00f3ximo martes 24 de septiembre, Insomnia Teatro Condell realizar\u00e1 una funci\u00f3n especial en la que tendr\u00e1 una presentaci\u00f3n el Coro de C\u00e1mara de la Universidad de Playa Ancha, en una instancia enfocada en las personas mayores a trav\u00e9s del visionado de la pel\u00edcula \u201cLa novia del desierto\u201d (Argentina, 2017) de Cecilia At\u00e1n, Valeria Pivato.<\/p>\n\n\n\n<p>Se trata de una exhibici\u00f3n que se enmarca en el ciclo de \u201cEspectadores con experiencia\u201d para personas de 60 a\u00f1os en adelante, cuyo segundo m\u00f3dulo es \u201cRepresentaciones femeninas\u201d, donde coincide esta obra protagonizada por la actriz nacional Paulina Garc\u00eda. Ella encarna a Teresa, cuya vida comienza a cambiar tras la decisi\u00f3n de sus patrones de vender la casa en la que ha vivido y trabajado por a\u00f1os.&nbsp;<\/p>\n\n\n\n<p>Adem\u00e1s, como resultado de una reciente alianza entre la Direcci\u00f3n General de Vinculaci\u00f3n con el Medio de la Universidad de Playa Ancha e Insomnia Teatro Condell, previo a esta funci\u00f3n se generar\u00e1 una breve muestra musical por parte del Coro de C\u00e1mara de la misma casa de estudios.<\/p>\n\n\n\n<p>Este Coro lleva 48 a\u00f1os en funcionamiento, teniendo sus inicios en lo que fue la Universidad de Chile sede Valpara\u00edso. As\u00ed se ha mantenido hasta la actualidad, integrado siempre de manera interdisciplinaria, conviviendo en su conformaci\u00f3n estudiantes de diversas carreras, quienes brindar\u00e1n un momento musical para complementar la exhibici\u00f3n de la pel\u00edcula.<\/p>\n\n\n\n<p>Por otra parte, se espera anunciar nuevas fechas, ya que la nueva alianza entre ambas entidades visualiza 2 o 3 presentaciones en distintos visionados de la sala. Este convenio de colaboraci\u00f3n fue anunciado hace unas semanas, en la cual mediante el C\u00edrculo de Amigos del Teatro Condell se acord\u00f3 la promoci\u00f3n de la educaci\u00f3n, cultura, innovaci\u00f3n social y creaci\u00f3n art\u00edstica, as\u00ed como tambi\u00e9n entregar beneficios a la comunidad de egresados y egresadas de la UPLA.<\/p>\n\n\n\n<p>Dentro de las acciones acordadas, se establecieron estas fechas que buscan integrar a diversos elencos art\u00edstico-culturales de la Universidad de Playa Ancha en exhibiciones cinematogr\u00e1ficas de INSOMNIA. En este sentido, se han seleccionado algunas funciones como la de \u201cEspectadores con experiencia\u201d para integrar este elemento cultural extra y entregar una din\u00e1mica nueva a los y las asistentes que participan de este ciclo.<\/p>\n\n\n\n<figure class=\"wp-block-image size-large\"><img fetchpriority=\"high\" decoding=\"async\" width=\"1024\" height=\"1024\" src=\"https:\/\/www.valparaisocreativo.cl\/wp-content\/uploads\/2024\/09\/WhatsApp-Image-2024-09-10-at-7.44.50-PM-1024x1024.jpeg\" alt=\"\" class=\"wp-image-20529\" srcset=\"https:\/\/dev.antudigital.cl\/sites\/vc\/wp-content\/uploads\/2024\/09\/WhatsApp-Image-2024-09-10-at-7.44.50-PM-1024x1024.jpeg 1024w, https:\/\/dev.antudigital.cl\/sites\/vc\/wp-content\/uploads\/2024\/09\/WhatsApp-Image-2024-09-10-at-7.44.50-PM-300x300.jpeg 300w, https:\/\/dev.antudigital.cl\/sites\/vc\/wp-content\/uploads\/2024\/09\/WhatsApp-Image-2024-09-10-at-7.44.50-PM-150x150.jpeg 150w, https:\/\/dev.antudigital.cl\/sites\/vc\/wp-content\/uploads\/2024\/09\/WhatsApp-Image-2024-09-10-at-7.44.50-PM-768x768.jpeg 768w, https:\/\/dev.antudigital.cl\/sites\/vc\/wp-content\/uploads\/2024\/09\/WhatsApp-Image-2024-09-10-at-7.44.50-PM-980x980.jpeg 980w, https:\/\/dev.antudigital.cl\/sites\/vc\/wp-content\/uploads\/2024\/09\/WhatsApp-Image-2024-09-10-at-7.44.50-PM-480x480.jpeg 480w, https:\/\/dev.antudigital.cl\/sites\/vc\/wp-content\/uploads\/2024\/09\/WhatsApp-Image-2024-09-10-at-7.44.50-PM-24x24.jpeg 24w, https:\/\/dev.antudigital.cl\/sites\/vc\/wp-content\/uploads\/2024\/09\/WhatsApp-Image-2024-09-10-at-7.44.50-PM-36x36.jpeg 36w, https:\/\/dev.antudigital.cl\/sites\/vc\/wp-content\/uploads\/2024\/09\/WhatsApp-Image-2024-09-10-at-7.44.50-PM-48x48.jpeg 48w, https:\/\/dev.antudigital.cl\/sites\/vc\/wp-content\/uploads\/2024\/09\/WhatsApp-Image-2024-09-10-at-7.44.50-PM.jpeg 1080w\" sizes=\"(max-width: 1024px) 100vw, 1024px\" \/><\/figure>\n\n\n\n<p>A la vez, la intenci\u00f3n es continuar generando propuestas y acciones concretas que generen esta difusi\u00f3n de la cultura y las artes, tambi\u00e9n vincul\u00e1ndose con las comunidades de Valpara\u00edso. Tomando esto en cuenta, la Universidad de Playa Ancha busca apostar por el encuentro de los elencos art\u00edsticos culturales con diversos p\u00fablicos del territorio.<\/p>\n\n\n\n<p>Ya en ocasiones anteriores se hab\u00eda trabajado esta alianza colaborativa, mediante la presentaci\u00f3n del elenco Ensamble Latinoamericano Abya Yala en el visionado del documental \u201cHimno\u201d (Chile, 2024), siendo una nueva y positiva experiencia para las audiencias.<\/p>\n\n\n\n<p>\u201cLa novia del desierto\u201d dar\u00e1 inicio al segundo m\u00f3dulo del Cine Club Espectadores con Experiencia, funciones gratuitas para mayores de 60 a\u00f1os que continuar\u00e1n realiz\u00e1ndose en Insomnia Teatro Condell hasta el 28 de enero a las 10:30. Adem\u00e1s, la funci\u00f3n cuenta con una mediaci\u00f3n posterior a cargo de Silvia Donoso, geront\u00f3loga social y acad\u00e9mica de la UV.<\/p>\n\n\n\n<p><strong>Martes 24 de septiembre<\/strong><\/p>\n\n\n\n<p><strong>10:30hrs.<\/strong><\/p>\n\n\n\n<p><strong>Funci\u00f3n gratuita<\/strong><\/p>\n","protected":false},"excerpt":{"rendered":"<p>El pr\u00f3ximo martes 24 de septiembre, Insomnia Teatro Condell realizar\u00e1 una funci\u00f3n especial en la que tendr\u00e1 una presentaci\u00f3n el Coro de C\u00e1mara de la Universidad de Playa Ancha, en una instancia enfocada en las personas mayores a trav\u00e9s del visionado de la pel\u00edcula \u201cLa novia del desierto\u201d (Argentina, 2017) de Cecilia At\u00e1n, Valeria Pivato. [&hellip;]<\/p>\n","protected":false},"author":1,"featured_media":20528,"comment_status":"closed","ping_status":"closed","sticky":false,"template":"","format":"standard","meta":{"_acf_changed":false,"footnotes":""},"categories":[8],"tags":[],"class_list":["post-20527","post","type-post","status-publish","format-standard","has-post-thumbnail","hentry","category-noticia"],"acf":[],"yoast_head":"<!-- This site is optimized with the Yoast SEO plugin v27.1.1 - https:\/\/yoast.com\/product\/yoast-seo-wordpress\/ -->\n<title>Coro de C\u00e1mara UPLA se presenta en Insomnia Teatro Condell en funci\u00f3n especial y gratuita para adultos mayores - Valpara\u00ed\u00adso Creativo<\/title>\n<meta name=\"robots\" content=\"index, follow, max-snippet:-1, max-image-preview:large, max-video-preview:-1\" \/>\n<link rel=\"canonical\" href=\"https:\/\/dev.antudigital.cl\/sites\/vc\/coro-de-camara-upla-se-presenta-en-insomnia-teatro-condell-en-funcion-especial-y-gratuita-para-adultos-mayores\/\" \/>\n<meta property=\"og:locale\" content=\"es_ES\" \/>\n<meta property=\"og:type\" content=\"article\" \/>\n<meta property=\"og:title\" content=\"Coro de C\u00e1mara UPLA se presenta en Insomnia Teatro Condell en funci\u00f3n especial y gratuita para adultos mayores - Valpara\u00ed\u00adso Creativo\" \/>\n<meta property=\"og:description\" content=\"El pr\u00f3ximo martes 24 de septiembre, Insomnia Teatro Condell realizar\u00e1 una funci\u00f3n especial en la que tendr\u00e1 una presentaci\u00f3n el Coro de C\u00e1mara de la Universidad de Playa Ancha, en una instancia enfocada en las personas mayores a trav\u00e9s del visionado de la pel\u00edcula \u201cLa novia del desierto\u201d (Argentina, 2017) de Cecilia At\u00e1n, Valeria Pivato. [&hellip;]\" \/>\n<meta property=\"og:url\" content=\"https:\/\/dev.antudigital.cl\/sites\/vc\/coro-de-camara-upla-se-presenta-en-insomnia-teatro-condell-en-funcion-especial-y-gratuita-para-adultos-mayores\/\" \/>\n<meta property=\"og:site_name\" content=\"Valpara\u00ed\u00adso Creativo\" \/>\n<meta property=\"article:published_time\" content=\"2024-09-23T18:18:55+00:00\" \/>\n<meta property=\"article:modified_time\" content=\"2024-09-23T18:19:15+00:00\" \/>\n<meta property=\"og:image\" content=\"https:\/\/dev.antudigital.cl\/sites\/vc\/wp-content\/uploads\/2024\/09\/Cine-Club-Espectadores-con-Experiencia-2.jpeg\" \/>\n\t<meta property=\"og:image:width\" content=\"1600\" \/>\n\t<meta property=\"og:image:height\" content=\"1200\" \/>\n\t<meta property=\"og:image:type\" content=\"image\/jpeg\" \/>\n<meta name=\"author\" content=\"Valpara\u00edso Creativo\" \/>\n<meta name=\"twitter:card\" content=\"summary_large_image\" \/>\n<meta name=\"twitter:label1\" content=\"Escrito por\" \/>\n\t<meta name=\"twitter:data1\" content=\"Valpara\u00edso Creativo\" \/>\n\t<meta name=\"twitter:label2\" content=\"Tiempo de lectura\" \/>\n\t<meta name=\"twitter:data2\" content=\"3 minutos\" \/>\n<script type=\"application\/ld+json\" class=\"yoast-schema-graph\">{\"@context\":\"https:\/\/schema.org\",\"@graph\":[{\"@type\":\"Article\",\"@id\":\"https:\/\/dev.antudigital.cl\/sites\/vc\/coro-de-camara-upla-se-presenta-en-insomnia-teatro-condell-en-funcion-especial-y-gratuita-para-adultos-mayores\/#article\",\"isPartOf\":{\"@id\":\"https:\/\/dev.antudigital.cl\/sites\/vc\/coro-de-camara-upla-se-presenta-en-insomnia-teatro-condell-en-funcion-especial-y-gratuita-para-adultos-mayores\/\"},\"author\":{\"name\":\"Valpara\u00edso Creativo\",\"@id\":\"https:\/\/dev.antudigital.cl\/sites\/vc\/#\/schema\/person\/c2b9da8dd545e27166fc5ab232837318\"},\"headline\":\"Coro de C\u00e1mara UPLA se presenta en Insomnia Teatro Condell en funci\u00f3n especial y gratuita para adultos mayores\",\"datePublished\":\"2024-09-23T18:18:55+00:00\",\"dateModified\":\"2024-09-23T18:19:15+00:00\",\"mainEntityOfPage\":{\"@id\":\"https:\/\/dev.antudigital.cl\/sites\/vc\/coro-de-camara-upla-se-presenta-en-insomnia-teatro-condell-en-funcion-especial-y-gratuita-para-adultos-mayores\/\"},\"wordCount\":576,\"image\":{\"@id\":\"https:\/\/dev.antudigital.cl\/sites\/vc\/coro-de-camara-upla-se-presenta-en-insomnia-teatro-condell-en-funcion-especial-y-gratuita-para-adultos-mayores\/#primaryimage\"},\"thumbnailUrl\":\"https:\/\/dev.antudigital.cl\/sites\/vc\/wp-content\/uploads\/2024\/09\/Cine-Club-Espectadores-con-Experiencia-2.jpeg\",\"articleSection\":[\"Noticia\"],\"inLanguage\":\"es\"},{\"@type\":\"WebPage\",\"@id\":\"https:\/\/dev.antudigital.cl\/sites\/vc\/coro-de-camara-upla-se-presenta-en-insomnia-teatro-condell-en-funcion-especial-y-gratuita-para-adultos-mayores\/\",\"url\":\"https:\/\/dev.antudigital.cl\/sites\/vc\/coro-de-camara-upla-se-presenta-en-insomnia-teatro-condell-en-funcion-especial-y-gratuita-para-adultos-mayores\/\",\"name\":\"Coro de C\u00e1mara UPLA se presenta en Insomnia Teatro Condell en funci\u00f3n especial y gratuita para adultos mayores - Valpara\u00ed\u00adso Creativo\",\"isPartOf\":{\"@id\":\"https:\/\/dev.antudigital.cl\/sites\/vc\/#website\"},\"primaryImageOfPage\":{\"@id\":\"https:\/\/dev.antudigital.cl\/sites\/vc\/coro-de-camara-upla-se-presenta-en-insomnia-teatro-condell-en-funcion-especial-y-gratuita-para-adultos-mayores\/#primaryimage\"},\"image\":{\"@id\":\"https:\/\/dev.antudigital.cl\/sites\/vc\/coro-de-camara-upla-se-presenta-en-insomnia-teatro-condell-en-funcion-especial-y-gratuita-para-adultos-mayores\/#primaryimage\"},\"thumbnailUrl\":\"https:\/\/dev.antudigital.cl\/sites\/vc\/wp-content\/uploads\/2024\/09\/Cine-Club-Espectadores-con-Experiencia-2.jpeg\",\"datePublished\":\"2024-09-23T18:18:55+00:00\",\"dateModified\":\"2024-09-23T18:19:15+00:00\",\"author\":{\"@id\":\"https:\/\/dev.antudigital.cl\/sites\/vc\/#\/schema\/person\/c2b9da8dd545e27166fc5ab232837318\"},\"breadcrumb\":{\"@id\":\"https:\/\/dev.antudigital.cl\/sites\/vc\/coro-de-camara-upla-se-presenta-en-insomnia-teatro-condell-en-funcion-especial-y-gratuita-para-adultos-mayores\/#breadcrumb\"},\"inLanguage\":\"es\",\"potentialAction\":[{\"@type\":\"ReadAction\",\"target\":[\"https:\/\/dev.antudigital.cl\/sites\/vc\/coro-de-camara-upla-se-presenta-en-insomnia-teatro-condell-en-funcion-especial-y-gratuita-para-adultos-mayores\/\"]}]},{\"@type\":\"ImageObject\",\"inLanguage\":\"es\",\"@id\":\"https:\/\/dev.antudigital.cl\/sites\/vc\/coro-de-camara-upla-se-presenta-en-insomnia-teatro-condell-en-funcion-especial-y-gratuita-para-adultos-mayores\/#primaryimage\",\"url\":\"https:\/\/dev.antudigital.cl\/sites\/vc\/wp-content\/uploads\/2024\/09\/Cine-Club-Espectadores-con-Experiencia-2.jpeg\",\"contentUrl\":\"https:\/\/dev.antudigital.cl\/sites\/vc\/wp-content\/uploads\/2024\/09\/Cine-Club-Espectadores-con-Experiencia-2.jpeg\",\"width\":1600,\"height\":1200},{\"@type\":\"BreadcrumbList\",\"@id\":\"https:\/\/dev.antudigital.cl\/sites\/vc\/coro-de-camara-upla-se-presenta-en-insomnia-teatro-condell-en-funcion-especial-y-gratuita-para-adultos-mayores\/#breadcrumb\",\"itemListElement\":[{\"@type\":\"ListItem\",\"position\":1,\"name\":\"Home\",\"item\":\"https:\/\/dev.antudigital.cl\/sites\/vc\/\"},{\"@type\":\"ListItem\",\"position\":2,\"name\":\"Coro de C\u00e1mara UPLA se presenta en Insomnia Teatro Condell en funci\u00f3n especial y gratuita para adultos mayores\"}]},{\"@type\":\"WebSite\",\"@id\":\"https:\/\/dev.antudigital.cl\/sites\/vc\/#website\",\"url\":\"https:\/\/dev.antudigital.cl\/sites\/vc\/\",\"name\":\"Valpara\u00ed\u00adso Creativo\",\"description\":\"\",\"potentialAction\":[{\"@type\":\"SearchAction\",\"target\":{\"@type\":\"EntryPoint\",\"urlTemplate\":\"https:\/\/dev.antudigital.cl\/sites\/vc\/?s={search_term_string}\"},\"query-input\":{\"@type\":\"PropertyValueSpecification\",\"valueRequired\":true,\"valueName\":\"search_term_string\"}}],\"inLanguage\":\"es\"},{\"@type\":\"Person\",\"@id\":\"https:\/\/dev.antudigital.cl\/sites\/vc\/#\/schema\/person\/c2b9da8dd545e27166fc5ab232837318\",\"name\":\"Valpara\u00edso Creativo\",\"description\":\"Periodista de cultura en la Regi\u00f3n de Valpara\u00edso.\",\"url\":\"https:\/\/dev.antudigital.cl\/sites\/vc\/author\/valpoadmin\/\"}]}<\/script>\n<!-- \/ Yoast SEO plugin. -->","yoast_head_json":{"title":"Coro de C\u00e1mara UPLA se presenta en Insomnia Teatro Condell en funci\u00f3n especial y gratuita para adultos mayores - Valpara\u00ed\u00adso Creativo","robots":{"index":"index","follow":"follow","max-snippet":"max-snippet:-1","max-image-preview":"max-image-preview:large","max-video-preview":"max-video-preview:-1"},"canonical":"https:\/\/dev.antudigital.cl\/sites\/vc\/coro-de-camara-upla-se-presenta-en-insomnia-teatro-condell-en-funcion-especial-y-gratuita-para-adultos-mayores\/","og_locale":"es_ES","og_type":"article","og_title":"Coro de C\u00e1mara UPLA se presenta en Insomnia Teatro Condell en funci\u00f3n especial y gratuita para adultos mayores - Valpara\u00ed\u00adso Creativo","og_description":"El pr\u00f3ximo martes 24 de septiembre, Insomnia Teatro Condell realizar\u00e1 una funci\u00f3n especial en la que tendr\u00e1 una presentaci\u00f3n el Coro de C\u00e1mara de la Universidad de Playa Ancha, en una instancia enfocada en las personas mayores a trav\u00e9s del visionado de la pel\u00edcula \u201cLa novia del desierto\u201d (Argentina, 2017) de Cecilia At\u00e1n, Valeria Pivato. [&hellip;]","og_url":"https:\/\/dev.antudigital.cl\/sites\/vc\/coro-de-camara-upla-se-presenta-en-insomnia-teatro-condell-en-funcion-especial-y-gratuita-para-adultos-mayores\/","og_site_name":"Valpara\u00ed\u00adso Creativo","article_published_time":"2024-09-23T18:18:55+00:00","article_modified_time":"2024-09-23T18:19:15+00:00","og_image":[{"width":1600,"height":1200,"url":"https:\/\/dev.antudigital.cl\/sites\/vc\/wp-content\/uploads\/2024\/09\/Cine-Club-Espectadores-con-Experiencia-2.jpeg","type":"image\/jpeg"}],"author":"Valpara\u00edso Creativo","twitter_card":"summary_large_image","twitter_misc":{"Escrito por":"Valpara\u00edso Creativo","Tiempo de lectura":"3 minutos"},"schema":{"@context":"https:\/\/schema.org","@graph":[{"@type":"Article","@id":"https:\/\/dev.antudigital.cl\/sites\/vc\/coro-de-camara-upla-se-presenta-en-insomnia-teatro-condell-en-funcion-especial-y-gratuita-para-adultos-mayores\/#article","isPartOf":{"@id":"https:\/\/dev.antudigital.cl\/sites\/vc\/coro-de-camara-upla-se-presenta-en-insomnia-teatro-condell-en-funcion-especial-y-gratuita-para-adultos-mayores\/"},"author":{"name":"Valpara\u00edso Creativo","@id":"https:\/\/dev.antudigital.cl\/sites\/vc\/#\/schema\/person\/c2b9da8dd545e27166fc5ab232837318"},"headline":"Coro de C\u00e1mara UPLA se presenta en Insomnia Teatro Condell en funci\u00f3n especial y gratuita para adultos mayores","datePublished":"2024-09-23T18:18:55+00:00","dateModified":"2024-09-23T18:19:15+00:00","mainEntityOfPage":{"@id":"https:\/\/dev.antudigital.cl\/sites\/vc\/coro-de-camara-upla-se-presenta-en-insomnia-teatro-condell-en-funcion-especial-y-gratuita-para-adultos-mayores\/"},"wordCount":576,"image":{"@id":"https:\/\/dev.antudigital.cl\/sites\/vc\/coro-de-camara-upla-se-presenta-en-insomnia-teatro-condell-en-funcion-especial-y-gratuita-para-adultos-mayores\/#primaryimage"},"thumbnailUrl":"https:\/\/dev.antudigital.cl\/sites\/vc\/wp-content\/uploads\/2024\/09\/Cine-Club-Espectadores-con-Experiencia-2.jpeg","articleSection":["Noticia"],"inLanguage":"es"},{"@type":"WebPage","@id":"https:\/\/dev.antudigital.cl\/sites\/vc\/coro-de-camara-upla-se-presenta-en-insomnia-teatro-condell-en-funcion-especial-y-gratuita-para-adultos-mayores\/","url":"https:\/\/dev.antudigital.cl\/sites\/vc\/coro-de-camara-upla-se-presenta-en-insomnia-teatro-condell-en-funcion-especial-y-gratuita-para-adultos-mayores\/","name":"Coro de C\u00e1mara UPLA se presenta en Insomnia Teatro Condell en funci\u00f3n especial y gratuita para adultos mayores - Valpara\u00ed\u00adso Creativo","isPartOf":{"@id":"https:\/\/dev.antudigital.cl\/sites\/vc\/#website"},"primaryImageOfPage":{"@id":"https:\/\/dev.antudigital.cl\/sites\/vc\/coro-de-camara-upla-se-presenta-en-insomnia-teatro-condell-en-funcion-especial-y-gratuita-para-adultos-mayores\/#primaryimage"},"image":{"@id":"https:\/\/dev.antudigital.cl\/sites\/vc\/coro-de-camara-upla-se-presenta-en-insomnia-teatro-condell-en-funcion-especial-y-gratuita-para-adultos-mayores\/#primaryimage"},"thumbnailUrl":"https:\/\/dev.antudigital.cl\/sites\/vc\/wp-content\/uploads\/2024\/09\/Cine-Club-Espectadores-con-Experiencia-2.jpeg","datePublished":"2024-09-23T18:18:55+00:00","dateModified":"2024-09-23T18:19:15+00:00","author":{"@id":"https:\/\/dev.antudigital.cl\/sites\/vc\/#\/schema\/person\/c2b9da8dd545e27166fc5ab232837318"},"breadcrumb":{"@id":"https:\/\/dev.antudigital.cl\/sites\/vc\/coro-de-camara-upla-se-presenta-en-insomnia-teatro-condell-en-funcion-especial-y-gratuita-para-adultos-mayores\/#breadcrumb"},"inLanguage":"es","potentialAction":[{"@type":"ReadAction","target":["https:\/\/dev.antudigital.cl\/sites\/vc\/coro-de-camara-upla-se-presenta-en-insomnia-teatro-condell-en-funcion-especial-y-gratuita-para-adultos-mayores\/"]}]},{"@type":"ImageObject","inLanguage":"es","@id":"https:\/\/dev.antudigital.cl\/sites\/vc\/coro-de-camara-upla-se-presenta-en-insomnia-teatro-condell-en-funcion-especial-y-gratuita-para-adultos-mayores\/#primaryimage","url":"https:\/\/dev.antudigital.cl\/sites\/vc\/wp-content\/uploads\/2024\/09\/Cine-Club-Espectadores-con-Experiencia-2.jpeg","contentUrl":"https:\/\/dev.antudigital.cl\/sites\/vc\/wp-content\/uploads\/2024\/09\/Cine-Club-Espectadores-con-Experiencia-2.jpeg","width":1600,"height":1200},{"@type":"BreadcrumbList","@id":"https:\/\/dev.antudigital.cl\/sites\/vc\/coro-de-camara-upla-se-presenta-en-insomnia-teatro-condell-en-funcion-especial-y-gratuita-para-adultos-mayores\/#breadcrumb","itemListElement":[{"@type":"ListItem","position":1,"name":"Home","item":"https:\/\/dev.antudigital.cl\/sites\/vc\/"},{"@type":"ListItem","position":2,"name":"Coro de C\u00e1mara UPLA se presenta en Insomnia Teatro Condell en funci\u00f3n especial y gratuita para adultos mayores"}]},{"@type":"WebSite","@id":"https:\/\/dev.antudigital.cl\/sites\/vc\/#website","url":"https:\/\/dev.antudigital.cl\/sites\/vc\/","name":"Valpara\u00ed\u00adso Creativo","description":"","potentialAction":[{"@type":"SearchAction","target":{"@type":"EntryPoint","urlTemplate":"https:\/\/dev.antudigital.cl\/sites\/vc\/?s={search_term_string}"},"query-input":{"@type":"PropertyValueSpecification","valueRequired":true,"valueName":"search_term_string"}}],"inLanguage":"es"},{"@type":"Person","@id":"https:\/\/dev.antudigital.cl\/sites\/vc\/#\/schema\/person\/c2b9da8dd545e27166fc5ab232837318","name":"Valpara\u00edso Creativo","description":"Periodista de cultura en la Regi\u00f3n de Valpara\u00edso.","url":"https:\/\/dev.antudigital.cl\/sites\/vc\/author\/valpoadmin\/"}]}},"_links":{"self":[{"href":"https:\/\/dev.antudigital.cl\/sites\/vc\/wp-json\/wp\/v2\/posts\/20527","targetHints":{"allow":["GET"]}}],"collection":[{"href":"https:\/\/dev.antudigital.cl\/sites\/vc\/wp-json\/wp\/v2\/posts"}],"about":[{"href":"https:\/\/dev.antudigital.cl\/sites\/vc\/wp-json\/wp\/v2\/types\/post"}],"author":[{"embeddable":true,"href":"https:\/\/dev.antudigital.cl\/sites\/vc\/wp-json\/wp\/v2\/users\/1"}],"replies":[{"embeddable":true,"href":"https:\/\/dev.antudigital.cl\/sites\/vc\/wp-json\/wp\/v2\/comments?post=20527"}],"version-history":[{"count":1,"href":"https:\/\/dev.antudigital.cl\/sites\/vc\/wp-json\/wp\/v2\/posts\/20527\/revisions"}],"predecessor-version":[{"id":20530,"href":"https:\/\/dev.antudigital.cl\/sites\/vc\/wp-json\/wp\/v2\/posts\/20527\/revisions\/20530"}],"wp:featuredmedia":[{"embeddable":true,"href":"https:\/\/dev.antudigital.cl\/sites\/vc\/wp-json\/wp\/v2\/media\/20528"}],"wp:attachment":[{"href":"https:\/\/dev.antudigital.cl\/sites\/vc\/wp-json\/wp\/v2\/media?parent=20527"}],"wp:term":[{"taxonomy":"category","embeddable":true,"href":"https:\/\/dev.antudigital.cl\/sites\/vc\/wp-json\/wp\/v2\/categories?post=20527"},{"taxonomy":"post_tag","embeddable":true,"href":"https:\/\/dev.antudigital.cl\/sites\/vc\/wp-json\/wp\/v2\/tags?post=20527"}],"curies":[{"name":"wp","href":"https:\/\/api.w.org\/{rel}","templated":true}]}}