{"id":20531,"date":"2024-09-23T20:18:37","date_gmt":"2024-09-23T20:18:37","guid":{"rendered":"https:\/\/www.valparaisocreativo.cl\/?p=20531"},"modified":"2024-09-23T20:18:57","modified_gmt":"2024-09-23T20:18:57","slug":"demi-moore-y-margaret-qualley-se-unen-para-dar-vida-a-la-sustancia-el-ultimo-estreno-de-insomnia","status":"publish","type":"post","link":"https:\/\/dev.antudigital.cl\/sites\/vc\/demi-moore-y-margaret-qualley-se-unen-para-dar-vida-a-la-sustancia-el-ultimo-estreno-de-insomnia\/","title":{"rendered":"Demi Moore y Margaret Qualley se unen para dar vida a \u201cLa sustancia\u201d el \u00faltimo estreno de INSOMNIA"},"content":{"rendered":"\n<p>Drama, ciencia ficci\u00f3n y terror se unen en esta pel\u00edcula de la directora Coralie Fargeat quien trae a la pantalla grande una dupla imperdible: la consagrada Demi Moore (Ghost, Striptease, Una propuesta indecente) junto Margaret Qualley, conocida por protagonizar la miniserie de Netflix Maid (Las cosas por limpiar). Se unen al reparto de esta cautivadora historia&nbsp;Hugo Diego Garc\u00eda, Dennis Quaid, Oscar Lesage y Joseph Balderrama. Ganadora al premio mejor gui\u00f3n en el Festival de Cannes, se estrenar\u00e1 en INSOMNIA esta segunda quincena de septiembre a partir del viernes 20 a las 21:30 horas.<\/p>\n\n\n\n<p>La&nbsp;posibilidad de&nbsp;la&nbsp;eterna juventud est\u00e1 al alcance de&nbsp;la&nbsp;mano. Con un nuevo producto, denominado&nbsp;la&nbsp;sustancia,&nbsp;la&nbsp;vida de cualquier persona mejorar\u00eda sustancialmente. \u00bfAlguna vez has so\u00f1ado una versi\u00f3n mejor de ti misma? Entonces, debes probar&nbsp;la&nbsp;sustancia. De esta forma, puedes generar otra versi\u00f3n de ti misma. Una versi\u00f3n mejorada: m\u00e1s joven, m\u00e1s bella, m\u00e1s perfecta. Solo tienes que compartir tu tiempo con esta nueva figura. Una semana para ti, otra semana para ella en un equilibrio perfecto de siete d\u00edas. Parece f\u00e1cil. Solo es necesario seguir las instrucciones. Claro que es inevitable pensar en las contraindicaciones.&nbsp;\u00bfQu\u00e9 podr\u00eda salir mal?<\/p>\n\n\n\n<figure class=\"wp-block-image size-large\"><img fetchpriority=\"high\" decoding=\"async\" width=\"1024\" height=\"681\" src=\"https:\/\/www.valparaisocreativo.cl\/wp-content\/uploads\/2024\/09\/TheSubstance_Still_06-1024x681.jpg\" alt=\"\" class=\"wp-image-20533\" srcset=\"https:\/\/dev.antudigital.cl\/sites\/vc\/wp-content\/uploads\/2024\/09\/TheSubstance_Still_06-1024x681.jpg 1024w, https:\/\/dev.antudigital.cl\/sites\/vc\/wp-content\/uploads\/2024\/09\/TheSubstance_Still_06-300x200.jpg 300w, https:\/\/dev.antudigital.cl\/sites\/vc\/wp-content\/uploads\/2024\/09\/TheSubstance_Still_06-768x511.jpg 768w, https:\/\/dev.antudigital.cl\/sites\/vc\/wp-content\/uploads\/2024\/09\/TheSubstance_Still_06-1536x1022.jpg 1536w, https:\/\/dev.antudigital.cl\/sites\/vc\/wp-content\/uploads\/2024\/09\/TheSubstance_Still_06-2048x1362.jpg 2048w, https:\/\/dev.antudigital.cl\/sites\/vc\/wp-content\/uploads\/2024\/09\/TheSubstance_Still_06-1080x719.jpg 1080w, https:\/\/dev.antudigital.cl\/sites\/vc\/wp-content\/uploads\/2024\/09\/TheSubstance_Still_06-1280x852.jpg 1280w, https:\/\/dev.antudigital.cl\/sites\/vc\/wp-content\/uploads\/2024\/09\/TheSubstance_Still_06-980x652.jpg 980w, https:\/\/dev.antudigital.cl\/sites\/vc\/wp-content\/uploads\/2024\/09\/TheSubstance_Still_06-480x319.jpg 480w, https:\/\/dev.antudigital.cl\/sites\/vc\/wp-content\/uploads\/2024\/09\/TheSubstance_Still_06-24x16.jpg 24w, https:\/\/dev.antudigital.cl\/sites\/vc\/wp-content\/uploads\/2024\/09\/TheSubstance_Still_06-36x24.jpg 36w, https:\/\/dev.antudigital.cl\/sites\/vc\/wp-content\/uploads\/2024\/09\/TheSubstance_Still_06-48x32.jpg 48w\" sizes=\"(max-width: 1024px) 100vw, 1024px\" \/><\/figure>\n\n\n\n<p>Para Claudio Pereira, programador de INSOMNIA, se trata de una pel\u00edcula: \u201cespeluznantemente seductora, electrizante y por sobre todo inteligente. &nbsp;<strong>LA&nbsp;SUSTANCIA<\/strong>&nbsp;literalmente fue una conmoci\u00f3n en el \u00faltimo festival de Cannes. Esta pel\u00edcula que llega a nuestra insomne pantalla el d\u00eda viernes 20 de septiembre se conecta perfectamente con&nbsp;la&nbsp;tradici\u00f3n de&nbsp;la&nbsp;biogen\u00e9tica y&nbsp;la&nbsp;ciencia ficci\u00f3n donde los cuerpos son verdaderos estuches que se alteran para funcionar y rendir ante este perverso modelo que desecha a las personas como cuerpos gastados y obsoletos\u201d.<\/p>\n\n\n\n<p>\u201cHace tiempo no est\u00e1bamos frente a una obra tan contundente y rabiosa que nos golpea con su montaje, banda sonora y por sobre todo&nbsp;la&nbsp;potencia de un excepcional de Demi Moore que realiza un trabajo f\u00edsico y de interpretaci\u00f3n deslumbrante. El segundo largometraje de&nbsp;la&nbsp;brit\u00e1nica&nbsp;<strong>Coralie Fargeat<\/strong>, no es un delirio de medianoche, ni tampoco un festival sanguinario, sino un golpe de adrenalina a nuestra noci\u00f3n cr\u00edtica de una sociedad de consumo, donde el cuerpo, y en especial el femenino, es&nbsp;la&nbsp;mercanc\u00eda que se debe explotar, devorar, consumir y desechar cuando llega&nbsp;la&nbsp;obsolescencia programada.&nbsp;<strong>LA&nbsp;SUSTANCIA<\/strong>&nbsp;es una explosi\u00f3n de sentidos, realizada con maestr\u00eda actoral, direcci\u00f3n y lenguaje cinematogr\u00e1fico, que nos hace sentir y hasta oler&nbsp;la&nbsp;ansiedad con que se venden los cuerpos al monstruo contempor\u00e1neo de&nbsp;la&nbsp;belleza, vac\u00eda y triste\u201d, enfatiz\u00f3.<\/p>\n\n\n\n<p>Coralie Fargeat ha sido comparada con David Croenenberg por su fant\u00e1stico trabajo de body horror en este film. Con tintes de Lynch y Kubrick, esta magistral obra entrega una visi\u00f3n contempor\u00e1nea y feminista del mandato est\u00e9tico al que deben someterse las mujeres, sobre todo aquellas dedicadas a la industria del espect\u00e1culo. La sustancia se estrenar\u00e1 este viernes 20 de septiembre a las 21:30 horas y se proyectar\u00e1 los d\u00edas s\u00e1bado 21 (21:30), domingo 22 (18:00), lunes 23 (15:00), mi\u00e9rcoles 25 (20:45), viernes 27 (21:30), s\u00e1bado 28 (19:00) y domingo 29 (17:00). Las entradas estar\u00e1n disponibles para la venta en boleter\u00eda de manera presencial desde el viernes 20 de septiembre a partir de las 12:00 horas. Para m\u00e1s informaci\u00f3n visita&nbsp;<a href=\"http:\/\/www.insomniacine.cl\/\" target=\"_blank\" rel=\"noreferrer noopener\">www.insomniacine.cl<\/a>.<\/p>\n","protected":false},"excerpt":{"rendered":"<p>Drama, ciencia ficci\u00f3n y terror se unen en esta pel\u00edcula de la directora Coralie Fargeat quien trae a la pantalla grande una dupla imperdible: la consagrada Demi Moore (Ghost, Striptease, Una propuesta indecente) junto Margaret Qualley, conocida por protagonizar la miniserie de Netflix Maid (Las cosas por limpiar). Se unen al reparto de esta cautivadora [&hellip;]<\/p>\n","protected":false},"author":1,"featured_media":20532,"comment_status":"closed","ping_status":"closed","sticky":false,"template":"","format":"standard","meta":{"_acf_changed":false,"footnotes":""},"categories":[8],"tags":[],"class_list":["post-20531","post","type-post","status-publish","format-standard","has-post-thumbnail","hentry","category-noticia"],"acf":[],"yoast_head":"<!-- This site is optimized with the Yoast SEO plugin v27.1.1 - https:\/\/yoast.com\/product\/yoast-seo-wordpress\/ -->\n<title>Demi Moore y Margaret Qualley se unen para dar vida a \u201cLa sustancia\u201d el \u00faltimo estreno de INSOMNIA - Valpara\u00ed\u00adso Creativo<\/title>\n<meta name=\"robots\" content=\"index, follow, max-snippet:-1, max-image-preview:large, max-video-preview:-1\" \/>\n<link rel=\"canonical\" href=\"https:\/\/dev.antudigital.cl\/sites\/vc\/demi-moore-y-margaret-qualley-se-unen-para-dar-vida-a-la-sustancia-el-ultimo-estreno-de-insomnia\/\" \/>\n<meta property=\"og:locale\" content=\"es_ES\" \/>\n<meta property=\"og:type\" content=\"article\" \/>\n<meta property=\"og:title\" content=\"Demi Moore y Margaret Qualley se unen para dar vida a \u201cLa sustancia\u201d el \u00faltimo estreno de INSOMNIA - Valpara\u00ed\u00adso Creativo\" \/>\n<meta property=\"og:description\" content=\"Drama, ciencia ficci\u00f3n y terror se unen en esta pel\u00edcula de la directora Coralie Fargeat quien trae a la pantalla grande una dupla imperdible: la consagrada Demi Moore (Ghost, Striptease, Una propuesta indecente) junto Margaret Qualley, conocida por protagonizar la miniserie de Netflix Maid (Las cosas por limpiar). Se unen al reparto de esta cautivadora [&hellip;]\" \/>\n<meta property=\"og:url\" content=\"https:\/\/dev.antudigital.cl\/sites\/vc\/demi-moore-y-margaret-qualley-se-unen-para-dar-vida-a-la-sustancia-el-ultimo-estreno-de-insomnia\/\" \/>\n<meta property=\"og:site_name\" content=\"Valpara\u00ed\u00adso Creativo\" \/>\n<meta property=\"article:published_time\" content=\"2024-09-23T20:18:37+00:00\" \/>\n<meta property=\"article:modified_time\" content=\"2024-09-23T20:18:57+00:00\" \/>\n<meta property=\"og:image\" content=\"https:\/\/dev.antudigital.cl\/sites\/vc\/wp-content\/uploads\/2024\/09\/TheSubstance_Still_01-scaled.jpg\" \/>\n\t<meta property=\"og:image:width\" content=\"2560\" \/>\n\t<meta property=\"og:image:height\" content=\"1703\" \/>\n\t<meta property=\"og:image:type\" content=\"image\/jpeg\" \/>\n<meta name=\"author\" content=\"Valpara\u00edso Creativo\" \/>\n<meta name=\"twitter:card\" content=\"summary_large_image\" \/>\n<meta name=\"twitter:label1\" content=\"Escrito por\" \/>\n\t<meta name=\"twitter:data1\" content=\"Valpara\u00edso Creativo\" \/>\n\t<meta name=\"twitter:label2\" content=\"Tiempo de lectura\" \/>\n\t<meta name=\"twitter:data2\" content=\"3 minutos\" \/>\n<script type=\"application\/ld+json\" class=\"yoast-schema-graph\">{\"@context\":\"https:\/\/schema.org\",\"@graph\":[{\"@type\":\"Article\",\"@id\":\"https:\/\/dev.antudigital.cl\/sites\/vc\/demi-moore-y-margaret-qualley-se-unen-para-dar-vida-a-la-sustancia-el-ultimo-estreno-de-insomnia\/#article\",\"isPartOf\":{\"@id\":\"https:\/\/dev.antudigital.cl\/sites\/vc\/demi-moore-y-margaret-qualley-se-unen-para-dar-vida-a-la-sustancia-el-ultimo-estreno-de-insomnia\/\"},\"author\":{\"name\":\"Valpara\u00edso Creativo\",\"@id\":\"https:\/\/dev.antudigital.cl\/sites\/vc\/#\/schema\/person\/c2b9da8dd545e27166fc5ab232837318\"},\"headline\":\"Demi Moore y Margaret Qualley se unen para dar vida a \u201cLa sustancia\u201d el \u00faltimo estreno de INSOMNIA\",\"datePublished\":\"2024-09-23T20:18:37+00:00\",\"dateModified\":\"2024-09-23T20:18:57+00:00\",\"mainEntityOfPage\":{\"@id\":\"https:\/\/dev.antudigital.cl\/sites\/vc\/demi-moore-y-margaret-qualley-se-unen-para-dar-vida-a-la-sustancia-el-ultimo-estreno-de-insomnia\/\"},\"wordCount\":628,\"image\":{\"@id\":\"https:\/\/dev.antudigital.cl\/sites\/vc\/demi-moore-y-margaret-qualley-se-unen-para-dar-vida-a-la-sustancia-el-ultimo-estreno-de-insomnia\/#primaryimage\"},\"thumbnailUrl\":\"https:\/\/dev.antudigital.cl\/sites\/vc\/wp-content\/uploads\/2024\/09\/TheSubstance_Still_01-scaled.jpg\",\"articleSection\":[\"Noticia\"],\"inLanguage\":\"es\"},{\"@type\":\"WebPage\",\"@id\":\"https:\/\/dev.antudigital.cl\/sites\/vc\/demi-moore-y-margaret-qualley-se-unen-para-dar-vida-a-la-sustancia-el-ultimo-estreno-de-insomnia\/\",\"url\":\"https:\/\/dev.antudigital.cl\/sites\/vc\/demi-moore-y-margaret-qualley-se-unen-para-dar-vida-a-la-sustancia-el-ultimo-estreno-de-insomnia\/\",\"name\":\"Demi Moore y Margaret Qualley se unen para dar vida a \u201cLa sustancia\u201d el \u00faltimo estreno de INSOMNIA - Valpara\u00ed\u00adso Creativo\",\"isPartOf\":{\"@id\":\"https:\/\/dev.antudigital.cl\/sites\/vc\/#website\"},\"primaryImageOfPage\":{\"@id\":\"https:\/\/dev.antudigital.cl\/sites\/vc\/demi-moore-y-margaret-qualley-se-unen-para-dar-vida-a-la-sustancia-el-ultimo-estreno-de-insomnia\/#primaryimage\"},\"image\":{\"@id\":\"https:\/\/dev.antudigital.cl\/sites\/vc\/demi-moore-y-margaret-qualley-se-unen-para-dar-vida-a-la-sustancia-el-ultimo-estreno-de-insomnia\/#primaryimage\"},\"thumbnailUrl\":\"https:\/\/dev.antudigital.cl\/sites\/vc\/wp-content\/uploads\/2024\/09\/TheSubstance_Still_01-scaled.jpg\",\"datePublished\":\"2024-09-23T20:18:37+00:00\",\"dateModified\":\"2024-09-23T20:18:57+00:00\",\"author\":{\"@id\":\"https:\/\/dev.antudigital.cl\/sites\/vc\/#\/schema\/person\/c2b9da8dd545e27166fc5ab232837318\"},\"breadcrumb\":{\"@id\":\"https:\/\/dev.antudigital.cl\/sites\/vc\/demi-moore-y-margaret-qualley-se-unen-para-dar-vida-a-la-sustancia-el-ultimo-estreno-de-insomnia\/#breadcrumb\"},\"inLanguage\":\"es\",\"potentialAction\":[{\"@type\":\"ReadAction\",\"target\":[\"https:\/\/dev.antudigital.cl\/sites\/vc\/demi-moore-y-margaret-qualley-se-unen-para-dar-vida-a-la-sustancia-el-ultimo-estreno-de-insomnia\/\"]}]},{\"@type\":\"ImageObject\",\"inLanguage\":\"es\",\"@id\":\"https:\/\/dev.antudigital.cl\/sites\/vc\/demi-moore-y-margaret-qualley-se-unen-para-dar-vida-a-la-sustancia-el-ultimo-estreno-de-insomnia\/#primaryimage\",\"url\":\"https:\/\/dev.antudigital.cl\/sites\/vc\/wp-content\/uploads\/2024\/09\/TheSubstance_Still_01-scaled.jpg\",\"contentUrl\":\"https:\/\/dev.antudigital.cl\/sites\/vc\/wp-content\/uploads\/2024\/09\/TheSubstance_Still_01-scaled.jpg\",\"width\":2560,\"height\":1703},{\"@type\":\"BreadcrumbList\",\"@id\":\"https:\/\/dev.antudigital.cl\/sites\/vc\/demi-moore-y-margaret-qualley-se-unen-para-dar-vida-a-la-sustancia-el-ultimo-estreno-de-insomnia\/#breadcrumb\",\"itemListElement\":[{\"@type\":\"ListItem\",\"position\":1,\"name\":\"Home\",\"item\":\"https:\/\/dev.antudigital.cl\/sites\/vc\/\"},{\"@type\":\"ListItem\",\"position\":2,\"name\":\"Demi Moore y Margaret Qualley se unen para dar vida a \u201cLa sustancia\u201d el \u00faltimo estreno de INSOMNIA\"}]},{\"@type\":\"WebSite\",\"@id\":\"https:\/\/dev.antudigital.cl\/sites\/vc\/#website\",\"url\":\"https:\/\/dev.antudigital.cl\/sites\/vc\/\",\"name\":\"Valpara\u00ed\u00adso Creativo\",\"description\":\"\",\"potentialAction\":[{\"@type\":\"SearchAction\",\"target\":{\"@type\":\"EntryPoint\",\"urlTemplate\":\"https:\/\/dev.antudigital.cl\/sites\/vc\/?s={search_term_string}\"},\"query-input\":{\"@type\":\"PropertyValueSpecification\",\"valueRequired\":true,\"valueName\":\"search_term_string\"}}],\"inLanguage\":\"es\"},{\"@type\":\"Person\",\"@id\":\"https:\/\/dev.antudigital.cl\/sites\/vc\/#\/schema\/person\/c2b9da8dd545e27166fc5ab232837318\",\"name\":\"Valpara\u00edso Creativo\",\"description\":\"Periodista de cultura en la Regi\u00f3n de Valpara\u00edso.\",\"url\":\"https:\/\/dev.antudigital.cl\/sites\/vc\/author\/valpoadmin\/\"}]}<\/script>\n<!-- \/ Yoast SEO plugin. -->","yoast_head_json":{"title":"Demi Moore y Margaret Qualley se unen para dar vida a \u201cLa sustancia\u201d el \u00faltimo estreno de INSOMNIA - Valpara\u00ed\u00adso Creativo","robots":{"index":"index","follow":"follow","max-snippet":"max-snippet:-1","max-image-preview":"max-image-preview:large","max-video-preview":"max-video-preview:-1"},"canonical":"https:\/\/dev.antudigital.cl\/sites\/vc\/demi-moore-y-margaret-qualley-se-unen-para-dar-vida-a-la-sustancia-el-ultimo-estreno-de-insomnia\/","og_locale":"es_ES","og_type":"article","og_title":"Demi Moore y Margaret Qualley se unen para dar vida a \u201cLa sustancia\u201d el \u00faltimo estreno de INSOMNIA - Valpara\u00ed\u00adso Creativo","og_description":"Drama, ciencia ficci\u00f3n y terror se unen en esta pel\u00edcula de la directora Coralie Fargeat quien trae a la pantalla grande una dupla imperdible: la consagrada Demi Moore (Ghost, Striptease, Una propuesta indecente) junto Margaret Qualley, conocida por protagonizar la miniserie de Netflix Maid (Las cosas por limpiar). Se unen al reparto de esta cautivadora [&hellip;]","og_url":"https:\/\/dev.antudigital.cl\/sites\/vc\/demi-moore-y-margaret-qualley-se-unen-para-dar-vida-a-la-sustancia-el-ultimo-estreno-de-insomnia\/","og_site_name":"Valpara\u00ed\u00adso Creativo","article_published_time":"2024-09-23T20:18:37+00:00","article_modified_time":"2024-09-23T20:18:57+00:00","og_image":[{"width":2560,"height":1703,"url":"https:\/\/dev.antudigital.cl\/sites\/vc\/wp-content\/uploads\/2024\/09\/TheSubstance_Still_01-scaled.jpg","type":"image\/jpeg"}],"author":"Valpara\u00edso Creativo","twitter_card":"summary_large_image","twitter_misc":{"Escrito por":"Valpara\u00edso Creativo","Tiempo de lectura":"3 minutos"},"schema":{"@context":"https:\/\/schema.org","@graph":[{"@type":"Article","@id":"https:\/\/dev.antudigital.cl\/sites\/vc\/demi-moore-y-margaret-qualley-se-unen-para-dar-vida-a-la-sustancia-el-ultimo-estreno-de-insomnia\/#article","isPartOf":{"@id":"https:\/\/dev.antudigital.cl\/sites\/vc\/demi-moore-y-margaret-qualley-se-unen-para-dar-vida-a-la-sustancia-el-ultimo-estreno-de-insomnia\/"},"author":{"name":"Valpara\u00edso Creativo","@id":"https:\/\/dev.antudigital.cl\/sites\/vc\/#\/schema\/person\/c2b9da8dd545e27166fc5ab232837318"},"headline":"Demi Moore y Margaret Qualley se unen para dar vida a \u201cLa sustancia\u201d el \u00faltimo estreno de INSOMNIA","datePublished":"2024-09-23T20:18:37+00:00","dateModified":"2024-09-23T20:18:57+00:00","mainEntityOfPage":{"@id":"https:\/\/dev.antudigital.cl\/sites\/vc\/demi-moore-y-margaret-qualley-se-unen-para-dar-vida-a-la-sustancia-el-ultimo-estreno-de-insomnia\/"},"wordCount":628,"image":{"@id":"https:\/\/dev.antudigital.cl\/sites\/vc\/demi-moore-y-margaret-qualley-se-unen-para-dar-vida-a-la-sustancia-el-ultimo-estreno-de-insomnia\/#primaryimage"},"thumbnailUrl":"https:\/\/dev.antudigital.cl\/sites\/vc\/wp-content\/uploads\/2024\/09\/TheSubstance_Still_01-scaled.jpg","articleSection":["Noticia"],"inLanguage":"es"},{"@type":"WebPage","@id":"https:\/\/dev.antudigital.cl\/sites\/vc\/demi-moore-y-margaret-qualley-se-unen-para-dar-vida-a-la-sustancia-el-ultimo-estreno-de-insomnia\/","url":"https:\/\/dev.antudigital.cl\/sites\/vc\/demi-moore-y-margaret-qualley-se-unen-para-dar-vida-a-la-sustancia-el-ultimo-estreno-de-insomnia\/","name":"Demi Moore y Margaret Qualley se unen para dar vida a \u201cLa sustancia\u201d el \u00faltimo estreno de INSOMNIA - Valpara\u00ed\u00adso Creativo","isPartOf":{"@id":"https:\/\/dev.antudigital.cl\/sites\/vc\/#website"},"primaryImageOfPage":{"@id":"https:\/\/dev.antudigital.cl\/sites\/vc\/demi-moore-y-margaret-qualley-se-unen-para-dar-vida-a-la-sustancia-el-ultimo-estreno-de-insomnia\/#primaryimage"},"image":{"@id":"https:\/\/dev.antudigital.cl\/sites\/vc\/demi-moore-y-margaret-qualley-se-unen-para-dar-vida-a-la-sustancia-el-ultimo-estreno-de-insomnia\/#primaryimage"},"thumbnailUrl":"https:\/\/dev.antudigital.cl\/sites\/vc\/wp-content\/uploads\/2024\/09\/TheSubstance_Still_01-scaled.jpg","datePublished":"2024-09-23T20:18:37+00:00","dateModified":"2024-09-23T20:18:57+00:00","author":{"@id":"https:\/\/dev.antudigital.cl\/sites\/vc\/#\/schema\/person\/c2b9da8dd545e27166fc5ab232837318"},"breadcrumb":{"@id":"https:\/\/dev.antudigital.cl\/sites\/vc\/demi-moore-y-margaret-qualley-se-unen-para-dar-vida-a-la-sustancia-el-ultimo-estreno-de-insomnia\/#breadcrumb"},"inLanguage":"es","potentialAction":[{"@type":"ReadAction","target":["https:\/\/dev.antudigital.cl\/sites\/vc\/demi-moore-y-margaret-qualley-se-unen-para-dar-vida-a-la-sustancia-el-ultimo-estreno-de-insomnia\/"]}]},{"@type":"ImageObject","inLanguage":"es","@id":"https:\/\/dev.antudigital.cl\/sites\/vc\/demi-moore-y-margaret-qualley-se-unen-para-dar-vida-a-la-sustancia-el-ultimo-estreno-de-insomnia\/#primaryimage","url":"https:\/\/dev.antudigital.cl\/sites\/vc\/wp-content\/uploads\/2024\/09\/TheSubstance_Still_01-scaled.jpg","contentUrl":"https:\/\/dev.antudigital.cl\/sites\/vc\/wp-content\/uploads\/2024\/09\/TheSubstance_Still_01-scaled.jpg","width":2560,"height":1703},{"@type":"BreadcrumbList","@id":"https:\/\/dev.antudigital.cl\/sites\/vc\/demi-moore-y-margaret-qualley-se-unen-para-dar-vida-a-la-sustancia-el-ultimo-estreno-de-insomnia\/#breadcrumb","itemListElement":[{"@type":"ListItem","position":1,"name":"Home","item":"https:\/\/dev.antudigital.cl\/sites\/vc\/"},{"@type":"ListItem","position":2,"name":"Demi Moore y Margaret Qualley se unen para dar vida a \u201cLa sustancia\u201d el \u00faltimo estreno de INSOMNIA"}]},{"@type":"WebSite","@id":"https:\/\/dev.antudigital.cl\/sites\/vc\/#website","url":"https:\/\/dev.antudigital.cl\/sites\/vc\/","name":"Valpara\u00ed\u00adso Creativo","description":"","potentialAction":[{"@type":"SearchAction","target":{"@type":"EntryPoint","urlTemplate":"https:\/\/dev.antudigital.cl\/sites\/vc\/?s={search_term_string}"},"query-input":{"@type":"PropertyValueSpecification","valueRequired":true,"valueName":"search_term_string"}}],"inLanguage":"es"},{"@type":"Person","@id":"https:\/\/dev.antudigital.cl\/sites\/vc\/#\/schema\/person\/c2b9da8dd545e27166fc5ab232837318","name":"Valpara\u00edso Creativo","description":"Periodista de cultura en la Regi\u00f3n de Valpara\u00edso.","url":"https:\/\/dev.antudigital.cl\/sites\/vc\/author\/valpoadmin\/"}]}},"_links":{"self":[{"href":"https:\/\/dev.antudigital.cl\/sites\/vc\/wp-json\/wp\/v2\/posts\/20531","targetHints":{"allow":["GET"]}}],"collection":[{"href":"https:\/\/dev.antudigital.cl\/sites\/vc\/wp-json\/wp\/v2\/posts"}],"about":[{"href":"https:\/\/dev.antudigital.cl\/sites\/vc\/wp-json\/wp\/v2\/types\/post"}],"author":[{"embeddable":true,"href":"https:\/\/dev.antudigital.cl\/sites\/vc\/wp-json\/wp\/v2\/users\/1"}],"replies":[{"embeddable":true,"href":"https:\/\/dev.antudigital.cl\/sites\/vc\/wp-json\/wp\/v2\/comments?post=20531"}],"version-history":[{"count":1,"href":"https:\/\/dev.antudigital.cl\/sites\/vc\/wp-json\/wp\/v2\/posts\/20531\/revisions"}],"predecessor-version":[{"id":20534,"href":"https:\/\/dev.antudigital.cl\/sites\/vc\/wp-json\/wp\/v2\/posts\/20531\/revisions\/20534"}],"wp:featuredmedia":[{"embeddable":true,"href":"https:\/\/dev.antudigital.cl\/sites\/vc\/wp-json\/wp\/v2\/media\/20532"}],"wp:attachment":[{"href":"https:\/\/dev.antudigital.cl\/sites\/vc\/wp-json\/wp\/v2\/media?parent=20531"}],"wp:term":[{"taxonomy":"category","embeddable":true,"href":"https:\/\/dev.antudigital.cl\/sites\/vc\/wp-json\/wp\/v2\/categories?post=20531"},{"taxonomy":"post_tag","embeddable":true,"href":"https:\/\/dev.antudigital.cl\/sites\/vc\/wp-json\/wp\/v2\/tags?post=20531"}],"curies":[{"name":"wp","href":"https:\/\/api.w.org\/{rel}","templated":true}]}}