{"id":20540,"date":"2024-09-23T23:12:46","date_gmt":"2024-09-23T23:12:46","guid":{"rendered":"https:\/\/www.valparaisocreativo.cl\/?p=20540"},"modified":"2024-09-23T23:13:03","modified_gmt":"2024-09-23T23:13:03","slug":"convocatoria-potencia-incubadoras","status":"publish","type":"post","link":"https:\/\/dev.antudigital.cl\/sites\/vc\/convocatoria-potencia-incubadoras\/","title":{"rendered":"Convocatoria: Potencia Incubadoras"},"content":{"rendered":"\n<p>Hasta el: 27 de septiembre 2024.<\/p>\n\n\n\n<h1 class=\"wp-block-heading\">\u00bfQu\u00e9 es?<\/h1>\n\n\n\n<p>Entregar y proveer acomapa\u00f1amiento y servicios especializados a emprendimientos con potencial de ser din\u00e1micos, en etapas iniciales, de crecimiento y\/o de escalamiento de los emprendimientos, con la finalidad de satifacer las necesidades propias de dichas etapas.<\/p>\n\n\n\n<figure class=\"wp-block-embed is-type-video is-provider-youtube wp-block-embed-youtube wp-embed-aspect-16-9 wp-has-aspect-ratio\"><div class=\"wp-block-embed__wrapper\">\n<iframe title=\"Corfo | Webinar Potencia Incubadoras y Aceleradoras 2024\" width=\"800\" height=\"450\" src=\"https:\/\/www.youtube.com\/embed\/xulatYN-6iE?feature=oembed\" frameborder=\"0\" allow=\"accelerometer; autoplay; clipboard-write; encrypted-media; gyroscope; picture-in-picture; web-share\" referrerpolicy=\"strict-origin-when-cross-origin\" allowfullscreen><\/iframe>\n<\/div><\/figure>\n\n\n\n<p><\/p>\n\n\n\n<h2 class=\"wp-block-heading\">\u00bfQui\u00e9nes pueden postular?<\/h2>\n\n\n\n<p>Pueden postular personas jur\u00eddicas constituidas en Chile.<\/p>\n\n\n\n<p><a href=\"https:\/\/corfo.cl\/sites\/cpp\/convocatorias\/movil\/potencia_incubadoras#legales\">Bases legales<\/a><\/p>\n\n\n\n<p>Entidad que postula al subsidio, la que en caso de ser otorgado, deber\u00e1 firmar un convenio con Corfo y ser\u00e1 responsable de la ejecuci\u00f3n del proyecto.<\/p>\n\n\n\n<h2 class=\"wp-block-heading\">\u00bfQu\u00e9 beneficio entrega?<\/h2>\n\n\n\n<p>Corfo cofinanciar\u00e1 hasta el 70,00% del costo total del proyecto para la etapa 1, hasta 60,00% para la etapa 2, y hasta el 50,00% para la etapa 3.<\/p>\n\n\n\n<p>Corfo cofinanciar\u00e1 hasta $240.000.000-, considerando un m\u00e1ximo de $80.000.000.- por cada una de las tres etapas.<\/p>\n\n\n\n<p>El porcentaje m\u00e1ximo de cofinanciamiento por etapa, es el siguiente:<\/p>\n\n\n\n<ul class=\"wp-block-list\">\n<li>Etapa 1: hasta el 70,00% del costo total de la respectiva etapa.<\/li>\n\n\n\n<li>Etapa 2: hasta el 60,00% del costo total de la respectiva etapa.<\/li>\n\n\n\n<li>Etapa 3, hasta el 50,00% del costo total de la respectiva etapa.<\/li>\n<\/ul>\n\n\n\n<p>El monto restante al cofinanciamiento de CORFO, debe ser aportado por el beneficiario. Los aportes podr\u00e1n ser nuevos o pecuniarios y\/o preexistentes o valorizados.<\/p>\n\n\n\n<p>Adem\u00e1s, Corfo otorgar\u00e1 por concepto de Subsidio variable, un pago por etapa de hasta $40.000.000.- en base a la verificaci\u00f3n del cumplimiento de los resultados comprometidos por el beneficiario, en relaci\u00f3n con las m\u00e9tricas asociadas al portafolio de emprendimientos atendidos.<\/p>\n\n\n\n<p><a href=\"https:\/\/corfo.cl\/sites\/cpp\/convocatorias\/movil\/potencia_incubadoras\"><strong>Revisa todos los detalles aqu\u00ed.<\/strong><\/a><\/p>\n","protected":false},"excerpt":{"rendered":"<p>Hasta el: 27 de septiembre 2024. \u00bfQu\u00e9 es? Entregar y proveer acomapa\u00f1amiento y servicios especializados a emprendimientos con potencial de ser din\u00e1micos, en etapas iniciales, de crecimiento y\/o de escalamiento de los emprendimientos, con la finalidad de satifacer las necesidades propias de dichas etapas. \u00bfQui\u00e9nes pueden postular? Pueden postular personas jur\u00eddicas constituidas en Chile. Bases [&hellip;]<\/p>\n","protected":false},"author":1,"featured_media":20208,"comment_status":"closed","ping_status":"closed","sticky":false,"template":"","format":"standard","meta":{"_acf_changed":false,"footnotes":""},"categories":[8],"tags":[],"class_list":["post-20540","post","type-post","status-publish","format-standard","has-post-thumbnail","hentry","category-noticia"],"acf":[],"yoast_head":"<!-- This site is optimized with the Yoast SEO plugin v27.1.1 - https:\/\/yoast.com\/product\/yoast-seo-wordpress\/ -->\n<title>Convocatoria: Potencia Incubadoras - Valpara\u00ed\u00adso Creativo<\/title>\n<meta name=\"robots\" content=\"index, follow, max-snippet:-1, max-image-preview:large, max-video-preview:-1\" \/>\n<link rel=\"canonical\" href=\"https:\/\/dev.antudigital.cl\/sites\/vc\/convocatoria-potencia-incubadoras\/\" \/>\n<meta property=\"og:locale\" content=\"es_ES\" \/>\n<meta property=\"og:type\" content=\"article\" \/>\n<meta property=\"og:title\" content=\"Convocatoria: Potencia Incubadoras - Valpara\u00ed\u00adso Creativo\" \/>\n<meta property=\"og:description\" content=\"Hasta el: 27 de septiembre 2024. \u00bfQu\u00e9 es? Entregar y proveer acomapa\u00f1amiento y servicios especializados a emprendimientos con potencial de ser din\u00e1micos, en etapas iniciales, de crecimiento y\/o de escalamiento de los emprendimientos, con la finalidad de satifacer las necesidades propias de dichas etapas. \u00bfQui\u00e9nes pueden postular? Pueden postular personas jur\u00eddicas constituidas en Chile. Bases [&hellip;]\" \/>\n<meta property=\"og:url\" content=\"https:\/\/dev.antudigital.cl\/sites\/vc\/convocatoria-potencia-incubadoras\/\" \/>\n<meta property=\"og:site_name\" content=\"Valpara\u00ed\u00adso Creativo\" \/>\n<meta property=\"article:published_time\" content=\"2024-09-23T23:12:46+00:00\" \/>\n<meta property=\"article:modified_time\" content=\"2024-09-23T23:13:03+00:00\" \/>\n<meta property=\"og:image\" content=\"https:\/\/dev.antudigital.cl\/sites\/vc\/wp-content\/uploads\/2024\/09\/Captura-de-Pantalla-2024-09-02-a-las-18.26.10.png\" \/>\n\t<meta property=\"og:image:width\" content=\"614\" \/>\n\t<meta property=\"og:image:height\" content=\"170\" \/>\n\t<meta property=\"og:image:type\" content=\"image\/png\" \/>\n<meta name=\"author\" content=\"Valpara\u00edso Creativo\" \/>\n<meta name=\"twitter:card\" content=\"summary_large_image\" \/>\n<meta name=\"twitter:label1\" content=\"Escrito por\" \/>\n\t<meta name=\"twitter:data1\" content=\"Valpara\u00edso Creativo\" \/>\n\t<meta name=\"twitter:label2\" content=\"Tiempo de lectura\" \/>\n\t<meta name=\"twitter:data2\" content=\"2 minutos\" \/>\n<script type=\"application\/ld+json\" class=\"yoast-schema-graph\">{\"@context\":\"https:\/\/schema.org\",\"@graph\":[{\"@type\":\"Article\",\"@id\":\"https:\/\/dev.antudigital.cl\/sites\/vc\/convocatoria-potencia-incubadoras\/#article\",\"isPartOf\":{\"@id\":\"https:\/\/dev.antudigital.cl\/sites\/vc\/convocatoria-potencia-incubadoras\/\"},\"author\":{\"name\":\"Valpara\u00edso Creativo\",\"@id\":\"https:\/\/dev.antudigital.cl\/sites\/vc\/#\/schema\/person\/c2b9da8dd545e27166fc5ab232837318\"},\"headline\":\"Convocatoria: Potencia Incubadoras\",\"datePublished\":\"2024-09-23T23:12:46+00:00\",\"dateModified\":\"2024-09-23T23:13:03+00:00\",\"mainEntityOfPage\":{\"@id\":\"https:\/\/dev.antudigital.cl\/sites\/vc\/convocatoria-potencia-incubadoras\/\"},\"wordCount\":255,\"image\":{\"@id\":\"https:\/\/dev.antudigital.cl\/sites\/vc\/convocatoria-potencia-incubadoras\/#primaryimage\"},\"thumbnailUrl\":\"https:\/\/dev.antudigital.cl\/sites\/vc\/wp-content\/uploads\/2024\/09\/Captura-de-Pantalla-2024-09-02-a-las-18.26.10.png\",\"articleSection\":[\"Noticia\"],\"inLanguage\":\"es\"},{\"@type\":\"WebPage\",\"@id\":\"https:\/\/dev.antudigital.cl\/sites\/vc\/convocatoria-potencia-incubadoras\/\",\"url\":\"https:\/\/dev.antudigital.cl\/sites\/vc\/convocatoria-potencia-incubadoras\/\",\"name\":\"Convocatoria: Potencia Incubadoras - Valpara\u00ed\u00adso Creativo\",\"isPartOf\":{\"@id\":\"https:\/\/dev.antudigital.cl\/sites\/vc\/#website\"},\"primaryImageOfPage\":{\"@id\":\"https:\/\/dev.antudigital.cl\/sites\/vc\/convocatoria-potencia-incubadoras\/#primaryimage\"},\"image\":{\"@id\":\"https:\/\/dev.antudigital.cl\/sites\/vc\/convocatoria-potencia-incubadoras\/#primaryimage\"},\"thumbnailUrl\":\"https:\/\/dev.antudigital.cl\/sites\/vc\/wp-content\/uploads\/2024\/09\/Captura-de-Pantalla-2024-09-02-a-las-18.26.10.png\",\"datePublished\":\"2024-09-23T23:12:46+00:00\",\"dateModified\":\"2024-09-23T23:13:03+00:00\",\"author\":{\"@id\":\"https:\/\/dev.antudigital.cl\/sites\/vc\/#\/schema\/person\/c2b9da8dd545e27166fc5ab232837318\"},\"breadcrumb\":{\"@id\":\"https:\/\/dev.antudigital.cl\/sites\/vc\/convocatoria-potencia-incubadoras\/#breadcrumb\"},\"inLanguage\":\"es\",\"potentialAction\":[{\"@type\":\"ReadAction\",\"target\":[\"https:\/\/dev.antudigital.cl\/sites\/vc\/convocatoria-potencia-incubadoras\/\"]}]},{\"@type\":\"ImageObject\",\"inLanguage\":\"es\",\"@id\":\"https:\/\/dev.antudigital.cl\/sites\/vc\/convocatoria-potencia-incubadoras\/#primaryimage\",\"url\":\"https:\/\/dev.antudigital.cl\/sites\/vc\/wp-content\/uploads\/2024\/09\/Captura-de-Pantalla-2024-09-02-a-las-18.26.10.png\",\"contentUrl\":\"https:\/\/dev.antudigital.cl\/sites\/vc\/wp-content\/uploads\/2024\/09\/Captura-de-Pantalla-2024-09-02-a-las-18.26.10.png\",\"width\":614,\"height\":170},{\"@type\":\"BreadcrumbList\",\"@id\":\"https:\/\/dev.antudigital.cl\/sites\/vc\/convocatoria-potencia-incubadoras\/#breadcrumb\",\"itemListElement\":[{\"@type\":\"ListItem\",\"position\":1,\"name\":\"Home\",\"item\":\"https:\/\/dev.antudigital.cl\/sites\/vc\/\"},{\"@type\":\"ListItem\",\"position\":2,\"name\":\"Convocatoria: Potencia Incubadoras\"}]},{\"@type\":\"WebSite\",\"@id\":\"https:\/\/dev.antudigital.cl\/sites\/vc\/#website\",\"url\":\"https:\/\/dev.antudigital.cl\/sites\/vc\/\",\"name\":\"Valpara\u00ed\u00adso Creativo\",\"description\":\"\",\"potentialAction\":[{\"@type\":\"SearchAction\",\"target\":{\"@type\":\"EntryPoint\",\"urlTemplate\":\"https:\/\/dev.antudigital.cl\/sites\/vc\/?s={search_term_string}\"},\"query-input\":{\"@type\":\"PropertyValueSpecification\",\"valueRequired\":true,\"valueName\":\"search_term_string\"}}],\"inLanguage\":\"es\"},{\"@type\":\"Person\",\"@id\":\"https:\/\/dev.antudigital.cl\/sites\/vc\/#\/schema\/person\/c2b9da8dd545e27166fc5ab232837318\",\"name\":\"Valpara\u00edso Creativo\",\"description\":\"Periodista de cultura en la Regi\u00f3n de Valpara\u00edso.\",\"url\":\"https:\/\/dev.antudigital.cl\/sites\/vc\/author\/valpoadmin\/\"}]}<\/script>\n<!-- \/ Yoast SEO plugin. -->","yoast_head_json":{"title":"Convocatoria: Potencia Incubadoras - Valpara\u00ed\u00adso Creativo","robots":{"index":"index","follow":"follow","max-snippet":"max-snippet:-1","max-image-preview":"max-image-preview:large","max-video-preview":"max-video-preview:-1"},"canonical":"https:\/\/dev.antudigital.cl\/sites\/vc\/convocatoria-potencia-incubadoras\/","og_locale":"es_ES","og_type":"article","og_title":"Convocatoria: Potencia Incubadoras - Valpara\u00ed\u00adso Creativo","og_description":"Hasta el: 27 de septiembre 2024. \u00bfQu\u00e9 es? Entregar y proveer acomapa\u00f1amiento y servicios especializados a emprendimientos con potencial de ser din\u00e1micos, en etapas iniciales, de crecimiento y\/o de escalamiento de los emprendimientos, con la finalidad de satifacer las necesidades propias de dichas etapas. \u00bfQui\u00e9nes pueden postular? Pueden postular personas jur\u00eddicas constituidas en Chile. Bases [&hellip;]","og_url":"https:\/\/dev.antudigital.cl\/sites\/vc\/convocatoria-potencia-incubadoras\/","og_site_name":"Valpara\u00ed\u00adso Creativo","article_published_time":"2024-09-23T23:12:46+00:00","article_modified_time":"2024-09-23T23:13:03+00:00","og_image":[{"width":614,"height":170,"url":"https:\/\/dev.antudigital.cl\/sites\/vc\/wp-content\/uploads\/2024\/09\/Captura-de-Pantalla-2024-09-02-a-las-18.26.10.png","type":"image\/png"}],"author":"Valpara\u00edso Creativo","twitter_card":"summary_large_image","twitter_misc":{"Escrito por":"Valpara\u00edso Creativo","Tiempo de lectura":"2 minutos"},"schema":{"@context":"https:\/\/schema.org","@graph":[{"@type":"Article","@id":"https:\/\/dev.antudigital.cl\/sites\/vc\/convocatoria-potencia-incubadoras\/#article","isPartOf":{"@id":"https:\/\/dev.antudigital.cl\/sites\/vc\/convocatoria-potencia-incubadoras\/"},"author":{"name":"Valpara\u00edso Creativo","@id":"https:\/\/dev.antudigital.cl\/sites\/vc\/#\/schema\/person\/c2b9da8dd545e27166fc5ab232837318"},"headline":"Convocatoria: Potencia Incubadoras","datePublished":"2024-09-23T23:12:46+00:00","dateModified":"2024-09-23T23:13:03+00:00","mainEntityOfPage":{"@id":"https:\/\/dev.antudigital.cl\/sites\/vc\/convocatoria-potencia-incubadoras\/"},"wordCount":255,"image":{"@id":"https:\/\/dev.antudigital.cl\/sites\/vc\/convocatoria-potencia-incubadoras\/#primaryimage"},"thumbnailUrl":"https:\/\/dev.antudigital.cl\/sites\/vc\/wp-content\/uploads\/2024\/09\/Captura-de-Pantalla-2024-09-02-a-las-18.26.10.png","articleSection":["Noticia"],"inLanguage":"es"},{"@type":"WebPage","@id":"https:\/\/dev.antudigital.cl\/sites\/vc\/convocatoria-potencia-incubadoras\/","url":"https:\/\/dev.antudigital.cl\/sites\/vc\/convocatoria-potencia-incubadoras\/","name":"Convocatoria: Potencia Incubadoras - Valpara\u00ed\u00adso Creativo","isPartOf":{"@id":"https:\/\/dev.antudigital.cl\/sites\/vc\/#website"},"primaryImageOfPage":{"@id":"https:\/\/dev.antudigital.cl\/sites\/vc\/convocatoria-potencia-incubadoras\/#primaryimage"},"image":{"@id":"https:\/\/dev.antudigital.cl\/sites\/vc\/convocatoria-potencia-incubadoras\/#primaryimage"},"thumbnailUrl":"https:\/\/dev.antudigital.cl\/sites\/vc\/wp-content\/uploads\/2024\/09\/Captura-de-Pantalla-2024-09-02-a-las-18.26.10.png","datePublished":"2024-09-23T23:12:46+00:00","dateModified":"2024-09-23T23:13:03+00:00","author":{"@id":"https:\/\/dev.antudigital.cl\/sites\/vc\/#\/schema\/person\/c2b9da8dd545e27166fc5ab232837318"},"breadcrumb":{"@id":"https:\/\/dev.antudigital.cl\/sites\/vc\/convocatoria-potencia-incubadoras\/#breadcrumb"},"inLanguage":"es","potentialAction":[{"@type":"ReadAction","target":["https:\/\/dev.antudigital.cl\/sites\/vc\/convocatoria-potencia-incubadoras\/"]}]},{"@type":"ImageObject","inLanguage":"es","@id":"https:\/\/dev.antudigital.cl\/sites\/vc\/convocatoria-potencia-incubadoras\/#primaryimage","url":"https:\/\/dev.antudigital.cl\/sites\/vc\/wp-content\/uploads\/2024\/09\/Captura-de-Pantalla-2024-09-02-a-las-18.26.10.png","contentUrl":"https:\/\/dev.antudigital.cl\/sites\/vc\/wp-content\/uploads\/2024\/09\/Captura-de-Pantalla-2024-09-02-a-las-18.26.10.png","width":614,"height":170},{"@type":"BreadcrumbList","@id":"https:\/\/dev.antudigital.cl\/sites\/vc\/convocatoria-potencia-incubadoras\/#breadcrumb","itemListElement":[{"@type":"ListItem","position":1,"name":"Home","item":"https:\/\/dev.antudigital.cl\/sites\/vc\/"},{"@type":"ListItem","position":2,"name":"Convocatoria: Potencia Incubadoras"}]},{"@type":"WebSite","@id":"https:\/\/dev.antudigital.cl\/sites\/vc\/#website","url":"https:\/\/dev.antudigital.cl\/sites\/vc\/","name":"Valpara\u00ed\u00adso Creativo","description":"","potentialAction":[{"@type":"SearchAction","target":{"@type":"EntryPoint","urlTemplate":"https:\/\/dev.antudigital.cl\/sites\/vc\/?s={search_term_string}"},"query-input":{"@type":"PropertyValueSpecification","valueRequired":true,"valueName":"search_term_string"}}],"inLanguage":"es"},{"@type":"Person","@id":"https:\/\/dev.antudigital.cl\/sites\/vc\/#\/schema\/person\/c2b9da8dd545e27166fc5ab232837318","name":"Valpara\u00edso Creativo","description":"Periodista de cultura en la Regi\u00f3n de Valpara\u00edso.","url":"https:\/\/dev.antudigital.cl\/sites\/vc\/author\/valpoadmin\/"}]}},"_links":{"self":[{"href":"https:\/\/dev.antudigital.cl\/sites\/vc\/wp-json\/wp\/v2\/posts\/20540","targetHints":{"allow":["GET"]}}],"collection":[{"href":"https:\/\/dev.antudigital.cl\/sites\/vc\/wp-json\/wp\/v2\/posts"}],"about":[{"href":"https:\/\/dev.antudigital.cl\/sites\/vc\/wp-json\/wp\/v2\/types\/post"}],"author":[{"embeddable":true,"href":"https:\/\/dev.antudigital.cl\/sites\/vc\/wp-json\/wp\/v2\/users\/1"}],"replies":[{"embeddable":true,"href":"https:\/\/dev.antudigital.cl\/sites\/vc\/wp-json\/wp\/v2\/comments?post=20540"}],"version-history":[{"count":1,"href":"https:\/\/dev.antudigital.cl\/sites\/vc\/wp-json\/wp\/v2\/posts\/20540\/revisions"}],"predecessor-version":[{"id":20541,"href":"https:\/\/dev.antudigital.cl\/sites\/vc\/wp-json\/wp\/v2\/posts\/20540\/revisions\/20541"}],"wp:featuredmedia":[{"embeddable":true,"href":"https:\/\/dev.antudigital.cl\/sites\/vc\/wp-json\/wp\/v2\/media\/20208"}],"wp:attachment":[{"href":"https:\/\/dev.antudigital.cl\/sites\/vc\/wp-json\/wp\/v2\/media?parent=20540"}],"wp:term":[{"taxonomy":"category","embeddable":true,"href":"https:\/\/dev.antudigital.cl\/sites\/vc\/wp-json\/wp\/v2\/categories?post=20540"},{"taxonomy":"post_tag","embeddable":true,"href":"https:\/\/dev.antudigital.cl\/sites\/vc\/wp-json\/wp\/v2\/tags?post=20540"}],"curies":[{"name":"wp","href":"https:\/\/api.w.org\/{rel}","templated":true}]}}