{"id":20542,"date":"2024-09-23T23:17:54","date_gmt":"2024-09-23T23:17:54","guid":{"rendered":"https:\/\/www.valparaisocreativo.cl\/?p=20542"},"modified":"2024-09-23T23:24:12","modified_gmt":"2024-09-23T23:24:12","slug":"gobierno-regional-fondo-regional-para-la-productividad-y-el-desarrollo-frpd-2024","status":"publish","type":"post","link":"https:\/\/dev.antudigital.cl\/sites\/vc\/gobierno-regional-fondo-regional-para-la-productividad-y-el-desarrollo-frpd-2024\/","title":{"rendered":"Gobierno Regional: Fondo Regional para la productividad y el desarrollo FRPD 2024"},"content":{"rendered":"\n<p><br><strong>El Fondo Regional para la Productividad y el Desarrollo (FRPD),&nbsp;<\/strong>es un instrumento creado a partir de la Ley N\u00b021.591 sobre Royalty a la Miner\u00eda, donde en su art\u00edculo N\u00b013 indica que los recursos se destinar\u00e1n al financiamiento de los gobiernos regionales a trav\u00e9s de sus presupuestos de inversi\u00f3n, de conformidad a lo establecido en la ley, distribuy\u00e9ndose seg\u00fan las mismas reglas del Fondo Nacional de Desarrollo Regional (FNDR), dispuesto en el art\u00edculo 74 de la ley N\u00b019.175, org\u00e1nica constitucional sobre Gobierno y Administraci\u00f3n Regional.<\/p>\n\n\n\n<p>Los recursos que este fondo entrega estan orientados&nbsp; a financiar iniciativas en el \u00e1mbito&nbsp; productivo, considerando&nbsp;<strong>Proyectos, Planes y Programas<\/strong>&nbsp;que tengan por objeto el fomento de actividades productivas y la promoci\u00f3n de la investigaci\u00f3n cient\u00edfica y tecnol\u00f3gica<strong>,<\/strong>&nbsp;en l\u00ednea con la Estrategia Regional de Desarrollo (ERD), las prioridades estrat\u00e9gicas regionales en materia de fomento a las actividades productivas y la Estrategia Regional de Innovaci\u00f3n, y no podran exceder los 24 meses para su respectiva ejecuci\u00f3n.<\/p>\n\n\n\n<p><strong>Las iniciativas a financiar en la Regi\u00f3n de Valpara\u00edso<\/strong>&nbsp;<strong>deber\u00e1n apuntar a alguna de las once l\u00edneas de financiamiento definidas como estrat\u00e9gicas y prioritarias de abordar a trav\u00e9s del FRPD \u2013 2024<\/strong>, y&nbsp;deber\u00e1n ajustarse a los \u00e1mbitos de acci\u00f3n establecidos en la Resoluci\u00f3n N\u00b0 33 de 2024 de la Subsecretar\u00eda de Ciencia, Tecnolog\u00eda, Conocimiento e Innovaci\u00f3n, las cuales son<strong>: Investigaci\u00f3n<\/strong>:&nbsp;<strong>Innovaci\u00f3n, Emprendimiento (Empresa), Divulgaci\u00f3n, difusi\u00f3n y transferencia tecnol\u00f3gica.<\/strong><\/p>\n\n\n\n<p>Sobre la distribuci\u00f3n presupuestaria, esta fue aprobada mediante acuerdo N\u00ba 11259\/06\/24 adoptado en su 884\u00b0 sesi\u00f3n ordinaria de fecha 06 de junio de 2024, por el Consejo Regional de Valpara\u00edso, qui\u00e9n aprob\u00f3 la distribuci\u00f3n de recursos del FRPD, asignando&nbsp;un total de&nbsp;<strong>M$ 3.000.000 (Tres mil millones de pesos)<\/strong>&nbsp;para la realizaci\u00f3n del concurso 2024 y esta calendarizado para que los proyectos aprobados comiencen su ejecuci\u00f3n el 2025.<\/p>\n\n\n\n<p>Los primeros 10 d\u00edas h\u00e1biles son para que las instituciones interesadas en postular se inscriban e identifiquen al que ser\u00e1 el director del proyecto. Desde el dia 11 se podr\u00e1 comenzar la carga de informaci\u00f3n de los proyectos a postular durante 30 d\u00edas corridos. Toda la informaci\u00f3n, plazos, periodo de preguntas y bases est\u00e1 disponible en la web del Gobierno Regional www.gobiernovalparaiso.cl.&nbsp;<\/p>\n\n\n\n<p><a href=\"http:\/\/www.frpd.gobiernovalparaiso.cl\/concursos.php\">Ingresa haciendo click aqu\u00ed.<\/a><\/p>\n","protected":false},"excerpt":{"rendered":"<p>El Fondo Regional para la Productividad y el Desarrollo (FRPD),&nbsp;es un instrumento creado a partir de la Ley N\u00b021.591 sobre Royalty a la Miner\u00eda, donde en su art\u00edculo N\u00b013 indica que los recursos se destinar\u00e1n al financiamiento de los gobiernos regionales a trav\u00e9s de sus presupuestos de inversi\u00f3n, de conformidad a lo establecido en la [&hellip;]<\/p>\n","protected":false},"author":1,"featured_media":20544,"comment_status":"closed","ping_status":"closed","sticky":false,"template":"","format":"standard","meta":{"_acf_changed":false,"footnotes":""},"categories":[8],"tags":[],"class_list":["post-20542","post","type-post","status-publish","format-standard","has-post-thumbnail","hentry","category-noticia"],"acf":[],"yoast_head":"<!-- This site is optimized with the Yoast SEO plugin v27.1.1 - https:\/\/yoast.com\/product\/yoast-seo-wordpress\/ -->\n<title>Gobierno Regional: Fondo Regional para la productividad y el desarrollo FRPD 2024 - Valpara\u00ed\u00adso Creativo<\/title>\n<meta name=\"robots\" content=\"index, follow, max-snippet:-1, max-image-preview:large, max-video-preview:-1\" \/>\n<link rel=\"canonical\" href=\"https:\/\/dev.antudigital.cl\/sites\/vc\/gobierno-regional-fondo-regional-para-la-productividad-y-el-desarrollo-frpd-2024\/\" \/>\n<meta property=\"og:locale\" content=\"es_ES\" \/>\n<meta property=\"og:type\" content=\"article\" \/>\n<meta property=\"og:title\" content=\"Gobierno Regional: Fondo Regional para la productividad y el desarrollo FRPD 2024 - Valpara\u00ed\u00adso Creativo\" \/>\n<meta property=\"og:description\" content=\"El Fondo Regional para la Productividad y el Desarrollo (FRPD),&nbsp;es un instrumento creado a partir de la Ley N\u00b021.591 sobre Royalty a la Miner\u00eda, donde en su art\u00edculo N\u00b013 indica que los recursos se destinar\u00e1n al financiamiento de los gobiernos regionales a trav\u00e9s de sus presupuestos de inversi\u00f3n, de conformidad a lo establecido en la [&hellip;]\" \/>\n<meta property=\"og:url\" content=\"https:\/\/dev.antudigital.cl\/sites\/vc\/gobierno-regional-fondo-regional-para-la-productividad-y-el-desarrollo-frpd-2024\/\" \/>\n<meta property=\"og:site_name\" content=\"Valpara\u00ed\u00adso Creativo\" \/>\n<meta property=\"article:published_time\" content=\"2024-09-23T23:17:54+00:00\" \/>\n<meta property=\"article:modified_time\" content=\"2024-09-23T23:24:12+00:00\" \/>\n<meta property=\"og:image\" content=\"https:\/\/dev.antudigital.cl\/sites\/vc\/wp-content\/uploads\/2024\/09\/Captura-de-Pantalla-2024-09-23-a-las-20.13.30.png\" \/>\n\t<meta property=\"og:image:width\" content=\"979\" \/>\n\t<meta property=\"og:image:height\" content=\"193\" \/>\n\t<meta property=\"og:image:type\" content=\"image\/png\" \/>\n<meta name=\"author\" content=\"Valpara\u00edso Creativo\" \/>\n<meta name=\"twitter:card\" content=\"summary_large_image\" \/>\n<meta name=\"twitter:label1\" content=\"Escrito por\" \/>\n\t<meta name=\"twitter:data1\" content=\"Valpara\u00edso Creativo\" \/>\n\t<meta name=\"twitter:label2\" content=\"Tiempo de lectura\" \/>\n\t<meta name=\"twitter:data2\" content=\"2 minutos\" \/>\n<script type=\"application\/ld+json\" class=\"yoast-schema-graph\">{\"@context\":\"https:\/\/schema.org\",\"@graph\":[{\"@type\":\"Article\",\"@id\":\"https:\/\/dev.antudigital.cl\/sites\/vc\/gobierno-regional-fondo-regional-para-la-productividad-y-el-desarrollo-frpd-2024\/#article\",\"isPartOf\":{\"@id\":\"https:\/\/dev.antudigital.cl\/sites\/vc\/gobierno-regional-fondo-regional-para-la-productividad-y-el-desarrollo-frpd-2024\/\"},\"author\":{\"name\":\"Valpara\u00edso Creativo\",\"@id\":\"https:\/\/dev.antudigital.cl\/sites\/vc\/#\/schema\/person\/c2b9da8dd545e27166fc5ab232837318\"},\"headline\":\"Gobierno Regional: Fondo Regional para la productividad y el desarrollo FRPD 2024\",\"datePublished\":\"2024-09-23T23:17:54+00:00\",\"dateModified\":\"2024-09-23T23:24:12+00:00\",\"mainEntityOfPage\":{\"@id\":\"https:\/\/dev.antudigital.cl\/sites\/vc\/gobierno-regional-fondo-regional-para-la-productividad-y-el-desarrollo-frpd-2024\/\"},\"wordCount\":421,\"image\":{\"@id\":\"https:\/\/dev.antudigital.cl\/sites\/vc\/gobierno-regional-fondo-regional-para-la-productividad-y-el-desarrollo-frpd-2024\/#primaryimage\"},\"thumbnailUrl\":\"https:\/\/dev.antudigital.cl\/sites\/vc\/wp-content\/uploads\/2024\/09\/Captura-de-Pantalla-2024-09-23-a-las-20.13.30.png\",\"articleSection\":[\"Noticia\"],\"inLanguage\":\"es\"},{\"@type\":\"WebPage\",\"@id\":\"https:\/\/dev.antudigital.cl\/sites\/vc\/gobierno-regional-fondo-regional-para-la-productividad-y-el-desarrollo-frpd-2024\/\",\"url\":\"https:\/\/dev.antudigital.cl\/sites\/vc\/gobierno-regional-fondo-regional-para-la-productividad-y-el-desarrollo-frpd-2024\/\",\"name\":\"Gobierno Regional: Fondo Regional para la productividad y el desarrollo FRPD 2024 - Valpara\u00ed\u00adso Creativo\",\"isPartOf\":{\"@id\":\"https:\/\/dev.antudigital.cl\/sites\/vc\/#website\"},\"primaryImageOfPage\":{\"@id\":\"https:\/\/dev.antudigital.cl\/sites\/vc\/gobierno-regional-fondo-regional-para-la-productividad-y-el-desarrollo-frpd-2024\/#primaryimage\"},\"image\":{\"@id\":\"https:\/\/dev.antudigital.cl\/sites\/vc\/gobierno-regional-fondo-regional-para-la-productividad-y-el-desarrollo-frpd-2024\/#primaryimage\"},\"thumbnailUrl\":\"https:\/\/dev.antudigital.cl\/sites\/vc\/wp-content\/uploads\/2024\/09\/Captura-de-Pantalla-2024-09-23-a-las-20.13.30.png\",\"datePublished\":\"2024-09-23T23:17:54+00:00\",\"dateModified\":\"2024-09-23T23:24:12+00:00\",\"author\":{\"@id\":\"https:\/\/dev.antudigital.cl\/sites\/vc\/#\/schema\/person\/c2b9da8dd545e27166fc5ab232837318\"},\"breadcrumb\":{\"@id\":\"https:\/\/dev.antudigital.cl\/sites\/vc\/gobierno-regional-fondo-regional-para-la-productividad-y-el-desarrollo-frpd-2024\/#breadcrumb\"},\"inLanguage\":\"es\",\"potentialAction\":[{\"@type\":\"ReadAction\",\"target\":[\"https:\/\/dev.antudigital.cl\/sites\/vc\/gobierno-regional-fondo-regional-para-la-productividad-y-el-desarrollo-frpd-2024\/\"]}]},{\"@type\":\"ImageObject\",\"inLanguage\":\"es\",\"@id\":\"https:\/\/dev.antudigital.cl\/sites\/vc\/gobierno-regional-fondo-regional-para-la-productividad-y-el-desarrollo-frpd-2024\/#primaryimage\",\"url\":\"https:\/\/dev.antudigital.cl\/sites\/vc\/wp-content\/uploads\/2024\/09\/Captura-de-Pantalla-2024-09-23-a-las-20.13.30.png\",\"contentUrl\":\"https:\/\/dev.antudigital.cl\/sites\/vc\/wp-content\/uploads\/2024\/09\/Captura-de-Pantalla-2024-09-23-a-las-20.13.30.png\",\"width\":979,\"height\":193},{\"@type\":\"BreadcrumbList\",\"@id\":\"https:\/\/dev.antudigital.cl\/sites\/vc\/gobierno-regional-fondo-regional-para-la-productividad-y-el-desarrollo-frpd-2024\/#breadcrumb\",\"itemListElement\":[{\"@type\":\"ListItem\",\"position\":1,\"name\":\"Home\",\"item\":\"https:\/\/dev.antudigital.cl\/sites\/vc\/\"},{\"@type\":\"ListItem\",\"position\":2,\"name\":\"Gobierno Regional: Fondo Regional para la productividad y el desarrollo FRPD 2024\"}]},{\"@type\":\"WebSite\",\"@id\":\"https:\/\/dev.antudigital.cl\/sites\/vc\/#website\",\"url\":\"https:\/\/dev.antudigital.cl\/sites\/vc\/\",\"name\":\"Valpara\u00ed\u00adso Creativo\",\"description\":\"\",\"potentialAction\":[{\"@type\":\"SearchAction\",\"target\":{\"@type\":\"EntryPoint\",\"urlTemplate\":\"https:\/\/dev.antudigital.cl\/sites\/vc\/?s={search_term_string}\"},\"query-input\":{\"@type\":\"PropertyValueSpecification\",\"valueRequired\":true,\"valueName\":\"search_term_string\"}}],\"inLanguage\":\"es\"},{\"@type\":\"Person\",\"@id\":\"https:\/\/dev.antudigital.cl\/sites\/vc\/#\/schema\/person\/c2b9da8dd545e27166fc5ab232837318\",\"name\":\"Valpara\u00edso Creativo\",\"description\":\"Periodista de cultura en la Regi\u00f3n de Valpara\u00edso.\",\"url\":\"https:\/\/dev.antudigital.cl\/sites\/vc\/author\/valpoadmin\/\"}]}<\/script>\n<!-- \/ Yoast SEO plugin. -->","yoast_head_json":{"title":"Gobierno Regional: Fondo Regional para la productividad y el desarrollo FRPD 2024 - Valpara\u00ed\u00adso Creativo","robots":{"index":"index","follow":"follow","max-snippet":"max-snippet:-1","max-image-preview":"max-image-preview:large","max-video-preview":"max-video-preview:-1"},"canonical":"https:\/\/dev.antudigital.cl\/sites\/vc\/gobierno-regional-fondo-regional-para-la-productividad-y-el-desarrollo-frpd-2024\/","og_locale":"es_ES","og_type":"article","og_title":"Gobierno Regional: Fondo Regional para la productividad y el desarrollo FRPD 2024 - Valpara\u00ed\u00adso Creativo","og_description":"El Fondo Regional para la Productividad y el Desarrollo (FRPD),&nbsp;es un instrumento creado a partir de la Ley N\u00b021.591 sobre Royalty a la Miner\u00eda, donde en su art\u00edculo N\u00b013 indica que los recursos se destinar\u00e1n al financiamiento de los gobiernos regionales a trav\u00e9s de sus presupuestos de inversi\u00f3n, de conformidad a lo establecido en la [&hellip;]","og_url":"https:\/\/dev.antudigital.cl\/sites\/vc\/gobierno-regional-fondo-regional-para-la-productividad-y-el-desarrollo-frpd-2024\/","og_site_name":"Valpara\u00ed\u00adso Creativo","article_published_time":"2024-09-23T23:17:54+00:00","article_modified_time":"2024-09-23T23:24:12+00:00","og_image":[{"width":979,"height":193,"url":"https:\/\/dev.antudigital.cl\/sites\/vc\/wp-content\/uploads\/2024\/09\/Captura-de-Pantalla-2024-09-23-a-las-20.13.30.png","type":"image\/png"}],"author":"Valpara\u00edso Creativo","twitter_card":"summary_large_image","twitter_misc":{"Escrito por":"Valpara\u00edso Creativo","Tiempo de lectura":"2 minutos"},"schema":{"@context":"https:\/\/schema.org","@graph":[{"@type":"Article","@id":"https:\/\/dev.antudigital.cl\/sites\/vc\/gobierno-regional-fondo-regional-para-la-productividad-y-el-desarrollo-frpd-2024\/#article","isPartOf":{"@id":"https:\/\/dev.antudigital.cl\/sites\/vc\/gobierno-regional-fondo-regional-para-la-productividad-y-el-desarrollo-frpd-2024\/"},"author":{"name":"Valpara\u00edso Creativo","@id":"https:\/\/dev.antudigital.cl\/sites\/vc\/#\/schema\/person\/c2b9da8dd545e27166fc5ab232837318"},"headline":"Gobierno Regional: Fondo Regional para la productividad y el desarrollo FRPD 2024","datePublished":"2024-09-23T23:17:54+00:00","dateModified":"2024-09-23T23:24:12+00:00","mainEntityOfPage":{"@id":"https:\/\/dev.antudigital.cl\/sites\/vc\/gobierno-regional-fondo-regional-para-la-productividad-y-el-desarrollo-frpd-2024\/"},"wordCount":421,"image":{"@id":"https:\/\/dev.antudigital.cl\/sites\/vc\/gobierno-regional-fondo-regional-para-la-productividad-y-el-desarrollo-frpd-2024\/#primaryimage"},"thumbnailUrl":"https:\/\/dev.antudigital.cl\/sites\/vc\/wp-content\/uploads\/2024\/09\/Captura-de-Pantalla-2024-09-23-a-las-20.13.30.png","articleSection":["Noticia"],"inLanguage":"es"},{"@type":"WebPage","@id":"https:\/\/dev.antudigital.cl\/sites\/vc\/gobierno-regional-fondo-regional-para-la-productividad-y-el-desarrollo-frpd-2024\/","url":"https:\/\/dev.antudigital.cl\/sites\/vc\/gobierno-regional-fondo-regional-para-la-productividad-y-el-desarrollo-frpd-2024\/","name":"Gobierno Regional: Fondo Regional para la productividad y el desarrollo FRPD 2024 - Valpara\u00ed\u00adso Creativo","isPartOf":{"@id":"https:\/\/dev.antudigital.cl\/sites\/vc\/#website"},"primaryImageOfPage":{"@id":"https:\/\/dev.antudigital.cl\/sites\/vc\/gobierno-regional-fondo-regional-para-la-productividad-y-el-desarrollo-frpd-2024\/#primaryimage"},"image":{"@id":"https:\/\/dev.antudigital.cl\/sites\/vc\/gobierno-regional-fondo-regional-para-la-productividad-y-el-desarrollo-frpd-2024\/#primaryimage"},"thumbnailUrl":"https:\/\/dev.antudigital.cl\/sites\/vc\/wp-content\/uploads\/2024\/09\/Captura-de-Pantalla-2024-09-23-a-las-20.13.30.png","datePublished":"2024-09-23T23:17:54+00:00","dateModified":"2024-09-23T23:24:12+00:00","author":{"@id":"https:\/\/dev.antudigital.cl\/sites\/vc\/#\/schema\/person\/c2b9da8dd545e27166fc5ab232837318"},"breadcrumb":{"@id":"https:\/\/dev.antudigital.cl\/sites\/vc\/gobierno-regional-fondo-regional-para-la-productividad-y-el-desarrollo-frpd-2024\/#breadcrumb"},"inLanguage":"es","potentialAction":[{"@type":"ReadAction","target":["https:\/\/dev.antudigital.cl\/sites\/vc\/gobierno-regional-fondo-regional-para-la-productividad-y-el-desarrollo-frpd-2024\/"]}]},{"@type":"ImageObject","inLanguage":"es","@id":"https:\/\/dev.antudigital.cl\/sites\/vc\/gobierno-regional-fondo-regional-para-la-productividad-y-el-desarrollo-frpd-2024\/#primaryimage","url":"https:\/\/dev.antudigital.cl\/sites\/vc\/wp-content\/uploads\/2024\/09\/Captura-de-Pantalla-2024-09-23-a-las-20.13.30.png","contentUrl":"https:\/\/dev.antudigital.cl\/sites\/vc\/wp-content\/uploads\/2024\/09\/Captura-de-Pantalla-2024-09-23-a-las-20.13.30.png","width":979,"height":193},{"@type":"BreadcrumbList","@id":"https:\/\/dev.antudigital.cl\/sites\/vc\/gobierno-regional-fondo-regional-para-la-productividad-y-el-desarrollo-frpd-2024\/#breadcrumb","itemListElement":[{"@type":"ListItem","position":1,"name":"Home","item":"https:\/\/dev.antudigital.cl\/sites\/vc\/"},{"@type":"ListItem","position":2,"name":"Gobierno Regional: Fondo Regional para la productividad y el desarrollo FRPD 2024"}]},{"@type":"WebSite","@id":"https:\/\/dev.antudigital.cl\/sites\/vc\/#website","url":"https:\/\/dev.antudigital.cl\/sites\/vc\/","name":"Valpara\u00ed\u00adso Creativo","description":"","potentialAction":[{"@type":"SearchAction","target":{"@type":"EntryPoint","urlTemplate":"https:\/\/dev.antudigital.cl\/sites\/vc\/?s={search_term_string}"},"query-input":{"@type":"PropertyValueSpecification","valueRequired":true,"valueName":"search_term_string"}}],"inLanguage":"es"},{"@type":"Person","@id":"https:\/\/dev.antudigital.cl\/sites\/vc\/#\/schema\/person\/c2b9da8dd545e27166fc5ab232837318","name":"Valpara\u00edso Creativo","description":"Periodista de cultura en la Regi\u00f3n de Valpara\u00edso.","url":"https:\/\/dev.antudigital.cl\/sites\/vc\/author\/valpoadmin\/"}]}},"_links":{"self":[{"href":"https:\/\/dev.antudigital.cl\/sites\/vc\/wp-json\/wp\/v2\/posts\/20542","targetHints":{"allow":["GET"]}}],"collection":[{"href":"https:\/\/dev.antudigital.cl\/sites\/vc\/wp-json\/wp\/v2\/posts"}],"about":[{"href":"https:\/\/dev.antudigital.cl\/sites\/vc\/wp-json\/wp\/v2\/types\/post"}],"author":[{"embeddable":true,"href":"https:\/\/dev.antudigital.cl\/sites\/vc\/wp-json\/wp\/v2\/users\/1"}],"replies":[{"embeddable":true,"href":"https:\/\/dev.antudigital.cl\/sites\/vc\/wp-json\/wp\/v2\/comments?post=20542"}],"version-history":[{"count":3,"href":"https:\/\/dev.antudigital.cl\/sites\/vc\/wp-json\/wp\/v2\/posts\/20542\/revisions"}],"predecessor-version":[{"id":20551,"href":"https:\/\/dev.antudigital.cl\/sites\/vc\/wp-json\/wp\/v2\/posts\/20542\/revisions\/20551"}],"wp:featuredmedia":[{"embeddable":true,"href":"https:\/\/dev.antudigital.cl\/sites\/vc\/wp-json\/wp\/v2\/media\/20544"}],"wp:attachment":[{"href":"https:\/\/dev.antudigital.cl\/sites\/vc\/wp-json\/wp\/v2\/media?parent=20542"}],"wp:term":[{"taxonomy":"category","embeddable":true,"href":"https:\/\/dev.antudigital.cl\/sites\/vc\/wp-json\/wp\/v2\/categories?post=20542"},{"taxonomy":"post_tag","embeddable":true,"href":"https:\/\/dev.antudigital.cl\/sites\/vc\/wp-json\/wp\/v2\/tags?post=20542"}],"curies":[{"name":"wp","href":"https:\/\/api.w.org\/{rel}","templated":true}]}}