{"id":20546,"date":"2024-09-23T23:20:51","date_gmt":"2024-09-23T23:20:51","guid":{"rendered":"https:\/\/www.valparaisocreativo.cl\/?p=20546"},"modified":"2024-09-23T23:21:09","modified_gmt":"2024-09-23T23:21:09","slug":"isla-esperanza-obra-busca-afianzar-vinculos-entre-comunidad-sorda-y-oyente-de-valparaiso","status":"publish","type":"post","link":"https:\/\/dev.antudigital.cl\/sites\/vc\/isla-esperanza-obra-busca-afianzar-vinculos-entre-comunidad-sorda-y-oyente-de-valparaiso\/","title":{"rendered":"\u201cISLA ESPERANZA\u201d: Obra busca afianzar v\u00ednculos entre Comunidad Sorda y Oyente de Valpara\u00edso"},"content":{"rendered":"\n<p><strong>El mi\u00e9rcoles 25 de septiembre a las 19:00 horas es el estreno de ISLA ESPERANZA,<\/strong>&nbsp;obra teatral dirigida por Zimri Banni, titulada de la Escuela de Teatro UV, integrante de la compa\u00f1\u00eda Otro Cuerpo Teatro y docente a cargo del Laboratorio Esc\u00e9nico Integrado que se implement\u00f3 en CECASOV y la Escuela Dr. Adolfo Tannenbaum. La primera funci\u00f3n ser\u00e1 una instancia de encuentro entre personas de la Comunidad Sorda y agentes culturales, con invitaci\u00f3n directa.&nbsp;<strong>Habr\u00e1 dos funciones abiertas a p\u00fablico el viernes 27 y s\u00e1bado 28 a las 18:00 horas<\/strong>&nbsp;en Sala Negra Juan Barattini Carvelli, ubicada en Avenida Brasil 1647, Valpara\u00edso. La adhesi\u00f3n es de $3000 para personas mayores, estudiantes y titulados, y $5000 p\u00fablico general.<\/p>\n\n\n\n<p>Vireca y el Doctor Iris son sobrevivientes de la Comuna Independiente Sorda. Llegan a una isla donde los cuerpos f\u00edsicos y las almas digitales conviven a diario. Mientras la crisis clim\u00e1tica y tecnol\u00f3gica se profundiza, la lengua de signos se vuelve clave para la construcci\u00f3n de otros horizontes. El montaje incorpora accesibilidad esc\u00e9nica a trav\u00e9s de la Lengua de Se\u00f1as Chilena, espa\u00f1ol sonoro y la audiodescripci\u00f3n, integrando estos elementos como lenguajes teatrales posibles y complementarios.&nbsp;<\/p>\n\n\n\n<p><strong>Esta obra es parte de \u201cENLACE: V\u00ednculos a trav\u00e9s del Teatro\u201d<\/strong>, Proyecto cuyos objetivos son: aportar a la implementaci\u00f3n de espacios art\u00edstico-expresivos para la Comunidad Sorda en vinculaci\u00f3n con el Centro de Estudios y Capacitaci\u00f3n para Sordos de Valpara\u00edso y la Escuela de Audici\u00f3n y Lenguaje Dr. Adolfo Tannenbaum de Vi\u00f1a del Mar; desarrollar un hito de creaci\u00f3n socio-art\u00edstica de la Escuela de Teatro de&nbsp; la Universidad de Valpara\u00edso, construyendo nuevas estrategias de inclusi\u00f3n y accesibilidad a trav\u00e9s de las Artes Esc\u00e9nicas; vincular agentes culturales con destacada participaci\u00f3n en el circuito regional.&nbsp;<\/p>\n\n\n\n<figure class=\"wp-block-image size-large\"><img fetchpriority=\"high\" decoding=\"async\" width=\"1024\" height=\"683\" src=\"https:\/\/www.valparaisocreativo.cl\/wp-content\/uploads\/2024\/09\/Isla.Teatro-19-de-20-1024x683.jpg\" alt=\"\" class=\"wp-image-20548\" srcset=\"https:\/\/dev.antudigital.cl\/sites\/vc\/wp-content\/uploads\/2024\/09\/Isla.Teatro-19-de-20-1024x683.jpg 1024w, https:\/\/dev.antudigital.cl\/sites\/vc\/wp-content\/uploads\/2024\/09\/Isla.Teatro-19-de-20-300x200.jpg 300w, https:\/\/dev.antudigital.cl\/sites\/vc\/wp-content\/uploads\/2024\/09\/Isla.Teatro-19-de-20-768x512.jpg 768w, https:\/\/dev.antudigital.cl\/sites\/vc\/wp-content\/uploads\/2024\/09\/Isla.Teatro-19-de-20-1536x1024.jpg 1536w, https:\/\/dev.antudigital.cl\/sites\/vc\/wp-content\/uploads\/2024\/09\/Isla.Teatro-19-de-20-1080x720.jpg 1080w, https:\/\/dev.antudigital.cl\/sites\/vc\/wp-content\/uploads\/2024\/09\/Isla.Teatro-19-de-20-1280x853.jpg 1280w, https:\/\/dev.antudigital.cl\/sites\/vc\/wp-content\/uploads\/2024\/09\/Isla.Teatro-19-de-20-980x653.jpg 980w, https:\/\/dev.antudigital.cl\/sites\/vc\/wp-content\/uploads\/2024\/09\/Isla.Teatro-19-de-20-480x320.jpg 480w, https:\/\/dev.antudigital.cl\/sites\/vc\/wp-content\/uploads\/2024\/09\/Isla.Teatro-19-de-20-24x16.jpg 24w, https:\/\/dev.antudigital.cl\/sites\/vc\/wp-content\/uploads\/2024\/09\/Isla.Teatro-19-de-20-36x24.jpg 36w, https:\/\/dev.antudigital.cl\/sites\/vc\/wp-content\/uploads\/2024\/09\/Isla.Teatro-19-de-20-48x32.jpg 48w, https:\/\/dev.antudigital.cl\/sites\/vc\/wp-content\/uploads\/2024\/09\/Isla.Teatro-19-de-20.jpg 1740w\" sizes=\"(max-width: 1024px) 100vw, 1024px\" \/><\/figure>\n\n\n\n<p><strong>Zimri Banni, directora del montaje<\/strong>, detalla: \u201cLa obra se inspira en \u2018Poblaci\u00f3n Esperanza\u2019, una sugerencia del equipo que dirige el proyecto, yo creo que porque es un texto sumamente interesante y adelantado a su \u00e9poca. Isidora Aguirre visibiliza a todos los marginados de la sociedad en un Chile de los a\u00f1os 50, quienes tienen esperanzas de una vida mejor. Es necesario preguntarse qui\u00e9nes ocupan esos lugares en el Chile actual. Desde ah\u00ed nos inspiramos para realizar una obra que se sit\u00faa en un futuro dist\u00f3pico, donde la crisis clim\u00e1tica se vuelve letal y el protagonismo de la digitalizaci\u00f3n se acent\u00faa\u201d.&nbsp;<\/p>\n\n\n\n<p><strong>Crist\u00f3bal Cisternas, co-dramaturgo e int\u00e9rprete<\/strong>, se\u00f1ala: \u201cA trav\u00e9s de improvisaciones fuimos eligiendo las acciones para agregar y sumar a esta dramaturgia. En un principio, la obra con la que est\u00e1bamos trabajando carec\u00eda de sentido l\u00f3gico, ten\u00edamos muchas dudas, ya que se hac\u00eda muy importante la coherencia, as\u00ed que seguimos explorando por medio de la improvisaci\u00f3n, con aportes de todo el equipo, que fuimos sumando, hasta condensar todas las ideas en una sola historia\u201d.<\/p>\n\n\n\n<p><strong>Nathalia Mardones, facilitadora de la comunicaci\u00f3n en LSCh e int\u00e9rprete<\/strong>, comenta: \u201cMe parece relevante intervenir los espacios del arte acad\u00e9mico, los cuales no suelen ser accesibles, con una propuesta que s\u00ed lo puede llegar a ser. Por esto me interes\u00e9 en el Proyecto Enlace; el objetivo de visibilizar a un sector social que se encuentra marginado de las artes esc\u00e9nicas institucionales y\/o formales, como lo es la Comunidad Sorda, es una de mis propuestas como artista y estudiante para Int\u00e9rprete en Lengua de Se\u00f1as Chilena. Creo que la instituci\u00f3n teatral debe dar el paso hacia nuevos lenguajes y dejar el capacitismo impl\u00edcito que, hasta hoy, ti\u00f1e las selecciones y posibilidades acad\u00e9micas en el \u00e1mbito de las artes esc\u00e9nicas\u201d.<\/p>\n\n\n\n<p><strong>Paula D\u00edaz, int\u00e9rprete<\/strong>, comparte: \u201cLo primero que quisiera destacar de este proceso es el arrojo y las ganas de generar una instancia de vinculaci\u00f3n entre comunidades. Siento que es muy importante hacer inclusi\u00f3n desde el teatro con comunidades diversas, en mi caso no ten\u00eda nexos previos con la Comunidad Sorda, el mayor desaf\u00edo para m\u00ed fue no saber Lengua de Se\u00f1as Chilena. Agradezco la adaptabilidad y la compresi\u00f3n dentro del equipo, hemos encontrado en este poco tiempo formas de comunicarnos, independientemente o no, si nos expresamos en la misma lengua\u201d.&nbsp;<\/p>\n\n\n\n<p>Las funciones y el Laboratorio Esc\u00e9nico Integrado est\u00e1n financiados por el Proyecto UVA2295 de Vinculaci\u00f3n con el Medio de la Universidad de Valpara\u00edso, Creando lazos permanentes con la comunidad regional: por una vinculaci\u00f3n con el medio m\u00e1s significativa y bidireccional. Para m\u00e1s informaci\u00f3n seguir a @escuelateatrouv en Instagram.<br><\/p>\n","protected":false},"excerpt":{"rendered":"<p>El mi\u00e9rcoles 25 de septiembre a las 19:00 horas es el estreno de ISLA ESPERANZA,&nbsp;obra teatral dirigida por Zimri Banni, titulada de la Escuela de Teatro UV, integrante de la compa\u00f1\u00eda Otro Cuerpo Teatro y docente a cargo del Laboratorio Esc\u00e9nico Integrado que se implement\u00f3 en CECASOV y la Escuela Dr. Adolfo Tannenbaum. La primera [&hellip;]<\/p>\n","protected":false},"author":1,"featured_media":20547,"comment_status":"closed","ping_status":"closed","sticky":false,"template":"","format":"standard","meta":{"_acf_changed":false,"footnotes":""},"categories":[8],"tags":[],"class_list":["post-20546","post","type-post","status-publish","format-standard","has-post-thumbnail","hentry","category-noticia"],"acf":[],"yoast_head":"<!-- This site is optimized with the Yoast SEO plugin v27.1.1 - https:\/\/yoast.com\/product\/yoast-seo-wordpress\/ -->\n<title>\u201cISLA ESPERANZA\u201d: Obra busca afianzar v\u00ednculos entre Comunidad Sorda y Oyente de Valpara\u00edso - Valpara\u00ed\u00adso Creativo<\/title>\n<meta name=\"robots\" content=\"index, follow, max-snippet:-1, max-image-preview:large, max-video-preview:-1\" \/>\n<link rel=\"canonical\" href=\"https:\/\/dev.antudigital.cl\/sites\/vc\/isla-esperanza-obra-busca-afianzar-vinculos-entre-comunidad-sorda-y-oyente-de-valparaiso\/\" \/>\n<meta property=\"og:locale\" content=\"es_ES\" \/>\n<meta property=\"og:type\" content=\"article\" \/>\n<meta property=\"og:title\" content=\"\u201cISLA ESPERANZA\u201d: Obra busca afianzar v\u00ednculos entre Comunidad Sorda y Oyente de Valpara\u00edso - Valpara\u00ed\u00adso Creativo\" \/>\n<meta property=\"og:description\" content=\"El mi\u00e9rcoles 25 de septiembre a las 19:00 horas es el estreno de ISLA ESPERANZA,&nbsp;obra teatral dirigida por Zimri Banni, titulada de la Escuela de Teatro UV, integrante de la compa\u00f1\u00eda Otro Cuerpo Teatro y docente a cargo del Laboratorio Esc\u00e9nico Integrado que se implement\u00f3 en CECASOV y la Escuela Dr. Adolfo Tannenbaum. La primera [&hellip;]\" \/>\n<meta property=\"og:url\" content=\"https:\/\/dev.antudigital.cl\/sites\/vc\/isla-esperanza-obra-busca-afianzar-vinculos-entre-comunidad-sorda-y-oyente-de-valparaiso\/\" \/>\n<meta property=\"og:site_name\" content=\"Valpara\u00ed\u00adso Creativo\" \/>\n<meta property=\"article:published_time\" content=\"2024-09-23T23:20:51+00:00\" \/>\n<meta property=\"article:modified_time\" content=\"2024-09-23T23:21:09+00:00\" \/>\n<meta property=\"og:image\" content=\"https:\/\/dev.antudigital.cl\/sites\/vc\/wp-content\/uploads\/2024\/09\/Isla.Teatro-11-de-20.jpg\" \/>\n\t<meta property=\"og:image:width\" content=\"1740\" \/>\n\t<meta property=\"og:image:height\" content=\"1160\" \/>\n\t<meta property=\"og:image:type\" content=\"image\/jpeg\" \/>\n<meta name=\"author\" content=\"Valpara\u00edso Creativo\" \/>\n<meta name=\"twitter:card\" content=\"summary_large_image\" \/>\n<meta name=\"twitter:label1\" content=\"Escrito por\" \/>\n\t<meta name=\"twitter:data1\" content=\"Valpara\u00edso Creativo\" \/>\n\t<meta name=\"twitter:label2\" content=\"Tiempo de lectura\" \/>\n\t<meta name=\"twitter:data2\" content=\"4 minutos\" \/>\n<script type=\"application\/ld+json\" class=\"yoast-schema-graph\">{\"@context\":\"https:\/\/schema.org\",\"@graph\":[{\"@type\":\"Article\",\"@id\":\"https:\/\/dev.antudigital.cl\/sites\/vc\/isla-esperanza-obra-busca-afianzar-vinculos-entre-comunidad-sorda-y-oyente-de-valparaiso\/#article\",\"isPartOf\":{\"@id\":\"https:\/\/dev.antudigital.cl\/sites\/vc\/isla-esperanza-obra-busca-afianzar-vinculos-entre-comunidad-sorda-y-oyente-de-valparaiso\/\"},\"author\":{\"name\":\"Valpara\u00edso Creativo\",\"@id\":\"https:\/\/dev.antudigital.cl\/sites\/vc\/#\/schema\/person\/c2b9da8dd545e27166fc5ab232837318\"},\"headline\":\"\u201cISLA ESPERANZA\u201d: Obra busca afianzar v\u00ednculos entre Comunidad Sorda y Oyente de Valpara\u00edso\",\"datePublished\":\"2024-09-23T23:20:51+00:00\",\"dateModified\":\"2024-09-23T23:21:09+00:00\",\"mainEntityOfPage\":{\"@id\":\"https:\/\/dev.antudigital.cl\/sites\/vc\/isla-esperanza-obra-busca-afianzar-vinculos-entre-comunidad-sorda-y-oyente-de-valparaiso\/\"},\"wordCount\":808,\"image\":{\"@id\":\"https:\/\/dev.antudigital.cl\/sites\/vc\/isla-esperanza-obra-busca-afianzar-vinculos-entre-comunidad-sorda-y-oyente-de-valparaiso\/#primaryimage\"},\"thumbnailUrl\":\"https:\/\/dev.antudigital.cl\/sites\/vc\/wp-content\/uploads\/2024\/09\/Isla.Teatro-11-de-20.jpg\",\"articleSection\":[\"Noticia\"],\"inLanguage\":\"es\"},{\"@type\":\"WebPage\",\"@id\":\"https:\/\/dev.antudigital.cl\/sites\/vc\/isla-esperanza-obra-busca-afianzar-vinculos-entre-comunidad-sorda-y-oyente-de-valparaiso\/\",\"url\":\"https:\/\/dev.antudigital.cl\/sites\/vc\/isla-esperanza-obra-busca-afianzar-vinculos-entre-comunidad-sorda-y-oyente-de-valparaiso\/\",\"name\":\"\u201cISLA ESPERANZA\u201d: Obra busca afianzar v\u00ednculos entre Comunidad Sorda y Oyente de Valpara\u00edso - Valpara\u00ed\u00adso Creativo\",\"isPartOf\":{\"@id\":\"https:\/\/dev.antudigital.cl\/sites\/vc\/#website\"},\"primaryImageOfPage\":{\"@id\":\"https:\/\/dev.antudigital.cl\/sites\/vc\/isla-esperanza-obra-busca-afianzar-vinculos-entre-comunidad-sorda-y-oyente-de-valparaiso\/#primaryimage\"},\"image\":{\"@id\":\"https:\/\/dev.antudigital.cl\/sites\/vc\/isla-esperanza-obra-busca-afianzar-vinculos-entre-comunidad-sorda-y-oyente-de-valparaiso\/#primaryimage\"},\"thumbnailUrl\":\"https:\/\/dev.antudigital.cl\/sites\/vc\/wp-content\/uploads\/2024\/09\/Isla.Teatro-11-de-20.jpg\",\"datePublished\":\"2024-09-23T23:20:51+00:00\",\"dateModified\":\"2024-09-23T23:21:09+00:00\",\"author\":{\"@id\":\"https:\/\/dev.antudigital.cl\/sites\/vc\/#\/schema\/person\/c2b9da8dd545e27166fc5ab232837318\"},\"breadcrumb\":{\"@id\":\"https:\/\/dev.antudigital.cl\/sites\/vc\/isla-esperanza-obra-busca-afianzar-vinculos-entre-comunidad-sorda-y-oyente-de-valparaiso\/#breadcrumb\"},\"inLanguage\":\"es\",\"potentialAction\":[{\"@type\":\"ReadAction\",\"target\":[\"https:\/\/dev.antudigital.cl\/sites\/vc\/isla-esperanza-obra-busca-afianzar-vinculos-entre-comunidad-sorda-y-oyente-de-valparaiso\/\"]}]},{\"@type\":\"ImageObject\",\"inLanguage\":\"es\",\"@id\":\"https:\/\/dev.antudigital.cl\/sites\/vc\/isla-esperanza-obra-busca-afianzar-vinculos-entre-comunidad-sorda-y-oyente-de-valparaiso\/#primaryimage\",\"url\":\"https:\/\/dev.antudigital.cl\/sites\/vc\/wp-content\/uploads\/2024\/09\/Isla.Teatro-11-de-20.jpg\",\"contentUrl\":\"https:\/\/dev.antudigital.cl\/sites\/vc\/wp-content\/uploads\/2024\/09\/Isla.Teatro-11-de-20.jpg\",\"width\":1740,\"height\":1160},{\"@type\":\"BreadcrumbList\",\"@id\":\"https:\/\/dev.antudigital.cl\/sites\/vc\/isla-esperanza-obra-busca-afianzar-vinculos-entre-comunidad-sorda-y-oyente-de-valparaiso\/#breadcrumb\",\"itemListElement\":[{\"@type\":\"ListItem\",\"position\":1,\"name\":\"Home\",\"item\":\"https:\/\/dev.antudigital.cl\/sites\/vc\/\"},{\"@type\":\"ListItem\",\"position\":2,\"name\":\"\u201cISLA ESPERANZA\u201d: Obra busca afianzar v\u00ednculos entre Comunidad Sorda y Oyente de Valpara\u00edso\"}]},{\"@type\":\"WebSite\",\"@id\":\"https:\/\/dev.antudigital.cl\/sites\/vc\/#website\",\"url\":\"https:\/\/dev.antudigital.cl\/sites\/vc\/\",\"name\":\"Valpara\u00ed\u00adso Creativo\",\"description\":\"\",\"potentialAction\":[{\"@type\":\"SearchAction\",\"target\":{\"@type\":\"EntryPoint\",\"urlTemplate\":\"https:\/\/dev.antudigital.cl\/sites\/vc\/?s={search_term_string}\"},\"query-input\":{\"@type\":\"PropertyValueSpecification\",\"valueRequired\":true,\"valueName\":\"search_term_string\"}}],\"inLanguage\":\"es\"},{\"@type\":\"Person\",\"@id\":\"https:\/\/dev.antudigital.cl\/sites\/vc\/#\/schema\/person\/c2b9da8dd545e27166fc5ab232837318\",\"name\":\"Valpara\u00edso Creativo\",\"description\":\"Periodista de cultura en la Regi\u00f3n de Valpara\u00edso.\",\"url\":\"https:\/\/dev.antudigital.cl\/sites\/vc\/author\/valpoadmin\/\"}]}<\/script>\n<!-- \/ Yoast SEO plugin. -->","yoast_head_json":{"title":"\u201cISLA ESPERANZA\u201d: Obra busca afianzar v\u00ednculos entre Comunidad Sorda y Oyente de Valpara\u00edso - Valpara\u00ed\u00adso Creativo","robots":{"index":"index","follow":"follow","max-snippet":"max-snippet:-1","max-image-preview":"max-image-preview:large","max-video-preview":"max-video-preview:-1"},"canonical":"https:\/\/dev.antudigital.cl\/sites\/vc\/isla-esperanza-obra-busca-afianzar-vinculos-entre-comunidad-sorda-y-oyente-de-valparaiso\/","og_locale":"es_ES","og_type":"article","og_title":"\u201cISLA ESPERANZA\u201d: Obra busca afianzar v\u00ednculos entre Comunidad Sorda y Oyente de Valpara\u00edso - Valpara\u00ed\u00adso Creativo","og_description":"El mi\u00e9rcoles 25 de septiembre a las 19:00 horas es el estreno de ISLA ESPERANZA,&nbsp;obra teatral dirigida por Zimri Banni, titulada de la Escuela de Teatro UV, integrante de la compa\u00f1\u00eda Otro Cuerpo Teatro y docente a cargo del Laboratorio Esc\u00e9nico Integrado que se implement\u00f3 en CECASOV y la Escuela Dr. Adolfo Tannenbaum. La primera [&hellip;]","og_url":"https:\/\/dev.antudigital.cl\/sites\/vc\/isla-esperanza-obra-busca-afianzar-vinculos-entre-comunidad-sorda-y-oyente-de-valparaiso\/","og_site_name":"Valpara\u00ed\u00adso Creativo","article_published_time":"2024-09-23T23:20:51+00:00","article_modified_time":"2024-09-23T23:21:09+00:00","og_image":[{"width":1740,"height":1160,"url":"https:\/\/dev.antudigital.cl\/sites\/vc\/wp-content\/uploads\/2024\/09\/Isla.Teatro-11-de-20.jpg","type":"image\/jpeg"}],"author":"Valpara\u00edso Creativo","twitter_card":"summary_large_image","twitter_misc":{"Escrito por":"Valpara\u00edso Creativo","Tiempo de lectura":"4 minutos"},"schema":{"@context":"https:\/\/schema.org","@graph":[{"@type":"Article","@id":"https:\/\/dev.antudigital.cl\/sites\/vc\/isla-esperanza-obra-busca-afianzar-vinculos-entre-comunidad-sorda-y-oyente-de-valparaiso\/#article","isPartOf":{"@id":"https:\/\/dev.antudigital.cl\/sites\/vc\/isla-esperanza-obra-busca-afianzar-vinculos-entre-comunidad-sorda-y-oyente-de-valparaiso\/"},"author":{"name":"Valpara\u00edso Creativo","@id":"https:\/\/dev.antudigital.cl\/sites\/vc\/#\/schema\/person\/c2b9da8dd545e27166fc5ab232837318"},"headline":"\u201cISLA ESPERANZA\u201d: Obra busca afianzar v\u00ednculos entre Comunidad Sorda y Oyente de Valpara\u00edso","datePublished":"2024-09-23T23:20:51+00:00","dateModified":"2024-09-23T23:21:09+00:00","mainEntityOfPage":{"@id":"https:\/\/dev.antudigital.cl\/sites\/vc\/isla-esperanza-obra-busca-afianzar-vinculos-entre-comunidad-sorda-y-oyente-de-valparaiso\/"},"wordCount":808,"image":{"@id":"https:\/\/dev.antudigital.cl\/sites\/vc\/isla-esperanza-obra-busca-afianzar-vinculos-entre-comunidad-sorda-y-oyente-de-valparaiso\/#primaryimage"},"thumbnailUrl":"https:\/\/dev.antudigital.cl\/sites\/vc\/wp-content\/uploads\/2024\/09\/Isla.Teatro-11-de-20.jpg","articleSection":["Noticia"],"inLanguage":"es"},{"@type":"WebPage","@id":"https:\/\/dev.antudigital.cl\/sites\/vc\/isla-esperanza-obra-busca-afianzar-vinculos-entre-comunidad-sorda-y-oyente-de-valparaiso\/","url":"https:\/\/dev.antudigital.cl\/sites\/vc\/isla-esperanza-obra-busca-afianzar-vinculos-entre-comunidad-sorda-y-oyente-de-valparaiso\/","name":"\u201cISLA ESPERANZA\u201d: Obra busca afianzar v\u00ednculos entre Comunidad Sorda y Oyente de Valpara\u00edso - Valpara\u00ed\u00adso Creativo","isPartOf":{"@id":"https:\/\/dev.antudigital.cl\/sites\/vc\/#website"},"primaryImageOfPage":{"@id":"https:\/\/dev.antudigital.cl\/sites\/vc\/isla-esperanza-obra-busca-afianzar-vinculos-entre-comunidad-sorda-y-oyente-de-valparaiso\/#primaryimage"},"image":{"@id":"https:\/\/dev.antudigital.cl\/sites\/vc\/isla-esperanza-obra-busca-afianzar-vinculos-entre-comunidad-sorda-y-oyente-de-valparaiso\/#primaryimage"},"thumbnailUrl":"https:\/\/dev.antudigital.cl\/sites\/vc\/wp-content\/uploads\/2024\/09\/Isla.Teatro-11-de-20.jpg","datePublished":"2024-09-23T23:20:51+00:00","dateModified":"2024-09-23T23:21:09+00:00","author":{"@id":"https:\/\/dev.antudigital.cl\/sites\/vc\/#\/schema\/person\/c2b9da8dd545e27166fc5ab232837318"},"breadcrumb":{"@id":"https:\/\/dev.antudigital.cl\/sites\/vc\/isla-esperanza-obra-busca-afianzar-vinculos-entre-comunidad-sorda-y-oyente-de-valparaiso\/#breadcrumb"},"inLanguage":"es","potentialAction":[{"@type":"ReadAction","target":["https:\/\/dev.antudigital.cl\/sites\/vc\/isla-esperanza-obra-busca-afianzar-vinculos-entre-comunidad-sorda-y-oyente-de-valparaiso\/"]}]},{"@type":"ImageObject","inLanguage":"es","@id":"https:\/\/dev.antudigital.cl\/sites\/vc\/isla-esperanza-obra-busca-afianzar-vinculos-entre-comunidad-sorda-y-oyente-de-valparaiso\/#primaryimage","url":"https:\/\/dev.antudigital.cl\/sites\/vc\/wp-content\/uploads\/2024\/09\/Isla.Teatro-11-de-20.jpg","contentUrl":"https:\/\/dev.antudigital.cl\/sites\/vc\/wp-content\/uploads\/2024\/09\/Isla.Teatro-11-de-20.jpg","width":1740,"height":1160},{"@type":"BreadcrumbList","@id":"https:\/\/dev.antudigital.cl\/sites\/vc\/isla-esperanza-obra-busca-afianzar-vinculos-entre-comunidad-sorda-y-oyente-de-valparaiso\/#breadcrumb","itemListElement":[{"@type":"ListItem","position":1,"name":"Home","item":"https:\/\/dev.antudigital.cl\/sites\/vc\/"},{"@type":"ListItem","position":2,"name":"\u201cISLA ESPERANZA\u201d: Obra busca afianzar v\u00ednculos entre Comunidad Sorda y Oyente de Valpara\u00edso"}]},{"@type":"WebSite","@id":"https:\/\/dev.antudigital.cl\/sites\/vc\/#website","url":"https:\/\/dev.antudigital.cl\/sites\/vc\/","name":"Valpara\u00ed\u00adso Creativo","description":"","potentialAction":[{"@type":"SearchAction","target":{"@type":"EntryPoint","urlTemplate":"https:\/\/dev.antudigital.cl\/sites\/vc\/?s={search_term_string}"},"query-input":{"@type":"PropertyValueSpecification","valueRequired":true,"valueName":"search_term_string"}}],"inLanguage":"es"},{"@type":"Person","@id":"https:\/\/dev.antudigital.cl\/sites\/vc\/#\/schema\/person\/c2b9da8dd545e27166fc5ab232837318","name":"Valpara\u00edso Creativo","description":"Periodista de cultura en la Regi\u00f3n de Valpara\u00edso.","url":"https:\/\/dev.antudigital.cl\/sites\/vc\/author\/valpoadmin\/"}]}},"_links":{"self":[{"href":"https:\/\/dev.antudigital.cl\/sites\/vc\/wp-json\/wp\/v2\/posts\/20546","targetHints":{"allow":["GET"]}}],"collection":[{"href":"https:\/\/dev.antudigital.cl\/sites\/vc\/wp-json\/wp\/v2\/posts"}],"about":[{"href":"https:\/\/dev.antudigital.cl\/sites\/vc\/wp-json\/wp\/v2\/types\/post"}],"author":[{"embeddable":true,"href":"https:\/\/dev.antudigital.cl\/sites\/vc\/wp-json\/wp\/v2\/users\/1"}],"replies":[{"embeddable":true,"href":"https:\/\/dev.antudigital.cl\/sites\/vc\/wp-json\/wp\/v2\/comments?post=20546"}],"version-history":[{"count":1,"href":"https:\/\/dev.antudigital.cl\/sites\/vc\/wp-json\/wp\/v2\/posts\/20546\/revisions"}],"predecessor-version":[{"id":20549,"href":"https:\/\/dev.antudigital.cl\/sites\/vc\/wp-json\/wp\/v2\/posts\/20546\/revisions\/20549"}],"wp:featuredmedia":[{"embeddable":true,"href":"https:\/\/dev.antudigital.cl\/sites\/vc\/wp-json\/wp\/v2\/media\/20547"}],"wp:attachment":[{"href":"https:\/\/dev.antudigital.cl\/sites\/vc\/wp-json\/wp\/v2\/media?parent=20546"}],"wp:term":[{"taxonomy":"category","embeddable":true,"href":"https:\/\/dev.antudigital.cl\/sites\/vc\/wp-json\/wp\/v2\/categories?post=20546"},{"taxonomy":"post_tag","embeddable":true,"href":"https:\/\/dev.antudigital.cl\/sites\/vc\/wp-json\/wp\/v2\/tags?post=20546"}],"curies":[{"name":"wp","href":"https:\/\/api.w.org\/{rel}","templated":true}]}}