{"id":20552,"date":"2024-09-23T23:25:55","date_gmt":"2024-09-23T23:25:55","guid":{"rendered":"https:\/\/www.valparaisocreativo.cl\/?p=20552"},"modified":"2024-09-23T23:26:14","modified_gmt":"2024-09-23T23:26:14","slug":"agenda-la-fecha-se-acerca-un-nuevo-sonidos-en-casa-en-balmaceda-arte-joven","status":"publish","type":"post","link":"https:\/\/dev.antudigital.cl\/sites\/vc\/agenda-la-fecha-se-acerca-un-nuevo-sonidos-en-casa-en-balmaceda-arte-joven\/","title":{"rendered":"Agenda la fecha: se acerca un nuevo Sonidos en Casa en Balmaceda Arte Joven"},"content":{"rendered":"\n<p><strong>Balmaceda Arte Joven Valpara\u00edso se prepara para presentar una nueva edici\u00f3n de \u00abSonidos de Casa\u00bb. Este evento, que se ha convertido en un referente anual, tiene como objetivo destacar y apoyar la rica escena musical de Valpara\u00edso, ofreciendo una plataforma de difusi\u00f3n para j\u00f3venes artistas locales.<\/strong><\/p>\n\n\n\n<p>En el pr\u00f3ximo concierto \u00abSonidos de Casa\u00bb, subir\u00e1n al escenario Seba y el Monstruo, Lilith y Juak, tres talentosos j\u00f3venes artistas de la escena local, quienes ofrecer\u00e1n una emocionante gama de estilos musicales, letras innovadoras y una rica textura sonora en sus canciones.<br><\/p>\n\n\n\n<p>La jornada comenzar\u00e1 a las 18:30 horas en la terraza de BAJ Valpo. Durante el evento, nuestra comunidad podr\u00e1 explorar y disfrutar del repertorio de los artistas, aprovechando la ocasi\u00f3n para experimentar un ambiente vibrante y lleno de talento. Por un lado, <strong><em>Seba y el Monstruo<\/em><\/strong> ofrecer\u00e1 su indie rock caracter\u00edstico, con melod\u00edas adictivas y letras nost\u00e1lgicas, y compartir\u00e1 su reciente EP en vivo del festival \u2018Indie Resurrection\u2019. Por otro lado, <strong><em>Lilith<\/em><\/strong>, originaria de Vi\u00f1a del Mar, presentar\u00e1 su evoluci\u00f3n musical en pop con influencias de House, Synth Pop, R&amp;B y Reggaet\u00f3n, destacando su \u00e1lbum \u00abLambo\u00bb lanzado en agosto. Finalmente, <strong><em>Juak<\/em><\/strong> cautivar\u00e1 con su estilo introspectivo y letras sinceras, ofreciendo una experiencia \u00fanica a trav\u00e9s de melod\u00edas suaves y profundas.<\/p>\n\n\n\n<p><strong>Artistas en Escena:<\/strong><\/p>\n\n\n\n<ul class=\"wp-block-list\">\n<li><strong>SEBA Y EL MONSTRUO:<\/strong> Este proyecto de Indie Rock, fundado en 2023 por Sebasti\u00e1n Vidal, presenta una mezcla contagiosa de melod\u00edas pegajosas y letras nost\u00e1lgicas. Su EP en vivo del festival \u2018Indie Resurrection\u2019 ha sido aclamado, y est\u00e1n trabajando en su primer disco, que promete seguir capturando la esencia de su sonido \u00fanico.<\/li>\n\n\n\n<li><strong>LILITH<\/strong>: Originaria de Vi\u00f1a del Mar, Lilith ha evolucionado desde el rap hacia un estilo de pop que mezcla House, Synth Pop, R&amp;B y Reggaet\u00f3n. Su \u00e1lbum \u00abLambo\u00bb, lanzado en agosto de 2024, explora experiencias emocionales intensas con una producci\u00f3n fresca y moderna.<\/li>\n\n\n\n<li><strong>JUAK<\/strong>: Cantautor conocido por la profundidad y autenticidad de su m\u00fasica. Su estilo introspectivo y sus letras sinceras crean una experiencia \u00fanica para el oyente, invit\u00e1ndolo a un viaje interior a trav\u00e9s de melod\u00edas suaves y letras significativas.<\/li>\n<\/ul>\n\n\n\n<p><strong>Detalles del Evento:<\/strong><\/p>\n\n\n\n<ul class=\"wp-block-list\">\n<li><strong>Fecha: Viernes 27 de septiembre de 2024<\/strong><\/li>\n\n\n\n<li><strong>Hora: 18:30 horas<\/strong><\/li>\n\n\n\n<li><strong>Lugar: Balmaceda Arte Joven Valpara\u00edso, Santa Isabel N\u00b0 739, Cerro Alegre<\/strong><\/li>\n\n\n\n<li><strong>Entrada: Liberada<\/strong><\/li>\n<\/ul>\n","protected":false},"excerpt":{"rendered":"<p>Balmaceda Arte Joven Valpara\u00edso se prepara para presentar una nueva edici\u00f3n de \u00abSonidos de Casa\u00bb. Este evento, que se ha convertido en un referente anual, tiene como objetivo destacar y apoyar la rica escena musical de Valpara\u00edso, ofreciendo una plataforma de difusi\u00f3n para j\u00f3venes artistas locales. En el pr\u00f3ximo concierto \u00abSonidos de Casa\u00bb, subir\u00e1n al [&hellip;]<\/p>\n","protected":false},"author":1,"featured_media":20553,"comment_status":"closed","ping_status":"closed","sticky":false,"template":"","format":"standard","meta":{"_acf_changed":false,"footnotes":""},"categories":[8],"tags":[],"class_list":["post-20552","post","type-post","status-publish","format-standard","has-post-thumbnail","hentry","category-noticia"],"acf":[],"yoast_head":"<!-- This site is optimized with the Yoast SEO plugin v27.1.1 - https:\/\/yoast.com\/product\/yoast-seo-wordpress\/ -->\n<title>Agenda la fecha: se acerca un nuevo Sonidos en Casa en Balmaceda Arte Joven - Valpara\u00ed\u00adso Creativo<\/title>\n<meta name=\"robots\" content=\"index, follow, max-snippet:-1, max-image-preview:large, max-video-preview:-1\" \/>\n<link rel=\"canonical\" href=\"https:\/\/dev.antudigital.cl\/sites\/vc\/agenda-la-fecha-se-acerca-un-nuevo-sonidos-en-casa-en-balmaceda-arte-joven\/\" \/>\n<meta property=\"og:locale\" content=\"es_ES\" \/>\n<meta property=\"og:type\" content=\"article\" \/>\n<meta property=\"og:title\" content=\"Agenda la fecha: se acerca un nuevo Sonidos en Casa en Balmaceda Arte Joven - Valpara\u00ed\u00adso Creativo\" \/>\n<meta property=\"og:description\" content=\"Balmaceda Arte Joven Valpara\u00edso se prepara para presentar una nueva edici\u00f3n de \u00abSonidos de Casa\u00bb. Este evento, que se ha convertido en un referente anual, tiene como objetivo destacar y apoyar la rica escena musical de Valpara\u00edso, ofreciendo una plataforma de difusi\u00f3n para j\u00f3venes artistas locales. En el pr\u00f3ximo concierto \u00abSonidos de Casa\u00bb, subir\u00e1n al [&hellip;]\" \/>\n<meta property=\"og:url\" content=\"https:\/\/dev.antudigital.cl\/sites\/vc\/agenda-la-fecha-se-acerca-un-nuevo-sonidos-en-casa-en-balmaceda-arte-joven\/\" \/>\n<meta property=\"og:site_name\" content=\"Valpara\u00ed\u00adso Creativo\" \/>\n<meta property=\"article:published_time\" content=\"2024-09-23T23:25:55+00:00\" \/>\n<meta property=\"article:modified_time\" content=\"2024-09-23T23:26:14+00:00\" \/>\n<meta property=\"og:image\" content=\"https:\/\/dev.antudigital.cl\/sites\/vc\/wp-content\/uploads\/2024\/09\/SDC-SEPTBANNER2.png\" \/>\n\t<meta property=\"og:image:width\" content=\"1450\" \/>\n\t<meta property=\"og:image:height\" content=\"818\" \/>\n\t<meta property=\"og:image:type\" content=\"image\/png\" \/>\n<meta name=\"author\" content=\"Valpara\u00edso Creativo\" \/>\n<meta name=\"twitter:card\" content=\"summary_large_image\" \/>\n<meta name=\"twitter:label1\" content=\"Escrito por\" \/>\n\t<meta name=\"twitter:data1\" content=\"Valpara\u00edso Creativo\" \/>\n\t<meta name=\"twitter:label2\" content=\"Tiempo de lectura\" \/>\n\t<meta name=\"twitter:data2\" content=\"2 minutos\" \/>\n<script type=\"application\/ld+json\" class=\"yoast-schema-graph\">{\"@context\":\"https:\/\/schema.org\",\"@graph\":[{\"@type\":\"Article\",\"@id\":\"https:\/\/dev.antudigital.cl\/sites\/vc\/agenda-la-fecha-se-acerca-un-nuevo-sonidos-en-casa-en-balmaceda-arte-joven\/#article\",\"isPartOf\":{\"@id\":\"https:\/\/dev.antudigital.cl\/sites\/vc\/agenda-la-fecha-se-acerca-un-nuevo-sonidos-en-casa-en-balmaceda-arte-joven\/\"},\"author\":{\"name\":\"Valpara\u00edso Creativo\",\"@id\":\"https:\/\/dev.antudigital.cl\/sites\/vc\/#\/schema\/person\/c2b9da8dd545e27166fc5ab232837318\"},\"headline\":\"Agenda la fecha: se acerca un nuevo Sonidos en Casa en Balmaceda Arte Joven\",\"datePublished\":\"2024-09-23T23:25:55+00:00\",\"dateModified\":\"2024-09-23T23:26:14+00:00\",\"mainEntityOfPage\":{\"@id\":\"https:\/\/dev.antudigital.cl\/sites\/vc\/agenda-la-fecha-se-acerca-un-nuevo-sonidos-en-casa-en-balmaceda-arte-joven\/\"},\"wordCount\":413,\"image\":{\"@id\":\"https:\/\/dev.antudigital.cl\/sites\/vc\/agenda-la-fecha-se-acerca-un-nuevo-sonidos-en-casa-en-balmaceda-arte-joven\/#primaryimage\"},\"thumbnailUrl\":\"https:\/\/dev.antudigital.cl\/sites\/vc\/wp-content\/uploads\/2024\/09\/SDC-SEPTBANNER2.png\",\"articleSection\":[\"Noticia\"],\"inLanguage\":\"es\"},{\"@type\":\"WebPage\",\"@id\":\"https:\/\/dev.antudigital.cl\/sites\/vc\/agenda-la-fecha-se-acerca-un-nuevo-sonidos-en-casa-en-balmaceda-arte-joven\/\",\"url\":\"https:\/\/dev.antudigital.cl\/sites\/vc\/agenda-la-fecha-se-acerca-un-nuevo-sonidos-en-casa-en-balmaceda-arte-joven\/\",\"name\":\"Agenda la fecha: se acerca un nuevo Sonidos en Casa en Balmaceda Arte Joven - Valpara\u00ed\u00adso Creativo\",\"isPartOf\":{\"@id\":\"https:\/\/dev.antudigital.cl\/sites\/vc\/#website\"},\"primaryImageOfPage\":{\"@id\":\"https:\/\/dev.antudigital.cl\/sites\/vc\/agenda-la-fecha-se-acerca-un-nuevo-sonidos-en-casa-en-balmaceda-arte-joven\/#primaryimage\"},\"image\":{\"@id\":\"https:\/\/dev.antudigital.cl\/sites\/vc\/agenda-la-fecha-se-acerca-un-nuevo-sonidos-en-casa-en-balmaceda-arte-joven\/#primaryimage\"},\"thumbnailUrl\":\"https:\/\/dev.antudigital.cl\/sites\/vc\/wp-content\/uploads\/2024\/09\/SDC-SEPTBANNER2.png\",\"datePublished\":\"2024-09-23T23:25:55+00:00\",\"dateModified\":\"2024-09-23T23:26:14+00:00\",\"author\":{\"@id\":\"https:\/\/dev.antudigital.cl\/sites\/vc\/#\/schema\/person\/c2b9da8dd545e27166fc5ab232837318\"},\"breadcrumb\":{\"@id\":\"https:\/\/dev.antudigital.cl\/sites\/vc\/agenda-la-fecha-se-acerca-un-nuevo-sonidos-en-casa-en-balmaceda-arte-joven\/#breadcrumb\"},\"inLanguage\":\"es\",\"potentialAction\":[{\"@type\":\"ReadAction\",\"target\":[\"https:\/\/dev.antudigital.cl\/sites\/vc\/agenda-la-fecha-se-acerca-un-nuevo-sonidos-en-casa-en-balmaceda-arte-joven\/\"]}]},{\"@type\":\"ImageObject\",\"inLanguage\":\"es\",\"@id\":\"https:\/\/dev.antudigital.cl\/sites\/vc\/agenda-la-fecha-se-acerca-un-nuevo-sonidos-en-casa-en-balmaceda-arte-joven\/#primaryimage\",\"url\":\"https:\/\/dev.antudigital.cl\/sites\/vc\/wp-content\/uploads\/2024\/09\/SDC-SEPTBANNER2.png\",\"contentUrl\":\"https:\/\/dev.antudigital.cl\/sites\/vc\/wp-content\/uploads\/2024\/09\/SDC-SEPTBANNER2.png\",\"width\":1450,\"height\":818},{\"@type\":\"BreadcrumbList\",\"@id\":\"https:\/\/dev.antudigital.cl\/sites\/vc\/agenda-la-fecha-se-acerca-un-nuevo-sonidos-en-casa-en-balmaceda-arte-joven\/#breadcrumb\",\"itemListElement\":[{\"@type\":\"ListItem\",\"position\":1,\"name\":\"Home\",\"item\":\"https:\/\/dev.antudigital.cl\/sites\/vc\/\"},{\"@type\":\"ListItem\",\"position\":2,\"name\":\"Agenda la fecha: se acerca un nuevo Sonidos en Casa en Balmaceda Arte Joven\"}]},{\"@type\":\"WebSite\",\"@id\":\"https:\/\/dev.antudigital.cl\/sites\/vc\/#website\",\"url\":\"https:\/\/dev.antudigital.cl\/sites\/vc\/\",\"name\":\"Valpara\u00ed\u00adso Creativo\",\"description\":\"\",\"potentialAction\":[{\"@type\":\"SearchAction\",\"target\":{\"@type\":\"EntryPoint\",\"urlTemplate\":\"https:\/\/dev.antudigital.cl\/sites\/vc\/?s={search_term_string}\"},\"query-input\":{\"@type\":\"PropertyValueSpecification\",\"valueRequired\":true,\"valueName\":\"search_term_string\"}}],\"inLanguage\":\"es\"},{\"@type\":\"Person\",\"@id\":\"https:\/\/dev.antudigital.cl\/sites\/vc\/#\/schema\/person\/c2b9da8dd545e27166fc5ab232837318\",\"name\":\"Valpara\u00edso Creativo\",\"description\":\"Periodista de cultura en la Regi\u00f3n de Valpara\u00edso.\",\"url\":\"https:\/\/dev.antudigital.cl\/sites\/vc\/author\/valpoadmin\/\"}]}<\/script>\n<!-- \/ Yoast SEO plugin. -->","yoast_head_json":{"title":"Agenda la fecha: se acerca un nuevo Sonidos en Casa en Balmaceda Arte Joven - Valpara\u00ed\u00adso Creativo","robots":{"index":"index","follow":"follow","max-snippet":"max-snippet:-1","max-image-preview":"max-image-preview:large","max-video-preview":"max-video-preview:-1"},"canonical":"https:\/\/dev.antudigital.cl\/sites\/vc\/agenda-la-fecha-se-acerca-un-nuevo-sonidos-en-casa-en-balmaceda-arte-joven\/","og_locale":"es_ES","og_type":"article","og_title":"Agenda la fecha: se acerca un nuevo Sonidos en Casa en Balmaceda Arte Joven - Valpara\u00ed\u00adso Creativo","og_description":"Balmaceda Arte Joven Valpara\u00edso se prepara para presentar una nueva edici\u00f3n de \u00abSonidos de Casa\u00bb. Este evento, que se ha convertido en un referente anual, tiene como objetivo destacar y apoyar la rica escena musical de Valpara\u00edso, ofreciendo una plataforma de difusi\u00f3n para j\u00f3venes artistas locales. En el pr\u00f3ximo concierto \u00abSonidos de Casa\u00bb, subir\u00e1n al [&hellip;]","og_url":"https:\/\/dev.antudigital.cl\/sites\/vc\/agenda-la-fecha-se-acerca-un-nuevo-sonidos-en-casa-en-balmaceda-arte-joven\/","og_site_name":"Valpara\u00ed\u00adso Creativo","article_published_time":"2024-09-23T23:25:55+00:00","article_modified_time":"2024-09-23T23:26:14+00:00","og_image":[{"width":1450,"height":818,"url":"https:\/\/dev.antudigital.cl\/sites\/vc\/wp-content\/uploads\/2024\/09\/SDC-SEPTBANNER2.png","type":"image\/png"}],"author":"Valpara\u00edso Creativo","twitter_card":"summary_large_image","twitter_misc":{"Escrito por":"Valpara\u00edso Creativo","Tiempo de lectura":"2 minutos"},"schema":{"@context":"https:\/\/schema.org","@graph":[{"@type":"Article","@id":"https:\/\/dev.antudigital.cl\/sites\/vc\/agenda-la-fecha-se-acerca-un-nuevo-sonidos-en-casa-en-balmaceda-arte-joven\/#article","isPartOf":{"@id":"https:\/\/dev.antudigital.cl\/sites\/vc\/agenda-la-fecha-se-acerca-un-nuevo-sonidos-en-casa-en-balmaceda-arte-joven\/"},"author":{"name":"Valpara\u00edso Creativo","@id":"https:\/\/dev.antudigital.cl\/sites\/vc\/#\/schema\/person\/c2b9da8dd545e27166fc5ab232837318"},"headline":"Agenda la fecha: se acerca un nuevo Sonidos en Casa en Balmaceda Arte Joven","datePublished":"2024-09-23T23:25:55+00:00","dateModified":"2024-09-23T23:26:14+00:00","mainEntityOfPage":{"@id":"https:\/\/dev.antudigital.cl\/sites\/vc\/agenda-la-fecha-se-acerca-un-nuevo-sonidos-en-casa-en-balmaceda-arte-joven\/"},"wordCount":413,"image":{"@id":"https:\/\/dev.antudigital.cl\/sites\/vc\/agenda-la-fecha-se-acerca-un-nuevo-sonidos-en-casa-en-balmaceda-arte-joven\/#primaryimage"},"thumbnailUrl":"https:\/\/dev.antudigital.cl\/sites\/vc\/wp-content\/uploads\/2024\/09\/SDC-SEPTBANNER2.png","articleSection":["Noticia"],"inLanguage":"es"},{"@type":"WebPage","@id":"https:\/\/dev.antudigital.cl\/sites\/vc\/agenda-la-fecha-se-acerca-un-nuevo-sonidos-en-casa-en-balmaceda-arte-joven\/","url":"https:\/\/dev.antudigital.cl\/sites\/vc\/agenda-la-fecha-se-acerca-un-nuevo-sonidos-en-casa-en-balmaceda-arte-joven\/","name":"Agenda la fecha: se acerca un nuevo Sonidos en Casa en Balmaceda Arte Joven - Valpara\u00ed\u00adso Creativo","isPartOf":{"@id":"https:\/\/dev.antudigital.cl\/sites\/vc\/#website"},"primaryImageOfPage":{"@id":"https:\/\/dev.antudigital.cl\/sites\/vc\/agenda-la-fecha-se-acerca-un-nuevo-sonidos-en-casa-en-balmaceda-arte-joven\/#primaryimage"},"image":{"@id":"https:\/\/dev.antudigital.cl\/sites\/vc\/agenda-la-fecha-se-acerca-un-nuevo-sonidos-en-casa-en-balmaceda-arte-joven\/#primaryimage"},"thumbnailUrl":"https:\/\/dev.antudigital.cl\/sites\/vc\/wp-content\/uploads\/2024\/09\/SDC-SEPTBANNER2.png","datePublished":"2024-09-23T23:25:55+00:00","dateModified":"2024-09-23T23:26:14+00:00","author":{"@id":"https:\/\/dev.antudigital.cl\/sites\/vc\/#\/schema\/person\/c2b9da8dd545e27166fc5ab232837318"},"breadcrumb":{"@id":"https:\/\/dev.antudigital.cl\/sites\/vc\/agenda-la-fecha-se-acerca-un-nuevo-sonidos-en-casa-en-balmaceda-arte-joven\/#breadcrumb"},"inLanguage":"es","potentialAction":[{"@type":"ReadAction","target":["https:\/\/dev.antudigital.cl\/sites\/vc\/agenda-la-fecha-se-acerca-un-nuevo-sonidos-en-casa-en-balmaceda-arte-joven\/"]}]},{"@type":"ImageObject","inLanguage":"es","@id":"https:\/\/dev.antudigital.cl\/sites\/vc\/agenda-la-fecha-se-acerca-un-nuevo-sonidos-en-casa-en-balmaceda-arte-joven\/#primaryimage","url":"https:\/\/dev.antudigital.cl\/sites\/vc\/wp-content\/uploads\/2024\/09\/SDC-SEPTBANNER2.png","contentUrl":"https:\/\/dev.antudigital.cl\/sites\/vc\/wp-content\/uploads\/2024\/09\/SDC-SEPTBANNER2.png","width":1450,"height":818},{"@type":"BreadcrumbList","@id":"https:\/\/dev.antudigital.cl\/sites\/vc\/agenda-la-fecha-se-acerca-un-nuevo-sonidos-en-casa-en-balmaceda-arte-joven\/#breadcrumb","itemListElement":[{"@type":"ListItem","position":1,"name":"Home","item":"https:\/\/dev.antudigital.cl\/sites\/vc\/"},{"@type":"ListItem","position":2,"name":"Agenda la fecha: se acerca un nuevo Sonidos en Casa en Balmaceda Arte Joven"}]},{"@type":"WebSite","@id":"https:\/\/dev.antudigital.cl\/sites\/vc\/#website","url":"https:\/\/dev.antudigital.cl\/sites\/vc\/","name":"Valpara\u00ed\u00adso Creativo","description":"","potentialAction":[{"@type":"SearchAction","target":{"@type":"EntryPoint","urlTemplate":"https:\/\/dev.antudigital.cl\/sites\/vc\/?s={search_term_string}"},"query-input":{"@type":"PropertyValueSpecification","valueRequired":true,"valueName":"search_term_string"}}],"inLanguage":"es"},{"@type":"Person","@id":"https:\/\/dev.antudigital.cl\/sites\/vc\/#\/schema\/person\/c2b9da8dd545e27166fc5ab232837318","name":"Valpara\u00edso Creativo","description":"Periodista de cultura en la Regi\u00f3n de Valpara\u00edso.","url":"https:\/\/dev.antudigital.cl\/sites\/vc\/author\/valpoadmin\/"}]}},"_links":{"self":[{"href":"https:\/\/dev.antudigital.cl\/sites\/vc\/wp-json\/wp\/v2\/posts\/20552","targetHints":{"allow":["GET"]}}],"collection":[{"href":"https:\/\/dev.antudigital.cl\/sites\/vc\/wp-json\/wp\/v2\/posts"}],"about":[{"href":"https:\/\/dev.antudigital.cl\/sites\/vc\/wp-json\/wp\/v2\/types\/post"}],"author":[{"embeddable":true,"href":"https:\/\/dev.antudigital.cl\/sites\/vc\/wp-json\/wp\/v2\/users\/1"}],"replies":[{"embeddable":true,"href":"https:\/\/dev.antudigital.cl\/sites\/vc\/wp-json\/wp\/v2\/comments?post=20552"}],"version-history":[{"count":1,"href":"https:\/\/dev.antudigital.cl\/sites\/vc\/wp-json\/wp\/v2\/posts\/20552\/revisions"}],"predecessor-version":[{"id":20554,"href":"https:\/\/dev.antudigital.cl\/sites\/vc\/wp-json\/wp\/v2\/posts\/20552\/revisions\/20554"}],"wp:featuredmedia":[{"embeddable":true,"href":"https:\/\/dev.antudigital.cl\/sites\/vc\/wp-json\/wp\/v2\/media\/20553"}],"wp:attachment":[{"href":"https:\/\/dev.antudigital.cl\/sites\/vc\/wp-json\/wp\/v2\/media?parent=20552"}],"wp:term":[{"taxonomy":"category","embeddable":true,"href":"https:\/\/dev.antudigital.cl\/sites\/vc\/wp-json\/wp\/v2\/categories?post=20552"},{"taxonomy":"post_tag","embeddable":true,"href":"https:\/\/dev.antudigital.cl\/sites\/vc\/wp-json\/wp\/v2\/tags?post=20552"}],"curies":[{"name":"wp","href":"https:\/\/api.w.org\/{rel}","templated":true}]}}