{"id":20565,"date":"2024-09-24T21:02:24","date_gmt":"2024-09-24T21:02:24","guid":{"rendered":"https:\/\/www.valparaisocreativo.cl\/?p=20565"},"modified":"2024-09-24T21:02:43","modified_gmt":"2024-09-24T21:02:43","slug":"cantame-una-del-puerto-periodista-presenta-libro-que-recopila-relatos-sobre-la-cueca-en-valparaiso","status":"publish","type":"post","link":"https:\/\/dev.antudigital.cl\/sites\/vc\/cantame-una-del-puerto-periodista-presenta-libro-que-recopila-relatos-sobre-la-cueca-en-valparaiso\/","title":{"rendered":"\u201cC\u00e1ntame una del puerto\u201d: periodista presenta libro que recopila relatos sobre la cueca en Valpara\u00edso"},"content":{"rendered":"\n<p>\u201cC\u00e1ntame una del puerto. Relatos de la cueca porte\u00f1a\u201d es una recopilaci\u00f3n de testimonios de cultores y cultoras de la cueca en Valpara\u00edso, realizada por la periodista Camila Olmos entre los a\u00f1os 2021 y 2024, gracias al financiamiento del Fondo para el Fomento de la M\u00fasica Nacional, que se materializa en la publicaci\u00f3n de un libro.<\/p>\n\n\n\n<p>A trav\u00e9s de entrevistas, la autora rescat\u00f3 recuerdos, historias y an\u00e9cdotas, movilizada por la necesidad de conocer los v\u00ednculos entre antiguos y nuevos cultores, la manera en que ha ocurrido la transmisi\u00f3n oral de esta tradici\u00f3n en la ciudad puerto y qu\u00e9 contrastes y semejanzas existen entre distintas generaciones.<\/p>\n\n\n\n<p>Entregaron sus relatos C\u00e9sar Olivares, Humberto \u201cPollito\u201d Gonz\u00e1lez, Fernando Leiva, Gloria Arancibia, Lorena Huenchu\u00f1ir, Claudio Lazcano, Freddy Escobar, Juan Daniel Villa, Kennya Comesa\u00f1a, Andrea Mart\u00ednez, Mijlenko Encina y Cristian \u201cCatano\u201d N\u00fa\u00f1ez. Todos cultores y cultoras de cueca chilena en Valpara\u00edso, tanto en los apogeos de la bohemia porte\u00f1a como en la actualidad.<\/p>\n\n\n\n<p>\u201c<em>A partir de una b\u00fasqueda personal, nace la necesidad de escarbar en la historia de la cueca porte\u00f1a y qu\u00e9 mejor fuente que sus propios cultores y cultoras, que todav\u00eda est\u00e1n compartiendo su m\u00fasica en diversos espacios. De esta manera, tambi\u00e9n quiero poner en valor su trabajo, su trayectoria y su aporte al folclore chileno y la m\u00fasica popular porte\u00f1a<\/em>\u201d, indica la periodista.<\/p>\n\n\n\n<figure class=\"wp-block-image size-large\"><img fetchpriority=\"high\" decoding=\"async\" width=\"724\" height=\"1024\" src=\"https:\/\/www.valparaisocreativo.cl\/wp-content\/uploads\/2024\/09\/CULTORES_AS-724x1024.jpg\" alt=\"\" class=\"wp-image-20569\" srcset=\"https:\/\/dev.antudigital.cl\/sites\/vc\/wp-content\/uploads\/2024\/09\/CULTORES_AS-724x1024.jpg 724w, https:\/\/dev.antudigital.cl\/sites\/vc\/wp-content\/uploads\/2024\/09\/CULTORES_AS-212x300.jpg 212w, https:\/\/dev.antudigital.cl\/sites\/vc\/wp-content\/uploads\/2024\/09\/CULTORES_AS-768x1086.jpg 768w, https:\/\/dev.antudigital.cl\/sites\/vc\/wp-content\/uploads\/2024\/09\/CULTORES_AS-1086x1536.jpg 1086w, https:\/\/dev.antudigital.cl\/sites\/vc\/wp-content\/uploads\/2024\/09\/CULTORES_AS-1448x2048.jpg 1448w, https:\/\/dev.antudigital.cl\/sites\/vc\/wp-content\/uploads\/2024\/09\/CULTORES_AS-1080x1528.jpg 1080w, https:\/\/dev.antudigital.cl\/sites\/vc\/wp-content\/uploads\/2024\/09\/CULTORES_AS-1280x1811.jpg 1280w, https:\/\/dev.antudigital.cl\/sites\/vc\/wp-content\/uploads\/2024\/09\/CULTORES_AS-980x1386.jpg 980w, https:\/\/dev.antudigital.cl\/sites\/vc\/wp-content\/uploads\/2024\/09\/CULTORES_AS-480x679.jpg 480w, https:\/\/dev.antudigital.cl\/sites\/vc\/wp-content\/uploads\/2024\/09\/CULTORES_AS-17x24.jpg 17w, https:\/\/dev.antudigital.cl\/sites\/vc\/wp-content\/uploads\/2024\/09\/CULTORES_AS-25x36.jpg 25w, https:\/\/dev.antudigital.cl\/sites\/vc\/wp-content\/uploads\/2024\/09\/CULTORES_AS-34x48.jpg 34w, https:\/\/dev.antudigital.cl\/sites\/vc\/wp-content\/uploads\/2024\/09\/CULTORES_AS.jpg 1587w\" sizes=\"(max-width: 724px) 100vw, 724px\" \/><\/figure>\n\n\n\n<p><strong>Presentaci\u00f3n del libro<\/strong><\/p>\n\n\n\n<p>La presentaci\u00f3n de este libro estar\u00e1 acompa\u00f1ada de una breve muestra musical, a cargo de los m\u00fasicos y cultores Luis Sata Ponce (acorde\u00f3n), Emmanuel Bermedo (guitarra) y Mart\u00edn Le\u00f3n (contrabajo); y la exposici\u00f3n de retratos fotogr\u00e1ficos, que fueron registrados en cada entrevista por Francisca Gonz\u00e1lez.<\/p>\n\n\n\n<p>\u201c<em>Esta publicaci\u00f3n tambi\u00e9n es un homenaje a los cultores y cultoras de la cueca porte\u00f1a, a aquellos que ya no est\u00e1n, pero tambi\u00e9n a quienes mantienen viva la llama de esta m\u00fasica, de esta tradici\u00f3n, que es la verdadera fiesta popular<\/em>\u201d, se\u00f1ala Camila Olmos.<\/p>\n\n\n\n<p>La cita es este jueves 26 de septiembre, a las 18:00 horas, en el Auditorio del Centro de Extensi\u00f3n del Ministerio de las Culturas, las Artes y el Patrimonio, ubicado en Sotomayor #233.<\/p>\n\n\n\n<p><strong>Sobre la autora<\/strong><\/p>\n\n\n\n<p>Camila Olmos Fuentes es periodista, licenciada en Comunicaci\u00f3n Social y diplomada en Gesti\u00f3n Cultural de la Pontificia Universidad Cat\u00f3lica de Valpara\u00edso. Desde el a\u00f1o 2013 ha desarrollado su trabajo comunicacional en el \u00e1rea de la cultura y la m\u00fasica, participando y difundiendo diversos proyectos de la regi\u00f3n de Valpara\u00edso.&nbsp;<\/p>\n\n\n\n<p>En 2014, en medio de una b\u00fasqueda personal, conoci\u00f3 la cueca porte\u00f1a gracias a la Rueda de Cantoras de Valpara\u00edso. A partir de ah\u00ed, comienza su inter\u00e9s por la ejecuci\u00f3n, el canto y la investigaci\u00f3n de la cueca chilena. Durante el a\u00f1o 2024 estuvo a cargo de la producci\u00f3n general y ejecutiva de \u201cLa vida es una noche\u201d, primer disco del cultor porte\u00f1o C\u00e9sar Olivares y, actualmente, integra la agrupaci\u00f3n Las Mestizas Cueca.<\/p>\n\n\n\n<figure class=\"wp-block-image size-large\"><img decoding=\"async\" width=\"819\" height=\"1024\" src=\"https:\/\/www.valparaisocreativo.cl\/wp-content\/uploads\/2024\/09\/AFICHE-819x1024.png\" alt=\"\" class=\"wp-image-20571\" srcset=\"https:\/\/dev.antudigital.cl\/sites\/vc\/wp-content\/uploads\/2024\/09\/AFICHE-819x1024.png 819w, https:\/\/dev.antudigital.cl\/sites\/vc\/wp-content\/uploads\/2024\/09\/AFICHE-240x300.png 240w, https:\/\/dev.antudigital.cl\/sites\/vc\/wp-content\/uploads\/2024\/09\/AFICHE-768x960.png 768w, https:\/\/dev.antudigital.cl\/sites\/vc\/wp-content\/uploads\/2024\/09\/AFICHE-980x1225.png 980w, https:\/\/dev.antudigital.cl\/sites\/vc\/wp-content\/uploads\/2024\/09\/AFICHE-480x600.png 480w, https:\/\/dev.antudigital.cl\/sites\/vc\/wp-content\/uploads\/2024\/09\/AFICHE-19x24.png 19w, https:\/\/dev.antudigital.cl\/sites\/vc\/wp-content\/uploads\/2024\/09\/AFICHE-29x36.png 29w, https:\/\/dev.antudigital.cl\/sites\/vc\/wp-content\/uploads\/2024\/09\/AFICHE-38x48.png 38w, https:\/\/dev.antudigital.cl\/sites\/vc\/wp-content\/uploads\/2024\/09\/AFICHE.png 1080w\" sizes=\"(max-width: 819px) 100vw, 819px\" \/><\/figure>\n","protected":false},"excerpt":{"rendered":"<p>\u201cC\u00e1ntame una del puerto. Relatos de la cueca porte\u00f1a\u201d es una recopilaci\u00f3n de testimonios de cultores y cultoras de la cueca en Valpara\u00edso, realizada por la periodista Camila Olmos entre los a\u00f1os 2021 y 2024, gracias al financiamiento del Fondo para el Fomento de la M\u00fasica Nacional, que se materializa en la publicaci\u00f3n de un [&hellip;]<\/p>\n","protected":false},"author":1,"featured_media":20568,"comment_status":"closed","ping_status":"closed","sticky":false,"template":"","format":"standard","meta":{"_acf_changed":false,"footnotes":""},"categories":[8],"tags":[],"class_list":["post-20565","post","type-post","status-publish","format-standard","has-post-thumbnail","hentry","category-noticia"],"acf":[],"yoast_head":"<!-- This site is optimized with the Yoast SEO plugin v27.1.1 - https:\/\/yoast.com\/product\/yoast-seo-wordpress\/ -->\n<title>\u201cC\u00e1ntame una del puerto\u201d: periodista presenta libro que recopila relatos sobre la cueca en Valpara\u00edso - Valpara\u00ed\u00adso Creativo<\/title>\n<meta name=\"robots\" content=\"index, follow, max-snippet:-1, max-image-preview:large, max-video-preview:-1\" \/>\n<link rel=\"canonical\" href=\"https:\/\/dev.antudigital.cl\/sites\/vc\/cantame-una-del-puerto-periodista-presenta-libro-que-recopila-relatos-sobre-la-cueca-en-valparaiso\/\" \/>\n<meta property=\"og:locale\" content=\"es_ES\" \/>\n<meta property=\"og:type\" content=\"article\" \/>\n<meta property=\"og:title\" content=\"\u201cC\u00e1ntame una del puerto\u201d: periodista presenta libro que recopila relatos sobre la cueca en Valpara\u00edso - Valpara\u00ed\u00adso Creativo\" \/>\n<meta property=\"og:description\" content=\"\u201cC\u00e1ntame una del puerto. Relatos de la cueca porte\u00f1a\u201d es una recopilaci\u00f3n de testimonios de cultores y cultoras de la cueca en Valpara\u00edso, realizada por la periodista Camila Olmos entre los a\u00f1os 2021 y 2024, gracias al financiamiento del Fondo para el Fomento de la M\u00fasica Nacional, que se materializa en la publicaci\u00f3n de un [&hellip;]\" \/>\n<meta property=\"og:url\" content=\"https:\/\/dev.antudigital.cl\/sites\/vc\/cantame-una-del-puerto-periodista-presenta-libro-que-recopila-relatos-sobre-la-cueca-en-valparaiso\/\" \/>\n<meta property=\"og:site_name\" content=\"Valpara\u00ed\u00adso Creativo\" \/>\n<meta property=\"article:published_time\" content=\"2024-09-24T21:02:24+00:00\" \/>\n<meta property=\"article:modified_time\" content=\"2024-09-24T21:02:43+00:00\" \/>\n<meta property=\"og:image\" content=\"https:\/\/dev.antudigital.cl\/sites\/vc\/wp-content\/uploads\/2024\/09\/Camila-Olmos-3-scaled.jpg\" \/>\n\t<meta property=\"og:image:width\" content=\"2560\" \/>\n\t<meta property=\"og:image:height\" content=\"1702\" \/>\n\t<meta property=\"og:image:type\" content=\"image\/jpeg\" \/>\n<meta name=\"author\" content=\"Valpara\u00edso Creativo\" \/>\n<meta name=\"twitter:card\" content=\"summary_large_image\" \/>\n<meta name=\"twitter:label1\" content=\"Escrito por\" \/>\n\t<meta name=\"twitter:data1\" content=\"Valpara\u00edso Creativo\" \/>\n\t<meta name=\"twitter:label2\" content=\"Tiempo de lectura\" \/>\n\t<meta name=\"twitter:data2\" content=\"3 minutos\" \/>\n<script type=\"application\/ld+json\" class=\"yoast-schema-graph\">{\"@context\":\"https:\/\/schema.org\",\"@graph\":[{\"@type\":\"Article\",\"@id\":\"https:\/\/dev.antudigital.cl\/sites\/vc\/cantame-una-del-puerto-periodista-presenta-libro-que-recopila-relatos-sobre-la-cueca-en-valparaiso\/#article\",\"isPartOf\":{\"@id\":\"https:\/\/dev.antudigital.cl\/sites\/vc\/cantame-una-del-puerto-periodista-presenta-libro-que-recopila-relatos-sobre-la-cueca-en-valparaiso\/\"},\"author\":{\"name\":\"Valpara\u00edso Creativo\",\"@id\":\"https:\/\/dev.antudigital.cl\/sites\/vc\/#\/schema\/person\/c2b9da8dd545e27166fc5ab232837318\"},\"headline\":\"\u201cC\u00e1ntame una del puerto\u201d: periodista presenta libro que recopila relatos sobre la cueca en Valpara\u00edso\",\"datePublished\":\"2024-09-24T21:02:24+00:00\",\"dateModified\":\"2024-09-24T21:02:43+00:00\",\"mainEntityOfPage\":{\"@id\":\"https:\/\/dev.antudigital.cl\/sites\/vc\/cantame-una-del-puerto-periodista-presenta-libro-que-recopila-relatos-sobre-la-cueca-en-valparaiso\/\"},\"wordCount\":546,\"image\":{\"@id\":\"https:\/\/dev.antudigital.cl\/sites\/vc\/cantame-una-del-puerto-periodista-presenta-libro-que-recopila-relatos-sobre-la-cueca-en-valparaiso\/#primaryimage\"},\"thumbnailUrl\":\"https:\/\/dev.antudigital.cl\/sites\/vc\/wp-content\/uploads\/2024\/09\/Camila-Olmos-3-scaled.jpg\",\"articleSection\":[\"Noticia\"],\"inLanguage\":\"es\"},{\"@type\":\"WebPage\",\"@id\":\"https:\/\/dev.antudigital.cl\/sites\/vc\/cantame-una-del-puerto-periodista-presenta-libro-que-recopila-relatos-sobre-la-cueca-en-valparaiso\/\",\"url\":\"https:\/\/dev.antudigital.cl\/sites\/vc\/cantame-una-del-puerto-periodista-presenta-libro-que-recopila-relatos-sobre-la-cueca-en-valparaiso\/\",\"name\":\"\u201cC\u00e1ntame una del puerto\u201d: periodista presenta libro que recopila relatos sobre la cueca en Valpara\u00edso - Valpara\u00ed\u00adso Creativo\",\"isPartOf\":{\"@id\":\"https:\/\/dev.antudigital.cl\/sites\/vc\/#website\"},\"primaryImageOfPage\":{\"@id\":\"https:\/\/dev.antudigital.cl\/sites\/vc\/cantame-una-del-puerto-periodista-presenta-libro-que-recopila-relatos-sobre-la-cueca-en-valparaiso\/#primaryimage\"},\"image\":{\"@id\":\"https:\/\/dev.antudigital.cl\/sites\/vc\/cantame-una-del-puerto-periodista-presenta-libro-que-recopila-relatos-sobre-la-cueca-en-valparaiso\/#primaryimage\"},\"thumbnailUrl\":\"https:\/\/dev.antudigital.cl\/sites\/vc\/wp-content\/uploads\/2024\/09\/Camila-Olmos-3-scaled.jpg\",\"datePublished\":\"2024-09-24T21:02:24+00:00\",\"dateModified\":\"2024-09-24T21:02:43+00:00\",\"author\":{\"@id\":\"https:\/\/dev.antudigital.cl\/sites\/vc\/#\/schema\/person\/c2b9da8dd545e27166fc5ab232837318\"},\"breadcrumb\":{\"@id\":\"https:\/\/dev.antudigital.cl\/sites\/vc\/cantame-una-del-puerto-periodista-presenta-libro-que-recopila-relatos-sobre-la-cueca-en-valparaiso\/#breadcrumb\"},\"inLanguage\":\"es\",\"potentialAction\":[{\"@type\":\"ReadAction\",\"target\":[\"https:\/\/dev.antudigital.cl\/sites\/vc\/cantame-una-del-puerto-periodista-presenta-libro-que-recopila-relatos-sobre-la-cueca-en-valparaiso\/\"]}]},{\"@type\":\"ImageObject\",\"inLanguage\":\"es\",\"@id\":\"https:\/\/dev.antudigital.cl\/sites\/vc\/cantame-una-del-puerto-periodista-presenta-libro-que-recopila-relatos-sobre-la-cueca-en-valparaiso\/#primaryimage\",\"url\":\"https:\/\/dev.antudigital.cl\/sites\/vc\/wp-content\/uploads\/2024\/09\/Camila-Olmos-3-scaled.jpg\",\"contentUrl\":\"https:\/\/dev.antudigital.cl\/sites\/vc\/wp-content\/uploads\/2024\/09\/Camila-Olmos-3-scaled.jpg\",\"width\":2560,\"height\":1702},{\"@type\":\"BreadcrumbList\",\"@id\":\"https:\/\/dev.antudigital.cl\/sites\/vc\/cantame-una-del-puerto-periodista-presenta-libro-que-recopila-relatos-sobre-la-cueca-en-valparaiso\/#breadcrumb\",\"itemListElement\":[{\"@type\":\"ListItem\",\"position\":1,\"name\":\"Home\",\"item\":\"https:\/\/dev.antudigital.cl\/sites\/vc\/\"},{\"@type\":\"ListItem\",\"position\":2,\"name\":\"\u201cC\u00e1ntame una del puerto\u201d: periodista presenta libro que recopila relatos sobre la cueca en Valpara\u00edso\"}]},{\"@type\":\"WebSite\",\"@id\":\"https:\/\/dev.antudigital.cl\/sites\/vc\/#website\",\"url\":\"https:\/\/dev.antudigital.cl\/sites\/vc\/\",\"name\":\"Valpara\u00ed\u00adso Creativo\",\"description\":\"\",\"potentialAction\":[{\"@type\":\"SearchAction\",\"target\":{\"@type\":\"EntryPoint\",\"urlTemplate\":\"https:\/\/dev.antudigital.cl\/sites\/vc\/?s={search_term_string}\"},\"query-input\":{\"@type\":\"PropertyValueSpecification\",\"valueRequired\":true,\"valueName\":\"search_term_string\"}}],\"inLanguage\":\"es\"},{\"@type\":\"Person\",\"@id\":\"https:\/\/dev.antudigital.cl\/sites\/vc\/#\/schema\/person\/c2b9da8dd545e27166fc5ab232837318\",\"name\":\"Valpara\u00edso Creativo\",\"description\":\"Periodista de cultura en la Regi\u00f3n de Valpara\u00edso.\",\"url\":\"https:\/\/dev.antudigital.cl\/sites\/vc\/author\/valpoadmin\/\"}]}<\/script>\n<!-- \/ Yoast SEO plugin. -->","yoast_head_json":{"title":"\u201cC\u00e1ntame una del puerto\u201d: periodista presenta libro que recopila relatos sobre la cueca en Valpara\u00edso - Valpara\u00ed\u00adso Creativo","robots":{"index":"index","follow":"follow","max-snippet":"max-snippet:-1","max-image-preview":"max-image-preview:large","max-video-preview":"max-video-preview:-1"},"canonical":"https:\/\/dev.antudigital.cl\/sites\/vc\/cantame-una-del-puerto-periodista-presenta-libro-que-recopila-relatos-sobre-la-cueca-en-valparaiso\/","og_locale":"es_ES","og_type":"article","og_title":"\u201cC\u00e1ntame una del puerto\u201d: periodista presenta libro que recopila relatos sobre la cueca en Valpara\u00edso - Valpara\u00ed\u00adso Creativo","og_description":"\u201cC\u00e1ntame una del puerto. Relatos de la cueca porte\u00f1a\u201d es una recopilaci\u00f3n de testimonios de cultores y cultoras de la cueca en Valpara\u00edso, realizada por la periodista Camila Olmos entre los a\u00f1os 2021 y 2024, gracias al financiamiento del Fondo para el Fomento de la M\u00fasica Nacional, que se materializa en la publicaci\u00f3n de un [&hellip;]","og_url":"https:\/\/dev.antudigital.cl\/sites\/vc\/cantame-una-del-puerto-periodista-presenta-libro-que-recopila-relatos-sobre-la-cueca-en-valparaiso\/","og_site_name":"Valpara\u00ed\u00adso Creativo","article_published_time":"2024-09-24T21:02:24+00:00","article_modified_time":"2024-09-24T21:02:43+00:00","og_image":[{"width":2560,"height":1702,"url":"https:\/\/dev.antudigital.cl\/sites\/vc\/wp-content\/uploads\/2024\/09\/Camila-Olmos-3-scaled.jpg","type":"image\/jpeg"}],"author":"Valpara\u00edso Creativo","twitter_card":"summary_large_image","twitter_misc":{"Escrito por":"Valpara\u00edso Creativo","Tiempo de lectura":"3 minutos"},"schema":{"@context":"https:\/\/schema.org","@graph":[{"@type":"Article","@id":"https:\/\/dev.antudigital.cl\/sites\/vc\/cantame-una-del-puerto-periodista-presenta-libro-que-recopila-relatos-sobre-la-cueca-en-valparaiso\/#article","isPartOf":{"@id":"https:\/\/dev.antudigital.cl\/sites\/vc\/cantame-una-del-puerto-periodista-presenta-libro-que-recopila-relatos-sobre-la-cueca-en-valparaiso\/"},"author":{"name":"Valpara\u00edso Creativo","@id":"https:\/\/dev.antudigital.cl\/sites\/vc\/#\/schema\/person\/c2b9da8dd545e27166fc5ab232837318"},"headline":"\u201cC\u00e1ntame una del puerto\u201d: periodista presenta libro que recopila relatos sobre la cueca en Valpara\u00edso","datePublished":"2024-09-24T21:02:24+00:00","dateModified":"2024-09-24T21:02:43+00:00","mainEntityOfPage":{"@id":"https:\/\/dev.antudigital.cl\/sites\/vc\/cantame-una-del-puerto-periodista-presenta-libro-que-recopila-relatos-sobre-la-cueca-en-valparaiso\/"},"wordCount":546,"image":{"@id":"https:\/\/dev.antudigital.cl\/sites\/vc\/cantame-una-del-puerto-periodista-presenta-libro-que-recopila-relatos-sobre-la-cueca-en-valparaiso\/#primaryimage"},"thumbnailUrl":"https:\/\/dev.antudigital.cl\/sites\/vc\/wp-content\/uploads\/2024\/09\/Camila-Olmos-3-scaled.jpg","articleSection":["Noticia"],"inLanguage":"es"},{"@type":"WebPage","@id":"https:\/\/dev.antudigital.cl\/sites\/vc\/cantame-una-del-puerto-periodista-presenta-libro-que-recopila-relatos-sobre-la-cueca-en-valparaiso\/","url":"https:\/\/dev.antudigital.cl\/sites\/vc\/cantame-una-del-puerto-periodista-presenta-libro-que-recopila-relatos-sobre-la-cueca-en-valparaiso\/","name":"\u201cC\u00e1ntame una del puerto\u201d: periodista presenta libro que recopila relatos sobre la cueca en Valpara\u00edso - Valpara\u00ed\u00adso Creativo","isPartOf":{"@id":"https:\/\/dev.antudigital.cl\/sites\/vc\/#website"},"primaryImageOfPage":{"@id":"https:\/\/dev.antudigital.cl\/sites\/vc\/cantame-una-del-puerto-periodista-presenta-libro-que-recopila-relatos-sobre-la-cueca-en-valparaiso\/#primaryimage"},"image":{"@id":"https:\/\/dev.antudigital.cl\/sites\/vc\/cantame-una-del-puerto-periodista-presenta-libro-que-recopila-relatos-sobre-la-cueca-en-valparaiso\/#primaryimage"},"thumbnailUrl":"https:\/\/dev.antudigital.cl\/sites\/vc\/wp-content\/uploads\/2024\/09\/Camila-Olmos-3-scaled.jpg","datePublished":"2024-09-24T21:02:24+00:00","dateModified":"2024-09-24T21:02:43+00:00","author":{"@id":"https:\/\/dev.antudigital.cl\/sites\/vc\/#\/schema\/person\/c2b9da8dd545e27166fc5ab232837318"},"breadcrumb":{"@id":"https:\/\/dev.antudigital.cl\/sites\/vc\/cantame-una-del-puerto-periodista-presenta-libro-que-recopila-relatos-sobre-la-cueca-en-valparaiso\/#breadcrumb"},"inLanguage":"es","potentialAction":[{"@type":"ReadAction","target":["https:\/\/dev.antudigital.cl\/sites\/vc\/cantame-una-del-puerto-periodista-presenta-libro-que-recopila-relatos-sobre-la-cueca-en-valparaiso\/"]}]},{"@type":"ImageObject","inLanguage":"es","@id":"https:\/\/dev.antudigital.cl\/sites\/vc\/cantame-una-del-puerto-periodista-presenta-libro-que-recopila-relatos-sobre-la-cueca-en-valparaiso\/#primaryimage","url":"https:\/\/dev.antudigital.cl\/sites\/vc\/wp-content\/uploads\/2024\/09\/Camila-Olmos-3-scaled.jpg","contentUrl":"https:\/\/dev.antudigital.cl\/sites\/vc\/wp-content\/uploads\/2024\/09\/Camila-Olmos-3-scaled.jpg","width":2560,"height":1702},{"@type":"BreadcrumbList","@id":"https:\/\/dev.antudigital.cl\/sites\/vc\/cantame-una-del-puerto-periodista-presenta-libro-que-recopila-relatos-sobre-la-cueca-en-valparaiso\/#breadcrumb","itemListElement":[{"@type":"ListItem","position":1,"name":"Home","item":"https:\/\/dev.antudigital.cl\/sites\/vc\/"},{"@type":"ListItem","position":2,"name":"\u201cC\u00e1ntame una del puerto\u201d: periodista presenta libro que recopila relatos sobre la cueca en Valpara\u00edso"}]},{"@type":"WebSite","@id":"https:\/\/dev.antudigital.cl\/sites\/vc\/#website","url":"https:\/\/dev.antudigital.cl\/sites\/vc\/","name":"Valpara\u00ed\u00adso Creativo","description":"","potentialAction":[{"@type":"SearchAction","target":{"@type":"EntryPoint","urlTemplate":"https:\/\/dev.antudigital.cl\/sites\/vc\/?s={search_term_string}"},"query-input":{"@type":"PropertyValueSpecification","valueRequired":true,"valueName":"search_term_string"}}],"inLanguage":"es"},{"@type":"Person","@id":"https:\/\/dev.antudigital.cl\/sites\/vc\/#\/schema\/person\/c2b9da8dd545e27166fc5ab232837318","name":"Valpara\u00edso Creativo","description":"Periodista de cultura en la Regi\u00f3n de Valpara\u00edso.","url":"https:\/\/dev.antudigital.cl\/sites\/vc\/author\/valpoadmin\/"}]}},"_links":{"self":[{"href":"https:\/\/dev.antudigital.cl\/sites\/vc\/wp-json\/wp\/v2\/posts\/20565","targetHints":{"allow":["GET"]}}],"collection":[{"href":"https:\/\/dev.antudigital.cl\/sites\/vc\/wp-json\/wp\/v2\/posts"}],"about":[{"href":"https:\/\/dev.antudigital.cl\/sites\/vc\/wp-json\/wp\/v2\/types\/post"}],"author":[{"embeddable":true,"href":"https:\/\/dev.antudigital.cl\/sites\/vc\/wp-json\/wp\/v2\/users\/1"}],"replies":[{"embeddable":true,"href":"https:\/\/dev.antudigital.cl\/sites\/vc\/wp-json\/wp\/v2\/comments?post=20565"}],"version-history":[{"count":1,"href":"https:\/\/dev.antudigital.cl\/sites\/vc\/wp-json\/wp\/v2\/posts\/20565\/revisions"}],"predecessor-version":[{"id":20572,"href":"https:\/\/dev.antudigital.cl\/sites\/vc\/wp-json\/wp\/v2\/posts\/20565\/revisions\/20572"}],"wp:featuredmedia":[{"embeddable":true,"href":"https:\/\/dev.antudigital.cl\/sites\/vc\/wp-json\/wp\/v2\/media\/20568"}],"wp:attachment":[{"href":"https:\/\/dev.antudigital.cl\/sites\/vc\/wp-json\/wp\/v2\/media?parent=20565"}],"wp:term":[{"taxonomy":"category","embeddable":true,"href":"https:\/\/dev.antudigital.cl\/sites\/vc\/wp-json\/wp\/v2\/categories?post=20565"},{"taxonomy":"post_tag","embeddable":true,"href":"https:\/\/dev.antudigital.cl\/sites\/vc\/wp-json\/wp\/v2\/tags?post=20565"}],"curies":[{"name":"wp","href":"https:\/\/api.w.org\/{rel}","templated":true}]}}