{"id":20577,"date":"2024-09-09T16:31:00","date_gmt":"2024-09-09T16:31:00","guid":{"rendered":"https:\/\/www.valparaisocreativo.cl\/?p=20577"},"modified":"2024-09-27T16:34:59","modified_gmt":"2024-09-27T16:34:59","slug":"representantes-del-sector-creativo-a-nivel-regional-participaron-en-encuentro-en-parque-cultural-de-valparaiso","status":"publish","type":"post","link":"https:\/\/dev.antudigital.cl\/sites\/vc\/representantes-del-sector-creativo-a-nivel-regional-participaron-en-encuentro-en-parque-cultural-de-valparaiso\/","title":{"rendered":"Representantes del sector creativo a nivel regional participaron en Encuentro en Parque Cultural de Valpara\u00edso"},"content":{"rendered":"\n<p>La semana pasada se llevaron a cabo una serie de actividades en el Parque Cultural de Valpara\u00edso como parte del proyecto <strong>Metadistritos<\/strong>, financiado por el FIC-R del Gobierno Regional de Valpara\u00edso. Este proyecto, titulado <em>\u00abMetodolog\u00eda para detectar potenciales distritos creativos para incrementar el desarrollo de las econom\u00edas creativas\u00bb<\/em>, est\u00e1 liderado por la Universidad Vi\u00f1a del Mar y se ha desarrollado en colaboraci\u00f3n con Valpara\u00edso Creativo, el Programa Estrat\u00e9gico Regional de Corfo.<\/p>\n\n\n\n<p>Despu\u00e9s de un extenso trabajo metodol\u00f3gico y territorial que incluy\u00f3 capacitaciones, el proyecto culmin\u00f3 en una serie de ponencias destacadas. Estas presentaciones fueron lideradas por las expositoras internacionales <strong>Claudia Costa<\/strong> (PobleNou Urban District, Espa\u00f1a) y <strong>Paula Trujillo<\/strong> (Conexiones Creativas, Colombia).<\/p>\n\n\n\n<p>Ambas ponentes fueron convocadas tras un largo trabajo colaborativo y transmisi\u00f3n de conocimientos tanto con el equipo de Metadistritos, como con diversos agentes del territorio nacional. En el caso de Paula, lleva a\u00f1os aportando con conocimientos y din\u00e1micas en eventos de Econom\u00eda Creativa en Chile y a trav\u00e9s de la Red Nacional de Territorios Creativos compartiendo la experiencia colombiana con Chile.&nbsp;<\/p>\n\n\n\n<p>Por su parte, Claudia Costa es directora y fundadora de la galer\u00eda de arte y estudio de producci\u00f3n La Plataforma, tambi\u00e9n formando parte de la articulaci\u00f3n para generar el distrito creativo Poblenou Urban District, en Barcelona. Durante a\u00f1os, Claudia se ha dedicado al arte y emprendimiento y a potenciar estos desde la colaboraci\u00f3n y el impacto en el territorio, liderando un polo de desarrollo importante.<\/p>\n\n\n\n<p>A trav\u00e9s de ambas experiencias, se capacit\u00f3 a los y las asistentes a las jornadas de Encuentro, donde se pudieron exponer tanto los beneficios como desaf\u00edos de conformar el modelo de Distritos Creativos, revisando las potencialidades del territorio y buscando puntos de encuentro entre las comunas.<\/p>\n\n\n\n<p>Paula Trujillo coment\u00f3 sobre la experiencia que: \u201cSe ha sembrado una semilla, pero el desaf\u00edo m\u00e1s importante es que ahora los territorios decidan dar un paso adelante, es decir, que los gobiernos de cada una de las comunas, los agentes comunitarios y los actores del ecosistema cultural, decidan seguir avanzando y ponerse metas\u201d.<\/p>\n\n\n\n<figure class=\"wp-block-image size-large\"><img fetchpriority=\"high\" decoding=\"async\" width=\"1024\" height=\"768\" src=\"https:\/\/www.valparaisocreativo.cl\/wp-content\/uploads\/2024\/09\/nota5-1-1024x768.jpg\" alt=\"\" class=\"wp-image-20582\" srcset=\"https:\/\/dev.antudigital.cl\/sites\/vc\/wp-content\/uploads\/2024\/09\/nota5-1-1024x768.jpg 1024w, https:\/\/dev.antudigital.cl\/sites\/vc\/wp-content\/uploads\/2024\/09\/nota5-1-300x225.jpg 300w, https:\/\/dev.antudigital.cl\/sites\/vc\/wp-content\/uploads\/2024\/09\/nota5-1-768x576.jpg 768w, https:\/\/dev.antudigital.cl\/sites\/vc\/wp-content\/uploads\/2024\/09\/nota5-1-1536x1152.jpg 1536w, https:\/\/dev.antudigital.cl\/sites\/vc\/wp-content\/uploads\/2024\/09\/nota5-1-2048x1536.jpg 2048w, https:\/\/dev.antudigital.cl\/sites\/vc\/wp-content\/uploads\/2024\/09\/nota5-1-510x382.jpg 510w, https:\/\/dev.antudigital.cl\/sites\/vc\/wp-content\/uploads\/2024\/09\/nota5-1-1080x810.jpg 1080w, https:\/\/dev.antudigital.cl\/sites\/vc\/wp-content\/uploads\/2024\/09\/nota5-1-1280x960.jpg 1280w, https:\/\/dev.antudigital.cl\/sites\/vc\/wp-content\/uploads\/2024\/09\/nota5-1-980x735.jpg 980w, https:\/\/dev.antudigital.cl\/sites\/vc\/wp-content\/uploads\/2024\/09\/nota5-1-480x360.jpg 480w, https:\/\/dev.antudigital.cl\/sites\/vc\/wp-content\/uploads\/2024\/09\/nota5-1-24x18.jpg 24w, https:\/\/dev.antudigital.cl\/sites\/vc\/wp-content\/uploads\/2024\/09\/nota5-1-36x27.jpg 36w, https:\/\/dev.antudigital.cl\/sites\/vc\/wp-content\/uploads\/2024\/09\/nota5-1-48x36.jpg 48w\" sizes=\"(max-width: 1024px) 100vw, 1024px\" \/><\/figure>\n\n\n\n<h3 class=\"wp-block-heading\"><strong>Participaci\u00f3n regional y ponencias<\/strong><\/h3>\n\n\n\n<p>Uno de los eventos clave incluy\u00f3 a representantes de diversas organizaciones creativas de la regi\u00f3n de Valpara\u00edso, cubriendo comunas como Olmu\u00e9, Quillota, Cartagena, El Quisco, Vi\u00f1a del Mar y Quilpu\u00e9.&nbsp;<\/p>\n\n\n\n<p>Valpara\u00edso Creativo, colaborador desde el inicio del proyecto, jug\u00f3 un rol esencial en la entrega de herramientas de financiamiento y la articulaci\u00f3n necesaria para el desarrollo de los Distritos Creativos en la regi\u00f3n. Sobre esto, el Gerente General del programa, Mauricio Cifuentes, coment\u00f3 que: \u201cCada territorio tiene elementos espec\u00edficos de econom\u00eda creativa y todos con una gran potencialidad de trabajo. Encontramos en el trabajo territorial, que cada territorio tiene niveles de motivaci\u00f3n distintos. pero todos est\u00e1n de acuerdo con que esta tem\u00e1tica de desarrollar distritos creativos es una luz de esperanza para un desarrollo m\u00e1s sostenible y que pone al centro la econom\u00eda creativa, cultural y del patrimonio como elemento de desarrollo.&nbsp;<\/p>\n\n\n\n<p>De esta manera tambi\u00e9n se establecen conexiones, insumos y acciones en Hoja de Ruta de los organismos involucrados para empezar a elaborar un trabajo m\u00e1s articulado entre agentes p\u00fablicos y privados.<\/p>\n\n\n\n<h3 class=\"wp-block-heading\"><strong>Encuentro de Econom\u00edas y Distritos Creativos<\/strong><\/h3>\n\n\n\n<p>El 5 de septiembre, el <strong>Encuentro de Econom\u00edas Creativas y Distritos Creativos<\/strong> reuni\u00f3 a actores clave del sector creativo, incluyendo organizaciones sociales, culturales, municipios y trabajadores independientes de toda la regi\u00f3n. Loreto Aravena destac\u00f3 el valor de las exposiciones de Claudia Costa y Paula Trujillo, se\u00f1alando: \u201cSus ejemplos nos brindan esperanza de que otros modelos se pueden intencionar para trabajar en cultura desde los territorios, sobre todo en la quinta regi\u00f3n, donde estoy segura comenzar\u00e1 a gestarse un gran espacio de Distritos Creativos\u201d.<\/p>\n\n\n\n<h3 class=\"wp-block-heading\"><strong>Proyecciones Futuras<\/strong><\/h3>\n\n\n\n<p>Aravena y otros participantes resaltaron el potencial de la regi\u00f3n para convertirse en un polo de desarrollo art\u00edstico-cultural y de emprendimiento. Se espera que esta red de colaboraci\u00f3n estrat\u00e9gica contin\u00fae expandi\u00e9ndose, fortaleciendo la implementaci\u00f3n de los Distritos Creativos en la regi\u00f3n.<\/p>\n\n\n\n<p>El jueves, la directora de la Red Nacional de Territorios Creativos, <strong>Teresa D\u00edaz<\/strong>, tambi\u00e9n particip\u00f3 en las actividades, reafirmando la importancia de iniciativas como esta, en la que tanto el Instituto Profesional ARCOS como Valpara\u00edso Creativo est\u00e1n involucrados.<\/p>\n\n\n\n<p>Teresa, destac\u00f3 que: \u201cCreemos que este proyecto, es un encuentro de posibilidad y que formaliza y comunica a todos los territorios; que no estaban tan bien organizados y se abrieron a dialogar, hacerse preguntas, entender mejor qui\u00e9nes son, y cu\u00e1les son sus identidades. Creo que esta metodolog\u00eda es muy valiosa tambi\u00e9n para poder fortalecer la Red a nivel nacional\u201d.&nbsp;<\/p>\n\n\n\n<p>Para obtener m\u00e1s informaci\u00f3n sobre el proyecto, visita:<a href=\"http:\/\/www.metadistritos.cl\"> www.metadistritos.cl<\/a>.<\/p>\n","protected":false},"excerpt":{"rendered":"<p>La semana pasada se llevaron a cabo una serie de actividades en el Parque Cultural de Valpara\u00edso como parte del proyecto Metadistritos, financiado por el FIC-R del Gobierno Regional de Valpara\u00edso. Este proyecto, titulado \u00abMetodolog\u00eda para detectar potenciales distritos creativos para incrementar el desarrollo de las econom\u00edas creativas\u00bb, est\u00e1 liderado por la Universidad Vi\u00f1a del [&hellip;]<\/p>\n","protected":false},"author":1,"featured_media":20583,"comment_status":"closed","ping_status":"closed","sticky":false,"template":"","format":"standard","meta":{"_acf_changed":false,"footnotes":""},"categories":[8],"tags":[],"class_list":["post-20577","post","type-post","status-publish","format-standard","has-post-thumbnail","hentry","category-noticia"],"acf":[],"yoast_head":"<!-- This site is optimized with the Yoast SEO plugin v27.1.1 - https:\/\/yoast.com\/product\/yoast-seo-wordpress\/ -->\n<title>Representantes del sector creativo a nivel regional participaron en Encuentro en Parque Cultural de Valpara\u00edso - Valpara\u00ed\u00adso Creativo<\/title>\n<meta name=\"robots\" content=\"index, follow, max-snippet:-1, max-image-preview:large, max-video-preview:-1\" \/>\n<link rel=\"canonical\" href=\"https:\/\/dev.antudigital.cl\/sites\/vc\/representantes-del-sector-creativo-a-nivel-regional-participaron-en-encuentro-en-parque-cultural-de-valparaiso\/\" \/>\n<meta property=\"og:locale\" content=\"es_ES\" \/>\n<meta property=\"og:type\" content=\"article\" \/>\n<meta property=\"og:title\" content=\"Representantes del sector creativo a nivel regional participaron en Encuentro en Parque Cultural de Valpara\u00edso - Valpara\u00ed\u00adso Creativo\" \/>\n<meta property=\"og:description\" content=\"La semana pasada se llevaron a cabo una serie de actividades en el Parque Cultural de Valpara\u00edso como parte del proyecto Metadistritos, financiado por el FIC-R del Gobierno Regional de Valpara\u00edso. Este proyecto, titulado \u00abMetodolog\u00eda para detectar potenciales distritos creativos para incrementar el desarrollo de las econom\u00edas creativas\u00bb, est\u00e1 liderado por la Universidad Vi\u00f1a del [&hellip;]\" \/>\n<meta property=\"og:url\" content=\"https:\/\/dev.antudigital.cl\/sites\/vc\/representantes-del-sector-creativo-a-nivel-regional-participaron-en-encuentro-en-parque-cultural-de-valparaiso\/\" \/>\n<meta property=\"og:site_name\" content=\"Valpara\u00ed\u00adso Creativo\" \/>\n<meta property=\"article:published_time\" content=\"2024-09-09T16:31:00+00:00\" \/>\n<meta property=\"article:modified_time\" content=\"2024-09-27T16:34:59+00:00\" \/>\n<meta property=\"og:image\" content=\"https:\/\/dev.antudigital.cl\/sites\/vc\/wp-content\/uploads\/2024\/09\/Encuentro-Metadistritos-1-scaled.jpg\" \/>\n\t<meta property=\"og:image:width\" content=\"2560\" \/>\n\t<meta property=\"og:image:height\" content=\"1920\" \/>\n\t<meta property=\"og:image:type\" content=\"image\/jpeg\" \/>\n<meta name=\"author\" content=\"Valpara\u00edso Creativo\" \/>\n<meta name=\"twitter:card\" content=\"summary_large_image\" \/>\n<meta name=\"twitter:label1\" content=\"Escrito por\" \/>\n\t<meta name=\"twitter:data1\" content=\"Valpara\u00edso Creativo\" \/>\n\t<meta name=\"twitter:label2\" content=\"Tiempo de lectura\" \/>\n\t<meta name=\"twitter:data2\" content=\"4 minutos\" \/>\n<script type=\"application\/ld+json\" class=\"yoast-schema-graph\">{\"@context\":\"https:\/\/schema.org\",\"@graph\":[{\"@type\":\"Article\",\"@id\":\"https:\/\/dev.antudigital.cl\/sites\/vc\/representantes-del-sector-creativo-a-nivel-regional-participaron-en-encuentro-en-parque-cultural-de-valparaiso\/#article\",\"isPartOf\":{\"@id\":\"https:\/\/dev.antudigital.cl\/sites\/vc\/representantes-del-sector-creativo-a-nivel-regional-participaron-en-encuentro-en-parque-cultural-de-valparaiso\/\"},\"author\":{\"name\":\"Valpara\u00edso Creativo\",\"@id\":\"https:\/\/dev.antudigital.cl\/sites\/vc\/#\/schema\/person\/c2b9da8dd545e27166fc5ab232837318\"},\"headline\":\"Representantes del sector creativo a nivel regional participaron en Encuentro en Parque Cultural de Valpara\u00edso\",\"datePublished\":\"2024-09-09T16:31:00+00:00\",\"dateModified\":\"2024-09-27T16:34:59+00:00\",\"mainEntityOfPage\":{\"@id\":\"https:\/\/dev.antudigital.cl\/sites\/vc\/representantes-del-sector-creativo-a-nivel-regional-participaron-en-encuentro-en-parque-cultural-de-valparaiso\/\"},\"wordCount\":838,\"image\":{\"@id\":\"https:\/\/dev.antudigital.cl\/sites\/vc\/representantes-del-sector-creativo-a-nivel-regional-participaron-en-encuentro-en-parque-cultural-de-valparaiso\/#primaryimage\"},\"thumbnailUrl\":\"https:\/\/dev.antudigital.cl\/sites\/vc\/wp-content\/uploads\/2024\/09\/Encuentro-Metadistritos-1-scaled.jpg\",\"articleSection\":[\"Noticia\"],\"inLanguage\":\"es\"},{\"@type\":\"WebPage\",\"@id\":\"https:\/\/dev.antudigital.cl\/sites\/vc\/representantes-del-sector-creativo-a-nivel-regional-participaron-en-encuentro-en-parque-cultural-de-valparaiso\/\",\"url\":\"https:\/\/dev.antudigital.cl\/sites\/vc\/representantes-del-sector-creativo-a-nivel-regional-participaron-en-encuentro-en-parque-cultural-de-valparaiso\/\",\"name\":\"Representantes del sector creativo a nivel regional participaron en Encuentro en Parque Cultural de Valpara\u00edso - Valpara\u00ed\u00adso Creativo\",\"isPartOf\":{\"@id\":\"https:\/\/dev.antudigital.cl\/sites\/vc\/#website\"},\"primaryImageOfPage\":{\"@id\":\"https:\/\/dev.antudigital.cl\/sites\/vc\/representantes-del-sector-creativo-a-nivel-regional-participaron-en-encuentro-en-parque-cultural-de-valparaiso\/#primaryimage\"},\"image\":{\"@id\":\"https:\/\/dev.antudigital.cl\/sites\/vc\/representantes-del-sector-creativo-a-nivel-regional-participaron-en-encuentro-en-parque-cultural-de-valparaiso\/#primaryimage\"},\"thumbnailUrl\":\"https:\/\/dev.antudigital.cl\/sites\/vc\/wp-content\/uploads\/2024\/09\/Encuentro-Metadistritos-1-scaled.jpg\",\"datePublished\":\"2024-09-09T16:31:00+00:00\",\"dateModified\":\"2024-09-27T16:34:59+00:00\",\"author\":{\"@id\":\"https:\/\/dev.antudigital.cl\/sites\/vc\/#\/schema\/person\/c2b9da8dd545e27166fc5ab232837318\"},\"breadcrumb\":{\"@id\":\"https:\/\/dev.antudigital.cl\/sites\/vc\/representantes-del-sector-creativo-a-nivel-regional-participaron-en-encuentro-en-parque-cultural-de-valparaiso\/#breadcrumb\"},\"inLanguage\":\"es\",\"potentialAction\":[{\"@type\":\"ReadAction\",\"target\":[\"https:\/\/dev.antudigital.cl\/sites\/vc\/representantes-del-sector-creativo-a-nivel-regional-participaron-en-encuentro-en-parque-cultural-de-valparaiso\/\"]}]},{\"@type\":\"ImageObject\",\"inLanguage\":\"es\",\"@id\":\"https:\/\/dev.antudigital.cl\/sites\/vc\/representantes-del-sector-creativo-a-nivel-regional-participaron-en-encuentro-en-parque-cultural-de-valparaiso\/#primaryimage\",\"url\":\"https:\/\/dev.antudigital.cl\/sites\/vc\/wp-content\/uploads\/2024\/09\/Encuentro-Metadistritos-1-scaled.jpg\",\"contentUrl\":\"https:\/\/dev.antudigital.cl\/sites\/vc\/wp-content\/uploads\/2024\/09\/Encuentro-Metadistritos-1-scaled.jpg\",\"width\":2560,\"height\":1920},{\"@type\":\"BreadcrumbList\",\"@id\":\"https:\/\/dev.antudigital.cl\/sites\/vc\/representantes-del-sector-creativo-a-nivel-regional-participaron-en-encuentro-en-parque-cultural-de-valparaiso\/#breadcrumb\",\"itemListElement\":[{\"@type\":\"ListItem\",\"position\":1,\"name\":\"Home\",\"item\":\"https:\/\/dev.antudigital.cl\/sites\/vc\/\"},{\"@type\":\"ListItem\",\"position\":2,\"name\":\"Representantes del sector creativo a nivel regional participaron en Encuentro en Parque Cultural de Valpara\u00edso\"}]},{\"@type\":\"WebSite\",\"@id\":\"https:\/\/dev.antudigital.cl\/sites\/vc\/#website\",\"url\":\"https:\/\/dev.antudigital.cl\/sites\/vc\/\",\"name\":\"Valpara\u00ed\u00adso Creativo\",\"description\":\"\",\"potentialAction\":[{\"@type\":\"SearchAction\",\"target\":{\"@type\":\"EntryPoint\",\"urlTemplate\":\"https:\/\/dev.antudigital.cl\/sites\/vc\/?s={search_term_string}\"},\"query-input\":{\"@type\":\"PropertyValueSpecification\",\"valueRequired\":true,\"valueName\":\"search_term_string\"}}],\"inLanguage\":\"es\"},{\"@type\":\"Person\",\"@id\":\"https:\/\/dev.antudigital.cl\/sites\/vc\/#\/schema\/person\/c2b9da8dd545e27166fc5ab232837318\",\"name\":\"Valpara\u00edso Creativo\",\"description\":\"Periodista de cultura en la Regi\u00f3n de Valpara\u00edso.\",\"url\":\"https:\/\/dev.antudigital.cl\/sites\/vc\/author\/valpoadmin\/\"}]}<\/script>\n<!-- \/ Yoast SEO plugin. -->","yoast_head_json":{"title":"Representantes del sector creativo a nivel regional participaron en Encuentro en Parque Cultural de Valpara\u00edso - Valpara\u00ed\u00adso Creativo","robots":{"index":"index","follow":"follow","max-snippet":"max-snippet:-1","max-image-preview":"max-image-preview:large","max-video-preview":"max-video-preview:-1"},"canonical":"https:\/\/dev.antudigital.cl\/sites\/vc\/representantes-del-sector-creativo-a-nivel-regional-participaron-en-encuentro-en-parque-cultural-de-valparaiso\/","og_locale":"es_ES","og_type":"article","og_title":"Representantes del sector creativo a nivel regional participaron en Encuentro en Parque Cultural de Valpara\u00edso - Valpara\u00ed\u00adso Creativo","og_description":"La semana pasada se llevaron a cabo una serie de actividades en el Parque Cultural de Valpara\u00edso como parte del proyecto Metadistritos, financiado por el FIC-R del Gobierno Regional de Valpara\u00edso. Este proyecto, titulado \u00abMetodolog\u00eda para detectar potenciales distritos creativos para incrementar el desarrollo de las econom\u00edas creativas\u00bb, est\u00e1 liderado por la Universidad Vi\u00f1a del [&hellip;]","og_url":"https:\/\/dev.antudigital.cl\/sites\/vc\/representantes-del-sector-creativo-a-nivel-regional-participaron-en-encuentro-en-parque-cultural-de-valparaiso\/","og_site_name":"Valpara\u00ed\u00adso Creativo","article_published_time":"2024-09-09T16:31:00+00:00","article_modified_time":"2024-09-27T16:34:59+00:00","og_image":[{"width":2560,"height":1920,"url":"https:\/\/dev.antudigital.cl\/sites\/vc\/wp-content\/uploads\/2024\/09\/Encuentro-Metadistritos-1-scaled.jpg","type":"image\/jpeg"}],"author":"Valpara\u00edso Creativo","twitter_card":"summary_large_image","twitter_misc":{"Escrito por":"Valpara\u00edso Creativo","Tiempo de lectura":"4 minutos"},"schema":{"@context":"https:\/\/schema.org","@graph":[{"@type":"Article","@id":"https:\/\/dev.antudigital.cl\/sites\/vc\/representantes-del-sector-creativo-a-nivel-regional-participaron-en-encuentro-en-parque-cultural-de-valparaiso\/#article","isPartOf":{"@id":"https:\/\/dev.antudigital.cl\/sites\/vc\/representantes-del-sector-creativo-a-nivel-regional-participaron-en-encuentro-en-parque-cultural-de-valparaiso\/"},"author":{"name":"Valpara\u00edso Creativo","@id":"https:\/\/dev.antudigital.cl\/sites\/vc\/#\/schema\/person\/c2b9da8dd545e27166fc5ab232837318"},"headline":"Representantes del sector creativo a nivel regional participaron en Encuentro en Parque Cultural de Valpara\u00edso","datePublished":"2024-09-09T16:31:00+00:00","dateModified":"2024-09-27T16:34:59+00:00","mainEntityOfPage":{"@id":"https:\/\/dev.antudigital.cl\/sites\/vc\/representantes-del-sector-creativo-a-nivel-regional-participaron-en-encuentro-en-parque-cultural-de-valparaiso\/"},"wordCount":838,"image":{"@id":"https:\/\/dev.antudigital.cl\/sites\/vc\/representantes-del-sector-creativo-a-nivel-regional-participaron-en-encuentro-en-parque-cultural-de-valparaiso\/#primaryimage"},"thumbnailUrl":"https:\/\/dev.antudigital.cl\/sites\/vc\/wp-content\/uploads\/2024\/09\/Encuentro-Metadistritos-1-scaled.jpg","articleSection":["Noticia"],"inLanguage":"es"},{"@type":"WebPage","@id":"https:\/\/dev.antudigital.cl\/sites\/vc\/representantes-del-sector-creativo-a-nivel-regional-participaron-en-encuentro-en-parque-cultural-de-valparaiso\/","url":"https:\/\/dev.antudigital.cl\/sites\/vc\/representantes-del-sector-creativo-a-nivel-regional-participaron-en-encuentro-en-parque-cultural-de-valparaiso\/","name":"Representantes del sector creativo a nivel regional participaron en Encuentro en Parque Cultural de Valpara\u00edso - Valpara\u00ed\u00adso Creativo","isPartOf":{"@id":"https:\/\/dev.antudigital.cl\/sites\/vc\/#website"},"primaryImageOfPage":{"@id":"https:\/\/dev.antudigital.cl\/sites\/vc\/representantes-del-sector-creativo-a-nivel-regional-participaron-en-encuentro-en-parque-cultural-de-valparaiso\/#primaryimage"},"image":{"@id":"https:\/\/dev.antudigital.cl\/sites\/vc\/representantes-del-sector-creativo-a-nivel-regional-participaron-en-encuentro-en-parque-cultural-de-valparaiso\/#primaryimage"},"thumbnailUrl":"https:\/\/dev.antudigital.cl\/sites\/vc\/wp-content\/uploads\/2024\/09\/Encuentro-Metadistritos-1-scaled.jpg","datePublished":"2024-09-09T16:31:00+00:00","dateModified":"2024-09-27T16:34:59+00:00","author":{"@id":"https:\/\/dev.antudigital.cl\/sites\/vc\/#\/schema\/person\/c2b9da8dd545e27166fc5ab232837318"},"breadcrumb":{"@id":"https:\/\/dev.antudigital.cl\/sites\/vc\/representantes-del-sector-creativo-a-nivel-regional-participaron-en-encuentro-en-parque-cultural-de-valparaiso\/#breadcrumb"},"inLanguage":"es","potentialAction":[{"@type":"ReadAction","target":["https:\/\/dev.antudigital.cl\/sites\/vc\/representantes-del-sector-creativo-a-nivel-regional-participaron-en-encuentro-en-parque-cultural-de-valparaiso\/"]}]},{"@type":"ImageObject","inLanguage":"es","@id":"https:\/\/dev.antudigital.cl\/sites\/vc\/representantes-del-sector-creativo-a-nivel-regional-participaron-en-encuentro-en-parque-cultural-de-valparaiso\/#primaryimage","url":"https:\/\/dev.antudigital.cl\/sites\/vc\/wp-content\/uploads\/2024\/09\/Encuentro-Metadistritos-1-scaled.jpg","contentUrl":"https:\/\/dev.antudigital.cl\/sites\/vc\/wp-content\/uploads\/2024\/09\/Encuentro-Metadistritos-1-scaled.jpg","width":2560,"height":1920},{"@type":"BreadcrumbList","@id":"https:\/\/dev.antudigital.cl\/sites\/vc\/representantes-del-sector-creativo-a-nivel-regional-participaron-en-encuentro-en-parque-cultural-de-valparaiso\/#breadcrumb","itemListElement":[{"@type":"ListItem","position":1,"name":"Home","item":"https:\/\/dev.antudigital.cl\/sites\/vc\/"},{"@type":"ListItem","position":2,"name":"Representantes del sector creativo a nivel regional participaron en Encuentro en Parque Cultural de Valpara\u00edso"}]},{"@type":"WebSite","@id":"https:\/\/dev.antudigital.cl\/sites\/vc\/#website","url":"https:\/\/dev.antudigital.cl\/sites\/vc\/","name":"Valpara\u00ed\u00adso Creativo","description":"","potentialAction":[{"@type":"SearchAction","target":{"@type":"EntryPoint","urlTemplate":"https:\/\/dev.antudigital.cl\/sites\/vc\/?s={search_term_string}"},"query-input":{"@type":"PropertyValueSpecification","valueRequired":true,"valueName":"search_term_string"}}],"inLanguage":"es"},{"@type":"Person","@id":"https:\/\/dev.antudigital.cl\/sites\/vc\/#\/schema\/person\/c2b9da8dd545e27166fc5ab232837318","name":"Valpara\u00edso Creativo","description":"Periodista de cultura en la Regi\u00f3n de Valpara\u00edso.","url":"https:\/\/dev.antudigital.cl\/sites\/vc\/author\/valpoadmin\/"}]}},"_links":{"self":[{"href":"https:\/\/dev.antudigital.cl\/sites\/vc\/wp-json\/wp\/v2\/posts\/20577","targetHints":{"allow":["GET"]}}],"collection":[{"href":"https:\/\/dev.antudigital.cl\/sites\/vc\/wp-json\/wp\/v2\/posts"}],"about":[{"href":"https:\/\/dev.antudigital.cl\/sites\/vc\/wp-json\/wp\/v2\/types\/post"}],"author":[{"embeddable":true,"href":"https:\/\/dev.antudigital.cl\/sites\/vc\/wp-json\/wp\/v2\/users\/1"}],"replies":[{"embeddable":true,"href":"https:\/\/dev.antudigital.cl\/sites\/vc\/wp-json\/wp\/v2\/comments?post=20577"}],"version-history":[{"count":1,"href":"https:\/\/dev.antudigital.cl\/sites\/vc\/wp-json\/wp\/v2\/posts\/20577\/revisions"}],"predecessor-version":[{"id":20584,"href":"https:\/\/dev.antudigital.cl\/sites\/vc\/wp-json\/wp\/v2\/posts\/20577\/revisions\/20584"}],"wp:featuredmedia":[{"embeddable":true,"href":"https:\/\/dev.antudigital.cl\/sites\/vc\/wp-json\/wp\/v2\/media\/20583"}],"wp:attachment":[{"href":"https:\/\/dev.antudigital.cl\/sites\/vc\/wp-json\/wp\/v2\/media?parent=20577"}],"wp:term":[{"taxonomy":"category","embeddable":true,"href":"https:\/\/dev.antudigital.cl\/sites\/vc\/wp-json\/wp\/v2\/categories?post=20577"},{"taxonomy":"post_tag","embeddable":true,"href":"https:\/\/dev.antudigital.cl\/sites\/vc\/wp-json\/wp\/v2\/tags?post=20577"}],"curies":[{"name":"wp","href":"https:\/\/api.w.org\/{rel}","templated":true}]}}